{"id":6173,"date":"2009-07-20T20:08:05","date_gmt":"2009-07-20T19:08:05","guid":{"rendered":"http:\/\/www.bellunopress.it\/?p=6173"},"modified":"2009-07-21T16:14:38","modified_gmt":"2009-07-21T15:14:38","slug":"37-imprenditori-bellunesi-alla-scoperta-dellinnovazione-da-portare-nel-nostro-territorio","status":"publish","type":"post","link":"https:\/\/www.bellunopress.it\/fr\/2009\/07\/20\/37-imprenditori-bellunesi-alla-scoperta-dellinnovazione-da-portare-nel-nostro-territorio\/","title":{"rendered":"37 imprenditori bellunesi alla scoperta dell&#8217; innovazione da portare nel nostro territorio"},"content":{"rendered":"<p><a href=\"http:\/\/www.bellunopress.it\/wp-content\/uploads\/2009\/07\/industriali-bellunesi-in-visita-alla-rubner.jpg\"><img loading=\"lazy\" decoding=\"async\" class=\"alignleft size-medium wp-image-6175\" title=\"industriali-bellunesi-in-visita-alla-rubner\" src=\"http:\/\/www.bellunopress.it\/wp-content\/uploads\/2009\/07\/industriali-bellunesi-in-visita-alla-rubner.jpg\" alt=\"\" width=\"240\" height=\"180\" \/><\/a> Doppia visita per gli industriali bellunesi associati a Confindustria Belluno Dolomiti che hanno partecipato nei giorni scorsi al Techno Tour alla W\u00fcrth Italia e alla Rubner Haus in provincia di Bolzano. Accompagnati da Marco Barnab\u00f2 per il Servizio Innovazione di Confindustria Belluno Dolomiti, gli imprenditori hanno avuto l&#8217;opportunit\u00e0 di conoscere i processi produttivi e l&#8217;organizzazione logistica di due grandi imprese di successo che hanno aperto le porte per mostrare i propri punti di forza, quali l&#8217;efficienza della produzione, della tecnologia, della logistica e dell&#8217;organizzazione. W\u00fcrth Italia Egna \u00e8 un\u2019azienda del gruppo W\u00fcrth che conta oltre 2.600 collaboratori. Leader mondiale nella distribuzione di sistemi di fissaggio &#8211; viteria, minuteria metallica e plastica, utensileria a mano, elettrica e pneumatica, prodotti chimici, abbigliamento ed attrezzatura antinfortunistica, sistemi di immagazzinamento ed allestimenti per officine. Rubner Haus di Kiens \u00e9 l&#8217;azienda produttrice di case in legno parte di un gruppo imprenditoriale operante a livello internazionale. Oltre 1300 addetti in Europa lavorano con grande senso di responsabilit\u00e0 nei confronti della sostenibilit\u00e0, della risorsa \u201dlegno\u201d e dell\u2019innovazione dei prodotti per garantire un elevato standard qualitativo. &#8220;L&#8217;opportunit\u00e0 di confronto con realt\u00e0 industriali di eccellenza offerta dal Servizio Innovazione di Confindustria Belluno Dolomiti ai propri associati \u00e8 ormai consolidata&#8221;, afferma Gian Beppino Da Rin, Responsabile del Servizio dell&#8217;Associazione. &#8220;Negli anni i Techno Tour sono diventati per molti imprenditori un appuntamento fisso cui partecipare con curiosit\u00e0 ed entusiasmo. Siamo convinti che il nostro obiettivo di far incontrare le aziende bellunesi con le eccellenze italiane sia ambizioso ma proficuo. Perch\u00e9 il sistema industriale trasformi le nuove conoscenze in successi che incidono nella vita quotidiana nella vita di ciascuno di noi scienza e tecnologia devono poter incontrarsi sempre e il prima possibile con l&#8217;impresa. Per questo siamo soddisfatti dell&#8217;ennesimo successo del nostro progetto di formazione itinerante&#8221;.\u00a0 \u201cIl Techno Tour organizzato dal Servizio Innovazione di Confindustria Belluno Dolomiti alla W\u00fcrth Italia e alla Rubner Haus \u00e8 stato un\u2019esperienza molto positiva.&#8221; Commenta Anita Canzan, ingegnere presso lo Studio Galli di Belluno. &#8220;Lo Studio per il quale lavoro opera nel settore tecnico delle costruzioni, \u00e8 stato quindi molto interessante avere l\u2019opportunit\u00e0 di visitare un\u2019azienda che costruisce case in legno con standard CasaClima. Abbiamo potuto vedere da vicino la nascita di case costruite con alta tecnologia, ma anche gli aspetti tecnici, della logistica, dell\u2019organizzazione e del rapporto flessibile con il cliente. Sia in W\u00fcrth Italia che in Rubner Haus l\u2019aspetto organizzativo \u00e8 molto curato e credo che questo sia fondamentale in grandi aziende ma possa essere un buon esempio anche per imprese pi\u00f9 piccole\u201d. Sandra Bortoluzzi della Officine Bortoluzzi Remo Srl: &#8220;Le visite guidate alle aziende W\u00fcrth e Rubner sono risultate entrambe molto interessanti.\u00a0La W\u00fcrth\u00a0 \u00e8 un&#8217;azienda\u00a0vicina al nostro settore di appartenenza, ossia quello meccanico, e per questo ci ha dato alcuni buoni spunti\u00a0 per quanto riguarda i sistemi di immagazzinamento\u00a0e alcune nuove nozioni riguardo\u00a0ai prodotti per gli allestimenti per le officine. La Rubner \u00e8 un&#8217;azienda di un settore diverso dal nostro, comunque \u00e8 stato piacevole poter vedere da vicino il processo di produzione e i singoli reparti di lavorazione. &#8220;Un&#8217;altra interessante opportunit\u00e0 offertaci da Confindustria Belluno Dolomiti: visitare un&#8217;azienda internazionale come la W\u00fcrth&#8221;. Cos\u00ec Gervasio De Col della Fretor, che continua: &#8221; Abbiamo visitato il magazzino accompagnati da una persona messa a nostra disposizione che ce ne ha illustrato la gestione. Sembra incredibile, ma ci \u00e8 stato dimostrato come \u00e8 possibile organizzare il movimento di oltre 27.000 articoli al giorno. Per me che non sono un tecnico del settore anche la visita alla Rubner Haus \u00e8 stata altrettanto interessante. Un&#8217;azienda che produce case in legno e fornisce al cliente il servizio completo: dal progetto alla consegna, che avviene rispettando i tempi e i costi. Il risparmio energetico di queste case \u00e8 notevole, e sono convinto che questo sia il futuro dell&#8217;edilizia&#8221;.<\/p>","protected":false},"excerpt":{"rendered":"<p>Doppia visita per gli industriali bellunesi associati a Confindustria Belluno Dolomiti che hanno partecipato nei giorni scorsi al Techno Tour alla W\u00fcrth Italia e alla Rubner Haus in provincia di Bolzano. Accompagnati da Marco Barnab\u00f2 per il Servizio Innovazione di Confindustria Belluno Dolomiti, gli imprenditori hanno avuto l&#8217;opportunit\u00e0 di conoscere i processi produttivi e l&#8217;organizzazione [&hellip;]<\/p>\n","protected":false},"author":2,"featured_media":0,"comment_status":"closed","ping_status":"open","sticky":false,"template":"","format":"standard","meta":{"footnotes":""},"categories":[36,26],"tags":[139,63],"class_list":["post-6173","post","type-post","status-publish","format-standard","category-lavoro-economia","category-prima-pagina","tag-belluno","tag-dolomiti"],"yoast_head":"<!-- This site is optimized with the Yoast SEO plugin v28.4 - https:\/\/yoast.com\/product\/yoast-seo-wordpress\/ -->\n<title>37 imprenditori bellunesi alla scoperta dell&#039; innovazione da portare nel nostro territorio - Bellunopress - Dolomiti<\/title>\n<meta name=\"robots\" content=\"index, follow, max-snippet:-1, max-image-preview:large, max-video-preview:-1\" \/>\n<link rel=\"canonical\" href=\"https:\/\/www.bellunopress.it\/fr\/2009\/07\/20\/37-imprenditori-bellunesi-alla-scoperta-dellinnovazione-da-portare-nel-nostro-territorio\/\" \/>\n<meta property=\"og:locale\" content=\"fr_FR\" \/>\n<meta property=\"og:type\" content=\"article\" \/>\n<meta property=\"og:title\" content=\"37 imprenditori bellunesi alla scoperta dell&#039; innovazione da portare nel nostro territorio - Bellunopress - Dolomiti\" \/>\n<meta property=\"og:description\" content=\"Doppia visita per gli industriali bellunesi associati a Confindustria Belluno Dolomiti che hanno partecipato nei giorni scorsi al Techno Tour alla W\u00fcrth Italia e alla Rubner Haus in provincia di Bolzano. Accompagnati da Marco Barnab\u00f2 per il Servizio Innovazione di Confindustria Belluno Dolomiti, gli imprenditori hanno avuto l&#8217;opportunit\u00e0 di conoscere i processi produttivi e l&#8217;organizzazione [&hellip;]\" \/>\n<meta property=\"og:url\" content=\"https:\/\/www.bellunopress.it\/fr\/2009\/07\/20\/37-imprenditori-bellunesi-alla-scoperta-dellinnovazione-da-portare-nel-nostro-territorio\/\" \/>\n<meta property=\"og:site_name\" content=\"Bellunopress - Dolomiti\" \/>\n<meta property=\"article:publisher\" content=\"https:\/\/www.facebook.com\/profile.php?id=100008943462799\" \/>\n<meta property=\"article:published_time\" content=\"2009-07-20T19:08:05+00:00\" \/>\n<meta property=\"article:modified_time\" content=\"2009-07-21T15:14:38+00:00\" \/>\n<meta property=\"og:image\" content=\"http:\/\/www.bellunopress.it\/wp-content\/uploads\/2009\/07\/industriali-bellunesi-in-visita-alla-rubner.jpg\" \/>\n<meta name=\"author\" content=\"redazione\" \/>\n<meta name=\"twitter:card\" content=\"summary_large_image\" \/>\n<meta name=\"twitter:creator\" content=\"@bellunopress\" \/>\n<meta name=\"twitter:site\" content=\"@bellunopress\" \/>\n<meta name=\"twitter:label1\" content=\"\u00c9crit par\" \/>\n\t<meta name=\"twitter:data1\" content=\"redazione\" \/>\n\t<meta name=\"twitter:label2\" content=\"Dur\u00e9e de lecture estim\u00e9e\" \/>\n\t<meta name=\"twitter:data2\" content=\"3 minutes\" \/>\n<script type=\"application\/ld+json\" class=\"yoast-schema-graph\">{\"@context\":\"https:\\\/\\\/schema.org\",\"@graph\":[{\"@type\":\"Article\",\"@id\":\"https:\\\/\\\/www.bellunopress.it\\\/2009\\\/07\\\/20\\\/37-imprenditori-bellunesi-alla-scoperta-dellinnovazione-da-portare-nel-nostro-territorio\\\/#article\",\"isPartOf\":{\"@id\":\"https:\\\/\\\/www.bellunopress.it\\\/2009\\\/07\\\/20\\\/37-imprenditori-bellunesi-alla-scoperta-dellinnovazione-da-portare-nel-nostro-territorio\\\/\"},\"author\":{\"name\":\"redazione\",\"@id\":\"https:\\\/\\\/www.bellunopress.it\\\/#\\\/schema\\\/person\\\/79bb06722b37ece1c03d3e94beb30d73\"},\"headline\":\"37 imprenditori bellunesi alla scoperta dell&#8217; innovazione da portare nel nostro territorio\",\"datePublished\":\"2009-07-20T19:08:05+00:00\",\"dateModified\":\"2009-07-21T15:14:38+00:00\",\"mainEntityOfPage\":{\"@id\":\"https:\\\/\\\/www.bellunopress.it\\\/2009\\\/07\\\/20\\\/37-imprenditori-bellunesi-alla-scoperta-dellinnovazione-da-portare-nel-nostro-territorio\\\/\"},\"wordCount\":654,\"publisher\":{\"@id\":\"https:\\\/\\\/www.bellunopress.it\\\/#organization\"},\"image\":{\"@id\":\"https:\\\/\\\/www.bellunopress.it\\\/2009\\\/07\\\/20\\\/37-imprenditori-bellunesi-alla-scoperta-dellinnovazione-da-portare-nel-nostro-territorio\\\/#primaryimage\"},\"thumbnailUrl\":\"http:\\\/\\\/www.bellunopress.it\\\/wp-content\\\/uploads\\\/2009\\\/07\\\/industriali-bellunesi-in-visita-alla-rubner.jpg\",\"keywords\":[\"Belluno\",\"Dolomiti\"],\"articleSection\":[\"Lavoro, Economia, Turismo\",\"Prima Pagina\"],\"inLanguage\":\"fr-FR\"},{\"@type\":\"WebPage\",\"@id\":\"https:\\\/\\\/www.bellunopress.it\\\/2009\\\/07\\\/20\\\/37-imprenditori-bellunesi-alla-scoperta-dellinnovazione-da-portare-nel-nostro-territorio\\\/\",\"url\":\"https:\\\/\\\/www.bellunopress.it\\\/2009\\\/07\\\/20\\\/37-imprenditori-bellunesi-alla-scoperta-dellinnovazione-da-portare-nel-nostro-territorio\\\/\",\"name\":\"37 imprenditori bellunesi alla scoperta dell' innovazione da portare nel nostro territorio - Bellunopress - Dolomiti\",\"isPartOf\":{\"@id\":\"https:\\\/\\\/www.bellunopress.it\\\/#website\"},\"primaryImageOfPage\":{\"@id\":\"https:\\\/\\\/www.bellunopress.it\\\/2009\\\/07\\\/20\\\/37-imprenditori-bellunesi-alla-scoperta-dellinnovazione-da-portare-nel-nostro-territorio\\\/#primaryimage\"},\"image\":{\"@id\":\"https:\\\/\\\/www.bellunopress.it\\\/2009\\\/07\\\/20\\\/37-imprenditori-bellunesi-alla-scoperta-dellinnovazione-da-portare-nel-nostro-territorio\\\/#primaryimage\"},\"thumbnailUrl\":\"http:\\\/\\\/www.bellunopress.it\\\/wp-content\\\/uploads\\\/2009\\\/07\\\/industriali-bellunesi-in-visita-alla-rubner.jpg\",\"datePublished\":\"2009-07-20T19:08:05+00:00\",\"dateModified\":\"2009-07-21T15:14:38+00:00\",\"breadcrumb\":{\"@id\":\"https:\\\/\\\/www.bellunopress.it\\\/2009\\\/07\\\/20\\\/37-imprenditori-bellunesi-alla-scoperta-dellinnovazione-da-portare-nel-nostro-territorio\\\/#breadcrumb\"},\"inLanguage\":\"fr-FR\",\"potentialAction\":[{\"@type\":\"ReadAction\",\"target\":[\"https:\\\/\\\/www.bellunopress.it\\\/2009\\\/07\\\/20\\\/37-imprenditori-bellunesi-alla-scoperta-dellinnovazione-da-portare-nel-nostro-territorio\\\/\"]}]},{\"@type\":\"ImageObject\",\"inLanguage\":\"fr-FR\",\"@id\":\"https:\\\/\\\/www.bellunopress.it\\\/2009\\\/07\\\/20\\\/37-imprenditori-bellunesi-alla-scoperta-dellinnovazione-da-portare-nel-nostro-territorio\\\/#primaryimage\",\"url\":\"http:\\\/\\\/www.bellunopress.it\\\/wp-content\\\/uploads\\\/2009\\\/07\\\/industriali-bellunesi-in-visita-alla-rubner.jpg\",\"contentUrl\":\"http:\\\/\\\/www.bellunopress.it\\\/wp-content\\\/uploads\\\/2009\\\/07\\\/industriali-bellunesi-in-visita-alla-rubner.jpg\"},{\"@type\":\"BreadcrumbList\",\"@id\":\"https:\\\/\\\/www.bellunopress.it\\\/2009\\\/07\\\/20\\\/37-imprenditori-bellunesi-alla-scoperta-dellinnovazione-da-portare-nel-nostro-territorio\\\/#breadcrumb\",\"itemListElement\":[{\"@type\":\"ListItem\",\"position\":1,\"name\":\"Home\",\"item\":\"https:\\\/\\\/www.bellunopress.it\\\/\"},{\"@type\":\"ListItem\",\"position\":2,\"name\":\"37 imprenditori bellunesi alla scoperta dell&#8217; innovazione da portare nel nostro territorio\"}]},{\"@type\":\"WebSite\",\"@id\":\"https:\\\/\\\/www.bellunopress.it\\\/#website\",\"url\":\"https:\\\/\\\/www.bellunopress.it\\\/\",\"name\":\"Bellunopress - Dolomiti\",\"description\":\"e-mail: redazione@bellunopress.it\",\"publisher\":{\"@id\":\"https:\\\/\\\/www.bellunopress.it\\\/#organization\"},\"potentialAction\":[{\"@type\":\"SearchAction\",\"target\":{\"@type\":\"EntryPoint\",\"urlTemplate\":\"https:\\\/\\\/www.bellunopress.it\\\/?s={search_term_string}\"},\"query-input\":{\"@type\":\"PropertyValueSpecification\",\"valueRequired\":true,\"valueName\":\"search_term_string\"}}],\"inLanguage\":\"fr-FR\"},{\"@type\":\"Organization\",\"@id\":\"https:\\\/\\\/www.bellunopress.it\\\/#organization\",\"name\":\"Bellunopress\",\"url\":\"https:\\\/\\\/www.bellunopress.it\\\/\",\"logo\":{\"@type\":\"ImageObject\",\"inLanguage\":\"fr-FR\",\"@id\":\"https:\\\/\\\/www.bellunopress.it\\\/#\\\/schema\\\/logo\\\/image\\\/\",\"url\":\"https:\\\/\\\/www.bellunopress.it\\\/wp-content\\\/uploads\\\/2011\\\/05\\\/cropped-logo-bellunopress-.jpg\",\"contentUrl\":\"https:\\\/\\\/www.bellunopress.it\\\/wp-content\\\/uploads\\\/2011\\\/05\\\/cropped-logo-bellunopress-.jpg\",\"width\":512,\"height\":512,\"caption\":\"Bellunopress\"},\"image\":{\"@id\":\"https:\\\/\\\/www.bellunopress.it\\\/#\\\/schema\\\/logo\\\/image\\\/\"},\"sameAs\":[\"https:\\\/\\\/www.facebook.com\\\/profile.php?id=100008943462799\",\"https:\\\/\\\/x.com\\\/bellunopress\",\"https:\\\/\\\/www.linkedin.com\\\/hp\\\/?dnr=JBzUWaJfMUw8vbXJJ2tVW5-I3jZKvC4wsoxE&amp;amp;amp;amp;amp;amp;trk=nav_responsive_tab_home\",\"https:\\\/\\\/www.youtube.com\\\/channel\\\/UCxL0wu1uN0_3_7hGG0306cw\"]},{\"@type\":\"Person\",\"@id\":\"https:\\\/\\\/www.bellunopress.it\\\/#\\\/schema\\\/person\\\/79bb06722b37ece1c03d3e94beb30d73\",\"name\":\"redazione\",\"image\":{\"@type\":\"ImageObject\",\"inLanguage\":\"fr-FR\",\"@id\":\"https:\\\/\\\/secure.gravatar.com\\\/avatar\\\/37d968a2e67a6fd04c169c4bdef102d0bc5d31b2546345219e348575eb80e9a0?s=96&d=mm&r=g\",\"url\":\"https:\\\/\\\/secure.gravatar.com\\\/avatar\\\/37d968a2e67a6fd04c169c4bdef102d0bc5d31b2546345219e348575eb80e9a0?s=96&d=mm&r=g\",\"contentUrl\":\"https:\\\/\\\/secure.gravatar.com\\\/avatar\\\/37d968a2e67a6fd04c169c4bdef102d0bc5d31b2546345219e348575eb80e9a0?s=96&d=mm&r=g\",\"caption\":\"redazione\"},\"sameAs\":[\"http:\\\/\\\/www.bellunopress.it\",\"https:\\\/\\\/x.com\\\/bellunopress\"],\"url\":\"https:\\\/\\\/www.bellunopress.it\\\/fr\\\/author\\\/redazione\\\/\"}]}<\/script>\n<!-- \/ Yoast SEO plugin. -->","yoast_head_json":{"title":"37 imprenditori bellunesi alla scoperta dell' innovazione da portare nel nostro territorio - Bellunopress - Dolomiti","robots":{"index":"index","follow":"follow","max-snippet":"max-snippet:-1","max-image-preview":"max-image-preview:large","max-video-preview":"max-video-preview:-1"},"canonical":"https:\/\/www.bellunopress.it\/fr\/2009\/07\/20\/37-imprenditori-bellunesi-alla-scoperta-dellinnovazione-da-portare-nel-nostro-territorio\/","og_locale":"fr_FR","og_type":"article","og_title":"37 imprenditori bellunesi alla scoperta dell' innovazione da portare nel nostro territorio - Bellunopress - Dolomiti","og_description":"Doppia visita per gli industriali bellunesi associati a Confindustria Belluno Dolomiti che hanno partecipato nei giorni scorsi al Techno Tour alla W\u00fcrth Italia e alla Rubner Haus in provincia di Bolzano. Accompagnati da Marco Barnab\u00f2 per il Servizio Innovazione di Confindustria Belluno Dolomiti, gli imprenditori hanno avuto l&#8217;opportunit\u00e0 di conoscere i processi produttivi e l&#8217;organizzazione [&hellip;]","og_url":"https:\/\/www.bellunopress.it\/fr\/2009\/07\/20\/37-imprenditori-bellunesi-alla-scoperta-dellinnovazione-da-portare-nel-nostro-territorio\/","og_site_name":"Bellunopress - Dolomiti","article_publisher":"https:\/\/www.facebook.com\/profile.php?id=100008943462799","article_published_time":"2009-07-20T19:08:05+00:00","article_modified_time":"2009-07-21T15:14:38+00:00","og_image":[{"url":"http:\/\/www.bellunopress.it\/wp-content\/uploads\/2009\/07\/industriali-bellunesi-in-visita-alla-rubner.jpg","type":"","width":"","height":""}],"author":"redazione","twitter_card":"summary_large_image","twitter_creator":"@bellunopress","twitter_site":"@bellunopress","twitter_misc":{"\u00c9crit par":"redazione","Dur\u00e9e de lecture estim\u00e9e":"3 minutes"},"schema":{"@context":"https:\/\/schema.org","@graph":[{"@type":"Article","@id":"https:\/\/www.bellunopress.it\/2009\/07\/20\/37-imprenditori-bellunesi-alla-scoperta-dellinnovazione-da-portare-nel-nostro-territorio\/#article","isPartOf":{"@id":"https:\/\/www.bellunopress.it\/2009\/07\/20\/37-imprenditori-bellunesi-alla-scoperta-dellinnovazione-da-portare-nel-nostro-territorio\/"},"author":{"name":"redazione","@id":"https:\/\/www.bellunopress.it\/#\/schema\/person\/79bb06722b37ece1c03d3e94beb30d73"},"headline":"37 imprenditori bellunesi alla scoperta dell&#8217; innovazione da portare nel nostro territorio","datePublished":"2009-07-20T19:08:05+00:00","dateModified":"2009-07-21T15:14:38+00:00","mainEntityOfPage":{"@id":"https:\/\/www.bellunopress.it\/2009\/07\/20\/37-imprenditori-bellunesi-alla-scoperta-dellinnovazione-da-portare-nel-nostro-territorio\/"},"wordCount":654,"publisher":{"@id":"https:\/\/www.bellunopress.it\/#organization"},"image":{"@id":"https:\/\/www.bellunopress.it\/2009\/07\/20\/37-imprenditori-bellunesi-alla-scoperta-dellinnovazione-da-portare-nel-nostro-territorio\/#primaryimage"},"thumbnailUrl":"http:\/\/www.bellunopress.it\/wp-content\/uploads\/2009\/07\/industriali-bellunesi-in-visita-alla-rubner.jpg","keywords":["Belluno","Dolomiti"],"articleSection":["Lavoro, Economia, Turismo","Prima Pagina"],"inLanguage":"fr-FR"},{"@type":"WebPage","@id":"https:\/\/www.bellunopress.it\/2009\/07\/20\/37-imprenditori-bellunesi-alla-scoperta-dellinnovazione-da-portare-nel-nostro-territorio\/","url":"https:\/\/www.bellunopress.it\/2009\/07\/20\/37-imprenditori-bellunesi-alla-scoperta-dellinnovazione-da-portare-nel-nostro-territorio\/","name":"37 imprenditori bellunesi alla scoperta dell' innovazione da portare nel nostro territorio - Bellunopress - Dolomiti","isPartOf":{"@id":"https:\/\/www.bellunopress.it\/#website"},"primaryImageOfPage":{"@id":"https:\/\/www.bellunopress.it\/2009\/07\/20\/37-imprenditori-bellunesi-alla-scoperta-dellinnovazione-da-portare-nel-nostro-territorio\/#primaryimage"},"image":{"@id":"https:\/\/www.bellunopress.it\/2009\/07\/20\/37-imprenditori-bellunesi-alla-scoperta-dellinnovazione-da-portare-nel-nostro-territorio\/#primaryimage"},"thumbnailUrl":"http:\/\/www.bellunopress.it\/wp-content\/uploads\/2009\/07\/industriali-bellunesi-in-visita-alla-rubner.jpg","datePublished":"2009-07-20T19:08:05+00:00","dateModified":"2009-07-21T15:14:38+00:00","breadcrumb":{"@id":"https:\/\/www.bellunopress.it\/2009\/07\/20\/37-imprenditori-bellunesi-alla-scoperta-dellinnovazione-da-portare-nel-nostro-territorio\/#breadcrumb"},"inLanguage":"fr-FR","potentialAction":[{"@type":"ReadAction","target":["https:\/\/www.bellunopress.it\/2009\/07\/20\/37-imprenditori-bellunesi-alla-scoperta-dellinnovazione-da-portare-nel-nostro-territorio\/"]}]},{"@type":"ImageObject","inLanguage":"fr-FR","@id":"https:\/\/www.bellunopress.it\/2009\/07\/20\/37-imprenditori-bellunesi-alla-scoperta-dellinnovazione-da-portare-nel-nostro-territorio\/#primaryimage","url":"http:\/\/www.bellunopress.it\/wp-content\/uploads\/2009\/07\/industriali-bellunesi-in-visita-alla-rubner.jpg","contentUrl":"http:\/\/www.bellunopress.it\/wp-content\/uploads\/2009\/07\/industriali-bellunesi-in-visita-alla-rubner.jpg"},{"@type":"BreadcrumbList","@id":"https:\/\/www.bellunopress.it\/2009\/07\/20\/37-imprenditori-bellunesi-alla-scoperta-dellinnovazione-da-portare-nel-nostro-territorio\/#breadcrumb","itemListElement":[{"@type":"ListItem","position":1,"name":"Home","item":"https:\/\/www.bellunopress.it\/"},{"@type":"ListItem","position":2,"name":"37 imprenditori bellunesi alla scoperta dell&#8217; innovazione da portare nel nostro territorio"}]},{"@type":"WebSite","@id":"https:\/\/www.bellunopress.it\/#website","url":"https:\/\/www.bellunopress.it\/","name":"Bellunopress - Dolomiti","description":"e-mail: redazione@bellunopress.it","publisher":{"@id":"https:\/\/www.bellunopress.it\/#organization"},"potentialAction":[{"@type":"SearchAction","target":{"@type":"EntryPoint","urlTemplate":"https:\/\/www.bellunopress.it\/?s={search_term_string}"},"query-input":{"@type":"PropertyValueSpecification","valueRequired":true,"valueName":"search_term_string"}}],"inLanguage":"fr-FR"},{"@type":"Organization","@id":"https:\/\/www.bellunopress.it\/#organization","name":"Bellunopress","url":"https:\/\/www.bellunopress.it\/","logo":{"@type":"ImageObject","inLanguage":"fr-FR","@id":"https:\/\/www.bellunopress.it\/#\/schema\/logo\/image\/","url":"https:\/\/www.bellunopress.it\/wp-content\/uploads\/2011\/05\/cropped-logo-bellunopress-.jpg","contentUrl":"https:\/\/www.bellunopress.it\/wp-content\/uploads\/2011\/05\/cropped-logo-bellunopress-.jpg","width":512,"height":512,"caption":"Bellunopress"},"image":{"@id":"https:\/\/www.bellunopress.it\/#\/schema\/logo\/image\/"},"sameAs":["https:\/\/www.facebook.com\/profile.php?id=100008943462799","https:\/\/x.com\/bellunopress","https:\/\/www.linkedin.com\/hp\/?dnr=JBzUWaJfMUw8vbXJJ2tVW5-I3jZKvC4wsoxE&amp;amp;amp;amp;amp;amp;trk=nav_responsive_tab_home","https:\/\/www.youtube.com\/channel\/UCxL0wu1uN0_3_7hGG0306cw"]},{"@type":"Person","@id":"https:\/\/www.bellunopress.it\/#\/schema\/person\/79bb06722b37ece1c03d3e94beb30d73","name":"r\u00e9daction","image":{"@type":"ImageObject","inLanguage":"fr-FR","@id":"https:\/\/secure.gravatar.com\/avatar\/37d968a2e67a6fd04c169c4bdef102d0bc5d31b2546345219e348575eb80e9a0?s=96&d=mm&r=g","url":"https:\/\/secure.gravatar.com\/avatar\/37d968a2e67a6fd04c169c4bdef102d0bc5d31b2546345219e348575eb80e9a0?s=96&d=mm&r=g","contentUrl":"https:\/\/secure.gravatar.com\/avatar\/37d968a2e67a6fd04c169c4bdef102d0bc5d31b2546345219e348575eb80e9a0?s=96&d=mm&r=g","caption":"redazione"},"sameAs":["http:\/\/www.bellunopress.it","https:\/\/x.com\/bellunopress"],"url":"https:\/\/www.bellunopress.it\/fr\/author\/redazione\/"}]}},"_links":{"self":[{"href":"https:\/\/www.bellunopress.it\/fr\/wp-json\/wp\/v2\/posts\/6173","targetHints":{"allow":["GET"]}}],"collection":[{"href":"https:\/\/www.bellunopress.it\/fr\/wp-json\/wp\/v2\/posts"}],"about":[{"href":"https:\/\/www.bellunopress.it\/fr\/wp-json\/wp\/v2\/types\/post"}],"author":[{"embeddable":true,"href":"https:\/\/www.bellunopress.it\/fr\/wp-json\/wp\/v2\/users\/2"}],"replies":[{"embeddable":true,"href":"https:\/\/www.bellunopress.it\/fr\/wp-json\/wp\/v2\/comments?post=6173"}],"version-history":[{"count":2,"href":"https:\/\/www.bellunopress.it\/fr\/wp-json\/wp\/v2\/posts\/6173\/revisions"}],"predecessor-version":[{"id":6220,"href":"https:\/\/www.bellunopress.it\/fr\/wp-json\/wp\/v2\/posts\/6173\/revisions\/6220"}],"wp:attachment":[{"href":"https:\/\/www.bellunopress.it\/fr\/wp-json\/wp\/v2\/media?parent=6173"}],"wp:term":[{"taxonomy":"category","embeddable":true,"href":"https:\/\/www.bellunopress.it\/fr\/wp-json\/wp\/v2\/categories?post=6173"},{"taxonomy":"post_tag","embeddable":true,"href":"https:\/\/www.bellunopress.it\/fr\/wp-json\/wp\/v2\/tags?post=6173"}],"curies":[{"name":"wp","href":"https:\/\/api.w.org\/{rel}","templated":true}]}}