{"id":6162,"date":"2009-07-20T16:49:18","date_gmt":"2009-07-20T15:49:18","guid":{"rendered":"http:\/\/www.bellunopress.it\/?p=6162"},"modified":"2009-07-20T17:06:49","modified_gmt":"2009-07-20T16:06:49","slug":"io-sto-con-bersani-il-coordinatore-provinciale-del-pd-valerio-tabacchi-si-schiera-con-lex-ministro","status":"publish","type":"post","link":"https:\/\/www.bellunopress.it\/fr\/2009\/07\/20\/io-sto-con-bersani-il-coordinatore-provinciale-del-pd-valerio-tabacchi-si-schiera-con-lex-ministro\/","title":{"rendered":"&#8220;Io sto con Bersani&#8221;. Il coordinatore provinciale del Pd Valerio Tabacchi si schiera con l&#8217;ex ministro"},"content":{"rendered":"<p>A pochi giorni dalla costituzione di un comitato bellunese a sostegno della candidatura di Ignazio Marino alla segreteria nazionale del Pd, arriva quella del coordinatore provinciale del Partito democratico Valerio Tabacc<a href=\"http:\/\/www.bellunopress.it\/wp-content\/uploads\/2009\/05\/valerio-tabacchi-260x180.jpg\"><img loading=\"lazy\" decoding=\"async\" class=\"alignleft size-medium wp-image-3626\" title=\"valerio-tabacchi-260x180\" src=\"http:\/\/www.bellunopress.it\/wp-content\/uploads\/2009\/05\/valerio-tabacchi-260x180.jpg\" alt=\"\" width=\"260\" height=\"179\" \/><\/a>hi, che dice: &#8220;Ho deciso di schierarmi apertamente con l\u2019ex ministro dello Sviluppo economico nella corsa alla leadership del Partito democratico che si concluder\u00e0 con le primarie del 25 ottobre. Franceschini ha fatto un lavoro egregio in questi mesi ma ci vuole altro per raddrizzare il partito. Al Pd infatti non bastano semplici aggiustamenti, ritocchi di linea o, peggio, \u201ccaminetti\u201d arricchiti da qualche volto giovane. Serve un partito che abbia basi culturali solide: un partito del lavoro, laico, capace di elaborare linguaggi legati alla vita reale, che renda concreta l&#8217;idea di uguaglianza, che parli all&#8217;Italia del paese che abbiamo in mente e che vogliamo rendere pi\u00f9 giusto. C\u2019\u00e8 bisogno di un congresso fondativo del partito che deve diventare un\u2019alternativa credibile alla destra. Con Bersani possiamo aprire una storia nuova. Ho maturato questa scelta lo scorso inverno quando Bersani \u00e8 venuto a Belluno. Per un\u2019ora, a tavola, mi ha spiegato come era possibile rimettere nel tubo il dentifricio che abbiamo sparso in questi mesi. Sapeva e capiva i problemi dei territori come il nostro. Ha voglia e capacit\u00e0 di confrontarsi con il mondo della piccola e media impresa del Nord Est. Da sempre ha un rapporto stretto coi bisogni e gli interessi dei territori come il nostro fatti di vallate e distretti produttivi in cui mancano troppo spesso servizi per le persone e le aziende. Un altro punto di forza della proposta di Bersani, che vorrei sottolineare, \u00e8 la consapevolezza che non serve un partito liquido dove siano solide solo le divisioni, proprio per questo ha deciso di farsi sostenere da una sola lista in ogni regione e provincia. Con lui possiamo dire basta alle correnti che sanno fare sintesi a posteriori e solo con i litigi tra i diversi capibastone a Roma come a Belluno. Infine mi convincono le cose che ha detto sul partito: la riorganizzazione di alcuni strumenti come le primarie, un rafforzamento del ruolo degli iscritti, l&#8217;idea che anche il partito si debba organizzare pi\u00f9 e meglio sul territorio. Sono certo insomma che Pierluigi Bersani \u00e8 l\u2019uomo giusto per guidarci nel costruire un partito nuovo che guardi al protagonismo delle nuove generazioni ma che sia anche popolare e radicato nel territorio&#8221;.<\/p>","protected":false},"excerpt":{"rendered":"<p>A pochi giorni dalla costituzione di un comitato bellunese a sostegno della candidatura di Ignazio Marino alla segreteria nazionale del Pd, arriva quella del coordinatore provinciale del Partito democratico Valerio Tabacchi, che dice: &#8220;Ho deciso di schierarmi apertamente con l\u2019ex ministro dello Sviluppo economico nella corsa alla leadership del Partito democratico che si concluder\u00e0 con [&hellip;]<\/p>\n","protected":false},"author":2,"featured_media":0,"comment_status":"closed","ping_status":"open","sticky":false,"template":"","format":"standard","meta":{"footnotes":""},"categories":[5,26],"tags":[139],"class_list":["post-6162","post","type-post","status-publish","format-standard","category-cronaca","category-prima-pagina","tag-belluno"],"yoast_head":"<!-- This site is optimized with the Yoast SEO plugin v28.4 - https:\/\/yoast.com\/product\/yoast-seo-wordpress\/ -->\n<title>&quot;Io sto con Bersani&quot;. Il coordinatore provinciale del Pd Valerio Tabacchi si schiera con l&#039;ex ministro - Bellunopress - Dolomiti<\/title>\n<meta name=\"robots\" content=\"index, follow, max-snippet:-1, max-image-preview:large, max-video-preview:-1\" \/>\n<link rel=\"canonical\" href=\"https:\/\/www.bellunopress.it\/fr\/2009\/07\/20\/io-sto-con-bersani-il-coordinatore-provinciale-del-pd-valerio-tabacchi-si-schiera-con-lex-ministro\/\" \/>\n<meta property=\"og:locale\" content=\"fr_FR\" \/>\n<meta property=\"og:type\" content=\"article\" \/>\n<meta property=\"og:title\" content=\"&quot;Io sto con Bersani&quot;. Il coordinatore provinciale del Pd Valerio Tabacchi si schiera con l&#039;ex ministro - Bellunopress - Dolomiti\" \/>\n<meta property=\"og:description\" content=\"A pochi giorni dalla costituzione di un comitato bellunese a sostegno della candidatura di Ignazio Marino alla segreteria nazionale del Pd, arriva quella del coordinatore provinciale del Partito democratico Valerio Tabacchi, che dice: &#8220;Ho deciso di schierarmi apertamente con l\u2019ex ministro dello Sviluppo economico nella corsa alla leadership del Partito democratico che si concluder\u00e0 con [&hellip;]\" \/>\n<meta property=\"og:url\" content=\"https:\/\/www.bellunopress.it\/fr\/2009\/07\/20\/io-sto-con-bersani-il-coordinatore-provinciale-del-pd-valerio-tabacchi-si-schiera-con-lex-ministro\/\" \/>\n<meta property=\"og:site_name\" content=\"Bellunopress - Dolomiti\" \/>\n<meta property=\"article:publisher\" content=\"https:\/\/www.facebook.com\/profile.php?id=100008943462799\" \/>\n<meta property=\"article:published_time\" content=\"2009-07-20T15:49:18+00:00\" \/>\n<meta property=\"article:modified_time\" content=\"2009-07-20T16:06:49+00:00\" \/>\n<meta property=\"og:image\" content=\"http:\/\/www.bellunopress.it\/wp-content\/uploads\/2009\/05\/valerio-tabacchi-260x180.jpg\" \/>\n<meta name=\"author\" content=\"redazione\" \/>\n<meta name=\"twitter:card\" content=\"summary_large_image\" \/>\n<meta name=\"twitter:creator\" content=\"@bellunopress\" \/>\n<meta name=\"twitter:site\" content=\"@bellunopress\" \/>\n<meta name=\"twitter:label1\" content=\"\u00c9crit par\" \/>\n\t<meta name=\"twitter:data1\" content=\"redazione\" \/>\n\t<meta name=\"twitter:label2\" content=\"Dur\u00e9e de lecture estim\u00e9e\" \/>\n\t<meta name=\"twitter:data2\" content=\"2 minutes\" \/>\n<script type=\"application\/ld+json\" class=\"yoast-schema-graph\">{\"@context\":\"https:\\\/\\\/schema.org\",\"@graph\":[{\"@type\":\"Article\",\"@id\":\"https:\\\/\\\/www.bellunopress.it\\\/2009\\\/07\\\/20\\\/io-sto-con-bersani-il-coordinatore-provinciale-del-pd-valerio-tabacchi-si-schiera-con-lex-ministro\\\/#article\",\"isPartOf\":{\"@id\":\"https:\\\/\\\/www.bellunopress.it\\\/2009\\\/07\\\/20\\\/io-sto-con-bersani-il-coordinatore-provinciale-del-pd-valerio-tabacchi-si-schiera-con-lex-ministro\\\/\"},\"author\":{\"name\":\"redazione\",\"@id\":\"https:\\\/\\\/www.bellunopress.it\\\/#\\\/schema\\\/person\\\/79bb06722b37ece1c03d3e94beb30d73\"},\"headline\":\"&#8220;Io sto con Bersani&#8221;. Il coordinatore provinciale del Pd Valerio Tabacchi si schiera con l&#8217;ex ministro\",\"datePublished\":\"2009-07-20T15:49:18+00:00\",\"dateModified\":\"2009-07-20T16:06:49+00:00\",\"mainEntityOfPage\":{\"@id\":\"https:\\\/\\\/www.bellunopress.it\\\/2009\\\/07\\\/20\\\/io-sto-con-bersani-il-coordinatore-provinciale-del-pd-valerio-tabacchi-si-schiera-con-lex-ministro\\\/\"},\"wordCount\":415,\"publisher\":{\"@id\":\"https:\\\/\\\/www.bellunopress.it\\\/#organization\"},\"image\":{\"@id\":\"https:\\\/\\\/www.bellunopress.it\\\/2009\\\/07\\\/20\\\/io-sto-con-bersani-il-coordinatore-provinciale-del-pd-valerio-tabacchi-si-schiera-con-lex-ministro\\\/#primaryimage\"},\"thumbnailUrl\":\"http:\\\/\\\/www.bellunopress.it\\\/wp-content\\\/uploads\\\/2009\\\/05\\\/valerio-tabacchi-260x180.jpg\",\"keywords\":[\"Belluno\"],\"articleSection\":[\"Cronaca\\\/Politica\",\"Prima Pagina\"],\"inLanguage\":\"fr-FR\"},{\"@type\":\"WebPage\",\"@id\":\"https:\\\/\\\/www.bellunopress.it\\\/2009\\\/07\\\/20\\\/io-sto-con-bersani-il-coordinatore-provinciale-del-pd-valerio-tabacchi-si-schiera-con-lex-ministro\\\/\",\"url\":\"https:\\\/\\\/www.bellunopress.it\\\/2009\\\/07\\\/20\\\/io-sto-con-bersani-il-coordinatore-provinciale-del-pd-valerio-tabacchi-si-schiera-con-lex-ministro\\\/\",\"name\":\"\\\"Io sto con Bersani\\\". Il coordinatore provinciale del Pd Valerio Tabacchi si schiera con l'ex ministro - Bellunopress - Dolomiti\",\"isPartOf\":{\"@id\":\"https:\\\/\\\/www.bellunopress.it\\\/#website\"},\"primaryImageOfPage\":{\"@id\":\"https:\\\/\\\/www.bellunopress.it\\\/2009\\\/07\\\/20\\\/io-sto-con-bersani-il-coordinatore-provinciale-del-pd-valerio-tabacchi-si-schiera-con-lex-ministro\\\/#primaryimage\"},\"image\":{\"@id\":\"https:\\\/\\\/www.bellunopress.it\\\/2009\\\/07\\\/20\\\/io-sto-con-bersani-il-coordinatore-provinciale-del-pd-valerio-tabacchi-si-schiera-con-lex-ministro\\\/#primaryimage\"},\"thumbnailUrl\":\"http:\\\/\\\/www.bellunopress.it\\\/wp-content\\\/uploads\\\/2009\\\/05\\\/valerio-tabacchi-260x180.jpg\",\"datePublished\":\"2009-07-20T15:49:18+00:00\",\"dateModified\":\"2009-07-20T16:06:49+00:00\",\"breadcrumb\":{\"@id\":\"https:\\\/\\\/www.bellunopress.it\\\/2009\\\/07\\\/20\\\/io-sto-con-bersani-il-coordinatore-provinciale-del-pd-valerio-tabacchi-si-schiera-con-lex-ministro\\\/#breadcrumb\"},\"inLanguage\":\"fr-FR\",\"potentialAction\":[{\"@type\":\"ReadAction\",\"target\":[\"https:\\\/\\\/www.bellunopress.it\\\/2009\\\/07\\\/20\\\/io-sto-con-bersani-il-coordinatore-provinciale-del-pd-valerio-tabacchi-si-schiera-con-lex-ministro\\\/\"]}]},{\"@type\":\"ImageObject\",\"inLanguage\":\"fr-FR\",\"@id\":\"https:\\\/\\\/www.bellunopress.it\\\/2009\\\/07\\\/20\\\/io-sto-con-bersani-il-coordinatore-provinciale-del-pd-valerio-tabacchi-si-schiera-con-lex-ministro\\\/#primaryimage\",\"url\":\"http:\\\/\\\/www.bellunopress.it\\\/wp-content\\\/uploads\\\/2009\\\/05\\\/valerio-tabacchi-260x180.jpg\",\"contentUrl\":\"http:\\\/\\\/www.bellunopress.it\\\/wp-content\\\/uploads\\\/2009\\\/05\\\/valerio-tabacchi-260x180.jpg\"},{\"@type\":\"BreadcrumbList\",\"@id\":\"https:\\\/\\\/www.bellunopress.it\\\/2009\\\/07\\\/20\\\/io-sto-con-bersani-il-coordinatore-provinciale-del-pd-valerio-tabacchi-si-schiera-con-lex-ministro\\\/#breadcrumb\",\"itemListElement\":[{\"@type\":\"ListItem\",\"position\":1,\"name\":\"Home\",\"item\":\"https:\\\/\\\/www.bellunopress.it\\\/\"},{\"@type\":\"ListItem\",\"position\":2,\"name\":\"&#8220;Io sto con Bersani&#8221;. Il coordinatore provinciale del Pd Valerio Tabacchi si schiera con l&#8217;ex ministro\"}]},{\"@type\":\"WebSite\",\"@id\":\"https:\\\/\\\/www.bellunopress.it\\\/#website\",\"url\":\"https:\\\/\\\/www.bellunopress.it\\\/\",\"name\":\"Bellunopress - Dolomiti\",\"description\":\"e-mail: redazione@bellunopress.it\",\"publisher\":{\"@id\":\"https:\\\/\\\/www.bellunopress.it\\\/#organization\"},\"potentialAction\":[{\"@type\":\"SearchAction\",\"target\":{\"@type\":\"EntryPoint\",\"urlTemplate\":\"https:\\\/\\\/www.bellunopress.it\\\/?s={search_term_string}\"},\"query-input\":{\"@type\":\"PropertyValueSpecification\",\"valueRequired\":true,\"valueName\":\"search_term_string\"}}],\"inLanguage\":\"fr-FR\"},{\"@type\":\"Organization\",\"@id\":\"https:\\\/\\\/www.bellunopress.it\\\/#organization\",\"name\":\"Bellunopress\",\"url\":\"https:\\\/\\\/www.bellunopress.it\\\/\",\"logo\":{\"@type\":\"ImageObject\",\"inLanguage\":\"fr-FR\",\"@id\":\"https:\\\/\\\/www.bellunopress.it\\\/#\\\/schema\\\/logo\\\/image\\\/\",\"url\":\"https:\\\/\\\/www.bellunopress.it\\\/wp-content\\\/uploads\\\/2011\\\/05\\\/cropped-logo-bellunopress-.jpg\",\"contentUrl\":\"https:\\\/\\\/www.bellunopress.it\\\/wp-content\\\/uploads\\\/2011\\\/05\\\/cropped-logo-bellunopress-.jpg\",\"width\":512,\"height\":512,\"caption\":\"Bellunopress\"},\"image\":{\"@id\":\"https:\\\/\\\/www.bellunopress.it\\\/#\\\/schema\\\/logo\\\/image\\\/\"},\"sameAs\":[\"https:\\\/\\\/www.facebook.com\\\/profile.php?id=100008943462799\",\"https:\\\/\\\/x.com\\\/bellunopress\",\"https:\\\/\\\/www.linkedin.com\\\/hp\\\/?dnr=JBzUWaJfMUw8vbXJJ2tVW5-I3jZKvC4wsoxE&amp;amp;amp;amp;amp;amp;trk=nav_responsive_tab_home\",\"https:\\\/\\\/www.youtube.com\\\/channel\\\/UCxL0wu1uN0_3_7hGG0306cw\"]},{\"@type\":\"Person\",\"@id\":\"https:\\\/\\\/www.bellunopress.it\\\/#\\\/schema\\\/person\\\/79bb06722b37ece1c03d3e94beb30d73\",\"name\":\"redazione\",\"image\":{\"@type\":\"ImageObject\",\"inLanguage\":\"fr-FR\",\"@id\":\"https:\\\/\\\/secure.gravatar.com\\\/avatar\\\/37d968a2e67a6fd04c169c4bdef102d0bc5d31b2546345219e348575eb80e9a0?s=96&d=mm&r=g\",\"url\":\"https:\\\/\\\/secure.gravatar.com\\\/avatar\\\/37d968a2e67a6fd04c169c4bdef102d0bc5d31b2546345219e348575eb80e9a0?s=96&d=mm&r=g\",\"contentUrl\":\"https:\\\/\\\/secure.gravatar.com\\\/avatar\\\/37d968a2e67a6fd04c169c4bdef102d0bc5d31b2546345219e348575eb80e9a0?s=96&d=mm&r=g\",\"caption\":\"redazione\"},\"sameAs\":[\"http:\\\/\\\/www.bellunopress.it\",\"https:\\\/\\\/x.com\\\/bellunopress\"],\"url\":\"https:\\\/\\\/www.bellunopress.it\\\/fr\\\/author\\\/redazione\\\/\"}]}<\/script>\n<!-- \/ Yoast SEO plugin. -->","yoast_head_json":{"title":"\"Io sto con Bersani\". Il coordinatore provinciale del Pd Valerio Tabacchi si schiera con l'ex ministro - Bellunopress - Dolomiti","robots":{"index":"index","follow":"follow","max-snippet":"max-snippet:-1","max-image-preview":"max-image-preview:large","max-video-preview":"max-video-preview:-1"},"canonical":"https:\/\/www.bellunopress.it\/fr\/2009\/07\/20\/io-sto-con-bersani-il-coordinatore-provinciale-del-pd-valerio-tabacchi-si-schiera-con-lex-ministro\/","og_locale":"fr_FR","og_type":"article","og_title":"\"Io sto con Bersani\". Il coordinatore provinciale del Pd Valerio Tabacchi si schiera con l'ex ministro - Bellunopress - Dolomiti","og_description":"A pochi giorni dalla costituzione di un comitato bellunese a sostegno della candidatura di Ignazio Marino alla segreteria nazionale del Pd, arriva quella del coordinatore provinciale del Partito democratico Valerio Tabacchi, che dice: &#8220;Ho deciso di schierarmi apertamente con l\u2019ex ministro dello Sviluppo economico nella corsa alla leadership del Partito democratico che si concluder\u00e0 con [&hellip;]","og_url":"https:\/\/www.bellunopress.it\/fr\/2009\/07\/20\/io-sto-con-bersani-il-coordinatore-provinciale-del-pd-valerio-tabacchi-si-schiera-con-lex-ministro\/","og_site_name":"Bellunopress - Dolomiti","article_publisher":"https:\/\/www.facebook.com\/profile.php?id=100008943462799","article_published_time":"2009-07-20T15:49:18+00:00","article_modified_time":"2009-07-20T16:06:49+00:00","og_image":[{"url":"http:\/\/www.bellunopress.it\/wp-content\/uploads\/2009\/05\/valerio-tabacchi-260x180.jpg","type":"","width":"","height":""}],"author":"redazione","twitter_card":"summary_large_image","twitter_creator":"@bellunopress","twitter_site":"@bellunopress","twitter_misc":{"\u00c9crit par":"redazione","Dur\u00e9e de lecture estim\u00e9e":"2 minutes"},"schema":{"@context":"https:\/\/schema.org","@graph":[{"@type":"Article","@id":"https:\/\/www.bellunopress.it\/2009\/07\/20\/io-sto-con-bersani-il-coordinatore-provinciale-del-pd-valerio-tabacchi-si-schiera-con-lex-ministro\/#article","isPartOf":{"@id":"https:\/\/www.bellunopress.it\/2009\/07\/20\/io-sto-con-bersani-il-coordinatore-provinciale-del-pd-valerio-tabacchi-si-schiera-con-lex-ministro\/"},"author":{"name":"redazione","@id":"https:\/\/www.bellunopress.it\/#\/schema\/person\/79bb06722b37ece1c03d3e94beb30d73"},"headline":"&#8220;Io sto con Bersani&#8221;. Il coordinatore provinciale del Pd Valerio Tabacchi si schiera con l&#8217;ex ministro","datePublished":"2009-07-20T15:49:18+00:00","dateModified":"2009-07-20T16:06:49+00:00","mainEntityOfPage":{"@id":"https:\/\/www.bellunopress.it\/2009\/07\/20\/io-sto-con-bersani-il-coordinatore-provinciale-del-pd-valerio-tabacchi-si-schiera-con-lex-ministro\/"},"wordCount":415,"publisher":{"@id":"https:\/\/www.bellunopress.it\/#organization"},"image":{"@id":"https:\/\/www.bellunopress.it\/2009\/07\/20\/io-sto-con-bersani-il-coordinatore-provinciale-del-pd-valerio-tabacchi-si-schiera-con-lex-ministro\/#primaryimage"},"thumbnailUrl":"http:\/\/www.bellunopress.it\/wp-content\/uploads\/2009\/05\/valerio-tabacchi-260x180.jpg","keywords":["Belluno"],"articleSection":["Cronaca\/Politica","Prima Pagina"],"inLanguage":"fr-FR"},{"@type":"WebPage","@id":"https:\/\/www.bellunopress.it\/2009\/07\/20\/io-sto-con-bersani-il-coordinatore-provinciale-del-pd-valerio-tabacchi-si-schiera-con-lex-ministro\/","url":"https:\/\/www.bellunopress.it\/2009\/07\/20\/io-sto-con-bersani-il-coordinatore-provinciale-del-pd-valerio-tabacchi-si-schiera-con-lex-ministro\/","name":"\"Io sto con Bersani\". Il coordinatore provinciale del Pd Valerio Tabacchi si schiera con l'ex ministro - Bellunopress - Dolomiti","isPartOf":{"@id":"https:\/\/www.bellunopress.it\/#website"},"primaryImageOfPage":{"@id":"https:\/\/www.bellunopress.it\/2009\/07\/20\/io-sto-con-bersani-il-coordinatore-provinciale-del-pd-valerio-tabacchi-si-schiera-con-lex-ministro\/#primaryimage"},"image":{"@id":"https:\/\/www.bellunopress.it\/2009\/07\/20\/io-sto-con-bersani-il-coordinatore-provinciale-del-pd-valerio-tabacchi-si-schiera-con-lex-ministro\/#primaryimage"},"thumbnailUrl":"http:\/\/www.bellunopress.it\/wp-content\/uploads\/2009\/05\/valerio-tabacchi-260x180.jpg","datePublished":"2009-07-20T15:49:18+00:00","dateModified":"2009-07-20T16:06:49+00:00","breadcrumb":{"@id":"https:\/\/www.bellunopress.it\/2009\/07\/20\/io-sto-con-bersani-il-coordinatore-provinciale-del-pd-valerio-tabacchi-si-schiera-con-lex-ministro\/#breadcrumb"},"inLanguage":"fr-FR","potentialAction":[{"@type":"ReadAction","target":["https:\/\/www.bellunopress.it\/2009\/07\/20\/io-sto-con-bersani-il-coordinatore-provinciale-del-pd-valerio-tabacchi-si-schiera-con-lex-ministro\/"]}]},{"@type":"ImageObject","inLanguage":"fr-FR","@id":"https:\/\/www.bellunopress.it\/2009\/07\/20\/io-sto-con-bersani-il-coordinatore-provinciale-del-pd-valerio-tabacchi-si-schiera-con-lex-ministro\/#primaryimage","url":"http:\/\/www.bellunopress.it\/wp-content\/uploads\/2009\/05\/valerio-tabacchi-260x180.jpg","contentUrl":"http:\/\/www.bellunopress.it\/wp-content\/uploads\/2009\/05\/valerio-tabacchi-260x180.jpg"},{"@type":"BreadcrumbList","@id":"https:\/\/www.bellunopress.it\/2009\/07\/20\/io-sto-con-bersani-il-coordinatore-provinciale-del-pd-valerio-tabacchi-si-schiera-con-lex-ministro\/#breadcrumb","itemListElement":[{"@type":"ListItem","position":1,"name":"Home","item":"https:\/\/www.bellunopress.it\/"},{"@type":"ListItem","position":2,"name":"&#8220;Io sto con Bersani&#8221;. Il coordinatore provinciale del Pd Valerio Tabacchi si schiera con l&#8217;ex ministro"}]},{"@type":"WebSite","@id":"https:\/\/www.bellunopress.it\/#website","url":"https:\/\/www.bellunopress.it\/","name":"Bellunopress - Dolomiti","description":"e-mail: redazione@bellunopress.it","publisher":{"@id":"https:\/\/www.bellunopress.it\/#organization"},"potentialAction":[{"@type":"SearchAction","target":{"@type":"EntryPoint","urlTemplate":"https:\/\/www.bellunopress.it\/?s={search_term_string}"},"query-input":{"@type":"PropertyValueSpecification","valueRequired":true,"valueName":"search_term_string"}}],"inLanguage":"fr-FR"},{"@type":"Organization","@id":"https:\/\/www.bellunopress.it\/#organization","name":"Bellunopress","url":"https:\/\/www.bellunopress.it\/","logo":{"@type":"ImageObject","inLanguage":"fr-FR","@id":"https:\/\/www.bellunopress.it\/#\/schema\/logo\/image\/","url":"https:\/\/www.bellunopress.it\/wp-content\/uploads\/2011\/05\/cropped-logo-bellunopress-.jpg","contentUrl":"https:\/\/www.bellunopress.it\/wp-content\/uploads\/2011\/05\/cropped-logo-bellunopress-.jpg","width":512,"height":512,"caption":"Bellunopress"},"image":{"@id":"https:\/\/www.bellunopress.it\/#\/schema\/logo\/image\/"},"sameAs":["https:\/\/www.facebook.com\/profile.php?id=100008943462799","https:\/\/x.com\/bellunopress","https:\/\/www.linkedin.com\/hp\/?dnr=JBzUWaJfMUw8vbXJJ2tVW5-I3jZKvC4wsoxE&amp;amp;amp;amp;amp;amp;trk=nav_responsive_tab_home","https:\/\/www.youtube.com\/channel\/UCxL0wu1uN0_3_7hGG0306cw"]},{"@type":"Person","@id":"https:\/\/www.bellunopress.it\/#\/schema\/person\/79bb06722b37ece1c03d3e94beb30d73","name":"r\u00e9daction","image":{"@type":"ImageObject","inLanguage":"fr-FR","@id":"https:\/\/secure.gravatar.com\/avatar\/37d968a2e67a6fd04c169c4bdef102d0bc5d31b2546345219e348575eb80e9a0?s=96&d=mm&r=g","url":"https:\/\/secure.gravatar.com\/avatar\/37d968a2e67a6fd04c169c4bdef102d0bc5d31b2546345219e348575eb80e9a0?s=96&d=mm&r=g","contentUrl":"https:\/\/secure.gravatar.com\/avatar\/37d968a2e67a6fd04c169c4bdef102d0bc5d31b2546345219e348575eb80e9a0?s=96&d=mm&r=g","caption":"redazione"},"sameAs":["http:\/\/www.bellunopress.it","https:\/\/x.com\/bellunopress"],"url":"https:\/\/www.bellunopress.it\/fr\/author\/redazione\/"}]}},"_links":{"self":[{"href":"https:\/\/www.bellunopress.it\/fr\/wp-json\/wp\/v2\/posts\/6162","targetHints":{"allow":["GET"]}}],"collection":[{"href":"https:\/\/www.bellunopress.it\/fr\/wp-json\/wp\/v2\/posts"}],"about":[{"href":"https:\/\/www.bellunopress.it\/fr\/wp-json\/wp\/v2\/types\/post"}],"author":[{"embeddable":true,"href":"https:\/\/www.bellunopress.it\/fr\/wp-json\/wp\/v2\/users\/2"}],"replies":[{"embeddable":true,"href":"https:\/\/www.bellunopress.it\/fr\/wp-json\/wp\/v2\/comments?post=6162"}],"version-history":[{"count":3,"href":"https:\/\/www.bellunopress.it\/fr\/wp-json\/wp\/v2\/posts\/6162\/revisions"}],"predecessor-version":[{"id":6170,"href":"https:\/\/www.bellunopress.it\/fr\/wp-json\/wp\/v2\/posts\/6162\/revisions\/6170"}],"wp:attachment":[{"href":"https:\/\/www.bellunopress.it\/fr\/wp-json\/wp\/v2\/media?parent=6162"}],"wp:term":[{"taxonomy":"category","embeddable":true,"href":"https:\/\/www.bellunopress.it\/fr\/wp-json\/wp\/v2\/categories?post=6162"},{"taxonomy":"post_tag","embeddable":true,"href":"https:\/\/www.bellunopress.it\/fr\/wp-json\/wp\/v2\/tags?post=6162"}],"curies":[{"name":"wp","href":"https:\/\/api.w.org\/{rel}","templated":true}]}}