{"id":6159,"date":"2009-07-20T15:30:41","date_gmt":"2009-07-20T14:30:41","guid":{"rendered":"http:\/\/www.bellunopress.it\/?p=6159"},"modified":"2009-07-20T15:30:41","modified_gmt":"2009-07-20T14:30:41","slug":"comune-di-farra-dalpago-le-precisazioni-della-maggioranza-sulle-affermazioni-dellex-sindaco-dal-paos","status":"publish","type":"post","link":"https:\/\/www.bellunopress.it\/fr\/2009\/07\/20\/comune-di-farra-dalpago-le-precisazioni-della-maggioranza-sulle-affermazioni-dellex-sindaco-dal-paos\/","title":{"rendered":"Comune di Farra d&#8217;Alpago: le precisazioni della maggioranza sulle affermazioni dell&#8217;ex sindaco Dal Paos"},"content":{"rendered":"<figure id=\"attachment_6160\" aria-describedby=\"caption-attachment-6160\" style=\"width: 101px\" class=\"wp-caption alignleft\"><a href=\"http:\/\/www.bellunopress.it\/wp-content\/uploads\/2009\/07\/floriano-de-pra-sindaco-farra-dalpago.jpg\"><img loading=\"lazy\" decoding=\"async\" class=\"size-medium wp-image-6160\" title=\"floriano-de-pra-sindaco-farra-dalpago\" src=\"http:\/\/www.bellunopress.it\/wp-content\/uploads\/2009\/07\/floriano-de-pra-sindaco-farra-dalpago.jpg\" alt=\"Floriano De Pra, sindaco di Farra d'Alpago\" width=\"101\" height=\"111\" \/><\/a><figcaption id=\"caption-attachment-6160\" class=\"wp-caption-text\">Floriano De Pra, sindaco di Farra d<\/figcaption><\/figure>\n<p>A seguito di un articolo pubblicato su un quotidiano locale in data 14 luglio 2009, c&#8217;\u00e8 l&#8217;intervento di precisazione dell&#8217;amministrazione di Farra d&#8217;Alpago. &#8220;Chiarisco fin da subito che non vi \u00e8 alcuna guerra in corso da parte nostra nei confronti della minoranza&#8221; premette il sindaco Floriano De Pra, &#8220;ma non si pu\u00f2 affermare altrettanto da parte del loro capogruppo, che non lesina uscite extemporanee anche all&#8217;interno del Consiglio per affermare falsit\u00e0 e calunnie&#8221;. L&#8217;assessore ai lavori pubblici Fioravante Brandalise, tirato in ballo dal capogruppo di minoranza, precisa: &#8220;Il signor Dal Paos afferma che l&#8217;80% dei lavori messi in programma dall&#8217;attuale amministrazione sono scelte loro. Vorrei chiedere se riferito al numero degli interventi o al costo complessivo? Sparare numeri a caso comunque, a chi in uno dei primi Consigli ha affermato che la finanza \u00e8 per definizione &#8220;creativa&#8221;, risulta particolarmente facile. In un Comune di 40 kmq. con 2800 abitanti &#8211; prosegue l&#8217;assessore &#8211;\u00a0 dove la maggior parte del territorio \u00e8 lago o foresta, le opere prioritarie sono di facile individuazione. Compito dell&#8217;amministrazione \u00e8 trovare le risorse finanziarie e realizzare le opere. Mentre il signor Dal Paos negli anni passati \u00e8 riuscito ad individuare alcune di quelle opere che peraltro, in parte, non ha mai finanziato preferendo spendere i soldi di un Comune in studi hollywoodiani e bozzetti di opere pubbliche. Come l&#8217;attuale rotonda fronte palestra. Questa Amministrazione, invece, \u00e8 riuscita in un solo anno a portare a casa importanti contributi per pi\u00f9 di un milione di euro atti a finalizzare opere importanti per questo territorio ed il suo sviluppo&#8221;. Nella rissa verbale interviene anche il consigliere di maggioranza Alberto Peterle, che dice: &#8220;Compito della minoranza dovrebbe essere quello di contenere gli sbagli, comunque non escludibili, e di indirizzare l&#8217;amministrazione verso scelte che tutelino l\u2019interesse dei cittadini. E non\u00a0 affermare falsit\u00e0 che non sono per nulla espressione di un programma politico definito! Un esempio di incoerenza su tutti: l&#8217;attuale minoranza ha affermato che la precedente amministrazione aveva previsto sgravi fiscali per le persone colpite dalla tromba d&#8217;aria del 2007 e stanziato dei fondi per contributi a loro favore. Tuttavia, nel bilancio di previsione 2008, redatto da tale precedente Amministrazione, non\u00a0 si vende neanche l\u2019ombra di uno sgravio fiscale. Solo un esiguo stanziamento di 5 mila euro che l\u2019attuale amministrazione ha portato a 15.000. Oltre a farsi parte attiva nei confronti della Regione per ottenere i contributi da girare alle famiglie colpite!&#8221; Sulla stessa linea l&#8217;assessore alla Cultura Luca Padovan: &#8220;Siamo stanchi di avere a che fare con un capogruppo di minoranza che non sa dove parare &#8211; afferma &#8211;\u00a0 Chiediamo collaborazione da uno che dovrebbe sapere qualcosa visti gli anni passati dentro le mura municipali&#8221;. Conclude il sindaco Floriano De Pra\u00a0 dicendo: &#8220;Chiedo per l&#8217;ennesima volta al signor Dal Paos di tornare a fare l&#8217;amministratore di minoranza&#8221;<\/p>","protected":false},"excerpt":{"rendered":"<p>A seguito di un articolo pubblicato su un quotidiano locale in data 14 luglio 2009, c&#8217;\u00e8 l&#8217;intervento di precisazione dell&#8217;amministrazione di Farra d&#8217;Alpago. &#8220;Chiarisco fin da subito che non vi \u00e8 alcuna guerra in corso da parte nostra nei confronti della minoranza&#8221; premette il sindaco Floriano De Pra, &#8220;ma non si pu\u00f2 affermare altrettanto da [&hellip;]<\/p>\n","protected":false},"author":2,"featured_media":0,"comment_status":"closed","ping_status":"open","sticky":false,"template":"","format":"standard","meta":{"footnotes":""},"categories":[5,26],"tags":[139],"class_list":["post-6159","post","type-post","status-publish","format-standard","category-cronaca","category-prima-pagina","tag-belluno"],"yoast_head":"<!-- This site is optimized with the Yoast SEO plugin v28.4 - https:\/\/yoast.com\/product\/yoast-seo-wordpress\/ -->\n<title>Comune di Farra d&#039;Alpago: le precisazioni della maggioranza sulle affermazioni dell&#039;ex sindaco Dal Paos - Bellunopress - Dolomiti<\/title>\n<meta name=\"robots\" content=\"index, follow, max-snippet:-1, max-image-preview:large, max-video-preview:-1\" \/>\n<link rel=\"canonical\" href=\"https:\/\/www.bellunopress.it\/fr\/2009\/07\/20\/comune-di-farra-dalpago-le-precisazioni-della-maggioranza-sulle-affermazioni-dellex-sindaco-dal-paos\/\" \/>\n<meta property=\"og:locale\" content=\"fr_FR\" \/>\n<meta property=\"og:type\" content=\"article\" \/>\n<meta property=\"og:title\" content=\"Comune di Farra d&#039;Alpago: le precisazioni della maggioranza sulle affermazioni dell&#039;ex sindaco Dal Paos - Bellunopress - Dolomiti\" \/>\n<meta property=\"og:description\" content=\"A seguito di un articolo pubblicato su un quotidiano locale in data 14 luglio 2009, c&#8217;\u00e8 l&#8217;intervento di precisazione dell&#8217;amministrazione di Farra d&#8217;Alpago. &#8220;Chiarisco fin da subito che non vi \u00e8 alcuna guerra in corso da parte nostra nei confronti della minoranza&#8221; premette il sindaco Floriano De Pra, &#8220;ma non si pu\u00f2 affermare altrettanto da [&hellip;]\" \/>\n<meta property=\"og:url\" content=\"https:\/\/www.bellunopress.it\/fr\/2009\/07\/20\/comune-di-farra-dalpago-le-precisazioni-della-maggioranza-sulle-affermazioni-dellex-sindaco-dal-paos\/\" \/>\n<meta property=\"og:site_name\" content=\"Bellunopress - Dolomiti\" \/>\n<meta property=\"article:publisher\" content=\"https:\/\/www.facebook.com\/profile.php?id=100008943462799\" \/>\n<meta property=\"article:published_time\" content=\"2009-07-20T14:30:41+00:00\" \/>\n<meta property=\"og:image\" content=\"http:\/\/www.bellunopress.it\/wp-content\/uploads\/2009\/07\/floriano-de-pra-sindaco-farra-dalpago.jpg\" \/>\n<meta name=\"author\" content=\"redazione\" \/>\n<meta name=\"twitter:card\" content=\"summary_large_image\" \/>\n<meta name=\"twitter:creator\" content=\"@bellunopress\" \/>\n<meta name=\"twitter:site\" content=\"@bellunopress\" \/>\n<meta name=\"twitter:label1\" content=\"\u00c9crit par\" \/>\n\t<meta name=\"twitter:data1\" content=\"redazione\" \/>\n\t<meta name=\"twitter:label2\" content=\"Dur\u00e9e de lecture estim\u00e9e\" \/>\n\t<meta name=\"twitter:data2\" content=\"2 minutes\" \/>\n<script type=\"application\/ld+json\" class=\"yoast-schema-graph\">{\"@context\":\"https:\\\/\\\/schema.org\",\"@graph\":[{\"@type\":\"Article\",\"@id\":\"https:\\\/\\\/www.bellunopress.it\\\/2009\\\/07\\\/20\\\/comune-di-farra-dalpago-le-precisazioni-della-maggioranza-sulle-affermazioni-dellex-sindaco-dal-paos\\\/#article\",\"isPartOf\":{\"@id\":\"https:\\\/\\\/www.bellunopress.it\\\/2009\\\/07\\\/20\\\/comune-di-farra-dalpago-le-precisazioni-della-maggioranza-sulle-affermazioni-dellex-sindaco-dal-paos\\\/\"},\"author\":{\"name\":\"redazione\",\"@id\":\"https:\\\/\\\/www.bellunopress.it\\\/#\\\/schema\\\/person\\\/79bb06722b37ece1c03d3e94beb30d73\"},\"headline\":\"Comune di Farra d&#8217;Alpago: le precisazioni della maggioranza sulle affermazioni dell&#8217;ex sindaco Dal Paos\",\"datePublished\":\"2009-07-20T14:30:41+00:00\",\"mainEntityOfPage\":{\"@id\":\"https:\\\/\\\/www.bellunopress.it\\\/2009\\\/07\\\/20\\\/comune-di-farra-dalpago-le-precisazioni-della-maggioranza-sulle-affermazioni-dellex-sindaco-dal-paos\\\/\"},\"wordCount\":501,\"publisher\":{\"@id\":\"https:\\\/\\\/www.bellunopress.it\\\/#organization\"},\"image\":{\"@id\":\"https:\\\/\\\/www.bellunopress.it\\\/2009\\\/07\\\/20\\\/comune-di-farra-dalpago-le-precisazioni-della-maggioranza-sulle-affermazioni-dellex-sindaco-dal-paos\\\/#primaryimage\"},\"thumbnailUrl\":\"http:\\\/\\\/www.bellunopress.it\\\/wp-content\\\/uploads\\\/2009\\\/07\\\/floriano-de-pra-sindaco-farra-dalpago.jpg\",\"keywords\":[\"Belluno\"],\"articleSection\":[\"Cronaca\\\/Politica\",\"Prima Pagina\"],\"inLanguage\":\"fr-FR\"},{\"@type\":\"WebPage\",\"@id\":\"https:\\\/\\\/www.bellunopress.it\\\/2009\\\/07\\\/20\\\/comune-di-farra-dalpago-le-precisazioni-della-maggioranza-sulle-affermazioni-dellex-sindaco-dal-paos\\\/\",\"url\":\"https:\\\/\\\/www.bellunopress.it\\\/2009\\\/07\\\/20\\\/comune-di-farra-dalpago-le-precisazioni-della-maggioranza-sulle-affermazioni-dellex-sindaco-dal-paos\\\/\",\"name\":\"Comune di Farra d'Alpago: le precisazioni della maggioranza sulle affermazioni dell'ex sindaco Dal Paos - Bellunopress - Dolomiti\",\"isPartOf\":{\"@id\":\"https:\\\/\\\/www.bellunopress.it\\\/#website\"},\"primaryImageOfPage\":{\"@id\":\"https:\\\/\\\/www.bellunopress.it\\\/2009\\\/07\\\/20\\\/comune-di-farra-dalpago-le-precisazioni-della-maggioranza-sulle-affermazioni-dellex-sindaco-dal-paos\\\/#primaryimage\"},\"image\":{\"@id\":\"https:\\\/\\\/www.bellunopress.it\\\/2009\\\/07\\\/20\\\/comune-di-farra-dalpago-le-precisazioni-della-maggioranza-sulle-affermazioni-dellex-sindaco-dal-paos\\\/#primaryimage\"},\"thumbnailUrl\":\"http:\\\/\\\/www.bellunopress.it\\\/wp-content\\\/uploads\\\/2009\\\/07\\\/floriano-de-pra-sindaco-farra-dalpago.jpg\",\"datePublished\":\"2009-07-20T14:30:41+00:00\",\"breadcrumb\":{\"@id\":\"https:\\\/\\\/www.bellunopress.it\\\/2009\\\/07\\\/20\\\/comune-di-farra-dalpago-le-precisazioni-della-maggioranza-sulle-affermazioni-dellex-sindaco-dal-paos\\\/#breadcrumb\"},\"inLanguage\":\"fr-FR\",\"potentialAction\":[{\"@type\":\"ReadAction\",\"target\":[\"https:\\\/\\\/www.bellunopress.it\\\/2009\\\/07\\\/20\\\/comune-di-farra-dalpago-le-precisazioni-della-maggioranza-sulle-affermazioni-dellex-sindaco-dal-paos\\\/\"]}]},{\"@type\":\"ImageObject\",\"inLanguage\":\"fr-FR\",\"@id\":\"https:\\\/\\\/www.bellunopress.it\\\/2009\\\/07\\\/20\\\/comune-di-farra-dalpago-le-precisazioni-della-maggioranza-sulle-affermazioni-dellex-sindaco-dal-paos\\\/#primaryimage\",\"url\":\"http:\\\/\\\/www.bellunopress.it\\\/wp-content\\\/uploads\\\/2009\\\/07\\\/floriano-de-pra-sindaco-farra-dalpago.jpg\",\"contentUrl\":\"http:\\\/\\\/www.bellunopress.it\\\/wp-content\\\/uploads\\\/2009\\\/07\\\/floriano-de-pra-sindaco-farra-dalpago.jpg\"},{\"@type\":\"BreadcrumbList\",\"@id\":\"https:\\\/\\\/www.bellunopress.it\\\/2009\\\/07\\\/20\\\/comune-di-farra-dalpago-le-precisazioni-della-maggioranza-sulle-affermazioni-dellex-sindaco-dal-paos\\\/#breadcrumb\",\"itemListElement\":[{\"@type\":\"ListItem\",\"position\":1,\"name\":\"Home\",\"item\":\"https:\\\/\\\/www.bellunopress.it\\\/\"},{\"@type\":\"ListItem\",\"position\":2,\"name\":\"Comune di Farra d&#8217;Alpago: le precisazioni della maggioranza sulle affermazioni dell&#8217;ex sindaco Dal Paos\"}]},{\"@type\":\"WebSite\",\"@id\":\"https:\\\/\\\/www.bellunopress.it\\\/#website\",\"url\":\"https:\\\/\\\/www.bellunopress.it\\\/\",\"name\":\"Bellunopress - Dolomiti\",\"description\":\"e-mail: redazione@bellunopress.it\",\"publisher\":{\"@id\":\"https:\\\/\\\/www.bellunopress.it\\\/#organization\"},\"potentialAction\":[{\"@type\":\"SearchAction\",\"target\":{\"@type\":\"EntryPoint\",\"urlTemplate\":\"https:\\\/\\\/www.bellunopress.it\\\/?s={search_term_string}\"},\"query-input\":{\"@type\":\"PropertyValueSpecification\",\"valueRequired\":true,\"valueName\":\"search_term_string\"}}],\"inLanguage\":\"fr-FR\"},{\"@type\":\"Organization\",\"@id\":\"https:\\\/\\\/www.bellunopress.it\\\/#organization\",\"name\":\"Bellunopress\",\"url\":\"https:\\\/\\\/www.bellunopress.it\\\/\",\"logo\":{\"@type\":\"ImageObject\",\"inLanguage\":\"fr-FR\",\"@id\":\"https:\\\/\\\/www.bellunopress.it\\\/#\\\/schema\\\/logo\\\/image\\\/\",\"url\":\"https:\\\/\\\/www.bellunopress.it\\\/wp-content\\\/uploads\\\/2011\\\/05\\\/cropped-logo-bellunopress-.jpg\",\"contentUrl\":\"https:\\\/\\\/www.bellunopress.it\\\/wp-content\\\/uploads\\\/2011\\\/05\\\/cropped-logo-bellunopress-.jpg\",\"width\":512,\"height\":512,\"caption\":\"Bellunopress\"},\"image\":{\"@id\":\"https:\\\/\\\/www.bellunopress.it\\\/#\\\/schema\\\/logo\\\/image\\\/\"},\"sameAs\":[\"https:\\\/\\\/www.facebook.com\\\/profile.php?id=100008943462799\",\"https:\\\/\\\/x.com\\\/bellunopress\",\"https:\\\/\\\/www.linkedin.com\\\/hp\\\/?dnr=JBzUWaJfMUw8vbXJJ2tVW5-I3jZKvC4wsoxE&amp;amp;amp;amp;amp;amp;trk=nav_responsive_tab_home\",\"https:\\\/\\\/www.youtube.com\\\/channel\\\/UCxL0wu1uN0_3_7hGG0306cw\"]},{\"@type\":\"Person\",\"@id\":\"https:\\\/\\\/www.bellunopress.it\\\/#\\\/schema\\\/person\\\/79bb06722b37ece1c03d3e94beb30d73\",\"name\":\"redazione\",\"image\":{\"@type\":\"ImageObject\",\"inLanguage\":\"fr-FR\",\"@id\":\"https:\\\/\\\/secure.gravatar.com\\\/avatar\\\/37d968a2e67a6fd04c169c4bdef102d0bc5d31b2546345219e348575eb80e9a0?s=96&d=mm&r=g\",\"url\":\"https:\\\/\\\/secure.gravatar.com\\\/avatar\\\/37d968a2e67a6fd04c169c4bdef102d0bc5d31b2546345219e348575eb80e9a0?s=96&d=mm&r=g\",\"contentUrl\":\"https:\\\/\\\/secure.gravatar.com\\\/avatar\\\/37d968a2e67a6fd04c169c4bdef102d0bc5d31b2546345219e348575eb80e9a0?s=96&d=mm&r=g\",\"caption\":\"redazione\"},\"sameAs\":[\"http:\\\/\\\/www.bellunopress.it\",\"https:\\\/\\\/x.com\\\/bellunopress\"],\"url\":\"https:\\\/\\\/www.bellunopress.it\\\/fr\\\/author\\\/redazione\\\/\"}]}<\/script>\n<!-- \/ Yoast SEO plugin. -->","yoast_head_json":{"title":"Comune di Farra d'Alpago: le precisazioni della maggioranza sulle affermazioni dell'ex sindaco Dal Paos - Bellunopress - Dolomiti","robots":{"index":"index","follow":"follow","max-snippet":"max-snippet:-1","max-image-preview":"max-image-preview:large","max-video-preview":"max-video-preview:-1"},"canonical":"https:\/\/www.bellunopress.it\/fr\/2009\/07\/20\/comune-di-farra-dalpago-le-precisazioni-della-maggioranza-sulle-affermazioni-dellex-sindaco-dal-paos\/","og_locale":"fr_FR","og_type":"article","og_title":"Comune di Farra d'Alpago: le precisazioni della maggioranza sulle affermazioni dell'ex sindaco Dal Paos - Bellunopress - Dolomiti","og_description":"A seguito di un articolo pubblicato su un quotidiano locale in data 14 luglio 2009, c&#8217;\u00e8 l&#8217;intervento di precisazione dell&#8217;amministrazione di Farra d&#8217;Alpago. &#8220;Chiarisco fin da subito che non vi \u00e8 alcuna guerra in corso da parte nostra nei confronti della minoranza&#8221; premette il sindaco Floriano De Pra, &#8220;ma non si pu\u00f2 affermare altrettanto da [&hellip;]","og_url":"https:\/\/www.bellunopress.it\/fr\/2009\/07\/20\/comune-di-farra-dalpago-le-precisazioni-della-maggioranza-sulle-affermazioni-dellex-sindaco-dal-paos\/","og_site_name":"Bellunopress - Dolomiti","article_publisher":"https:\/\/www.facebook.com\/profile.php?id=100008943462799","article_published_time":"2009-07-20T14:30:41+00:00","og_image":[{"url":"http:\/\/www.bellunopress.it\/wp-content\/uploads\/2009\/07\/floriano-de-pra-sindaco-farra-dalpago.jpg","type":"","width":"","height":""}],"author":"redazione","twitter_card":"summary_large_image","twitter_creator":"@bellunopress","twitter_site":"@bellunopress","twitter_misc":{"\u00c9crit par":"redazione","Dur\u00e9e de lecture estim\u00e9e":"2 minutes"},"schema":{"@context":"https:\/\/schema.org","@graph":[{"@type":"Article","@id":"https:\/\/www.bellunopress.it\/2009\/07\/20\/comune-di-farra-dalpago-le-precisazioni-della-maggioranza-sulle-affermazioni-dellex-sindaco-dal-paos\/#article","isPartOf":{"@id":"https:\/\/www.bellunopress.it\/2009\/07\/20\/comune-di-farra-dalpago-le-precisazioni-della-maggioranza-sulle-affermazioni-dellex-sindaco-dal-paos\/"},"author":{"name":"redazione","@id":"https:\/\/www.bellunopress.it\/#\/schema\/person\/79bb06722b37ece1c03d3e94beb30d73"},"headline":"Comune di Farra d&#8217;Alpago: le precisazioni della maggioranza sulle affermazioni dell&#8217;ex sindaco Dal Paos","datePublished":"2009-07-20T14:30:41+00:00","mainEntityOfPage":{"@id":"https:\/\/www.bellunopress.it\/2009\/07\/20\/comune-di-farra-dalpago-le-precisazioni-della-maggioranza-sulle-affermazioni-dellex-sindaco-dal-paos\/"},"wordCount":501,"publisher":{"@id":"https:\/\/www.bellunopress.it\/#organization"},"image":{"@id":"https:\/\/www.bellunopress.it\/2009\/07\/20\/comune-di-farra-dalpago-le-precisazioni-della-maggioranza-sulle-affermazioni-dellex-sindaco-dal-paos\/#primaryimage"},"thumbnailUrl":"http:\/\/www.bellunopress.it\/wp-content\/uploads\/2009\/07\/floriano-de-pra-sindaco-farra-dalpago.jpg","keywords":["Belluno"],"articleSection":["Cronaca\/Politica","Prima Pagina"],"inLanguage":"fr-FR"},{"@type":"WebPage","@id":"https:\/\/www.bellunopress.it\/2009\/07\/20\/comune-di-farra-dalpago-le-precisazioni-della-maggioranza-sulle-affermazioni-dellex-sindaco-dal-paos\/","url":"https:\/\/www.bellunopress.it\/2009\/07\/20\/comune-di-farra-dalpago-le-precisazioni-della-maggioranza-sulle-affermazioni-dellex-sindaco-dal-paos\/","name":"Comune di Farra d'Alpago: le precisazioni della maggioranza sulle affermazioni dell'ex sindaco Dal Paos - Bellunopress - Dolomiti","isPartOf":{"@id":"https:\/\/www.bellunopress.it\/#website"},"primaryImageOfPage":{"@id":"https:\/\/www.bellunopress.it\/2009\/07\/20\/comune-di-farra-dalpago-le-precisazioni-della-maggioranza-sulle-affermazioni-dellex-sindaco-dal-paos\/#primaryimage"},"image":{"@id":"https:\/\/www.bellunopress.it\/2009\/07\/20\/comune-di-farra-dalpago-le-precisazioni-della-maggioranza-sulle-affermazioni-dellex-sindaco-dal-paos\/#primaryimage"},"thumbnailUrl":"http:\/\/www.bellunopress.it\/wp-content\/uploads\/2009\/07\/floriano-de-pra-sindaco-farra-dalpago.jpg","datePublished":"2009-07-20T14:30:41+00:00","breadcrumb":{"@id":"https:\/\/www.bellunopress.it\/2009\/07\/20\/comune-di-farra-dalpago-le-precisazioni-della-maggioranza-sulle-affermazioni-dellex-sindaco-dal-paos\/#breadcrumb"},"inLanguage":"fr-FR","potentialAction":[{"@type":"ReadAction","target":["https:\/\/www.bellunopress.it\/2009\/07\/20\/comune-di-farra-dalpago-le-precisazioni-della-maggioranza-sulle-affermazioni-dellex-sindaco-dal-paos\/"]}]},{"@type":"ImageObject","inLanguage":"fr-FR","@id":"https:\/\/www.bellunopress.it\/2009\/07\/20\/comune-di-farra-dalpago-le-precisazioni-della-maggioranza-sulle-affermazioni-dellex-sindaco-dal-paos\/#primaryimage","url":"http:\/\/www.bellunopress.it\/wp-content\/uploads\/2009\/07\/floriano-de-pra-sindaco-farra-dalpago.jpg","contentUrl":"http:\/\/www.bellunopress.it\/wp-content\/uploads\/2009\/07\/floriano-de-pra-sindaco-farra-dalpago.jpg"},{"@type":"BreadcrumbList","@id":"https:\/\/www.bellunopress.it\/2009\/07\/20\/comune-di-farra-dalpago-le-precisazioni-della-maggioranza-sulle-affermazioni-dellex-sindaco-dal-paos\/#breadcrumb","itemListElement":[{"@type":"ListItem","position":1,"name":"Home","item":"https:\/\/www.bellunopress.it\/"},{"@type":"ListItem","position":2,"name":"Comune di Farra d&#8217;Alpago: le precisazioni della maggioranza sulle affermazioni dell&#8217;ex sindaco Dal Paos"}]},{"@type":"WebSite","@id":"https:\/\/www.bellunopress.it\/#website","url":"https:\/\/www.bellunopress.it\/","name":"Bellunopress - Dolomiti","description":"e-mail: redazione@bellunopress.it","publisher":{"@id":"https:\/\/www.bellunopress.it\/#organization"},"potentialAction":[{"@type":"SearchAction","target":{"@type":"EntryPoint","urlTemplate":"https:\/\/www.bellunopress.it\/?s={search_term_string}"},"query-input":{"@type":"PropertyValueSpecification","valueRequired":true,"valueName":"search_term_string"}}],"inLanguage":"fr-FR"},{"@type":"Organization","@id":"https:\/\/www.bellunopress.it\/#organization","name":"Bellunopress","url":"https:\/\/www.bellunopress.it\/","logo":{"@type":"ImageObject","inLanguage":"fr-FR","@id":"https:\/\/www.bellunopress.it\/#\/schema\/logo\/image\/","url":"https:\/\/www.bellunopress.it\/wp-content\/uploads\/2011\/05\/cropped-logo-bellunopress-.jpg","contentUrl":"https:\/\/www.bellunopress.it\/wp-content\/uploads\/2011\/05\/cropped-logo-bellunopress-.jpg","width":512,"height":512,"caption":"Bellunopress"},"image":{"@id":"https:\/\/www.bellunopress.it\/#\/schema\/logo\/image\/"},"sameAs":["https:\/\/www.facebook.com\/profile.php?id=100008943462799","https:\/\/x.com\/bellunopress","https:\/\/www.linkedin.com\/hp\/?dnr=JBzUWaJfMUw8vbXJJ2tVW5-I3jZKvC4wsoxE&amp;amp;amp;amp;amp;amp;trk=nav_responsive_tab_home","https:\/\/www.youtube.com\/channel\/UCxL0wu1uN0_3_7hGG0306cw"]},{"@type":"Person","@id":"https:\/\/www.bellunopress.it\/#\/schema\/person\/79bb06722b37ece1c03d3e94beb30d73","name":"r\u00e9daction","image":{"@type":"ImageObject","inLanguage":"fr-FR","@id":"https:\/\/secure.gravatar.com\/avatar\/37d968a2e67a6fd04c169c4bdef102d0bc5d31b2546345219e348575eb80e9a0?s=96&d=mm&r=g","url":"https:\/\/secure.gravatar.com\/avatar\/37d968a2e67a6fd04c169c4bdef102d0bc5d31b2546345219e348575eb80e9a0?s=96&d=mm&r=g","contentUrl":"https:\/\/secure.gravatar.com\/avatar\/37d968a2e67a6fd04c169c4bdef102d0bc5d31b2546345219e348575eb80e9a0?s=96&d=mm&r=g","caption":"redazione"},"sameAs":["http:\/\/www.bellunopress.it","https:\/\/x.com\/bellunopress"],"url":"https:\/\/www.bellunopress.it\/fr\/author\/redazione\/"}]}},"_links":{"self":[{"href":"https:\/\/www.bellunopress.it\/fr\/wp-json\/wp\/v2\/posts\/6159","targetHints":{"allow":["GET"]}}],"collection":[{"href":"https:\/\/www.bellunopress.it\/fr\/wp-json\/wp\/v2\/posts"}],"about":[{"href":"https:\/\/www.bellunopress.it\/fr\/wp-json\/wp\/v2\/types\/post"}],"author":[{"embeddable":true,"href":"https:\/\/www.bellunopress.it\/fr\/wp-json\/wp\/v2\/users\/2"}],"replies":[{"embeddable":true,"href":"https:\/\/www.bellunopress.it\/fr\/wp-json\/wp\/v2\/comments?post=6159"}],"version-history":[{"count":1,"href":"https:\/\/www.bellunopress.it\/fr\/wp-json\/wp\/v2\/posts\/6159\/revisions"}],"predecessor-version":[{"id":6161,"href":"https:\/\/www.bellunopress.it\/fr\/wp-json\/wp\/v2\/posts\/6159\/revisions\/6161"}],"wp:attachment":[{"href":"https:\/\/www.bellunopress.it\/fr\/wp-json\/wp\/v2\/media?parent=6159"}],"wp:term":[{"taxonomy":"category","embeddable":true,"href":"https:\/\/www.bellunopress.it\/fr\/wp-json\/wp\/v2\/categories?post=6159"},{"taxonomy":"post_tag","embeddable":true,"href":"https:\/\/www.bellunopress.it\/fr\/wp-json\/wp\/v2\/tags?post=6159"}],"curies":[{"name":"wp","href":"https:\/\/api.w.org\/{rel}","templated":true}]}}