{"id":61573,"date":"2014-08-17T00:10:34","date_gmt":"2014-08-16T23:10:34","guid":{"rendered":"http:\/\/www.bellunopress.it\/?p=61573"},"modified":"2015-01-19T13:29:56","modified_gmt":"2015-01-19T12:29:56","slug":"nordio-a-cortina-presenta-operazione-grifone-litalia-come-la-decadenza-dellimpero-romano-marina-ripa-di-meana-chiede-la-grazia-per-fabrizio-corona","status":"publish","type":"post","link":"https:\/\/www.bellunopress.it\/fr\/2014\/08\/17\/nordio-a-cortina-presenta-operazione-grifone-litalia-come-la-decadenza-dellimpero-romano-marina-ripa-di-meana-chiede-la-grazia-per-fabrizio-corona\/","title":{"rendered":"Nordio a Cortina presenta &#8220;Operazione grifone&#8221;. L&#8217;Italia come ai tempi della caduta dell&#8217;Impero romano. Marina Ripa di Meana chiede la grazia per Fabrizio Corona"},"content":{"rendered":"<p>&nbsp;<\/p>\n<p><span style=\"font-family: Arial, sans-serif;\"><span style=\"font-size: medium;\"><span style=\"color: #252525;\"><a href=\"http:\/\/www.bellunopress.it\/wp-content\/uploads\/2014\/08\/carlo-nordio-rosanna-raffaelli-ghedina-2.jpg\"><img loading=\"lazy\" decoding=\"async\" class=\"alignleft size-full wp-image-61574\" src=\"http:\/\/www.bellunopress.it\/wp-content\/uploads\/2014\/08\/carlo-nordio-rosanna-raffaelli-ghedina-2.jpg\" alt=\"carlo nordio rosanna raffaelli ghedina (2)\" width=\"290\" height=\"202\" \/><\/a>S<\/span><\/span><\/span>ala gremita sabato (16 agosto) al Miramonti Majestic Grand Hotel di Cortina d&#8217;Ampezzo per la presentazione del libro \u201cOperazione grifone\u201d di Carlo Nordio, procuratore aggiunto alla Procura della Repubblica di Venezia, giornalista e scrittore, negli anni &#8217;80 ha condotto le indagini sulle Brigate rosse, venete, negli anni &#8217;90 su Tangentopoli e le cooperative rosse. A condurre la serata la giornalista Rosanna Raffaelli Ghedina (Cortina Terzo Millennio).<\/p>\n<p>Il libro \u00e8 un romanzo di spionaggio costruito sullo sfondo di fatti autentici della II^ Guerra mondiale. Protagonista della storia \u00e8 Odette, alla quale Nordio dedica il libro, ossia una delle 40 ragazze del Soe Special Operations Executive (13 di loro vennero scoperte e uccise), reclutate dai servizi segreti britannici e paracadutata dietro le linee nemiche prima dell&#8217;ultima offensiva tedesca delle Ardenne (dicembre 1944), la foresta tra il Belgio e il Lussemburgo.<\/p>\n<p>Nel tessere la storia, Nordio si aggancia ad un altro fatto storico, l&#8217;operazione Greif, ossia la missione voluta da Hitler e affidata al tenente colonnello tedesco delle SS Otto Skorzeny (quello che liber\u00f2 Mussolini dalla prigione del Gran Sasso, \u201cUnternehmen Eiche\u201doperazione Quercia 12 settembre 1943) che con i suoi uomini in uniforme americana faceva il lavoro sporco degli infiltrati, per gettare scompiglio nei reparti anglo-americani comandati dal generale Eisenhower (futuro presidente degli Stati Uniti). Ma c&#8217;\u00e8 di pi\u00f9, l&#8217;obiettivo di Skorzeny era quello di eliminare Eisenhower, per lasciare senza comando i 350mila uomini e 1500 carri schierati dagli Alleati, contro i 130mila tedeschi con 450 mezzi corazzati.<\/p>\n<p>Ma la serata \u00e8 stata anche un&#8217;occasione per l&#8217;alto magistrato, per alcune considerazioni storiche e antropologiche. Parla di Hitler e Stalin come personificazioni di Satana, male assoluto. \u201cE&#8217; facile ridere di Mussolini \u2013 ha detto Nordio \u2013 ma nemmeno Charlie Chaplin \u00e8 riuscito a mettere in ridicolo Hitler\u201d!<\/p>\n<p>Nordio si sofferma pi\u00f9 volte nell&#8217;elogio del coraggio. \u201cDimentichiamo che se da 70 anni viviamo in pace &#8211; ha detto \u2013 la libert\u00e0 e la democrazia \u00e8 stata conquistata da degli uomini con il coraggio. Una virt\u00f9 civica che oggi pare dimenticata\u201d.<\/p>\n<p>Inevitabile, dopo i fatti veneziani del Mose, l&#8217;accenno alla corruzione. \u201cNel 1994 con Mani pulite, ritenevamo che la lezione fosse stata appresa. Avevamo inquisito i vertici della Regione, Bernini e De Michelis. Ma non hanno imparato nulla, il passato ritorna\u201d.<\/p>\n<p>Nordio identifica tra le cause della corruzione la farraginosit\u00e0 di leggi e procedure italiane, che invitano a seguire delle scorciatoie. \u201cSe uno deve bussare a 100 porte &#8211; ha detto &#8211; \u00e8 inevitabile che si sviluppi la corruzione\u201d. Ma attribuisce questa rilassatezza dei costumi anche al prolungato tempo di pace che favorisce i vizi. E paragona quello che sta accadendo oggi alla caduta dell&#8217;Impero romano. Cita Edward Gibbon, storico e scrittore inglese, che nella sua \u201cStoria della decadenza e della rovina dell&#8217;Impero romano\u201d descrive le varie fasi che presentano analogie inquietanti con ci\u00f2 che accade oggi. \u201cNel III e IV Secolo &#8211; spiega Nordio \u2013 vi fu un&#8217;immissione consistente di schiavi di cultura e religione diverse nell&#8217;Impero, che andavano a coprire quei lavori che i romani non volevano pi\u00f9 fare. Dopo il II\u00b0 Secolo l&#8217;Impero era collassato, gli antichi romani non volevano pi\u00f9 fare il militare, non volevano fare figli e non credevano pi\u00f9 negli dei, mentre avanzava il Cristianesimo. Gibbon sosteneva nell&#8217;Impero romano del &#8216;300 esistevano molti dei: tutti veri per il popolo, tutti falsi per l&#8217;\u00e9lite, tutti utili per i politici.<\/p>\n<p>La stessa cosa accadde a Venezia. Finch\u00e9 la Repubblica Serenissima svilupp\u00f2 una politica aggressiva resse, poi con la rilassatezza arriva Napoleone e non combatterono nemmeno\u201d.<\/p>\n<p>A fine serata c&#8217;\u00e8 l&#8217;incursione di Marina Ripa di Meana che interpella il magistrato per avere un parere sulla richiesta di grazia per Fabrizio Corona, sostenuta anche da Marco Travaglio sulle colonne de Il Fatto Quotidiano, dove dice \u201cOra che le telefonate di un premier alla Questura di Milano per far rilasciare una minorenne fermata per furto non sono pi\u00f9 reato, una domanda sorge spontanea: che ci fa Fabrizio Corona nel carcere milanese di massima sicurezza di Opera per scontarvi un cumulo di condanne a 13 anni e 8 mesi, poi ridotte con la continuazione a 9 anni? \u00c8 normale che un quarantenne che non ha mai torto un capello a nessuno marcisca in prigione accanto ai boss mafiosi al 41bis, per giunta col divieto di curarsi e rieducarsi, fino al 50\u00b0 compleanno?\u201d<\/p>\n<p>L&#8217;intervento di Marina Ripa di Meana suscita non poche polemiche. Che il procuratore Nordio spegne affermando che la concessione della grazia \u00e8 una prerogativa del capo dello Stato e c&#8217;era chi l&#8217;aveva chiesta addirittura prima della condanna&#8230; Nordio aveva comunque gi\u00e0 accennato, riferendosi alla mancata riforma del codice penale, alle leggi schizofreniche con le quali devono misurarsi i giudici \u201cUna norma impone l&#8217;arresto e un&#8217;altra a distanza di pochi mesi prevede la scarcerazione, perch\u00e9 le carceri sono piene&#8230;\u201d<\/p>\n<p>Alberto De Nart<\/p>\n<p>&nbsp;<\/p>","protected":false},"excerpt":{"rendered":"<p>&nbsp; Sala gremita sabato (16 agosto) al Miramonti Majestic Grand Hotel di Cortina d&#8217;Ampezzo per la presentazione del libro \u201cOperazione grifone\u201d di Carlo Nordio, procuratore aggiunto alla Procura della Repubblica di Venezia, giornalista e scrittore, negli anni &#8217;80 ha condotto le indagini sulle Brigate rosse, venete, negli anni &#8217;90 su Tangentopoli e le cooperative rosse. [&hellip;]<\/p>\n","protected":false},"author":2,"featured_media":0,"comment_status":"closed","ping_status":"open","sticky":false,"template":"","format":"standard","meta":{"footnotes":""},"categories":[3,49,26],"tags":[2986,2988,2987],"class_list":["post-61573","post","type-post","status-publish","format-standard","category-arte-cultura-spettacoli-scienza-archivi","category-speciali","category-prima-pagina","tag-carlo-nordio","tag-marina-ripa-di-meana","tag-operazione-grifone"],"yoast_head":"<!-- This site is optimized with the Yoast SEO plugin v28.4 - https:\/\/yoast.com\/product\/yoast-seo-wordpress\/ -->\n<title>Nordio a Cortina presenta &quot;Operazione grifone&quot;. L&#039;Italia come ai tempi della caduta dell&#039;Impero romano. Marina Ripa di Meana chiede la grazia per Fabrizio Corona - Bellunopress - Dolomiti<\/title>\n<meta name=\"robots\" content=\"index, follow, max-snippet:-1, max-image-preview:large, max-video-preview:-1\" \/>\n<link rel=\"canonical\" href=\"https:\/\/www.bellunopress.it\/fr\/2014\/08\/17\/nordio-a-cortina-presenta-operazione-grifone-litalia-come-la-decadenza-dellimpero-romano-marina-ripa-di-meana-chiede-la-grazia-per-fabrizio-corona\/\" \/>\n<meta property=\"og:locale\" content=\"fr_FR\" \/>\n<meta property=\"og:type\" content=\"article\" \/>\n<meta property=\"og:title\" content=\"Nordio a Cortina presenta &quot;Operazione grifone&quot;. L&#039;Italia come ai tempi della caduta dell&#039;Impero romano. Marina Ripa di Meana chiede la grazia per Fabrizio Corona - Bellunopress - Dolomiti\" \/>\n<meta property=\"og:description\" content=\"&nbsp; Sala gremita sabato (16 agosto) al Miramonti Majestic Grand Hotel di Cortina d&#8217;Ampezzo per la presentazione del libro \u201cOperazione grifone\u201d di Carlo Nordio, procuratore aggiunto alla Procura della Repubblica di Venezia, giornalista e scrittore, negli anni &#8217;80 ha condotto le indagini sulle Brigate rosse, venete, negli anni &#8217;90 su Tangentopoli e le cooperative rosse. [&hellip;]\" \/>\n<meta property=\"og:url\" content=\"https:\/\/www.bellunopress.it\/fr\/2014\/08\/17\/nordio-a-cortina-presenta-operazione-grifone-litalia-come-la-decadenza-dellimpero-romano-marina-ripa-di-meana-chiede-la-grazia-per-fabrizio-corona\/\" \/>\n<meta property=\"og:site_name\" content=\"Bellunopress - Dolomiti\" \/>\n<meta property=\"article:publisher\" content=\"https:\/\/www.facebook.com\/profile.php?id=100008943462799\" \/>\n<meta property=\"article:published_time\" content=\"2014-08-16T23:10:34+00:00\" \/>\n<meta property=\"article:modified_time\" content=\"2015-01-19T12:29:56+00:00\" \/>\n<meta property=\"og:image\" content=\"http:\/\/www.bellunopress.it\/wp-content\/uploads\/2014\/08\/carlo-nordio-rosanna-raffaelli-ghedina-2.jpg\" \/>\n<meta name=\"author\" content=\"redazione\" \/>\n<meta name=\"twitter:card\" content=\"summary_large_image\" \/>\n<meta name=\"twitter:creator\" content=\"@bellunopress\" \/>\n<meta name=\"twitter:site\" content=\"@bellunopress\" \/>\n<meta name=\"twitter:label1\" content=\"\u00c9crit par\" \/>\n\t<meta name=\"twitter:data1\" content=\"redazione\" \/>\n\t<meta name=\"twitter:label2\" content=\"Dur\u00e9e de lecture estim\u00e9e\" \/>\n\t<meta name=\"twitter:data2\" content=\"4 minutes\" \/>\n<script type=\"application\/ld+json\" class=\"yoast-schema-graph\">{\"@context\":\"https:\\\/\\\/schema.org\",\"@graph\":[{\"@type\":\"Article\",\"@id\":\"https:\\\/\\\/www.bellunopress.it\\\/2014\\\/08\\\/17\\\/nordio-a-cortina-presenta-operazione-grifone-litalia-come-la-decadenza-dellimpero-romano-marina-ripa-di-meana-chiede-la-grazia-per-fabrizio-corona\\\/#article\",\"isPartOf\":{\"@id\":\"https:\\\/\\\/www.bellunopress.it\\\/2014\\\/08\\\/17\\\/nordio-a-cortina-presenta-operazione-grifone-litalia-come-la-decadenza-dellimpero-romano-marina-ripa-di-meana-chiede-la-grazia-per-fabrizio-corona\\\/\"},\"author\":{\"name\":\"redazione\",\"@id\":\"https:\\\/\\\/www.bellunopress.it\\\/#\\\/schema\\\/person\\\/79bb06722b37ece1c03d3e94beb30d73\"},\"headline\":\"Nordio a Cortina presenta &#8220;Operazione grifone&#8221;. L&#8217;Italia come ai tempi della caduta dell&#8217;Impero romano. Marina Ripa di Meana chiede la grazia per Fabrizio Corona\",\"datePublished\":\"2014-08-16T23:10:34+00:00\",\"dateModified\":\"2015-01-19T12:29:56+00:00\",\"mainEntityOfPage\":{\"@id\":\"https:\\\/\\\/www.bellunopress.it\\\/2014\\\/08\\\/17\\\/nordio-a-cortina-presenta-operazione-grifone-litalia-come-la-decadenza-dellimpero-romano-marina-ripa-di-meana-chiede-la-grazia-per-fabrizio-corona\\\/\"},\"wordCount\":818,\"publisher\":{\"@id\":\"https:\\\/\\\/www.bellunopress.it\\\/#organization\"},\"image\":{\"@id\":\"https:\\\/\\\/www.bellunopress.it\\\/2014\\\/08\\\/17\\\/nordio-a-cortina-presenta-operazione-grifone-litalia-come-la-decadenza-dellimpero-romano-marina-ripa-di-meana-chiede-la-grazia-per-fabrizio-corona\\\/#primaryimage\"},\"thumbnailUrl\":\"http:\\\/\\\/www.bellunopress.it\\\/wp-content\\\/uploads\\\/2014\\\/08\\\/carlo-nordio-rosanna-raffaelli-ghedina-2.jpg\",\"keywords\":[\"Carlo Nordio\",\"Marina Ripa di Meana\",\"Operazione Grifone\"],\"articleSection\":[\"Arte, Cultura, Spettacoli, Scienza\",\"Gli speciali di Bellunopress\",\"Prima Pagina\"],\"inLanguage\":\"fr-FR\"},{\"@type\":\"WebPage\",\"@id\":\"https:\\\/\\\/www.bellunopress.it\\\/2014\\\/08\\\/17\\\/nordio-a-cortina-presenta-operazione-grifone-litalia-come-la-decadenza-dellimpero-romano-marina-ripa-di-meana-chiede-la-grazia-per-fabrizio-corona\\\/\",\"url\":\"https:\\\/\\\/www.bellunopress.it\\\/2014\\\/08\\\/17\\\/nordio-a-cortina-presenta-operazione-grifone-litalia-come-la-decadenza-dellimpero-romano-marina-ripa-di-meana-chiede-la-grazia-per-fabrizio-corona\\\/\",\"name\":\"Nordio a Cortina presenta \\\"Operazione grifone\\\". L'Italia come ai tempi della caduta dell'Impero romano. Marina Ripa di Meana chiede la grazia per Fabrizio Corona - Bellunopress - Dolomiti\",\"isPartOf\":{\"@id\":\"https:\\\/\\\/www.bellunopress.it\\\/#website\"},\"primaryImageOfPage\":{\"@id\":\"https:\\\/\\\/www.bellunopress.it\\\/2014\\\/08\\\/17\\\/nordio-a-cortina-presenta-operazione-grifone-litalia-come-la-decadenza-dellimpero-romano-marina-ripa-di-meana-chiede-la-grazia-per-fabrizio-corona\\\/#primaryimage\"},\"image\":{\"@id\":\"https:\\\/\\\/www.bellunopress.it\\\/2014\\\/08\\\/17\\\/nordio-a-cortina-presenta-operazione-grifone-litalia-come-la-decadenza-dellimpero-romano-marina-ripa-di-meana-chiede-la-grazia-per-fabrizio-corona\\\/#primaryimage\"},\"thumbnailUrl\":\"http:\\\/\\\/www.bellunopress.it\\\/wp-content\\\/uploads\\\/2014\\\/08\\\/carlo-nordio-rosanna-raffaelli-ghedina-2.jpg\",\"datePublished\":\"2014-08-16T23:10:34+00:00\",\"dateModified\":\"2015-01-19T12:29:56+00:00\",\"breadcrumb\":{\"@id\":\"https:\\\/\\\/www.bellunopress.it\\\/2014\\\/08\\\/17\\\/nordio-a-cortina-presenta-operazione-grifone-litalia-come-la-decadenza-dellimpero-romano-marina-ripa-di-meana-chiede-la-grazia-per-fabrizio-corona\\\/#breadcrumb\"},\"inLanguage\":\"fr-FR\",\"potentialAction\":[{\"@type\":\"ReadAction\",\"target\":[\"https:\\\/\\\/www.bellunopress.it\\\/2014\\\/08\\\/17\\\/nordio-a-cortina-presenta-operazione-grifone-litalia-come-la-decadenza-dellimpero-romano-marina-ripa-di-meana-chiede-la-grazia-per-fabrizio-corona\\\/\"]}]},{\"@type\":\"ImageObject\",\"inLanguage\":\"fr-FR\",\"@id\":\"https:\\\/\\\/www.bellunopress.it\\\/2014\\\/08\\\/17\\\/nordio-a-cortina-presenta-operazione-grifone-litalia-come-la-decadenza-dellimpero-romano-marina-ripa-di-meana-chiede-la-grazia-per-fabrizio-corona\\\/#primaryimage\",\"url\":\"http:\\\/\\\/www.bellunopress.it\\\/wp-content\\\/uploads\\\/2014\\\/08\\\/carlo-nordio-rosanna-raffaelli-ghedina-2.jpg\",\"contentUrl\":\"http:\\\/\\\/www.bellunopress.it\\\/wp-content\\\/uploads\\\/2014\\\/08\\\/carlo-nordio-rosanna-raffaelli-ghedina-2.jpg\"},{\"@type\":\"BreadcrumbList\",\"@id\":\"https:\\\/\\\/www.bellunopress.it\\\/2014\\\/08\\\/17\\\/nordio-a-cortina-presenta-operazione-grifone-litalia-come-la-decadenza-dellimpero-romano-marina-ripa-di-meana-chiede-la-grazia-per-fabrizio-corona\\\/#breadcrumb\",\"itemListElement\":[{\"@type\":\"ListItem\",\"position\":1,\"name\":\"Home\",\"item\":\"https:\\\/\\\/www.bellunopress.it\\\/\"},{\"@type\":\"ListItem\",\"position\":2,\"name\":\"Nordio a Cortina presenta &#8220;Operazione grifone&#8221;. L&#8217;Italia come ai tempi della caduta dell&#8217;Impero romano. Marina Ripa di Meana chiede la grazia per Fabrizio Corona\"}]},{\"@type\":\"WebSite\",\"@id\":\"https:\\\/\\\/www.bellunopress.it\\\/#website\",\"url\":\"https:\\\/\\\/www.bellunopress.it\\\/\",\"name\":\"Bellunopress - Dolomiti\",\"description\":\"e-mail: redazione@bellunopress.it\",\"publisher\":{\"@id\":\"https:\\\/\\\/www.bellunopress.it\\\/#organization\"},\"potentialAction\":[{\"@type\":\"SearchAction\",\"target\":{\"@type\":\"EntryPoint\",\"urlTemplate\":\"https:\\\/\\\/www.bellunopress.it\\\/?s={search_term_string}\"},\"query-input\":{\"@type\":\"PropertyValueSpecification\",\"valueRequired\":true,\"valueName\":\"search_term_string\"}}],\"inLanguage\":\"fr-FR\"},{\"@type\":\"Organization\",\"@id\":\"https:\\\/\\\/www.bellunopress.it\\\/#organization\",\"name\":\"Bellunopress\",\"url\":\"https:\\\/\\\/www.bellunopress.it\\\/\",\"logo\":{\"@type\":\"ImageObject\",\"inLanguage\":\"fr-FR\",\"@id\":\"https:\\\/\\\/www.bellunopress.it\\\/#\\\/schema\\\/logo\\\/image\\\/\",\"url\":\"https:\\\/\\\/www.bellunopress.it\\\/wp-content\\\/uploads\\\/2011\\\/05\\\/cropped-logo-bellunopress-.jpg\",\"contentUrl\":\"https:\\\/\\\/www.bellunopress.it\\\/wp-content\\\/uploads\\\/2011\\\/05\\\/cropped-logo-bellunopress-.jpg\",\"width\":512,\"height\":512,\"caption\":\"Bellunopress\"},\"image\":{\"@id\":\"https:\\\/\\\/www.bellunopress.it\\\/#\\\/schema\\\/logo\\\/image\\\/\"},\"sameAs\":[\"https:\\\/\\\/www.facebook.com\\\/profile.php?id=100008943462799\",\"https:\\\/\\\/x.com\\\/bellunopress\",\"https:\\\/\\\/www.linkedin.com\\\/hp\\\/?dnr=JBzUWaJfMUw8vbXJJ2tVW5-I3jZKvC4wsoxE&amp;amp;amp;amp;amp;amp;trk=nav_responsive_tab_home\",\"https:\\\/\\\/www.youtube.com\\\/channel\\\/UCxL0wu1uN0_3_7hGG0306cw\"]},{\"@type\":\"Person\",\"@id\":\"https:\\\/\\\/www.bellunopress.it\\\/#\\\/schema\\\/person\\\/79bb06722b37ece1c03d3e94beb30d73\",\"name\":\"redazione\",\"image\":{\"@type\":\"ImageObject\",\"inLanguage\":\"fr-FR\",\"@id\":\"https:\\\/\\\/secure.gravatar.com\\\/avatar\\\/37d968a2e67a6fd04c169c4bdef102d0bc5d31b2546345219e348575eb80e9a0?s=96&d=mm&r=g\",\"url\":\"https:\\\/\\\/secure.gravatar.com\\\/avatar\\\/37d968a2e67a6fd04c169c4bdef102d0bc5d31b2546345219e348575eb80e9a0?s=96&d=mm&r=g\",\"contentUrl\":\"https:\\\/\\\/secure.gravatar.com\\\/avatar\\\/37d968a2e67a6fd04c169c4bdef102d0bc5d31b2546345219e348575eb80e9a0?s=96&d=mm&r=g\",\"caption\":\"redazione\"},\"sameAs\":[\"http:\\\/\\\/www.bellunopress.it\",\"https:\\\/\\\/x.com\\\/bellunopress\"],\"url\":\"https:\\\/\\\/www.bellunopress.it\\\/fr\\\/author\\\/redazione\\\/\"}]}<\/script>\n<!-- \/ Yoast SEO plugin. -->","yoast_head_json":{"title":"Nordio a Cortina presenta \"Operazione grifone\". L'Italia come ai tempi della caduta dell'Impero romano. Marina Ripa di Meana chiede la grazia per Fabrizio Corona - Bellunopress - Dolomiti","robots":{"index":"index","follow":"follow","max-snippet":"max-snippet:-1","max-image-preview":"max-image-preview:large","max-video-preview":"max-video-preview:-1"},"canonical":"https:\/\/www.bellunopress.it\/fr\/2014\/08\/17\/nordio-a-cortina-presenta-operazione-grifone-litalia-come-la-decadenza-dellimpero-romano-marina-ripa-di-meana-chiede-la-grazia-per-fabrizio-corona\/","og_locale":"fr_FR","og_type":"article","og_title":"Nordio a Cortina presenta \"Operazione grifone\". L'Italia come ai tempi della caduta dell'Impero romano. Marina Ripa di Meana chiede la grazia per Fabrizio Corona - Bellunopress - Dolomiti","og_description":"&nbsp; Sala gremita sabato (16 agosto) al Miramonti Majestic Grand Hotel di Cortina d&#8217;Ampezzo per la presentazione del libro \u201cOperazione grifone\u201d di Carlo Nordio, procuratore aggiunto alla Procura della Repubblica di Venezia, giornalista e scrittore, negli anni &#8217;80 ha condotto le indagini sulle Brigate rosse, venete, negli anni &#8217;90 su Tangentopoli e le cooperative rosse. [&hellip;]","og_url":"https:\/\/www.bellunopress.it\/fr\/2014\/08\/17\/nordio-a-cortina-presenta-operazione-grifone-litalia-come-la-decadenza-dellimpero-romano-marina-ripa-di-meana-chiede-la-grazia-per-fabrizio-corona\/","og_site_name":"Bellunopress - Dolomiti","article_publisher":"https:\/\/www.facebook.com\/profile.php?id=100008943462799","article_published_time":"2014-08-16T23:10:34+00:00","article_modified_time":"2015-01-19T12:29:56+00:00","og_image":[{"url":"http:\/\/www.bellunopress.it\/wp-content\/uploads\/2014\/08\/carlo-nordio-rosanna-raffaelli-ghedina-2.jpg","type":"","width":"","height":""}],"author":"redazione","twitter_card":"summary_large_image","twitter_creator":"@bellunopress","twitter_site":"@bellunopress","twitter_misc":{"\u00c9crit par":"redazione","Dur\u00e9e de lecture estim\u00e9e":"4 minutes"},"schema":{"@context":"https:\/\/schema.org","@graph":[{"@type":"Article","@id":"https:\/\/www.bellunopress.it\/2014\/08\/17\/nordio-a-cortina-presenta-operazione-grifone-litalia-come-la-decadenza-dellimpero-romano-marina-ripa-di-meana-chiede-la-grazia-per-fabrizio-corona\/#article","isPartOf":{"@id":"https:\/\/www.bellunopress.it\/2014\/08\/17\/nordio-a-cortina-presenta-operazione-grifone-litalia-come-la-decadenza-dellimpero-romano-marina-ripa-di-meana-chiede-la-grazia-per-fabrizio-corona\/"},"author":{"name":"redazione","@id":"https:\/\/www.bellunopress.it\/#\/schema\/person\/79bb06722b37ece1c03d3e94beb30d73"},"headline":"Nordio a Cortina presenta &#8220;Operazione grifone&#8221;. L&#8217;Italia come ai tempi della caduta dell&#8217;Impero romano. Marina Ripa di Meana chiede la grazia per Fabrizio Corona","datePublished":"2014-08-16T23:10:34+00:00","dateModified":"2015-01-19T12:29:56+00:00","mainEntityOfPage":{"@id":"https:\/\/www.bellunopress.it\/2014\/08\/17\/nordio-a-cortina-presenta-operazione-grifone-litalia-come-la-decadenza-dellimpero-romano-marina-ripa-di-meana-chiede-la-grazia-per-fabrizio-corona\/"},"wordCount":818,"publisher":{"@id":"https:\/\/www.bellunopress.it\/#organization"},"image":{"@id":"https:\/\/www.bellunopress.it\/2014\/08\/17\/nordio-a-cortina-presenta-operazione-grifone-litalia-come-la-decadenza-dellimpero-romano-marina-ripa-di-meana-chiede-la-grazia-per-fabrizio-corona\/#primaryimage"},"thumbnailUrl":"http:\/\/www.bellunopress.it\/wp-content\/uploads\/2014\/08\/carlo-nordio-rosanna-raffaelli-ghedina-2.jpg","keywords":["Carlo Nordio","Marina Ripa di Meana","Operazione Grifone"],"articleSection":["Arte, Cultura, Spettacoli, Scienza","Gli speciali di Bellunopress","Prima Pagina"],"inLanguage":"fr-FR"},{"@type":"WebPage","@id":"https:\/\/www.bellunopress.it\/2014\/08\/17\/nordio-a-cortina-presenta-operazione-grifone-litalia-come-la-decadenza-dellimpero-romano-marina-ripa-di-meana-chiede-la-grazia-per-fabrizio-corona\/","url":"https:\/\/www.bellunopress.it\/2014\/08\/17\/nordio-a-cortina-presenta-operazione-grifone-litalia-come-la-decadenza-dellimpero-romano-marina-ripa-di-meana-chiede-la-grazia-per-fabrizio-corona\/","name":"Nordio a Cortina presenta \"Operazione grifone\". L'Italia come ai tempi della caduta dell'Impero romano. Marina Ripa di Meana chiede la grazia per Fabrizio Corona - Bellunopress - Dolomiti","isPartOf":{"@id":"https:\/\/www.bellunopress.it\/#website"},"primaryImageOfPage":{"@id":"https:\/\/www.bellunopress.it\/2014\/08\/17\/nordio-a-cortina-presenta-operazione-grifone-litalia-come-la-decadenza-dellimpero-romano-marina-ripa-di-meana-chiede-la-grazia-per-fabrizio-corona\/#primaryimage"},"image":{"@id":"https:\/\/www.bellunopress.it\/2014\/08\/17\/nordio-a-cortina-presenta-operazione-grifone-litalia-come-la-decadenza-dellimpero-romano-marina-ripa-di-meana-chiede-la-grazia-per-fabrizio-corona\/#primaryimage"},"thumbnailUrl":"http:\/\/www.bellunopress.it\/wp-content\/uploads\/2014\/08\/carlo-nordio-rosanna-raffaelli-ghedina-2.jpg","datePublished":"2014-08-16T23:10:34+00:00","dateModified":"2015-01-19T12:29:56+00:00","breadcrumb":{"@id":"https:\/\/www.bellunopress.it\/2014\/08\/17\/nordio-a-cortina-presenta-operazione-grifone-litalia-come-la-decadenza-dellimpero-romano-marina-ripa-di-meana-chiede-la-grazia-per-fabrizio-corona\/#breadcrumb"},"inLanguage":"fr-FR","potentialAction":[{"@type":"ReadAction","target":["https:\/\/www.bellunopress.it\/2014\/08\/17\/nordio-a-cortina-presenta-operazione-grifone-litalia-come-la-decadenza-dellimpero-romano-marina-ripa-di-meana-chiede-la-grazia-per-fabrizio-corona\/"]}]},{"@type":"ImageObject","inLanguage":"fr-FR","@id":"https:\/\/www.bellunopress.it\/2014\/08\/17\/nordio-a-cortina-presenta-operazione-grifone-litalia-come-la-decadenza-dellimpero-romano-marina-ripa-di-meana-chiede-la-grazia-per-fabrizio-corona\/#primaryimage","url":"http:\/\/www.bellunopress.it\/wp-content\/uploads\/2014\/08\/carlo-nordio-rosanna-raffaelli-ghedina-2.jpg","contentUrl":"http:\/\/www.bellunopress.it\/wp-content\/uploads\/2014\/08\/carlo-nordio-rosanna-raffaelli-ghedina-2.jpg"},{"@type":"BreadcrumbList","@id":"https:\/\/www.bellunopress.it\/2014\/08\/17\/nordio-a-cortina-presenta-operazione-grifone-litalia-come-la-decadenza-dellimpero-romano-marina-ripa-di-meana-chiede-la-grazia-per-fabrizio-corona\/#breadcrumb","itemListElement":[{"@type":"ListItem","position":1,"name":"Home","item":"https:\/\/www.bellunopress.it\/"},{"@type":"ListItem","position":2,"name":"Nordio a Cortina presenta &#8220;Operazione grifone&#8221;. L&#8217;Italia come ai tempi della caduta dell&#8217;Impero romano. Marina Ripa di Meana chiede la grazia per Fabrizio Corona"}]},{"@type":"WebSite","@id":"https:\/\/www.bellunopress.it\/#website","url":"https:\/\/www.bellunopress.it\/","name":"Bellunopress - Dolomiti","description":"e-mail: redazione@bellunopress.it","publisher":{"@id":"https:\/\/www.bellunopress.it\/#organization"},"potentialAction":[{"@type":"SearchAction","target":{"@type":"EntryPoint","urlTemplate":"https:\/\/www.bellunopress.it\/?s={search_term_string}"},"query-input":{"@type":"PropertyValueSpecification","valueRequired":true,"valueName":"search_term_string"}}],"inLanguage":"fr-FR"},{"@type":"Organization","@id":"https:\/\/www.bellunopress.it\/#organization","name":"Bellunopress","url":"https:\/\/www.bellunopress.it\/","logo":{"@type":"ImageObject","inLanguage":"fr-FR","@id":"https:\/\/www.bellunopress.it\/#\/schema\/logo\/image\/","url":"https:\/\/www.bellunopress.it\/wp-content\/uploads\/2011\/05\/cropped-logo-bellunopress-.jpg","contentUrl":"https:\/\/www.bellunopress.it\/wp-content\/uploads\/2011\/05\/cropped-logo-bellunopress-.jpg","width":512,"height":512,"caption":"Bellunopress"},"image":{"@id":"https:\/\/www.bellunopress.it\/#\/schema\/logo\/image\/"},"sameAs":["https:\/\/www.facebook.com\/profile.php?id=100008943462799","https:\/\/x.com\/bellunopress","https:\/\/www.linkedin.com\/hp\/?dnr=JBzUWaJfMUw8vbXJJ2tVW5-I3jZKvC4wsoxE&amp;amp;amp;amp;amp;amp;trk=nav_responsive_tab_home","https:\/\/www.youtube.com\/channel\/UCxL0wu1uN0_3_7hGG0306cw"]},{"@type":"Person","@id":"https:\/\/www.bellunopress.it\/#\/schema\/person\/79bb06722b37ece1c03d3e94beb30d73","name":"r\u00e9daction","image":{"@type":"ImageObject","inLanguage":"fr-FR","@id":"https:\/\/secure.gravatar.com\/avatar\/37d968a2e67a6fd04c169c4bdef102d0bc5d31b2546345219e348575eb80e9a0?s=96&d=mm&r=g","url":"https:\/\/secure.gravatar.com\/avatar\/37d968a2e67a6fd04c169c4bdef102d0bc5d31b2546345219e348575eb80e9a0?s=96&d=mm&r=g","contentUrl":"https:\/\/secure.gravatar.com\/avatar\/37d968a2e67a6fd04c169c4bdef102d0bc5d31b2546345219e348575eb80e9a0?s=96&d=mm&r=g","caption":"redazione"},"sameAs":["http:\/\/www.bellunopress.it","https:\/\/x.com\/bellunopress"],"url":"https:\/\/www.bellunopress.it\/fr\/author\/redazione\/"}]}},"_links":{"self":[{"href":"https:\/\/www.bellunopress.it\/fr\/wp-json\/wp\/v2\/posts\/61573","targetHints":{"allow":["GET"]}}],"collection":[{"href":"https:\/\/www.bellunopress.it\/fr\/wp-json\/wp\/v2\/posts"}],"about":[{"href":"https:\/\/www.bellunopress.it\/fr\/wp-json\/wp\/v2\/types\/post"}],"author":[{"embeddable":true,"href":"https:\/\/www.bellunopress.it\/fr\/wp-json\/wp\/v2\/users\/2"}],"replies":[{"embeddable":true,"href":"https:\/\/www.bellunopress.it\/fr\/wp-json\/wp\/v2\/comments?post=61573"}],"version-history":[{"count":4,"href":"https:\/\/www.bellunopress.it\/fr\/wp-json\/wp\/v2\/posts\/61573\/revisions"}],"predecessor-version":[{"id":65697,"href":"https:\/\/www.bellunopress.it\/fr\/wp-json\/wp\/v2\/posts\/61573\/revisions\/65697"}],"wp:attachment":[{"href":"https:\/\/www.bellunopress.it\/fr\/wp-json\/wp\/v2\/media?parent=61573"}],"wp:term":[{"taxonomy":"category","embeddable":true,"href":"https:\/\/www.bellunopress.it\/fr\/wp-json\/wp\/v2\/categories?post=61573"},{"taxonomy":"post_tag","embeddable":true,"href":"https:\/\/www.bellunopress.it\/fr\/wp-json\/wp\/v2\/tags?post=61573"}],"curies":[{"name":"wp","href":"https:\/\/api.w.org\/{rel}","templated":true}]}}