{"id":6128,"date":"2009-07-19T23:29:26","date_gmt":"2009-07-19T22:29:26","guid":{"rendered":"http:\/\/www.bellunopress.it\/?p=6128"},"modified":"2009-07-20T10:29:32","modified_gmt":"2009-07-20T09:29:32","slug":"la-bb-band-sul-palco-dieci-anni-dopo-ed-e-un-successo-ieri-sera-alla-sagra-dei-per-di-bribano-la-nota-band-bellunese-degli-anni-80-conquista-il-pubblico","status":"publish","type":"post","link":"https:\/\/www.bellunopress.it\/fr\/2009\/07\/19\/la-bb-band-sul-palco-dieci-anni-dopo-ed-e-un-successo-ieri-sera-alla-sagra-dei-per-di-bribano-la-nota-band-bellunese-degli-anni-80-conquista-il-pubblico\/","title":{"rendered":"La BB Band sul palco dieci anni dopo, ed \u00e8 un successo. Ieri sera alla Sagra dei Per di Bribano la nota band bellunese degli anni &#8217;80 ha conquistato il pubblico"},"content":{"rendered":"<p><span style=\"font-size: small; font-family: Arial;\"><a href=\"http:\/\/www.bellunopress.it\/wp-content\/uploads\/2009\/07\/bb-band-1.jpg\"><img loading=\"lazy\" decoding=\"async\" class=\"alignleft size-medium wp-image-6130\" title=\"bb-band-1\" src=\"http:\/\/www.bellunopress.it\/wp-content\/uploads\/2009\/07\/bb-band-1.jpg\" alt=\"\" width=\"240\" height=\"179\" \/><\/a>\u00ab<\/span><span style=\"font-family: Arial,sans-serif;\"><span style=\"font-size: small;\">Vi s<\/span><\/span><span style=\"font-family: Arial,sans-serif;\"><span style=\"font-size: small;\"><span style=\"font-style: normal;\">iete riposati per dieci anni&#8230; ora fatevi sentire\u00bb! E&#8217; Sergio Valacchi, voce dei Beautiful Butcher Band che sul palco del tendone della Sagra dei Per di Bribano ieri sera esorta il numerosissimo pubblico accorso ad applaudire il ritorno del gruppo. Un grande gruppo, con nove musicisti in camicetta nera e kilt, il tipico gonnellino scozzese, per una storica rimpatriata all&#8217;insegna degli anni &#8217;80. Con Valacchi, mattatore della serata, c&#8217;erano i fondatori della BBB Franco De Poli (batteria) e Piero Bolzan (tastiere), ai quali si sono aggiunti Aldo Pellegrini (chitarra), Moreno Dal Farra (percussioni), Matteo Visigalli (basso, in sostituzione dell&#8217;infortunato Spina), e Steve Canei, Mario Cavacece e Diego David ai fiati. Un grande sound di notevole impatto, coinvolgente, con pezzi di <\/span><\/span><\/span><em><span style=\"font-family: Arial,sans-serif;\"><span style=\"font-size: small;\"><span style=\"font-style: normal;\">Joe Tex, quello di<\/span><\/span><\/span><\/em><span style=\"font-family: Arial,sans-serif;\"><span style=\"font-size: small;\"><span style=\"font-style: normal;\"> I Gotcha, e <\/span><\/span><\/span><em><span style=\"font-family: Arial,sans-serif;\"><span style=\"font-size: small;\"><span style=\"font-style: normal;\">Stevie Wonder. A met\u00e0 serata si \u00e8 visto apparire sul palco anche la mascotte dei BBB, un maialino vivo! \u00abNon me ne vogliano gli animalisti \u2013 ha detto Valacchi \u2013 assicuro che lo trattiamo bene\u00bb. Portato via il maialino la musica pu\u00f2 riprendere. Con un cambio veloce di abbigliamento di Valacchi oramai grondante con asciugamano intorno al collo, che riappare in jeans. E la festa prosegue fino a notte fonda. <\/span><\/span><\/span><\/em><span style=\"font-family: Arial,sans-serif;\"><\/span><\/p>\n<p style=\"font-style: normal;\">","protected":false},"excerpt":{"rendered":"<p>\u00abVi siete riposati per dieci anni&#8230; ora fatevi sentire\u00bb! E&#8217; Sergio Valacchi, voce dei Beautiful Butcher Band che sul palco del tendone della Sagra dei Per di Bribano ieri sera esorta il numerosissimo pubblico accorso ad applaudire il ritorno del gruppo. Un grande gruppo, con nove musicisti in camicetta nera e kilt, il tipico gonnellino [&hellip;]<\/p>\n","protected":false},"author":2,"featured_media":0,"comment_status":"closed","ping_status":"open","sticky":false,"template":"","format":"standard","meta":{"footnotes":""},"categories":[3],"tags":[139],"class_list":["post-6128","post","type-post","status-publish","format-standard","category-arte-cultura-spettacoli-scienza-archivi","tag-belluno"],"yoast_head":"<!-- This site is optimized with the Yoast SEO plugin v28.4 - https:\/\/yoast.com\/product\/yoast-seo-wordpress\/ -->\n<title>La BB Band sul palco dieci anni dopo, ed \u00e8 un successo. Ieri sera alla Sagra dei Per di Bribano la nota band bellunese degli anni &#039;80 ha conquistato il pubblico - Bellunopress - Dolomiti<\/title>\n<meta name=\"robots\" content=\"index, follow, max-snippet:-1, max-image-preview:large, max-video-preview:-1\" \/>\n<link rel=\"canonical\" href=\"https:\/\/www.bellunopress.it\/fr\/2009\/07\/19\/la-bb-band-sul-palco-dieci-anni-dopo-ed-e-un-successo-ieri-sera-alla-sagra-dei-per-di-bribano-la-nota-band-bellunese-degli-anni-80-conquista-il-pubblico\/\" \/>\n<meta property=\"og:locale\" content=\"fr_FR\" \/>\n<meta property=\"og:type\" content=\"article\" \/>\n<meta property=\"og:title\" content=\"La BB Band sul palco dieci anni dopo, ed \u00e8 un successo. Ieri sera alla Sagra dei Per di Bribano la nota band bellunese degli anni &#039;80 ha conquistato il pubblico - Bellunopress - Dolomiti\" \/>\n<meta property=\"og:description\" content=\"\u00abVi siete riposati per dieci anni&#8230; ora fatevi sentire\u00bb! E&#8217; Sergio Valacchi, voce dei Beautiful Butcher Band che sul palco del tendone della Sagra dei Per di Bribano ieri sera esorta il numerosissimo pubblico accorso ad applaudire il ritorno del gruppo. Un grande gruppo, con nove musicisti in camicetta nera e kilt, il tipico gonnellino [&hellip;]\" \/>\n<meta property=\"og:url\" content=\"https:\/\/www.bellunopress.it\/fr\/2009\/07\/19\/la-bb-band-sul-palco-dieci-anni-dopo-ed-e-un-successo-ieri-sera-alla-sagra-dei-per-di-bribano-la-nota-band-bellunese-degli-anni-80-conquista-il-pubblico\/\" \/>\n<meta property=\"og:site_name\" content=\"Bellunopress - Dolomiti\" \/>\n<meta property=\"article:publisher\" content=\"https:\/\/www.facebook.com\/profile.php?id=100008943462799\" \/>\n<meta property=\"article:published_time\" content=\"2009-07-19T22:29:26+00:00\" \/>\n<meta property=\"article:modified_time\" content=\"2009-07-20T09:29:32+00:00\" \/>\n<meta property=\"og:image\" content=\"http:\/\/www.bellunopress.it\/wp-content\/uploads\/2009\/07\/bb-band-1.jpg\" \/>\n<meta name=\"author\" content=\"redazione\" \/>\n<meta name=\"twitter:card\" content=\"summary_large_image\" \/>\n<meta name=\"twitter:creator\" content=\"@bellunopress\" \/>\n<meta name=\"twitter:site\" content=\"@bellunopress\" \/>\n<meta name=\"twitter:label1\" content=\"\u00c9crit par\" \/>\n\t<meta name=\"twitter:data1\" content=\"redazione\" \/>\n\t<meta name=\"twitter:label2\" content=\"Dur\u00e9e de lecture estim\u00e9e\" \/>\n\t<meta name=\"twitter:data2\" content=\"1 minute\" \/>\n<script type=\"application\/ld+json\" class=\"yoast-schema-graph\">{\"@context\":\"https:\\\/\\\/schema.org\",\"@graph\":[{\"@type\":\"Article\",\"@id\":\"https:\\\/\\\/www.bellunopress.it\\\/2009\\\/07\\\/19\\\/la-bb-band-sul-palco-dieci-anni-dopo-ed-e-un-successo-ieri-sera-alla-sagra-dei-per-di-bribano-la-nota-band-bellunese-degli-anni-80-conquista-il-pubblico\\\/#article\",\"isPartOf\":{\"@id\":\"https:\\\/\\\/www.bellunopress.it\\\/2009\\\/07\\\/19\\\/la-bb-band-sul-palco-dieci-anni-dopo-ed-e-un-successo-ieri-sera-alla-sagra-dei-per-di-bribano-la-nota-band-bellunese-degli-anni-80-conquista-il-pubblico\\\/\"},\"author\":{\"name\":\"redazione\",\"@id\":\"https:\\\/\\\/www.bellunopress.it\\\/#\\\/schema\\\/person\\\/79bb06722b37ece1c03d3e94beb30d73\"},\"headline\":\"La BB Band sul palco dieci anni dopo, ed \u00e8 un successo. Ieri sera alla Sagra dei Per di Bribano la nota band bellunese degli anni &#8217;80 ha conquistato il pubblico\",\"datePublished\":\"2009-07-19T22:29:26+00:00\",\"dateModified\":\"2009-07-20T09:29:32+00:00\",\"mainEntityOfPage\":{\"@id\":\"https:\\\/\\\/www.bellunopress.it\\\/2009\\\/07\\\/19\\\/la-bb-band-sul-palco-dieci-anni-dopo-ed-e-un-successo-ieri-sera-alla-sagra-dei-per-di-bribano-la-nota-band-bellunese-degli-anni-80-conquista-il-pubblico\\\/\"},\"wordCount\":227,\"publisher\":{\"@id\":\"https:\\\/\\\/www.bellunopress.it\\\/#organization\"},\"image\":{\"@id\":\"https:\\\/\\\/www.bellunopress.it\\\/2009\\\/07\\\/19\\\/la-bb-band-sul-palco-dieci-anni-dopo-ed-e-un-successo-ieri-sera-alla-sagra-dei-per-di-bribano-la-nota-band-bellunese-degli-anni-80-conquista-il-pubblico\\\/#primaryimage\"},\"thumbnailUrl\":\"http:\\\/\\\/www.bellunopress.it\\\/wp-content\\\/uploads\\\/2009\\\/07\\\/bb-band-1.jpg\",\"keywords\":[\"Belluno\"],\"articleSection\":[\"Arte, Cultura, Spettacoli, Scienza\"],\"inLanguage\":\"fr-FR\"},{\"@type\":\"WebPage\",\"@id\":\"https:\\\/\\\/www.bellunopress.it\\\/2009\\\/07\\\/19\\\/la-bb-band-sul-palco-dieci-anni-dopo-ed-e-un-successo-ieri-sera-alla-sagra-dei-per-di-bribano-la-nota-band-bellunese-degli-anni-80-conquista-il-pubblico\\\/\",\"url\":\"https:\\\/\\\/www.bellunopress.it\\\/2009\\\/07\\\/19\\\/la-bb-band-sul-palco-dieci-anni-dopo-ed-e-un-successo-ieri-sera-alla-sagra-dei-per-di-bribano-la-nota-band-bellunese-degli-anni-80-conquista-il-pubblico\\\/\",\"name\":\"La BB Band sul palco dieci anni dopo, ed \u00e8 un successo. Ieri sera alla Sagra dei Per di Bribano la nota band bellunese degli anni '80 ha conquistato il pubblico - Bellunopress - Dolomiti\",\"isPartOf\":{\"@id\":\"https:\\\/\\\/www.bellunopress.it\\\/#website\"},\"primaryImageOfPage\":{\"@id\":\"https:\\\/\\\/www.bellunopress.it\\\/2009\\\/07\\\/19\\\/la-bb-band-sul-palco-dieci-anni-dopo-ed-e-un-successo-ieri-sera-alla-sagra-dei-per-di-bribano-la-nota-band-bellunese-degli-anni-80-conquista-il-pubblico\\\/#primaryimage\"},\"image\":{\"@id\":\"https:\\\/\\\/www.bellunopress.it\\\/2009\\\/07\\\/19\\\/la-bb-band-sul-palco-dieci-anni-dopo-ed-e-un-successo-ieri-sera-alla-sagra-dei-per-di-bribano-la-nota-band-bellunese-degli-anni-80-conquista-il-pubblico\\\/#primaryimage\"},\"thumbnailUrl\":\"http:\\\/\\\/www.bellunopress.it\\\/wp-content\\\/uploads\\\/2009\\\/07\\\/bb-band-1.jpg\",\"datePublished\":\"2009-07-19T22:29:26+00:00\",\"dateModified\":\"2009-07-20T09:29:32+00:00\",\"breadcrumb\":{\"@id\":\"https:\\\/\\\/www.bellunopress.it\\\/2009\\\/07\\\/19\\\/la-bb-band-sul-palco-dieci-anni-dopo-ed-e-un-successo-ieri-sera-alla-sagra-dei-per-di-bribano-la-nota-band-bellunese-degli-anni-80-conquista-il-pubblico\\\/#breadcrumb\"},\"inLanguage\":\"fr-FR\",\"potentialAction\":[{\"@type\":\"ReadAction\",\"target\":[\"https:\\\/\\\/www.bellunopress.it\\\/2009\\\/07\\\/19\\\/la-bb-band-sul-palco-dieci-anni-dopo-ed-e-un-successo-ieri-sera-alla-sagra-dei-per-di-bribano-la-nota-band-bellunese-degli-anni-80-conquista-il-pubblico\\\/\"]}]},{\"@type\":\"ImageObject\",\"inLanguage\":\"fr-FR\",\"@id\":\"https:\\\/\\\/www.bellunopress.it\\\/2009\\\/07\\\/19\\\/la-bb-band-sul-palco-dieci-anni-dopo-ed-e-un-successo-ieri-sera-alla-sagra-dei-per-di-bribano-la-nota-band-bellunese-degli-anni-80-conquista-il-pubblico\\\/#primaryimage\",\"url\":\"http:\\\/\\\/www.bellunopress.it\\\/wp-content\\\/uploads\\\/2009\\\/07\\\/bb-band-1.jpg\",\"contentUrl\":\"http:\\\/\\\/www.bellunopress.it\\\/wp-content\\\/uploads\\\/2009\\\/07\\\/bb-band-1.jpg\"},{\"@type\":\"BreadcrumbList\",\"@id\":\"https:\\\/\\\/www.bellunopress.it\\\/2009\\\/07\\\/19\\\/la-bb-band-sul-palco-dieci-anni-dopo-ed-e-un-successo-ieri-sera-alla-sagra-dei-per-di-bribano-la-nota-band-bellunese-degli-anni-80-conquista-il-pubblico\\\/#breadcrumb\",\"itemListElement\":[{\"@type\":\"ListItem\",\"position\":1,\"name\":\"Home\",\"item\":\"https:\\\/\\\/www.bellunopress.it\\\/\"},{\"@type\":\"ListItem\",\"position\":2,\"name\":\"La BB Band sul palco dieci anni dopo, ed \u00e8 un successo. Ieri sera alla Sagra dei Per di Bribano la nota band bellunese degli anni &#8217;80 ha conquistato il pubblico\"}]},{\"@type\":\"WebSite\",\"@id\":\"https:\\\/\\\/www.bellunopress.it\\\/#website\",\"url\":\"https:\\\/\\\/www.bellunopress.it\\\/\",\"name\":\"Bellunopress - Dolomiti\",\"description\":\"e-mail: redazione@bellunopress.it\",\"publisher\":{\"@id\":\"https:\\\/\\\/www.bellunopress.it\\\/#organization\"},\"potentialAction\":[{\"@type\":\"SearchAction\",\"target\":{\"@type\":\"EntryPoint\",\"urlTemplate\":\"https:\\\/\\\/www.bellunopress.it\\\/?s={search_term_string}\"},\"query-input\":{\"@type\":\"PropertyValueSpecification\",\"valueRequired\":true,\"valueName\":\"search_term_string\"}}],\"inLanguage\":\"fr-FR\"},{\"@type\":\"Organization\",\"@id\":\"https:\\\/\\\/www.bellunopress.it\\\/#organization\",\"name\":\"Bellunopress\",\"url\":\"https:\\\/\\\/www.bellunopress.it\\\/\",\"logo\":{\"@type\":\"ImageObject\",\"inLanguage\":\"fr-FR\",\"@id\":\"https:\\\/\\\/www.bellunopress.it\\\/#\\\/schema\\\/logo\\\/image\\\/\",\"url\":\"https:\\\/\\\/www.bellunopress.it\\\/wp-content\\\/uploads\\\/2011\\\/05\\\/cropped-logo-bellunopress-.jpg\",\"contentUrl\":\"https:\\\/\\\/www.bellunopress.it\\\/wp-content\\\/uploads\\\/2011\\\/05\\\/cropped-logo-bellunopress-.jpg\",\"width\":512,\"height\":512,\"caption\":\"Bellunopress\"},\"image\":{\"@id\":\"https:\\\/\\\/www.bellunopress.it\\\/#\\\/schema\\\/logo\\\/image\\\/\"},\"sameAs\":[\"https:\\\/\\\/www.facebook.com\\\/profile.php?id=100008943462799\",\"https:\\\/\\\/x.com\\\/bellunopress\",\"https:\\\/\\\/www.linkedin.com\\\/hp\\\/?dnr=JBzUWaJfMUw8vbXJJ2tVW5-I3jZKvC4wsoxE&amp;amp;amp;amp;amp;amp;trk=nav_responsive_tab_home\",\"https:\\\/\\\/www.youtube.com\\\/channel\\\/UCxL0wu1uN0_3_7hGG0306cw\"]},{\"@type\":\"Person\",\"@id\":\"https:\\\/\\\/www.bellunopress.it\\\/#\\\/schema\\\/person\\\/79bb06722b37ece1c03d3e94beb30d73\",\"name\":\"redazione\",\"image\":{\"@type\":\"ImageObject\",\"inLanguage\":\"fr-FR\",\"@id\":\"https:\\\/\\\/secure.gravatar.com\\\/avatar\\\/37d968a2e67a6fd04c169c4bdef102d0bc5d31b2546345219e348575eb80e9a0?s=96&d=mm&r=g\",\"url\":\"https:\\\/\\\/secure.gravatar.com\\\/avatar\\\/37d968a2e67a6fd04c169c4bdef102d0bc5d31b2546345219e348575eb80e9a0?s=96&d=mm&r=g\",\"contentUrl\":\"https:\\\/\\\/secure.gravatar.com\\\/avatar\\\/37d968a2e67a6fd04c169c4bdef102d0bc5d31b2546345219e348575eb80e9a0?s=96&d=mm&r=g\",\"caption\":\"redazione\"},\"sameAs\":[\"http:\\\/\\\/www.bellunopress.it\",\"https:\\\/\\\/x.com\\\/bellunopress\"],\"url\":\"https:\\\/\\\/www.bellunopress.it\\\/fr\\\/author\\\/redazione\\\/\"}]}<\/script>\n<!-- \/ Yoast SEO plugin. -->","yoast_head_json":{"title":"La BB Band sul palco dieci anni dopo, ed \u00e8 un successo. Ieri sera alla Sagra dei Per di Bribano la nota band bellunese degli anni '80 ha conquistato il pubblico - Bellunopress - Dolomiti","robots":{"index":"index","follow":"follow","max-snippet":"max-snippet:-1","max-image-preview":"max-image-preview:large","max-video-preview":"max-video-preview:-1"},"canonical":"https:\/\/www.bellunopress.it\/fr\/2009\/07\/19\/la-bb-band-sul-palco-dieci-anni-dopo-ed-e-un-successo-ieri-sera-alla-sagra-dei-per-di-bribano-la-nota-band-bellunese-degli-anni-80-conquista-il-pubblico\/","og_locale":"fr_FR","og_type":"article","og_title":"La BB Band sul palco dieci anni dopo, ed \u00e8 un successo. Ieri sera alla Sagra dei Per di Bribano la nota band bellunese degli anni '80 ha conquistato il pubblico - Bellunopress - Dolomiti","og_description":"\u00abVi siete riposati per dieci anni&#8230; ora fatevi sentire\u00bb! E&#8217; Sergio Valacchi, voce dei Beautiful Butcher Band che sul palco del tendone della Sagra dei Per di Bribano ieri sera esorta il numerosissimo pubblico accorso ad applaudire il ritorno del gruppo. Un grande gruppo, con nove musicisti in camicetta nera e kilt, il tipico gonnellino [&hellip;]","og_url":"https:\/\/www.bellunopress.it\/fr\/2009\/07\/19\/la-bb-band-sul-palco-dieci-anni-dopo-ed-e-un-successo-ieri-sera-alla-sagra-dei-per-di-bribano-la-nota-band-bellunese-degli-anni-80-conquista-il-pubblico\/","og_site_name":"Bellunopress - Dolomiti","article_publisher":"https:\/\/www.facebook.com\/profile.php?id=100008943462799","article_published_time":"2009-07-19T22:29:26+00:00","article_modified_time":"2009-07-20T09:29:32+00:00","og_image":[{"url":"http:\/\/www.bellunopress.it\/wp-content\/uploads\/2009\/07\/bb-band-1.jpg","type":"","width":"","height":""}],"author":"redazione","twitter_card":"summary_large_image","twitter_creator":"@bellunopress","twitter_site":"@bellunopress","twitter_misc":{"\u00c9crit par":"redazione","Dur\u00e9e de lecture estim\u00e9e":"1 minute"},"schema":{"@context":"https:\/\/schema.org","@graph":[{"@type":"Article","@id":"https:\/\/www.bellunopress.it\/2009\/07\/19\/la-bb-band-sul-palco-dieci-anni-dopo-ed-e-un-successo-ieri-sera-alla-sagra-dei-per-di-bribano-la-nota-band-bellunese-degli-anni-80-conquista-il-pubblico\/#article","isPartOf":{"@id":"https:\/\/www.bellunopress.it\/2009\/07\/19\/la-bb-band-sul-palco-dieci-anni-dopo-ed-e-un-successo-ieri-sera-alla-sagra-dei-per-di-bribano-la-nota-band-bellunese-degli-anni-80-conquista-il-pubblico\/"},"author":{"name":"redazione","@id":"https:\/\/www.bellunopress.it\/#\/schema\/person\/79bb06722b37ece1c03d3e94beb30d73"},"headline":"La BB Band sul palco dieci anni dopo, ed \u00e8 un successo. Ieri sera alla Sagra dei Per di Bribano la nota band bellunese degli anni &#8217;80 ha conquistato il pubblico","datePublished":"2009-07-19T22:29:26+00:00","dateModified":"2009-07-20T09:29:32+00:00","mainEntityOfPage":{"@id":"https:\/\/www.bellunopress.it\/2009\/07\/19\/la-bb-band-sul-palco-dieci-anni-dopo-ed-e-un-successo-ieri-sera-alla-sagra-dei-per-di-bribano-la-nota-band-bellunese-degli-anni-80-conquista-il-pubblico\/"},"wordCount":227,"publisher":{"@id":"https:\/\/www.bellunopress.it\/#organization"},"image":{"@id":"https:\/\/www.bellunopress.it\/2009\/07\/19\/la-bb-band-sul-palco-dieci-anni-dopo-ed-e-un-successo-ieri-sera-alla-sagra-dei-per-di-bribano-la-nota-band-bellunese-degli-anni-80-conquista-il-pubblico\/#primaryimage"},"thumbnailUrl":"http:\/\/www.bellunopress.it\/wp-content\/uploads\/2009\/07\/bb-band-1.jpg","keywords":["Belluno"],"articleSection":["Arte, Cultura, Spettacoli, Scienza"],"inLanguage":"fr-FR"},{"@type":"WebPage","@id":"https:\/\/www.bellunopress.it\/2009\/07\/19\/la-bb-band-sul-palco-dieci-anni-dopo-ed-e-un-successo-ieri-sera-alla-sagra-dei-per-di-bribano-la-nota-band-bellunese-degli-anni-80-conquista-il-pubblico\/","url":"https:\/\/www.bellunopress.it\/2009\/07\/19\/la-bb-band-sul-palco-dieci-anni-dopo-ed-e-un-successo-ieri-sera-alla-sagra-dei-per-di-bribano-la-nota-band-bellunese-degli-anni-80-conquista-il-pubblico\/","name":"La BB Band sul palco dieci anni dopo, ed \u00e8 un successo. Ieri sera alla Sagra dei Per di Bribano la nota band bellunese degli anni '80 ha conquistato il pubblico - Bellunopress - Dolomiti","isPartOf":{"@id":"https:\/\/www.bellunopress.it\/#website"},"primaryImageOfPage":{"@id":"https:\/\/www.bellunopress.it\/2009\/07\/19\/la-bb-band-sul-palco-dieci-anni-dopo-ed-e-un-successo-ieri-sera-alla-sagra-dei-per-di-bribano-la-nota-band-bellunese-degli-anni-80-conquista-il-pubblico\/#primaryimage"},"image":{"@id":"https:\/\/www.bellunopress.it\/2009\/07\/19\/la-bb-band-sul-palco-dieci-anni-dopo-ed-e-un-successo-ieri-sera-alla-sagra-dei-per-di-bribano-la-nota-band-bellunese-degli-anni-80-conquista-il-pubblico\/#primaryimage"},"thumbnailUrl":"http:\/\/www.bellunopress.it\/wp-content\/uploads\/2009\/07\/bb-band-1.jpg","datePublished":"2009-07-19T22:29:26+00:00","dateModified":"2009-07-20T09:29:32+00:00","breadcrumb":{"@id":"https:\/\/www.bellunopress.it\/2009\/07\/19\/la-bb-band-sul-palco-dieci-anni-dopo-ed-e-un-successo-ieri-sera-alla-sagra-dei-per-di-bribano-la-nota-band-bellunese-degli-anni-80-conquista-il-pubblico\/#breadcrumb"},"inLanguage":"fr-FR","potentialAction":[{"@type":"ReadAction","target":["https:\/\/www.bellunopress.it\/2009\/07\/19\/la-bb-band-sul-palco-dieci-anni-dopo-ed-e-un-successo-ieri-sera-alla-sagra-dei-per-di-bribano-la-nota-band-bellunese-degli-anni-80-conquista-il-pubblico\/"]}]},{"@type":"ImageObject","inLanguage":"fr-FR","@id":"https:\/\/www.bellunopress.it\/2009\/07\/19\/la-bb-band-sul-palco-dieci-anni-dopo-ed-e-un-successo-ieri-sera-alla-sagra-dei-per-di-bribano-la-nota-band-bellunese-degli-anni-80-conquista-il-pubblico\/#primaryimage","url":"http:\/\/www.bellunopress.it\/wp-content\/uploads\/2009\/07\/bb-band-1.jpg","contentUrl":"http:\/\/www.bellunopress.it\/wp-content\/uploads\/2009\/07\/bb-band-1.jpg"},{"@type":"BreadcrumbList","@id":"https:\/\/www.bellunopress.it\/2009\/07\/19\/la-bb-band-sul-palco-dieci-anni-dopo-ed-e-un-successo-ieri-sera-alla-sagra-dei-per-di-bribano-la-nota-band-bellunese-degli-anni-80-conquista-il-pubblico\/#breadcrumb","itemListElement":[{"@type":"ListItem","position":1,"name":"Home","item":"https:\/\/www.bellunopress.it\/"},{"@type":"ListItem","position":2,"name":"La BB Band sul palco dieci anni dopo, ed \u00e8 un successo. Ieri sera alla Sagra dei Per di Bribano la nota band bellunese degli anni &#8217;80 ha conquistato il pubblico"}]},{"@type":"WebSite","@id":"https:\/\/www.bellunopress.it\/#website","url":"https:\/\/www.bellunopress.it\/","name":"Bellunopress - Dolomiti","description":"e-mail: redazione@bellunopress.it","publisher":{"@id":"https:\/\/www.bellunopress.it\/#organization"},"potentialAction":[{"@type":"SearchAction","target":{"@type":"EntryPoint","urlTemplate":"https:\/\/www.bellunopress.it\/?s={search_term_string}"},"query-input":{"@type":"PropertyValueSpecification","valueRequired":true,"valueName":"search_term_string"}}],"inLanguage":"fr-FR"},{"@type":"Organization","@id":"https:\/\/www.bellunopress.it\/#organization","name":"Bellunopress","url":"https:\/\/www.bellunopress.it\/","logo":{"@type":"ImageObject","inLanguage":"fr-FR","@id":"https:\/\/www.bellunopress.it\/#\/schema\/logo\/image\/","url":"https:\/\/www.bellunopress.it\/wp-content\/uploads\/2011\/05\/cropped-logo-bellunopress-.jpg","contentUrl":"https:\/\/www.bellunopress.it\/wp-content\/uploads\/2011\/05\/cropped-logo-bellunopress-.jpg","width":512,"height":512,"caption":"Bellunopress"},"image":{"@id":"https:\/\/www.bellunopress.it\/#\/schema\/logo\/image\/"},"sameAs":["https:\/\/www.facebook.com\/profile.php?id=100008943462799","https:\/\/x.com\/bellunopress","https:\/\/www.linkedin.com\/hp\/?dnr=JBzUWaJfMUw8vbXJJ2tVW5-I3jZKvC4wsoxE&amp;amp;amp;amp;amp;amp;trk=nav_responsive_tab_home","https:\/\/www.youtube.com\/channel\/UCxL0wu1uN0_3_7hGG0306cw"]},{"@type":"Person","@id":"https:\/\/www.bellunopress.it\/#\/schema\/person\/79bb06722b37ece1c03d3e94beb30d73","name":"r\u00e9daction","image":{"@type":"ImageObject","inLanguage":"fr-FR","@id":"https:\/\/secure.gravatar.com\/avatar\/37d968a2e67a6fd04c169c4bdef102d0bc5d31b2546345219e348575eb80e9a0?s=96&d=mm&r=g","url":"https:\/\/secure.gravatar.com\/avatar\/37d968a2e67a6fd04c169c4bdef102d0bc5d31b2546345219e348575eb80e9a0?s=96&d=mm&r=g","contentUrl":"https:\/\/secure.gravatar.com\/avatar\/37d968a2e67a6fd04c169c4bdef102d0bc5d31b2546345219e348575eb80e9a0?s=96&d=mm&r=g","caption":"redazione"},"sameAs":["http:\/\/www.bellunopress.it","https:\/\/x.com\/bellunopress"],"url":"https:\/\/www.bellunopress.it\/fr\/author\/redazione\/"}]}},"_links":{"self":[{"href":"https:\/\/www.bellunopress.it\/fr\/wp-json\/wp\/v2\/posts\/6128","targetHints":{"allow":["GET"]}}],"collection":[{"href":"https:\/\/www.bellunopress.it\/fr\/wp-json\/wp\/v2\/posts"}],"about":[{"href":"https:\/\/www.bellunopress.it\/fr\/wp-json\/wp\/v2\/types\/post"}],"author":[{"embeddable":true,"href":"https:\/\/www.bellunopress.it\/fr\/wp-json\/wp\/v2\/users\/2"}],"replies":[{"embeddable":true,"href":"https:\/\/www.bellunopress.it\/fr\/wp-json\/wp\/v2\/comments?post=6128"}],"version-history":[{"count":2,"href":"https:\/\/www.bellunopress.it\/fr\/wp-json\/wp\/v2\/posts\/6128\/revisions"}],"predecessor-version":[{"id":6140,"href":"https:\/\/www.bellunopress.it\/fr\/wp-json\/wp\/v2\/posts\/6128\/revisions\/6140"}],"wp:attachment":[{"href":"https:\/\/www.bellunopress.it\/fr\/wp-json\/wp\/v2\/media?parent=6128"}],"wp:term":[{"taxonomy":"category","embeddable":true,"href":"https:\/\/www.bellunopress.it\/fr\/wp-json\/wp\/v2\/categories?post=6128"},{"taxonomy":"post_tag","embeddable":true,"href":"https:\/\/www.bellunopress.it\/fr\/wp-json\/wp\/v2\/tags?post=6128"}],"curies":[{"name":"wp","href":"https:\/\/api.w.org\/{rel}","templated":true}]}}