{"id":6121,"date":"2009-07-19T07:29:13","date_gmt":"2009-07-19T06:29:13","guid":{"rendered":"http:\/\/www.bellunopress.it\/?p=6121"},"modified":"2009-07-19T07:29:13","modified_gmt":"2009-07-19T06:29:13","slug":"a-seren-del-grappa-segnati-tre-nuovi-guinness-world-records","status":"publish","type":"post","link":"https:\/\/www.bellunopress.it\/fr\/2009\/07\/19\/a-seren-del-grappa-segnati-tre-nuovi-guinness-world-records\/","title":{"rendered":"A Seren del Grappa segnati tre nuovi Guinness World Records"},"content":{"rendered":"<figure id=\"attachment_6123\" aria-describedby=\"caption-attachment-6123\" style=\"width: 270px\" class=\"wp-caption alignleft\"><a href=\"http:\/\/www.bellunopress.it\/wp-content\/uploads\/2009\/07\/mirko-della-vecchia-moka-guinnes.jpg\"><img loading=\"lazy\" decoding=\"async\" class=\"size-medium wp-image-6123\" title=\"mirko-della-vecchia-moka-guinnes\" src=\"http:\/\/www.bellunopress.it\/wp-content\/uploads\/2009\/07\/mirko-della-vecchia-moka-guinnes.jpg\" alt=\"Mirko Della Vecchia e il sindaco di Pedavena Maria Teresa De Bortoli\" width=\"270\" height=\"180\" \/><\/a><figcaption id=\"caption-attachment-6123\" class=\"wp-caption-text\">Mirko Della Vecchia e il sindaco di Pedavena Maria Teresa De Bortoli<\/figcaption><\/figure>\n<p>\u00a0Una catena di legno lunga 70 metri e 90 centimetri ricavata da un tronco unico della lunghezza di 6 metri e 32 cm di diametro, senza incastri o impiego di collanti. Per realizzarla Giovanni Bressan di Gosaldo (Belluno) ha impiegato sei mesi, ma avr\u00e0 la soddisfazione di entrare nel libro di Guinnes dei primati che ogni anno viene pubblicato, con tutte le imprese e le stranezze certificate da una commissione a Londra. Nella storia dei Guinnes entrer\u00e0 anche Mirko Della Vecchia, con la sua moka da caff\u00e8 alta 1 metro e 10 in grado di servire mille tazzine in 45 minuti con 78 litri d&#8217;acqua e 1 chilo di caff\u00e8. Infine Diego Cecchin \u00e8 riuscito a battere il precedente record di 7 cioccolatini Ferrero Rocher mangiati in un minuto portandolo a otto. Alla manifestazione, che si \u00e8 svolta domenica pomeriggio a Rasai di Seren del Grappa, organizzata dalla consulta giovanile &#8220;Diciamo la nostra&#8221;, erano presenti il sindaco di Seren del Grappa Loris Scopel e il sindaco di Pedavena Maria Teresa De Bortoli.<\/p>","protected":false},"excerpt":{"rendered":"<p>\u00a0Una catena di legno lunga 70 metri e 90 centimetri ricavata da un tronco unico della lunghezza di 6 metri e 32 cm di diametro, senza incastri o impiego di collanti. Per realizzarla Giovanni Bressan di Gosaldo (Belluno) ha impiegato sei mesi, ma avr\u00e0 la soddisfazione di entrare nel libro di Guinnes dei primati che [&hellip;]<\/p>\n","protected":false},"author":2,"featured_media":0,"comment_status":"closed","ping_status":"open","sticky":false,"template":"","format":"standard","meta":{"footnotes":""},"categories":[3],"tags":[139],"class_list":["post-6121","post","type-post","status-publish","format-standard","category-arte-cultura-spettacoli-scienza-archivi","tag-belluno"],"yoast_head":"<!-- This site is optimized with the Yoast SEO plugin v28.4 - https:\/\/yoast.com\/product\/yoast-seo-wordpress\/ -->\n<title>A Seren del Grappa segnati tre nuovi Guinness World Records - Bellunopress - Dolomiti<\/title>\n<meta name=\"robots\" content=\"index, follow, max-snippet:-1, max-image-preview:large, max-video-preview:-1\" \/>\n<link rel=\"canonical\" href=\"https:\/\/www.bellunopress.it\/fr\/2009\/07\/19\/a-seren-del-grappa-segnati-tre-nuovi-guinness-world-records\/\" \/>\n<meta property=\"og:locale\" content=\"fr_FR\" \/>\n<meta property=\"og:type\" content=\"article\" \/>\n<meta property=\"og:title\" content=\"A Seren del Grappa segnati tre nuovi Guinness World Records - Bellunopress - Dolomiti\" \/>\n<meta property=\"og:description\" content=\"\u00a0Una catena di legno lunga 70 metri e 90 centimetri ricavata da un tronco unico della lunghezza di 6 metri e 32 cm di diametro, senza incastri o impiego di collanti. Per realizzarla Giovanni Bressan di Gosaldo (Belluno) ha impiegato sei mesi, ma avr\u00e0 la soddisfazione di entrare nel libro di Guinnes dei primati che [&hellip;]\" \/>\n<meta property=\"og:url\" content=\"https:\/\/www.bellunopress.it\/fr\/2009\/07\/19\/a-seren-del-grappa-segnati-tre-nuovi-guinness-world-records\/\" \/>\n<meta property=\"og:site_name\" content=\"Bellunopress - Dolomiti\" \/>\n<meta property=\"article:publisher\" content=\"https:\/\/www.facebook.com\/profile.php?id=100008943462799\" \/>\n<meta property=\"article:published_time\" content=\"2009-07-19T06:29:13+00:00\" \/>\n<meta property=\"og:image\" content=\"http:\/\/www.bellunopress.it\/wp-content\/uploads\/2009\/07\/mirko-della-vecchia-moka-guinnes.jpg\" \/>\n<meta name=\"author\" content=\"redazione\" \/>\n<meta name=\"twitter:card\" content=\"summary_large_image\" \/>\n<meta name=\"twitter:creator\" content=\"@bellunopress\" \/>\n<meta name=\"twitter:site\" content=\"@bellunopress\" \/>\n<meta name=\"twitter:label1\" content=\"\u00c9crit par\" \/>\n\t<meta name=\"twitter:data1\" content=\"redazione\" \/>\n\t<meta name=\"twitter:label2\" content=\"Dur\u00e9e de lecture estim\u00e9e\" \/>\n\t<meta name=\"twitter:data2\" content=\"1 minute\" \/>\n<script type=\"application\/ld+json\" class=\"yoast-schema-graph\">{\"@context\":\"https:\\\/\\\/schema.org\",\"@graph\":[{\"@type\":\"Article\",\"@id\":\"https:\\\/\\\/www.bellunopress.it\\\/2009\\\/07\\\/19\\\/a-seren-del-grappa-segnati-tre-nuovi-guinness-world-records\\\/#article\",\"isPartOf\":{\"@id\":\"https:\\\/\\\/www.bellunopress.it\\\/2009\\\/07\\\/19\\\/a-seren-del-grappa-segnati-tre-nuovi-guinness-world-records\\\/\"},\"author\":{\"name\":\"redazione\",\"@id\":\"https:\\\/\\\/www.bellunopress.it\\\/#\\\/schema\\\/person\\\/79bb06722b37ece1c03d3e94beb30d73\"},\"headline\":\"A Seren del Grappa segnati tre nuovi Guinness World Records\",\"datePublished\":\"2009-07-19T06:29:13+00:00\",\"mainEntityOfPage\":{\"@id\":\"https:\\\/\\\/www.bellunopress.it\\\/2009\\\/07\\\/19\\\/a-seren-del-grappa-segnati-tre-nuovi-guinness-world-records\\\/\"},\"wordCount\":191,\"publisher\":{\"@id\":\"https:\\\/\\\/www.bellunopress.it\\\/#organization\"},\"image\":{\"@id\":\"https:\\\/\\\/www.bellunopress.it\\\/2009\\\/07\\\/19\\\/a-seren-del-grappa-segnati-tre-nuovi-guinness-world-records\\\/#primaryimage\"},\"thumbnailUrl\":\"http:\\\/\\\/www.bellunopress.it\\\/wp-content\\\/uploads\\\/2009\\\/07\\\/mirko-della-vecchia-moka-guinnes.jpg\",\"keywords\":[\"Belluno\"],\"articleSection\":[\"Arte, Cultura, Spettacoli, Scienza\"],\"inLanguage\":\"fr-FR\"},{\"@type\":\"WebPage\",\"@id\":\"https:\\\/\\\/www.bellunopress.it\\\/2009\\\/07\\\/19\\\/a-seren-del-grappa-segnati-tre-nuovi-guinness-world-records\\\/\",\"url\":\"https:\\\/\\\/www.bellunopress.it\\\/2009\\\/07\\\/19\\\/a-seren-del-grappa-segnati-tre-nuovi-guinness-world-records\\\/\",\"name\":\"A Seren del Grappa segnati tre nuovi Guinness World Records - Bellunopress - Dolomiti\",\"isPartOf\":{\"@id\":\"https:\\\/\\\/www.bellunopress.it\\\/#website\"},\"primaryImageOfPage\":{\"@id\":\"https:\\\/\\\/www.bellunopress.it\\\/2009\\\/07\\\/19\\\/a-seren-del-grappa-segnati-tre-nuovi-guinness-world-records\\\/#primaryimage\"},\"image\":{\"@id\":\"https:\\\/\\\/www.bellunopress.it\\\/2009\\\/07\\\/19\\\/a-seren-del-grappa-segnati-tre-nuovi-guinness-world-records\\\/#primaryimage\"},\"thumbnailUrl\":\"http:\\\/\\\/www.bellunopress.it\\\/wp-content\\\/uploads\\\/2009\\\/07\\\/mirko-della-vecchia-moka-guinnes.jpg\",\"datePublished\":\"2009-07-19T06:29:13+00:00\",\"breadcrumb\":{\"@id\":\"https:\\\/\\\/www.bellunopress.it\\\/2009\\\/07\\\/19\\\/a-seren-del-grappa-segnati-tre-nuovi-guinness-world-records\\\/#breadcrumb\"},\"inLanguage\":\"fr-FR\",\"potentialAction\":[{\"@type\":\"ReadAction\",\"target\":[\"https:\\\/\\\/www.bellunopress.it\\\/2009\\\/07\\\/19\\\/a-seren-del-grappa-segnati-tre-nuovi-guinness-world-records\\\/\"]}]},{\"@type\":\"ImageObject\",\"inLanguage\":\"fr-FR\",\"@id\":\"https:\\\/\\\/www.bellunopress.it\\\/2009\\\/07\\\/19\\\/a-seren-del-grappa-segnati-tre-nuovi-guinness-world-records\\\/#primaryimage\",\"url\":\"http:\\\/\\\/www.bellunopress.it\\\/wp-content\\\/uploads\\\/2009\\\/07\\\/mirko-della-vecchia-moka-guinnes.jpg\",\"contentUrl\":\"http:\\\/\\\/www.bellunopress.it\\\/wp-content\\\/uploads\\\/2009\\\/07\\\/mirko-della-vecchia-moka-guinnes.jpg\"},{\"@type\":\"BreadcrumbList\",\"@id\":\"https:\\\/\\\/www.bellunopress.it\\\/2009\\\/07\\\/19\\\/a-seren-del-grappa-segnati-tre-nuovi-guinness-world-records\\\/#breadcrumb\",\"itemListElement\":[{\"@type\":\"ListItem\",\"position\":1,\"name\":\"Home\",\"item\":\"https:\\\/\\\/www.bellunopress.it\\\/\"},{\"@type\":\"ListItem\",\"position\":2,\"name\":\"A Seren del Grappa segnati tre nuovi Guinness World Records\"}]},{\"@type\":\"WebSite\",\"@id\":\"https:\\\/\\\/www.bellunopress.it\\\/#website\",\"url\":\"https:\\\/\\\/www.bellunopress.it\\\/\",\"name\":\"Bellunopress - Dolomiti\",\"description\":\"e-mail: redazione@bellunopress.it\",\"publisher\":{\"@id\":\"https:\\\/\\\/www.bellunopress.it\\\/#organization\"},\"potentialAction\":[{\"@type\":\"SearchAction\",\"target\":{\"@type\":\"EntryPoint\",\"urlTemplate\":\"https:\\\/\\\/www.bellunopress.it\\\/?s={search_term_string}\"},\"query-input\":{\"@type\":\"PropertyValueSpecification\",\"valueRequired\":true,\"valueName\":\"search_term_string\"}}],\"inLanguage\":\"fr-FR\"},{\"@type\":\"Organization\",\"@id\":\"https:\\\/\\\/www.bellunopress.it\\\/#organization\",\"name\":\"Bellunopress\",\"url\":\"https:\\\/\\\/www.bellunopress.it\\\/\",\"logo\":{\"@type\":\"ImageObject\",\"inLanguage\":\"fr-FR\",\"@id\":\"https:\\\/\\\/www.bellunopress.it\\\/#\\\/schema\\\/logo\\\/image\\\/\",\"url\":\"https:\\\/\\\/www.bellunopress.it\\\/wp-content\\\/uploads\\\/2011\\\/05\\\/cropped-logo-bellunopress-.jpg\",\"contentUrl\":\"https:\\\/\\\/www.bellunopress.it\\\/wp-content\\\/uploads\\\/2011\\\/05\\\/cropped-logo-bellunopress-.jpg\",\"width\":512,\"height\":512,\"caption\":\"Bellunopress\"},\"image\":{\"@id\":\"https:\\\/\\\/www.bellunopress.it\\\/#\\\/schema\\\/logo\\\/image\\\/\"},\"sameAs\":[\"https:\\\/\\\/www.facebook.com\\\/profile.php?id=100008943462799\",\"https:\\\/\\\/x.com\\\/bellunopress\",\"https:\\\/\\\/www.linkedin.com\\\/hp\\\/?dnr=JBzUWaJfMUw8vbXJJ2tVW5-I3jZKvC4wsoxE&amp;amp;amp;amp;amp;amp;trk=nav_responsive_tab_home\",\"https:\\\/\\\/www.youtube.com\\\/channel\\\/UCxL0wu1uN0_3_7hGG0306cw\"]},{\"@type\":\"Person\",\"@id\":\"https:\\\/\\\/www.bellunopress.it\\\/#\\\/schema\\\/person\\\/79bb06722b37ece1c03d3e94beb30d73\",\"name\":\"redazione\",\"image\":{\"@type\":\"ImageObject\",\"inLanguage\":\"fr-FR\",\"@id\":\"https:\\\/\\\/secure.gravatar.com\\\/avatar\\\/37d968a2e67a6fd04c169c4bdef102d0bc5d31b2546345219e348575eb80e9a0?s=96&d=mm&r=g\",\"url\":\"https:\\\/\\\/secure.gravatar.com\\\/avatar\\\/37d968a2e67a6fd04c169c4bdef102d0bc5d31b2546345219e348575eb80e9a0?s=96&d=mm&r=g\",\"contentUrl\":\"https:\\\/\\\/secure.gravatar.com\\\/avatar\\\/37d968a2e67a6fd04c169c4bdef102d0bc5d31b2546345219e348575eb80e9a0?s=96&d=mm&r=g\",\"caption\":\"redazione\"},\"sameAs\":[\"http:\\\/\\\/www.bellunopress.it\",\"https:\\\/\\\/x.com\\\/bellunopress\"],\"url\":\"https:\\\/\\\/www.bellunopress.it\\\/fr\\\/author\\\/redazione\\\/\"}]}<\/script>\n<!-- \/ Yoast SEO plugin. -->","yoast_head_json":{"title":"A Seren del Grappa segnati tre nuovi Guinness World Records - Bellunopress - Dolomiti","robots":{"index":"index","follow":"follow","max-snippet":"max-snippet:-1","max-image-preview":"max-image-preview:large","max-video-preview":"max-video-preview:-1"},"canonical":"https:\/\/www.bellunopress.it\/fr\/2009\/07\/19\/a-seren-del-grappa-segnati-tre-nuovi-guinness-world-records\/","og_locale":"fr_FR","og_type":"article","og_title":"A Seren del Grappa segnati tre nuovi Guinness World Records - Bellunopress - Dolomiti","og_description":"\u00a0Una catena di legno lunga 70 metri e 90 centimetri ricavata da un tronco unico della lunghezza di 6 metri e 32 cm di diametro, senza incastri o impiego di collanti. Per realizzarla Giovanni Bressan di Gosaldo (Belluno) ha impiegato sei mesi, ma avr\u00e0 la soddisfazione di entrare nel libro di Guinnes dei primati che [&hellip;]","og_url":"https:\/\/www.bellunopress.it\/fr\/2009\/07\/19\/a-seren-del-grappa-segnati-tre-nuovi-guinness-world-records\/","og_site_name":"Bellunopress - Dolomiti","article_publisher":"https:\/\/www.facebook.com\/profile.php?id=100008943462799","article_published_time":"2009-07-19T06:29:13+00:00","og_image":[{"url":"http:\/\/www.bellunopress.it\/wp-content\/uploads\/2009\/07\/mirko-della-vecchia-moka-guinnes.jpg","type":"","width":"","height":""}],"author":"redazione","twitter_card":"summary_large_image","twitter_creator":"@bellunopress","twitter_site":"@bellunopress","twitter_misc":{"\u00c9crit par":"redazione","Dur\u00e9e de lecture estim\u00e9e":"1 minute"},"schema":{"@context":"https:\/\/schema.org","@graph":[{"@type":"Article","@id":"https:\/\/www.bellunopress.it\/2009\/07\/19\/a-seren-del-grappa-segnati-tre-nuovi-guinness-world-records\/#article","isPartOf":{"@id":"https:\/\/www.bellunopress.it\/2009\/07\/19\/a-seren-del-grappa-segnati-tre-nuovi-guinness-world-records\/"},"author":{"name":"redazione","@id":"https:\/\/www.bellunopress.it\/#\/schema\/person\/79bb06722b37ece1c03d3e94beb30d73"},"headline":"A Seren del Grappa segnati tre nuovi Guinness World Records","datePublished":"2009-07-19T06:29:13+00:00","mainEntityOfPage":{"@id":"https:\/\/www.bellunopress.it\/2009\/07\/19\/a-seren-del-grappa-segnati-tre-nuovi-guinness-world-records\/"},"wordCount":191,"publisher":{"@id":"https:\/\/www.bellunopress.it\/#organization"},"image":{"@id":"https:\/\/www.bellunopress.it\/2009\/07\/19\/a-seren-del-grappa-segnati-tre-nuovi-guinness-world-records\/#primaryimage"},"thumbnailUrl":"http:\/\/www.bellunopress.it\/wp-content\/uploads\/2009\/07\/mirko-della-vecchia-moka-guinnes.jpg","keywords":["Belluno"],"articleSection":["Arte, Cultura, Spettacoli, Scienza"],"inLanguage":"fr-FR"},{"@type":"WebPage","@id":"https:\/\/www.bellunopress.it\/2009\/07\/19\/a-seren-del-grappa-segnati-tre-nuovi-guinness-world-records\/","url":"https:\/\/www.bellunopress.it\/2009\/07\/19\/a-seren-del-grappa-segnati-tre-nuovi-guinness-world-records\/","name":"A Seren del Grappa segnati tre nuovi Guinness World Records - Bellunopress - Dolomiti","isPartOf":{"@id":"https:\/\/www.bellunopress.it\/#website"},"primaryImageOfPage":{"@id":"https:\/\/www.bellunopress.it\/2009\/07\/19\/a-seren-del-grappa-segnati-tre-nuovi-guinness-world-records\/#primaryimage"},"image":{"@id":"https:\/\/www.bellunopress.it\/2009\/07\/19\/a-seren-del-grappa-segnati-tre-nuovi-guinness-world-records\/#primaryimage"},"thumbnailUrl":"http:\/\/www.bellunopress.it\/wp-content\/uploads\/2009\/07\/mirko-della-vecchia-moka-guinnes.jpg","datePublished":"2009-07-19T06:29:13+00:00","breadcrumb":{"@id":"https:\/\/www.bellunopress.it\/2009\/07\/19\/a-seren-del-grappa-segnati-tre-nuovi-guinness-world-records\/#breadcrumb"},"inLanguage":"fr-FR","potentialAction":[{"@type":"ReadAction","target":["https:\/\/www.bellunopress.it\/2009\/07\/19\/a-seren-del-grappa-segnati-tre-nuovi-guinness-world-records\/"]}]},{"@type":"ImageObject","inLanguage":"fr-FR","@id":"https:\/\/www.bellunopress.it\/2009\/07\/19\/a-seren-del-grappa-segnati-tre-nuovi-guinness-world-records\/#primaryimage","url":"http:\/\/www.bellunopress.it\/wp-content\/uploads\/2009\/07\/mirko-della-vecchia-moka-guinnes.jpg","contentUrl":"http:\/\/www.bellunopress.it\/wp-content\/uploads\/2009\/07\/mirko-della-vecchia-moka-guinnes.jpg"},{"@type":"BreadcrumbList","@id":"https:\/\/www.bellunopress.it\/2009\/07\/19\/a-seren-del-grappa-segnati-tre-nuovi-guinness-world-records\/#breadcrumb","itemListElement":[{"@type":"ListItem","position":1,"name":"Home","item":"https:\/\/www.bellunopress.it\/"},{"@type":"ListItem","position":2,"name":"A Seren del Grappa segnati tre nuovi Guinness World Records"}]},{"@type":"WebSite","@id":"https:\/\/www.bellunopress.it\/#website","url":"https:\/\/www.bellunopress.it\/","name":"Bellunopress - Dolomiti","description":"e-mail: redazione@bellunopress.it","publisher":{"@id":"https:\/\/www.bellunopress.it\/#organization"},"potentialAction":[{"@type":"SearchAction","target":{"@type":"EntryPoint","urlTemplate":"https:\/\/www.bellunopress.it\/?s={search_term_string}"},"query-input":{"@type":"PropertyValueSpecification","valueRequired":true,"valueName":"search_term_string"}}],"inLanguage":"fr-FR"},{"@type":"Organization","@id":"https:\/\/www.bellunopress.it\/#organization","name":"Bellunopress","url":"https:\/\/www.bellunopress.it\/","logo":{"@type":"ImageObject","inLanguage":"fr-FR","@id":"https:\/\/www.bellunopress.it\/#\/schema\/logo\/image\/","url":"https:\/\/www.bellunopress.it\/wp-content\/uploads\/2011\/05\/cropped-logo-bellunopress-.jpg","contentUrl":"https:\/\/www.bellunopress.it\/wp-content\/uploads\/2011\/05\/cropped-logo-bellunopress-.jpg","width":512,"height":512,"caption":"Bellunopress"},"image":{"@id":"https:\/\/www.bellunopress.it\/#\/schema\/logo\/image\/"},"sameAs":["https:\/\/www.facebook.com\/profile.php?id=100008943462799","https:\/\/x.com\/bellunopress","https:\/\/www.linkedin.com\/hp\/?dnr=JBzUWaJfMUw8vbXJJ2tVW5-I3jZKvC4wsoxE&amp;amp;amp;amp;amp;amp;trk=nav_responsive_tab_home","https:\/\/www.youtube.com\/channel\/UCxL0wu1uN0_3_7hGG0306cw"]},{"@type":"Person","@id":"https:\/\/www.bellunopress.it\/#\/schema\/person\/79bb06722b37ece1c03d3e94beb30d73","name":"r\u00e9daction","image":{"@type":"ImageObject","inLanguage":"fr-FR","@id":"https:\/\/secure.gravatar.com\/avatar\/37d968a2e67a6fd04c169c4bdef102d0bc5d31b2546345219e348575eb80e9a0?s=96&d=mm&r=g","url":"https:\/\/secure.gravatar.com\/avatar\/37d968a2e67a6fd04c169c4bdef102d0bc5d31b2546345219e348575eb80e9a0?s=96&d=mm&r=g","contentUrl":"https:\/\/secure.gravatar.com\/avatar\/37d968a2e67a6fd04c169c4bdef102d0bc5d31b2546345219e348575eb80e9a0?s=96&d=mm&r=g","caption":"redazione"},"sameAs":["http:\/\/www.bellunopress.it","https:\/\/x.com\/bellunopress"],"url":"https:\/\/www.bellunopress.it\/fr\/author\/redazione\/"}]}},"_links":{"self":[{"href":"https:\/\/www.bellunopress.it\/fr\/wp-json\/wp\/v2\/posts\/6121","targetHints":{"allow":["GET"]}}],"collection":[{"href":"https:\/\/www.bellunopress.it\/fr\/wp-json\/wp\/v2\/posts"}],"about":[{"href":"https:\/\/www.bellunopress.it\/fr\/wp-json\/wp\/v2\/types\/post"}],"author":[{"embeddable":true,"href":"https:\/\/www.bellunopress.it\/fr\/wp-json\/wp\/v2\/users\/2"}],"replies":[{"embeddable":true,"href":"https:\/\/www.bellunopress.it\/fr\/wp-json\/wp\/v2\/comments?post=6121"}],"version-history":[{"count":1,"href":"https:\/\/www.bellunopress.it\/fr\/wp-json\/wp\/v2\/posts\/6121\/revisions"}],"predecessor-version":[{"id":6124,"href":"https:\/\/www.bellunopress.it\/fr\/wp-json\/wp\/v2\/posts\/6121\/revisions\/6124"}],"wp:attachment":[{"href":"https:\/\/www.bellunopress.it\/fr\/wp-json\/wp\/v2\/media?parent=6121"}],"wp:term":[{"taxonomy":"category","embeddable":true,"href":"https:\/\/www.bellunopress.it\/fr\/wp-json\/wp\/v2\/categories?post=6121"},{"taxonomy":"post_tag","embeddable":true,"href":"https:\/\/www.bellunopress.it\/fr\/wp-json\/wp\/v2\/tags?post=6121"}],"curies":[{"name":"wp","href":"https:\/\/api.w.org\/{rel}","templated":true}]}}