{"id":6117,"date":"2009-07-18T18:38:46","date_gmt":"2009-07-18T17:38:46","guid":{"rendered":"http:\/\/www.bellunopress.it\/?p=6117"},"modified":"2009-07-19T13:57:36","modified_gmt":"2009-07-19T12:57:36","slug":"dal-farra-pd-lidea-di-prade-e-solo-un-alibi-per-giustificare-il-suo-immobilismo","status":"publish","type":"post","link":"https:\/\/www.bellunopress.it\/fr\/2009\/07\/18\/dal-farra-pd-lidea-di-prade-e-solo-un-alibi-per-giustificare-il-suo-immobilismo\/","title":{"rendered":"Dal Farra (Pd): &#8220;L&#8217;idea di Prade \u00e8 solo un alibi per giustificare il suo immobilismo&#8221;"},"content":{"rendered":"<p><a href=\"http:\/\/www.bellunopress.it\/wp-content\/uploads\/2009\/02\/belluno-019.jpg\"><img loading=\"lazy\" decoding=\"async\" class=\"alignleft size-medium wp-image-401\" title=\"belluno-019\" src=\"http:\/\/www.bellunopress.it\/wp-content\/uploads\/2009\/02\/belluno-019.jpg\" alt=\"\" width=\"180\" height=\"270\" \/><\/a>&#8220;Il pensiero espresso dal sindaco di Belluno pu\u00f2 diventare un pericoloso alibi all\u2019immobilismo&#8221;. Michele Dal Farra, coordinatore del Pd di Belluno, contesta l&#8217;idea espressa dal sindaco Antonio Prade, sulle pretese velleit\u00e0 del capoluogo. &#8220;Solitamente ad accusare Belluno di essere Bellunocentrica \u00e8 sempre stato chi qui non abita e lavora, mai il primo cittadino chiamato a rappresentarla&#8221;, sostiene Dal Farrra, &#8220;ogni sindaco fa carte false per cogliere opportunit\u00e0 di sviluppo per la propria citt\u00e0 e per i cittadini che \u00e8 chiamato a rappresentare. Infatti il sindaco Antonia Ciotti a ragione e con forza, identifica e candida Pieve di Cadore come sede della Fondazione Unesco. La segue a ruota il sindaco di Cortina Franceschi. Il Sindaco di Belluno, invece, no. Dice che siamo troppo \u201carraffoni\u201d, ammette che siamo capoluogo solo sulla carta (e questo \u00e8 vero) e ci comunica che \u00e8 probabile che \u201cla sede dell\u2019Unesco \u00e8 troppo per noi\u201d. La verit\u00e0 purtroppo \u00e8 che il peso specifico di Prade \u00e8 talmente inconsistente dal punto di vista politico che mai riuscirebbe a ottenere per Belluno la sede della Fondazione. Prade tenta maldestramente di far passare il suo nanismo politico per generosit\u00e0. Del resto l&#8217;incapacit\u00e0 dell&#8217;attuale sindaco di governare le vicende del nostro territorio l&#8217;abbiamo sperimentata gi\u00e0 con i tagli alle scuole. Di fronte alla riduzione di insegnanti e classi per le scuole di montagna un leader avrebbe dovuto mettersi alla testa del proprio territorio e costringere il ministro Gelmini a trattare. Invece Prade non ha mosso un dito e saranno lavoratori e famiglie bellunesi a pagarne le conseguenze. Noi, invece, vogliamo pensare alla citt\u00e0 di Belluno come capitale delle Dolomiti.\u00a0 Vogliamo una citt\u00e0 capace di riacquistare la consapevolezza di essere centrale, luogo di scambio e di relazione con tutto il territorio provinciale, l\u2019arco alpino e con l\u2019Europa. Vogliamo una citt\u00e0 capace di essere protagonista, capace di promuovere le caratteristiche della montagna non in termini di marginalit\u00e0 o periferia di Venezia, ma di attivare strumenti di riequilibrio tra territori alpini. Vogliamo costruire una Belluno che torni protagonista dentro e fuori i confini provinciali, come lo \u00e8 stata nello scorso decennio con l&#8217;amministrazione Fistarol. Nel 1999 Belluno \u00e8 stata eletta Citt\u00e0 Alpina dell&#8217;Anno perch\u00e9 inserita in un circuito sociale e culturale che abbracciava l&#8217;intero arco alino. Oggi purtroppo Prade non solo teorizza la marginalit\u00e0 di Belluno \u201cperiferia di Venezia\u201d, ma la pratica giorno per giorno contribuendo a un declino della citt\u00e0 di cui non sentiamo davvero alcun bisogno&#8221;.<\/p>","protected":false},"excerpt":{"rendered":"<p>&#8220;Il pensiero espresso dal sindaco di Belluno pu\u00f2 diventare un pericoloso alibi all\u2019immobilismo&#8221;. Michele Dal Farra, coordinatore del Pd di Belluno, contesta l&#8217;idea espressa dal sindaco Antonio Prade, sulle pretese velleit\u00e0 del capoluogo. &#8220;Solitamente ad accusare Belluno di essere Bellunocentrica \u00e8 sempre stato chi qui non abita e lavora, mai il primo cittadino chiamato a [&hellip;]<\/p>\n","protected":false},"author":2,"featured_media":0,"comment_status":"closed","ping_status":"open","sticky":false,"template":"","format":"standard","meta":{"footnotes":""},"categories":[5,26],"tags":[139,151,63],"class_list":["post-6117","post","type-post","status-publish","format-standard","category-cronaca","category-prima-pagina","tag-belluno","tag-cadore","tag-dolomiti"],"yoast_head":"<!-- This site is optimized with the Yoast SEO plugin v28.4 - https:\/\/yoast.com\/product\/yoast-seo-wordpress\/ -->\n<title>Dal Farra (Pd): &quot;L&#039;idea di Prade \u00e8 solo un alibi per giustificare il suo immobilismo&quot; - Bellunopress - Dolomiti<\/title>\n<meta name=\"robots\" content=\"index, follow, max-snippet:-1, max-image-preview:large, max-video-preview:-1\" \/>\n<link rel=\"canonical\" href=\"https:\/\/www.bellunopress.it\/fr\/2009\/07\/18\/dal-farra-pd-lidea-di-prade-e-solo-un-alibi-per-giustificare-il-suo-immobilismo\/\" \/>\n<meta property=\"og:locale\" content=\"fr_FR\" \/>\n<meta property=\"og:type\" content=\"article\" \/>\n<meta property=\"og:title\" content=\"Dal Farra (Pd): &quot;L&#039;idea di Prade \u00e8 solo un alibi per giustificare il suo immobilismo&quot; - Bellunopress - Dolomiti\" \/>\n<meta property=\"og:description\" content=\"&#8220;Il pensiero espresso dal sindaco di Belluno pu\u00f2 diventare un pericoloso alibi all\u2019immobilismo&#8221;. Michele Dal Farra, coordinatore del Pd di Belluno, contesta l&#8217;idea espressa dal sindaco Antonio Prade, sulle pretese velleit\u00e0 del capoluogo. &#8220;Solitamente ad accusare Belluno di essere Bellunocentrica \u00e8 sempre stato chi qui non abita e lavora, mai il primo cittadino chiamato a [&hellip;]\" \/>\n<meta property=\"og:url\" content=\"https:\/\/www.bellunopress.it\/fr\/2009\/07\/18\/dal-farra-pd-lidea-di-prade-e-solo-un-alibi-per-giustificare-il-suo-immobilismo\/\" \/>\n<meta property=\"og:site_name\" content=\"Bellunopress - Dolomiti\" \/>\n<meta property=\"article:publisher\" content=\"https:\/\/www.facebook.com\/profile.php?id=100008943462799\" \/>\n<meta property=\"article:published_time\" content=\"2009-07-18T17:38:46+00:00\" \/>\n<meta property=\"article:modified_time\" content=\"2009-07-19T12:57:36+00:00\" \/>\n<meta property=\"og:image\" content=\"http:\/\/www.bellunopress.it\/wp-content\/uploads\/2009\/02\/belluno-019.jpg\" \/>\n<meta name=\"author\" content=\"redazione\" \/>\n<meta name=\"twitter:card\" content=\"summary_large_image\" \/>\n<meta name=\"twitter:creator\" content=\"@bellunopress\" \/>\n<meta name=\"twitter:site\" content=\"@bellunopress\" \/>\n<meta name=\"twitter:label1\" content=\"\u00c9crit par\" \/>\n\t<meta name=\"twitter:data1\" content=\"redazione\" \/>\n\t<meta name=\"twitter:label2\" content=\"Dur\u00e9e de lecture estim\u00e9e\" \/>\n\t<meta name=\"twitter:data2\" content=\"2 minutes\" \/>\n<script type=\"application\/ld+json\" class=\"yoast-schema-graph\">{\"@context\":\"https:\\\/\\\/schema.org\",\"@graph\":[{\"@type\":\"Article\",\"@id\":\"https:\\\/\\\/www.bellunopress.it\\\/2009\\\/07\\\/18\\\/dal-farra-pd-lidea-di-prade-e-solo-un-alibi-per-giustificare-il-suo-immobilismo\\\/#article\",\"isPartOf\":{\"@id\":\"https:\\\/\\\/www.bellunopress.it\\\/2009\\\/07\\\/18\\\/dal-farra-pd-lidea-di-prade-e-solo-un-alibi-per-giustificare-il-suo-immobilismo\\\/\"},\"author\":{\"name\":\"redazione\",\"@id\":\"https:\\\/\\\/www.bellunopress.it\\\/#\\\/schema\\\/person\\\/79bb06722b37ece1c03d3e94beb30d73\"},\"headline\":\"Dal Farra (Pd): &#8220;L&#8217;idea di Prade \u00e8 solo un alibi per giustificare il suo immobilismo&#8221;\",\"datePublished\":\"2009-07-18T17:38:46+00:00\",\"dateModified\":\"2009-07-19T12:57:36+00:00\",\"mainEntityOfPage\":{\"@id\":\"https:\\\/\\\/www.bellunopress.it\\\/2009\\\/07\\\/18\\\/dal-farra-pd-lidea-di-prade-e-solo-un-alibi-per-giustificare-il-suo-immobilismo\\\/\"},\"wordCount\":420,\"publisher\":{\"@id\":\"https:\\\/\\\/www.bellunopress.it\\\/#organization\"},\"image\":{\"@id\":\"https:\\\/\\\/www.bellunopress.it\\\/2009\\\/07\\\/18\\\/dal-farra-pd-lidea-di-prade-e-solo-un-alibi-per-giustificare-il-suo-immobilismo\\\/#primaryimage\"},\"thumbnailUrl\":\"http:\\\/\\\/www.bellunopress.it\\\/wp-content\\\/uploads\\\/2009\\\/02\\\/belluno-019.jpg\",\"keywords\":[\"Belluno\",\"Cadore\",\"Dolomiti\"],\"articleSection\":[\"Cronaca\\\/Politica\",\"Prima Pagina\"],\"inLanguage\":\"fr-FR\"},{\"@type\":\"WebPage\",\"@id\":\"https:\\\/\\\/www.bellunopress.it\\\/2009\\\/07\\\/18\\\/dal-farra-pd-lidea-di-prade-e-solo-un-alibi-per-giustificare-il-suo-immobilismo\\\/\",\"url\":\"https:\\\/\\\/www.bellunopress.it\\\/2009\\\/07\\\/18\\\/dal-farra-pd-lidea-di-prade-e-solo-un-alibi-per-giustificare-il-suo-immobilismo\\\/\",\"name\":\"Dal Farra (Pd): \\\"L'idea di Prade \u00e8 solo un alibi per giustificare il suo immobilismo\\\" - Bellunopress - Dolomiti\",\"isPartOf\":{\"@id\":\"https:\\\/\\\/www.bellunopress.it\\\/#website\"},\"primaryImageOfPage\":{\"@id\":\"https:\\\/\\\/www.bellunopress.it\\\/2009\\\/07\\\/18\\\/dal-farra-pd-lidea-di-prade-e-solo-un-alibi-per-giustificare-il-suo-immobilismo\\\/#primaryimage\"},\"image\":{\"@id\":\"https:\\\/\\\/www.bellunopress.it\\\/2009\\\/07\\\/18\\\/dal-farra-pd-lidea-di-prade-e-solo-un-alibi-per-giustificare-il-suo-immobilismo\\\/#primaryimage\"},\"thumbnailUrl\":\"http:\\\/\\\/www.bellunopress.it\\\/wp-content\\\/uploads\\\/2009\\\/02\\\/belluno-019.jpg\",\"datePublished\":\"2009-07-18T17:38:46+00:00\",\"dateModified\":\"2009-07-19T12:57:36+00:00\",\"breadcrumb\":{\"@id\":\"https:\\\/\\\/www.bellunopress.it\\\/2009\\\/07\\\/18\\\/dal-farra-pd-lidea-di-prade-e-solo-un-alibi-per-giustificare-il-suo-immobilismo\\\/#breadcrumb\"},\"inLanguage\":\"fr-FR\",\"potentialAction\":[{\"@type\":\"ReadAction\",\"target\":[\"https:\\\/\\\/www.bellunopress.it\\\/2009\\\/07\\\/18\\\/dal-farra-pd-lidea-di-prade-e-solo-un-alibi-per-giustificare-il-suo-immobilismo\\\/\"]}]},{\"@type\":\"ImageObject\",\"inLanguage\":\"fr-FR\",\"@id\":\"https:\\\/\\\/www.bellunopress.it\\\/2009\\\/07\\\/18\\\/dal-farra-pd-lidea-di-prade-e-solo-un-alibi-per-giustificare-il-suo-immobilismo\\\/#primaryimage\",\"url\":\"http:\\\/\\\/www.bellunopress.it\\\/wp-content\\\/uploads\\\/2009\\\/02\\\/belluno-019.jpg\",\"contentUrl\":\"http:\\\/\\\/www.bellunopress.it\\\/wp-content\\\/uploads\\\/2009\\\/02\\\/belluno-019.jpg\"},{\"@type\":\"BreadcrumbList\",\"@id\":\"https:\\\/\\\/www.bellunopress.it\\\/2009\\\/07\\\/18\\\/dal-farra-pd-lidea-di-prade-e-solo-un-alibi-per-giustificare-il-suo-immobilismo\\\/#breadcrumb\",\"itemListElement\":[{\"@type\":\"ListItem\",\"position\":1,\"name\":\"Home\",\"item\":\"https:\\\/\\\/www.bellunopress.it\\\/\"},{\"@type\":\"ListItem\",\"position\":2,\"name\":\"Dal Farra (Pd): &#8220;L&#8217;idea di Prade \u00e8 solo un alibi per giustificare il suo immobilismo&#8221;\"}]},{\"@type\":\"WebSite\",\"@id\":\"https:\\\/\\\/www.bellunopress.it\\\/#website\",\"url\":\"https:\\\/\\\/www.bellunopress.it\\\/\",\"name\":\"Bellunopress - Dolomiti\",\"description\":\"e-mail: redazione@bellunopress.it\",\"publisher\":{\"@id\":\"https:\\\/\\\/www.bellunopress.it\\\/#organization\"},\"potentialAction\":[{\"@type\":\"SearchAction\",\"target\":{\"@type\":\"EntryPoint\",\"urlTemplate\":\"https:\\\/\\\/www.bellunopress.it\\\/?s={search_term_string}\"},\"query-input\":{\"@type\":\"PropertyValueSpecification\",\"valueRequired\":true,\"valueName\":\"search_term_string\"}}],\"inLanguage\":\"fr-FR\"},{\"@type\":\"Organization\",\"@id\":\"https:\\\/\\\/www.bellunopress.it\\\/#organization\",\"name\":\"Bellunopress\",\"url\":\"https:\\\/\\\/www.bellunopress.it\\\/\",\"logo\":{\"@type\":\"ImageObject\",\"inLanguage\":\"fr-FR\",\"@id\":\"https:\\\/\\\/www.bellunopress.it\\\/#\\\/schema\\\/logo\\\/image\\\/\",\"url\":\"https:\\\/\\\/www.bellunopress.it\\\/wp-content\\\/uploads\\\/2011\\\/05\\\/cropped-logo-bellunopress-.jpg\",\"contentUrl\":\"https:\\\/\\\/www.bellunopress.it\\\/wp-content\\\/uploads\\\/2011\\\/05\\\/cropped-logo-bellunopress-.jpg\",\"width\":512,\"height\":512,\"caption\":\"Bellunopress\"},\"image\":{\"@id\":\"https:\\\/\\\/www.bellunopress.it\\\/#\\\/schema\\\/logo\\\/image\\\/\"},\"sameAs\":[\"https:\\\/\\\/www.facebook.com\\\/profile.php?id=100008943462799\",\"https:\\\/\\\/x.com\\\/bellunopress\",\"https:\\\/\\\/www.linkedin.com\\\/hp\\\/?dnr=JBzUWaJfMUw8vbXJJ2tVW5-I3jZKvC4wsoxE&amp;amp;amp;amp;amp;amp;trk=nav_responsive_tab_home\",\"https:\\\/\\\/www.youtube.com\\\/channel\\\/UCxL0wu1uN0_3_7hGG0306cw\"]},{\"@type\":\"Person\",\"@id\":\"https:\\\/\\\/www.bellunopress.it\\\/#\\\/schema\\\/person\\\/79bb06722b37ece1c03d3e94beb30d73\",\"name\":\"redazione\",\"image\":{\"@type\":\"ImageObject\",\"inLanguage\":\"fr-FR\",\"@id\":\"https:\\\/\\\/secure.gravatar.com\\\/avatar\\\/37d968a2e67a6fd04c169c4bdef102d0bc5d31b2546345219e348575eb80e9a0?s=96&d=mm&r=g\",\"url\":\"https:\\\/\\\/secure.gravatar.com\\\/avatar\\\/37d968a2e67a6fd04c169c4bdef102d0bc5d31b2546345219e348575eb80e9a0?s=96&d=mm&r=g\",\"contentUrl\":\"https:\\\/\\\/secure.gravatar.com\\\/avatar\\\/37d968a2e67a6fd04c169c4bdef102d0bc5d31b2546345219e348575eb80e9a0?s=96&d=mm&r=g\",\"caption\":\"redazione\"},\"sameAs\":[\"http:\\\/\\\/www.bellunopress.it\",\"https:\\\/\\\/x.com\\\/bellunopress\"],\"url\":\"https:\\\/\\\/www.bellunopress.it\\\/fr\\\/author\\\/redazione\\\/\"}]}<\/script>\n<!-- \/ Yoast SEO plugin. -->","yoast_head_json":{"title":"Dal Farra (Pd): \"L'idea di Prade \u00e8 solo un alibi per giustificare il suo immobilismo\" - Bellunopress - Dolomiti","robots":{"index":"index","follow":"follow","max-snippet":"max-snippet:-1","max-image-preview":"max-image-preview:large","max-video-preview":"max-video-preview:-1"},"canonical":"https:\/\/www.bellunopress.it\/fr\/2009\/07\/18\/dal-farra-pd-lidea-di-prade-e-solo-un-alibi-per-giustificare-il-suo-immobilismo\/","og_locale":"fr_FR","og_type":"article","og_title":"Dal Farra (Pd): \"L'idea di Prade \u00e8 solo un alibi per giustificare il suo immobilismo\" - Bellunopress - Dolomiti","og_description":"&#8220;Il pensiero espresso dal sindaco di Belluno pu\u00f2 diventare un pericoloso alibi all\u2019immobilismo&#8221;. Michele Dal Farra, coordinatore del Pd di Belluno, contesta l&#8217;idea espressa dal sindaco Antonio Prade, sulle pretese velleit\u00e0 del capoluogo. &#8220;Solitamente ad accusare Belluno di essere Bellunocentrica \u00e8 sempre stato chi qui non abita e lavora, mai il primo cittadino chiamato a [&hellip;]","og_url":"https:\/\/www.bellunopress.it\/fr\/2009\/07\/18\/dal-farra-pd-lidea-di-prade-e-solo-un-alibi-per-giustificare-il-suo-immobilismo\/","og_site_name":"Bellunopress - Dolomiti","article_publisher":"https:\/\/www.facebook.com\/profile.php?id=100008943462799","article_published_time":"2009-07-18T17:38:46+00:00","article_modified_time":"2009-07-19T12:57:36+00:00","og_image":[{"url":"http:\/\/www.bellunopress.it\/wp-content\/uploads\/2009\/02\/belluno-019.jpg","type":"","width":"","height":""}],"author":"redazione","twitter_card":"summary_large_image","twitter_creator":"@bellunopress","twitter_site":"@bellunopress","twitter_misc":{"\u00c9crit par":"redazione","Dur\u00e9e de lecture estim\u00e9e":"2 minutes"},"schema":{"@context":"https:\/\/schema.org","@graph":[{"@type":"Article","@id":"https:\/\/www.bellunopress.it\/2009\/07\/18\/dal-farra-pd-lidea-di-prade-e-solo-un-alibi-per-giustificare-il-suo-immobilismo\/#article","isPartOf":{"@id":"https:\/\/www.bellunopress.it\/2009\/07\/18\/dal-farra-pd-lidea-di-prade-e-solo-un-alibi-per-giustificare-il-suo-immobilismo\/"},"author":{"name":"redazione","@id":"https:\/\/www.bellunopress.it\/#\/schema\/person\/79bb06722b37ece1c03d3e94beb30d73"},"headline":"Dal Farra (Pd): &#8220;L&#8217;idea di Prade \u00e8 solo un alibi per giustificare il suo immobilismo&#8221;","datePublished":"2009-07-18T17:38:46+00:00","dateModified":"2009-07-19T12:57:36+00:00","mainEntityOfPage":{"@id":"https:\/\/www.bellunopress.it\/2009\/07\/18\/dal-farra-pd-lidea-di-prade-e-solo-un-alibi-per-giustificare-il-suo-immobilismo\/"},"wordCount":420,"publisher":{"@id":"https:\/\/www.bellunopress.it\/#organization"},"image":{"@id":"https:\/\/www.bellunopress.it\/2009\/07\/18\/dal-farra-pd-lidea-di-prade-e-solo-un-alibi-per-giustificare-il-suo-immobilismo\/#primaryimage"},"thumbnailUrl":"http:\/\/www.bellunopress.it\/wp-content\/uploads\/2009\/02\/belluno-019.jpg","keywords":["Belluno","Cadore","Dolomiti"],"articleSection":["Cronaca\/Politica","Prima Pagina"],"inLanguage":"fr-FR"},{"@type":"WebPage","@id":"https:\/\/www.bellunopress.it\/2009\/07\/18\/dal-farra-pd-lidea-di-prade-e-solo-un-alibi-per-giustificare-il-suo-immobilismo\/","url":"https:\/\/www.bellunopress.it\/2009\/07\/18\/dal-farra-pd-lidea-di-prade-e-solo-un-alibi-per-giustificare-il-suo-immobilismo\/","name":"Dal Farra (Pd): \"L'idea di Prade \u00e8 solo un alibi per giustificare il suo immobilismo\" - Bellunopress - Dolomiti","isPartOf":{"@id":"https:\/\/www.bellunopress.it\/#website"},"primaryImageOfPage":{"@id":"https:\/\/www.bellunopress.it\/2009\/07\/18\/dal-farra-pd-lidea-di-prade-e-solo-un-alibi-per-giustificare-il-suo-immobilismo\/#primaryimage"},"image":{"@id":"https:\/\/www.bellunopress.it\/2009\/07\/18\/dal-farra-pd-lidea-di-prade-e-solo-un-alibi-per-giustificare-il-suo-immobilismo\/#primaryimage"},"thumbnailUrl":"http:\/\/www.bellunopress.it\/wp-content\/uploads\/2009\/02\/belluno-019.jpg","datePublished":"2009-07-18T17:38:46+00:00","dateModified":"2009-07-19T12:57:36+00:00","breadcrumb":{"@id":"https:\/\/www.bellunopress.it\/2009\/07\/18\/dal-farra-pd-lidea-di-prade-e-solo-un-alibi-per-giustificare-il-suo-immobilismo\/#breadcrumb"},"inLanguage":"fr-FR","potentialAction":[{"@type":"ReadAction","target":["https:\/\/www.bellunopress.it\/2009\/07\/18\/dal-farra-pd-lidea-di-prade-e-solo-un-alibi-per-giustificare-il-suo-immobilismo\/"]}]},{"@type":"ImageObject","inLanguage":"fr-FR","@id":"https:\/\/www.bellunopress.it\/2009\/07\/18\/dal-farra-pd-lidea-di-prade-e-solo-un-alibi-per-giustificare-il-suo-immobilismo\/#primaryimage","url":"http:\/\/www.bellunopress.it\/wp-content\/uploads\/2009\/02\/belluno-019.jpg","contentUrl":"http:\/\/www.bellunopress.it\/wp-content\/uploads\/2009\/02\/belluno-019.jpg"},{"@type":"BreadcrumbList","@id":"https:\/\/www.bellunopress.it\/2009\/07\/18\/dal-farra-pd-lidea-di-prade-e-solo-un-alibi-per-giustificare-il-suo-immobilismo\/#breadcrumb","itemListElement":[{"@type":"ListItem","position":1,"name":"Home","item":"https:\/\/www.bellunopress.it\/"},{"@type":"ListItem","position":2,"name":"Dal Farra (Pd): &#8220;L&#8217;idea di Prade \u00e8 solo un alibi per giustificare il suo immobilismo&#8221;"}]},{"@type":"WebSite","@id":"https:\/\/www.bellunopress.it\/#website","url":"https:\/\/www.bellunopress.it\/","name":"Bellunopress - Dolomiti","description":"e-mail: redazione@bellunopress.it","publisher":{"@id":"https:\/\/www.bellunopress.it\/#organization"},"potentialAction":[{"@type":"SearchAction","target":{"@type":"EntryPoint","urlTemplate":"https:\/\/www.bellunopress.it\/?s={search_term_string}"},"query-input":{"@type":"PropertyValueSpecification","valueRequired":true,"valueName":"search_term_string"}}],"inLanguage":"fr-FR"},{"@type":"Organization","@id":"https:\/\/www.bellunopress.it\/#organization","name":"Bellunopress","url":"https:\/\/www.bellunopress.it\/","logo":{"@type":"ImageObject","inLanguage":"fr-FR","@id":"https:\/\/www.bellunopress.it\/#\/schema\/logo\/image\/","url":"https:\/\/www.bellunopress.it\/wp-content\/uploads\/2011\/05\/cropped-logo-bellunopress-.jpg","contentUrl":"https:\/\/www.bellunopress.it\/wp-content\/uploads\/2011\/05\/cropped-logo-bellunopress-.jpg","width":512,"height":512,"caption":"Bellunopress"},"image":{"@id":"https:\/\/www.bellunopress.it\/#\/schema\/logo\/image\/"},"sameAs":["https:\/\/www.facebook.com\/profile.php?id=100008943462799","https:\/\/x.com\/bellunopress","https:\/\/www.linkedin.com\/hp\/?dnr=JBzUWaJfMUw8vbXJJ2tVW5-I3jZKvC4wsoxE&amp;amp;amp;amp;amp;amp;trk=nav_responsive_tab_home","https:\/\/www.youtube.com\/channel\/UCxL0wu1uN0_3_7hGG0306cw"]},{"@type":"Person","@id":"https:\/\/www.bellunopress.it\/#\/schema\/person\/79bb06722b37ece1c03d3e94beb30d73","name":"r\u00e9daction","image":{"@type":"ImageObject","inLanguage":"fr-FR","@id":"https:\/\/secure.gravatar.com\/avatar\/37d968a2e67a6fd04c169c4bdef102d0bc5d31b2546345219e348575eb80e9a0?s=96&d=mm&r=g","url":"https:\/\/secure.gravatar.com\/avatar\/37d968a2e67a6fd04c169c4bdef102d0bc5d31b2546345219e348575eb80e9a0?s=96&d=mm&r=g","contentUrl":"https:\/\/secure.gravatar.com\/avatar\/37d968a2e67a6fd04c169c4bdef102d0bc5d31b2546345219e348575eb80e9a0?s=96&d=mm&r=g","caption":"redazione"},"sameAs":["http:\/\/www.bellunopress.it","https:\/\/x.com\/bellunopress"],"url":"https:\/\/www.bellunopress.it\/fr\/author\/redazione\/"}]}},"_links":{"self":[{"href":"https:\/\/www.bellunopress.it\/fr\/wp-json\/wp\/v2\/posts\/6117","targetHints":{"allow":["GET"]}}],"collection":[{"href":"https:\/\/www.bellunopress.it\/fr\/wp-json\/wp\/v2\/posts"}],"about":[{"href":"https:\/\/www.bellunopress.it\/fr\/wp-json\/wp\/v2\/types\/post"}],"author":[{"embeddable":true,"href":"https:\/\/www.bellunopress.it\/fr\/wp-json\/wp\/v2\/users\/2"}],"replies":[{"embeddable":true,"href":"https:\/\/www.bellunopress.it\/fr\/wp-json\/wp\/v2\/comments?post=6117"}],"version-history":[{"count":3,"href":"https:\/\/www.bellunopress.it\/fr\/wp-json\/wp\/v2\/posts\/6117\/revisions"}],"predecessor-version":[{"id":6127,"href":"https:\/\/www.bellunopress.it\/fr\/wp-json\/wp\/v2\/posts\/6117\/revisions\/6127"}],"wp:attachment":[{"href":"https:\/\/www.bellunopress.it\/fr\/wp-json\/wp\/v2\/media?parent=6117"}],"wp:term":[{"taxonomy":"category","embeddable":true,"href":"https:\/\/www.bellunopress.it\/fr\/wp-json\/wp\/v2\/categories?post=6117"},{"taxonomy":"post_tag","embeddable":true,"href":"https:\/\/www.bellunopress.it\/fr\/wp-json\/wp\/v2\/tags?post=6117"}],"curies":[{"name":"wp","href":"https:\/\/api.w.org\/{rel}","templated":true}]}}