{"id":6113,"date":"2009-07-18T11:20:41","date_gmt":"2009-07-18T10:20:41","guid":{"rendered":"http:\/\/www.bellunopress.it\/?p=6113"},"modified":"2009-07-18T11:20:41","modified_gmt":"2009-07-18T10:20:41","slug":"tre-frane-nella-notte-a-cancia-di-borca-valesella-e-san-vito-di-cadore-due-le-vittime-evacuate-alcune-abitazioni-il-sindaco-di-cortina-annulla-i-festeggiamenti","status":"publish","type":"post","link":"https:\/\/www.bellunopress.it\/fr\/2009\/07\/18\/tre-frane-nella-notte-a-cancia-di-borca-valesella-e-san-vito-di-cadore-due-le-vittime-evacuate-alcune-abitazioni-il-sindaco-di-cortina-annulla-i-festeggiamenti\/","title":{"rendered":"Tre frane nella notte a Cancia di Borca, Valesella e San Vito di Cadore. Due le vittime, evacuate alcune abitazioni. Il sindaco di Cortina annulla i festeggiamenti"},"content":{"rendered":"<figure id=\"attachment_581\" aria-describedby=\"caption-attachment-581\" style=\"width: 80px\" class=\"wp-caption alignleft\"><a href=\"http:\/\/www.bellunopress.it\/wp-content\/uploads\/2009\/02\/andrea-franceschi-sindaco-cortina-dampezzo-80x80.jpg\"><img loading=\"lazy\" decoding=\"async\" class=\"size-medium wp-image-581\" title=\"andrea-franceschi-sindaco-cortina-dampezzo-80x80\" src=\"http:\/\/www.bellunopress.it\/wp-content\/uploads\/2009\/02\/andrea-franceschi-sindaco-cortina-dampezzo-80x80.jpg\" alt=\"Andrea Franceschi sindaco di Cortina d'Ampezzo\" width=\"80\" height=\"80\" \/><\/a><figcaption id=\"caption-attachment-581\" class=\"wp-caption-text\">Andrea Franceschi sindaco di Cortina d<\/figcaption><\/figure>\n<p>&#8220;Oggi per Cortina sarebbe dovuto essere un giorno di festa. Ma evidentemente non pu\u00f2 esserlo con quello che \u00e8 successo questa notte\u201d. E\u2019 molto addolorato il sindaco del Comune di Cortina d&#8217;Ampezzo Andrea Franceschi. E\u2019 appena rientrato da Acquabona, colpita dall\u2019ultima &#8211; in ordine di tempo &#8211; delle tre frane che questa notte hanno attaccato prima Cancia di Borca, poi Valesella a San Vito e quindi la frazione subito prima di Cortina d\u2019Ampezzo. Il Sindaco ha fatto il sopralluogo insieme all\u2019Assessore all\u2019Ambiente e Protezione Civile Enrico Pompanin. \u201cAbbracciamo idealmente \u2013 dicono &#8211; le persone che questa notte sono state colpite da lutto e hanno dovuto lasciare le loro case\u201d.Oggi 18 luglio si sarebbero dovute inaugurare le due grandi mostre dell\u2019estate, Casa Savoia: Storia di una Famiglia Italiana alla Casa delle Regole alla presenza di Emanuele Filiberto di Savoia e quella dedicata all\u2019architetto Edoardo Gellner nella sala espositiva dell\u2019Alexander Girardi Hall. E tra l\u2019una e l\u2019altra, era in programma la conferenza stampa al Centro Sportivo A. De Rigo per il benvenuto del Sindaco e dell\u2019Assessore al Turismo e allo Sport Herbert Huber alla Fiorentina da ieri in ritiro a Cortina. &#8220;Non distante da noi ci sono state due vittime ed evacuazioni. L\u2019intera Amministrazione di Cortina d\u2019Ampezzo si associa a questo stato di emergenza che sta colpendo i paesi e le vallate limitrofe, quelle che si incontrano sulla strada che porta verso di noi\u201d, sottolinea l\u2019Assessore al Turismo e Sport Herbert Huber.<br \/>\nSi unisce a queste parole Paola Valle, Vicesindaco e Assessore alla Cultura: \u201cSono mesi che lavoriamo per queste due mostre. Per noi oggi sarebbe dovuta essere una giornata veramente di gioia. Ma non si pu\u00f2 festeggiare in un momento cos\u00ec. Apriamo perch\u00e9 \u00e8 giusto farlo, anche per Emanuele Filiberto di Savoia che \u00e8 venuto a Cortina appositamente per aprire la mostra dedicata alla sua famiglia, e per i rappresentanti del Ministero dei Beni Culturali e della Regione che con noi hanno lavorato per la mostra di Gellner. Ma sar\u00e0 semplicemente un\u2019apertura con una visita\u201d. Le mostre apriranno dunque i battenti agli orari prestabiliti, alle 12.00 quella di Casa Savoia, e alle 16.00 quella di Gellner. Ma non ci sar\u00e0 alcuna festa. Annullati anche i cocktail e la cena che era stata programmata per questa sera. Anche la festa in Conchiglia per la Fiorentina \u00e8 stata posticipata a data da destinarsi.<\/p>","protected":false},"excerpt":{"rendered":"<p>&#8220;Oggi per Cortina sarebbe dovuto essere un giorno di festa. Ma evidentemente non pu\u00f2 esserlo con quello che \u00e8 successo questa notte\u201d. E\u2019 molto addolorato il sindaco del Comune di Cortina d&#8217;Ampezzo Andrea Franceschi. E\u2019 appena rientrato da Acquabona, colpita dall\u2019ultima &#8211; in ordine di tempo &#8211; delle tre frane che questa notte hanno attaccato [&hellip;]<\/p>\n","protected":false},"author":2,"featured_media":0,"comment_status":"closed","ping_status":"open","sticky":false,"template":"","format":"standard","meta":{"footnotes":""},"categories":[5,26],"tags":[139,151],"class_list":["post-6113","post","type-post","status-publish","format-standard","category-cronaca","category-prima-pagina","tag-belluno","tag-cadore"],"yoast_head":"<!-- This site is optimized with the Yoast SEO plugin v28.4 - https:\/\/yoast.com\/product\/yoast-seo-wordpress\/ -->\n<title>Tre frane nella notte a Cancia di Borca, Valesella e San Vito di Cadore. Due le vittime, evacuate alcune abitazioni. Il sindaco di Cortina annulla i festeggiamenti - Bellunopress - Dolomiti<\/title>\n<meta name=\"robots\" content=\"index, follow, max-snippet:-1, max-image-preview:large, max-video-preview:-1\" \/>\n<link rel=\"canonical\" href=\"https:\/\/www.bellunopress.it\/fr\/2009\/07\/18\/tre-frane-nella-notte-a-cancia-di-borca-valesella-e-san-vito-di-cadore-due-le-vittime-evacuate-alcune-abitazioni-il-sindaco-di-cortina-annulla-i-festeggiamenti\/\" \/>\n<meta property=\"og:locale\" content=\"fr_FR\" \/>\n<meta property=\"og:type\" content=\"article\" \/>\n<meta property=\"og:title\" content=\"Tre frane nella notte a Cancia di Borca, Valesella e San Vito di Cadore. Due le vittime, evacuate alcune abitazioni. Il sindaco di Cortina annulla i festeggiamenti - Bellunopress - Dolomiti\" \/>\n<meta property=\"og:description\" content=\"&#8220;Oggi per Cortina sarebbe dovuto essere un giorno di festa. Ma evidentemente non pu\u00f2 esserlo con quello che \u00e8 successo questa notte\u201d. E\u2019 molto addolorato il sindaco del Comune di Cortina d&#8217;Ampezzo Andrea Franceschi. E\u2019 appena rientrato da Acquabona, colpita dall\u2019ultima &#8211; in ordine di tempo &#8211; delle tre frane che questa notte hanno attaccato [&hellip;]\" \/>\n<meta property=\"og:url\" content=\"https:\/\/www.bellunopress.it\/fr\/2009\/07\/18\/tre-frane-nella-notte-a-cancia-di-borca-valesella-e-san-vito-di-cadore-due-le-vittime-evacuate-alcune-abitazioni-il-sindaco-di-cortina-annulla-i-festeggiamenti\/\" \/>\n<meta property=\"og:site_name\" content=\"Bellunopress - Dolomiti\" \/>\n<meta property=\"article:publisher\" content=\"https:\/\/www.facebook.com\/profile.php?id=100008943462799\" \/>\n<meta property=\"article:published_time\" content=\"2009-07-18T10:20:41+00:00\" \/>\n<meta property=\"og:image\" content=\"http:\/\/www.bellunopress.it\/wp-content\/uploads\/2009\/02\/andrea-franceschi-sindaco-cortina-dampezzo-80x80.jpg\" \/>\n<meta name=\"author\" content=\"redazione\" \/>\n<meta name=\"twitter:card\" content=\"summary_large_image\" \/>\n<meta name=\"twitter:creator\" content=\"@bellunopress\" \/>\n<meta name=\"twitter:site\" content=\"@bellunopress\" \/>\n<meta name=\"twitter:label1\" content=\"\u00c9crit par\" \/>\n\t<meta name=\"twitter:data1\" content=\"redazione\" \/>\n\t<meta name=\"twitter:label2\" content=\"Dur\u00e9e de lecture estim\u00e9e\" \/>\n\t<meta name=\"twitter:data2\" content=\"2 minutes\" \/>\n<script type=\"application\/ld+json\" class=\"yoast-schema-graph\">{\"@context\":\"https:\\\/\\\/schema.org\",\"@graph\":[{\"@type\":\"Article\",\"@id\":\"https:\\\/\\\/www.bellunopress.it\\\/2009\\\/07\\\/18\\\/tre-frane-nella-notte-a-cancia-di-borca-valesella-e-san-vito-di-cadore-due-le-vittime-evacuate-alcune-abitazioni-il-sindaco-di-cortina-annulla-i-festeggiamenti\\\/#article\",\"isPartOf\":{\"@id\":\"https:\\\/\\\/www.bellunopress.it\\\/2009\\\/07\\\/18\\\/tre-frane-nella-notte-a-cancia-di-borca-valesella-e-san-vito-di-cadore-due-le-vittime-evacuate-alcune-abitazioni-il-sindaco-di-cortina-annulla-i-festeggiamenti\\\/\"},\"author\":{\"name\":\"redazione\",\"@id\":\"https:\\\/\\\/www.bellunopress.it\\\/#\\\/schema\\\/person\\\/79bb06722b37ece1c03d3e94beb30d73\"},\"headline\":\"Tre frane nella notte a Cancia di Borca, Valesella e San Vito di Cadore. Due le vittime, evacuate alcune abitazioni. Il sindaco di Cortina annulla i festeggiamenti\",\"datePublished\":\"2009-07-18T10:20:41+00:00\",\"mainEntityOfPage\":{\"@id\":\"https:\\\/\\\/www.bellunopress.it\\\/2009\\\/07\\\/18\\\/tre-frane-nella-notte-a-cancia-di-borca-valesella-e-san-vito-di-cadore-due-le-vittime-evacuate-alcune-abitazioni-il-sindaco-di-cortina-annulla-i-festeggiamenti\\\/\"},\"wordCount\":439,\"publisher\":{\"@id\":\"https:\\\/\\\/www.bellunopress.it\\\/#organization\"},\"image\":{\"@id\":\"https:\\\/\\\/www.bellunopress.it\\\/2009\\\/07\\\/18\\\/tre-frane-nella-notte-a-cancia-di-borca-valesella-e-san-vito-di-cadore-due-le-vittime-evacuate-alcune-abitazioni-il-sindaco-di-cortina-annulla-i-festeggiamenti\\\/#primaryimage\"},\"thumbnailUrl\":\"http:\\\/\\\/www.bellunopress.it\\\/wp-content\\\/uploads\\\/2009\\\/02\\\/andrea-franceschi-sindaco-cortina-dampezzo-80x80.jpg\",\"keywords\":[\"Belluno\",\"Cadore\"],\"articleSection\":[\"Cronaca\\\/Politica\",\"Prima Pagina\"],\"inLanguage\":\"fr-FR\"},{\"@type\":\"WebPage\",\"@id\":\"https:\\\/\\\/www.bellunopress.it\\\/2009\\\/07\\\/18\\\/tre-frane-nella-notte-a-cancia-di-borca-valesella-e-san-vito-di-cadore-due-le-vittime-evacuate-alcune-abitazioni-il-sindaco-di-cortina-annulla-i-festeggiamenti\\\/\",\"url\":\"https:\\\/\\\/www.bellunopress.it\\\/2009\\\/07\\\/18\\\/tre-frane-nella-notte-a-cancia-di-borca-valesella-e-san-vito-di-cadore-due-le-vittime-evacuate-alcune-abitazioni-il-sindaco-di-cortina-annulla-i-festeggiamenti\\\/\",\"name\":\"Tre frane nella notte a Cancia di Borca, Valesella e San Vito di Cadore. Due le vittime, evacuate alcune abitazioni. Il sindaco di Cortina annulla i festeggiamenti - Bellunopress - Dolomiti\",\"isPartOf\":{\"@id\":\"https:\\\/\\\/www.bellunopress.it\\\/#website\"},\"primaryImageOfPage\":{\"@id\":\"https:\\\/\\\/www.bellunopress.it\\\/2009\\\/07\\\/18\\\/tre-frane-nella-notte-a-cancia-di-borca-valesella-e-san-vito-di-cadore-due-le-vittime-evacuate-alcune-abitazioni-il-sindaco-di-cortina-annulla-i-festeggiamenti\\\/#primaryimage\"},\"image\":{\"@id\":\"https:\\\/\\\/www.bellunopress.it\\\/2009\\\/07\\\/18\\\/tre-frane-nella-notte-a-cancia-di-borca-valesella-e-san-vito-di-cadore-due-le-vittime-evacuate-alcune-abitazioni-il-sindaco-di-cortina-annulla-i-festeggiamenti\\\/#primaryimage\"},\"thumbnailUrl\":\"http:\\\/\\\/www.bellunopress.it\\\/wp-content\\\/uploads\\\/2009\\\/02\\\/andrea-franceschi-sindaco-cortina-dampezzo-80x80.jpg\",\"datePublished\":\"2009-07-18T10:20:41+00:00\",\"breadcrumb\":{\"@id\":\"https:\\\/\\\/www.bellunopress.it\\\/2009\\\/07\\\/18\\\/tre-frane-nella-notte-a-cancia-di-borca-valesella-e-san-vito-di-cadore-due-le-vittime-evacuate-alcune-abitazioni-il-sindaco-di-cortina-annulla-i-festeggiamenti\\\/#breadcrumb\"},\"inLanguage\":\"fr-FR\",\"potentialAction\":[{\"@type\":\"ReadAction\",\"target\":[\"https:\\\/\\\/www.bellunopress.it\\\/2009\\\/07\\\/18\\\/tre-frane-nella-notte-a-cancia-di-borca-valesella-e-san-vito-di-cadore-due-le-vittime-evacuate-alcune-abitazioni-il-sindaco-di-cortina-annulla-i-festeggiamenti\\\/\"]}]},{\"@type\":\"ImageObject\",\"inLanguage\":\"fr-FR\",\"@id\":\"https:\\\/\\\/www.bellunopress.it\\\/2009\\\/07\\\/18\\\/tre-frane-nella-notte-a-cancia-di-borca-valesella-e-san-vito-di-cadore-due-le-vittime-evacuate-alcune-abitazioni-il-sindaco-di-cortina-annulla-i-festeggiamenti\\\/#primaryimage\",\"url\":\"http:\\\/\\\/www.bellunopress.it\\\/wp-content\\\/uploads\\\/2009\\\/02\\\/andrea-franceschi-sindaco-cortina-dampezzo-80x80.jpg\",\"contentUrl\":\"http:\\\/\\\/www.bellunopress.it\\\/wp-content\\\/uploads\\\/2009\\\/02\\\/andrea-franceschi-sindaco-cortina-dampezzo-80x80.jpg\"},{\"@type\":\"BreadcrumbList\",\"@id\":\"https:\\\/\\\/www.bellunopress.it\\\/2009\\\/07\\\/18\\\/tre-frane-nella-notte-a-cancia-di-borca-valesella-e-san-vito-di-cadore-due-le-vittime-evacuate-alcune-abitazioni-il-sindaco-di-cortina-annulla-i-festeggiamenti\\\/#breadcrumb\",\"itemListElement\":[{\"@type\":\"ListItem\",\"position\":1,\"name\":\"Home\",\"item\":\"https:\\\/\\\/www.bellunopress.it\\\/\"},{\"@type\":\"ListItem\",\"position\":2,\"name\":\"Tre frane nella notte a Cancia di Borca, Valesella e San Vito di Cadore. Due le vittime, evacuate alcune abitazioni. Il sindaco di Cortina annulla i festeggiamenti\"}]},{\"@type\":\"WebSite\",\"@id\":\"https:\\\/\\\/www.bellunopress.it\\\/#website\",\"url\":\"https:\\\/\\\/www.bellunopress.it\\\/\",\"name\":\"Bellunopress - Dolomiti\",\"description\":\"e-mail: redazione@bellunopress.it\",\"publisher\":{\"@id\":\"https:\\\/\\\/www.bellunopress.it\\\/#organization\"},\"potentialAction\":[{\"@type\":\"SearchAction\",\"target\":{\"@type\":\"EntryPoint\",\"urlTemplate\":\"https:\\\/\\\/www.bellunopress.it\\\/?s={search_term_string}\"},\"query-input\":{\"@type\":\"PropertyValueSpecification\",\"valueRequired\":true,\"valueName\":\"search_term_string\"}}],\"inLanguage\":\"fr-FR\"},{\"@type\":\"Organization\",\"@id\":\"https:\\\/\\\/www.bellunopress.it\\\/#organization\",\"name\":\"Bellunopress\",\"url\":\"https:\\\/\\\/www.bellunopress.it\\\/\",\"logo\":{\"@type\":\"ImageObject\",\"inLanguage\":\"fr-FR\",\"@id\":\"https:\\\/\\\/www.bellunopress.it\\\/#\\\/schema\\\/logo\\\/image\\\/\",\"url\":\"https:\\\/\\\/www.bellunopress.it\\\/wp-content\\\/uploads\\\/2011\\\/05\\\/cropped-logo-bellunopress-.jpg\",\"contentUrl\":\"https:\\\/\\\/www.bellunopress.it\\\/wp-content\\\/uploads\\\/2011\\\/05\\\/cropped-logo-bellunopress-.jpg\",\"width\":512,\"height\":512,\"caption\":\"Bellunopress\"},\"image\":{\"@id\":\"https:\\\/\\\/www.bellunopress.it\\\/#\\\/schema\\\/logo\\\/image\\\/\"},\"sameAs\":[\"https:\\\/\\\/www.facebook.com\\\/profile.php?id=100008943462799\",\"https:\\\/\\\/x.com\\\/bellunopress\",\"https:\\\/\\\/www.linkedin.com\\\/hp\\\/?dnr=JBzUWaJfMUw8vbXJJ2tVW5-I3jZKvC4wsoxE&amp;amp;amp;amp;amp;amp;trk=nav_responsive_tab_home\",\"https:\\\/\\\/www.youtube.com\\\/channel\\\/UCxL0wu1uN0_3_7hGG0306cw\"]},{\"@type\":\"Person\",\"@id\":\"https:\\\/\\\/www.bellunopress.it\\\/#\\\/schema\\\/person\\\/79bb06722b37ece1c03d3e94beb30d73\",\"name\":\"redazione\",\"image\":{\"@type\":\"ImageObject\",\"inLanguage\":\"fr-FR\",\"@id\":\"https:\\\/\\\/secure.gravatar.com\\\/avatar\\\/37d968a2e67a6fd04c169c4bdef102d0bc5d31b2546345219e348575eb80e9a0?s=96&d=mm&r=g\",\"url\":\"https:\\\/\\\/secure.gravatar.com\\\/avatar\\\/37d968a2e67a6fd04c169c4bdef102d0bc5d31b2546345219e348575eb80e9a0?s=96&d=mm&r=g\",\"contentUrl\":\"https:\\\/\\\/secure.gravatar.com\\\/avatar\\\/37d968a2e67a6fd04c169c4bdef102d0bc5d31b2546345219e348575eb80e9a0?s=96&d=mm&r=g\",\"caption\":\"redazione\"},\"sameAs\":[\"http:\\\/\\\/www.bellunopress.it\",\"https:\\\/\\\/x.com\\\/bellunopress\"],\"url\":\"https:\\\/\\\/www.bellunopress.it\\\/fr\\\/author\\\/redazione\\\/\"}]}<\/script>\n<!-- \/ Yoast SEO plugin. -->","yoast_head_json":{"title":"Tre frane nella notte a Cancia di Borca, Valesella e San Vito di Cadore. Due le vittime, evacuate alcune abitazioni. Il sindaco di Cortina annulla i festeggiamenti - Bellunopress - Dolomiti","robots":{"index":"index","follow":"follow","max-snippet":"max-snippet:-1","max-image-preview":"max-image-preview:large","max-video-preview":"max-video-preview:-1"},"canonical":"https:\/\/www.bellunopress.it\/fr\/2009\/07\/18\/tre-frane-nella-notte-a-cancia-di-borca-valesella-e-san-vito-di-cadore-due-le-vittime-evacuate-alcune-abitazioni-il-sindaco-di-cortina-annulla-i-festeggiamenti\/","og_locale":"fr_FR","og_type":"article","og_title":"Tre frane nella notte a Cancia di Borca, Valesella e San Vito di Cadore. Due le vittime, evacuate alcune abitazioni. Il sindaco di Cortina annulla i festeggiamenti - Bellunopress - Dolomiti","og_description":"&#8220;Oggi per Cortina sarebbe dovuto essere un giorno di festa. Ma evidentemente non pu\u00f2 esserlo con quello che \u00e8 successo questa notte\u201d. E\u2019 molto addolorato il sindaco del Comune di Cortina d&#8217;Ampezzo Andrea Franceschi. E\u2019 appena rientrato da Acquabona, colpita dall\u2019ultima &#8211; in ordine di tempo &#8211; delle tre frane che questa notte hanno attaccato [&hellip;]","og_url":"https:\/\/www.bellunopress.it\/fr\/2009\/07\/18\/tre-frane-nella-notte-a-cancia-di-borca-valesella-e-san-vito-di-cadore-due-le-vittime-evacuate-alcune-abitazioni-il-sindaco-di-cortina-annulla-i-festeggiamenti\/","og_site_name":"Bellunopress - Dolomiti","article_publisher":"https:\/\/www.facebook.com\/profile.php?id=100008943462799","article_published_time":"2009-07-18T10:20:41+00:00","og_image":[{"url":"http:\/\/www.bellunopress.it\/wp-content\/uploads\/2009\/02\/andrea-franceschi-sindaco-cortina-dampezzo-80x80.jpg","type":"","width":"","height":""}],"author":"redazione","twitter_card":"summary_large_image","twitter_creator":"@bellunopress","twitter_site":"@bellunopress","twitter_misc":{"\u00c9crit par":"redazione","Dur\u00e9e de lecture estim\u00e9e":"2 minutes"},"schema":{"@context":"https:\/\/schema.org","@graph":[{"@type":"Article","@id":"https:\/\/www.bellunopress.it\/2009\/07\/18\/tre-frane-nella-notte-a-cancia-di-borca-valesella-e-san-vito-di-cadore-due-le-vittime-evacuate-alcune-abitazioni-il-sindaco-di-cortina-annulla-i-festeggiamenti\/#article","isPartOf":{"@id":"https:\/\/www.bellunopress.it\/2009\/07\/18\/tre-frane-nella-notte-a-cancia-di-borca-valesella-e-san-vito-di-cadore-due-le-vittime-evacuate-alcune-abitazioni-il-sindaco-di-cortina-annulla-i-festeggiamenti\/"},"author":{"name":"redazione","@id":"https:\/\/www.bellunopress.it\/#\/schema\/person\/79bb06722b37ece1c03d3e94beb30d73"},"headline":"Tre frane nella notte a Cancia di Borca, Valesella e San Vito di Cadore. Due le vittime, evacuate alcune abitazioni. Il sindaco di Cortina annulla i festeggiamenti","datePublished":"2009-07-18T10:20:41+00:00","mainEntityOfPage":{"@id":"https:\/\/www.bellunopress.it\/2009\/07\/18\/tre-frane-nella-notte-a-cancia-di-borca-valesella-e-san-vito-di-cadore-due-le-vittime-evacuate-alcune-abitazioni-il-sindaco-di-cortina-annulla-i-festeggiamenti\/"},"wordCount":439,"publisher":{"@id":"https:\/\/www.bellunopress.it\/#organization"},"image":{"@id":"https:\/\/www.bellunopress.it\/2009\/07\/18\/tre-frane-nella-notte-a-cancia-di-borca-valesella-e-san-vito-di-cadore-due-le-vittime-evacuate-alcune-abitazioni-il-sindaco-di-cortina-annulla-i-festeggiamenti\/#primaryimage"},"thumbnailUrl":"http:\/\/www.bellunopress.it\/wp-content\/uploads\/2009\/02\/andrea-franceschi-sindaco-cortina-dampezzo-80x80.jpg","keywords":["Belluno","Cadore"],"articleSection":["Cronaca\/Politica","Prima Pagina"],"inLanguage":"fr-FR"},{"@type":"WebPage","@id":"https:\/\/www.bellunopress.it\/2009\/07\/18\/tre-frane-nella-notte-a-cancia-di-borca-valesella-e-san-vito-di-cadore-due-le-vittime-evacuate-alcune-abitazioni-il-sindaco-di-cortina-annulla-i-festeggiamenti\/","url":"https:\/\/www.bellunopress.it\/2009\/07\/18\/tre-frane-nella-notte-a-cancia-di-borca-valesella-e-san-vito-di-cadore-due-le-vittime-evacuate-alcune-abitazioni-il-sindaco-di-cortina-annulla-i-festeggiamenti\/","name":"Tre frane nella notte a Cancia di Borca, Valesella e San Vito di Cadore. Due le vittime, evacuate alcune abitazioni. Il sindaco di Cortina annulla i festeggiamenti - Bellunopress - Dolomiti","isPartOf":{"@id":"https:\/\/www.bellunopress.it\/#website"},"primaryImageOfPage":{"@id":"https:\/\/www.bellunopress.it\/2009\/07\/18\/tre-frane-nella-notte-a-cancia-di-borca-valesella-e-san-vito-di-cadore-due-le-vittime-evacuate-alcune-abitazioni-il-sindaco-di-cortina-annulla-i-festeggiamenti\/#primaryimage"},"image":{"@id":"https:\/\/www.bellunopress.it\/2009\/07\/18\/tre-frane-nella-notte-a-cancia-di-borca-valesella-e-san-vito-di-cadore-due-le-vittime-evacuate-alcune-abitazioni-il-sindaco-di-cortina-annulla-i-festeggiamenti\/#primaryimage"},"thumbnailUrl":"http:\/\/www.bellunopress.it\/wp-content\/uploads\/2009\/02\/andrea-franceschi-sindaco-cortina-dampezzo-80x80.jpg","datePublished":"2009-07-18T10:20:41+00:00","breadcrumb":{"@id":"https:\/\/www.bellunopress.it\/2009\/07\/18\/tre-frane-nella-notte-a-cancia-di-borca-valesella-e-san-vito-di-cadore-due-le-vittime-evacuate-alcune-abitazioni-il-sindaco-di-cortina-annulla-i-festeggiamenti\/#breadcrumb"},"inLanguage":"fr-FR","potentialAction":[{"@type":"ReadAction","target":["https:\/\/www.bellunopress.it\/2009\/07\/18\/tre-frane-nella-notte-a-cancia-di-borca-valesella-e-san-vito-di-cadore-due-le-vittime-evacuate-alcune-abitazioni-il-sindaco-di-cortina-annulla-i-festeggiamenti\/"]}]},{"@type":"ImageObject","inLanguage":"fr-FR","@id":"https:\/\/www.bellunopress.it\/2009\/07\/18\/tre-frane-nella-notte-a-cancia-di-borca-valesella-e-san-vito-di-cadore-due-le-vittime-evacuate-alcune-abitazioni-il-sindaco-di-cortina-annulla-i-festeggiamenti\/#primaryimage","url":"http:\/\/www.bellunopress.it\/wp-content\/uploads\/2009\/02\/andrea-franceschi-sindaco-cortina-dampezzo-80x80.jpg","contentUrl":"http:\/\/www.bellunopress.it\/wp-content\/uploads\/2009\/02\/andrea-franceschi-sindaco-cortina-dampezzo-80x80.jpg"},{"@type":"BreadcrumbList","@id":"https:\/\/www.bellunopress.it\/2009\/07\/18\/tre-frane-nella-notte-a-cancia-di-borca-valesella-e-san-vito-di-cadore-due-le-vittime-evacuate-alcune-abitazioni-il-sindaco-di-cortina-annulla-i-festeggiamenti\/#breadcrumb","itemListElement":[{"@type":"ListItem","position":1,"name":"Home","item":"https:\/\/www.bellunopress.it\/"},{"@type":"ListItem","position":2,"name":"Tre frane nella notte a Cancia di Borca, Valesella e San Vito di Cadore. Due le vittime, evacuate alcune abitazioni. Il sindaco di Cortina annulla i festeggiamenti"}]},{"@type":"WebSite","@id":"https:\/\/www.bellunopress.it\/#website","url":"https:\/\/www.bellunopress.it\/","name":"Bellunopress - Dolomiti","description":"e-mail: redazione@bellunopress.it","publisher":{"@id":"https:\/\/www.bellunopress.it\/#organization"},"potentialAction":[{"@type":"SearchAction","target":{"@type":"EntryPoint","urlTemplate":"https:\/\/www.bellunopress.it\/?s={search_term_string}"},"query-input":{"@type":"PropertyValueSpecification","valueRequired":true,"valueName":"search_term_string"}}],"inLanguage":"fr-FR"},{"@type":"Organization","@id":"https:\/\/www.bellunopress.it\/#organization","name":"Bellunopress","url":"https:\/\/www.bellunopress.it\/","logo":{"@type":"ImageObject","inLanguage":"fr-FR","@id":"https:\/\/www.bellunopress.it\/#\/schema\/logo\/image\/","url":"https:\/\/www.bellunopress.it\/wp-content\/uploads\/2011\/05\/cropped-logo-bellunopress-.jpg","contentUrl":"https:\/\/www.bellunopress.it\/wp-content\/uploads\/2011\/05\/cropped-logo-bellunopress-.jpg","width":512,"height":512,"caption":"Bellunopress"},"image":{"@id":"https:\/\/www.bellunopress.it\/#\/schema\/logo\/image\/"},"sameAs":["https:\/\/www.facebook.com\/profile.php?id=100008943462799","https:\/\/x.com\/bellunopress","https:\/\/www.linkedin.com\/hp\/?dnr=JBzUWaJfMUw8vbXJJ2tVW5-I3jZKvC4wsoxE&amp;amp;amp;amp;amp;amp;trk=nav_responsive_tab_home","https:\/\/www.youtube.com\/channel\/UCxL0wu1uN0_3_7hGG0306cw"]},{"@type":"Person","@id":"https:\/\/www.bellunopress.it\/#\/schema\/person\/79bb06722b37ece1c03d3e94beb30d73","name":"r\u00e9daction","image":{"@type":"ImageObject","inLanguage":"fr-FR","@id":"https:\/\/secure.gravatar.com\/avatar\/37d968a2e67a6fd04c169c4bdef102d0bc5d31b2546345219e348575eb80e9a0?s=96&d=mm&r=g","url":"https:\/\/secure.gravatar.com\/avatar\/37d968a2e67a6fd04c169c4bdef102d0bc5d31b2546345219e348575eb80e9a0?s=96&d=mm&r=g","contentUrl":"https:\/\/secure.gravatar.com\/avatar\/37d968a2e67a6fd04c169c4bdef102d0bc5d31b2546345219e348575eb80e9a0?s=96&d=mm&r=g","caption":"redazione"},"sameAs":["http:\/\/www.bellunopress.it","https:\/\/x.com\/bellunopress"],"url":"https:\/\/www.bellunopress.it\/fr\/author\/redazione\/"}]}},"_links":{"self":[{"href":"https:\/\/www.bellunopress.it\/fr\/wp-json\/wp\/v2\/posts\/6113","targetHints":{"allow":["GET"]}}],"collection":[{"href":"https:\/\/www.bellunopress.it\/fr\/wp-json\/wp\/v2\/posts"}],"about":[{"href":"https:\/\/www.bellunopress.it\/fr\/wp-json\/wp\/v2\/types\/post"}],"author":[{"embeddable":true,"href":"https:\/\/www.bellunopress.it\/fr\/wp-json\/wp\/v2\/users\/2"}],"replies":[{"embeddable":true,"href":"https:\/\/www.bellunopress.it\/fr\/wp-json\/wp\/v2\/comments?post=6113"}],"version-history":[{"count":1,"href":"https:\/\/www.bellunopress.it\/fr\/wp-json\/wp\/v2\/posts\/6113\/revisions"}],"predecessor-version":[{"id":6114,"href":"https:\/\/www.bellunopress.it\/fr\/wp-json\/wp\/v2\/posts\/6113\/revisions\/6114"}],"wp:attachment":[{"href":"https:\/\/www.bellunopress.it\/fr\/wp-json\/wp\/v2\/media?parent=6113"}],"wp:term":[{"taxonomy":"category","embeddable":true,"href":"https:\/\/www.bellunopress.it\/fr\/wp-json\/wp\/v2\/categories?post=6113"},{"taxonomy":"post_tag","embeddable":true,"href":"https:\/\/www.bellunopress.it\/fr\/wp-json\/wp\/v2\/tags?post=6113"}],"curies":[{"name":"wp","href":"https:\/\/api.w.org\/{rel}","templated":true}]}}