{"id":6109,"date":"2009-07-18T08:41:52","date_gmt":"2009-07-18T07:41:52","guid":{"rendered":"http:\/\/www.bellunopress.it\/?p=6109"},"modified":"2009-07-18T08:41:52","modified_gmt":"2009-07-18T07:41:52","slug":"lucchetta-brava-cisky-ma-barbolini-ha-fatto-bene","status":"publish","type":"post","link":"https:\/\/www.bellunopress.it\/fr\/2009\/07\/18\/lucchetta-brava-cisky-ma-barbolini-ha-fatto-bene\/","title":{"rendered":"Lucchetta: &#8220;Brava Cisky, ma Barbolini ha fatto bene&#8221;"},"content":{"rendered":"<p>Francesca &#8220;Cisky&#8221; Marcon non sar\u00e0 tra le 12 convocate dal ct azzurro Barbolini per il girone di qualificazione ai Mondiali che si giocher\u00e0 da domani a domenica alla Zoppas Arena. Vedere l&#8217;atleta di casa esordiente in azzurro in campo nel proprio palasport era un sogno per i tifosi. Alla loro delusione risponde Giovanni Lucchetta, presidente del club di &#8220;Cisky&#8221;, la Spes Volley: &#8220;Barbolini ha fatto bene per diversi motivi&#8221;.<br \/>\n&#8220;Innanzitutto Marcon non \u00e8 stata convocata in prima battuta, ma ha avuto comunque la possibilit\u00e0 di giocare una decina di partite, partecipando a un torneo prestigioso come quello di Montreux e arrivando poi a vincere l&#8217;oro ai Giochi del Mediterraneo. &#8211; spiega Lucchetta &#8211; Dobbiamo ricordare che la rosa azzurra comprende atlete che lavorano da anni con impegno per la nazionale e che hanno conquistato qualche diritto in pi\u00f9 rispetto alle nuove arrivate&#8221;. A chi sostiene che con la &#8220;pantera&#8221; Marcon in campo il pubblico della Zoppas Arena sarebbe stato pi\u00f9 &#8220;caldo&#8221;, Lucchetta risponde che &#8220;Barbolini non pu\u00f2 farsi carico di queste istanze geo-politico-sportive. Il suo compito \u00e8 guidare la nazionale alla vittoria e questa convocazione conferma che il ct non si fa guidare da ragionamenti slegati dalla prestazione sportiva e che chiama a rappresentare l&#8217;Italia quelle che considera le migliori atlete&#8221;. &#8220;Credo che Francesca debba essere ampiamente soddisfatta dell&#8217;esperienza fatta fin qui &#8211; conclude Lucchetta &#8211; perch\u00e9 ha toccato con mano ci\u00f2 che significa far parte di una nazionale ambiziosa com&#8217;\u00e8 quella italiana. Beneficer\u00e0 di queste settimane di preparazione azzurra sia dal punto di vista fisico che tecnico-tattico. Ci\u00f2 che ha dimostrato in positivo potr\u00e0 darle altre chance in futuro. Brava Cisky&#8221;.<br \/>\nLe convocate per il quadrangolare al via da domani a Conegliano sono le alzatrici Lo Bianco e\u00a0 Pincerato; le centrali Gioli, Guiggi e Barazza; gli opposto Aguero e Ortolani; le schiacciatrici Piccinini, Secolo, Bosetti e Rinieri; il libero Cardullo.\u00a0 Le azzurre, inserite nel girone H, affronteranno venerd\u00ec 17 luglio alle ore 20.30 la Bielorussia; sabato 18 alle 20.30 la Repubblica Ceca e domenica 19 sempre alle 20.30, la Bulgaria. Le partite della nazionale italiana verranno trasmesse su RaiSportPi\u00f9, questo il palinsesto: venerd\u00ec 17 luglio, Italia-Bielorussia (differita dalle ore 23.30); sabato 18 luglio, Italia-Repubblica Ceca (diretta dalle ore 20.30); domenica 19 luglio, Italia-Bulgaria (differita dalle ore 23.30).<\/p>","protected":false},"excerpt":{"rendered":"<p>Francesca &#8220;Cisky&#8221; Marcon non sar\u00e0 tra le 12 convocate dal ct azzurro Barbolini per il girone di qualificazione ai Mondiali che si giocher\u00e0 da domani a domenica alla Zoppas Arena. Vedere l&#8217;atleta di casa esordiente in azzurro in campo nel proprio palasport era un sogno per i tifosi. Alla loro delusione risponde Giovanni Lucchetta, presidente [&hellip;]<\/p>\n","protected":false},"author":2,"featured_media":0,"comment_status":"closed","ping_status":"open","sticky":false,"template":"","format":"standard","meta":{"footnotes":""},"categories":[4],"tags":[],"class_list":["post-6109","post","type-post","status-publish","format-standard","category-sport"],"yoast_head":"<!-- This site is optimized with the Yoast SEO plugin v28.4 - https:\/\/yoast.com\/product\/yoast-seo-wordpress\/ -->\n<title>Lucchetta: &quot;Brava Cisky, ma Barbolini ha fatto bene&quot; - Bellunopress - Dolomiti<\/title>\n<meta name=\"robots\" content=\"index, follow, max-snippet:-1, max-image-preview:large, max-video-preview:-1\" \/>\n<link rel=\"canonical\" href=\"https:\/\/www.bellunopress.it\/fr\/2009\/07\/18\/lucchetta-brava-cisky-ma-barbolini-ha-fatto-bene\/\" \/>\n<meta property=\"og:locale\" content=\"fr_FR\" \/>\n<meta property=\"og:type\" content=\"article\" \/>\n<meta property=\"og:title\" content=\"Lucchetta: &quot;Brava Cisky, ma Barbolini ha fatto bene&quot; - Bellunopress - Dolomiti\" \/>\n<meta property=\"og:description\" content=\"Francesca &#8220;Cisky&#8221; Marcon non sar\u00e0 tra le 12 convocate dal ct azzurro Barbolini per il girone di qualificazione ai Mondiali che si giocher\u00e0 da domani a domenica alla Zoppas Arena. Vedere l&#8217;atleta di casa esordiente in azzurro in campo nel proprio palasport era un sogno per i tifosi. Alla loro delusione risponde Giovanni Lucchetta, presidente [&hellip;]\" \/>\n<meta property=\"og:url\" content=\"https:\/\/www.bellunopress.it\/fr\/2009\/07\/18\/lucchetta-brava-cisky-ma-barbolini-ha-fatto-bene\/\" \/>\n<meta property=\"og:site_name\" content=\"Bellunopress - Dolomiti\" \/>\n<meta property=\"article:publisher\" content=\"https:\/\/www.facebook.com\/profile.php?id=100008943462799\" \/>\n<meta property=\"article:published_time\" content=\"2009-07-18T07:41:52+00:00\" \/>\n<meta property=\"og:image\" content=\"http:\/\/www.bellunopress.it\/wp-content\/uploads\/2012\/07\/logo-bellunopress-250x250-2012.jpg\" \/>\n<meta name=\"author\" content=\"redazione\" \/>\n<meta name=\"twitter:card\" content=\"summary_large_image\" \/>\n<meta name=\"twitter:creator\" content=\"@bellunopress\" \/>\n<meta name=\"twitter:site\" content=\"@bellunopress\" \/>\n<meta name=\"twitter:label1\" content=\"\u00c9crit par\" \/>\n\t<meta name=\"twitter:data1\" content=\"redazione\" \/>\n\t<meta name=\"twitter:label2\" content=\"Dur\u00e9e de lecture estim\u00e9e\" \/>\n\t<meta name=\"twitter:data2\" content=\"2 minutes\" \/>\n<script type=\"application\/ld+json\" class=\"yoast-schema-graph\">{\"@context\":\"https:\\\/\\\/schema.org\",\"@graph\":[{\"@type\":\"Article\",\"@id\":\"https:\\\/\\\/www.bellunopress.it\\\/2009\\\/07\\\/18\\\/lucchetta-brava-cisky-ma-barbolini-ha-fatto-bene\\\/#article\",\"isPartOf\":{\"@id\":\"https:\\\/\\\/www.bellunopress.it\\\/2009\\\/07\\\/18\\\/lucchetta-brava-cisky-ma-barbolini-ha-fatto-bene\\\/\"},\"author\":{\"name\":\"redazione\",\"@id\":\"https:\\\/\\\/www.bellunopress.it\\\/#\\\/schema\\\/person\\\/79bb06722b37ece1c03d3e94beb30d73\"},\"headline\":\"Lucchetta: &#8220;Brava Cisky, ma Barbolini ha fatto bene&#8221;\",\"datePublished\":\"2009-07-18T07:41:52+00:00\",\"mainEntityOfPage\":{\"@id\":\"https:\\\/\\\/www.bellunopress.it\\\/2009\\\/07\\\/18\\\/lucchetta-brava-cisky-ma-barbolini-ha-fatto-bene\\\/\"},\"wordCount\":375,\"publisher\":{\"@id\":\"https:\\\/\\\/www.bellunopress.it\\\/#organization\"},\"articleSection\":[\"Sport, tempo libero\"],\"inLanguage\":\"fr-FR\"},{\"@type\":\"WebPage\",\"@id\":\"https:\\\/\\\/www.bellunopress.it\\\/2009\\\/07\\\/18\\\/lucchetta-brava-cisky-ma-barbolini-ha-fatto-bene\\\/\",\"url\":\"https:\\\/\\\/www.bellunopress.it\\\/2009\\\/07\\\/18\\\/lucchetta-brava-cisky-ma-barbolini-ha-fatto-bene\\\/\",\"name\":\"Lucchetta: \\\"Brava Cisky, ma Barbolini ha fatto bene\\\" - Bellunopress - Dolomiti\",\"isPartOf\":{\"@id\":\"https:\\\/\\\/www.bellunopress.it\\\/#website\"},\"datePublished\":\"2009-07-18T07:41:52+00:00\",\"breadcrumb\":{\"@id\":\"https:\\\/\\\/www.bellunopress.it\\\/2009\\\/07\\\/18\\\/lucchetta-brava-cisky-ma-barbolini-ha-fatto-bene\\\/#breadcrumb\"},\"inLanguage\":\"fr-FR\",\"potentialAction\":[{\"@type\":\"ReadAction\",\"target\":[\"https:\\\/\\\/www.bellunopress.it\\\/2009\\\/07\\\/18\\\/lucchetta-brava-cisky-ma-barbolini-ha-fatto-bene\\\/\"]}]},{\"@type\":\"BreadcrumbList\",\"@id\":\"https:\\\/\\\/www.bellunopress.it\\\/2009\\\/07\\\/18\\\/lucchetta-brava-cisky-ma-barbolini-ha-fatto-bene\\\/#breadcrumb\",\"itemListElement\":[{\"@type\":\"ListItem\",\"position\":1,\"name\":\"Home\",\"item\":\"https:\\\/\\\/www.bellunopress.it\\\/\"},{\"@type\":\"ListItem\",\"position\":2,\"name\":\"Lucchetta: &#8220;Brava Cisky, ma Barbolini ha fatto bene&#8221;\"}]},{\"@type\":\"WebSite\",\"@id\":\"https:\\\/\\\/www.bellunopress.it\\\/#website\",\"url\":\"https:\\\/\\\/www.bellunopress.it\\\/\",\"name\":\"Bellunopress - Dolomiti\",\"description\":\"e-mail: redazione@bellunopress.it\",\"publisher\":{\"@id\":\"https:\\\/\\\/www.bellunopress.it\\\/#organization\"},\"potentialAction\":[{\"@type\":\"SearchAction\",\"target\":{\"@type\":\"EntryPoint\",\"urlTemplate\":\"https:\\\/\\\/www.bellunopress.it\\\/?s={search_term_string}\"},\"query-input\":{\"@type\":\"PropertyValueSpecification\",\"valueRequired\":true,\"valueName\":\"search_term_string\"}}],\"inLanguage\":\"fr-FR\"},{\"@type\":\"Organization\",\"@id\":\"https:\\\/\\\/www.bellunopress.it\\\/#organization\",\"name\":\"Bellunopress\",\"url\":\"https:\\\/\\\/www.bellunopress.it\\\/\",\"logo\":{\"@type\":\"ImageObject\",\"inLanguage\":\"fr-FR\",\"@id\":\"https:\\\/\\\/www.bellunopress.it\\\/#\\\/schema\\\/logo\\\/image\\\/\",\"url\":\"https:\\\/\\\/www.bellunopress.it\\\/wp-content\\\/uploads\\\/2011\\\/05\\\/cropped-logo-bellunopress-.jpg\",\"contentUrl\":\"https:\\\/\\\/www.bellunopress.it\\\/wp-content\\\/uploads\\\/2011\\\/05\\\/cropped-logo-bellunopress-.jpg\",\"width\":512,\"height\":512,\"caption\":\"Bellunopress\"},\"image\":{\"@id\":\"https:\\\/\\\/www.bellunopress.it\\\/#\\\/schema\\\/logo\\\/image\\\/\"},\"sameAs\":[\"https:\\\/\\\/www.facebook.com\\\/profile.php?id=100008943462799\",\"https:\\\/\\\/x.com\\\/bellunopress\",\"https:\\\/\\\/www.linkedin.com\\\/hp\\\/?dnr=JBzUWaJfMUw8vbXJJ2tVW5-I3jZKvC4wsoxE&amp;amp;amp;amp;amp;amp;trk=nav_responsive_tab_home\",\"https:\\\/\\\/www.youtube.com\\\/channel\\\/UCxL0wu1uN0_3_7hGG0306cw\"]},{\"@type\":\"Person\",\"@id\":\"https:\\\/\\\/www.bellunopress.it\\\/#\\\/schema\\\/person\\\/79bb06722b37ece1c03d3e94beb30d73\",\"name\":\"redazione\",\"image\":{\"@type\":\"ImageObject\",\"inLanguage\":\"fr-FR\",\"@id\":\"https:\\\/\\\/secure.gravatar.com\\\/avatar\\\/37d968a2e67a6fd04c169c4bdef102d0bc5d31b2546345219e348575eb80e9a0?s=96&d=mm&r=g\",\"url\":\"https:\\\/\\\/secure.gravatar.com\\\/avatar\\\/37d968a2e67a6fd04c169c4bdef102d0bc5d31b2546345219e348575eb80e9a0?s=96&d=mm&r=g\",\"contentUrl\":\"https:\\\/\\\/secure.gravatar.com\\\/avatar\\\/37d968a2e67a6fd04c169c4bdef102d0bc5d31b2546345219e348575eb80e9a0?s=96&d=mm&r=g\",\"caption\":\"redazione\"},\"sameAs\":[\"http:\\\/\\\/www.bellunopress.it\",\"https:\\\/\\\/x.com\\\/bellunopress\"],\"url\":\"https:\\\/\\\/www.bellunopress.it\\\/fr\\\/author\\\/redazione\\\/\"}]}<\/script>\n<!-- \/ Yoast SEO plugin. -->","yoast_head_json":{"title":"Lucchetta: \"Brava Cisky, ma Barbolini ha fatto bene\" - Bellunopress - Dolomiti","robots":{"index":"index","follow":"follow","max-snippet":"max-snippet:-1","max-image-preview":"max-image-preview:large","max-video-preview":"max-video-preview:-1"},"canonical":"https:\/\/www.bellunopress.it\/fr\/2009\/07\/18\/lucchetta-brava-cisky-ma-barbolini-ha-fatto-bene\/","og_locale":"fr_FR","og_type":"article","og_title":"Lucchetta: \"Brava Cisky, ma Barbolini ha fatto bene\" - Bellunopress - Dolomiti","og_description":"Francesca &#8220;Cisky&#8221; Marcon non sar\u00e0 tra le 12 convocate dal ct azzurro Barbolini per il girone di qualificazione ai Mondiali che si giocher\u00e0 da domani a domenica alla Zoppas Arena. Vedere l&#8217;atleta di casa esordiente in azzurro in campo nel proprio palasport era un sogno per i tifosi. Alla loro delusione risponde Giovanni Lucchetta, presidente [&hellip;]","og_url":"https:\/\/www.bellunopress.it\/fr\/2009\/07\/18\/lucchetta-brava-cisky-ma-barbolini-ha-fatto-bene\/","og_site_name":"Bellunopress - Dolomiti","article_publisher":"https:\/\/www.facebook.com\/profile.php?id=100008943462799","article_published_time":"2009-07-18T07:41:52+00:00","og_image":[{"url":"http:\/\/www.bellunopress.it\/wp-content\/uploads\/2012\/07\/logo-bellunopress-250x250-2012.jpg","type":"","width":"","height":""}],"author":"redazione","twitter_card":"summary_large_image","twitter_creator":"@bellunopress","twitter_site":"@bellunopress","twitter_misc":{"\u00c9crit par":"redazione","Dur\u00e9e de lecture estim\u00e9e":"2 minutes"},"schema":{"@context":"https:\/\/schema.org","@graph":[{"@type":"Article","@id":"https:\/\/www.bellunopress.it\/2009\/07\/18\/lucchetta-brava-cisky-ma-barbolini-ha-fatto-bene\/#article","isPartOf":{"@id":"https:\/\/www.bellunopress.it\/2009\/07\/18\/lucchetta-brava-cisky-ma-barbolini-ha-fatto-bene\/"},"author":{"name":"redazione","@id":"https:\/\/www.bellunopress.it\/#\/schema\/person\/79bb06722b37ece1c03d3e94beb30d73"},"headline":"Lucchetta: &#8220;Brava Cisky, ma Barbolini ha fatto bene&#8221;","datePublished":"2009-07-18T07:41:52+00:00","mainEntityOfPage":{"@id":"https:\/\/www.bellunopress.it\/2009\/07\/18\/lucchetta-brava-cisky-ma-barbolini-ha-fatto-bene\/"},"wordCount":375,"publisher":{"@id":"https:\/\/www.bellunopress.it\/#organization"},"articleSection":["Sport, tempo libero"],"inLanguage":"fr-FR"},{"@type":"WebPage","@id":"https:\/\/www.bellunopress.it\/2009\/07\/18\/lucchetta-brava-cisky-ma-barbolini-ha-fatto-bene\/","url":"https:\/\/www.bellunopress.it\/2009\/07\/18\/lucchetta-brava-cisky-ma-barbolini-ha-fatto-bene\/","name":"Lucchetta: \"Brava Cisky, ma Barbolini ha fatto bene\" - Bellunopress - Dolomiti","isPartOf":{"@id":"https:\/\/www.bellunopress.it\/#website"},"datePublished":"2009-07-18T07:41:52+00:00","breadcrumb":{"@id":"https:\/\/www.bellunopress.it\/2009\/07\/18\/lucchetta-brava-cisky-ma-barbolini-ha-fatto-bene\/#breadcrumb"},"inLanguage":"fr-FR","potentialAction":[{"@type":"ReadAction","target":["https:\/\/www.bellunopress.it\/2009\/07\/18\/lucchetta-brava-cisky-ma-barbolini-ha-fatto-bene\/"]}]},{"@type":"BreadcrumbList","@id":"https:\/\/www.bellunopress.it\/2009\/07\/18\/lucchetta-brava-cisky-ma-barbolini-ha-fatto-bene\/#breadcrumb","itemListElement":[{"@type":"ListItem","position":1,"name":"Home","item":"https:\/\/www.bellunopress.it\/"},{"@type":"ListItem","position":2,"name":"Lucchetta: &#8220;Brava Cisky, ma Barbolini ha fatto bene&#8221;"}]},{"@type":"WebSite","@id":"https:\/\/www.bellunopress.it\/#website","url":"https:\/\/www.bellunopress.it\/","name":"Bellunopress - Dolomiti","description":"e-mail: redazione@bellunopress.it","publisher":{"@id":"https:\/\/www.bellunopress.it\/#organization"},"potentialAction":[{"@type":"SearchAction","target":{"@type":"EntryPoint","urlTemplate":"https:\/\/www.bellunopress.it\/?s={search_term_string}"},"query-input":{"@type":"PropertyValueSpecification","valueRequired":true,"valueName":"search_term_string"}}],"inLanguage":"fr-FR"},{"@type":"Organization","@id":"https:\/\/www.bellunopress.it\/#organization","name":"Bellunopress","url":"https:\/\/www.bellunopress.it\/","logo":{"@type":"ImageObject","inLanguage":"fr-FR","@id":"https:\/\/www.bellunopress.it\/#\/schema\/logo\/image\/","url":"https:\/\/www.bellunopress.it\/wp-content\/uploads\/2011\/05\/cropped-logo-bellunopress-.jpg","contentUrl":"https:\/\/www.bellunopress.it\/wp-content\/uploads\/2011\/05\/cropped-logo-bellunopress-.jpg","width":512,"height":512,"caption":"Bellunopress"},"image":{"@id":"https:\/\/www.bellunopress.it\/#\/schema\/logo\/image\/"},"sameAs":["https:\/\/www.facebook.com\/profile.php?id=100008943462799","https:\/\/x.com\/bellunopress","https:\/\/www.linkedin.com\/hp\/?dnr=JBzUWaJfMUw8vbXJJ2tVW5-I3jZKvC4wsoxE&amp;amp;amp;amp;amp;amp;trk=nav_responsive_tab_home","https:\/\/www.youtube.com\/channel\/UCxL0wu1uN0_3_7hGG0306cw"]},{"@type":"Person","@id":"https:\/\/www.bellunopress.it\/#\/schema\/person\/79bb06722b37ece1c03d3e94beb30d73","name":"r\u00e9daction","image":{"@type":"ImageObject","inLanguage":"fr-FR","@id":"https:\/\/secure.gravatar.com\/avatar\/37d968a2e67a6fd04c169c4bdef102d0bc5d31b2546345219e348575eb80e9a0?s=96&d=mm&r=g","url":"https:\/\/secure.gravatar.com\/avatar\/37d968a2e67a6fd04c169c4bdef102d0bc5d31b2546345219e348575eb80e9a0?s=96&d=mm&r=g","contentUrl":"https:\/\/secure.gravatar.com\/avatar\/37d968a2e67a6fd04c169c4bdef102d0bc5d31b2546345219e348575eb80e9a0?s=96&d=mm&r=g","caption":"redazione"},"sameAs":["http:\/\/www.bellunopress.it","https:\/\/x.com\/bellunopress"],"url":"https:\/\/www.bellunopress.it\/fr\/author\/redazione\/"}]}},"_links":{"self":[{"href":"https:\/\/www.bellunopress.it\/fr\/wp-json\/wp\/v2\/posts\/6109","targetHints":{"allow":["GET"]}}],"collection":[{"href":"https:\/\/www.bellunopress.it\/fr\/wp-json\/wp\/v2\/posts"}],"about":[{"href":"https:\/\/www.bellunopress.it\/fr\/wp-json\/wp\/v2\/types\/post"}],"author":[{"embeddable":true,"href":"https:\/\/www.bellunopress.it\/fr\/wp-json\/wp\/v2\/users\/2"}],"replies":[{"embeddable":true,"href":"https:\/\/www.bellunopress.it\/fr\/wp-json\/wp\/v2\/comments?post=6109"}],"version-history":[{"count":1,"href":"https:\/\/www.bellunopress.it\/fr\/wp-json\/wp\/v2\/posts\/6109\/revisions"}],"predecessor-version":[{"id":6110,"href":"https:\/\/www.bellunopress.it\/fr\/wp-json\/wp\/v2\/posts\/6109\/revisions\/6110"}],"wp:attachment":[{"href":"https:\/\/www.bellunopress.it\/fr\/wp-json\/wp\/v2\/media?parent=6109"}],"wp:term":[{"taxonomy":"category","embeddable":true,"href":"https:\/\/www.bellunopress.it\/fr\/wp-json\/wp\/v2\/categories?post=6109"},{"taxonomy":"post_tag","embeddable":true,"href":"https:\/\/www.bellunopress.it\/fr\/wp-json\/wp\/v2\/tags?post=6109"}],"curies":[{"name":"wp","href":"https:\/\/api.w.org\/{rel}","templated":true}]}}