{"id":6101,"date":"2009-07-18T08:32:50","date_gmt":"2009-07-18T07:32:50","guid":{"rendered":"http:\/\/www.bellunopress.it\/?p=6101"},"modified":"2009-07-18T08:32:50","modified_gmt":"2009-07-18T07:32:50","slug":"un-gruppo-di-ragazzi-down-dal-marocco-a-belluno-grazie-al-progetto-shukran","status":"publish","type":"post","link":"https:\/\/www.bellunopress.it\/fr\/2009\/07\/18\/un-gruppo-di-ragazzi-down-dal-marocco-a-belluno-grazie-al-progetto-shukran\/","title":{"rendered":"Un gruppo di ragazzi down dal Marocco a Belluno grazie al Progetto Shukran"},"content":{"rendered":"<p>Belluno, 16 luglio 2009. Un gruppo di ragazzi disabili e con la sindrome di Down, provenienti dal Marocco, sono stati per alcuni giorni in provincia di Belluno, ospiti dell\u2019Associazione Famiglie di Portaperta. Un viaggio che rientra nel \u201cProgetto Shukran \u2013 Per una cultura dell\u2019accoglienza e dell\u2019integrazione\u201d, che ha visto il partenariato tra le associazioni del territorio che si occupano di disabilit\u00e0, al quale partecipa l\u2019associazione \u201cLe Famiglie di Portaperta\u201d, capofila del progetto, la sezione bellunese dell\u2019Associazione Italiana Persone Down, l\u2019Associazione Tutti in Campo e l\u2019Associazione Amicizia Italo-Marocchina. Il Progetto Shukran \u00e8 stato\u00a0 redatto con il contributo del Centro di Servizio per il Volontariato della Provincia di Belluno. La delegazione marocchina, una dozzina di persone tra ragazzi e accompagnatori, rappresentava la Fondazione Hassan II, realt\u00e0 che si occupa di formazione professionale per giovani con disabilit\u00e0 e promuove laboratori di informatica, fotografia, pittura, scultura ed altre attivit\u00e0 artigianali rivolte proprio a giovani con disabilit\u00e0.che opera principalmente a Rabat, era composta in tutto da dodici persone. Dal 10 luglio alla giornata di oggi hanno potuto visitare alcune realt\u00e0 del volontariato e le peculiarit\u00e0 del territorio bellunese e della pedemontana veneta. Tra i luoghi visitati la citt\u00e0 di Feltre con gli scavi archeologici, la festa arburgica di domenica 12, la struttura \u201cLa nostra famiglia\u201d di pieve di Soligo, la piscina di Santa Giustina, Mel e il Castello di Zumelle, l\u2019Ossario del Monte Grappa. La delegazione marocchina ha anche avuto alcuni incontri con le autorit\u00e0 della provincia di Belluno e ha potuto conoscere da vicino la Casa del volontariato dove hanno sede il Comitato d\u2019Intesa e il Centro di servizio per il volontariato di Belluno. Qui il presidente del Comitato Vittorio Zampieri ha illustrato l\u2019attivit\u00e0 della realt\u00e0 bellunese,\u00a0 che raggruppa oggi quasi un centinaio di associazioni, spiegandone la filosofia volontaristica e il ruolo nella societ\u00e0 locale. Gli ospiti marocchini hanno dimostrato grande attenzione per le attivit\u00e0 del Comitato d\u2019Intesa e del Csv, apprezzando soprattutto il ruolo di coordinamento del mondo associativo provinciale e la qualit\u00e0 dei servizi alle persone, primo tra tutti il trasporto \u201cPorta a porta\u201d di anziani e disabili. L\u2019esperienza della comitiva \u00e8 anche consistita in momenti conviviali, come la cena all\u2019istituto Carenzoni di Feltre, struttura che li ha ospitati, il pranzo alla Birreria Pedavena, una cena al ristorante islamico di Montebelluna. Un viaggio molto apprezzato, a detta di ragazzi e operatori, che hanno restituito il viaggio compiuto a febbraio da un gruppo di disabili bellunesi in Marocco, ospitati a Rabat nella sede della Fondazione Hassan II sempre nell\u2019ambito del Progetto Shukran.<\/p>","protected":false},"excerpt":{"rendered":"<p>Belluno, 16 luglio 2009. Un gruppo di ragazzi disabili e con la sindrome di Down, provenienti dal Marocco, sono stati per alcuni giorni in provincia di Belluno, ospiti dell\u2019Associazione Famiglie di Portaperta. Un viaggio che rientra nel \u201cProgetto Shukran \u2013 Per una cultura dell\u2019accoglienza e dell\u2019integrazione\u201d, che ha visto il partenariato tra le associazioni del [&hellip;]<\/p>\n","protected":false},"author":2,"featured_media":0,"comment_status":"closed","ping_status":"open","sticky":false,"template":"","format":"standard","meta":{"footnotes":""},"categories":[1],"tags":[139,302],"class_list":["post-6101","post","type-post","status-publish","format-standard","category-leo","tag-belluno","tag-feltre"],"yoast_head":"<!-- This site is optimized with the Yoast SEO plugin v28.4 - https:\/\/yoast.com\/product\/yoast-seo-wordpress\/ -->\n<title>Un gruppo di ragazzi down dal Marocco a Belluno grazie al Progetto Shukran  - Bellunopress - Dolomiti<\/title>\n<meta name=\"robots\" content=\"index, follow, max-snippet:-1, max-image-preview:large, max-video-preview:-1\" \/>\n<link rel=\"canonical\" href=\"https:\/\/www.bellunopress.it\/fr\/2009\/07\/18\/un-gruppo-di-ragazzi-down-dal-marocco-a-belluno-grazie-al-progetto-shukran\/\" \/>\n<meta property=\"og:locale\" content=\"fr_FR\" \/>\n<meta property=\"og:type\" content=\"article\" \/>\n<meta property=\"og:title\" content=\"Un gruppo di ragazzi down dal Marocco a Belluno grazie al Progetto Shukran  - Bellunopress - Dolomiti\" \/>\n<meta property=\"og:description\" content=\"Belluno, 16 luglio 2009. Un gruppo di ragazzi disabili e con la sindrome di Down, provenienti dal Marocco, sono stati per alcuni giorni in provincia di Belluno, ospiti dell\u2019Associazione Famiglie di Portaperta. Un viaggio che rientra nel \u201cProgetto Shukran \u2013 Per una cultura dell\u2019accoglienza e dell\u2019integrazione\u201d, che ha visto il partenariato tra le associazioni del [&hellip;]\" \/>\n<meta property=\"og:url\" content=\"https:\/\/www.bellunopress.it\/fr\/2009\/07\/18\/un-gruppo-di-ragazzi-down-dal-marocco-a-belluno-grazie-al-progetto-shukran\/\" \/>\n<meta property=\"og:site_name\" content=\"Bellunopress - Dolomiti\" \/>\n<meta property=\"article:publisher\" content=\"https:\/\/www.facebook.com\/profile.php?id=100008943462799\" \/>\n<meta property=\"article:published_time\" content=\"2009-07-18T07:32:50+00:00\" \/>\n<meta property=\"og:image\" content=\"http:\/\/www.bellunopress.it\/wp-content\/uploads\/2012\/07\/logo-bellunopress-250x250-2012.jpg\" \/>\n<meta name=\"author\" content=\"redazione\" \/>\n<meta name=\"twitter:card\" content=\"summary_large_image\" \/>\n<meta name=\"twitter:creator\" content=\"@bellunopress\" \/>\n<meta name=\"twitter:site\" content=\"@bellunopress\" \/>\n<meta name=\"twitter:label1\" content=\"\u00c9crit par\" \/>\n\t<meta name=\"twitter:data1\" content=\"redazione\" \/>\n\t<meta name=\"twitter:label2\" content=\"Dur\u00e9e de lecture estim\u00e9e\" \/>\n\t<meta name=\"twitter:data2\" content=\"2 minutes\" \/>\n<script type=\"application\/ld+json\" class=\"yoast-schema-graph\">{\"@context\":\"https:\\\/\\\/schema.org\",\"@graph\":[{\"@type\":\"Article\",\"@id\":\"https:\\\/\\\/www.bellunopress.it\\\/2009\\\/07\\\/18\\\/un-gruppo-di-ragazzi-down-dal-marocco-a-belluno-grazie-al-progetto-shukran\\\/#article\",\"isPartOf\":{\"@id\":\"https:\\\/\\\/www.bellunopress.it\\\/2009\\\/07\\\/18\\\/un-gruppo-di-ragazzi-down-dal-marocco-a-belluno-grazie-al-progetto-shukran\\\/\"},\"author\":{\"name\":\"redazione\",\"@id\":\"https:\\\/\\\/www.bellunopress.it\\\/#\\\/schema\\\/person\\\/79bb06722b37ece1c03d3e94beb30d73\"},\"headline\":\"Un gruppo di ragazzi down dal Marocco a Belluno grazie al Progetto Shukran\",\"datePublished\":\"2009-07-18T07:32:50+00:00\",\"mainEntityOfPage\":{\"@id\":\"https:\\\/\\\/www.bellunopress.it\\\/2009\\\/07\\\/18\\\/un-gruppo-di-ragazzi-down-dal-marocco-a-belluno-grazie-al-progetto-shukran\\\/\"},\"wordCount\":440,\"publisher\":{\"@id\":\"https:\\\/\\\/www.bellunopress.it\\\/#organization\"},\"keywords\":[\"Belluno\",\"Feltre\"],\"articleSection\":[\"Lettere Opinioni\"],\"inLanguage\":\"fr-FR\"},{\"@type\":\"WebPage\",\"@id\":\"https:\\\/\\\/www.bellunopress.it\\\/2009\\\/07\\\/18\\\/un-gruppo-di-ragazzi-down-dal-marocco-a-belluno-grazie-al-progetto-shukran\\\/\",\"url\":\"https:\\\/\\\/www.bellunopress.it\\\/2009\\\/07\\\/18\\\/un-gruppo-di-ragazzi-down-dal-marocco-a-belluno-grazie-al-progetto-shukran\\\/\",\"name\":\"Un gruppo di ragazzi down dal Marocco a Belluno grazie al Progetto Shukran - Bellunopress - Dolomiti\",\"isPartOf\":{\"@id\":\"https:\\\/\\\/www.bellunopress.it\\\/#website\"},\"datePublished\":\"2009-07-18T07:32:50+00:00\",\"breadcrumb\":{\"@id\":\"https:\\\/\\\/www.bellunopress.it\\\/2009\\\/07\\\/18\\\/un-gruppo-di-ragazzi-down-dal-marocco-a-belluno-grazie-al-progetto-shukran\\\/#breadcrumb\"},\"inLanguage\":\"fr-FR\",\"potentialAction\":[{\"@type\":\"ReadAction\",\"target\":[\"https:\\\/\\\/www.bellunopress.it\\\/2009\\\/07\\\/18\\\/un-gruppo-di-ragazzi-down-dal-marocco-a-belluno-grazie-al-progetto-shukran\\\/\"]}]},{\"@type\":\"BreadcrumbList\",\"@id\":\"https:\\\/\\\/www.bellunopress.it\\\/2009\\\/07\\\/18\\\/un-gruppo-di-ragazzi-down-dal-marocco-a-belluno-grazie-al-progetto-shukran\\\/#breadcrumb\",\"itemListElement\":[{\"@type\":\"ListItem\",\"position\":1,\"name\":\"Home\",\"item\":\"https:\\\/\\\/www.bellunopress.it\\\/\"},{\"@type\":\"ListItem\",\"position\":2,\"name\":\"Un gruppo di ragazzi down dal Marocco a Belluno grazie al Progetto Shukran\"}]},{\"@type\":\"WebSite\",\"@id\":\"https:\\\/\\\/www.bellunopress.it\\\/#website\",\"url\":\"https:\\\/\\\/www.bellunopress.it\\\/\",\"name\":\"Bellunopress - Dolomiti\",\"description\":\"e-mail: redazione@bellunopress.it\",\"publisher\":{\"@id\":\"https:\\\/\\\/www.bellunopress.it\\\/#organization\"},\"potentialAction\":[{\"@type\":\"SearchAction\",\"target\":{\"@type\":\"EntryPoint\",\"urlTemplate\":\"https:\\\/\\\/www.bellunopress.it\\\/?s={search_term_string}\"},\"query-input\":{\"@type\":\"PropertyValueSpecification\",\"valueRequired\":true,\"valueName\":\"search_term_string\"}}],\"inLanguage\":\"fr-FR\"},{\"@type\":\"Organization\",\"@id\":\"https:\\\/\\\/www.bellunopress.it\\\/#organization\",\"name\":\"Bellunopress\",\"url\":\"https:\\\/\\\/www.bellunopress.it\\\/\",\"logo\":{\"@type\":\"ImageObject\",\"inLanguage\":\"fr-FR\",\"@id\":\"https:\\\/\\\/www.bellunopress.it\\\/#\\\/schema\\\/logo\\\/image\\\/\",\"url\":\"https:\\\/\\\/www.bellunopress.it\\\/wp-content\\\/uploads\\\/2011\\\/05\\\/cropped-logo-bellunopress-.jpg\",\"contentUrl\":\"https:\\\/\\\/www.bellunopress.it\\\/wp-content\\\/uploads\\\/2011\\\/05\\\/cropped-logo-bellunopress-.jpg\",\"width\":512,\"height\":512,\"caption\":\"Bellunopress\"},\"image\":{\"@id\":\"https:\\\/\\\/www.bellunopress.it\\\/#\\\/schema\\\/logo\\\/image\\\/\"},\"sameAs\":[\"https:\\\/\\\/www.facebook.com\\\/profile.php?id=100008943462799\",\"https:\\\/\\\/x.com\\\/bellunopress\",\"https:\\\/\\\/www.linkedin.com\\\/hp\\\/?dnr=JBzUWaJfMUw8vbXJJ2tVW5-I3jZKvC4wsoxE&amp;amp;amp;amp;amp;amp;trk=nav_responsive_tab_home\",\"https:\\\/\\\/www.youtube.com\\\/channel\\\/UCxL0wu1uN0_3_7hGG0306cw\"]},{\"@type\":\"Person\",\"@id\":\"https:\\\/\\\/www.bellunopress.it\\\/#\\\/schema\\\/person\\\/79bb06722b37ece1c03d3e94beb30d73\",\"name\":\"redazione\",\"image\":{\"@type\":\"ImageObject\",\"inLanguage\":\"fr-FR\",\"@id\":\"https:\\\/\\\/secure.gravatar.com\\\/avatar\\\/37d968a2e67a6fd04c169c4bdef102d0bc5d31b2546345219e348575eb80e9a0?s=96&d=mm&r=g\",\"url\":\"https:\\\/\\\/secure.gravatar.com\\\/avatar\\\/37d968a2e67a6fd04c169c4bdef102d0bc5d31b2546345219e348575eb80e9a0?s=96&d=mm&r=g\",\"contentUrl\":\"https:\\\/\\\/secure.gravatar.com\\\/avatar\\\/37d968a2e67a6fd04c169c4bdef102d0bc5d31b2546345219e348575eb80e9a0?s=96&d=mm&r=g\",\"caption\":\"redazione\"},\"sameAs\":[\"http:\\\/\\\/www.bellunopress.it\",\"https:\\\/\\\/x.com\\\/bellunopress\"],\"url\":\"https:\\\/\\\/www.bellunopress.it\\\/fr\\\/author\\\/redazione\\\/\"}]}<\/script>\n<!-- \/ Yoast SEO plugin. -->","yoast_head_json":{"title":"Un gruppo di ragazzi down dal Marocco a Belluno grazie al Progetto Shukran  - Bellunopress - Dolomiti","robots":{"index":"index","follow":"follow","max-snippet":"max-snippet:-1","max-image-preview":"max-image-preview:large","max-video-preview":"max-video-preview:-1"},"canonical":"https:\/\/www.bellunopress.it\/fr\/2009\/07\/18\/un-gruppo-di-ragazzi-down-dal-marocco-a-belluno-grazie-al-progetto-shukran\/","og_locale":"fr_FR","og_type":"article","og_title":"Un gruppo di ragazzi down dal Marocco a Belluno grazie al Progetto Shukran  - Bellunopress - Dolomiti","og_description":"Belluno, 16 luglio 2009. Un gruppo di ragazzi disabili e con la sindrome di Down, provenienti dal Marocco, sono stati per alcuni giorni in provincia di Belluno, ospiti dell\u2019Associazione Famiglie di Portaperta. Un viaggio che rientra nel \u201cProgetto Shukran \u2013 Per una cultura dell\u2019accoglienza e dell\u2019integrazione\u201d, che ha visto il partenariato tra le associazioni del [&hellip;]","og_url":"https:\/\/www.bellunopress.it\/fr\/2009\/07\/18\/un-gruppo-di-ragazzi-down-dal-marocco-a-belluno-grazie-al-progetto-shukran\/","og_site_name":"Bellunopress - Dolomiti","article_publisher":"https:\/\/www.facebook.com\/profile.php?id=100008943462799","article_published_time":"2009-07-18T07:32:50+00:00","og_image":[{"url":"http:\/\/www.bellunopress.it\/wp-content\/uploads\/2012\/07\/logo-bellunopress-250x250-2012.jpg","type":"","width":"","height":""}],"author":"redazione","twitter_card":"summary_large_image","twitter_creator":"@bellunopress","twitter_site":"@bellunopress","twitter_misc":{"\u00c9crit par":"redazione","Dur\u00e9e de lecture estim\u00e9e":"2 minutes"},"schema":{"@context":"https:\/\/schema.org","@graph":[{"@type":"Article","@id":"https:\/\/www.bellunopress.it\/2009\/07\/18\/un-gruppo-di-ragazzi-down-dal-marocco-a-belluno-grazie-al-progetto-shukran\/#article","isPartOf":{"@id":"https:\/\/www.bellunopress.it\/2009\/07\/18\/un-gruppo-di-ragazzi-down-dal-marocco-a-belluno-grazie-al-progetto-shukran\/"},"author":{"name":"redazione","@id":"https:\/\/www.bellunopress.it\/#\/schema\/person\/79bb06722b37ece1c03d3e94beb30d73"},"headline":"Un gruppo di ragazzi down dal Marocco a Belluno grazie al Progetto Shukran","datePublished":"2009-07-18T07:32:50+00:00","mainEntityOfPage":{"@id":"https:\/\/www.bellunopress.it\/2009\/07\/18\/un-gruppo-di-ragazzi-down-dal-marocco-a-belluno-grazie-al-progetto-shukran\/"},"wordCount":440,"publisher":{"@id":"https:\/\/www.bellunopress.it\/#organization"},"keywords":["Belluno","Feltre"],"articleSection":["Lettere Opinioni"],"inLanguage":"fr-FR"},{"@type":"WebPage","@id":"https:\/\/www.bellunopress.it\/2009\/07\/18\/un-gruppo-di-ragazzi-down-dal-marocco-a-belluno-grazie-al-progetto-shukran\/","url":"https:\/\/www.bellunopress.it\/2009\/07\/18\/un-gruppo-di-ragazzi-down-dal-marocco-a-belluno-grazie-al-progetto-shukran\/","name":"Un gruppo di ragazzi down dal Marocco a Belluno grazie al Progetto Shukran - Bellunopress - Dolomiti","isPartOf":{"@id":"https:\/\/www.bellunopress.it\/#website"},"datePublished":"2009-07-18T07:32:50+00:00","breadcrumb":{"@id":"https:\/\/www.bellunopress.it\/2009\/07\/18\/un-gruppo-di-ragazzi-down-dal-marocco-a-belluno-grazie-al-progetto-shukran\/#breadcrumb"},"inLanguage":"fr-FR","potentialAction":[{"@type":"ReadAction","target":["https:\/\/www.bellunopress.it\/2009\/07\/18\/un-gruppo-di-ragazzi-down-dal-marocco-a-belluno-grazie-al-progetto-shukran\/"]}]},{"@type":"BreadcrumbList","@id":"https:\/\/www.bellunopress.it\/2009\/07\/18\/un-gruppo-di-ragazzi-down-dal-marocco-a-belluno-grazie-al-progetto-shukran\/#breadcrumb","itemListElement":[{"@type":"ListItem","position":1,"name":"Home","item":"https:\/\/www.bellunopress.it\/"},{"@type":"ListItem","position":2,"name":"Un gruppo di ragazzi down dal Marocco a Belluno grazie al Progetto Shukran"}]},{"@type":"WebSite","@id":"https:\/\/www.bellunopress.it\/#website","url":"https:\/\/www.bellunopress.it\/","name":"Bellunopress - Dolomiti","description":"e-mail: redazione@bellunopress.it","publisher":{"@id":"https:\/\/www.bellunopress.it\/#organization"},"potentialAction":[{"@type":"SearchAction","target":{"@type":"EntryPoint","urlTemplate":"https:\/\/www.bellunopress.it\/?s={search_term_string}"},"query-input":{"@type":"PropertyValueSpecification","valueRequired":true,"valueName":"search_term_string"}}],"inLanguage":"fr-FR"},{"@type":"Organization","@id":"https:\/\/www.bellunopress.it\/#organization","name":"Bellunopress","url":"https:\/\/www.bellunopress.it\/","logo":{"@type":"ImageObject","inLanguage":"fr-FR","@id":"https:\/\/www.bellunopress.it\/#\/schema\/logo\/image\/","url":"https:\/\/www.bellunopress.it\/wp-content\/uploads\/2011\/05\/cropped-logo-bellunopress-.jpg","contentUrl":"https:\/\/www.bellunopress.it\/wp-content\/uploads\/2011\/05\/cropped-logo-bellunopress-.jpg","width":512,"height":512,"caption":"Bellunopress"},"image":{"@id":"https:\/\/www.bellunopress.it\/#\/schema\/logo\/image\/"},"sameAs":["https:\/\/www.facebook.com\/profile.php?id=100008943462799","https:\/\/x.com\/bellunopress","https:\/\/www.linkedin.com\/hp\/?dnr=JBzUWaJfMUw8vbXJJ2tVW5-I3jZKvC4wsoxE&amp;amp;amp;amp;amp;amp;trk=nav_responsive_tab_home","https:\/\/www.youtube.com\/channel\/UCxL0wu1uN0_3_7hGG0306cw"]},{"@type":"Person","@id":"https:\/\/www.bellunopress.it\/#\/schema\/person\/79bb06722b37ece1c03d3e94beb30d73","name":"r\u00e9daction","image":{"@type":"ImageObject","inLanguage":"fr-FR","@id":"https:\/\/secure.gravatar.com\/avatar\/37d968a2e67a6fd04c169c4bdef102d0bc5d31b2546345219e348575eb80e9a0?s=96&d=mm&r=g","url":"https:\/\/secure.gravatar.com\/avatar\/37d968a2e67a6fd04c169c4bdef102d0bc5d31b2546345219e348575eb80e9a0?s=96&d=mm&r=g","contentUrl":"https:\/\/secure.gravatar.com\/avatar\/37d968a2e67a6fd04c169c4bdef102d0bc5d31b2546345219e348575eb80e9a0?s=96&d=mm&r=g","caption":"redazione"},"sameAs":["http:\/\/www.bellunopress.it","https:\/\/x.com\/bellunopress"],"url":"https:\/\/www.bellunopress.it\/fr\/author\/redazione\/"}]}},"_links":{"self":[{"href":"https:\/\/www.bellunopress.it\/fr\/wp-json\/wp\/v2\/posts\/6101","targetHints":{"allow":["GET"]}}],"collection":[{"href":"https:\/\/www.bellunopress.it\/fr\/wp-json\/wp\/v2\/posts"}],"about":[{"href":"https:\/\/www.bellunopress.it\/fr\/wp-json\/wp\/v2\/types\/post"}],"author":[{"embeddable":true,"href":"https:\/\/www.bellunopress.it\/fr\/wp-json\/wp\/v2\/users\/2"}],"replies":[{"embeddable":true,"href":"https:\/\/www.bellunopress.it\/fr\/wp-json\/wp\/v2\/comments?post=6101"}],"version-history":[{"count":1,"href":"https:\/\/www.bellunopress.it\/fr\/wp-json\/wp\/v2\/posts\/6101\/revisions"}],"predecessor-version":[{"id":6102,"href":"https:\/\/www.bellunopress.it\/fr\/wp-json\/wp\/v2\/posts\/6101\/revisions\/6102"}],"wp:attachment":[{"href":"https:\/\/www.bellunopress.it\/fr\/wp-json\/wp\/v2\/media?parent=6101"}],"wp:term":[{"taxonomy":"category","embeddable":true,"href":"https:\/\/www.bellunopress.it\/fr\/wp-json\/wp\/v2\/categories?post=6101"},{"taxonomy":"post_tag","embeddable":true,"href":"https:\/\/www.bellunopress.it\/fr\/wp-json\/wp\/v2\/tags?post=6101"}],"curies":[{"name":"wp","href":"https:\/\/api.w.org\/{rel}","templated":true}]}}