{"id":60942,"date":"2014-07-27T12:58:28","date_gmt":"2014-07-27T11:58:28","guid":{"rendered":"http:\/\/www.bellunopress.it\/?p=60942"},"modified":"2014-07-27T22:13:01","modified_gmt":"2014-07-27T21:13:01","slug":"cansiglio-day-il-presidente-della-regione-luca-zaia-alla-giornata-dei-veneti-nel-mondo","status":"publish","type":"post","link":"https:\/\/www.bellunopress.it\/fr\/2014\/07\/27\/cansiglio-day-il-presidente-della-regione-luca-zaia-alla-giornata-dei-veneti-nel-mondo\/","title":{"rendered":"Cansiglio Day. Il presidente della Regione Luca Zaia alla Giornata dei veneti nel mondo"},"content":{"rendered":"<p><a href=\"http:\/\/www.bellunopress.it\/wp-content\/uploads\/2014\/07\/Zaia-consegna-la-bandiera-del-Veneto-a-Stella-21.jpg\"><img loading=\"lazy\" decoding=\"async\" class=\"alignleft size-full wp-image-60944\" src=\"http:\/\/www.bellunopress.it\/wp-content\/uploads\/2014\/07\/Zaia-consegna-la-bandiera-del-Veneto-a-Stella-21.jpg\" alt=\"Zaia consegna la bandiera del Veneto a Stella 2\" width=\"167\" height=\"170\" \/><\/a>Pian Cansiglio \u2013 Farra d\u2019Alpago (Belluno), 24 luglio 2014 \u00a0C&#8217;\u00e8 un modello veneto anche per l&#8217;emigrazione: quello realizzato da gente che se n&#8217;\u00e8 andata da questa regione per lavorare e dare un contributo alla crescita dei Paesi nei quali sono andati in cerca di fortuna, dove oggi spesso ricoprono ruoli di primissimo piano, come il governatore di Melbourne o il sindaco di Sidney. Lo ha ricordato oggi il presidente del Veneto Luca Zaia, intervenendo al 22\u00b0 Cansiglio Day svoltosi nella piana della \u201cForesta da Reme\u201d della Serenissima, in localit\u00e0 Sant\u2019Osvaldo, al confine tra le province di Belluno e Treviso, promosso dall\u2019Associazione Internazionale Trevisani nel Mondo, abbinato alla Giornata dei Veneti nel mondo.<\/p>\n<p align=\"LEFT\">E\u2019 stata una festa di popolo, ma soprattutto una occasione per incontrarsi e confrontarsi sui temi dell\u2019emigrazione \u201cmoderna\u201d, per consolidare i legami con la terra d\u2019origine, per rinsaldare gemellaggi, come quelli con la comunit\u00e0 francese di Grenade. L&#8217;incontro \u00e8 stato quasi una assise internazionale tra veneti del Veneto e veneti o loro discendenti che hanno preferito o dovuto lasciare la terra d\u2019origine, festeggiata con calore e con tanta commozione, iniziata con la sfilata dei gonfaloni e dei labari e con una messa celebrata dal cardinale Beniamino Stella, affiancato dal vescovo di Belluno Giuseppe Andrich e da altri sacerdoti.<\/p>\n<p align=\"LEFT\">A Stella, originario di Pieve di Soligo, che si \u00e8 definito uomo del vaticano \u201cche ha girato il mondo con la valigia come tanti di voi\u201d, Zaia ha regalato la bandiera del Veneto, della quale ha fatto omaggio anche al sindaco di Grenade il cui intervento \u00e8 stato salutato dal canto della marsigliese. Dopo gli interventi ufficiali, tra i quali quello del vicepresidente della Consulta dei Veneti nel Mondo Luciano Sacchet, veneto di Montevideo, Zaia ha richiamato i contenuti, le motivazioni e lo stile dell&#8217;emigrazione veneta, fatta di grandi numeri e che oggi nei cinque continenti conta tanti veneti di pi\u00f9 generazioni quanti ce ne sono oggi nella Regione dalla quale sono partiti i loro nonni, i loro padri, i figli. Il governatore ha inoltre donato una targa della Regione a Loretta Baldassar, Vittoriano Speranza e Luigi Nasato, che si sono distinti per l&#8217;attivit\u00e0 svolta all&#8217;estero tenendo alto il nome del Veneto, e a salutato Giulia Bottacin, riportata in Italia grazie all&#8217;interessamento della Regione dopo un incidente in Florida in seguito al quale era entrata in coma, dalla quale \u00e8 uscita un paio di giorni dopo il rientro.<\/p>\n<p align=\"LEFT\">\n<p>&nbsp;<\/p>","protected":false},"excerpt":{"rendered":"<p>Pian Cansiglio \u2013 Farra d\u2019Alpago (Belluno), 24 luglio 2014 \u00a0C&#8217;\u00e8 un modello veneto anche per l&#8217;emigrazione: quello realizzato da gente che se n&#8217;\u00e8 andata da questa regione per lavorare e dare un contributo alla crescita dei Paesi nei quali sono andati in cerca di fortuna, dove oggi spesso ricoprono ruoli di primissimo piano, come il [&hellip;]<\/p>\n","protected":false},"author":2,"featured_media":0,"comment_status":"closed","ping_status":"open","sticky":false,"template":"","format":"standard","meta":{"footnotes":""},"categories":[5,26],"tags":[],"class_list":["post-60942","post","type-post","status-publish","format-standard","category-cronaca","category-prima-pagina"],"yoast_head":"<!-- This site is optimized with the Yoast SEO plugin v28.4 - https:\/\/yoast.com\/product\/yoast-seo-wordpress\/ -->\n<title>Cansiglio Day. Il presidente della Regione Luca Zaia alla Giornata dei veneti nel mondo - Bellunopress - Dolomiti<\/title>\n<meta name=\"robots\" content=\"index, follow, max-snippet:-1, max-image-preview:large, max-video-preview:-1\" \/>\n<link rel=\"canonical\" href=\"https:\/\/www.bellunopress.it\/fr\/2014\/07\/27\/cansiglio-day-il-presidente-della-regione-luca-zaia-alla-giornata-dei-veneti-nel-mondo\/\" \/>\n<meta property=\"og:locale\" content=\"fr_FR\" \/>\n<meta property=\"og:type\" content=\"article\" \/>\n<meta property=\"og:title\" content=\"Cansiglio Day. Il presidente della Regione Luca Zaia alla Giornata dei veneti nel mondo - Bellunopress - Dolomiti\" \/>\n<meta property=\"og:description\" content=\"Pian Cansiglio \u2013 Farra d\u2019Alpago (Belluno), 24 luglio 2014 \u00a0C&#8217;\u00e8 un modello veneto anche per l&#8217;emigrazione: quello realizzato da gente che se n&#8217;\u00e8 andata da questa regione per lavorare e dare un contributo alla crescita dei Paesi nei quali sono andati in cerca di fortuna, dove oggi spesso ricoprono ruoli di primissimo piano, come il [&hellip;]\" \/>\n<meta property=\"og:url\" content=\"https:\/\/www.bellunopress.it\/fr\/2014\/07\/27\/cansiglio-day-il-presidente-della-regione-luca-zaia-alla-giornata-dei-veneti-nel-mondo\/\" \/>\n<meta property=\"og:site_name\" content=\"Bellunopress - Dolomiti\" \/>\n<meta property=\"article:publisher\" content=\"https:\/\/www.facebook.com\/profile.php?id=100008943462799\" \/>\n<meta property=\"article:published_time\" content=\"2014-07-27T11:58:28+00:00\" \/>\n<meta property=\"article:modified_time\" content=\"2014-07-27T21:13:01+00:00\" \/>\n<meta property=\"og:image\" content=\"http:\/\/www.bellunopress.it\/wp-content\/uploads\/2014\/07\/Zaia-consegna-la-bandiera-del-Veneto-a-Stella-21.jpg\" \/>\n<meta name=\"author\" content=\"redazione\" \/>\n<meta name=\"twitter:card\" content=\"summary_large_image\" \/>\n<meta name=\"twitter:creator\" content=\"@bellunopress\" \/>\n<meta name=\"twitter:site\" content=\"@bellunopress\" \/>\n<meta name=\"twitter:label1\" content=\"\u00c9crit par\" \/>\n\t<meta name=\"twitter:data1\" content=\"redazione\" \/>\n\t<meta name=\"twitter:label2\" content=\"Dur\u00e9e de lecture estim\u00e9e\" \/>\n\t<meta name=\"twitter:data2\" content=\"2 minutes\" \/>\n<script type=\"application\/ld+json\" class=\"yoast-schema-graph\">{\"@context\":\"https:\\\/\\\/schema.org\",\"@graph\":[{\"@type\":\"Article\",\"@id\":\"https:\\\/\\\/www.bellunopress.it\\\/2014\\\/07\\\/27\\\/cansiglio-day-il-presidente-della-regione-luca-zaia-alla-giornata-dei-veneti-nel-mondo\\\/#article\",\"isPartOf\":{\"@id\":\"https:\\\/\\\/www.bellunopress.it\\\/2014\\\/07\\\/27\\\/cansiglio-day-il-presidente-della-regione-luca-zaia-alla-giornata-dei-veneti-nel-mondo\\\/\"},\"author\":{\"name\":\"redazione\",\"@id\":\"https:\\\/\\\/www.bellunopress.it\\\/#\\\/schema\\\/person\\\/79bb06722b37ece1c03d3e94beb30d73\"},\"headline\":\"Cansiglio Day. Il presidente della Regione Luca Zaia alla Giornata dei veneti nel mondo\",\"datePublished\":\"2014-07-27T11:58:28+00:00\",\"dateModified\":\"2014-07-27T21:13:01+00:00\",\"mainEntityOfPage\":{\"@id\":\"https:\\\/\\\/www.bellunopress.it\\\/2014\\\/07\\\/27\\\/cansiglio-day-il-presidente-della-regione-luca-zaia-alla-giornata-dei-veneti-nel-mondo\\\/\"},\"wordCount\":417,\"publisher\":{\"@id\":\"https:\\\/\\\/www.bellunopress.it\\\/#organization\"},\"image\":{\"@id\":\"https:\\\/\\\/www.bellunopress.it\\\/2014\\\/07\\\/27\\\/cansiglio-day-il-presidente-della-regione-luca-zaia-alla-giornata-dei-veneti-nel-mondo\\\/#primaryimage\"},\"thumbnailUrl\":\"http:\\\/\\\/www.bellunopress.it\\\/wp-content\\\/uploads\\\/2014\\\/07\\\/Zaia-consegna-la-bandiera-del-Veneto-a-Stella-21.jpg\",\"articleSection\":[\"Cronaca\\\/Politica\",\"Prima Pagina\"],\"inLanguage\":\"fr-FR\"},{\"@type\":\"WebPage\",\"@id\":\"https:\\\/\\\/www.bellunopress.it\\\/2014\\\/07\\\/27\\\/cansiglio-day-il-presidente-della-regione-luca-zaia-alla-giornata-dei-veneti-nel-mondo\\\/\",\"url\":\"https:\\\/\\\/www.bellunopress.it\\\/2014\\\/07\\\/27\\\/cansiglio-day-il-presidente-della-regione-luca-zaia-alla-giornata-dei-veneti-nel-mondo\\\/\",\"name\":\"Cansiglio Day. Il presidente della Regione Luca Zaia alla Giornata dei veneti nel mondo - Bellunopress - Dolomiti\",\"isPartOf\":{\"@id\":\"https:\\\/\\\/www.bellunopress.it\\\/#website\"},\"primaryImageOfPage\":{\"@id\":\"https:\\\/\\\/www.bellunopress.it\\\/2014\\\/07\\\/27\\\/cansiglio-day-il-presidente-della-regione-luca-zaia-alla-giornata-dei-veneti-nel-mondo\\\/#primaryimage\"},\"image\":{\"@id\":\"https:\\\/\\\/www.bellunopress.it\\\/2014\\\/07\\\/27\\\/cansiglio-day-il-presidente-della-regione-luca-zaia-alla-giornata-dei-veneti-nel-mondo\\\/#primaryimage\"},\"thumbnailUrl\":\"http:\\\/\\\/www.bellunopress.it\\\/wp-content\\\/uploads\\\/2014\\\/07\\\/Zaia-consegna-la-bandiera-del-Veneto-a-Stella-21.jpg\",\"datePublished\":\"2014-07-27T11:58:28+00:00\",\"dateModified\":\"2014-07-27T21:13:01+00:00\",\"breadcrumb\":{\"@id\":\"https:\\\/\\\/www.bellunopress.it\\\/2014\\\/07\\\/27\\\/cansiglio-day-il-presidente-della-regione-luca-zaia-alla-giornata-dei-veneti-nel-mondo\\\/#breadcrumb\"},\"inLanguage\":\"fr-FR\",\"potentialAction\":[{\"@type\":\"ReadAction\",\"target\":[\"https:\\\/\\\/www.bellunopress.it\\\/2014\\\/07\\\/27\\\/cansiglio-day-il-presidente-della-regione-luca-zaia-alla-giornata-dei-veneti-nel-mondo\\\/\"]}]},{\"@type\":\"ImageObject\",\"inLanguage\":\"fr-FR\",\"@id\":\"https:\\\/\\\/www.bellunopress.it\\\/2014\\\/07\\\/27\\\/cansiglio-day-il-presidente-della-regione-luca-zaia-alla-giornata-dei-veneti-nel-mondo\\\/#primaryimage\",\"url\":\"http:\\\/\\\/www.bellunopress.it\\\/wp-content\\\/uploads\\\/2014\\\/07\\\/Zaia-consegna-la-bandiera-del-Veneto-a-Stella-21.jpg\",\"contentUrl\":\"http:\\\/\\\/www.bellunopress.it\\\/wp-content\\\/uploads\\\/2014\\\/07\\\/Zaia-consegna-la-bandiera-del-Veneto-a-Stella-21.jpg\"},{\"@type\":\"BreadcrumbList\",\"@id\":\"https:\\\/\\\/www.bellunopress.it\\\/2014\\\/07\\\/27\\\/cansiglio-day-il-presidente-della-regione-luca-zaia-alla-giornata-dei-veneti-nel-mondo\\\/#breadcrumb\",\"itemListElement\":[{\"@type\":\"ListItem\",\"position\":1,\"name\":\"Home\",\"item\":\"https:\\\/\\\/www.bellunopress.it\\\/\"},{\"@type\":\"ListItem\",\"position\":2,\"name\":\"Cansiglio Day. Il presidente della Regione Luca Zaia alla Giornata dei veneti nel mondo\"}]},{\"@type\":\"WebSite\",\"@id\":\"https:\\\/\\\/www.bellunopress.it\\\/#website\",\"url\":\"https:\\\/\\\/www.bellunopress.it\\\/\",\"name\":\"Bellunopress - Dolomiti\",\"description\":\"e-mail: redazione@bellunopress.it\",\"publisher\":{\"@id\":\"https:\\\/\\\/www.bellunopress.it\\\/#organization\"},\"potentialAction\":[{\"@type\":\"SearchAction\",\"target\":{\"@type\":\"EntryPoint\",\"urlTemplate\":\"https:\\\/\\\/www.bellunopress.it\\\/?s={search_term_string}\"},\"query-input\":{\"@type\":\"PropertyValueSpecification\",\"valueRequired\":true,\"valueName\":\"search_term_string\"}}],\"inLanguage\":\"fr-FR\"},{\"@type\":\"Organization\",\"@id\":\"https:\\\/\\\/www.bellunopress.it\\\/#organization\",\"name\":\"Bellunopress\",\"url\":\"https:\\\/\\\/www.bellunopress.it\\\/\",\"logo\":{\"@type\":\"ImageObject\",\"inLanguage\":\"fr-FR\",\"@id\":\"https:\\\/\\\/www.bellunopress.it\\\/#\\\/schema\\\/logo\\\/image\\\/\",\"url\":\"https:\\\/\\\/www.bellunopress.it\\\/wp-content\\\/uploads\\\/2011\\\/05\\\/cropped-logo-bellunopress-.jpg\",\"contentUrl\":\"https:\\\/\\\/www.bellunopress.it\\\/wp-content\\\/uploads\\\/2011\\\/05\\\/cropped-logo-bellunopress-.jpg\",\"width\":512,\"height\":512,\"caption\":\"Bellunopress\"},\"image\":{\"@id\":\"https:\\\/\\\/www.bellunopress.it\\\/#\\\/schema\\\/logo\\\/image\\\/\"},\"sameAs\":[\"https:\\\/\\\/www.facebook.com\\\/profile.php?id=100008943462799\",\"https:\\\/\\\/x.com\\\/bellunopress\",\"https:\\\/\\\/www.linkedin.com\\\/hp\\\/?dnr=JBzUWaJfMUw8vbXJJ2tVW5-I3jZKvC4wsoxE&amp;amp;amp;amp;amp;amp;trk=nav_responsive_tab_home\",\"https:\\\/\\\/www.youtube.com\\\/channel\\\/UCxL0wu1uN0_3_7hGG0306cw\"]},{\"@type\":\"Person\",\"@id\":\"https:\\\/\\\/www.bellunopress.it\\\/#\\\/schema\\\/person\\\/79bb06722b37ece1c03d3e94beb30d73\",\"name\":\"redazione\",\"image\":{\"@type\":\"ImageObject\",\"inLanguage\":\"fr-FR\",\"@id\":\"https:\\\/\\\/secure.gravatar.com\\\/avatar\\\/37d968a2e67a6fd04c169c4bdef102d0bc5d31b2546345219e348575eb80e9a0?s=96&d=mm&r=g\",\"url\":\"https:\\\/\\\/secure.gravatar.com\\\/avatar\\\/37d968a2e67a6fd04c169c4bdef102d0bc5d31b2546345219e348575eb80e9a0?s=96&d=mm&r=g\",\"contentUrl\":\"https:\\\/\\\/secure.gravatar.com\\\/avatar\\\/37d968a2e67a6fd04c169c4bdef102d0bc5d31b2546345219e348575eb80e9a0?s=96&d=mm&r=g\",\"caption\":\"redazione\"},\"sameAs\":[\"http:\\\/\\\/www.bellunopress.it\",\"https:\\\/\\\/x.com\\\/bellunopress\"],\"url\":\"https:\\\/\\\/www.bellunopress.it\\\/fr\\\/author\\\/redazione\\\/\"}]}<\/script>\n<!-- \/ Yoast SEO plugin. -->","yoast_head_json":{"title":"Cansiglio Day. Il presidente della Regione Luca Zaia alla Giornata dei veneti nel mondo - Bellunopress - Dolomiti","robots":{"index":"index","follow":"follow","max-snippet":"max-snippet:-1","max-image-preview":"max-image-preview:large","max-video-preview":"max-video-preview:-1"},"canonical":"https:\/\/www.bellunopress.it\/fr\/2014\/07\/27\/cansiglio-day-il-presidente-della-regione-luca-zaia-alla-giornata-dei-veneti-nel-mondo\/","og_locale":"fr_FR","og_type":"article","og_title":"Cansiglio Day. Il presidente della Regione Luca Zaia alla Giornata dei veneti nel mondo - Bellunopress - Dolomiti","og_description":"Pian Cansiglio \u2013 Farra d\u2019Alpago (Belluno), 24 luglio 2014 \u00a0C&#8217;\u00e8 un modello veneto anche per l&#8217;emigrazione: quello realizzato da gente che se n&#8217;\u00e8 andata da questa regione per lavorare e dare un contributo alla crescita dei Paesi nei quali sono andati in cerca di fortuna, dove oggi spesso ricoprono ruoli di primissimo piano, come il [&hellip;]","og_url":"https:\/\/www.bellunopress.it\/fr\/2014\/07\/27\/cansiglio-day-il-presidente-della-regione-luca-zaia-alla-giornata-dei-veneti-nel-mondo\/","og_site_name":"Bellunopress - Dolomiti","article_publisher":"https:\/\/www.facebook.com\/profile.php?id=100008943462799","article_published_time":"2014-07-27T11:58:28+00:00","article_modified_time":"2014-07-27T21:13:01+00:00","og_image":[{"url":"http:\/\/www.bellunopress.it\/wp-content\/uploads\/2014\/07\/Zaia-consegna-la-bandiera-del-Veneto-a-Stella-21.jpg","type":"","width":"","height":""}],"author":"redazione","twitter_card":"summary_large_image","twitter_creator":"@bellunopress","twitter_site":"@bellunopress","twitter_misc":{"\u00c9crit par":"redazione","Dur\u00e9e de lecture estim\u00e9e":"2 minutes"},"schema":{"@context":"https:\/\/schema.org","@graph":[{"@type":"Article","@id":"https:\/\/www.bellunopress.it\/2014\/07\/27\/cansiglio-day-il-presidente-della-regione-luca-zaia-alla-giornata-dei-veneti-nel-mondo\/#article","isPartOf":{"@id":"https:\/\/www.bellunopress.it\/2014\/07\/27\/cansiglio-day-il-presidente-della-regione-luca-zaia-alla-giornata-dei-veneti-nel-mondo\/"},"author":{"name":"redazione","@id":"https:\/\/www.bellunopress.it\/#\/schema\/person\/79bb06722b37ece1c03d3e94beb30d73"},"headline":"Cansiglio Day. Il presidente della Regione Luca Zaia alla Giornata dei veneti nel mondo","datePublished":"2014-07-27T11:58:28+00:00","dateModified":"2014-07-27T21:13:01+00:00","mainEntityOfPage":{"@id":"https:\/\/www.bellunopress.it\/2014\/07\/27\/cansiglio-day-il-presidente-della-regione-luca-zaia-alla-giornata-dei-veneti-nel-mondo\/"},"wordCount":417,"publisher":{"@id":"https:\/\/www.bellunopress.it\/#organization"},"image":{"@id":"https:\/\/www.bellunopress.it\/2014\/07\/27\/cansiglio-day-il-presidente-della-regione-luca-zaia-alla-giornata-dei-veneti-nel-mondo\/#primaryimage"},"thumbnailUrl":"http:\/\/www.bellunopress.it\/wp-content\/uploads\/2014\/07\/Zaia-consegna-la-bandiera-del-Veneto-a-Stella-21.jpg","articleSection":["Cronaca\/Politica","Prima Pagina"],"inLanguage":"fr-FR"},{"@type":"WebPage","@id":"https:\/\/www.bellunopress.it\/2014\/07\/27\/cansiglio-day-il-presidente-della-regione-luca-zaia-alla-giornata-dei-veneti-nel-mondo\/","url":"https:\/\/www.bellunopress.it\/2014\/07\/27\/cansiglio-day-il-presidente-della-regione-luca-zaia-alla-giornata-dei-veneti-nel-mondo\/","name":"Cansiglio Day. Il presidente della Regione Luca Zaia alla Giornata dei veneti nel mondo - Bellunopress - Dolomiti","isPartOf":{"@id":"https:\/\/www.bellunopress.it\/#website"},"primaryImageOfPage":{"@id":"https:\/\/www.bellunopress.it\/2014\/07\/27\/cansiglio-day-il-presidente-della-regione-luca-zaia-alla-giornata-dei-veneti-nel-mondo\/#primaryimage"},"image":{"@id":"https:\/\/www.bellunopress.it\/2014\/07\/27\/cansiglio-day-il-presidente-della-regione-luca-zaia-alla-giornata-dei-veneti-nel-mondo\/#primaryimage"},"thumbnailUrl":"http:\/\/www.bellunopress.it\/wp-content\/uploads\/2014\/07\/Zaia-consegna-la-bandiera-del-Veneto-a-Stella-21.jpg","datePublished":"2014-07-27T11:58:28+00:00","dateModified":"2014-07-27T21:13:01+00:00","breadcrumb":{"@id":"https:\/\/www.bellunopress.it\/2014\/07\/27\/cansiglio-day-il-presidente-della-regione-luca-zaia-alla-giornata-dei-veneti-nel-mondo\/#breadcrumb"},"inLanguage":"fr-FR","potentialAction":[{"@type":"ReadAction","target":["https:\/\/www.bellunopress.it\/2014\/07\/27\/cansiglio-day-il-presidente-della-regione-luca-zaia-alla-giornata-dei-veneti-nel-mondo\/"]}]},{"@type":"ImageObject","inLanguage":"fr-FR","@id":"https:\/\/www.bellunopress.it\/2014\/07\/27\/cansiglio-day-il-presidente-della-regione-luca-zaia-alla-giornata-dei-veneti-nel-mondo\/#primaryimage","url":"http:\/\/www.bellunopress.it\/wp-content\/uploads\/2014\/07\/Zaia-consegna-la-bandiera-del-Veneto-a-Stella-21.jpg","contentUrl":"http:\/\/www.bellunopress.it\/wp-content\/uploads\/2014\/07\/Zaia-consegna-la-bandiera-del-Veneto-a-Stella-21.jpg"},{"@type":"BreadcrumbList","@id":"https:\/\/www.bellunopress.it\/2014\/07\/27\/cansiglio-day-il-presidente-della-regione-luca-zaia-alla-giornata-dei-veneti-nel-mondo\/#breadcrumb","itemListElement":[{"@type":"ListItem","position":1,"name":"Home","item":"https:\/\/www.bellunopress.it\/"},{"@type":"ListItem","position":2,"name":"Cansiglio Day. Il presidente della Regione Luca Zaia alla Giornata dei veneti nel mondo"}]},{"@type":"WebSite","@id":"https:\/\/www.bellunopress.it\/#website","url":"https:\/\/www.bellunopress.it\/","name":"Bellunopress - Dolomiti","description":"e-mail: redazione@bellunopress.it","publisher":{"@id":"https:\/\/www.bellunopress.it\/#organization"},"potentialAction":[{"@type":"SearchAction","target":{"@type":"EntryPoint","urlTemplate":"https:\/\/www.bellunopress.it\/?s={search_term_string}"},"query-input":{"@type":"PropertyValueSpecification","valueRequired":true,"valueName":"search_term_string"}}],"inLanguage":"fr-FR"},{"@type":"Organization","@id":"https:\/\/www.bellunopress.it\/#organization","name":"Bellunopress","url":"https:\/\/www.bellunopress.it\/","logo":{"@type":"ImageObject","inLanguage":"fr-FR","@id":"https:\/\/www.bellunopress.it\/#\/schema\/logo\/image\/","url":"https:\/\/www.bellunopress.it\/wp-content\/uploads\/2011\/05\/cropped-logo-bellunopress-.jpg","contentUrl":"https:\/\/www.bellunopress.it\/wp-content\/uploads\/2011\/05\/cropped-logo-bellunopress-.jpg","width":512,"height":512,"caption":"Bellunopress"},"image":{"@id":"https:\/\/www.bellunopress.it\/#\/schema\/logo\/image\/"},"sameAs":["https:\/\/www.facebook.com\/profile.php?id=100008943462799","https:\/\/x.com\/bellunopress","https:\/\/www.linkedin.com\/hp\/?dnr=JBzUWaJfMUw8vbXJJ2tVW5-I3jZKvC4wsoxE&amp;amp;amp;amp;amp;amp;trk=nav_responsive_tab_home","https:\/\/www.youtube.com\/channel\/UCxL0wu1uN0_3_7hGG0306cw"]},{"@type":"Person","@id":"https:\/\/www.bellunopress.it\/#\/schema\/person\/79bb06722b37ece1c03d3e94beb30d73","name":"r\u00e9daction","image":{"@type":"ImageObject","inLanguage":"fr-FR","@id":"https:\/\/secure.gravatar.com\/avatar\/37d968a2e67a6fd04c169c4bdef102d0bc5d31b2546345219e348575eb80e9a0?s=96&d=mm&r=g","url":"https:\/\/secure.gravatar.com\/avatar\/37d968a2e67a6fd04c169c4bdef102d0bc5d31b2546345219e348575eb80e9a0?s=96&d=mm&r=g","contentUrl":"https:\/\/secure.gravatar.com\/avatar\/37d968a2e67a6fd04c169c4bdef102d0bc5d31b2546345219e348575eb80e9a0?s=96&d=mm&r=g","caption":"redazione"},"sameAs":["http:\/\/www.bellunopress.it","https:\/\/x.com\/bellunopress"],"url":"https:\/\/www.bellunopress.it\/fr\/author\/redazione\/"}]}},"_links":{"self":[{"href":"https:\/\/www.bellunopress.it\/fr\/wp-json\/wp\/v2\/posts\/60942","targetHints":{"allow":["GET"]}}],"collection":[{"href":"https:\/\/www.bellunopress.it\/fr\/wp-json\/wp\/v2\/posts"}],"about":[{"href":"https:\/\/www.bellunopress.it\/fr\/wp-json\/wp\/v2\/types\/post"}],"author":[{"embeddable":true,"href":"https:\/\/www.bellunopress.it\/fr\/wp-json\/wp\/v2\/users\/2"}],"replies":[{"embeddable":true,"href":"https:\/\/www.bellunopress.it\/fr\/wp-json\/wp\/v2\/comments?post=60942"}],"version-history":[{"count":1,"href":"https:\/\/www.bellunopress.it\/fr\/wp-json\/wp\/v2\/posts\/60942\/revisions"}],"predecessor-version":[{"id":60945,"href":"https:\/\/www.bellunopress.it\/fr\/wp-json\/wp\/v2\/posts\/60942\/revisions\/60945"}],"wp:attachment":[{"href":"https:\/\/www.bellunopress.it\/fr\/wp-json\/wp\/v2\/media?parent=60942"}],"wp:term":[{"taxonomy":"category","embeddable":true,"href":"https:\/\/www.bellunopress.it\/fr\/wp-json\/wp\/v2\/categories?post=60942"},{"taxonomy":"post_tag","embeddable":true,"href":"https:\/\/www.bellunopress.it\/fr\/wp-json\/wp\/v2\/tags?post=60942"}],"curies":[{"name":"wp","href":"https:\/\/api.w.org\/{rel}","templated":true}]}}