{"id":6065,"date":"2009-07-17T15:33:30","date_gmt":"2009-07-17T14:33:30","guid":{"rendered":"http:\/\/www.bellunopress.it\/?p=6065"},"modified":"2009-07-17T15:33:30","modified_gmt":"2009-07-17T14:33:30","slug":"palainfiniti-sede-della-manifestazione-cortina-incontra-il-prestigioso-marchio-nipponico-infiniti-e-il-nuovo-partner-di-cortina-per-lestate-2009","status":"publish","type":"post","link":"https:\/\/www.bellunopress.it\/fr\/2009\/07\/17\/palainfiniti-sede-della-manifestazione-cortina-incontra-il-prestigioso-marchio-nipponico-infiniti-e-il-nuovo-partner-di-cortina-per-lestate-2009\/","title":{"rendered":"PalaInfiniti sede della manifestazione  Cortina InConTra. Il prestigioso marchio nipponico Infiniti \u00e8 il nuovo partner di Cortina per l&#8217;estate 2009"},"content":{"rendered":"<p>&#8220;Infiniti&#8221;, il marchio di lusso della casa automobilistica giapponese Nissan Motor Co. Ltd. sar\u00e0 tra i supporter dell\u2019estate cortinese attraverso il &#8220;PalaInfiniti&#8221;, sede della manifestazione \u201cCortina InConTra\u201d sul cui palco saliranno personalit\u00e0 del mondo della politica, della cultura e dello spettacolo. I lavori di allestimento del Pala Infiniti sono in fase di ultimazione a Cortina d\u2019Ampezzo, l\u2019esclusiva localit\u00e0 delle Dolomiti, visitata ogni anno da un vasto pubblico di turisti e affezionati frequentatori. Dal 25 luglio al 30 agosto 2009, il brand automobilistico Infiniti sar\u00e0 sponsor della struttura che ospita Cortina InConTra, la manifestazione che, nella scorsa stagione estiva, ha riscosso un notevole successo, vantando 315 ospiti, 70.000 presenze, 1 milione e 800.000 visite su web, nonch\u00e9 10 milioni di spettatori che hanno seguito le 180 ore di diretta e le 360 repliche andate in onda sul canale Sky 3Channel. Oltre a mettere in contatto il pubblico con personalit\u00e0 del mondo della politica, della cultura, dello spettacolo, Cortina InConTra ha anche svolto un\u2019importante attivit\u00e0 di solidariet\u00e0 a favore del Telefono Azzurro, raccogliendo fondi per 27 mila euro. Quest\u2019anno, oltre alle interessanti iniziative promosse dalla citt\u00e0 a favore del turismo, qualcos\u2019altro toccher\u00e0 le corde del raffinato pubblico cortinese: l\u2019incontro con Infiniti, sinonimo di lusso automobilistico, marchio capace di regalare l\u2019emozione di un design originale ed elegante che si sposa a tecnologia avanzata e prestazioni di guida esaltanti.<\/p>","protected":false},"excerpt":{"rendered":"<p>&#8220;Infiniti&#8221;, il marchio di lusso della casa automobilistica giapponese Nissan Motor Co. Ltd. sar\u00e0 tra i supporter dell\u2019estate cortinese attraverso il &#8220;PalaInfiniti&#8221;, sede della manifestazione \u201cCortina InConTra\u201d sul cui palco saliranno personalit\u00e0 del mondo della politica, della cultura e dello spettacolo. I lavori di allestimento del Pala Infiniti sono in fase di ultimazione a Cortina [&hellip;]<\/p>\n","protected":false},"author":2,"featured_media":0,"comment_status":"closed","ping_status":"open","sticky":false,"template":"","format":"standard","meta":{"footnotes":""},"categories":[3,25],"tags":[63],"class_list":["post-6065","post","type-post","status-publish","format-standard","category-arte-cultura-spettacoli-scienza-archivi","category-pausa-caffe","tag-dolomiti"],"yoast_head":"<!-- This site is optimized with the Yoast SEO plugin v28.4 - https:\/\/yoast.com\/product\/yoast-seo-wordpress\/ -->\n<title>PalaInfiniti sede della manifestazione Cortina InConTra. Il prestigioso marchio nipponico Infiniti \u00e8 il nuovo partner di Cortina per l&#039;estate 2009 - Bellunopress - Dolomiti<\/title>\n<meta name=\"robots\" content=\"index, follow, max-snippet:-1, max-image-preview:large, max-video-preview:-1\" \/>\n<link rel=\"canonical\" href=\"https:\/\/www.bellunopress.it\/fr\/2009\/07\/17\/palainfiniti-sede-della-manifestazione-cortina-incontra-il-prestigioso-marchio-nipponico-infiniti-e-il-nuovo-partner-di-cortina-per-lestate-2009\/\" \/>\n<meta property=\"og:locale\" content=\"fr_FR\" \/>\n<meta property=\"og:type\" content=\"article\" \/>\n<meta property=\"og:title\" content=\"PalaInfiniti sede della manifestazione Cortina InConTra. Il prestigioso marchio nipponico Infiniti \u00e8 il nuovo partner di Cortina per l&#039;estate 2009 - Bellunopress - Dolomiti\" \/>\n<meta property=\"og:description\" content=\"&#8220;Infiniti&#8221;, il marchio di lusso della casa automobilistica giapponese Nissan Motor Co. Ltd. sar\u00e0 tra i supporter dell\u2019estate cortinese attraverso il &#8220;PalaInfiniti&#8221;, sede della manifestazione \u201cCortina InConTra\u201d sul cui palco saliranno personalit\u00e0 del mondo della politica, della cultura e dello spettacolo. I lavori di allestimento del Pala Infiniti sono in fase di ultimazione a Cortina [&hellip;]\" \/>\n<meta property=\"og:url\" content=\"https:\/\/www.bellunopress.it\/fr\/2009\/07\/17\/palainfiniti-sede-della-manifestazione-cortina-incontra-il-prestigioso-marchio-nipponico-infiniti-e-il-nuovo-partner-di-cortina-per-lestate-2009\/\" \/>\n<meta property=\"og:site_name\" content=\"Bellunopress - Dolomiti\" \/>\n<meta property=\"article:publisher\" content=\"https:\/\/www.facebook.com\/profile.php?id=100008943462799\" \/>\n<meta property=\"article:published_time\" content=\"2009-07-17T14:33:30+00:00\" \/>\n<meta property=\"og:image\" content=\"http:\/\/www.bellunopress.it\/wp-content\/uploads\/2012\/07\/logo-bellunopress-250x250-2012.jpg\" \/>\n<meta name=\"author\" content=\"redazione\" \/>\n<meta name=\"twitter:card\" content=\"summary_large_image\" \/>\n<meta name=\"twitter:creator\" content=\"@bellunopress\" \/>\n<meta name=\"twitter:site\" content=\"@bellunopress\" \/>\n<meta name=\"twitter:label1\" content=\"\u00c9crit par\" \/>\n\t<meta name=\"twitter:data1\" content=\"redazione\" \/>\n\t<meta name=\"twitter:label2\" content=\"Dur\u00e9e de lecture estim\u00e9e\" \/>\n\t<meta name=\"twitter:data2\" content=\"1 minute\" \/>\n<script type=\"application\/ld+json\" class=\"yoast-schema-graph\">{\"@context\":\"https:\\\/\\\/schema.org\",\"@graph\":[{\"@type\":\"Article\",\"@id\":\"https:\\\/\\\/www.bellunopress.it\\\/2009\\\/07\\\/17\\\/palainfiniti-sede-della-manifestazione-cortina-incontra-il-prestigioso-marchio-nipponico-infiniti-e-il-nuovo-partner-di-cortina-per-lestate-2009\\\/#article\",\"isPartOf\":{\"@id\":\"https:\\\/\\\/www.bellunopress.it\\\/2009\\\/07\\\/17\\\/palainfiniti-sede-della-manifestazione-cortina-incontra-il-prestigioso-marchio-nipponico-infiniti-e-il-nuovo-partner-di-cortina-per-lestate-2009\\\/\"},\"author\":{\"name\":\"redazione\",\"@id\":\"https:\\\/\\\/www.bellunopress.it\\\/#\\\/schema\\\/person\\\/79bb06722b37ece1c03d3e94beb30d73\"},\"headline\":\"PalaInfiniti sede della manifestazione Cortina InConTra. Il prestigioso marchio nipponico Infiniti \u00e8 il nuovo partner di Cortina per l&#8217;estate 2009\",\"datePublished\":\"2009-07-17T14:33:30+00:00\",\"mainEntityOfPage\":{\"@id\":\"https:\\\/\\\/www.bellunopress.it\\\/2009\\\/07\\\/17\\\/palainfiniti-sede-della-manifestazione-cortina-incontra-il-prestigioso-marchio-nipponico-infiniti-e-il-nuovo-partner-di-cortina-per-lestate-2009\\\/\"},\"wordCount\":241,\"publisher\":{\"@id\":\"https:\\\/\\\/www.bellunopress.it\\\/#organization\"},\"keywords\":[\"Dolomiti\"],\"articleSection\":[\"Arte, Cultura, Spettacoli, Scienza\",\"Pausa Caff\u00e8\"],\"inLanguage\":\"fr-FR\"},{\"@type\":\"WebPage\",\"@id\":\"https:\\\/\\\/www.bellunopress.it\\\/2009\\\/07\\\/17\\\/palainfiniti-sede-della-manifestazione-cortina-incontra-il-prestigioso-marchio-nipponico-infiniti-e-il-nuovo-partner-di-cortina-per-lestate-2009\\\/\",\"url\":\"https:\\\/\\\/www.bellunopress.it\\\/2009\\\/07\\\/17\\\/palainfiniti-sede-della-manifestazione-cortina-incontra-il-prestigioso-marchio-nipponico-infiniti-e-il-nuovo-partner-di-cortina-per-lestate-2009\\\/\",\"name\":\"PalaInfiniti sede della manifestazione Cortina InConTra. Il prestigioso marchio nipponico Infiniti \u00e8 il nuovo partner di Cortina per l'estate 2009 - Bellunopress - Dolomiti\",\"isPartOf\":{\"@id\":\"https:\\\/\\\/www.bellunopress.it\\\/#website\"},\"datePublished\":\"2009-07-17T14:33:30+00:00\",\"breadcrumb\":{\"@id\":\"https:\\\/\\\/www.bellunopress.it\\\/2009\\\/07\\\/17\\\/palainfiniti-sede-della-manifestazione-cortina-incontra-il-prestigioso-marchio-nipponico-infiniti-e-il-nuovo-partner-di-cortina-per-lestate-2009\\\/#breadcrumb\"},\"inLanguage\":\"fr-FR\",\"potentialAction\":[{\"@type\":\"ReadAction\",\"target\":[\"https:\\\/\\\/www.bellunopress.it\\\/2009\\\/07\\\/17\\\/palainfiniti-sede-della-manifestazione-cortina-incontra-il-prestigioso-marchio-nipponico-infiniti-e-il-nuovo-partner-di-cortina-per-lestate-2009\\\/\"]}]},{\"@type\":\"BreadcrumbList\",\"@id\":\"https:\\\/\\\/www.bellunopress.it\\\/2009\\\/07\\\/17\\\/palainfiniti-sede-della-manifestazione-cortina-incontra-il-prestigioso-marchio-nipponico-infiniti-e-il-nuovo-partner-di-cortina-per-lestate-2009\\\/#breadcrumb\",\"itemListElement\":[{\"@type\":\"ListItem\",\"position\":1,\"name\":\"Home\",\"item\":\"https:\\\/\\\/www.bellunopress.it\\\/\"},{\"@type\":\"ListItem\",\"position\":2,\"name\":\"PalaInfiniti sede della manifestazione Cortina InConTra. Il prestigioso marchio nipponico Infiniti \u00e8 il nuovo partner di Cortina per l&#8217;estate 2009\"}]},{\"@type\":\"WebSite\",\"@id\":\"https:\\\/\\\/www.bellunopress.it\\\/#website\",\"url\":\"https:\\\/\\\/www.bellunopress.it\\\/\",\"name\":\"Bellunopress - Dolomiti\",\"description\":\"e-mail: redazione@bellunopress.it\",\"publisher\":{\"@id\":\"https:\\\/\\\/www.bellunopress.it\\\/#organization\"},\"potentialAction\":[{\"@type\":\"SearchAction\",\"target\":{\"@type\":\"EntryPoint\",\"urlTemplate\":\"https:\\\/\\\/www.bellunopress.it\\\/?s={search_term_string}\"},\"query-input\":{\"@type\":\"PropertyValueSpecification\",\"valueRequired\":true,\"valueName\":\"search_term_string\"}}],\"inLanguage\":\"fr-FR\"},{\"@type\":\"Organization\",\"@id\":\"https:\\\/\\\/www.bellunopress.it\\\/#organization\",\"name\":\"Bellunopress\",\"url\":\"https:\\\/\\\/www.bellunopress.it\\\/\",\"logo\":{\"@type\":\"ImageObject\",\"inLanguage\":\"fr-FR\",\"@id\":\"https:\\\/\\\/www.bellunopress.it\\\/#\\\/schema\\\/logo\\\/image\\\/\",\"url\":\"https:\\\/\\\/www.bellunopress.it\\\/wp-content\\\/uploads\\\/2011\\\/05\\\/cropped-logo-bellunopress-.jpg\",\"contentUrl\":\"https:\\\/\\\/www.bellunopress.it\\\/wp-content\\\/uploads\\\/2011\\\/05\\\/cropped-logo-bellunopress-.jpg\",\"width\":512,\"height\":512,\"caption\":\"Bellunopress\"},\"image\":{\"@id\":\"https:\\\/\\\/www.bellunopress.it\\\/#\\\/schema\\\/logo\\\/image\\\/\"},\"sameAs\":[\"https:\\\/\\\/www.facebook.com\\\/profile.php?id=100008943462799\",\"https:\\\/\\\/x.com\\\/bellunopress\",\"https:\\\/\\\/www.linkedin.com\\\/hp\\\/?dnr=JBzUWaJfMUw8vbXJJ2tVW5-I3jZKvC4wsoxE&amp;amp;amp;amp;amp;amp;trk=nav_responsive_tab_home\",\"https:\\\/\\\/www.youtube.com\\\/channel\\\/UCxL0wu1uN0_3_7hGG0306cw\"]},{\"@type\":\"Person\",\"@id\":\"https:\\\/\\\/www.bellunopress.it\\\/#\\\/schema\\\/person\\\/79bb06722b37ece1c03d3e94beb30d73\",\"name\":\"redazione\",\"image\":{\"@type\":\"ImageObject\",\"inLanguage\":\"fr-FR\",\"@id\":\"https:\\\/\\\/secure.gravatar.com\\\/avatar\\\/37d968a2e67a6fd04c169c4bdef102d0bc5d31b2546345219e348575eb80e9a0?s=96&d=mm&r=g\",\"url\":\"https:\\\/\\\/secure.gravatar.com\\\/avatar\\\/37d968a2e67a6fd04c169c4bdef102d0bc5d31b2546345219e348575eb80e9a0?s=96&d=mm&r=g\",\"contentUrl\":\"https:\\\/\\\/secure.gravatar.com\\\/avatar\\\/37d968a2e67a6fd04c169c4bdef102d0bc5d31b2546345219e348575eb80e9a0?s=96&d=mm&r=g\",\"caption\":\"redazione\"},\"sameAs\":[\"http:\\\/\\\/www.bellunopress.it\",\"https:\\\/\\\/x.com\\\/bellunopress\"],\"url\":\"https:\\\/\\\/www.bellunopress.it\\\/fr\\\/author\\\/redazione\\\/\"}]}<\/script>\n<!-- \/ Yoast SEO plugin. -->","yoast_head_json":{"title":"PalaInfiniti sede della manifestazione Cortina InConTra. Il prestigioso marchio nipponico Infiniti \u00e8 il nuovo partner di Cortina per l'estate 2009 - Bellunopress - Dolomiti","robots":{"index":"index","follow":"follow","max-snippet":"max-snippet:-1","max-image-preview":"max-image-preview:large","max-video-preview":"max-video-preview:-1"},"canonical":"https:\/\/www.bellunopress.it\/fr\/2009\/07\/17\/palainfiniti-sede-della-manifestazione-cortina-incontra-il-prestigioso-marchio-nipponico-infiniti-e-il-nuovo-partner-di-cortina-per-lestate-2009\/","og_locale":"fr_FR","og_type":"article","og_title":"PalaInfiniti sede della manifestazione Cortina InConTra. Il prestigioso marchio nipponico Infiniti \u00e8 il nuovo partner di Cortina per l'estate 2009 - Bellunopress - Dolomiti","og_description":"&#8220;Infiniti&#8221;, il marchio di lusso della casa automobilistica giapponese Nissan Motor Co. Ltd. sar\u00e0 tra i supporter dell\u2019estate cortinese attraverso il &#8220;PalaInfiniti&#8221;, sede della manifestazione \u201cCortina InConTra\u201d sul cui palco saliranno personalit\u00e0 del mondo della politica, della cultura e dello spettacolo. I lavori di allestimento del Pala Infiniti sono in fase di ultimazione a Cortina [&hellip;]","og_url":"https:\/\/www.bellunopress.it\/fr\/2009\/07\/17\/palainfiniti-sede-della-manifestazione-cortina-incontra-il-prestigioso-marchio-nipponico-infiniti-e-il-nuovo-partner-di-cortina-per-lestate-2009\/","og_site_name":"Bellunopress - Dolomiti","article_publisher":"https:\/\/www.facebook.com\/profile.php?id=100008943462799","article_published_time":"2009-07-17T14:33:30+00:00","og_image":[{"url":"http:\/\/www.bellunopress.it\/wp-content\/uploads\/2012\/07\/logo-bellunopress-250x250-2012.jpg","type":"","width":"","height":""}],"author":"redazione","twitter_card":"summary_large_image","twitter_creator":"@bellunopress","twitter_site":"@bellunopress","twitter_misc":{"\u00c9crit par":"redazione","Dur\u00e9e de lecture estim\u00e9e":"1 minute"},"schema":{"@context":"https:\/\/schema.org","@graph":[{"@type":"Article","@id":"https:\/\/www.bellunopress.it\/2009\/07\/17\/palainfiniti-sede-della-manifestazione-cortina-incontra-il-prestigioso-marchio-nipponico-infiniti-e-il-nuovo-partner-di-cortina-per-lestate-2009\/#article","isPartOf":{"@id":"https:\/\/www.bellunopress.it\/2009\/07\/17\/palainfiniti-sede-della-manifestazione-cortina-incontra-il-prestigioso-marchio-nipponico-infiniti-e-il-nuovo-partner-di-cortina-per-lestate-2009\/"},"author":{"name":"redazione","@id":"https:\/\/www.bellunopress.it\/#\/schema\/person\/79bb06722b37ece1c03d3e94beb30d73"},"headline":"PalaInfiniti sede della manifestazione Cortina InConTra. Il prestigioso marchio nipponico Infiniti \u00e8 il nuovo partner di Cortina per l&#8217;estate 2009","datePublished":"2009-07-17T14:33:30+00:00","mainEntityOfPage":{"@id":"https:\/\/www.bellunopress.it\/2009\/07\/17\/palainfiniti-sede-della-manifestazione-cortina-incontra-il-prestigioso-marchio-nipponico-infiniti-e-il-nuovo-partner-di-cortina-per-lestate-2009\/"},"wordCount":241,"publisher":{"@id":"https:\/\/www.bellunopress.it\/#organization"},"keywords":["Dolomiti"],"articleSection":["Arte, Cultura, Spettacoli, Scienza","Pausa Caff\u00e8"],"inLanguage":"fr-FR"},{"@type":"WebPage","@id":"https:\/\/www.bellunopress.it\/2009\/07\/17\/palainfiniti-sede-della-manifestazione-cortina-incontra-il-prestigioso-marchio-nipponico-infiniti-e-il-nuovo-partner-di-cortina-per-lestate-2009\/","url":"https:\/\/www.bellunopress.it\/2009\/07\/17\/palainfiniti-sede-della-manifestazione-cortina-incontra-il-prestigioso-marchio-nipponico-infiniti-e-il-nuovo-partner-di-cortina-per-lestate-2009\/","name":"PalaInfiniti sede della manifestazione Cortina InConTra. Il prestigioso marchio nipponico Infiniti \u00e8 il nuovo partner di Cortina per l'estate 2009 - Bellunopress - Dolomiti","isPartOf":{"@id":"https:\/\/www.bellunopress.it\/#website"},"datePublished":"2009-07-17T14:33:30+00:00","breadcrumb":{"@id":"https:\/\/www.bellunopress.it\/2009\/07\/17\/palainfiniti-sede-della-manifestazione-cortina-incontra-il-prestigioso-marchio-nipponico-infiniti-e-il-nuovo-partner-di-cortina-per-lestate-2009\/#breadcrumb"},"inLanguage":"fr-FR","potentialAction":[{"@type":"ReadAction","target":["https:\/\/www.bellunopress.it\/2009\/07\/17\/palainfiniti-sede-della-manifestazione-cortina-incontra-il-prestigioso-marchio-nipponico-infiniti-e-il-nuovo-partner-di-cortina-per-lestate-2009\/"]}]},{"@type":"BreadcrumbList","@id":"https:\/\/www.bellunopress.it\/2009\/07\/17\/palainfiniti-sede-della-manifestazione-cortina-incontra-il-prestigioso-marchio-nipponico-infiniti-e-il-nuovo-partner-di-cortina-per-lestate-2009\/#breadcrumb","itemListElement":[{"@type":"ListItem","position":1,"name":"Home","item":"https:\/\/www.bellunopress.it\/"},{"@type":"ListItem","position":2,"name":"PalaInfiniti sede della manifestazione Cortina InConTra. Il prestigioso marchio nipponico Infiniti \u00e8 il nuovo partner di Cortina per l&#8217;estate 2009"}]},{"@type":"WebSite","@id":"https:\/\/www.bellunopress.it\/#website","url":"https:\/\/www.bellunopress.it\/","name":"Bellunopress - Dolomiti","description":"e-mail: redazione@bellunopress.it","publisher":{"@id":"https:\/\/www.bellunopress.it\/#organization"},"potentialAction":[{"@type":"SearchAction","target":{"@type":"EntryPoint","urlTemplate":"https:\/\/www.bellunopress.it\/?s={search_term_string}"},"query-input":{"@type":"PropertyValueSpecification","valueRequired":true,"valueName":"search_term_string"}}],"inLanguage":"fr-FR"},{"@type":"Organization","@id":"https:\/\/www.bellunopress.it\/#organization","name":"Bellunopress","url":"https:\/\/www.bellunopress.it\/","logo":{"@type":"ImageObject","inLanguage":"fr-FR","@id":"https:\/\/www.bellunopress.it\/#\/schema\/logo\/image\/","url":"https:\/\/www.bellunopress.it\/wp-content\/uploads\/2011\/05\/cropped-logo-bellunopress-.jpg","contentUrl":"https:\/\/www.bellunopress.it\/wp-content\/uploads\/2011\/05\/cropped-logo-bellunopress-.jpg","width":512,"height":512,"caption":"Bellunopress"},"image":{"@id":"https:\/\/www.bellunopress.it\/#\/schema\/logo\/image\/"},"sameAs":["https:\/\/www.facebook.com\/profile.php?id=100008943462799","https:\/\/x.com\/bellunopress","https:\/\/www.linkedin.com\/hp\/?dnr=JBzUWaJfMUw8vbXJJ2tVW5-I3jZKvC4wsoxE&amp;amp;amp;amp;amp;amp;trk=nav_responsive_tab_home","https:\/\/www.youtube.com\/channel\/UCxL0wu1uN0_3_7hGG0306cw"]},{"@type":"Person","@id":"https:\/\/www.bellunopress.it\/#\/schema\/person\/79bb06722b37ece1c03d3e94beb30d73","name":"r\u00e9daction","image":{"@type":"ImageObject","inLanguage":"fr-FR","@id":"https:\/\/secure.gravatar.com\/avatar\/37d968a2e67a6fd04c169c4bdef102d0bc5d31b2546345219e348575eb80e9a0?s=96&d=mm&r=g","url":"https:\/\/secure.gravatar.com\/avatar\/37d968a2e67a6fd04c169c4bdef102d0bc5d31b2546345219e348575eb80e9a0?s=96&d=mm&r=g","contentUrl":"https:\/\/secure.gravatar.com\/avatar\/37d968a2e67a6fd04c169c4bdef102d0bc5d31b2546345219e348575eb80e9a0?s=96&d=mm&r=g","caption":"redazione"},"sameAs":["http:\/\/www.bellunopress.it","https:\/\/x.com\/bellunopress"],"url":"https:\/\/www.bellunopress.it\/fr\/author\/redazione\/"}]}},"_links":{"self":[{"href":"https:\/\/www.bellunopress.it\/fr\/wp-json\/wp\/v2\/posts\/6065","targetHints":{"allow":["GET"]}}],"collection":[{"href":"https:\/\/www.bellunopress.it\/fr\/wp-json\/wp\/v2\/posts"}],"about":[{"href":"https:\/\/www.bellunopress.it\/fr\/wp-json\/wp\/v2\/types\/post"}],"author":[{"embeddable":true,"href":"https:\/\/www.bellunopress.it\/fr\/wp-json\/wp\/v2\/users\/2"}],"replies":[{"embeddable":true,"href":"https:\/\/www.bellunopress.it\/fr\/wp-json\/wp\/v2\/comments?post=6065"}],"version-history":[{"count":1,"href":"https:\/\/www.bellunopress.it\/fr\/wp-json\/wp\/v2\/posts\/6065\/revisions"}],"predecessor-version":[{"id":6066,"href":"https:\/\/www.bellunopress.it\/fr\/wp-json\/wp\/v2\/posts\/6065\/revisions\/6066"}],"wp:attachment":[{"href":"https:\/\/www.bellunopress.it\/fr\/wp-json\/wp\/v2\/media?parent=6065"}],"wp:term":[{"taxonomy":"category","embeddable":true,"href":"https:\/\/www.bellunopress.it\/fr\/wp-json\/wp\/v2\/categories?post=6065"},{"taxonomy":"post_tag","embeddable":true,"href":"https:\/\/www.bellunopress.it\/fr\/wp-json\/wp\/v2\/tags?post=6065"}],"curies":[{"name":"wp","href":"https:\/\/api.w.org\/{rel}","templated":true}]}}