{"id":6050,"date":"2009-07-17T09:57:01","date_gmt":"2009-07-17T08:57:01","guid":{"rendered":"http:\/\/www.bellunopress.it\/?p=6050"},"modified":"2009-07-17T09:57:01","modified_gmt":"2009-07-17T08:57:01","slug":"70mila-euro-dalla-regione-per-laccoglienza-di-emigrati-bellunesi-e-loro-discendenti","status":"publish","type":"post","link":"https:\/\/www.bellunopress.it\/fr\/2009\/07\/17\/70mila-euro-dalla-regione-per-laccoglienza-di-emigrati-bellunesi-e-loro-discendenti\/","title":{"rendered":"70mila euro dalla Regione per l&#8217;accoglienza di emigrati bellunesi e loro discendenti"},"content":{"rendered":"<p>La Giunta regionale del Veneto ha espresso voto favorevole alle proposte presentate dall\u2019assessore ai Flussi migratori, Oscar De Bona, per l\u2019accoglienza di emigrati di origine bellunese e di loro discendenti.\u00a0 \u00abSi tratta di uno specifico provvedimento \u2013 illustra De Bona &#8211; finalizzato a sostegni economici per progetti di formazione e di soggiorno per giovani oriundi. Esso rientra nel programma pi\u00f9 generale degli interventi regionali per appoggiare iniziative promosse dalle associazioni, dagli enti locali e da istituzioni\u00a0 che abbiano carattere culturale, formativo, di scambio per giovani di origine veneta e di ospitalit\u00e0 per i nostri corregionali nel mondo e loro discendenti\u00bb. Il governo del Veneto ha quindi trasferito i seguenti finanziamenti ad enti pubblici e strutture associative propositori di progetti. All\u2019associazione Bellunesi nel mondo, sempre molto attiva in questo ambito, vanno 30 mila euro per un corso di formazione nel settore turistico alberghiero destinato a 10 giovani oriundi residenti in America Latina. Il corso, della durata di\u00a0 7 settimane, per un totale di 240 di lezione e 120 di stage aziendale, \u00e8 realizzato in collaborazione con Enaip Veneto. Alla stessa associazione guidata da Gioachino Bratti vengono trasferiti 18.800 euro per uno scambio giovanile con soggiorno di 15 giorni rivolto a 10 ragazzi residenti in Canada. Altri 25 mila euro sono riservati invece a 15 oriundi ultrasessantenni residenti in Brasile per una loro permanenza in Veneto di 15 giorni. Il Comune di Pedavena \u00e8 destinatario di un contributo di 7 mila euro per l\u2019ospitalit\u00e0 di 12 giovani di origine locale provenienti dallo stato del Rio Grande do Sul in Brasile.<\/p>","protected":false},"excerpt":{"rendered":"<p>La Giunta regionale del Veneto ha espresso voto favorevole alle proposte presentate dall\u2019assessore ai Flussi migratori, Oscar De Bona, per l\u2019accoglienza di emigrati di origine bellunese e di loro discendenti.\u00a0 \u00abSi tratta di uno specifico provvedimento \u2013 illustra De Bona &#8211; finalizzato a sostegni economici per progetti di formazione e di soggiorno per giovani oriundi. [&hellip;]<\/p>\n","protected":false},"author":2,"featured_media":0,"comment_status":"closed","ping_status":"open","sticky":false,"template":"","format":"standard","meta":{"footnotes":""},"categories":[5,26],"tags":[],"class_list":["post-6050","post","type-post","status-publish","format-standard","category-cronaca","category-prima-pagina"],"yoast_head":"<!-- This site is optimized with the Yoast SEO plugin v28.4 - https:\/\/yoast.com\/product\/yoast-seo-wordpress\/ -->\n<title>70mila euro dalla Regione per l&#039;accoglienza di emigrati bellunesi e loro discendenti  - Bellunopress - Dolomiti<\/title>\n<meta name=\"robots\" content=\"index, follow, max-snippet:-1, max-image-preview:large, max-video-preview:-1\" \/>\n<link rel=\"canonical\" href=\"https:\/\/www.bellunopress.it\/fr\/2009\/07\/17\/70mila-euro-dalla-regione-per-laccoglienza-di-emigrati-bellunesi-e-loro-discendenti\/\" \/>\n<meta property=\"og:locale\" content=\"fr_FR\" \/>\n<meta property=\"og:type\" content=\"article\" \/>\n<meta property=\"og:title\" content=\"70mila euro dalla Regione per l&#039;accoglienza di emigrati bellunesi e loro discendenti  - Bellunopress - Dolomiti\" \/>\n<meta property=\"og:description\" content=\"La Giunta regionale del Veneto ha espresso voto favorevole alle proposte presentate dall\u2019assessore ai Flussi migratori, Oscar De Bona, per l\u2019accoglienza di emigrati di origine bellunese e di loro discendenti.\u00a0 \u00abSi tratta di uno specifico provvedimento \u2013 illustra De Bona &#8211; finalizzato a sostegni economici per progetti di formazione e di soggiorno per giovani oriundi. [&hellip;]\" \/>\n<meta property=\"og:url\" content=\"https:\/\/www.bellunopress.it\/fr\/2009\/07\/17\/70mila-euro-dalla-regione-per-laccoglienza-di-emigrati-bellunesi-e-loro-discendenti\/\" \/>\n<meta property=\"og:site_name\" content=\"Bellunopress - Dolomiti\" \/>\n<meta property=\"article:publisher\" content=\"https:\/\/www.facebook.com\/profile.php?id=100008943462799\" \/>\n<meta property=\"article:published_time\" content=\"2009-07-17T08:57:01+00:00\" \/>\n<meta property=\"og:image\" content=\"http:\/\/www.bellunopress.it\/wp-content\/uploads\/2012\/07\/logo-bellunopress-250x250-2012.jpg\" \/>\n<meta name=\"author\" content=\"redazione\" \/>\n<meta name=\"twitter:card\" content=\"summary_large_image\" \/>\n<meta name=\"twitter:creator\" content=\"@bellunopress\" \/>\n<meta name=\"twitter:site\" content=\"@bellunopress\" \/>\n<meta name=\"twitter:label1\" content=\"\u00c9crit par\" \/>\n\t<meta name=\"twitter:data1\" content=\"redazione\" \/>\n\t<meta name=\"twitter:label2\" content=\"Dur\u00e9e de lecture estim\u00e9e\" \/>\n\t<meta name=\"twitter:data2\" content=\"1 minute\" \/>\n<script type=\"application\/ld+json\" class=\"yoast-schema-graph\">{\"@context\":\"https:\\\/\\\/schema.org\",\"@graph\":[{\"@type\":\"Article\",\"@id\":\"https:\\\/\\\/www.bellunopress.it\\\/2009\\\/07\\\/17\\\/70mila-euro-dalla-regione-per-laccoglienza-di-emigrati-bellunesi-e-loro-discendenti\\\/#article\",\"isPartOf\":{\"@id\":\"https:\\\/\\\/www.bellunopress.it\\\/2009\\\/07\\\/17\\\/70mila-euro-dalla-regione-per-laccoglienza-di-emigrati-bellunesi-e-loro-discendenti\\\/\"},\"author\":{\"name\":\"redazione\",\"@id\":\"https:\\\/\\\/www.bellunopress.it\\\/#\\\/schema\\\/person\\\/79bb06722b37ece1c03d3e94beb30d73\"},\"headline\":\"70mila euro dalla Regione per l&#8217;accoglienza di emigrati bellunesi e loro discendenti\",\"datePublished\":\"2009-07-17T08:57:01+00:00\",\"mainEntityOfPage\":{\"@id\":\"https:\\\/\\\/www.bellunopress.it\\\/2009\\\/07\\\/17\\\/70mila-euro-dalla-regione-per-laccoglienza-di-emigrati-bellunesi-e-loro-discendenti\\\/\"},\"wordCount\":259,\"publisher\":{\"@id\":\"https:\\\/\\\/www.bellunopress.it\\\/#organization\"},\"articleSection\":[\"Cronaca\\\/Politica\",\"Prima Pagina\"],\"inLanguage\":\"fr-FR\"},{\"@type\":\"WebPage\",\"@id\":\"https:\\\/\\\/www.bellunopress.it\\\/2009\\\/07\\\/17\\\/70mila-euro-dalla-regione-per-laccoglienza-di-emigrati-bellunesi-e-loro-discendenti\\\/\",\"url\":\"https:\\\/\\\/www.bellunopress.it\\\/2009\\\/07\\\/17\\\/70mila-euro-dalla-regione-per-laccoglienza-di-emigrati-bellunesi-e-loro-discendenti\\\/\",\"name\":\"70mila euro dalla Regione per l'accoglienza di emigrati bellunesi e loro discendenti - Bellunopress - Dolomiti\",\"isPartOf\":{\"@id\":\"https:\\\/\\\/www.bellunopress.it\\\/#website\"},\"datePublished\":\"2009-07-17T08:57:01+00:00\",\"breadcrumb\":{\"@id\":\"https:\\\/\\\/www.bellunopress.it\\\/2009\\\/07\\\/17\\\/70mila-euro-dalla-regione-per-laccoglienza-di-emigrati-bellunesi-e-loro-discendenti\\\/#breadcrumb\"},\"inLanguage\":\"fr-FR\",\"potentialAction\":[{\"@type\":\"ReadAction\",\"target\":[\"https:\\\/\\\/www.bellunopress.it\\\/2009\\\/07\\\/17\\\/70mila-euro-dalla-regione-per-laccoglienza-di-emigrati-bellunesi-e-loro-discendenti\\\/\"]}]},{\"@type\":\"BreadcrumbList\",\"@id\":\"https:\\\/\\\/www.bellunopress.it\\\/2009\\\/07\\\/17\\\/70mila-euro-dalla-regione-per-laccoglienza-di-emigrati-bellunesi-e-loro-discendenti\\\/#breadcrumb\",\"itemListElement\":[{\"@type\":\"ListItem\",\"position\":1,\"name\":\"Home\",\"item\":\"https:\\\/\\\/www.bellunopress.it\\\/\"},{\"@type\":\"ListItem\",\"position\":2,\"name\":\"70mila euro dalla Regione per l&#8217;accoglienza di emigrati bellunesi e loro discendenti\"}]},{\"@type\":\"WebSite\",\"@id\":\"https:\\\/\\\/www.bellunopress.it\\\/#website\",\"url\":\"https:\\\/\\\/www.bellunopress.it\\\/\",\"name\":\"Bellunopress - Dolomiti\",\"description\":\"e-mail: redazione@bellunopress.it\",\"publisher\":{\"@id\":\"https:\\\/\\\/www.bellunopress.it\\\/#organization\"},\"potentialAction\":[{\"@type\":\"SearchAction\",\"target\":{\"@type\":\"EntryPoint\",\"urlTemplate\":\"https:\\\/\\\/www.bellunopress.it\\\/?s={search_term_string}\"},\"query-input\":{\"@type\":\"PropertyValueSpecification\",\"valueRequired\":true,\"valueName\":\"search_term_string\"}}],\"inLanguage\":\"fr-FR\"},{\"@type\":\"Organization\",\"@id\":\"https:\\\/\\\/www.bellunopress.it\\\/#organization\",\"name\":\"Bellunopress\",\"url\":\"https:\\\/\\\/www.bellunopress.it\\\/\",\"logo\":{\"@type\":\"ImageObject\",\"inLanguage\":\"fr-FR\",\"@id\":\"https:\\\/\\\/www.bellunopress.it\\\/#\\\/schema\\\/logo\\\/image\\\/\",\"url\":\"https:\\\/\\\/www.bellunopress.it\\\/wp-content\\\/uploads\\\/2011\\\/05\\\/cropped-logo-bellunopress-.jpg\",\"contentUrl\":\"https:\\\/\\\/www.bellunopress.it\\\/wp-content\\\/uploads\\\/2011\\\/05\\\/cropped-logo-bellunopress-.jpg\",\"width\":512,\"height\":512,\"caption\":\"Bellunopress\"},\"image\":{\"@id\":\"https:\\\/\\\/www.bellunopress.it\\\/#\\\/schema\\\/logo\\\/image\\\/\"},\"sameAs\":[\"https:\\\/\\\/www.facebook.com\\\/profile.php?id=100008943462799\",\"https:\\\/\\\/x.com\\\/bellunopress\",\"https:\\\/\\\/www.linkedin.com\\\/hp\\\/?dnr=JBzUWaJfMUw8vbXJJ2tVW5-I3jZKvC4wsoxE&amp;amp;amp;amp;amp;amp;trk=nav_responsive_tab_home\",\"https:\\\/\\\/www.youtube.com\\\/channel\\\/UCxL0wu1uN0_3_7hGG0306cw\"]},{\"@type\":\"Person\",\"@id\":\"https:\\\/\\\/www.bellunopress.it\\\/#\\\/schema\\\/person\\\/79bb06722b37ece1c03d3e94beb30d73\",\"name\":\"redazione\",\"image\":{\"@type\":\"ImageObject\",\"inLanguage\":\"fr-FR\",\"@id\":\"https:\\\/\\\/secure.gravatar.com\\\/avatar\\\/37d968a2e67a6fd04c169c4bdef102d0bc5d31b2546345219e348575eb80e9a0?s=96&d=mm&r=g\",\"url\":\"https:\\\/\\\/secure.gravatar.com\\\/avatar\\\/37d968a2e67a6fd04c169c4bdef102d0bc5d31b2546345219e348575eb80e9a0?s=96&d=mm&r=g\",\"contentUrl\":\"https:\\\/\\\/secure.gravatar.com\\\/avatar\\\/37d968a2e67a6fd04c169c4bdef102d0bc5d31b2546345219e348575eb80e9a0?s=96&d=mm&r=g\",\"caption\":\"redazione\"},\"sameAs\":[\"http:\\\/\\\/www.bellunopress.it\",\"https:\\\/\\\/x.com\\\/bellunopress\"],\"url\":\"https:\\\/\\\/www.bellunopress.it\\\/fr\\\/author\\\/redazione\\\/\"}]}<\/script>\n<!-- \/ Yoast SEO plugin. -->","yoast_head_json":{"title":"70mila euro dalla Regione per l'accoglienza di emigrati bellunesi e loro discendenti  - Bellunopress - Dolomiti","robots":{"index":"index","follow":"follow","max-snippet":"max-snippet:-1","max-image-preview":"max-image-preview:large","max-video-preview":"max-video-preview:-1"},"canonical":"https:\/\/www.bellunopress.it\/fr\/2009\/07\/17\/70mila-euro-dalla-regione-per-laccoglienza-di-emigrati-bellunesi-e-loro-discendenti\/","og_locale":"fr_FR","og_type":"article","og_title":"70mila euro dalla Regione per l'accoglienza di emigrati bellunesi e loro discendenti  - Bellunopress - Dolomiti","og_description":"La Giunta regionale del Veneto ha espresso voto favorevole alle proposte presentate dall\u2019assessore ai Flussi migratori, Oscar De Bona, per l\u2019accoglienza di emigrati di origine bellunese e di loro discendenti.\u00a0 \u00abSi tratta di uno specifico provvedimento \u2013 illustra De Bona &#8211; finalizzato a sostegni economici per progetti di formazione e di soggiorno per giovani oriundi. [&hellip;]","og_url":"https:\/\/www.bellunopress.it\/fr\/2009\/07\/17\/70mila-euro-dalla-regione-per-laccoglienza-di-emigrati-bellunesi-e-loro-discendenti\/","og_site_name":"Bellunopress - Dolomiti","article_publisher":"https:\/\/www.facebook.com\/profile.php?id=100008943462799","article_published_time":"2009-07-17T08:57:01+00:00","og_image":[{"url":"http:\/\/www.bellunopress.it\/wp-content\/uploads\/2012\/07\/logo-bellunopress-250x250-2012.jpg","type":"","width":"","height":""}],"author":"redazione","twitter_card":"summary_large_image","twitter_creator":"@bellunopress","twitter_site":"@bellunopress","twitter_misc":{"\u00c9crit par":"redazione","Dur\u00e9e de lecture estim\u00e9e":"1 minute"},"schema":{"@context":"https:\/\/schema.org","@graph":[{"@type":"Article","@id":"https:\/\/www.bellunopress.it\/2009\/07\/17\/70mila-euro-dalla-regione-per-laccoglienza-di-emigrati-bellunesi-e-loro-discendenti\/#article","isPartOf":{"@id":"https:\/\/www.bellunopress.it\/2009\/07\/17\/70mila-euro-dalla-regione-per-laccoglienza-di-emigrati-bellunesi-e-loro-discendenti\/"},"author":{"name":"redazione","@id":"https:\/\/www.bellunopress.it\/#\/schema\/person\/79bb06722b37ece1c03d3e94beb30d73"},"headline":"70mila euro dalla Regione per l&#8217;accoglienza di emigrati bellunesi e loro discendenti","datePublished":"2009-07-17T08:57:01+00:00","mainEntityOfPage":{"@id":"https:\/\/www.bellunopress.it\/2009\/07\/17\/70mila-euro-dalla-regione-per-laccoglienza-di-emigrati-bellunesi-e-loro-discendenti\/"},"wordCount":259,"publisher":{"@id":"https:\/\/www.bellunopress.it\/#organization"},"articleSection":["Cronaca\/Politica","Prima Pagina"],"inLanguage":"fr-FR"},{"@type":"WebPage","@id":"https:\/\/www.bellunopress.it\/2009\/07\/17\/70mila-euro-dalla-regione-per-laccoglienza-di-emigrati-bellunesi-e-loro-discendenti\/","url":"https:\/\/www.bellunopress.it\/2009\/07\/17\/70mila-euro-dalla-regione-per-laccoglienza-di-emigrati-bellunesi-e-loro-discendenti\/","name":"70mila euro dalla Regione per l'accoglienza di emigrati bellunesi e loro discendenti - Bellunopress - Dolomiti","isPartOf":{"@id":"https:\/\/www.bellunopress.it\/#website"},"datePublished":"2009-07-17T08:57:01+00:00","breadcrumb":{"@id":"https:\/\/www.bellunopress.it\/2009\/07\/17\/70mila-euro-dalla-regione-per-laccoglienza-di-emigrati-bellunesi-e-loro-discendenti\/#breadcrumb"},"inLanguage":"fr-FR","potentialAction":[{"@type":"ReadAction","target":["https:\/\/www.bellunopress.it\/2009\/07\/17\/70mila-euro-dalla-regione-per-laccoglienza-di-emigrati-bellunesi-e-loro-discendenti\/"]}]},{"@type":"BreadcrumbList","@id":"https:\/\/www.bellunopress.it\/2009\/07\/17\/70mila-euro-dalla-regione-per-laccoglienza-di-emigrati-bellunesi-e-loro-discendenti\/#breadcrumb","itemListElement":[{"@type":"ListItem","position":1,"name":"Home","item":"https:\/\/www.bellunopress.it\/"},{"@type":"ListItem","position":2,"name":"70mila euro dalla Regione per l&#8217;accoglienza di emigrati bellunesi e loro discendenti"}]},{"@type":"WebSite","@id":"https:\/\/www.bellunopress.it\/#website","url":"https:\/\/www.bellunopress.it\/","name":"Bellunopress - Dolomiti","description":"e-mail: redazione@bellunopress.it","publisher":{"@id":"https:\/\/www.bellunopress.it\/#organization"},"potentialAction":[{"@type":"SearchAction","target":{"@type":"EntryPoint","urlTemplate":"https:\/\/www.bellunopress.it\/?s={search_term_string}"},"query-input":{"@type":"PropertyValueSpecification","valueRequired":true,"valueName":"search_term_string"}}],"inLanguage":"fr-FR"},{"@type":"Organization","@id":"https:\/\/www.bellunopress.it\/#organization","name":"Bellunopress","url":"https:\/\/www.bellunopress.it\/","logo":{"@type":"ImageObject","inLanguage":"fr-FR","@id":"https:\/\/www.bellunopress.it\/#\/schema\/logo\/image\/","url":"https:\/\/www.bellunopress.it\/wp-content\/uploads\/2011\/05\/cropped-logo-bellunopress-.jpg","contentUrl":"https:\/\/www.bellunopress.it\/wp-content\/uploads\/2011\/05\/cropped-logo-bellunopress-.jpg","width":512,"height":512,"caption":"Bellunopress"},"image":{"@id":"https:\/\/www.bellunopress.it\/#\/schema\/logo\/image\/"},"sameAs":["https:\/\/www.facebook.com\/profile.php?id=100008943462799","https:\/\/x.com\/bellunopress","https:\/\/www.linkedin.com\/hp\/?dnr=JBzUWaJfMUw8vbXJJ2tVW5-I3jZKvC4wsoxE&amp;amp;amp;amp;amp;amp;trk=nav_responsive_tab_home","https:\/\/www.youtube.com\/channel\/UCxL0wu1uN0_3_7hGG0306cw"]},{"@type":"Person","@id":"https:\/\/www.bellunopress.it\/#\/schema\/person\/79bb06722b37ece1c03d3e94beb30d73","name":"r\u00e9daction","image":{"@type":"ImageObject","inLanguage":"fr-FR","@id":"https:\/\/secure.gravatar.com\/avatar\/37d968a2e67a6fd04c169c4bdef102d0bc5d31b2546345219e348575eb80e9a0?s=96&d=mm&r=g","url":"https:\/\/secure.gravatar.com\/avatar\/37d968a2e67a6fd04c169c4bdef102d0bc5d31b2546345219e348575eb80e9a0?s=96&d=mm&r=g","contentUrl":"https:\/\/secure.gravatar.com\/avatar\/37d968a2e67a6fd04c169c4bdef102d0bc5d31b2546345219e348575eb80e9a0?s=96&d=mm&r=g","caption":"redazione"},"sameAs":["http:\/\/www.bellunopress.it","https:\/\/x.com\/bellunopress"],"url":"https:\/\/www.bellunopress.it\/fr\/author\/redazione\/"}]}},"_links":{"self":[{"href":"https:\/\/www.bellunopress.it\/fr\/wp-json\/wp\/v2\/posts\/6050","targetHints":{"allow":["GET"]}}],"collection":[{"href":"https:\/\/www.bellunopress.it\/fr\/wp-json\/wp\/v2\/posts"}],"about":[{"href":"https:\/\/www.bellunopress.it\/fr\/wp-json\/wp\/v2\/types\/post"}],"author":[{"embeddable":true,"href":"https:\/\/www.bellunopress.it\/fr\/wp-json\/wp\/v2\/users\/2"}],"replies":[{"embeddable":true,"href":"https:\/\/www.bellunopress.it\/fr\/wp-json\/wp\/v2\/comments?post=6050"}],"version-history":[{"count":1,"href":"https:\/\/www.bellunopress.it\/fr\/wp-json\/wp\/v2\/posts\/6050\/revisions"}],"predecessor-version":[{"id":6051,"href":"https:\/\/www.bellunopress.it\/fr\/wp-json\/wp\/v2\/posts\/6050\/revisions\/6051"}],"wp:attachment":[{"href":"https:\/\/www.bellunopress.it\/fr\/wp-json\/wp\/v2\/media?parent=6050"}],"wp:term":[{"taxonomy":"category","embeddable":true,"href":"https:\/\/www.bellunopress.it\/fr\/wp-json\/wp\/v2\/categories?post=6050"},{"taxonomy":"post_tag","embeddable":true,"href":"https:\/\/www.bellunopress.it\/fr\/wp-json\/wp\/v2\/tags?post=6050"}],"curies":[{"name":"wp","href":"https:\/\/api.w.org\/{rel}","templated":true}]}}