{"id":6047,"date":"2009-07-17T08:30:13","date_gmt":"2009-07-17T07:30:13","guid":{"rendered":"http:\/\/www.bellunopress.it\/?p=6047"},"modified":"2009-07-17T08:30:45","modified_gmt":"2009-07-17T07:30:45","slug":"michele-dal-farra-pd-bene-il-marciapiede-di-via-montegrappa-ora-avanti-col-col-cavalier","status":"publish","type":"post","link":"https:\/\/www.bellunopress.it\/fr\/2009\/07\/17\/michele-dal-farra-pd-bene-il-marciapiede-di-via-montegrappa-ora-avanti-col-col-cavalier\/","title":{"rendered":"Michele Dal Farra (Pd): bene il marciapiede di via Montegrappa ora avanti col Col Cavalier"},"content":{"rendered":"<p>Soddisfazione del coordinatore bellunese del Pd\u00a0 &#8220;per un&#8217; opera che i cittadini attendono da molti anni\u201d. Prima o poi i risultati arrivano. Dopo anni di richieste, interrogazioni e appelli, finalmente partono i lavori provvisori per il prolungamento del marciapiede in via Monte Grappa a Belluno.\u00a0 \u201cE&#8217; un&#8217;opera che i cittadini della zona, ma non solo, attendono da molti anni\u201d, ricorda il coordinatore cittadino del Partito Democratico, Michele Dal Farra, \u201cperch\u00e9 render\u00e0 pi\u00f9 sicura la mobilit\u00e0 di Borgo Piave e ne migliorer\u00e0 la vivibilit\u00e0. Purtroppo dovremo attendere il completamento del traforo del Col Cavalier per raggiungere l\u2019obiettivo prefissato: rendere tutta la zona di via Monte Grappa un quartiere vivibile, togliendo l\u2019asfissiante traffico di attraversamento della citt\u00e0 lungo tutta la strada\u201d. Da diversi anni, ricorda Dal Farra, \u201cci battiamo per ottenere il prolungamento del marciapiede\u201d. L&#8217;intervento era stato inserito dalla giunta De Col nel programma delle opere pubbliche comunali del 2007. Poi la nuova amministrazione comunale ha fatto slittare i lavori.<br \/>\nNon slitteranno invece i lavori per il traforo di Col Cavalier. A Veneto Strade Spa sono arrivate ben 14 offerte per l\u2019appalto dei lavori. Poich\u00e9 si tratta di un appalto integrato, spiega Dal Farra, \u201cl\u2019assegnazione potr\u00e0 avvenire in autunno e i cantieri aprire entro la fine del 2009 (massimo inizio 2010) per concludersi in 4 anni, come da crono programma comunicato a suo tempo dall\u2019amministrazione provinciale Reolon. Come si ricorder\u00e0 l\u2019opera \u00e8 finanziata per 63 milioni di euro grazie all\u2019impegno dell&#8217;ex presidente della Provincia Sergio Reolon e del suo assessore alla viabilit\u00e0, Quinto Piol. I fondi sono stati ottenuti alla fine del 2007 con un emendamento dei parlamentari veneti dell\u2019Ulivo alla finanziaria del governo Prodi. Il provvedimento ha previsto lo stanziamento di 160 milioni di euro alla Regione Veneto per la viabilit\u00e0 regionale, con il finanziamento prioritario del passante di Col Cavalier a Belluno\u201d.<\/p>","protected":false},"excerpt":{"rendered":"<p>Soddisfazione del coordinatore bellunese del Pd\u00a0 &#8220;per un&#8217; opera che i cittadini attendono da molti anni\u201d. Prima o poi i risultati arrivano. Dopo anni di richieste, interrogazioni e appelli, finalmente partono i lavori provvisori per il prolungamento del marciapiede in via Monte Grappa a Belluno.\u00a0 \u201cE&#8217; un&#8217;opera che i cittadini della zona, ma non solo, [&hellip;]<\/p>\n","protected":false},"author":2,"featured_media":0,"comment_status":"closed","ping_status":"open","sticky":false,"template":"","format":"standard","meta":{"footnotes":""},"categories":[5,26],"tags":[139],"class_list":["post-6047","post","type-post","status-publish","format-standard","category-cronaca","category-prima-pagina","tag-belluno"],"yoast_head":"<!-- This site is optimized with the Yoast SEO plugin v28.4 - https:\/\/yoast.com\/product\/yoast-seo-wordpress\/ -->\n<title>Michele Dal Farra (Pd): bene il marciapiede di via Montegrappa ora avanti col Col Cavalier - Bellunopress - Dolomiti<\/title>\n<meta name=\"robots\" content=\"index, follow, max-snippet:-1, max-image-preview:large, max-video-preview:-1\" \/>\n<link rel=\"canonical\" href=\"https:\/\/www.bellunopress.it\/fr\/2009\/07\/17\/michele-dal-farra-pd-bene-il-marciapiede-di-via-montegrappa-ora-avanti-col-col-cavalier\/\" \/>\n<meta property=\"og:locale\" content=\"fr_FR\" \/>\n<meta property=\"og:type\" content=\"article\" \/>\n<meta property=\"og:title\" content=\"Michele Dal Farra (Pd): bene il marciapiede di via Montegrappa ora avanti col Col Cavalier - Bellunopress - Dolomiti\" \/>\n<meta property=\"og:description\" content=\"Soddisfazione del coordinatore bellunese del Pd\u00a0 &#8220;per un&#8217; opera che i cittadini attendono da molti anni\u201d. Prima o poi i risultati arrivano. Dopo anni di richieste, interrogazioni e appelli, finalmente partono i lavori provvisori per il prolungamento del marciapiede in via Monte Grappa a Belluno.\u00a0 \u201cE&#8217; un&#8217;opera che i cittadini della zona, ma non solo, [&hellip;]\" \/>\n<meta property=\"og:url\" content=\"https:\/\/www.bellunopress.it\/fr\/2009\/07\/17\/michele-dal-farra-pd-bene-il-marciapiede-di-via-montegrappa-ora-avanti-col-col-cavalier\/\" \/>\n<meta property=\"og:site_name\" content=\"Bellunopress - Dolomiti\" \/>\n<meta property=\"article:publisher\" content=\"https:\/\/www.facebook.com\/profile.php?id=100008943462799\" \/>\n<meta property=\"article:published_time\" content=\"2009-07-17T07:30:13+00:00\" \/>\n<meta property=\"article:modified_time\" content=\"2009-07-17T07:30:45+00:00\" \/>\n<meta property=\"og:image\" content=\"http:\/\/www.bellunopress.it\/wp-content\/uploads\/2012\/07\/logo-bellunopress-250x250-2012.jpg\" \/>\n<meta name=\"author\" content=\"redazione\" \/>\n<meta name=\"twitter:card\" content=\"summary_large_image\" \/>\n<meta name=\"twitter:creator\" content=\"@bellunopress\" \/>\n<meta name=\"twitter:site\" content=\"@bellunopress\" \/>\n<meta name=\"twitter:label1\" content=\"\u00c9crit par\" \/>\n\t<meta name=\"twitter:data1\" content=\"redazione\" \/>\n\t<meta name=\"twitter:label2\" content=\"Dur\u00e9e de lecture estim\u00e9e\" \/>\n\t<meta name=\"twitter:data2\" content=\"2 minutes\" \/>\n<script type=\"application\/ld+json\" class=\"yoast-schema-graph\">{\"@context\":\"https:\\\/\\\/schema.org\",\"@graph\":[{\"@type\":\"Article\",\"@id\":\"https:\\\/\\\/www.bellunopress.it\\\/2009\\\/07\\\/17\\\/michele-dal-farra-pd-bene-il-marciapiede-di-via-montegrappa-ora-avanti-col-col-cavalier\\\/#article\",\"isPartOf\":{\"@id\":\"https:\\\/\\\/www.bellunopress.it\\\/2009\\\/07\\\/17\\\/michele-dal-farra-pd-bene-il-marciapiede-di-via-montegrappa-ora-avanti-col-col-cavalier\\\/\"},\"author\":{\"name\":\"redazione\",\"@id\":\"https:\\\/\\\/www.bellunopress.it\\\/#\\\/schema\\\/person\\\/79bb06722b37ece1c03d3e94beb30d73\"},\"headline\":\"Michele Dal Farra (Pd): bene il marciapiede di via Montegrappa ora avanti col Col Cavalier\",\"datePublished\":\"2009-07-17T07:30:13+00:00\",\"dateModified\":\"2009-07-17T07:30:45+00:00\",\"mainEntityOfPage\":{\"@id\":\"https:\\\/\\\/www.bellunopress.it\\\/2009\\\/07\\\/17\\\/michele-dal-farra-pd-bene-il-marciapiede-di-via-montegrappa-ora-avanti-col-col-cavalier\\\/\"},\"wordCount\":320,\"publisher\":{\"@id\":\"https:\\\/\\\/www.bellunopress.it\\\/#organization\"},\"keywords\":[\"Belluno\"],\"articleSection\":[\"Cronaca\\\/Politica\",\"Prima Pagina\"],\"inLanguage\":\"fr-FR\"},{\"@type\":\"WebPage\",\"@id\":\"https:\\\/\\\/www.bellunopress.it\\\/2009\\\/07\\\/17\\\/michele-dal-farra-pd-bene-il-marciapiede-di-via-montegrappa-ora-avanti-col-col-cavalier\\\/\",\"url\":\"https:\\\/\\\/www.bellunopress.it\\\/2009\\\/07\\\/17\\\/michele-dal-farra-pd-bene-il-marciapiede-di-via-montegrappa-ora-avanti-col-col-cavalier\\\/\",\"name\":\"Michele Dal Farra (Pd): bene il marciapiede di via Montegrappa ora avanti col Col Cavalier - Bellunopress - Dolomiti\",\"isPartOf\":{\"@id\":\"https:\\\/\\\/www.bellunopress.it\\\/#website\"},\"datePublished\":\"2009-07-17T07:30:13+00:00\",\"dateModified\":\"2009-07-17T07:30:45+00:00\",\"breadcrumb\":{\"@id\":\"https:\\\/\\\/www.bellunopress.it\\\/2009\\\/07\\\/17\\\/michele-dal-farra-pd-bene-il-marciapiede-di-via-montegrappa-ora-avanti-col-col-cavalier\\\/#breadcrumb\"},\"inLanguage\":\"fr-FR\",\"potentialAction\":[{\"@type\":\"ReadAction\",\"target\":[\"https:\\\/\\\/www.bellunopress.it\\\/2009\\\/07\\\/17\\\/michele-dal-farra-pd-bene-il-marciapiede-di-via-montegrappa-ora-avanti-col-col-cavalier\\\/\"]}]},{\"@type\":\"BreadcrumbList\",\"@id\":\"https:\\\/\\\/www.bellunopress.it\\\/2009\\\/07\\\/17\\\/michele-dal-farra-pd-bene-il-marciapiede-di-via-montegrappa-ora-avanti-col-col-cavalier\\\/#breadcrumb\",\"itemListElement\":[{\"@type\":\"ListItem\",\"position\":1,\"name\":\"Home\",\"item\":\"https:\\\/\\\/www.bellunopress.it\\\/\"},{\"@type\":\"ListItem\",\"position\":2,\"name\":\"Michele Dal Farra (Pd): bene il marciapiede di via Montegrappa ora avanti col Col Cavalier\"}]},{\"@type\":\"WebSite\",\"@id\":\"https:\\\/\\\/www.bellunopress.it\\\/#website\",\"url\":\"https:\\\/\\\/www.bellunopress.it\\\/\",\"name\":\"Bellunopress - Dolomiti\",\"description\":\"e-mail: redazione@bellunopress.it\",\"publisher\":{\"@id\":\"https:\\\/\\\/www.bellunopress.it\\\/#organization\"},\"potentialAction\":[{\"@type\":\"SearchAction\",\"target\":{\"@type\":\"EntryPoint\",\"urlTemplate\":\"https:\\\/\\\/www.bellunopress.it\\\/?s={search_term_string}\"},\"query-input\":{\"@type\":\"PropertyValueSpecification\",\"valueRequired\":true,\"valueName\":\"search_term_string\"}}],\"inLanguage\":\"fr-FR\"},{\"@type\":\"Organization\",\"@id\":\"https:\\\/\\\/www.bellunopress.it\\\/#organization\",\"name\":\"Bellunopress\",\"url\":\"https:\\\/\\\/www.bellunopress.it\\\/\",\"logo\":{\"@type\":\"ImageObject\",\"inLanguage\":\"fr-FR\",\"@id\":\"https:\\\/\\\/www.bellunopress.it\\\/#\\\/schema\\\/logo\\\/image\\\/\",\"url\":\"https:\\\/\\\/www.bellunopress.it\\\/wp-content\\\/uploads\\\/2011\\\/05\\\/cropped-logo-bellunopress-.jpg\",\"contentUrl\":\"https:\\\/\\\/www.bellunopress.it\\\/wp-content\\\/uploads\\\/2011\\\/05\\\/cropped-logo-bellunopress-.jpg\",\"width\":512,\"height\":512,\"caption\":\"Bellunopress\"},\"image\":{\"@id\":\"https:\\\/\\\/www.bellunopress.it\\\/#\\\/schema\\\/logo\\\/image\\\/\"},\"sameAs\":[\"https:\\\/\\\/www.facebook.com\\\/profile.php?id=100008943462799\",\"https:\\\/\\\/x.com\\\/bellunopress\",\"https:\\\/\\\/www.linkedin.com\\\/hp\\\/?dnr=JBzUWaJfMUw8vbXJJ2tVW5-I3jZKvC4wsoxE&amp;amp;amp;amp;amp;amp;trk=nav_responsive_tab_home\",\"https:\\\/\\\/www.youtube.com\\\/channel\\\/UCxL0wu1uN0_3_7hGG0306cw\"]},{\"@type\":\"Person\",\"@id\":\"https:\\\/\\\/www.bellunopress.it\\\/#\\\/schema\\\/person\\\/79bb06722b37ece1c03d3e94beb30d73\",\"name\":\"redazione\",\"image\":{\"@type\":\"ImageObject\",\"inLanguage\":\"fr-FR\",\"@id\":\"https:\\\/\\\/secure.gravatar.com\\\/avatar\\\/37d968a2e67a6fd04c169c4bdef102d0bc5d31b2546345219e348575eb80e9a0?s=96&d=mm&r=g\",\"url\":\"https:\\\/\\\/secure.gravatar.com\\\/avatar\\\/37d968a2e67a6fd04c169c4bdef102d0bc5d31b2546345219e348575eb80e9a0?s=96&d=mm&r=g\",\"contentUrl\":\"https:\\\/\\\/secure.gravatar.com\\\/avatar\\\/37d968a2e67a6fd04c169c4bdef102d0bc5d31b2546345219e348575eb80e9a0?s=96&d=mm&r=g\",\"caption\":\"redazione\"},\"sameAs\":[\"http:\\\/\\\/www.bellunopress.it\",\"https:\\\/\\\/x.com\\\/bellunopress\"],\"url\":\"https:\\\/\\\/www.bellunopress.it\\\/fr\\\/author\\\/redazione\\\/\"}]}<\/script>\n<!-- \/ Yoast SEO plugin. -->","yoast_head_json":{"title":"Michele Dal Farra (Pd): bene il marciapiede di via Montegrappa ora avanti col Col Cavalier - Bellunopress - Dolomiti","robots":{"index":"index","follow":"follow","max-snippet":"max-snippet:-1","max-image-preview":"max-image-preview:large","max-video-preview":"max-video-preview:-1"},"canonical":"https:\/\/www.bellunopress.it\/fr\/2009\/07\/17\/michele-dal-farra-pd-bene-il-marciapiede-di-via-montegrappa-ora-avanti-col-col-cavalier\/","og_locale":"fr_FR","og_type":"article","og_title":"Michele Dal Farra (Pd): bene il marciapiede di via Montegrappa ora avanti col Col Cavalier - Bellunopress - Dolomiti","og_description":"Soddisfazione del coordinatore bellunese del Pd\u00a0 &#8220;per un&#8217; opera che i cittadini attendono da molti anni\u201d. Prima o poi i risultati arrivano. Dopo anni di richieste, interrogazioni e appelli, finalmente partono i lavori provvisori per il prolungamento del marciapiede in via Monte Grappa a Belluno.\u00a0 \u201cE&#8217; un&#8217;opera che i cittadini della zona, ma non solo, [&hellip;]","og_url":"https:\/\/www.bellunopress.it\/fr\/2009\/07\/17\/michele-dal-farra-pd-bene-il-marciapiede-di-via-montegrappa-ora-avanti-col-col-cavalier\/","og_site_name":"Bellunopress - Dolomiti","article_publisher":"https:\/\/www.facebook.com\/profile.php?id=100008943462799","article_published_time":"2009-07-17T07:30:13+00:00","article_modified_time":"2009-07-17T07:30:45+00:00","og_image":[{"url":"http:\/\/www.bellunopress.it\/wp-content\/uploads\/2012\/07\/logo-bellunopress-250x250-2012.jpg","type":"","width":"","height":""}],"author":"redazione","twitter_card":"summary_large_image","twitter_creator":"@bellunopress","twitter_site":"@bellunopress","twitter_misc":{"\u00c9crit par":"redazione","Dur\u00e9e de lecture estim\u00e9e":"2 minutes"},"schema":{"@context":"https:\/\/schema.org","@graph":[{"@type":"Article","@id":"https:\/\/www.bellunopress.it\/2009\/07\/17\/michele-dal-farra-pd-bene-il-marciapiede-di-via-montegrappa-ora-avanti-col-col-cavalier\/#article","isPartOf":{"@id":"https:\/\/www.bellunopress.it\/2009\/07\/17\/michele-dal-farra-pd-bene-il-marciapiede-di-via-montegrappa-ora-avanti-col-col-cavalier\/"},"author":{"name":"redazione","@id":"https:\/\/www.bellunopress.it\/#\/schema\/person\/79bb06722b37ece1c03d3e94beb30d73"},"headline":"Michele Dal Farra (Pd): bene il marciapiede di via Montegrappa ora avanti col Col Cavalier","datePublished":"2009-07-17T07:30:13+00:00","dateModified":"2009-07-17T07:30:45+00:00","mainEntityOfPage":{"@id":"https:\/\/www.bellunopress.it\/2009\/07\/17\/michele-dal-farra-pd-bene-il-marciapiede-di-via-montegrappa-ora-avanti-col-col-cavalier\/"},"wordCount":320,"publisher":{"@id":"https:\/\/www.bellunopress.it\/#organization"},"keywords":["Belluno"],"articleSection":["Cronaca\/Politica","Prima Pagina"],"inLanguage":"fr-FR"},{"@type":"WebPage","@id":"https:\/\/www.bellunopress.it\/2009\/07\/17\/michele-dal-farra-pd-bene-il-marciapiede-di-via-montegrappa-ora-avanti-col-col-cavalier\/","url":"https:\/\/www.bellunopress.it\/2009\/07\/17\/michele-dal-farra-pd-bene-il-marciapiede-di-via-montegrappa-ora-avanti-col-col-cavalier\/","name":"Michele Dal Farra (Pd): bene il marciapiede di via Montegrappa ora avanti col Col Cavalier - Bellunopress - Dolomiti","isPartOf":{"@id":"https:\/\/www.bellunopress.it\/#website"},"datePublished":"2009-07-17T07:30:13+00:00","dateModified":"2009-07-17T07:30:45+00:00","breadcrumb":{"@id":"https:\/\/www.bellunopress.it\/2009\/07\/17\/michele-dal-farra-pd-bene-il-marciapiede-di-via-montegrappa-ora-avanti-col-col-cavalier\/#breadcrumb"},"inLanguage":"fr-FR","potentialAction":[{"@type":"ReadAction","target":["https:\/\/www.bellunopress.it\/2009\/07\/17\/michele-dal-farra-pd-bene-il-marciapiede-di-via-montegrappa-ora-avanti-col-col-cavalier\/"]}]},{"@type":"BreadcrumbList","@id":"https:\/\/www.bellunopress.it\/2009\/07\/17\/michele-dal-farra-pd-bene-il-marciapiede-di-via-montegrappa-ora-avanti-col-col-cavalier\/#breadcrumb","itemListElement":[{"@type":"ListItem","position":1,"name":"Home","item":"https:\/\/www.bellunopress.it\/"},{"@type":"ListItem","position":2,"name":"Michele Dal Farra (Pd): bene il marciapiede di via Montegrappa ora avanti col Col Cavalier"}]},{"@type":"WebSite","@id":"https:\/\/www.bellunopress.it\/#website","url":"https:\/\/www.bellunopress.it\/","name":"Bellunopress - Dolomiti","description":"e-mail: redazione@bellunopress.it","publisher":{"@id":"https:\/\/www.bellunopress.it\/#organization"},"potentialAction":[{"@type":"SearchAction","target":{"@type":"EntryPoint","urlTemplate":"https:\/\/www.bellunopress.it\/?s={search_term_string}"},"query-input":{"@type":"PropertyValueSpecification","valueRequired":true,"valueName":"search_term_string"}}],"inLanguage":"fr-FR"},{"@type":"Organization","@id":"https:\/\/www.bellunopress.it\/#organization","name":"Bellunopress","url":"https:\/\/www.bellunopress.it\/","logo":{"@type":"ImageObject","inLanguage":"fr-FR","@id":"https:\/\/www.bellunopress.it\/#\/schema\/logo\/image\/","url":"https:\/\/www.bellunopress.it\/wp-content\/uploads\/2011\/05\/cropped-logo-bellunopress-.jpg","contentUrl":"https:\/\/www.bellunopress.it\/wp-content\/uploads\/2011\/05\/cropped-logo-bellunopress-.jpg","width":512,"height":512,"caption":"Bellunopress"},"image":{"@id":"https:\/\/www.bellunopress.it\/#\/schema\/logo\/image\/"},"sameAs":["https:\/\/www.facebook.com\/profile.php?id=100008943462799","https:\/\/x.com\/bellunopress","https:\/\/www.linkedin.com\/hp\/?dnr=JBzUWaJfMUw8vbXJJ2tVW5-I3jZKvC4wsoxE&amp;amp;amp;amp;amp;amp;trk=nav_responsive_tab_home","https:\/\/www.youtube.com\/channel\/UCxL0wu1uN0_3_7hGG0306cw"]},{"@type":"Person","@id":"https:\/\/www.bellunopress.it\/#\/schema\/person\/79bb06722b37ece1c03d3e94beb30d73","name":"r\u00e9daction","image":{"@type":"ImageObject","inLanguage":"fr-FR","@id":"https:\/\/secure.gravatar.com\/avatar\/37d968a2e67a6fd04c169c4bdef102d0bc5d31b2546345219e348575eb80e9a0?s=96&d=mm&r=g","url":"https:\/\/secure.gravatar.com\/avatar\/37d968a2e67a6fd04c169c4bdef102d0bc5d31b2546345219e348575eb80e9a0?s=96&d=mm&r=g","contentUrl":"https:\/\/secure.gravatar.com\/avatar\/37d968a2e67a6fd04c169c4bdef102d0bc5d31b2546345219e348575eb80e9a0?s=96&d=mm&r=g","caption":"redazione"},"sameAs":["http:\/\/www.bellunopress.it","https:\/\/x.com\/bellunopress"],"url":"https:\/\/www.bellunopress.it\/fr\/author\/redazione\/"}]}},"_links":{"self":[{"href":"https:\/\/www.bellunopress.it\/fr\/wp-json\/wp\/v2\/posts\/6047","targetHints":{"allow":["GET"]}}],"collection":[{"href":"https:\/\/www.bellunopress.it\/fr\/wp-json\/wp\/v2\/posts"}],"about":[{"href":"https:\/\/www.bellunopress.it\/fr\/wp-json\/wp\/v2\/types\/post"}],"author":[{"embeddable":true,"href":"https:\/\/www.bellunopress.it\/fr\/wp-json\/wp\/v2\/users\/2"}],"replies":[{"embeddable":true,"href":"https:\/\/www.bellunopress.it\/fr\/wp-json\/wp\/v2\/comments?post=6047"}],"version-history":[{"count":2,"href":"https:\/\/www.bellunopress.it\/fr\/wp-json\/wp\/v2\/posts\/6047\/revisions"}],"predecessor-version":[{"id":6049,"href":"https:\/\/www.bellunopress.it\/fr\/wp-json\/wp\/v2\/posts\/6047\/revisions\/6049"}],"wp:attachment":[{"href":"https:\/\/www.bellunopress.it\/fr\/wp-json\/wp\/v2\/media?parent=6047"}],"wp:term":[{"taxonomy":"category","embeddable":true,"href":"https:\/\/www.bellunopress.it\/fr\/wp-json\/wp\/v2\/categories?post=6047"},{"taxonomy":"post_tag","embeddable":true,"href":"https:\/\/www.bellunopress.it\/fr\/wp-json\/wp\/v2\/tags?post=6047"}],"curies":[{"name":"wp","href":"https:\/\/api.w.org\/{rel}","templated":true}]}}