{"id":60436,"date":"2014-07-13T07:12:03","date_gmt":"2014-07-13T06:12:03","guid":{"rendered":"http:\/\/www.bellunopress.it\/?p=60436"},"modified":"2014-07-13T07:12:03","modified_gmt":"2014-07-13T06:12:03","slug":"oggi-a-cima-gogna-in-anteprima-nazionale-erri-de-luca-presenta-il-documentario-alberi-che-camminano","status":"publish","type":"post","link":"https:\/\/www.bellunopress.it\/fr\/2014\/07\/13\/oggi-a-cima-gogna-in-anteprima-nazionale-erri-de-luca-presenta-il-documentario-alberi-che-camminano\/","title":{"rendered":"Oggi a Cima Gogna in  anteprima nazionale Erri De Luca presenta il documentario \u201cAlberi Che Camminano\u201d"},"content":{"rendered":"<p><a href=\"http:\/\/www.bellunopress.it\/wp-content\/uploads\/2014\/07\/Erri-De-Luca.jpg\"><img loading=\"lazy\" decoding=\"async\" class=\"alignleft size-full wp-image-60437\" src=\"http:\/\/www.bellunopress.it\/wp-content\/uploads\/2014\/07\/Erri-De-Luca.jpg\" alt=\"Erri De Luca\" width=\"158\" height=\"170\" \/><\/a>Montura e Alpstation Lavaredo organizzano un appuntamento culturale di rilievo con lo scrittore e alpinista Erri De Luca, che incontrer\u00e0 il pubblico nella suggestiva cornice degli ex Bagni di Gogna, in localit\u00e0 Cima Gogna di Auronzo di Cadore, domenica 13 luglio alle ore 14,30<\/p>\n<p>Per Erri De Luca si tratta di un ritorno ad Auronzo, visto che aveva gi\u00e0 tenuto un incontro all\u2019interno della rassegna \u201cAuronzo Attualit\u00e0\u201d per celebrare \u201cL\u2019Anno Internazionale delle Foreste 2011\u201d.<\/p>\n<p>In anteprima nazionale Erri De Luca presenter\u00e0 il suo nuovo lavoro cinematografico: \u201cAlberi che Camminano\u201d, diretto da Mattia Colombo e prodotto da Oh!Pen, in uscita a breve, di cui Erri De Luca ha scritto la sceneggiatura e di cui Montura \u00e8 il main sponsor.<\/p>\n<p>Il filmato \u00e8 un viaggio a tappe per esplorare la seconda vita degli alberi, trasformati in imbarcazioni, simboli di supplizio e fede, strumenti musicali, materia prima da plasmare e scolpire, polpa di cellulosa per creare fogli, pagine, libri.<\/p>\n<p>L\u2019albero \u00e8 una figura opposta al movimento, dove nasce muore. Ma esiste una seconda vita, che inizia quando smette di scorrere la linfa nei suoi vasi. \u00c8 la vita del legno. Suo prodigio non \u00e8 solo il fatto che brucia, offrendo calore all\u2019accampamento umano. Sua maggiore virt\u00f9 \u00e8 che galleggia, cos\u00ec \u00e8 stato possibile imparare il mondo, che \u00e8 liquido in gran parte. Il legno \u00e8 diventato prua, timone, remo, issato come albero maestro ha sorretto la vela per catturare il vento.<br \/>\nI boschi sono diventati flotte e hanno esplorato la geografia scrivendo il romanzo della terra, ma non solo: sono diventati simboli di fede, strumenti musicali, materia prima da plasmare grazie all\u2019abilit\u00e0 di uno scultore, fogli, pagine, quaderni e libri, manifesto per ospitare la scrittura. Uno scrittore che con le sue pagine si sparge negli scaffali del mondo \u00e8 in debito con gli alberi, \u201cuno scrittore deve un bosco al mondo\u201d (da Erri De Luca, \u201cL\u2019ospite incallito\u201d, Einaudi).<\/p>\n<p>Erri De Luca, scrittore amico degli alberi, citati, ben descritti e pi\u00f9 che amati nei suoi racconti, ha aderito alla campagna di Greenpeace \u201cScrittori per le Foreste\u201d, insieme a una sessantina di nomi noti, tra cui Jos\u00e9 Saramago, Margaret Allende, Gunter Grass, Dacia Maraini, che hanno stampato i loro libri su \u201ccarta amica delle foreste\u201d. L\u2019appuntamento sar\u00e0 anche l\u2019occasione per parlare degli alberi delle nostre Dolomiti, essendo il rapporto tra Erri l\u2019alpinista e le \u201ccrode\u201d dolomitiche molto profondo.<\/p>\n<p>Quale location migliore dei secolari Bagni di Gogna, alle porte di Auronzo, \u00a0luogo intriso di storia, di alpinismo, di battaglie e di leggende. L\u2019evento \u00e8 organizzato da Montura e da Alpstation Lavaredo.<\/p>\n<p>In caso di maltempo l\u2019incontro si terr\u00e0 nella Sala Consiliare del Municipio di Auronzo alle ore 14,30<strong>.<\/strong><\/p>\n<p>&nbsp;<\/p>\n<p><strong>\u00a0<\/strong><\/p>\n<p>&nbsp;<\/p>\n<p>&nbsp;<\/p>\n<p>&nbsp;<\/p>","protected":false},"excerpt":{"rendered":"<p>Montura e Alpstation Lavaredo organizzano un appuntamento culturale di rilievo con lo scrittore e alpinista Erri De Luca, che incontrer\u00e0 il pubblico nella suggestiva cornice degli ex Bagni di Gogna, in localit\u00e0 Cima Gogna di Auronzo di Cadore, domenica 13 luglio alle ore 14,30 Per Erri De Luca si tratta di un ritorno ad Auronzo, [&hellip;]<\/p>\n","protected":false},"author":2,"featured_media":0,"comment_status":"closed","ping_status":"open","sticky":false,"template":"","format":"standard","meta":{"footnotes":""},"categories":[27,3,26],"tags":[2963,2570,2962],"class_list":["post-60436","post","type-post","status-publish","format-standard","category-appuntamenti","category-arte-cultura-spettacoli-scienza-archivi","category-prima-pagina","tag-alberi-che-camminano","tag-auronzo","tag-erri-de-luca"],"yoast_head":"<!-- This site is optimized with the Yoast SEO plugin v28.4 - https:\/\/yoast.com\/product\/yoast-seo-wordpress\/ -->\n<title>Oggi a Cima Gogna in anteprima nazionale Erri De Luca presenta il documentario \u201cAlberi Che Camminano\u201d - Bellunopress - Dolomiti<\/title>\n<meta name=\"robots\" content=\"index, follow, max-snippet:-1, max-image-preview:large, max-video-preview:-1\" \/>\n<link rel=\"canonical\" href=\"https:\/\/www.bellunopress.it\/fr\/2014\/07\/13\/oggi-a-cima-gogna-in-anteprima-nazionale-erri-de-luca-presenta-il-documentario-alberi-che-camminano\/\" \/>\n<meta property=\"og:locale\" content=\"fr_FR\" \/>\n<meta property=\"og:type\" content=\"article\" \/>\n<meta property=\"og:title\" content=\"Oggi a Cima Gogna in anteprima nazionale Erri De Luca presenta il documentario \u201cAlberi Che Camminano\u201d - Bellunopress - Dolomiti\" \/>\n<meta property=\"og:description\" content=\"Montura e Alpstation Lavaredo organizzano un appuntamento culturale di rilievo con lo scrittore e alpinista Erri De Luca, che incontrer\u00e0 il pubblico nella suggestiva cornice degli ex Bagni di Gogna, in localit\u00e0 Cima Gogna di Auronzo di Cadore, domenica 13 luglio alle ore 14,30 Per Erri De Luca si tratta di un ritorno ad Auronzo, [&hellip;]\" \/>\n<meta property=\"og:url\" content=\"https:\/\/www.bellunopress.it\/fr\/2014\/07\/13\/oggi-a-cima-gogna-in-anteprima-nazionale-erri-de-luca-presenta-il-documentario-alberi-che-camminano\/\" \/>\n<meta property=\"og:site_name\" content=\"Bellunopress - Dolomiti\" \/>\n<meta property=\"article:publisher\" content=\"https:\/\/www.facebook.com\/profile.php?id=100008943462799\" \/>\n<meta property=\"article:published_time\" content=\"2014-07-13T06:12:03+00:00\" \/>\n<meta property=\"og:image\" content=\"http:\/\/www.bellunopress.it\/wp-content\/uploads\/2014\/07\/Erri-De-Luca.jpg\" \/>\n<meta name=\"author\" content=\"redazione\" \/>\n<meta name=\"twitter:card\" content=\"summary_large_image\" \/>\n<meta name=\"twitter:creator\" content=\"@bellunopress\" \/>\n<meta name=\"twitter:site\" content=\"@bellunopress\" \/>\n<meta name=\"twitter:label1\" content=\"\u00c9crit par\" \/>\n\t<meta name=\"twitter:data1\" content=\"redazione\" \/>\n\t<meta name=\"twitter:label2\" content=\"Dur\u00e9e de lecture estim\u00e9e\" \/>\n\t<meta name=\"twitter:data2\" content=\"2 minutes\" \/>\n<script type=\"application\/ld+json\" class=\"yoast-schema-graph\">{\"@context\":\"https:\\\/\\\/schema.org\",\"@graph\":[{\"@type\":\"Article\",\"@id\":\"https:\\\/\\\/www.bellunopress.it\\\/2014\\\/07\\\/13\\\/oggi-a-cima-gogna-in-anteprima-nazionale-erri-de-luca-presenta-il-documentario-alberi-che-camminano\\\/#article\",\"isPartOf\":{\"@id\":\"https:\\\/\\\/www.bellunopress.it\\\/2014\\\/07\\\/13\\\/oggi-a-cima-gogna-in-anteprima-nazionale-erri-de-luca-presenta-il-documentario-alberi-che-camminano\\\/\"},\"author\":{\"name\":\"redazione\",\"@id\":\"https:\\\/\\\/www.bellunopress.it\\\/#\\\/schema\\\/person\\\/79bb06722b37ece1c03d3e94beb30d73\"},\"headline\":\"Oggi a Cima Gogna in anteprima nazionale Erri De Luca presenta il documentario \u201cAlberi Che Camminano\u201d\",\"datePublished\":\"2014-07-13T06:12:03+00:00\",\"mainEntityOfPage\":{\"@id\":\"https:\\\/\\\/www.bellunopress.it\\\/2014\\\/07\\\/13\\\/oggi-a-cima-gogna-in-anteprima-nazionale-erri-de-luca-presenta-il-documentario-alberi-che-camminano\\\/\"},\"wordCount\":459,\"publisher\":{\"@id\":\"https:\\\/\\\/www.bellunopress.it\\\/#organization\"},\"image\":{\"@id\":\"https:\\\/\\\/www.bellunopress.it\\\/2014\\\/07\\\/13\\\/oggi-a-cima-gogna-in-anteprima-nazionale-erri-de-luca-presenta-il-documentario-alberi-che-camminano\\\/#primaryimage\"},\"thumbnailUrl\":\"http:\\\/\\\/www.bellunopress.it\\\/wp-content\\\/uploads\\\/2014\\\/07\\\/Erri-De-Luca.jpg\",\"keywords\":[\"Alberi che camminano\",\"Auronzo\",\"Erri De Luca\"],\"articleSection\":[\"Appuntamenti, Eventi\",\"Arte, Cultura, Spettacoli, Scienza\",\"Prima Pagina\"],\"inLanguage\":\"fr-FR\"},{\"@type\":\"WebPage\",\"@id\":\"https:\\\/\\\/www.bellunopress.it\\\/2014\\\/07\\\/13\\\/oggi-a-cima-gogna-in-anteprima-nazionale-erri-de-luca-presenta-il-documentario-alberi-che-camminano\\\/\",\"url\":\"https:\\\/\\\/www.bellunopress.it\\\/2014\\\/07\\\/13\\\/oggi-a-cima-gogna-in-anteprima-nazionale-erri-de-luca-presenta-il-documentario-alberi-che-camminano\\\/\",\"name\":\"Oggi a Cima Gogna in anteprima nazionale Erri De Luca presenta il documentario \u201cAlberi Che Camminano\u201d - Bellunopress - Dolomiti\",\"isPartOf\":{\"@id\":\"https:\\\/\\\/www.bellunopress.it\\\/#website\"},\"primaryImageOfPage\":{\"@id\":\"https:\\\/\\\/www.bellunopress.it\\\/2014\\\/07\\\/13\\\/oggi-a-cima-gogna-in-anteprima-nazionale-erri-de-luca-presenta-il-documentario-alberi-che-camminano\\\/#primaryimage\"},\"image\":{\"@id\":\"https:\\\/\\\/www.bellunopress.it\\\/2014\\\/07\\\/13\\\/oggi-a-cima-gogna-in-anteprima-nazionale-erri-de-luca-presenta-il-documentario-alberi-che-camminano\\\/#primaryimage\"},\"thumbnailUrl\":\"http:\\\/\\\/www.bellunopress.it\\\/wp-content\\\/uploads\\\/2014\\\/07\\\/Erri-De-Luca.jpg\",\"datePublished\":\"2014-07-13T06:12:03+00:00\",\"breadcrumb\":{\"@id\":\"https:\\\/\\\/www.bellunopress.it\\\/2014\\\/07\\\/13\\\/oggi-a-cima-gogna-in-anteprima-nazionale-erri-de-luca-presenta-il-documentario-alberi-che-camminano\\\/#breadcrumb\"},\"inLanguage\":\"fr-FR\",\"potentialAction\":[{\"@type\":\"ReadAction\",\"target\":[\"https:\\\/\\\/www.bellunopress.it\\\/2014\\\/07\\\/13\\\/oggi-a-cima-gogna-in-anteprima-nazionale-erri-de-luca-presenta-il-documentario-alberi-che-camminano\\\/\"]}]},{\"@type\":\"ImageObject\",\"inLanguage\":\"fr-FR\",\"@id\":\"https:\\\/\\\/www.bellunopress.it\\\/2014\\\/07\\\/13\\\/oggi-a-cima-gogna-in-anteprima-nazionale-erri-de-luca-presenta-il-documentario-alberi-che-camminano\\\/#primaryimage\",\"url\":\"http:\\\/\\\/www.bellunopress.it\\\/wp-content\\\/uploads\\\/2014\\\/07\\\/Erri-De-Luca.jpg\",\"contentUrl\":\"http:\\\/\\\/www.bellunopress.it\\\/wp-content\\\/uploads\\\/2014\\\/07\\\/Erri-De-Luca.jpg\"},{\"@type\":\"BreadcrumbList\",\"@id\":\"https:\\\/\\\/www.bellunopress.it\\\/2014\\\/07\\\/13\\\/oggi-a-cima-gogna-in-anteprima-nazionale-erri-de-luca-presenta-il-documentario-alberi-che-camminano\\\/#breadcrumb\",\"itemListElement\":[{\"@type\":\"ListItem\",\"position\":1,\"name\":\"Home\",\"item\":\"https:\\\/\\\/www.bellunopress.it\\\/\"},{\"@type\":\"ListItem\",\"position\":2,\"name\":\"Oggi a Cima Gogna in anteprima nazionale Erri De Luca presenta il documentario \u201cAlberi Che Camminano\u201d\"}]},{\"@type\":\"WebSite\",\"@id\":\"https:\\\/\\\/www.bellunopress.it\\\/#website\",\"url\":\"https:\\\/\\\/www.bellunopress.it\\\/\",\"name\":\"Bellunopress - Dolomiti\",\"description\":\"e-mail: redazione@bellunopress.it\",\"publisher\":{\"@id\":\"https:\\\/\\\/www.bellunopress.it\\\/#organization\"},\"potentialAction\":[{\"@type\":\"SearchAction\",\"target\":{\"@type\":\"EntryPoint\",\"urlTemplate\":\"https:\\\/\\\/www.bellunopress.it\\\/?s={search_term_string}\"},\"query-input\":{\"@type\":\"PropertyValueSpecification\",\"valueRequired\":true,\"valueName\":\"search_term_string\"}}],\"inLanguage\":\"fr-FR\"},{\"@type\":\"Organization\",\"@id\":\"https:\\\/\\\/www.bellunopress.it\\\/#organization\",\"name\":\"Bellunopress\",\"url\":\"https:\\\/\\\/www.bellunopress.it\\\/\",\"logo\":{\"@type\":\"ImageObject\",\"inLanguage\":\"fr-FR\",\"@id\":\"https:\\\/\\\/www.bellunopress.it\\\/#\\\/schema\\\/logo\\\/image\\\/\",\"url\":\"https:\\\/\\\/www.bellunopress.it\\\/wp-content\\\/uploads\\\/2011\\\/05\\\/cropped-logo-bellunopress-.jpg\",\"contentUrl\":\"https:\\\/\\\/www.bellunopress.it\\\/wp-content\\\/uploads\\\/2011\\\/05\\\/cropped-logo-bellunopress-.jpg\",\"width\":512,\"height\":512,\"caption\":\"Bellunopress\"},\"image\":{\"@id\":\"https:\\\/\\\/www.bellunopress.it\\\/#\\\/schema\\\/logo\\\/image\\\/\"},\"sameAs\":[\"https:\\\/\\\/www.facebook.com\\\/profile.php?id=100008943462799\",\"https:\\\/\\\/x.com\\\/bellunopress\",\"https:\\\/\\\/www.linkedin.com\\\/hp\\\/?dnr=JBzUWaJfMUw8vbXJJ2tVW5-I3jZKvC4wsoxE&amp;amp;amp;amp;amp;amp;trk=nav_responsive_tab_home\",\"https:\\\/\\\/www.youtube.com\\\/channel\\\/UCxL0wu1uN0_3_7hGG0306cw\"]},{\"@type\":\"Person\",\"@id\":\"https:\\\/\\\/www.bellunopress.it\\\/#\\\/schema\\\/person\\\/79bb06722b37ece1c03d3e94beb30d73\",\"name\":\"redazione\",\"image\":{\"@type\":\"ImageObject\",\"inLanguage\":\"fr-FR\",\"@id\":\"https:\\\/\\\/secure.gravatar.com\\\/avatar\\\/37d968a2e67a6fd04c169c4bdef102d0bc5d31b2546345219e348575eb80e9a0?s=96&d=mm&r=g\",\"url\":\"https:\\\/\\\/secure.gravatar.com\\\/avatar\\\/37d968a2e67a6fd04c169c4bdef102d0bc5d31b2546345219e348575eb80e9a0?s=96&d=mm&r=g\",\"contentUrl\":\"https:\\\/\\\/secure.gravatar.com\\\/avatar\\\/37d968a2e67a6fd04c169c4bdef102d0bc5d31b2546345219e348575eb80e9a0?s=96&d=mm&r=g\",\"caption\":\"redazione\"},\"sameAs\":[\"http:\\\/\\\/www.bellunopress.it\",\"https:\\\/\\\/x.com\\\/bellunopress\"],\"url\":\"https:\\\/\\\/www.bellunopress.it\\\/fr\\\/author\\\/redazione\\\/\"}]}<\/script>\n<!-- \/ Yoast SEO plugin. -->","yoast_head_json":{"title":"Oggi a Cima Gogna in anteprima nazionale Erri De Luca presenta il documentario \u201cAlberi Che Camminano\u201d - Bellunopress - Dolomiti","robots":{"index":"index","follow":"follow","max-snippet":"max-snippet:-1","max-image-preview":"max-image-preview:large","max-video-preview":"max-video-preview:-1"},"canonical":"https:\/\/www.bellunopress.it\/fr\/2014\/07\/13\/oggi-a-cima-gogna-in-anteprima-nazionale-erri-de-luca-presenta-il-documentario-alberi-che-camminano\/","og_locale":"fr_FR","og_type":"article","og_title":"Oggi a Cima Gogna in anteprima nazionale Erri De Luca presenta il documentario \u201cAlberi Che Camminano\u201d - Bellunopress - Dolomiti","og_description":"Montura e Alpstation Lavaredo organizzano un appuntamento culturale di rilievo con lo scrittore e alpinista Erri De Luca, che incontrer\u00e0 il pubblico nella suggestiva cornice degli ex Bagni di Gogna, in localit\u00e0 Cima Gogna di Auronzo di Cadore, domenica 13 luglio alle ore 14,30 Per Erri De Luca si tratta di un ritorno ad Auronzo, [&hellip;]","og_url":"https:\/\/www.bellunopress.it\/fr\/2014\/07\/13\/oggi-a-cima-gogna-in-anteprima-nazionale-erri-de-luca-presenta-il-documentario-alberi-che-camminano\/","og_site_name":"Bellunopress - Dolomiti","article_publisher":"https:\/\/www.facebook.com\/profile.php?id=100008943462799","article_published_time":"2014-07-13T06:12:03+00:00","og_image":[{"url":"http:\/\/www.bellunopress.it\/wp-content\/uploads\/2014\/07\/Erri-De-Luca.jpg","type":"","width":"","height":""}],"author":"redazione","twitter_card":"summary_large_image","twitter_creator":"@bellunopress","twitter_site":"@bellunopress","twitter_misc":{"\u00c9crit par":"redazione","Dur\u00e9e de lecture estim\u00e9e":"2 minutes"},"schema":{"@context":"https:\/\/schema.org","@graph":[{"@type":"Article","@id":"https:\/\/www.bellunopress.it\/2014\/07\/13\/oggi-a-cima-gogna-in-anteprima-nazionale-erri-de-luca-presenta-il-documentario-alberi-che-camminano\/#article","isPartOf":{"@id":"https:\/\/www.bellunopress.it\/2014\/07\/13\/oggi-a-cima-gogna-in-anteprima-nazionale-erri-de-luca-presenta-il-documentario-alberi-che-camminano\/"},"author":{"name":"redazione","@id":"https:\/\/www.bellunopress.it\/#\/schema\/person\/79bb06722b37ece1c03d3e94beb30d73"},"headline":"Oggi a Cima Gogna in anteprima nazionale Erri De Luca presenta il documentario \u201cAlberi Che Camminano\u201d","datePublished":"2014-07-13T06:12:03+00:00","mainEntityOfPage":{"@id":"https:\/\/www.bellunopress.it\/2014\/07\/13\/oggi-a-cima-gogna-in-anteprima-nazionale-erri-de-luca-presenta-il-documentario-alberi-che-camminano\/"},"wordCount":459,"publisher":{"@id":"https:\/\/www.bellunopress.it\/#organization"},"image":{"@id":"https:\/\/www.bellunopress.it\/2014\/07\/13\/oggi-a-cima-gogna-in-anteprima-nazionale-erri-de-luca-presenta-il-documentario-alberi-che-camminano\/#primaryimage"},"thumbnailUrl":"http:\/\/www.bellunopress.it\/wp-content\/uploads\/2014\/07\/Erri-De-Luca.jpg","keywords":["Alberi che camminano","Auronzo","Erri De Luca"],"articleSection":["Appuntamenti, Eventi","Arte, Cultura, Spettacoli, Scienza","Prima Pagina"],"inLanguage":"fr-FR"},{"@type":"WebPage","@id":"https:\/\/www.bellunopress.it\/2014\/07\/13\/oggi-a-cima-gogna-in-anteprima-nazionale-erri-de-luca-presenta-il-documentario-alberi-che-camminano\/","url":"https:\/\/www.bellunopress.it\/2014\/07\/13\/oggi-a-cima-gogna-in-anteprima-nazionale-erri-de-luca-presenta-il-documentario-alberi-che-camminano\/","name":"Oggi a Cima Gogna in anteprima nazionale Erri De Luca presenta il documentario \u201cAlberi Che Camminano\u201d - Bellunopress - Dolomiti","isPartOf":{"@id":"https:\/\/www.bellunopress.it\/#website"},"primaryImageOfPage":{"@id":"https:\/\/www.bellunopress.it\/2014\/07\/13\/oggi-a-cima-gogna-in-anteprima-nazionale-erri-de-luca-presenta-il-documentario-alberi-che-camminano\/#primaryimage"},"image":{"@id":"https:\/\/www.bellunopress.it\/2014\/07\/13\/oggi-a-cima-gogna-in-anteprima-nazionale-erri-de-luca-presenta-il-documentario-alberi-che-camminano\/#primaryimage"},"thumbnailUrl":"http:\/\/www.bellunopress.it\/wp-content\/uploads\/2014\/07\/Erri-De-Luca.jpg","datePublished":"2014-07-13T06:12:03+00:00","breadcrumb":{"@id":"https:\/\/www.bellunopress.it\/2014\/07\/13\/oggi-a-cima-gogna-in-anteprima-nazionale-erri-de-luca-presenta-il-documentario-alberi-che-camminano\/#breadcrumb"},"inLanguage":"fr-FR","potentialAction":[{"@type":"ReadAction","target":["https:\/\/www.bellunopress.it\/2014\/07\/13\/oggi-a-cima-gogna-in-anteprima-nazionale-erri-de-luca-presenta-il-documentario-alberi-che-camminano\/"]}]},{"@type":"ImageObject","inLanguage":"fr-FR","@id":"https:\/\/www.bellunopress.it\/2014\/07\/13\/oggi-a-cima-gogna-in-anteprima-nazionale-erri-de-luca-presenta-il-documentario-alberi-che-camminano\/#primaryimage","url":"http:\/\/www.bellunopress.it\/wp-content\/uploads\/2014\/07\/Erri-De-Luca.jpg","contentUrl":"http:\/\/www.bellunopress.it\/wp-content\/uploads\/2014\/07\/Erri-De-Luca.jpg"},{"@type":"BreadcrumbList","@id":"https:\/\/www.bellunopress.it\/2014\/07\/13\/oggi-a-cima-gogna-in-anteprima-nazionale-erri-de-luca-presenta-il-documentario-alberi-che-camminano\/#breadcrumb","itemListElement":[{"@type":"ListItem","position":1,"name":"Home","item":"https:\/\/www.bellunopress.it\/"},{"@type":"ListItem","position":2,"name":"Oggi a Cima Gogna in anteprima nazionale Erri De Luca presenta il documentario \u201cAlberi Che Camminano\u201d"}]},{"@type":"WebSite","@id":"https:\/\/www.bellunopress.it\/#website","url":"https:\/\/www.bellunopress.it\/","name":"Bellunopress - Dolomiti","description":"e-mail: redazione@bellunopress.it","publisher":{"@id":"https:\/\/www.bellunopress.it\/#organization"},"potentialAction":[{"@type":"SearchAction","target":{"@type":"EntryPoint","urlTemplate":"https:\/\/www.bellunopress.it\/?s={search_term_string}"},"query-input":{"@type":"PropertyValueSpecification","valueRequired":true,"valueName":"search_term_string"}}],"inLanguage":"fr-FR"},{"@type":"Organization","@id":"https:\/\/www.bellunopress.it\/#organization","name":"Bellunopress","url":"https:\/\/www.bellunopress.it\/","logo":{"@type":"ImageObject","inLanguage":"fr-FR","@id":"https:\/\/www.bellunopress.it\/#\/schema\/logo\/image\/","url":"https:\/\/www.bellunopress.it\/wp-content\/uploads\/2011\/05\/cropped-logo-bellunopress-.jpg","contentUrl":"https:\/\/www.bellunopress.it\/wp-content\/uploads\/2011\/05\/cropped-logo-bellunopress-.jpg","width":512,"height":512,"caption":"Bellunopress"},"image":{"@id":"https:\/\/www.bellunopress.it\/#\/schema\/logo\/image\/"},"sameAs":["https:\/\/www.facebook.com\/profile.php?id=100008943462799","https:\/\/x.com\/bellunopress","https:\/\/www.linkedin.com\/hp\/?dnr=JBzUWaJfMUw8vbXJJ2tVW5-I3jZKvC4wsoxE&amp;amp;amp;amp;amp;amp;trk=nav_responsive_tab_home","https:\/\/www.youtube.com\/channel\/UCxL0wu1uN0_3_7hGG0306cw"]},{"@type":"Person","@id":"https:\/\/www.bellunopress.it\/#\/schema\/person\/79bb06722b37ece1c03d3e94beb30d73","name":"r\u00e9daction","image":{"@type":"ImageObject","inLanguage":"fr-FR","@id":"https:\/\/secure.gravatar.com\/avatar\/37d968a2e67a6fd04c169c4bdef102d0bc5d31b2546345219e348575eb80e9a0?s=96&d=mm&r=g","url":"https:\/\/secure.gravatar.com\/avatar\/37d968a2e67a6fd04c169c4bdef102d0bc5d31b2546345219e348575eb80e9a0?s=96&d=mm&r=g","contentUrl":"https:\/\/secure.gravatar.com\/avatar\/37d968a2e67a6fd04c169c4bdef102d0bc5d31b2546345219e348575eb80e9a0?s=96&d=mm&r=g","caption":"redazione"},"sameAs":["http:\/\/www.bellunopress.it","https:\/\/x.com\/bellunopress"],"url":"https:\/\/www.bellunopress.it\/fr\/author\/redazione\/"}]}},"_links":{"self":[{"href":"https:\/\/www.bellunopress.it\/fr\/wp-json\/wp\/v2\/posts\/60436","targetHints":{"allow":["GET"]}}],"collection":[{"href":"https:\/\/www.bellunopress.it\/fr\/wp-json\/wp\/v2\/posts"}],"about":[{"href":"https:\/\/www.bellunopress.it\/fr\/wp-json\/wp\/v2\/types\/post"}],"author":[{"embeddable":true,"href":"https:\/\/www.bellunopress.it\/fr\/wp-json\/wp\/v2\/users\/2"}],"replies":[{"embeddable":true,"href":"https:\/\/www.bellunopress.it\/fr\/wp-json\/wp\/v2\/comments?post=60436"}],"version-history":[{"count":1,"href":"https:\/\/www.bellunopress.it\/fr\/wp-json\/wp\/v2\/posts\/60436\/revisions"}],"predecessor-version":[{"id":60438,"href":"https:\/\/www.bellunopress.it\/fr\/wp-json\/wp\/v2\/posts\/60436\/revisions\/60438"}],"wp:attachment":[{"href":"https:\/\/www.bellunopress.it\/fr\/wp-json\/wp\/v2\/media?parent=60436"}],"wp:term":[{"taxonomy":"category","embeddable":true,"href":"https:\/\/www.bellunopress.it\/fr\/wp-json\/wp\/v2\/categories?post=60436"},{"taxonomy":"post_tag","embeddable":true,"href":"https:\/\/www.bellunopress.it\/fr\/wp-json\/wp\/v2\/tags?post=60436"}],"curies":[{"name":"wp","href":"https:\/\/api.w.org\/{rel}","templated":true}]}}