{"id":60426,"date":"2014-07-12T16:56:42","date_gmt":"2014-07-12T15:56:42","guid":{"rendered":"http:\/\/www.bellunopress.it\/?p=60426"},"modified":"2014-07-12T16:57:37","modified_gmt":"2014-07-12T15:57:37","slug":"il-rombo-della-nuova-monster-821-riscalda-lestate-alla-tecnosport-di-belluno","status":"publish","type":"post","link":"https:\/\/www.bellunopress.it\/fr\/2014\/07\/12\/il-rombo-della-nuova-monster-821-riscalda-lestate-alla-tecnosport-di-belluno\/","title":{"rendered":"Il rombo della nuova Monster 821 riscalda l&#8217;estate alla Tecnosport di Belluno"},"content":{"rendered":"<p style=\"color: #000000;\"><a href=\"http:\/\/www.bellunopress.it\/wp-content\/uploads\/2014\/07\/Ducati-Monster-821.png\"><img loading=\"lazy\" decoding=\"async\" class=\"alignleft size-full wp-image-60427\" src=\"http:\/\/www.bellunopress.it\/wp-content\/uploads\/2014\/07\/Ducati-Monster-821.png\" alt=\"Ducati Monster 821\" width=\"290\" height=\"185\" \/><\/a>L&#8217;attesa \u00e8 quasi terminata. A giorni, presso la<a href=\"http:\/\/http:\/\/www.tecnosportsrl.it\/\"> Concessionaria Tecnosport di Belluno in via Vittorio Veneto, n.258<\/a> sar\u00e0 disponibile il nuovo Monster 821 della Ducati.<\/p>\n<p style=\"color: #000000;\">Con questa nuova naked di taglia media, la Casa di Borgo Panigale prosegue il successo ultra ventennale della famiglia Monster che vanta oramai oltre 290mila esemplari venduti nel mondo.<\/p>\n<p style=\"color: #000000;\">L&#8217;821 monta un nuovo motore bicilindrico testastretta quattro valvole 11\u00b0 di 821 cc da 112 cavalli (82,35 Kw) a 9.250 giri, con un peso a secco di soli 179,5 Kg.<\/p>\n<p style=\"color: #000000;\">Eccellente la gamma delle personalizzazioni: sella regolabile in altezza, 8 livelli di controllo di trazione, 3 livelli per il sistema frenante Abs e altrettanti di Power modes ossia la mappatura del motore per l&#8217;erogazione della potenza e della coppia.<\/p>\n<p style=\"color: #000000;\">Il Monster 821 \u00e8 commercializzato nelle versioni Dark, con colorazione \u201cDark Stealth\u201d, telaio e cerchi neri. E la versione con coprisella passeggero nella colorazione \u201cRosso Ducati\u201d (telaio rosso e cerchi neri) e nella colorazione \u201cStar White Silk\u201d (telaio e cerchi rossi).<\/p>\n<p style=\"color: #000000;\">Inoltre, \u00e8 disponibile anche nella versione depotenziata a 35kw per i Paesi della Comunit\u00e0 Europea e 25 Kw nel mercato svizzero.<\/p>","protected":false},"excerpt":{"rendered":"<p>L&#8217;attesa \u00e8 quasi terminata. A giorni, presso la Concessionaria Tecnosport di Belluno in via Vittorio Veneto, n.258 sar\u00e0 disponibile il nuovo Monster 821 della Ducati. Con questa nuova naked di taglia media, la Casa di Borgo Panigale prosegue il successo ultra ventennale della famiglia Monster che vanta oramai oltre 290mila esemplari venduti nel mondo. L&#8217;821 [&hellip;]<\/p>\n","protected":false},"author":2,"featured_media":0,"comment_status":"closed","ping_status":"open","sticky":false,"template":"","format":"standard","meta":{"footnotes":""},"categories":[26,50],"tags":[139,2961,2803],"class_list":["post-60426","post","type-post","status-publish","format-standard","category-prima-pagina","category-pubbliredazionali","tag-belluno","tag-ducati-monster-821","tag-tecnosport"],"yoast_head":"<!-- This site is optimized with the Yoast SEO plugin v28.4 - https:\/\/yoast.com\/product\/yoast-seo-wordpress\/ -->\n<title>Il rombo della nuova Monster 821 riscalda l&#039;estate alla Tecnosport di Belluno - Bellunopress - Dolomiti<\/title>\n<meta name=\"robots\" content=\"index, follow, max-snippet:-1, max-image-preview:large, max-video-preview:-1\" \/>\n<link rel=\"canonical\" href=\"https:\/\/www.bellunopress.it\/fr\/2014\/07\/12\/il-rombo-della-nuova-monster-821-riscalda-lestate-alla-tecnosport-di-belluno\/\" \/>\n<meta property=\"og:locale\" content=\"fr_FR\" \/>\n<meta property=\"og:type\" content=\"article\" \/>\n<meta property=\"og:title\" content=\"Il rombo della nuova Monster 821 riscalda l&#039;estate alla Tecnosport di Belluno - Bellunopress - Dolomiti\" \/>\n<meta property=\"og:description\" content=\"L&#8217;attesa \u00e8 quasi terminata. A giorni, presso la Concessionaria Tecnosport di Belluno in via Vittorio Veneto, n.258 sar\u00e0 disponibile il nuovo Monster 821 della Ducati. Con questa nuova naked di taglia media, la Casa di Borgo Panigale prosegue il successo ultra ventennale della famiglia Monster che vanta oramai oltre 290mila esemplari venduti nel mondo. L&#8217;821 [&hellip;]\" \/>\n<meta property=\"og:url\" content=\"https:\/\/www.bellunopress.it\/fr\/2014\/07\/12\/il-rombo-della-nuova-monster-821-riscalda-lestate-alla-tecnosport-di-belluno\/\" \/>\n<meta property=\"og:site_name\" content=\"Bellunopress - Dolomiti\" \/>\n<meta property=\"article:publisher\" content=\"https:\/\/www.facebook.com\/profile.php?id=100008943462799\" \/>\n<meta property=\"article:published_time\" content=\"2014-07-12T15:56:42+00:00\" \/>\n<meta property=\"article:modified_time\" content=\"2014-07-12T15:57:37+00:00\" \/>\n<meta property=\"og:image\" content=\"http:\/\/www.bellunopress.it\/wp-content\/uploads\/2014\/07\/Ducati-Monster-821.png\" \/>\n<meta name=\"author\" content=\"redazione\" \/>\n<meta name=\"twitter:card\" content=\"summary_large_image\" \/>\n<meta name=\"twitter:creator\" content=\"@bellunopress\" \/>\n<meta name=\"twitter:site\" content=\"@bellunopress\" \/>\n<meta name=\"twitter:label1\" content=\"\u00c9crit par\" \/>\n\t<meta name=\"twitter:data1\" content=\"redazione\" \/>\n\t<meta name=\"twitter:label2\" content=\"Dur\u00e9e de lecture estim\u00e9e\" \/>\n\t<meta name=\"twitter:data2\" content=\"1 minute\" \/>\n<script type=\"application\/ld+json\" class=\"yoast-schema-graph\">{\"@context\":\"https:\\\/\\\/schema.org\",\"@graph\":[{\"@type\":\"Article\",\"@id\":\"https:\\\/\\\/www.bellunopress.it\\\/2014\\\/07\\\/12\\\/il-rombo-della-nuova-monster-821-riscalda-lestate-alla-tecnosport-di-belluno\\\/#article\",\"isPartOf\":{\"@id\":\"https:\\\/\\\/www.bellunopress.it\\\/2014\\\/07\\\/12\\\/il-rombo-della-nuova-monster-821-riscalda-lestate-alla-tecnosport-di-belluno\\\/\"},\"author\":{\"name\":\"redazione\",\"@id\":\"https:\\\/\\\/www.bellunopress.it\\\/#\\\/schema\\\/person\\\/79bb06722b37ece1c03d3e94beb30d73\"},\"headline\":\"Il rombo della nuova Monster 821 riscalda l&#8217;estate alla Tecnosport di Belluno\",\"datePublished\":\"2014-07-12T15:56:42+00:00\",\"dateModified\":\"2014-07-12T15:57:37+00:00\",\"mainEntityOfPage\":{\"@id\":\"https:\\\/\\\/www.bellunopress.it\\\/2014\\\/07\\\/12\\\/il-rombo-della-nuova-monster-821-riscalda-lestate-alla-tecnosport-di-belluno\\\/\"},\"wordCount\":185,\"publisher\":{\"@id\":\"https:\\\/\\\/www.bellunopress.it\\\/#organization\"},\"image\":{\"@id\":\"https:\\\/\\\/www.bellunopress.it\\\/2014\\\/07\\\/12\\\/il-rombo-della-nuova-monster-821-riscalda-lestate-alla-tecnosport-di-belluno\\\/#primaryimage\"},\"thumbnailUrl\":\"http:\\\/\\\/www.bellunopress.it\\\/wp-content\\\/uploads\\\/2014\\\/07\\\/Ducati-Monster-821.png\",\"keywords\":[\"Belluno\",\"Ducati Monster 821\",\"Tecnosport\"],\"articleSection\":[\"Prima Pagina\",\"Pubbliredazionali\"],\"inLanguage\":\"fr-FR\"},{\"@type\":\"WebPage\",\"@id\":\"https:\\\/\\\/www.bellunopress.it\\\/2014\\\/07\\\/12\\\/il-rombo-della-nuova-monster-821-riscalda-lestate-alla-tecnosport-di-belluno\\\/\",\"url\":\"https:\\\/\\\/www.bellunopress.it\\\/2014\\\/07\\\/12\\\/il-rombo-della-nuova-monster-821-riscalda-lestate-alla-tecnosport-di-belluno\\\/\",\"name\":\"Il rombo della nuova Monster 821 riscalda l'estate alla Tecnosport di Belluno - Bellunopress - Dolomiti\",\"isPartOf\":{\"@id\":\"https:\\\/\\\/www.bellunopress.it\\\/#website\"},\"primaryImageOfPage\":{\"@id\":\"https:\\\/\\\/www.bellunopress.it\\\/2014\\\/07\\\/12\\\/il-rombo-della-nuova-monster-821-riscalda-lestate-alla-tecnosport-di-belluno\\\/#primaryimage\"},\"image\":{\"@id\":\"https:\\\/\\\/www.bellunopress.it\\\/2014\\\/07\\\/12\\\/il-rombo-della-nuova-monster-821-riscalda-lestate-alla-tecnosport-di-belluno\\\/#primaryimage\"},\"thumbnailUrl\":\"http:\\\/\\\/www.bellunopress.it\\\/wp-content\\\/uploads\\\/2014\\\/07\\\/Ducati-Monster-821.png\",\"datePublished\":\"2014-07-12T15:56:42+00:00\",\"dateModified\":\"2014-07-12T15:57:37+00:00\",\"breadcrumb\":{\"@id\":\"https:\\\/\\\/www.bellunopress.it\\\/2014\\\/07\\\/12\\\/il-rombo-della-nuova-monster-821-riscalda-lestate-alla-tecnosport-di-belluno\\\/#breadcrumb\"},\"inLanguage\":\"fr-FR\",\"potentialAction\":[{\"@type\":\"ReadAction\",\"target\":[\"https:\\\/\\\/www.bellunopress.it\\\/2014\\\/07\\\/12\\\/il-rombo-della-nuova-monster-821-riscalda-lestate-alla-tecnosport-di-belluno\\\/\"]}]},{\"@type\":\"ImageObject\",\"inLanguage\":\"fr-FR\",\"@id\":\"https:\\\/\\\/www.bellunopress.it\\\/2014\\\/07\\\/12\\\/il-rombo-della-nuova-monster-821-riscalda-lestate-alla-tecnosport-di-belluno\\\/#primaryimage\",\"url\":\"http:\\\/\\\/www.bellunopress.it\\\/wp-content\\\/uploads\\\/2014\\\/07\\\/Ducati-Monster-821.png\",\"contentUrl\":\"http:\\\/\\\/www.bellunopress.it\\\/wp-content\\\/uploads\\\/2014\\\/07\\\/Ducati-Monster-821.png\"},{\"@type\":\"BreadcrumbList\",\"@id\":\"https:\\\/\\\/www.bellunopress.it\\\/2014\\\/07\\\/12\\\/il-rombo-della-nuova-monster-821-riscalda-lestate-alla-tecnosport-di-belluno\\\/#breadcrumb\",\"itemListElement\":[{\"@type\":\"ListItem\",\"position\":1,\"name\":\"Home\",\"item\":\"https:\\\/\\\/www.bellunopress.it\\\/\"},{\"@type\":\"ListItem\",\"position\":2,\"name\":\"Il rombo della nuova Monster 821 riscalda l&#8217;estate alla Tecnosport di Belluno\"}]},{\"@type\":\"WebSite\",\"@id\":\"https:\\\/\\\/www.bellunopress.it\\\/#website\",\"url\":\"https:\\\/\\\/www.bellunopress.it\\\/\",\"name\":\"Bellunopress - Dolomiti\",\"description\":\"e-mail: redazione@bellunopress.it\",\"publisher\":{\"@id\":\"https:\\\/\\\/www.bellunopress.it\\\/#organization\"},\"potentialAction\":[{\"@type\":\"SearchAction\",\"target\":{\"@type\":\"EntryPoint\",\"urlTemplate\":\"https:\\\/\\\/www.bellunopress.it\\\/?s={search_term_string}\"},\"query-input\":{\"@type\":\"PropertyValueSpecification\",\"valueRequired\":true,\"valueName\":\"search_term_string\"}}],\"inLanguage\":\"fr-FR\"},{\"@type\":\"Organization\",\"@id\":\"https:\\\/\\\/www.bellunopress.it\\\/#organization\",\"name\":\"Bellunopress\",\"url\":\"https:\\\/\\\/www.bellunopress.it\\\/\",\"logo\":{\"@type\":\"ImageObject\",\"inLanguage\":\"fr-FR\",\"@id\":\"https:\\\/\\\/www.bellunopress.it\\\/#\\\/schema\\\/logo\\\/image\\\/\",\"url\":\"https:\\\/\\\/www.bellunopress.it\\\/wp-content\\\/uploads\\\/2011\\\/05\\\/cropped-logo-bellunopress-.jpg\",\"contentUrl\":\"https:\\\/\\\/www.bellunopress.it\\\/wp-content\\\/uploads\\\/2011\\\/05\\\/cropped-logo-bellunopress-.jpg\",\"width\":512,\"height\":512,\"caption\":\"Bellunopress\"},\"image\":{\"@id\":\"https:\\\/\\\/www.bellunopress.it\\\/#\\\/schema\\\/logo\\\/image\\\/\"},\"sameAs\":[\"https:\\\/\\\/www.facebook.com\\\/profile.php?id=100008943462799\",\"https:\\\/\\\/x.com\\\/bellunopress\",\"https:\\\/\\\/www.linkedin.com\\\/hp\\\/?dnr=JBzUWaJfMUw8vbXJJ2tVW5-I3jZKvC4wsoxE&amp;amp;amp;amp;amp;amp;trk=nav_responsive_tab_home\",\"https:\\\/\\\/www.youtube.com\\\/channel\\\/UCxL0wu1uN0_3_7hGG0306cw\"]},{\"@type\":\"Person\",\"@id\":\"https:\\\/\\\/www.bellunopress.it\\\/#\\\/schema\\\/person\\\/79bb06722b37ece1c03d3e94beb30d73\",\"name\":\"redazione\",\"image\":{\"@type\":\"ImageObject\",\"inLanguage\":\"fr-FR\",\"@id\":\"https:\\\/\\\/secure.gravatar.com\\\/avatar\\\/37d968a2e67a6fd04c169c4bdef102d0bc5d31b2546345219e348575eb80e9a0?s=96&d=mm&r=g\",\"url\":\"https:\\\/\\\/secure.gravatar.com\\\/avatar\\\/37d968a2e67a6fd04c169c4bdef102d0bc5d31b2546345219e348575eb80e9a0?s=96&d=mm&r=g\",\"contentUrl\":\"https:\\\/\\\/secure.gravatar.com\\\/avatar\\\/37d968a2e67a6fd04c169c4bdef102d0bc5d31b2546345219e348575eb80e9a0?s=96&d=mm&r=g\",\"caption\":\"redazione\"},\"sameAs\":[\"http:\\\/\\\/www.bellunopress.it\",\"https:\\\/\\\/x.com\\\/bellunopress\"],\"url\":\"https:\\\/\\\/www.bellunopress.it\\\/fr\\\/author\\\/redazione\\\/\"}]}<\/script>\n<!-- \/ Yoast SEO plugin. -->","yoast_head_json":{"title":"Il rombo della nuova Monster 821 riscalda l'estate alla Tecnosport di Belluno - Bellunopress - Dolomiti","robots":{"index":"index","follow":"follow","max-snippet":"max-snippet:-1","max-image-preview":"max-image-preview:large","max-video-preview":"max-video-preview:-1"},"canonical":"https:\/\/www.bellunopress.it\/fr\/2014\/07\/12\/il-rombo-della-nuova-monster-821-riscalda-lestate-alla-tecnosport-di-belluno\/","og_locale":"fr_FR","og_type":"article","og_title":"Il rombo della nuova Monster 821 riscalda l'estate alla Tecnosport di Belluno - Bellunopress - Dolomiti","og_description":"L&#8217;attesa \u00e8 quasi terminata. A giorni, presso la Concessionaria Tecnosport di Belluno in via Vittorio Veneto, n.258 sar\u00e0 disponibile il nuovo Monster 821 della Ducati. Con questa nuova naked di taglia media, la Casa di Borgo Panigale prosegue il successo ultra ventennale della famiglia Monster che vanta oramai oltre 290mila esemplari venduti nel mondo. L&#8217;821 [&hellip;]","og_url":"https:\/\/www.bellunopress.it\/fr\/2014\/07\/12\/il-rombo-della-nuova-monster-821-riscalda-lestate-alla-tecnosport-di-belluno\/","og_site_name":"Bellunopress - Dolomiti","article_publisher":"https:\/\/www.facebook.com\/profile.php?id=100008943462799","article_published_time":"2014-07-12T15:56:42+00:00","article_modified_time":"2014-07-12T15:57:37+00:00","og_image":[{"url":"http:\/\/www.bellunopress.it\/wp-content\/uploads\/2014\/07\/Ducati-Monster-821.png","type":"","width":"","height":""}],"author":"redazione","twitter_card":"summary_large_image","twitter_creator":"@bellunopress","twitter_site":"@bellunopress","twitter_misc":{"\u00c9crit par":"redazione","Dur\u00e9e de lecture estim\u00e9e":"1 minute"},"schema":{"@context":"https:\/\/schema.org","@graph":[{"@type":"Article","@id":"https:\/\/www.bellunopress.it\/2014\/07\/12\/il-rombo-della-nuova-monster-821-riscalda-lestate-alla-tecnosport-di-belluno\/#article","isPartOf":{"@id":"https:\/\/www.bellunopress.it\/2014\/07\/12\/il-rombo-della-nuova-monster-821-riscalda-lestate-alla-tecnosport-di-belluno\/"},"author":{"name":"redazione","@id":"https:\/\/www.bellunopress.it\/#\/schema\/person\/79bb06722b37ece1c03d3e94beb30d73"},"headline":"Il rombo della nuova Monster 821 riscalda l&#8217;estate alla Tecnosport di Belluno","datePublished":"2014-07-12T15:56:42+00:00","dateModified":"2014-07-12T15:57:37+00:00","mainEntityOfPage":{"@id":"https:\/\/www.bellunopress.it\/2014\/07\/12\/il-rombo-della-nuova-monster-821-riscalda-lestate-alla-tecnosport-di-belluno\/"},"wordCount":185,"publisher":{"@id":"https:\/\/www.bellunopress.it\/#organization"},"image":{"@id":"https:\/\/www.bellunopress.it\/2014\/07\/12\/il-rombo-della-nuova-monster-821-riscalda-lestate-alla-tecnosport-di-belluno\/#primaryimage"},"thumbnailUrl":"http:\/\/www.bellunopress.it\/wp-content\/uploads\/2014\/07\/Ducati-Monster-821.png","keywords":["Belluno","Ducati Monster 821","Tecnosport"],"articleSection":["Prima Pagina","Pubbliredazionali"],"inLanguage":"fr-FR"},{"@type":"WebPage","@id":"https:\/\/www.bellunopress.it\/2014\/07\/12\/il-rombo-della-nuova-monster-821-riscalda-lestate-alla-tecnosport-di-belluno\/","url":"https:\/\/www.bellunopress.it\/2014\/07\/12\/il-rombo-della-nuova-monster-821-riscalda-lestate-alla-tecnosport-di-belluno\/","name":"Il rombo della nuova Monster 821 riscalda l'estate alla Tecnosport di Belluno - Bellunopress - Dolomiti","isPartOf":{"@id":"https:\/\/www.bellunopress.it\/#website"},"primaryImageOfPage":{"@id":"https:\/\/www.bellunopress.it\/2014\/07\/12\/il-rombo-della-nuova-monster-821-riscalda-lestate-alla-tecnosport-di-belluno\/#primaryimage"},"image":{"@id":"https:\/\/www.bellunopress.it\/2014\/07\/12\/il-rombo-della-nuova-monster-821-riscalda-lestate-alla-tecnosport-di-belluno\/#primaryimage"},"thumbnailUrl":"http:\/\/www.bellunopress.it\/wp-content\/uploads\/2014\/07\/Ducati-Monster-821.png","datePublished":"2014-07-12T15:56:42+00:00","dateModified":"2014-07-12T15:57:37+00:00","breadcrumb":{"@id":"https:\/\/www.bellunopress.it\/2014\/07\/12\/il-rombo-della-nuova-monster-821-riscalda-lestate-alla-tecnosport-di-belluno\/#breadcrumb"},"inLanguage":"fr-FR","potentialAction":[{"@type":"ReadAction","target":["https:\/\/www.bellunopress.it\/2014\/07\/12\/il-rombo-della-nuova-monster-821-riscalda-lestate-alla-tecnosport-di-belluno\/"]}]},{"@type":"ImageObject","inLanguage":"fr-FR","@id":"https:\/\/www.bellunopress.it\/2014\/07\/12\/il-rombo-della-nuova-monster-821-riscalda-lestate-alla-tecnosport-di-belluno\/#primaryimage","url":"http:\/\/www.bellunopress.it\/wp-content\/uploads\/2014\/07\/Ducati-Monster-821.png","contentUrl":"http:\/\/www.bellunopress.it\/wp-content\/uploads\/2014\/07\/Ducati-Monster-821.png"},{"@type":"BreadcrumbList","@id":"https:\/\/www.bellunopress.it\/2014\/07\/12\/il-rombo-della-nuova-monster-821-riscalda-lestate-alla-tecnosport-di-belluno\/#breadcrumb","itemListElement":[{"@type":"ListItem","position":1,"name":"Home","item":"https:\/\/www.bellunopress.it\/"},{"@type":"ListItem","position":2,"name":"Il rombo della nuova Monster 821 riscalda l&#8217;estate alla Tecnosport di Belluno"}]},{"@type":"WebSite","@id":"https:\/\/www.bellunopress.it\/#website","url":"https:\/\/www.bellunopress.it\/","name":"Bellunopress - Dolomiti","description":"e-mail: redazione@bellunopress.it","publisher":{"@id":"https:\/\/www.bellunopress.it\/#organization"},"potentialAction":[{"@type":"SearchAction","target":{"@type":"EntryPoint","urlTemplate":"https:\/\/www.bellunopress.it\/?s={search_term_string}"},"query-input":{"@type":"PropertyValueSpecification","valueRequired":true,"valueName":"search_term_string"}}],"inLanguage":"fr-FR"},{"@type":"Organization","@id":"https:\/\/www.bellunopress.it\/#organization","name":"Bellunopress","url":"https:\/\/www.bellunopress.it\/","logo":{"@type":"ImageObject","inLanguage":"fr-FR","@id":"https:\/\/www.bellunopress.it\/#\/schema\/logo\/image\/","url":"https:\/\/www.bellunopress.it\/wp-content\/uploads\/2011\/05\/cropped-logo-bellunopress-.jpg","contentUrl":"https:\/\/www.bellunopress.it\/wp-content\/uploads\/2011\/05\/cropped-logo-bellunopress-.jpg","width":512,"height":512,"caption":"Bellunopress"},"image":{"@id":"https:\/\/www.bellunopress.it\/#\/schema\/logo\/image\/"},"sameAs":["https:\/\/www.facebook.com\/profile.php?id=100008943462799","https:\/\/x.com\/bellunopress","https:\/\/www.linkedin.com\/hp\/?dnr=JBzUWaJfMUw8vbXJJ2tVW5-I3jZKvC4wsoxE&amp;amp;amp;amp;amp;amp;trk=nav_responsive_tab_home","https:\/\/www.youtube.com\/channel\/UCxL0wu1uN0_3_7hGG0306cw"]},{"@type":"Person","@id":"https:\/\/www.bellunopress.it\/#\/schema\/person\/79bb06722b37ece1c03d3e94beb30d73","name":"r\u00e9daction","image":{"@type":"ImageObject","inLanguage":"fr-FR","@id":"https:\/\/secure.gravatar.com\/avatar\/37d968a2e67a6fd04c169c4bdef102d0bc5d31b2546345219e348575eb80e9a0?s=96&d=mm&r=g","url":"https:\/\/secure.gravatar.com\/avatar\/37d968a2e67a6fd04c169c4bdef102d0bc5d31b2546345219e348575eb80e9a0?s=96&d=mm&r=g","contentUrl":"https:\/\/secure.gravatar.com\/avatar\/37d968a2e67a6fd04c169c4bdef102d0bc5d31b2546345219e348575eb80e9a0?s=96&d=mm&r=g","caption":"redazione"},"sameAs":["http:\/\/www.bellunopress.it","https:\/\/x.com\/bellunopress"],"url":"https:\/\/www.bellunopress.it\/fr\/author\/redazione\/"}]}},"_links":{"self":[{"href":"https:\/\/www.bellunopress.it\/fr\/wp-json\/wp\/v2\/posts\/60426","targetHints":{"allow":["GET"]}}],"collection":[{"href":"https:\/\/www.bellunopress.it\/fr\/wp-json\/wp\/v2\/posts"}],"about":[{"href":"https:\/\/www.bellunopress.it\/fr\/wp-json\/wp\/v2\/types\/post"}],"author":[{"embeddable":true,"href":"https:\/\/www.bellunopress.it\/fr\/wp-json\/wp\/v2\/users\/2"}],"replies":[{"embeddable":true,"href":"https:\/\/www.bellunopress.it\/fr\/wp-json\/wp\/v2\/comments?post=60426"}],"version-history":[{"count":2,"href":"https:\/\/www.bellunopress.it\/fr\/wp-json\/wp\/v2\/posts\/60426\/revisions"}],"predecessor-version":[{"id":60429,"href":"https:\/\/www.bellunopress.it\/fr\/wp-json\/wp\/v2\/posts\/60426\/revisions\/60429"}],"wp:attachment":[{"href":"https:\/\/www.bellunopress.it\/fr\/wp-json\/wp\/v2\/media?parent=60426"}],"wp:term":[{"taxonomy":"category","embeddable":true,"href":"https:\/\/www.bellunopress.it\/fr\/wp-json\/wp\/v2\/categories?post=60426"},{"taxonomy":"post_tag","embeddable":true,"href":"https:\/\/www.bellunopress.it\/fr\/wp-json\/wp\/v2\/tags?post=60426"}],"curies":[{"name":"wp","href":"https:\/\/api.w.org\/{rel}","templated":true}]}}