{"id":60421,"date":"2014-07-12T15:48:04","date_gmt":"2014-07-12T14:48:04","guid":{"rendered":"http:\/\/www.bellunopress.it\/?p=60421"},"modified":"2014-07-12T15:48:46","modified_gmt":"2014-07-12T14:48:46","slug":"accordi-per-rilanciare-leconomia-no-per-le-poltrone-le-elezioni-provinciali-viste-dal-segretario-veneto-del-pd-roger-de-menech","status":"publish","type":"post","link":"https:\/\/www.bellunopress.it\/fr\/2014\/07\/12\/accordi-per-rilanciare-leconomia-no-per-le-poltrone-le-elezioni-provinciali-viste-dal-segretario-veneto-del-pd-roger-de-menech\/","title":{"rendered":"Accordi per rilanciare l\u2019economia, no per le poltrone.\u00a0Le elezioni provinciali viste dal segretario veneto del Pd Roger De Menech"},"content":{"rendered":"<figure id=\"attachment_46179\" aria-describedby=\"caption-attachment-46179\" style=\"width: 193px\" class=\"wp-caption alignleft\"><a href=\"http:\/\/www.bellunopress.it\/wp-content\/uploads\/2013\/01\/roger-de-menech-1.jpg\"><img loading=\"lazy\" decoding=\"async\" class=\"size-full wp-image-46179\" src=\"http:\/\/www.bellunopress.it\/wp-content\/uploads\/2013\/01\/roger-de-menech-1.jpg\" alt=\"Roger De Menech, deputato Pd\" width=\"193\" height=\"290\" \/><\/a><figcaption id=\"caption-attachment-46179\" class=\"wp-caption-text\">Roger De Menech, deputato Pd<\/figcaption><\/figure>\n<p>Il Bellunese ha bisogno di una guida autorevole, innovativa e capace di rappresentare tutte le aree e le istanze provenienti dalle sue componenti. L\u2019elezione del presidente della Provincia che ci vedr\u00e0 impegnati entro la fine di settembre, costituisce un banco di prova sul futuro dell\u2019ente, ma soprattutto per l\u2019intero territorio.<\/p>\n<p>Il centrosinistra ha oggi la responsabilit\u00e0 di guidare il processo di cambiamento in corso. La riforma Delrio ha cancellato le Province delle aree metropolitane, ha svuotato di competenze e funzioni tutte le altre e ha potenziato tre soli enti in Italia per le loro caratteristiche di province interamente montane e confinanti con stati esteri: una di queste \u00e8 la Provincia di Belluno. E\u2019 chiaro a tutti che le maggiori competenze e l\u2019autonomia prevista dal governo a cui la Regione Veneto dovr\u00e0 dare seguito, impongono un netto cambio di passo rispetto al passato.<\/p>\n<p>Il tempo dei giochini di potere della vecchia politica \u00e8 tramontato. E\u2019 nostra intenzione avviare un confronto aperto con tutti i soggetti disponibili a spendersi coraggiosamente per il territorio al di l\u00e0 degli schieramenti di appartenenza. Il centrosinistra offre e pretende discontinuit\u00e0 rispetto al passato. Lo fa per non ripetere errori grandi e piccoli, tra cui annovero la gestione partitica e non manageriale di Bim \u2013 Gsp che ha portato all\u2019aumento vertiginoso delle tariffe dell\u2019acqua.<\/p>\n<p>Lo dico senza timori: i punti di accordo con le forze politiche e i loro rappresentanti chiamati a votare a settembre li dobbiamo trovare su come rilanciare l\u2019economia, non sulle poltrone. Per il centrosinistra il tema principale \u00e8 la competitivit\u00e0 del sistema economico territoriale.<\/p>\n<p>Le imprese, i professionisti e i lavoratori bellunesi faticano pi\u00f9 di altri territori a gestire la transizione da un\u2019economia prevalentemente improntata alla produzione industriale a un modello di servizi e produzioni specializzate ad alto valore aggiunto. Le difficolt\u00e0 di partenza dovute alle condizioni geografiche, sono aggravate dalla carenza di infrastrutture di base e da una cultura della \u201cpaura\u201d che porta costantemente i nostri amministratori a dividersi invece che a coniugare le forze disponibili.<\/p>\n<p>I punti qualificanti della nostra proposta sono:<\/p>\n<p>a) l\u2019estensione della banda larga in tutte le comunit\u00e0 bellunesi, perch\u00e9 oggi le idee, i servizi alle imprese e al dettaglio e la vendita di beni transitano prevalentemente sulla rete;<\/p>\n<p>b) la riqualificazione e velocizzazione dei collegamenti ferroviari e di trasporto pubblico locale interni e verso la pianura;<\/p>\n<p>c) un\u2019operazione di trasparenza politica e amministrativa che prevede una credibile e autorevole rappresentanza di tutte le vallate bellunesi nel nuovo Consiglio provinciale. Per trasformare in opportunit\u00e0 quelli che un tempo erano i nostri punti deboli dobbiamo accogliere tutte le esigenze di una provincia cos\u00ec ricca e variegata.<\/p>\n<p>In conclusione, la riforma Delrio ci offre l\u2019opportunit\u00e0 di guidare il cambiamento. Assegna maggiori competenze e pezzi di reale autonomia alla Provincia di Belluno. Non sprechiamo l\u2019occasione che ci \u00e8 data azzuffandoci per qualche poltroncina di poco conto. Operiamo invece per trasformarla in valore, lavoro e una migliore qualit\u00e0 della vita dei bellunesi.<\/p>\n<p><strong>\u00a0Roger De Menech<\/strong><\/p>\n<p>&nbsp;<\/p>","protected":false},"excerpt":{"rendered":"<p>Il Bellunese ha bisogno di una guida autorevole, innovativa e capace di rappresentare tutte le aree e le istanze provenienti dalle sue componenti. L\u2019elezione del presidente della Provincia che ci vedr\u00e0 impegnati entro la fine di settembre, costituisce un banco di prova sul futuro dell\u2019ente, ma soprattutto per l\u2019intero territorio. Il centrosinistra ha oggi la [&hellip;]<\/p>\n","protected":false},"author":2,"featured_media":0,"comment_status":"closed","ping_status":"open","sticky":false,"template":"","format":"standard","meta":{"footnotes":""},"categories":[1],"tags":[],"class_list":["post-60421","post","type-post","status-publish","format-standard","category-leo"],"yoast_head":"<!-- This site is optimized with the Yoast SEO plugin v28.4 - https:\/\/yoast.com\/product\/yoast-seo-wordpress\/ -->\n<title>Accordi per rilanciare l\u2019economia, no per le poltrone.\u00a0Le elezioni provinciali viste dal segretario veneto del Pd Roger De Menech - Bellunopress - Dolomiti<\/title>\n<meta name=\"robots\" content=\"index, follow, max-snippet:-1, max-image-preview:large, max-video-preview:-1\" \/>\n<link rel=\"canonical\" href=\"https:\/\/www.bellunopress.it\/fr\/2014\/07\/12\/accordi-per-rilanciare-leconomia-no-per-le-poltrone-le-elezioni-provinciali-viste-dal-segretario-veneto-del-pd-roger-de-menech\/\" \/>\n<meta property=\"og:locale\" content=\"fr_FR\" \/>\n<meta property=\"og:type\" content=\"article\" \/>\n<meta property=\"og:title\" content=\"Accordi per rilanciare l\u2019economia, no per le poltrone.\u00a0Le elezioni provinciali viste dal segretario veneto del Pd Roger De Menech - Bellunopress - Dolomiti\" \/>\n<meta property=\"og:description\" content=\"Il Bellunese ha bisogno di una guida autorevole, innovativa e capace di rappresentare tutte le aree e le istanze provenienti dalle sue componenti. L\u2019elezione del presidente della Provincia che ci vedr\u00e0 impegnati entro la fine di settembre, costituisce un banco di prova sul futuro dell\u2019ente, ma soprattutto per l\u2019intero territorio. Il centrosinistra ha oggi la [&hellip;]\" \/>\n<meta property=\"og:url\" content=\"https:\/\/www.bellunopress.it\/fr\/2014\/07\/12\/accordi-per-rilanciare-leconomia-no-per-le-poltrone-le-elezioni-provinciali-viste-dal-segretario-veneto-del-pd-roger-de-menech\/\" \/>\n<meta property=\"og:site_name\" content=\"Bellunopress - Dolomiti\" \/>\n<meta property=\"article:publisher\" content=\"https:\/\/www.facebook.com\/profile.php?id=100008943462799\" \/>\n<meta property=\"article:published_time\" content=\"2014-07-12T14:48:04+00:00\" \/>\n<meta property=\"article:modified_time\" content=\"2014-07-12T14:48:46+00:00\" \/>\n<meta property=\"og:image\" content=\"http:\/\/www.bellunopress.it\/wp-content\/uploads\/2013\/01\/roger-de-menech-1.jpg\" \/>\n<meta name=\"author\" content=\"redazione\" \/>\n<meta name=\"twitter:card\" content=\"summary_large_image\" \/>\n<meta name=\"twitter:creator\" content=\"@bellunopress\" \/>\n<meta name=\"twitter:site\" content=\"@bellunopress\" \/>\n<meta name=\"twitter:label1\" content=\"\u00c9crit par\" \/>\n\t<meta name=\"twitter:data1\" content=\"redazione\" \/>\n\t<meta name=\"twitter:label2\" content=\"Dur\u00e9e de lecture estim\u00e9e\" \/>\n\t<meta name=\"twitter:data2\" content=\"3 minutes\" \/>\n<script type=\"application\/ld+json\" class=\"yoast-schema-graph\">{\"@context\":\"https:\\\/\\\/schema.org\",\"@graph\":[{\"@type\":\"Article\",\"@id\":\"https:\\\/\\\/www.bellunopress.it\\\/2014\\\/07\\\/12\\\/accordi-per-rilanciare-leconomia-no-per-le-poltrone-le-elezioni-provinciali-viste-dal-segretario-veneto-del-pd-roger-de-menech\\\/#article\",\"isPartOf\":{\"@id\":\"https:\\\/\\\/www.bellunopress.it\\\/2014\\\/07\\\/12\\\/accordi-per-rilanciare-leconomia-no-per-le-poltrone-le-elezioni-provinciali-viste-dal-segretario-veneto-del-pd-roger-de-menech\\\/\"},\"author\":{\"name\":\"redazione\",\"@id\":\"https:\\\/\\\/www.bellunopress.it\\\/#\\\/schema\\\/person\\\/79bb06722b37ece1c03d3e94beb30d73\"},\"headline\":\"Accordi per rilanciare l\u2019economia, no per le poltrone.\u00a0Le elezioni provinciali viste dal segretario veneto del Pd Roger De Menech\",\"datePublished\":\"2014-07-12T14:48:04+00:00\",\"dateModified\":\"2014-07-12T14:48:46+00:00\",\"mainEntityOfPage\":{\"@id\":\"https:\\\/\\\/www.bellunopress.it\\\/2014\\\/07\\\/12\\\/accordi-per-rilanciare-leconomia-no-per-le-poltrone-le-elezioni-provinciali-viste-dal-segretario-veneto-del-pd-roger-de-menech\\\/\"},\"wordCount\":534,\"publisher\":{\"@id\":\"https:\\\/\\\/www.bellunopress.it\\\/#organization\"},\"image\":{\"@id\":\"https:\\\/\\\/www.bellunopress.it\\\/2014\\\/07\\\/12\\\/accordi-per-rilanciare-leconomia-no-per-le-poltrone-le-elezioni-provinciali-viste-dal-segretario-veneto-del-pd-roger-de-menech\\\/#primaryimage\"},\"thumbnailUrl\":\"http:\\\/\\\/www.bellunopress.it\\\/wp-content\\\/uploads\\\/2013\\\/01\\\/roger-de-menech-1.jpg\",\"articleSection\":[\"Lettere Opinioni\"],\"inLanguage\":\"fr-FR\"},{\"@type\":\"WebPage\",\"@id\":\"https:\\\/\\\/www.bellunopress.it\\\/2014\\\/07\\\/12\\\/accordi-per-rilanciare-leconomia-no-per-le-poltrone-le-elezioni-provinciali-viste-dal-segretario-veneto-del-pd-roger-de-menech\\\/\",\"url\":\"https:\\\/\\\/www.bellunopress.it\\\/2014\\\/07\\\/12\\\/accordi-per-rilanciare-leconomia-no-per-le-poltrone-le-elezioni-provinciali-viste-dal-segretario-veneto-del-pd-roger-de-menech\\\/\",\"name\":\"Accordi per rilanciare l\u2019economia, no per le poltrone.\u00a0Le elezioni provinciali viste dal segretario veneto del Pd Roger De Menech - Bellunopress - Dolomiti\",\"isPartOf\":{\"@id\":\"https:\\\/\\\/www.bellunopress.it\\\/#website\"},\"primaryImageOfPage\":{\"@id\":\"https:\\\/\\\/www.bellunopress.it\\\/2014\\\/07\\\/12\\\/accordi-per-rilanciare-leconomia-no-per-le-poltrone-le-elezioni-provinciali-viste-dal-segretario-veneto-del-pd-roger-de-menech\\\/#primaryimage\"},\"image\":{\"@id\":\"https:\\\/\\\/www.bellunopress.it\\\/2014\\\/07\\\/12\\\/accordi-per-rilanciare-leconomia-no-per-le-poltrone-le-elezioni-provinciali-viste-dal-segretario-veneto-del-pd-roger-de-menech\\\/#primaryimage\"},\"thumbnailUrl\":\"http:\\\/\\\/www.bellunopress.it\\\/wp-content\\\/uploads\\\/2013\\\/01\\\/roger-de-menech-1.jpg\",\"datePublished\":\"2014-07-12T14:48:04+00:00\",\"dateModified\":\"2014-07-12T14:48:46+00:00\",\"breadcrumb\":{\"@id\":\"https:\\\/\\\/www.bellunopress.it\\\/2014\\\/07\\\/12\\\/accordi-per-rilanciare-leconomia-no-per-le-poltrone-le-elezioni-provinciali-viste-dal-segretario-veneto-del-pd-roger-de-menech\\\/#breadcrumb\"},\"inLanguage\":\"fr-FR\",\"potentialAction\":[{\"@type\":\"ReadAction\",\"target\":[\"https:\\\/\\\/www.bellunopress.it\\\/2014\\\/07\\\/12\\\/accordi-per-rilanciare-leconomia-no-per-le-poltrone-le-elezioni-provinciali-viste-dal-segretario-veneto-del-pd-roger-de-menech\\\/\"]}]},{\"@type\":\"ImageObject\",\"inLanguage\":\"fr-FR\",\"@id\":\"https:\\\/\\\/www.bellunopress.it\\\/2014\\\/07\\\/12\\\/accordi-per-rilanciare-leconomia-no-per-le-poltrone-le-elezioni-provinciali-viste-dal-segretario-veneto-del-pd-roger-de-menech\\\/#primaryimage\",\"url\":\"http:\\\/\\\/www.bellunopress.it\\\/wp-content\\\/uploads\\\/2013\\\/01\\\/roger-de-menech-1.jpg\",\"contentUrl\":\"http:\\\/\\\/www.bellunopress.it\\\/wp-content\\\/uploads\\\/2013\\\/01\\\/roger-de-menech-1.jpg\"},{\"@type\":\"BreadcrumbList\",\"@id\":\"https:\\\/\\\/www.bellunopress.it\\\/2014\\\/07\\\/12\\\/accordi-per-rilanciare-leconomia-no-per-le-poltrone-le-elezioni-provinciali-viste-dal-segretario-veneto-del-pd-roger-de-menech\\\/#breadcrumb\",\"itemListElement\":[{\"@type\":\"ListItem\",\"position\":1,\"name\":\"Home\",\"item\":\"https:\\\/\\\/www.bellunopress.it\\\/\"},{\"@type\":\"ListItem\",\"position\":2,\"name\":\"Accordi per rilanciare l\u2019economia, no per le poltrone.\u00a0Le elezioni provinciali viste dal segretario veneto del Pd Roger De Menech\"}]},{\"@type\":\"WebSite\",\"@id\":\"https:\\\/\\\/www.bellunopress.it\\\/#website\",\"url\":\"https:\\\/\\\/www.bellunopress.it\\\/\",\"name\":\"Bellunopress - Dolomiti\",\"description\":\"e-mail: redazione@bellunopress.it\",\"publisher\":{\"@id\":\"https:\\\/\\\/www.bellunopress.it\\\/#organization\"},\"potentialAction\":[{\"@type\":\"SearchAction\",\"target\":{\"@type\":\"EntryPoint\",\"urlTemplate\":\"https:\\\/\\\/www.bellunopress.it\\\/?s={search_term_string}\"},\"query-input\":{\"@type\":\"PropertyValueSpecification\",\"valueRequired\":true,\"valueName\":\"search_term_string\"}}],\"inLanguage\":\"fr-FR\"},{\"@type\":\"Organization\",\"@id\":\"https:\\\/\\\/www.bellunopress.it\\\/#organization\",\"name\":\"Bellunopress\",\"url\":\"https:\\\/\\\/www.bellunopress.it\\\/\",\"logo\":{\"@type\":\"ImageObject\",\"inLanguage\":\"fr-FR\",\"@id\":\"https:\\\/\\\/www.bellunopress.it\\\/#\\\/schema\\\/logo\\\/image\\\/\",\"url\":\"https:\\\/\\\/www.bellunopress.it\\\/wp-content\\\/uploads\\\/2011\\\/05\\\/cropped-logo-bellunopress-.jpg\",\"contentUrl\":\"https:\\\/\\\/www.bellunopress.it\\\/wp-content\\\/uploads\\\/2011\\\/05\\\/cropped-logo-bellunopress-.jpg\",\"width\":512,\"height\":512,\"caption\":\"Bellunopress\"},\"image\":{\"@id\":\"https:\\\/\\\/www.bellunopress.it\\\/#\\\/schema\\\/logo\\\/image\\\/\"},\"sameAs\":[\"https:\\\/\\\/www.facebook.com\\\/profile.php?id=100008943462799\",\"https:\\\/\\\/x.com\\\/bellunopress\",\"https:\\\/\\\/www.linkedin.com\\\/hp\\\/?dnr=JBzUWaJfMUw8vbXJJ2tVW5-I3jZKvC4wsoxE&amp;amp;amp;amp;amp;amp;trk=nav_responsive_tab_home\",\"https:\\\/\\\/www.youtube.com\\\/channel\\\/UCxL0wu1uN0_3_7hGG0306cw\"]},{\"@type\":\"Person\",\"@id\":\"https:\\\/\\\/www.bellunopress.it\\\/#\\\/schema\\\/person\\\/79bb06722b37ece1c03d3e94beb30d73\",\"name\":\"redazione\",\"image\":{\"@type\":\"ImageObject\",\"inLanguage\":\"fr-FR\",\"@id\":\"https:\\\/\\\/secure.gravatar.com\\\/avatar\\\/37d968a2e67a6fd04c169c4bdef102d0bc5d31b2546345219e348575eb80e9a0?s=96&d=mm&r=g\",\"url\":\"https:\\\/\\\/secure.gravatar.com\\\/avatar\\\/37d968a2e67a6fd04c169c4bdef102d0bc5d31b2546345219e348575eb80e9a0?s=96&d=mm&r=g\",\"contentUrl\":\"https:\\\/\\\/secure.gravatar.com\\\/avatar\\\/37d968a2e67a6fd04c169c4bdef102d0bc5d31b2546345219e348575eb80e9a0?s=96&d=mm&r=g\",\"caption\":\"redazione\"},\"sameAs\":[\"http:\\\/\\\/www.bellunopress.it\",\"https:\\\/\\\/x.com\\\/bellunopress\"],\"url\":\"https:\\\/\\\/www.bellunopress.it\\\/fr\\\/author\\\/redazione\\\/\"}]}<\/script>\n<!-- \/ Yoast SEO plugin. -->","yoast_head_json":{"title":"Accordi per rilanciare l\u2019economia, no per le poltrone.\u00a0Le elezioni provinciali viste dal segretario veneto del Pd Roger De Menech - Bellunopress - Dolomiti","robots":{"index":"index","follow":"follow","max-snippet":"max-snippet:-1","max-image-preview":"max-image-preview:large","max-video-preview":"max-video-preview:-1"},"canonical":"https:\/\/www.bellunopress.it\/fr\/2014\/07\/12\/accordi-per-rilanciare-leconomia-no-per-le-poltrone-le-elezioni-provinciali-viste-dal-segretario-veneto-del-pd-roger-de-menech\/","og_locale":"fr_FR","og_type":"article","og_title":"Accordi per rilanciare l\u2019economia, no per le poltrone.\u00a0Le elezioni provinciali viste dal segretario veneto del Pd Roger De Menech - Bellunopress - Dolomiti","og_description":"Il Bellunese ha bisogno di una guida autorevole, innovativa e capace di rappresentare tutte le aree e le istanze provenienti dalle sue componenti. L\u2019elezione del presidente della Provincia che ci vedr\u00e0 impegnati entro la fine di settembre, costituisce un banco di prova sul futuro dell\u2019ente, ma soprattutto per l\u2019intero territorio. Il centrosinistra ha oggi la [&hellip;]","og_url":"https:\/\/www.bellunopress.it\/fr\/2014\/07\/12\/accordi-per-rilanciare-leconomia-no-per-le-poltrone-le-elezioni-provinciali-viste-dal-segretario-veneto-del-pd-roger-de-menech\/","og_site_name":"Bellunopress - Dolomiti","article_publisher":"https:\/\/www.facebook.com\/profile.php?id=100008943462799","article_published_time":"2014-07-12T14:48:04+00:00","article_modified_time":"2014-07-12T14:48:46+00:00","og_image":[{"url":"http:\/\/www.bellunopress.it\/wp-content\/uploads\/2013\/01\/roger-de-menech-1.jpg","type":"","width":"","height":""}],"author":"redazione","twitter_card":"summary_large_image","twitter_creator":"@bellunopress","twitter_site":"@bellunopress","twitter_misc":{"\u00c9crit par":"redazione","Dur\u00e9e de lecture estim\u00e9e":"3 minutes"},"schema":{"@context":"https:\/\/schema.org","@graph":[{"@type":"Article","@id":"https:\/\/www.bellunopress.it\/2014\/07\/12\/accordi-per-rilanciare-leconomia-no-per-le-poltrone-le-elezioni-provinciali-viste-dal-segretario-veneto-del-pd-roger-de-menech\/#article","isPartOf":{"@id":"https:\/\/www.bellunopress.it\/2014\/07\/12\/accordi-per-rilanciare-leconomia-no-per-le-poltrone-le-elezioni-provinciali-viste-dal-segretario-veneto-del-pd-roger-de-menech\/"},"author":{"name":"redazione","@id":"https:\/\/www.bellunopress.it\/#\/schema\/person\/79bb06722b37ece1c03d3e94beb30d73"},"headline":"Accordi per rilanciare l\u2019economia, no per le poltrone.\u00a0Le elezioni provinciali viste dal segretario veneto del Pd Roger De Menech","datePublished":"2014-07-12T14:48:04+00:00","dateModified":"2014-07-12T14:48:46+00:00","mainEntityOfPage":{"@id":"https:\/\/www.bellunopress.it\/2014\/07\/12\/accordi-per-rilanciare-leconomia-no-per-le-poltrone-le-elezioni-provinciali-viste-dal-segretario-veneto-del-pd-roger-de-menech\/"},"wordCount":534,"publisher":{"@id":"https:\/\/www.bellunopress.it\/#organization"},"image":{"@id":"https:\/\/www.bellunopress.it\/2014\/07\/12\/accordi-per-rilanciare-leconomia-no-per-le-poltrone-le-elezioni-provinciali-viste-dal-segretario-veneto-del-pd-roger-de-menech\/#primaryimage"},"thumbnailUrl":"http:\/\/www.bellunopress.it\/wp-content\/uploads\/2013\/01\/roger-de-menech-1.jpg","articleSection":["Lettere Opinioni"],"inLanguage":"fr-FR"},{"@type":"WebPage","@id":"https:\/\/www.bellunopress.it\/2014\/07\/12\/accordi-per-rilanciare-leconomia-no-per-le-poltrone-le-elezioni-provinciali-viste-dal-segretario-veneto-del-pd-roger-de-menech\/","url":"https:\/\/www.bellunopress.it\/2014\/07\/12\/accordi-per-rilanciare-leconomia-no-per-le-poltrone-le-elezioni-provinciali-viste-dal-segretario-veneto-del-pd-roger-de-menech\/","name":"Accordi per rilanciare l\u2019economia, no per le poltrone.\u00a0Le elezioni provinciali viste dal segretario veneto del Pd Roger De Menech - Bellunopress - Dolomiti","isPartOf":{"@id":"https:\/\/www.bellunopress.it\/#website"},"primaryImageOfPage":{"@id":"https:\/\/www.bellunopress.it\/2014\/07\/12\/accordi-per-rilanciare-leconomia-no-per-le-poltrone-le-elezioni-provinciali-viste-dal-segretario-veneto-del-pd-roger-de-menech\/#primaryimage"},"image":{"@id":"https:\/\/www.bellunopress.it\/2014\/07\/12\/accordi-per-rilanciare-leconomia-no-per-le-poltrone-le-elezioni-provinciali-viste-dal-segretario-veneto-del-pd-roger-de-menech\/#primaryimage"},"thumbnailUrl":"http:\/\/www.bellunopress.it\/wp-content\/uploads\/2013\/01\/roger-de-menech-1.jpg","datePublished":"2014-07-12T14:48:04+00:00","dateModified":"2014-07-12T14:48:46+00:00","breadcrumb":{"@id":"https:\/\/www.bellunopress.it\/2014\/07\/12\/accordi-per-rilanciare-leconomia-no-per-le-poltrone-le-elezioni-provinciali-viste-dal-segretario-veneto-del-pd-roger-de-menech\/#breadcrumb"},"inLanguage":"fr-FR","potentialAction":[{"@type":"ReadAction","target":["https:\/\/www.bellunopress.it\/2014\/07\/12\/accordi-per-rilanciare-leconomia-no-per-le-poltrone-le-elezioni-provinciali-viste-dal-segretario-veneto-del-pd-roger-de-menech\/"]}]},{"@type":"ImageObject","inLanguage":"fr-FR","@id":"https:\/\/www.bellunopress.it\/2014\/07\/12\/accordi-per-rilanciare-leconomia-no-per-le-poltrone-le-elezioni-provinciali-viste-dal-segretario-veneto-del-pd-roger-de-menech\/#primaryimage","url":"http:\/\/www.bellunopress.it\/wp-content\/uploads\/2013\/01\/roger-de-menech-1.jpg","contentUrl":"http:\/\/www.bellunopress.it\/wp-content\/uploads\/2013\/01\/roger-de-menech-1.jpg"},{"@type":"BreadcrumbList","@id":"https:\/\/www.bellunopress.it\/2014\/07\/12\/accordi-per-rilanciare-leconomia-no-per-le-poltrone-le-elezioni-provinciali-viste-dal-segretario-veneto-del-pd-roger-de-menech\/#breadcrumb","itemListElement":[{"@type":"ListItem","position":1,"name":"Home","item":"https:\/\/www.bellunopress.it\/"},{"@type":"ListItem","position":2,"name":"Accordi per rilanciare l\u2019economia, no per le poltrone.\u00a0Le elezioni provinciali viste dal segretario veneto del Pd Roger De Menech"}]},{"@type":"WebSite","@id":"https:\/\/www.bellunopress.it\/#website","url":"https:\/\/www.bellunopress.it\/","name":"Bellunopress - Dolomiti","description":"e-mail: redazione@bellunopress.it","publisher":{"@id":"https:\/\/www.bellunopress.it\/#organization"},"potentialAction":[{"@type":"SearchAction","target":{"@type":"EntryPoint","urlTemplate":"https:\/\/www.bellunopress.it\/?s={search_term_string}"},"query-input":{"@type":"PropertyValueSpecification","valueRequired":true,"valueName":"search_term_string"}}],"inLanguage":"fr-FR"},{"@type":"Organization","@id":"https:\/\/www.bellunopress.it\/#organization","name":"Bellunopress","url":"https:\/\/www.bellunopress.it\/","logo":{"@type":"ImageObject","inLanguage":"fr-FR","@id":"https:\/\/www.bellunopress.it\/#\/schema\/logo\/image\/","url":"https:\/\/www.bellunopress.it\/wp-content\/uploads\/2011\/05\/cropped-logo-bellunopress-.jpg","contentUrl":"https:\/\/www.bellunopress.it\/wp-content\/uploads\/2011\/05\/cropped-logo-bellunopress-.jpg","width":512,"height":512,"caption":"Bellunopress"},"image":{"@id":"https:\/\/www.bellunopress.it\/#\/schema\/logo\/image\/"},"sameAs":["https:\/\/www.facebook.com\/profile.php?id=100008943462799","https:\/\/x.com\/bellunopress","https:\/\/www.linkedin.com\/hp\/?dnr=JBzUWaJfMUw8vbXJJ2tVW5-I3jZKvC4wsoxE&amp;amp;amp;amp;amp;amp;trk=nav_responsive_tab_home","https:\/\/www.youtube.com\/channel\/UCxL0wu1uN0_3_7hGG0306cw"]},{"@type":"Person","@id":"https:\/\/www.bellunopress.it\/#\/schema\/person\/79bb06722b37ece1c03d3e94beb30d73","name":"r\u00e9daction","image":{"@type":"ImageObject","inLanguage":"fr-FR","@id":"https:\/\/secure.gravatar.com\/avatar\/37d968a2e67a6fd04c169c4bdef102d0bc5d31b2546345219e348575eb80e9a0?s=96&d=mm&r=g","url":"https:\/\/secure.gravatar.com\/avatar\/37d968a2e67a6fd04c169c4bdef102d0bc5d31b2546345219e348575eb80e9a0?s=96&d=mm&r=g","contentUrl":"https:\/\/secure.gravatar.com\/avatar\/37d968a2e67a6fd04c169c4bdef102d0bc5d31b2546345219e348575eb80e9a0?s=96&d=mm&r=g","caption":"redazione"},"sameAs":["http:\/\/www.bellunopress.it","https:\/\/x.com\/bellunopress"],"url":"https:\/\/www.bellunopress.it\/fr\/author\/redazione\/"}]}},"_links":{"self":[{"href":"https:\/\/www.bellunopress.it\/fr\/wp-json\/wp\/v2\/posts\/60421","targetHints":{"allow":["GET"]}}],"collection":[{"href":"https:\/\/www.bellunopress.it\/fr\/wp-json\/wp\/v2\/posts"}],"about":[{"href":"https:\/\/www.bellunopress.it\/fr\/wp-json\/wp\/v2\/types\/post"}],"author":[{"embeddable":true,"href":"https:\/\/www.bellunopress.it\/fr\/wp-json\/wp\/v2\/users\/2"}],"replies":[{"embeddable":true,"href":"https:\/\/www.bellunopress.it\/fr\/wp-json\/wp\/v2\/comments?post=60421"}],"version-history":[{"count":2,"href":"https:\/\/www.bellunopress.it\/fr\/wp-json\/wp\/v2\/posts\/60421\/revisions"}],"predecessor-version":[{"id":60423,"href":"https:\/\/www.bellunopress.it\/fr\/wp-json\/wp\/v2\/posts\/60421\/revisions\/60423"}],"wp:attachment":[{"href":"https:\/\/www.bellunopress.it\/fr\/wp-json\/wp\/v2\/media?parent=60421"}],"wp:term":[{"taxonomy":"category","embeddable":true,"href":"https:\/\/www.bellunopress.it\/fr\/wp-json\/wp\/v2\/categories?post=60421"},{"taxonomy":"post_tag","embeddable":true,"href":"https:\/\/www.bellunopress.it\/fr\/wp-json\/wp\/v2\/tags?post=60421"}],"curies":[{"name":"wp","href":"https:\/\/api.w.org\/{rel}","templated":true}]}}