{"id":6041,"date":"2009-07-17T08:21:33","date_gmt":"2009-07-17T07:21:33","guid":{"rendered":"http:\/\/www.bellunopress.it\/?p=6041"},"modified":"2009-07-17T08:22:59","modified_gmt":"2009-07-17T07:22:59","slug":"ultime-notizie-da-caiinform-agordo-periodico-online-di-notizie-sulla-montagna-e-altro","status":"publish","type":"post","link":"https:\/\/www.bellunopress.it\/fr\/2009\/07\/17\/ultime-notizie-da-caiinform-agordo-periodico-online-di-notizie-sulla-montagna-e-altro\/","title":{"rendered":"Ultime notizie da CaiInform Agordo, periodico online di notizie sulla montagna"},"content":{"rendered":"<p><a href=\"http:\/\/www.bellunopress.it\/wp-content\/uploads\/2009\/07\/settsass-2-leggera.jpg\"><img loading=\"lazy\" decoding=\"async\" class=\"alignleft size-medium wp-image-6042\" title=\"settsass-2-leggera\" src=\"http:\/\/www.bellunopress.it\/wp-content\/uploads\/2009\/07\/settsass-2-leggera.jpg\" alt=\"\" width=\"270\" height=\"203\" \/><\/a>Domenica scorsa \u2013 m\u00e9ta la cima del Settsass (2.571 m) \u2013 si \u00e8 svolta la prima uscita escursionistica della stagione estiva programmata dalla nostra Sezione. Ben 29 i partecipanti che si sono ritrovati nei pressi del Castello di Andr\u00e0z, punto di partenza dell\u2019escursione. Percorrendo dapprima l\u2019antica strada che raggiunge il grazioso laghetto di Valparola e, aggirato successivamente il versante settentrionale del Settsass impreziosito da vaste fioriture di rododendri, tutto il gruppo ha raggiunto la cima percorrendo le piacevoli dorsali sommitali. Il tempo, sicuramente \u201cclemente\u201d visto l\u2019andamento dell\u2019attuale stagione, ha concesso di poter ammirare l\u2019ampio panorama che questa cima sa offrire, anche se la bassa temperatura \u2013 tutt\u2019altro che estiva &#8211; ha costretto i partecipanti a consumare il pranzo al sacco\u2026in fretta e ben vestiti! Il rientro \u00e8 avvenuto mediante ampio giro ad anello sul versante sud del Settsass; inizialmente tra i ciclopici massi del macereto alla base delle pareti e in seguito\u00a0 lungo ampie distese prative fiorite sino al punto di partenza. Interessante, infine, la visita alla bella, mantenuta e frequentata palestra di arrampicata di Andr\u00e0z. Un plauso a tutti i partecipanti che hanno contribuito alla riuscita di questa prima escursione e che hanno saputo renderla piacevole e divertente, dimostrando inoltre una buona preparazione fisica dato l\u2019impegno che questa richiedeva.<a href=\"http:\/\/www.bellunopress.it\/wp-content\/uploads\/2009\/07\/settsass-leggera.jpg\"><img loading=\"lazy\" decoding=\"async\" class=\"alignright size-medium wp-image-6043\" title=\"settsass-leggera\" src=\"http:\/\/www.bellunopress.it\/wp-content\/uploads\/2009\/07\/settsass-leggera.jpg\" alt=\"\" width=\"270\" height=\"203\" \/><\/a><\/p>\n<p>UN PROMEMORIA PER LA PROSSIMA ESCURSIONE ORGANIZZATA DALLA SEZIONE AGORDINA<br \/>\nRicordiamo fin d\u2019ora a tutti gli interessati che la prossima uscita in programma si svolger\u00e0 domenica 9 agosto 2009. Ad attendere tutti i partecipanti, risalendo la Valle di S.Nicol\u00f2 in Val di Fassa, i 2.637 m. della Cima Valacia. Ovviamente, a tempo debito, invieremo maggiori e pi\u00f9 dettagliate informazioni.<\/p>\n<p>IL BIVACCO MARGHERITA BEDIN SULLA PRIMA PALA DI S.LUCANO RIMARRA\u2019 CHIUSO PER LAVORI DAL 20 AL 26 LUGLIO 2009<br \/>\nA causa di urgenti lavori di manutenzione da eseguire sul bivacco Margherita Bedin presso le pale di San Lucano, avvisiamo che da luned\u00ec 20 luglio a domenica 26 luglio, il bivacco non potr\u00e0 ospitare escursionisti.<br \/>\nLe abbondanti nevicate hanno ostruito per lungo tempo le prese di aerazione causando la formazione di abbondante umidit\u00e0 all&#8217;interno del bivacco con conseguente danneggiamento di materiali, coperte, reti ecc.ecc.<br \/>\nDa luned\u00ec 27 luglio il bivacco sar\u00e0 nuovamente aperto.<br \/>\nCogliamo l\u2019occasione per sottolineare \u2013 a tutti i fruitori \u2013 l\u2019importanza del rispetto e della cura da osservare sempre nella frequentazione di queste importanti ed utili opere alpine.<\/p>","protected":false},"excerpt":{"rendered":"<p>Domenica scorsa \u2013 m\u00e9ta la cima del Settsass (2.571 m) \u2013 si \u00e8 svolta la prima uscita escursionistica della stagione estiva programmata dalla nostra Sezione. Ben 29 i partecipanti che si sono ritrovati nei pressi del Castello di Andr\u00e0z, punto di partenza dell\u2019escursione. Percorrendo dapprima l\u2019antica strada che raggiunge il grazioso laghetto di Valparola e, [&hellip;]<\/p>\n","protected":false},"author":2,"featured_media":0,"comment_status":"closed","ping_status":"open","sticky":false,"template":"","format":"standard","meta":{"footnotes":""},"categories":[38,25],"tags":[139],"class_list":["post-6041","post","type-post","status-publish","format-standard","category-natura-ambiente","category-pausa-caffe","tag-belluno"],"yoast_head":"<!-- This site is optimized with the Yoast SEO plugin v28.4 - https:\/\/yoast.com\/product\/yoast-seo-wordpress\/ -->\n<title>Ultime notizie da CaiInform Agordo, periodico online di notizie sulla montagna - Bellunopress - Dolomiti<\/title>\n<meta name=\"robots\" content=\"index, follow, max-snippet:-1, max-image-preview:large, max-video-preview:-1\" \/>\n<link rel=\"canonical\" href=\"https:\/\/www.bellunopress.it\/fr\/2009\/07\/17\/ultime-notizie-da-caiinform-agordo-periodico-online-di-notizie-sulla-montagna-e-altro\/\" \/>\n<meta property=\"og:locale\" content=\"fr_FR\" \/>\n<meta property=\"og:type\" content=\"article\" \/>\n<meta property=\"og:title\" content=\"Ultime notizie da CaiInform Agordo, periodico online di notizie sulla montagna - Bellunopress - Dolomiti\" \/>\n<meta property=\"og:description\" content=\"Domenica scorsa \u2013 m\u00e9ta la cima del Settsass (2.571 m) \u2013 si \u00e8 svolta la prima uscita escursionistica della stagione estiva programmata dalla nostra Sezione. Ben 29 i partecipanti che si sono ritrovati nei pressi del Castello di Andr\u00e0z, punto di partenza dell\u2019escursione. Percorrendo dapprima l\u2019antica strada che raggiunge il grazioso laghetto di Valparola e, [&hellip;]\" \/>\n<meta property=\"og:url\" content=\"https:\/\/www.bellunopress.it\/fr\/2009\/07\/17\/ultime-notizie-da-caiinform-agordo-periodico-online-di-notizie-sulla-montagna-e-altro\/\" \/>\n<meta property=\"og:site_name\" content=\"Bellunopress - Dolomiti\" \/>\n<meta property=\"article:publisher\" content=\"https:\/\/www.facebook.com\/profile.php?id=100008943462799\" \/>\n<meta property=\"article:published_time\" content=\"2009-07-17T07:21:33+00:00\" \/>\n<meta property=\"article:modified_time\" content=\"2009-07-17T07:22:59+00:00\" \/>\n<meta property=\"og:image\" content=\"http:\/\/www.bellunopress.it\/wp-content\/uploads\/2009\/07\/settsass-2-leggera.jpg\" \/>\n<meta name=\"author\" content=\"redazione\" \/>\n<meta name=\"twitter:card\" content=\"summary_large_image\" \/>\n<meta name=\"twitter:creator\" content=\"@bellunopress\" \/>\n<meta name=\"twitter:site\" content=\"@bellunopress\" \/>\n<meta name=\"twitter:label1\" content=\"Written by\" \/>\n\t<meta name=\"twitter:data1\" content=\"redazione\" \/>\n\t<meta name=\"twitter:label2\" content=\"Est. reading time\" \/>\n\t<meta name=\"twitter:data2\" content=\"2 minutes\" \/>\n<script type=\"application\/ld+json\" class=\"yoast-schema-graph\">{\"@context\":\"https:\\\/\\\/schema.org\",\"@graph\":[{\"@type\":\"Article\",\"@id\":\"https:\\\/\\\/www.bellunopress.it\\\/2009\\\/07\\\/17\\\/ultime-notizie-da-caiinform-agordo-periodico-online-di-notizie-sulla-montagna-e-altro\\\/#article\",\"isPartOf\":{\"@id\":\"https:\\\/\\\/www.bellunopress.it\\\/2009\\\/07\\\/17\\\/ultime-notizie-da-caiinform-agordo-periodico-online-di-notizie-sulla-montagna-e-altro\\\/\"},\"author\":{\"name\":\"redazione\",\"@id\":\"https:\\\/\\\/www.bellunopress.it\\\/#\\\/schema\\\/person\\\/79bb06722b37ece1c03d3e94beb30d73\"},\"headline\":\"Ultime notizie da CaiInform Agordo, periodico online di notizie sulla montagna\",\"datePublished\":\"2009-07-17T07:21:33+00:00\",\"dateModified\":\"2009-07-17T07:22:59+00:00\",\"mainEntityOfPage\":{\"@id\":\"https:\\\/\\\/www.bellunopress.it\\\/2009\\\/07\\\/17\\\/ultime-notizie-da-caiinform-agordo-periodico-online-di-notizie-sulla-montagna-e-altro\\\/\"},\"wordCount\":400,\"publisher\":{\"@id\":\"https:\\\/\\\/www.bellunopress.it\\\/#organization\"},\"image\":{\"@id\":\"https:\\\/\\\/www.bellunopress.it\\\/2009\\\/07\\\/17\\\/ultime-notizie-da-caiinform-agordo-periodico-online-di-notizie-sulla-montagna-e-altro\\\/#primaryimage\"},\"thumbnailUrl\":\"http:\\\/\\\/www.bellunopress.it\\\/wp-content\\\/uploads\\\/2009\\\/07\\\/settsass-2-leggera.jpg\",\"keywords\":[\"Belluno\"],\"articleSection\":[\"Meteo, natura, ambiente, animali\",\"Pausa Caff\u00e8\"],\"inLanguage\":\"fr-FR\"},{\"@type\":\"WebPage\",\"@id\":\"https:\\\/\\\/www.bellunopress.it\\\/2009\\\/07\\\/17\\\/ultime-notizie-da-caiinform-agordo-periodico-online-di-notizie-sulla-montagna-e-altro\\\/\",\"url\":\"https:\\\/\\\/www.bellunopress.it\\\/2009\\\/07\\\/17\\\/ultime-notizie-da-caiinform-agordo-periodico-online-di-notizie-sulla-montagna-e-altro\\\/\",\"name\":\"Ultime notizie da CaiInform Agordo, periodico online di notizie sulla montagna - Bellunopress - Dolomiti\",\"isPartOf\":{\"@id\":\"https:\\\/\\\/www.bellunopress.it\\\/#website\"},\"primaryImageOfPage\":{\"@id\":\"https:\\\/\\\/www.bellunopress.it\\\/2009\\\/07\\\/17\\\/ultime-notizie-da-caiinform-agordo-periodico-online-di-notizie-sulla-montagna-e-altro\\\/#primaryimage\"},\"image\":{\"@id\":\"https:\\\/\\\/www.bellunopress.it\\\/2009\\\/07\\\/17\\\/ultime-notizie-da-caiinform-agordo-periodico-online-di-notizie-sulla-montagna-e-altro\\\/#primaryimage\"},\"thumbnailUrl\":\"http:\\\/\\\/www.bellunopress.it\\\/wp-content\\\/uploads\\\/2009\\\/07\\\/settsass-2-leggera.jpg\",\"datePublished\":\"2009-07-17T07:21:33+00:00\",\"dateModified\":\"2009-07-17T07:22:59+00:00\",\"breadcrumb\":{\"@id\":\"https:\\\/\\\/www.bellunopress.it\\\/2009\\\/07\\\/17\\\/ultime-notizie-da-caiinform-agordo-periodico-online-di-notizie-sulla-montagna-e-altro\\\/#breadcrumb\"},\"inLanguage\":\"fr-FR\",\"potentialAction\":[{\"@type\":\"ReadAction\",\"target\":[\"https:\\\/\\\/www.bellunopress.it\\\/2009\\\/07\\\/17\\\/ultime-notizie-da-caiinform-agordo-periodico-online-di-notizie-sulla-montagna-e-altro\\\/\"]}]},{\"@type\":\"ImageObject\",\"inLanguage\":\"fr-FR\",\"@id\":\"https:\\\/\\\/www.bellunopress.it\\\/2009\\\/07\\\/17\\\/ultime-notizie-da-caiinform-agordo-periodico-online-di-notizie-sulla-montagna-e-altro\\\/#primaryimage\",\"url\":\"http:\\\/\\\/www.bellunopress.it\\\/wp-content\\\/uploads\\\/2009\\\/07\\\/settsass-2-leggera.jpg\",\"contentUrl\":\"http:\\\/\\\/www.bellunopress.it\\\/wp-content\\\/uploads\\\/2009\\\/07\\\/settsass-2-leggera.jpg\"},{\"@type\":\"BreadcrumbList\",\"@id\":\"https:\\\/\\\/www.bellunopress.it\\\/2009\\\/07\\\/17\\\/ultime-notizie-da-caiinform-agordo-periodico-online-di-notizie-sulla-montagna-e-altro\\\/#breadcrumb\",\"itemListElement\":[{\"@type\":\"ListItem\",\"position\":1,\"name\":\"Home\",\"item\":\"https:\\\/\\\/www.bellunopress.it\\\/\"},{\"@type\":\"ListItem\",\"position\":2,\"name\":\"Ultime notizie da CaiInform Agordo, periodico online di notizie sulla montagna\"}]},{\"@type\":\"WebSite\",\"@id\":\"https:\\\/\\\/www.bellunopress.it\\\/#website\",\"url\":\"https:\\\/\\\/www.bellunopress.it\\\/\",\"name\":\"Bellunopress - Dolomiti\",\"description\":\"e-mail: redazione@bellunopress.it\",\"publisher\":{\"@id\":\"https:\\\/\\\/www.bellunopress.it\\\/#organization\"},\"potentialAction\":[{\"@type\":\"SearchAction\",\"target\":{\"@type\":\"EntryPoint\",\"urlTemplate\":\"https:\\\/\\\/www.bellunopress.it\\\/?s={search_term_string}\"},\"query-input\":{\"@type\":\"PropertyValueSpecification\",\"valueRequired\":true,\"valueName\":\"search_term_string\"}}],\"inLanguage\":\"fr-FR\"},{\"@type\":\"Organization\",\"@id\":\"https:\\\/\\\/www.bellunopress.it\\\/#organization\",\"name\":\"Bellunopress\",\"url\":\"https:\\\/\\\/www.bellunopress.it\\\/\",\"logo\":{\"@type\":\"ImageObject\",\"inLanguage\":\"fr-FR\",\"@id\":\"https:\\\/\\\/www.bellunopress.it\\\/#\\\/schema\\\/logo\\\/image\\\/\",\"url\":\"https:\\\/\\\/www.bellunopress.it\\\/wp-content\\\/uploads\\\/2011\\\/05\\\/cropped-logo-bellunopress-.jpg\",\"contentUrl\":\"https:\\\/\\\/www.bellunopress.it\\\/wp-content\\\/uploads\\\/2011\\\/05\\\/cropped-logo-bellunopress-.jpg\",\"width\":512,\"height\":512,\"caption\":\"Bellunopress\"},\"image\":{\"@id\":\"https:\\\/\\\/www.bellunopress.it\\\/#\\\/schema\\\/logo\\\/image\\\/\"},\"sameAs\":[\"https:\\\/\\\/www.facebook.com\\\/profile.php?id=100008943462799\",\"https:\\\/\\\/x.com\\\/bellunopress\",\"https:\\\/\\\/www.linkedin.com\\\/hp\\\/?dnr=JBzUWaJfMUw8vbXJJ2tVW5-I3jZKvC4wsoxE&amp;amp;amp;amp;amp;amp;trk=nav_responsive_tab_home\",\"https:\\\/\\\/www.youtube.com\\\/channel\\\/UCxL0wu1uN0_3_7hGG0306cw\"]},{\"@type\":\"Person\",\"@id\":\"https:\\\/\\\/www.bellunopress.it\\\/#\\\/schema\\\/person\\\/79bb06722b37ece1c03d3e94beb30d73\",\"name\":\"redazione\",\"image\":{\"@type\":\"ImageObject\",\"inLanguage\":\"fr-FR\",\"@id\":\"https:\\\/\\\/secure.gravatar.com\\\/avatar\\\/37d968a2e67a6fd04c169c4bdef102d0bc5d31b2546345219e348575eb80e9a0?s=96&d=mm&r=g\",\"url\":\"https:\\\/\\\/secure.gravatar.com\\\/avatar\\\/37d968a2e67a6fd04c169c4bdef102d0bc5d31b2546345219e348575eb80e9a0?s=96&d=mm&r=g\",\"contentUrl\":\"https:\\\/\\\/secure.gravatar.com\\\/avatar\\\/37d968a2e67a6fd04c169c4bdef102d0bc5d31b2546345219e348575eb80e9a0?s=96&d=mm&r=g\",\"caption\":\"redazione\"},\"sameAs\":[\"http:\\\/\\\/www.bellunopress.it\",\"https:\\\/\\\/x.com\\\/bellunopress\"],\"url\":\"https:\\\/\\\/www.bellunopress.it\\\/fr\\\/author\\\/redazione\\\/\"}]}<\/script>\n<!-- \/ Yoast SEO plugin. -->","yoast_head_json":{"title":"Ultime notizie da CaiInform Agordo, periodico online di notizie sulla montagna - Bellunopress - Dolomiti","robots":{"index":"index","follow":"follow","max-snippet":"max-snippet:-1","max-image-preview":"max-image-preview:large","max-video-preview":"max-video-preview:-1"},"canonical":"https:\/\/www.bellunopress.it\/fr\/2009\/07\/17\/ultime-notizie-da-caiinform-agordo-periodico-online-di-notizie-sulla-montagna-e-altro\/","og_locale":"fr_FR","og_type":"article","og_title":"Ultime notizie da CaiInform Agordo, periodico online di notizie sulla montagna - Bellunopress - Dolomiti","og_description":"Domenica scorsa \u2013 m\u00e9ta la cima del Settsass (2.571 m) \u2013 si \u00e8 svolta la prima uscita escursionistica della stagione estiva programmata dalla nostra Sezione. Ben 29 i partecipanti che si sono ritrovati nei pressi del Castello di Andr\u00e0z, punto di partenza dell\u2019escursione. Percorrendo dapprima l\u2019antica strada che raggiunge il grazioso laghetto di Valparola e, [&hellip;]","og_url":"https:\/\/www.bellunopress.it\/fr\/2009\/07\/17\/ultime-notizie-da-caiinform-agordo-periodico-online-di-notizie-sulla-montagna-e-altro\/","og_site_name":"Bellunopress - Dolomiti","article_publisher":"https:\/\/www.facebook.com\/profile.php?id=100008943462799","article_published_time":"2009-07-17T07:21:33+00:00","article_modified_time":"2009-07-17T07:22:59+00:00","og_image":[{"url":"http:\/\/www.bellunopress.it\/wp-content\/uploads\/2009\/07\/settsass-2-leggera.jpg","type":"","width":"","height":""}],"author":"redazione","twitter_card":"summary_large_image","twitter_creator":"@bellunopress","twitter_site":"@bellunopress","twitter_misc":{"Written by":"redazione","Est. reading time":"2 minutes"},"schema":{"@context":"https:\/\/schema.org","@graph":[{"@type":"Article","@id":"https:\/\/www.bellunopress.it\/2009\/07\/17\/ultime-notizie-da-caiinform-agordo-periodico-online-di-notizie-sulla-montagna-e-altro\/#article","isPartOf":{"@id":"https:\/\/www.bellunopress.it\/2009\/07\/17\/ultime-notizie-da-caiinform-agordo-periodico-online-di-notizie-sulla-montagna-e-altro\/"},"author":{"name":"redazione","@id":"https:\/\/www.bellunopress.it\/#\/schema\/person\/79bb06722b37ece1c03d3e94beb30d73"},"headline":"Ultime notizie da CaiInform Agordo, periodico online di notizie sulla montagna","datePublished":"2009-07-17T07:21:33+00:00","dateModified":"2009-07-17T07:22:59+00:00","mainEntityOfPage":{"@id":"https:\/\/www.bellunopress.it\/2009\/07\/17\/ultime-notizie-da-caiinform-agordo-periodico-online-di-notizie-sulla-montagna-e-altro\/"},"wordCount":400,"publisher":{"@id":"https:\/\/www.bellunopress.it\/#organization"},"image":{"@id":"https:\/\/www.bellunopress.it\/2009\/07\/17\/ultime-notizie-da-caiinform-agordo-periodico-online-di-notizie-sulla-montagna-e-altro\/#primaryimage"},"thumbnailUrl":"http:\/\/www.bellunopress.it\/wp-content\/uploads\/2009\/07\/settsass-2-leggera.jpg","keywords":["Belluno"],"articleSection":["Meteo, natura, ambiente, animali","Pausa Caff\u00e8"],"inLanguage":"fr-FR"},{"@type":"WebPage","@id":"https:\/\/www.bellunopress.it\/2009\/07\/17\/ultime-notizie-da-caiinform-agordo-periodico-online-di-notizie-sulla-montagna-e-altro\/","url":"https:\/\/www.bellunopress.it\/2009\/07\/17\/ultime-notizie-da-caiinform-agordo-periodico-online-di-notizie-sulla-montagna-e-altro\/","name":"Ultime notizie da CaiInform Agordo, periodico online di notizie sulla montagna - Bellunopress - Dolomiti","isPartOf":{"@id":"https:\/\/www.bellunopress.it\/#website"},"primaryImageOfPage":{"@id":"https:\/\/www.bellunopress.it\/2009\/07\/17\/ultime-notizie-da-caiinform-agordo-periodico-online-di-notizie-sulla-montagna-e-altro\/#primaryimage"},"image":{"@id":"https:\/\/www.bellunopress.it\/2009\/07\/17\/ultime-notizie-da-caiinform-agordo-periodico-online-di-notizie-sulla-montagna-e-altro\/#primaryimage"},"thumbnailUrl":"http:\/\/www.bellunopress.it\/wp-content\/uploads\/2009\/07\/settsass-2-leggera.jpg","datePublished":"2009-07-17T07:21:33+00:00","dateModified":"2009-07-17T07:22:59+00:00","breadcrumb":{"@id":"https:\/\/www.bellunopress.it\/2009\/07\/17\/ultime-notizie-da-caiinform-agordo-periodico-online-di-notizie-sulla-montagna-e-altro\/#breadcrumb"},"inLanguage":"fr-FR","potentialAction":[{"@type":"ReadAction","target":["https:\/\/www.bellunopress.it\/2009\/07\/17\/ultime-notizie-da-caiinform-agordo-periodico-online-di-notizie-sulla-montagna-e-altro\/"]}]},{"@type":"ImageObject","inLanguage":"fr-FR","@id":"https:\/\/www.bellunopress.it\/2009\/07\/17\/ultime-notizie-da-caiinform-agordo-periodico-online-di-notizie-sulla-montagna-e-altro\/#primaryimage","url":"http:\/\/www.bellunopress.it\/wp-content\/uploads\/2009\/07\/settsass-2-leggera.jpg","contentUrl":"http:\/\/www.bellunopress.it\/wp-content\/uploads\/2009\/07\/settsass-2-leggera.jpg"},{"@type":"BreadcrumbList","@id":"https:\/\/www.bellunopress.it\/2009\/07\/17\/ultime-notizie-da-caiinform-agordo-periodico-online-di-notizie-sulla-montagna-e-altro\/#breadcrumb","itemListElement":[{"@type":"ListItem","position":1,"name":"Home","item":"https:\/\/www.bellunopress.it\/"},{"@type":"ListItem","position":2,"name":"Ultime notizie da CaiInform Agordo, periodico online di notizie sulla montagna"}]},{"@type":"WebSite","@id":"https:\/\/www.bellunopress.it\/#website","url":"https:\/\/www.bellunopress.it\/","name":"Bellunopress - Dolomiti","description":"e-mail: redazione@bellunopress.it","publisher":{"@id":"https:\/\/www.bellunopress.it\/#organization"},"potentialAction":[{"@type":"SearchAction","target":{"@type":"EntryPoint","urlTemplate":"https:\/\/www.bellunopress.it\/?s={search_term_string}"},"query-input":{"@type":"PropertyValueSpecification","valueRequired":true,"valueName":"search_term_string"}}],"inLanguage":"fr-FR"},{"@type":"Organization","@id":"https:\/\/www.bellunopress.it\/#organization","name":"Bellunopress","url":"https:\/\/www.bellunopress.it\/","logo":{"@type":"ImageObject","inLanguage":"fr-FR","@id":"https:\/\/www.bellunopress.it\/#\/schema\/logo\/image\/","url":"https:\/\/www.bellunopress.it\/wp-content\/uploads\/2011\/05\/cropped-logo-bellunopress-.jpg","contentUrl":"https:\/\/www.bellunopress.it\/wp-content\/uploads\/2011\/05\/cropped-logo-bellunopress-.jpg","width":512,"height":512,"caption":"Bellunopress"},"image":{"@id":"https:\/\/www.bellunopress.it\/#\/schema\/logo\/image\/"},"sameAs":["https:\/\/www.facebook.com\/profile.php?id=100008943462799","https:\/\/x.com\/bellunopress","https:\/\/www.linkedin.com\/hp\/?dnr=JBzUWaJfMUw8vbXJJ2tVW5-I3jZKvC4wsoxE&amp;amp;amp;amp;amp;amp;trk=nav_responsive_tab_home","https:\/\/www.youtube.com\/channel\/UCxL0wu1uN0_3_7hGG0306cw"]},{"@type":"Person","@id":"https:\/\/www.bellunopress.it\/#\/schema\/person\/79bb06722b37ece1c03d3e94beb30d73","name":"r\u00e9daction","image":{"@type":"ImageObject","inLanguage":"fr-FR","@id":"https:\/\/secure.gravatar.com\/avatar\/37d968a2e67a6fd04c169c4bdef102d0bc5d31b2546345219e348575eb80e9a0?s=96&d=mm&r=g","url":"https:\/\/secure.gravatar.com\/avatar\/37d968a2e67a6fd04c169c4bdef102d0bc5d31b2546345219e348575eb80e9a0?s=96&d=mm&r=g","contentUrl":"https:\/\/secure.gravatar.com\/avatar\/37d968a2e67a6fd04c169c4bdef102d0bc5d31b2546345219e348575eb80e9a0?s=96&d=mm&r=g","caption":"redazione"},"sameAs":["http:\/\/www.bellunopress.it","https:\/\/x.com\/bellunopress"],"url":"https:\/\/www.bellunopress.it\/fr\/author\/redazione\/"}]}},"_links":{"self":[{"href":"https:\/\/www.bellunopress.it\/fr\/wp-json\/wp\/v2\/posts\/6041","targetHints":{"allow":["GET"]}}],"collection":[{"href":"https:\/\/www.bellunopress.it\/fr\/wp-json\/wp\/v2\/posts"}],"about":[{"href":"https:\/\/www.bellunopress.it\/fr\/wp-json\/wp\/v2\/types\/post"}],"author":[{"embeddable":true,"href":"https:\/\/www.bellunopress.it\/fr\/wp-json\/wp\/v2\/users\/2"}],"replies":[{"embeddable":true,"href":"https:\/\/www.bellunopress.it\/fr\/wp-json\/wp\/v2\/comments?post=6041"}],"version-history":[{"count":2,"href":"https:\/\/www.bellunopress.it\/fr\/wp-json\/wp\/v2\/posts\/6041\/revisions"}],"predecessor-version":[{"id":6045,"href":"https:\/\/www.bellunopress.it\/fr\/wp-json\/wp\/v2\/posts\/6041\/revisions\/6045"}],"wp:attachment":[{"href":"https:\/\/www.bellunopress.it\/fr\/wp-json\/wp\/v2\/media?parent=6041"}],"wp:term":[{"taxonomy":"category","embeddable":true,"href":"https:\/\/www.bellunopress.it\/fr\/wp-json\/wp\/v2\/categories?post=6041"},{"taxonomy":"post_tag","embeddable":true,"href":"https:\/\/www.bellunopress.it\/fr\/wp-json\/wp\/v2\/tags?post=6041"}],"curies":[{"name":"wp","href":"https:\/\/api.w.org\/{rel}","templated":true}]}}