{"id":6039,"date":"2009-07-17T08:13:17","date_gmt":"2009-07-17T07:13:17","guid":{"rendered":"http:\/\/www.bellunopress.it\/?p=6039"},"modified":"2009-07-17T08:13:17","modified_gmt":"2009-07-17T07:13:17","slug":"servizio-civile-la-provincia-cerca-4-volontari-nellarea-della-cultura","status":"publish","type":"post","link":"https:\/\/www.bellunopress.it\/fr\/2009\/07\/17\/servizio-civile-la-provincia-cerca-4-volontari-nellarea-della-cultura\/","title":{"rendered":"Servizio civile: la Provincia cerca 4 volontari nell&#8217;area della cultura"},"content":{"rendered":"<p>Parte la selezione di 4 nuovi volontari di Servizio Civile. All&#8217;interno del Progetto denominato \u201cAl di l\u00e0 del Libro &#8211; la biblioteca in viaggio\u201d e presentato dalla Comunit\u00e0 Montana Feltrina, trova spazio quest&#8217;anno anche la Provincia di Belluno. L&#8217;Ufficio Politiche Giovanili e il Servizio Provinciale Biblioteche, infatti, mettono a disposizione 4 posti per operatori del Servizio Civile interessati all&#8217;area dei servizi culturali ai giovani e delle biblioteche, chiamati ad occuparsi in modo particolare del mezzo mobile \u201cA Bordo\u201d. \u201cA Bordo\u201d \u00e8 un servizio informativo e bibliotecario itinerante diretto ai ragazzi e ai giovani della provincia in rete con i servizi informativi gi\u00e0 presenti a livello locale (le Aree Giovani degli Sportelli per l&#8217;Impiego e le biblioteche) e finalizzato alla diffusione di informazione e alla promozione della lettura, delle biblioteche e del prestito interbibliotecario.L&#8217;obiettivo del mezzo \u00e8 quello di raggiungere pi\u00f9 capillarmente possibile a livello locale, soprattutto nelle aree disagiate e meno raggiungibili, i giovani del territorio provinciale con il duplice intento di veicolare informazioni sulle opportunit\u00e0 che il territorio offre loro in termini di lavoro, studio, tempo libero, mobilit\u00e0 e promuovere i servizi e le opportunit\u00e0 di crescita culturale che offrono le biblioteche del territorio. I volontari SCN saranno chiamati ad occuparsi dell&#8217;attivit\u00e0 del mezzo mobile \u201cA Bordo\u201d, a partire dalla promozione delle uscite e di eventi ad esse collegate attraverso la creazione di materiale promozionale e la presenza all&#8217;interno dei social network, alla creazione di una mailing-list dedicata, fino all&#8217;effettuazione delle uscite in provincia, alla gestione dei servizi all&#8217;utenza e alla collaborazione con le realt\u00e0 giovanili del territorio per la creazione di eventi. Inoltre sar\u00e0 richiesta la loro collaborazione per altre attivit\u00e0 legate ai servizi offerti dal mezzo mobile, quali la catalogazione del materiale librario e audiovisivo, le attivit\u00e0 di promozione della lettura, la gestione dell\u2019area dedicata nel sito web. Per partecipare alla selezione, \u00e8 necessario aver compiuto il 18\u00b0 anno di et\u00e0 e non aver superato il 28\u00b0. I giovani interessati dovranno presentare apposita domanda entro e non oltre le ore 14.00 del 27 luglio 2009. I contenuti dei due progetti di servizio civile e la modulistica necessaria alla presentazione della domanda sono scaricabili dal sito <a href=\"http:\/\/www.feltrino.bl.it\">www.feltrino.bl.it<\/a>, al quale si rimanda per ulteriori approfondimenti. Il compenso mensile per i volontari di servizio civile \u00e8 di \u20ac 433,80. Per ulteriori informazioni in merito alle modalit\u00e0 di partecipazione, al bando di selezione e ai contenuti del progetto \u00e8 possibile rivolgersi a Manuela Francescon presso il Servizio Provinciale Biblioteche, telefonando al n. 0437 959259 o inviando una e-mail all\u2019indirizzo <a href=\"mailto:m.francescon@provincia.belluno.it\">m.francescon@provincia.belluno.it<\/a>.<\/p>","protected":false},"excerpt":{"rendered":"<p>Parte la selezione di 4 nuovi volontari di Servizio Civile. All&#8217;interno del Progetto denominato \u201cAl di l\u00e0 del Libro &#8211; la biblioteca in viaggio\u201d e presentato dalla Comunit\u00e0 Montana Feltrina, trova spazio quest&#8217;anno anche la Provincia di Belluno. L&#8217;Ufficio Politiche Giovanili e il Servizio Provinciale Biblioteche, infatti, mettono a disposizione 4 posti per operatori del [&hellip;]<\/p>\n","protected":false},"author":2,"featured_media":0,"comment_status":"closed","ping_status":"open","sticky":false,"template":"","format":"standard","meta":{"footnotes":""},"categories":[36,26],"tags":[139,2261],"class_list":["post-6039","post","type-post","status-publish","format-standard","category-lavoro-economia","category-prima-pagina","tag-belluno","tag-feltrino"],"yoast_head":"<!-- This site is optimized with the Yoast SEO plugin v28.4 - https:\/\/yoast.com\/product\/yoast-seo-wordpress\/ -->\n<title>Servizio civile: la Provincia cerca 4 volontari nell&#039;area della cultura - Bellunopress - Dolomiti<\/title>\n<meta name=\"robots\" content=\"index, follow, max-snippet:-1, max-image-preview:large, max-video-preview:-1\" \/>\n<link rel=\"canonical\" href=\"https:\/\/www.bellunopress.it\/fr\/2009\/07\/17\/servizio-civile-la-provincia-cerca-4-volontari-nellarea-della-cultura\/\" \/>\n<meta property=\"og:locale\" content=\"fr_FR\" \/>\n<meta property=\"og:type\" content=\"article\" \/>\n<meta property=\"og:title\" content=\"Servizio civile: la Provincia cerca 4 volontari nell&#039;area della cultura - Bellunopress - Dolomiti\" \/>\n<meta property=\"og:description\" content=\"Parte la selezione di 4 nuovi volontari di Servizio Civile. All&#8217;interno del Progetto denominato \u201cAl di l\u00e0 del Libro &#8211; la biblioteca in viaggio\u201d e presentato dalla Comunit\u00e0 Montana Feltrina, trova spazio quest&#8217;anno anche la Provincia di Belluno. L&#8217;Ufficio Politiche Giovanili e il Servizio Provinciale Biblioteche, infatti, mettono a disposizione 4 posti per operatori del [&hellip;]\" \/>\n<meta property=\"og:url\" content=\"https:\/\/www.bellunopress.it\/fr\/2009\/07\/17\/servizio-civile-la-provincia-cerca-4-volontari-nellarea-della-cultura\/\" \/>\n<meta property=\"og:site_name\" content=\"Bellunopress - Dolomiti\" \/>\n<meta property=\"article:publisher\" content=\"https:\/\/www.facebook.com\/profile.php?id=100008943462799\" \/>\n<meta property=\"article:published_time\" content=\"2009-07-17T07:13:17+00:00\" \/>\n<meta property=\"og:image\" content=\"http:\/\/www.bellunopress.it\/wp-content\/uploads\/2012\/07\/logo-bellunopress-250x250-2012.jpg\" \/>\n<meta name=\"author\" content=\"redazione\" \/>\n<meta name=\"twitter:card\" content=\"summary_large_image\" \/>\n<meta name=\"twitter:creator\" content=\"@bellunopress\" \/>\n<meta name=\"twitter:site\" content=\"@bellunopress\" \/>\n<meta name=\"twitter:label1\" content=\"\u00c9crit par\" \/>\n\t<meta name=\"twitter:data1\" content=\"redazione\" \/>\n\t<meta name=\"twitter:label2\" content=\"Dur\u00e9e de lecture estim\u00e9e\" \/>\n\t<meta name=\"twitter:data2\" content=\"2 minutes\" \/>\n<script type=\"application\/ld+json\" class=\"yoast-schema-graph\">{\"@context\":\"https:\\\/\\\/schema.org\",\"@graph\":[{\"@type\":\"Article\",\"@id\":\"https:\\\/\\\/www.bellunopress.it\\\/2009\\\/07\\\/17\\\/servizio-civile-la-provincia-cerca-4-volontari-nellarea-della-cultura\\\/#article\",\"isPartOf\":{\"@id\":\"https:\\\/\\\/www.bellunopress.it\\\/2009\\\/07\\\/17\\\/servizio-civile-la-provincia-cerca-4-volontari-nellarea-della-cultura\\\/\"},\"author\":{\"name\":\"redazione\",\"@id\":\"https:\\\/\\\/www.bellunopress.it\\\/#\\\/schema\\\/person\\\/79bb06722b37ece1c03d3e94beb30d73\"},\"headline\":\"Servizio civile: la Provincia cerca 4 volontari nell&#8217;area della cultura\",\"datePublished\":\"2009-07-17T07:13:17+00:00\",\"mainEntityOfPage\":{\"@id\":\"https:\\\/\\\/www.bellunopress.it\\\/2009\\\/07\\\/17\\\/servizio-civile-la-provincia-cerca-4-volontari-nellarea-della-cultura\\\/\"},\"wordCount\":433,\"publisher\":{\"@id\":\"https:\\\/\\\/www.bellunopress.it\\\/#organization\"},\"keywords\":[\"Belluno\",\"feltrino\"],\"articleSection\":[\"Lavoro, Economia, Turismo\",\"Prima Pagina\"],\"inLanguage\":\"fr-FR\"},{\"@type\":\"WebPage\",\"@id\":\"https:\\\/\\\/www.bellunopress.it\\\/2009\\\/07\\\/17\\\/servizio-civile-la-provincia-cerca-4-volontari-nellarea-della-cultura\\\/\",\"url\":\"https:\\\/\\\/www.bellunopress.it\\\/2009\\\/07\\\/17\\\/servizio-civile-la-provincia-cerca-4-volontari-nellarea-della-cultura\\\/\",\"name\":\"Servizio civile: la Provincia cerca 4 volontari nell'area della cultura - Bellunopress - Dolomiti\",\"isPartOf\":{\"@id\":\"https:\\\/\\\/www.bellunopress.it\\\/#website\"},\"datePublished\":\"2009-07-17T07:13:17+00:00\",\"breadcrumb\":{\"@id\":\"https:\\\/\\\/www.bellunopress.it\\\/2009\\\/07\\\/17\\\/servizio-civile-la-provincia-cerca-4-volontari-nellarea-della-cultura\\\/#breadcrumb\"},\"inLanguage\":\"fr-FR\",\"potentialAction\":[{\"@type\":\"ReadAction\",\"target\":[\"https:\\\/\\\/www.bellunopress.it\\\/2009\\\/07\\\/17\\\/servizio-civile-la-provincia-cerca-4-volontari-nellarea-della-cultura\\\/\"]}]},{\"@type\":\"BreadcrumbList\",\"@id\":\"https:\\\/\\\/www.bellunopress.it\\\/2009\\\/07\\\/17\\\/servizio-civile-la-provincia-cerca-4-volontari-nellarea-della-cultura\\\/#breadcrumb\",\"itemListElement\":[{\"@type\":\"ListItem\",\"position\":1,\"name\":\"Home\",\"item\":\"https:\\\/\\\/www.bellunopress.it\\\/\"},{\"@type\":\"ListItem\",\"position\":2,\"name\":\"Servizio civile: la Provincia cerca 4 volontari nell&#8217;area della cultura\"}]},{\"@type\":\"WebSite\",\"@id\":\"https:\\\/\\\/www.bellunopress.it\\\/#website\",\"url\":\"https:\\\/\\\/www.bellunopress.it\\\/\",\"name\":\"Bellunopress - Dolomiti\",\"description\":\"e-mail: redazione@bellunopress.it\",\"publisher\":{\"@id\":\"https:\\\/\\\/www.bellunopress.it\\\/#organization\"},\"potentialAction\":[{\"@type\":\"SearchAction\",\"target\":{\"@type\":\"EntryPoint\",\"urlTemplate\":\"https:\\\/\\\/www.bellunopress.it\\\/?s={search_term_string}\"},\"query-input\":{\"@type\":\"PropertyValueSpecification\",\"valueRequired\":true,\"valueName\":\"search_term_string\"}}],\"inLanguage\":\"fr-FR\"},{\"@type\":\"Organization\",\"@id\":\"https:\\\/\\\/www.bellunopress.it\\\/#organization\",\"name\":\"Bellunopress\",\"url\":\"https:\\\/\\\/www.bellunopress.it\\\/\",\"logo\":{\"@type\":\"ImageObject\",\"inLanguage\":\"fr-FR\",\"@id\":\"https:\\\/\\\/www.bellunopress.it\\\/#\\\/schema\\\/logo\\\/image\\\/\",\"url\":\"https:\\\/\\\/www.bellunopress.it\\\/wp-content\\\/uploads\\\/2011\\\/05\\\/cropped-logo-bellunopress-.jpg\",\"contentUrl\":\"https:\\\/\\\/www.bellunopress.it\\\/wp-content\\\/uploads\\\/2011\\\/05\\\/cropped-logo-bellunopress-.jpg\",\"width\":512,\"height\":512,\"caption\":\"Bellunopress\"},\"image\":{\"@id\":\"https:\\\/\\\/www.bellunopress.it\\\/#\\\/schema\\\/logo\\\/image\\\/\"},\"sameAs\":[\"https:\\\/\\\/www.facebook.com\\\/profile.php?id=100008943462799\",\"https:\\\/\\\/x.com\\\/bellunopress\",\"https:\\\/\\\/www.linkedin.com\\\/hp\\\/?dnr=JBzUWaJfMUw8vbXJJ2tVW5-I3jZKvC4wsoxE&amp;amp;amp;amp;amp;amp;trk=nav_responsive_tab_home\",\"https:\\\/\\\/www.youtube.com\\\/channel\\\/UCxL0wu1uN0_3_7hGG0306cw\"]},{\"@type\":\"Person\",\"@id\":\"https:\\\/\\\/www.bellunopress.it\\\/#\\\/schema\\\/person\\\/79bb06722b37ece1c03d3e94beb30d73\",\"name\":\"redazione\",\"image\":{\"@type\":\"ImageObject\",\"inLanguage\":\"fr-FR\",\"@id\":\"https:\\\/\\\/secure.gravatar.com\\\/avatar\\\/37d968a2e67a6fd04c169c4bdef102d0bc5d31b2546345219e348575eb80e9a0?s=96&d=mm&r=g\",\"url\":\"https:\\\/\\\/secure.gravatar.com\\\/avatar\\\/37d968a2e67a6fd04c169c4bdef102d0bc5d31b2546345219e348575eb80e9a0?s=96&d=mm&r=g\",\"contentUrl\":\"https:\\\/\\\/secure.gravatar.com\\\/avatar\\\/37d968a2e67a6fd04c169c4bdef102d0bc5d31b2546345219e348575eb80e9a0?s=96&d=mm&r=g\",\"caption\":\"redazione\"},\"sameAs\":[\"http:\\\/\\\/www.bellunopress.it\",\"https:\\\/\\\/x.com\\\/bellunopress\"],\"url\":\"https:\\\/\\\/www.bellunopress.it\\\/fr\\\/author\\\/redazione\\\/\"}]}<\/script>\n<!-- \/ Yoast SEO plugin. -->","yoast_head_json":{"title":"Servizio civile: la Provincia cerca 4 volontari nell'area della cultura - Bellunopress - Dolomiti","robots":{"index":"index","follow":"follow","max-snippet":"max-snippet:-1","max-image-preview":"max-image-preview:large","max-video-preview":"max-video-preview:-1"},"canonical":"https:\/\/www.bellunopress.it\/fr\/2009\/07\/17\/servizio-civile-la-provincia-cerca-4-volontari-nellarea-della-cultura\/","og_locale":"fr_FR","og_type":"article","og_title":"Servizio civile: la Provincia cerca 4 volontari nell'area della cultura - Bellunopress - Dolomiti","og_description":"Parte la selezione di 4 nuovi volontari di Servizio Civile. All&#8217;interno del Progetto denominato \u201cAl di l\u00e0 del Libro &#8211; la biblioteca in viaggio\u201d e presentato dalla Comunit\u00e0 Montana Feltrina, trova spazio quest&#8217;anno anche la Provincia di Belluno. L&#8217;Ufficio Politiche Giovanili e il Servizio Provinciale Biblioteche, infatti, mettono a disposizione 4 posti per operatori del [&hellip;]","og_url":"https:\/\/www.bellunopress.it\/fr\/2009\/07\/17\/servizio-civile-la-provincia-cerca-4-volontari-nellarea-della-cultura\/","og_site_name":"Bellunopress - Dolomiti","article_publisher":"https:\/\/www.facebook.com\/profile.php?id=100008943462799","article_published_time":"2009-07-17T07:13:17+00:00","og_image":[{"url":"http:\/\/www.bellunopress.it\/wp-content\/uploads\/2012\/07\/logo-bellunopress-250x250-2012.jpg","type":"","width":"","height":""}],"author":"redazione","twitter_card":"summary_large_image","twitter_creator":"@bellunopress","twitter_site":"@bellunopress","twitter_misc":{"\u00c9crit par":"redazione","Dur\u00e9e de lecture estim\u00e9e":"2 minutes"},"schema":{"@context":"https:\/\/schema.org","@graph":[{"@type":"Article","@id":"https:\/\/www.bellunopress.it\/2009\/07\/17\/servizio-civile-la-provincia-cerca-4-volontari-nellarea-della-cultura\/#article","isPartOf":{"@id":"https:\/\/www.bellunopress.it\/2009\/07\/17\/servizio-civile-la-provincia-cerca-4-volontari-nellarea-della-cultura\/"},"author":{"name":"redazione","@id":"https:\/\/www.bellunopress.it\/#\/schema\/person\/79bb06722b37ece1c03d3e94beb30d73"},"headline":"Servizio civile: la Provincia cerca 4 volontari nell&#8217;area della cultura","datePublished":"2009-07-17T07:13:17+00:00","mainEntityOfPage":{"@id":"https:\/\/www.bellunopress.it\/2009\/07\/17\/servizio-civile-la-provincia-cerca-4-volontari-nellarea-della-cultura\/"},"wordCount":433,"publisher":{"@id":"https:\/\/www.bellunopress.it\/#organization"},"keywords":["Belluno","feltrino"],"articleSection":["Lavoro, Economia, Turismo","Prima Pagina"],"inLanguage":"fr-FR"},{"@type":"WebPage","@id":"https:\/\/www.bellunopress.it\/2009\/07\/17\/servizio-civile-la-provincia-cerca-4-volontari-nellarea-della-cultura\/","url":"https:\/\/www.bellunopress.it\/2009\/07\/17\/servizio-civile-la-provincia-cerca-4-volontari-nellarea-della-cultura\/","name":"Servizio civile: la Provincia cerca 4 volontari nell'area della cultura - Bellunopress - Dolomiti","isPartOf":{"@id":"https:\/\/www.bellunopress.it\/#website"},"datePublished":"2009-07-17T07:13:17+00:00","breadcrumb":{"@id":"https:\/\/www.bellunopress.it\/2009\/07\/17\/servizio-civile-la-provincia-cerca-4-volontari-nellarea-della-cultura\/#breadcrumb"},"inLanguage":"fr-FR","potentialAction":[{"@type":"ReadAction","target":["https:\/\/www.bellunopress.it\/2009\/07\/17\/servizio-civile-la-provincia-cerca-4-volontari-nellarea-della-cultura\/"]}]},{"@type":"BreadcrumbList","@id":"https:\/\/www.bellunopress.it\/2009\/07\/17\/servizio-civile-la-provincia-cerca-4-volontari-nellarea-della-cultura\/#breadcrumb","itemListElement":[{"@type":"ListItem","position":1,"name":"Home","item":"https:\/\/www.bellunopress.it\/"},{"@type":"ListItem","position":2,"name":"Servizio civile: la Provincia cerca 4 volontari nell&#8217;area della cultura"}]},{"@type":"WebSite","@id":"https:\/\/www.bellunopress.it\/#website","url":"https:\/\/www.bellunopress.it\/","name":"Bellunopress - Dolomiti","description":"e-mail: redazione@bellunopress.it","publisher":{"@id":"https:\/\/www.bellunopress.it\/#organization"},"potentialAction":[{"@type":"SearchAction","target":{"@type":"EntryPoint","urlTemplate":"https:\/\/www.bellunopress.it\/?s={search_term_string}"},"query-input":{"@type":"PropertyValueSpecification","valueRequired":true,"valueName":"search_term_string"}}],"inLanguage":"fr-FR"},{"@type":"Organization","@id":"https:\/\/www.bellunopress.it\/#organization","name":"Bellunopress","url":"https:\/\/www.bellunopress.it\/","logo":{"@type":"ImageObject","inLanguage":"fr-FR","@id":"https:\/\/www.bellunopress.it\/#\/schema\/logo\/image\/","url":"https:\/\/www.bellunopress.it\/wp-content\/uploads\/2011\/05\/cropped-logo-bellunopress-.jpg","contentUrl":"https:\/\/www.bellunopress.it\/wp-content\/uploads\/2011\/05\/cropped-logo-bellunopress-.jpg","width":512,"height":512,"caption":"Bellunopress"},"image":{"@id":"https:\/\/www.bellunopress.it\/#\/schema\/logo\/image\/"},"sameAs":["https:\/\/www.facebook.com\/profile.php?id=100008943462799","https:\/\/x.com\/bellunopress","https:\/\/www.linkedin.com\/hp\/?dnr=JBzUWaJfMUw8vbXJJ2tVW5-I3jZKvC4wsoxE&amp;amp;amp;amp;amp;amp;trk=nav_responsive_tab_home","https:\/\/www.youtube.com\/channel\/UCxL0wu1uN0_3_7hGG0306cw"]},{"@type":"Person","@id":"https:\/\/www.bellunopress.it\/#\/schema\/person\/79bb06722b37ece1c03d3e94beb30d73","name":"r\u00e9daction","image":{"@type":"ImageObject","inLanguage":"fr-FR","@id":"https:\/\/secure.gravatar.com\/avatar\/37d968a2e67a6fd04c169c4bdef102d0bc5d31b2546345219e348575eb80e9a0?s=96&d=mm&r=g","url":"https:\/\/secure.gravatar.com\/avatar\/37d968a2e67a6fd04c169c4bdef102d0bc5d31b2546345219e348575eb80e9a0?s=96&d=mm&r=g","contentUrl":"https:\/\/secure.gravatar.com\/avatar\/37d968a2e67a6fd04c169c4bdef102d0bc5d31b2546345219e348575eb80e9a0?s=96&d=mm&r=g","caption":"redazione"},"sameAs":["http:\/\/www.bellunopress.it","https:\/\/x.com\/bellunopress"],"url":"https:\/\/www.bellunopress.it\/fr\/author\/redazione\/"}]}},"_links":{"self":[{"href":"https:\/\/www.bellunopress.it\/fr\/wp-json\/wp\/v2\/posts\/6039","targetHints":{"allow":["GET"]}}],"collection":[{"href":"https:\/\/www.bellunopress.it\/fr\/wp-json\/wp\/v2\/posts"}],"about":[{"href":"https:\/\/www.bellunopress.it\/fr\/wp-json\/wp\/v2\/types\/post"}],"author":[{"embeddable":true,"href":"https:\/\/www.bellunopress.it\/fr\/wp-json\/wp\/v2\/users\/2"}],"replies":[{"embeddable":true,"href":"https:\/\/www.bellunopress.it\/fr\/wp-json\/wp\/v2\/comments?post=6039"}],"version-history":[{"count":1,"href":"https:\/\/www.bellunopress.it\/fr\/wp-json\/wp\/v2\/posts\/6039\/revisions"}],"predecessor-version":[{"id":6040,"href":"https:\/\/www.bellunopress.it\/fr\/wp-json\/wp\/v2\/posts\/6039\/revisions\/6040"}],"wp:attachment":[{"href":"https:\/\/www.bellunopress.it\/fr\/wp-json\/wp\/v2\/media?parent=6039"}],"wp:term":[{"taxonomy":"category","embeddable":true,"href":"https:\/\/www.bellunopress.it\/fr\/wp-json\/wp\/v2\/categories?post=6039"},{"taxonomy":"post_tag","embeddable":true,"href":"https:\/\/www.bellunopress.it\/fr\/wp-json\/wp\/v2\/tags?post=6039"}],"curies":[{"name":"wp","href":"https:\/\/api.w.org\/{rel}","templated":true}]}}