{"id":6017,"date":"2009-07-16T14:10:20","date_gmt":"2009-07-16T13:10:20","guid":{"rendered":"http:\/\/www.bellunopress.it\/?p=6017"},"modified":"2009-07-16T14:10:20","modified_gmt":"2009-07-16T13:10:20","slug":"a-cortina-si-brinda-con-giglio-e-violet-in-omaggio-alla-fiorentina","status":"publish","type":"post","link":"https:\/\/www.bellunopress.it\/fr\/2009\/07\/16\/a-cortina-si-brinda-con-giglio-e-violet-in-omaggio-alla-fiorentina\/","title":{"rendered":"A Cortina si brinda con &#8220;Giglio&#8221; e &#8220;Violet&#8221;, in omaggio alla Fiorentina"},"content":{"rendered":"<p><a href=\"http:\/\/www.bellunopress.it\/wp-content\/uploads\/2009\/07\/giglio-aperitivo.jpg\"><img loading=\"lazy\" decoding=\"async\" class=\"alignleft size-medium wp-image-6018\" title=\"giglio-aperitivo\" src=\"http:\/\/www.bellunopress.it\/wp-content\/uploads\/2009\/07\/giglio-aperitivo-300x225.jpg\" alt=\"\" width=\"300\" height=\"225\" srcset=\"https:\/\/www.bellunopress.it\/wp-content\/uploads\/2009\/07\/giglio-aperitivo-300x225.jpg 300w, https:\/\/www.bellunopress.it\/wp-content\/uploads\/2009\/07\/giglio-aperitivo.jpg 400w\" sizes=\"auto, (max-width: 300px) 100vw, 300px\" \/><\/a>Cortina si tinge di viola, e non solo per il ritiro della Fiorentina. L\u2019ultima trovata della pluripremiata Ursula Chioma, Barman of the Year 2008 e Barlady del Cristallo Palace Hotel &amp; Spa di Cortina d\u2019Ampezzo \u00e8 un cocktail tutto nuovo, dal nome \u201cGiglio\u201d, creato proprio in onore della squadra di Firenze. E per l\u2019aperitivo, anche \u201cViolet\u201d, naturalmente on the rocks. Shakerato e servito in doppia coppa, Giglio \u00e8 un cocktail da degustare in qualsiasi momento della giornata. Il sapore \u00e8 quello degli agrumi, addolciti da Parfait Amour, un liquore a base di violetta e vaniglia, shakerato con Vodka Grey Goose all\u2019arancia, succo di mirtillo, Peach tree e succo di limone. Un cocktail originale, elegante e raffinato: un piacere per il palato e per gli occhi, con il suo colore violetto e le decorazioni dell\u2019estro creativo di Ursula Chioma. Per l\u2019aperitivo, il Cristallo propone un\u2019altra alternativa. Si chiama Violet, \u00e8 un cocktail solo leggermente alcolico, sempre a base del liquore Parfait Amour, con aggiunta di bitter bianco e servito on the rocks. Giglio e Violet daranno il benvenuto alla Fiorentina, che in luglio sar\u00e0 in ritiro a Cortina d\u2019Ampezzo. Gli ospiti del Cristallo Palace Hotel &amp; Spa potranno gustarli in ogni momento della giornata nell\u2019esclusivo Cocktail Bar panoramico del 5 stelle lusso della conca ampezzana. L\u2019atmosfera ricercata di un Cocktail Bar dalla vista mozzafiato sulle Tofane, l\u2019estro creativo di Ursula Chioma, ed ora un cocktail, particolare in pi\u00f9 per rendere il soggiorno al Cristallo ancora pi\u00f9 gustoso.<\/p>","protected":false},"excerpt":{"rendered":"<p>Cortina si tinge di viola, e non solo per il ritiro della Fiorentina. L\u2019ultima trovata della pluripremiata Ursula Chioma, Barman of the Year 2008 e Barlady del Cristallo Palace Hotel &amp; Spa di Cortina d\u2019Ampezzo \u00e8 un cocktail tutto nuovo, dal nome \u201cGiglio\u201d, creato proprio in onore della squadra di Firenze. E per l\u2019aperitivo, anche [&hellip;]<\/p>\n","protected":false},"author":2,"featured_media":0,"comment_status":"closed","ping_status":"open","sticky":false,"template":"","format":"standard","meta":{"footnotes":""},"categories":[25,8],"tags":[139],"class_list":["post-6017","post","type-post","status-publish","format-standard","category-pausa-caffe","category-societa-istituzioni","tag-belluno"],"yoast_head":"<!-- This site is optimized with the Yoast SEO plugin v28.4 - https:\/\/yoast.com\/product\/yoast-seo-wordpress\/ -->\n<title>A Cortina si brinda con &quot;Giglio&quot; e &quot;Violet&quot;, in omaggio alla Fiorentina  - Bellunopress - Dolomiti<\/title>\n<meta name=\"robots\" content=\"index, follow, max-snippet:-1, max-image-preview:large, max-video-preview:-1\" \/>\n<link rel=\"canonical\" href=\"https:\/\/www.bellunopress.it\/fr\/2009\/07\/16\/a-cortina-si-brinda-con-giglio-e-violet-in-omaggio-alla-fiorentina\/\" \/>\n<meta property=\"og:locale\" content=\"fr_FR\" \/>\n<meta property=\"og:type\" content=\"article\" \/>\n<meta property=\"og:title\" content=\"A Cortina si brinda con &quot;Giglio&quot; e &quot;Violet&quot;, in omaggio alla Fiorentina  - Bellunopress - Dolomiti\" \/>\n<meta property=\"og:description\" content=\"Cortina si tinge di viola, e non solo per il ritiro della Fiorentina. L\u2019ultima trovata della pluripremiata Ursula Chioma, Barman of the Year 2008 e Barlady del Cristallo Palace Hotel &amp; Spa di Cortina d\u2019Ampezzo \u00e8 un cocktail tutto nuovo, dal nome \u201cGiglio\u201d, creato proprio in onore della squadra di Firenze. E per l\u2019aperitivo, anche [&hellip;]\" \/>\n<meta property=\"og:url\" content=\"https:\/\/www.bellunopress.it\/fr\/2009\/07\/16\/a-cortina-si-brinda-con-giglio-e-violet-in-omaggio-alla-fiorentina\/\" \/>\n<meta property=\"og:site_name\" content=\"Bellunopress - Dolomiti\" \/>\n<meta property=\"article:publisher\" content=\"https:\/\/www.facebook.com\/profile.php?id=100008943462799\" \/>\n<meta property=\"article:published_time\" content=\"2009-07-16T13:10:20+00:00\" \/>\n<meta property=\"og:image\" content=\"http:\/\/www.bellunopress.it\/wp-content\/uploads\/2009\/07\/giglio-aperitivo-300x225.jpg\" \/>\n<meta name=\"author\" content=\"redazione\" \/>\n<meta name=\"twitter:card\" content=\"summary_large_image\" \/>\n<meta name=\"twitter:creator\" content=\"@bellunopress\" \/>\n<meta name=\"twitter:site\" content=\"@bellunopress\" \/>\n<meta name=\"twitter:label1\" content=\"\u00c9crit par\" \/>\n\t<meta name=\"twitter:data1\" content=\"redazione\" \/>\n\t<meta name=\"twitter:label2\" content=\"Dur\u00e9e de lecture estim\u00e9e\" \/>\n\t<meta name=\"twitter:data2\" content=\"1 minute\" \/>\n<script type=\"application\/ld+json\" class=\"yoast-schema-graph\">{\"@context\":\"https:\\\/\\\/schema.org\",\"@graph\":[{\"@type\":\"Article\",\"@id\":\"https:\\\/\\\/www.bellunopress.it\\\/2009\\\/07\\\/16\\\/a-cortina-si-brinda-con-giglio-e-violet-in-omaggio-alla-fiorentina\\\/#article\",\"isPartOf\":{\"@id\":\"https:\\\/\\\/www.bellunopress.it\\\/2009\\\/07\\\/16\\\/a-cortina-si-brinda-con-giglio-e-violet-in-omaggio-alla-fiorentina\\\/\"},\"author\":{\"name\":\"redazione\",\"@id\":\"https:\\\/\\\/www.bellunopress.it\\\/#\\\/schema\\\/person\\\/79bb06722b37ece1c03d3e94beb30d73\"},\"headline\":\"A Cortina si brinda con &#8220;Giglio&#8221; e &#8220;Violet&#8221;, in omaggio alla Fiorentina\",\"datePublished\":\"2009-07-16T13:10:20+00:00\",\"mainEntityOfPage\":{\"@id\":\"https:\\\/\\\/www.bellunopress.it\\\/2009\\\/07\\\/16\\\/a-cortina-si-brinda-con-giglio-e-violet-in-omaggio-alla-fiorentina\\\/\"},\"wordCount\":263,\"publisher\":{\"@id\":\"https:\\\/\\\/www.bellunopress.it\\\/#organization\"},\"image\":{\"@id\":\"https:\\\/\\\/www.bellunopress.it\\\/2009\\\/07\\\/16\\\/a-cortina-si-brinda-con-giglio-e-violet-in-omaggio-alla-fiorentina\\\/#primaryimage\"},\"thumbnailUrl\":\"http:\\\/\\\/www.bellunopress.it\\\/wp-content\\\/uploads\\\/2009\\\/07\\\/giglio-aperitivo-300x225.jpg\",\"keywords\":[\"Belluno\"],\"articleSection\":[\"Pausa Caff\u00e8\",\"Societ\u00e0, Associazioni, Istituzioni\"],\"inLanguage\":\"fr-FR\"},{\"@type\":\"WebPage\",\"@id\":\"https:\\\/\\\/www.bellunopress.it\\\/2009\\\/07\\\/16\\\/a-cortina-si-brinda-con-giglio-e-violet-in-omaggio-alla-fiorentina\\\/\",\"url\":\"https:\\\/\\\/www.bellunopress.it\\\/2009\\\/07\\\/16\\\/a-cortina-si-brinda-con-giglio-e-violet-in-omaggio-alla-fiorentina\\\/\",\"name\":\"A Cortina si brinda con \\\"Giglio\\\" e \\\"Violet\\\", in omaggio alla Fiorentina - Bellunopress - Dolomiti\",\"isPartOf\":{\"@id\":\"https:\\\/\\\/www.bellunopress.it\\\/#website\"},\"primaryImageOfPage\":{\"@id\":\"https:\\\/\\\/www.bellunopress.it\\\/2009\\\/07\\\/16\\\/a-cortina-si-brinda-con-giglio-e-violet-in-omaggio-alla-fiorentina\\\/#primaryimage\"},\"image\":{\"@id\":\"https:\\\/\\\/www.bellunopress.it\\\/2009\\\/07\\\/16\\\/a-cortina-si-brinda-con-giglio-e-violet-in-omaggio-alla-fiorentina\\\/#primaryimage\"},\"thumbnailUrl\":\"http:\\\/\\\/www.bellunopress.it\\\/wp-content\\\/uploads\\\/2009\\\/07\\\/giglio-aperitivo-300x225.jpg\",\"datePublished\":\"2009-07-16T13:10:20+00:00\",\"breadcrumb\":{\"@id\":\"https:\\\/\\\/www.bellunopress.it\\\/2009\\\/07\\\/16\\\/a-cortina-si-brinda-con-giglio-e-violet-in-omaggio-alla-fiorentina\\\/#breadcrumb\"},\"inLanguage\":\"fr-FR\",\"potentialAction\":[{\"@type\":\"ReadAction\",\"target\":[\"https:\\\/\\\/www.bellunopress.it\\\/2009\\\/07\\\/16\\\/a-cortina-si-brinda-con-giglio-e-violet-in-omaggio-alla-fiorentina\\\/\"]}]},{\"@type\":\"ImageObject\",\"inLanguage\":\"fr-FR\",\"@id\":\"https:\\\/\\\/www.bellunopress.it\\\/2009\\\/07\\\/16\\\/a-cortina-si-brinda-con-giglio-e-violet-in-omaggio-alla-fiorentina\\\/#primaryimage\",\"url\":\"http:\\\/\\\/www.bellunopress.it\\\/wp-content\\\/uploads\\\/2009\\\/07\\\/giglio-aperitivo-300x225.jpg\",\"contentUrl\":\"http:\\\/\\\/www.bellunopress.it\\\/wp-content\\\/uploads\\\/2009\\\/07\\\/giglio-aperitivo-300x225.jpg\"},{\"@type\":\"BreadcrumbList\",\"@id\":\"https:\\\/\\\/www.bellunopress.it\\\/2009\\\/07\\\/16\\\/a-cortina-si-brinda-con-giglio-e-violet-in-omaggio-alla-fiorentina\\\/#breadcrumb\",\"itemListElement\":[{\"@type\":\"ListItem\",\"position\":1,\"name\":\"Home\",\"item\":\"https:\\\/\\\/www.bellunopress.it\\\/\"},{\"@type\":\"ListItem\",\"position\":2,\"name\":\"A Cortina si brinda con &#8220;Giglio&#8221; e &#8220;Violet&#8221;, in omaggio alla Fiorentina\"}]},{\"@type\":\"WebSite\",\"@id\":\"https:\\\/\\\/www.bellunopress.it\\\/#website\",\"url\":\"https:\\\/\\\/www.bellunopress.it\\\/\",\"name\":\"Bellunopress - Dolomiti\",\"description\":\"e-mail: redazione@bellunopress.it\",\"publisher\":{\"@id\":\"https:\\\/\\\/www.bellunopress.it\\\/#organization\"},\"potentialAction\":[{\"@type\":\"SearchAction\",\"target\":{\"@type\":\"EntryPoint\",\"urlTemplate\":\"https:\\\/\\\/www.bellunopress.it\\\/?s={search_term_string}\"},\"query-input\":{\"@type\":\"PropertyValueSpecification\",\"valueRequired\":true,\"valueName\":\"search_term_string\"}}],\"inLanguage\":\"fr-FR\"},{\"@type\":\"Organization\",\"@id\":\"https:\\\/\\\/www.bellunopress.it\\\/#organization\",\"name\":\"Bellunopress\",\"url\":\"https:\\\/\\\/www.bellunopress.it\\\/\",\"logo\":{\"@type\":\"ImageObject\",\"inLanguage\":\"fr-FR\",\"@id\":\"https:\\\/\\\/www.bellunopress.it\\\/#\\\/schema\\\/logo\\\/image\\\/\",\"url\":\"https:\\\/\\\/www.bellunopress.it\\\/wp-content\\\/uploads\\\/2011\\\/05\\\/cropped-logo-bellunopress-.jpg\",\"contentUrl\":\"https:\\\/\\\/www.bellunopress.it\\\/wp-content\\\/uploads\\\/2011\\\/05\\\/cropped-logo-bellunopress-.jpg\",\"width\":512,\"height\":512,\"caption\":\"Bellunopress\"},\"image\":{\"@id\":\"https:\\\/\\\/www.bellunopress.it\\\/#\\\/schema\\\/logo\\\/image\\\/\"},\"sameAs\":[\"https:\\\/\\\/www.facebook.com\\\/profile.php?id=100008943462799\",\"https:\\\/\\\/x.com\\\/bellunopress\",\"https:\\\/\\\/www.linkedin.com\\\/hp\\\/?dnr=JBzUWaJfMUw8vbXJJ2tVW5-I3jZKvC4wsoxE&amp;amp;amp;amp;amp;amp;trk=nav_responsive_tab_home\",\"https:\\\/\\\/www.youtube.com\\\/channel\\\/UCxL0wu1uN0_3_7hGG0306cw\"]},{\"@type\":\"Person\",\"@id\":\"https:\\\/\\\/www.bellunopress.it\\\/#\\\/schema\\\/person\\\/79bb06722b37ece1c03d3e94beb30d73\",\"name\":\"redazione\",\"image\":{\"@type\":\"ImageObject\",\"inLanguage\":\"fr-FR\",\"@id\":\"https:\\\/\\\/secure.gravatar.com\\\/avatar\\\/37d968a2e67a6fd04c169c4bdef102d0bc5d31b2546345219e348575eb80e9a0?s=96&d=mm&r=g\",\"url\":\"https:\\\/\\\/secure.gravatar.com\\\/avatar\\\/37d968a2e67a6fd04c169c4bdef102d0bc5d31b2546345219e348575eb80e9a0?s=96&d=mm&r=g\",\"contentUrl\":\"https:\\\/\\\/secure.gravatar.com\\\/avatar\\\/37d968a2e67a6fd04c169c4bdef102d0bc5d31b2546345219e348575eb80e9a0?s=96&d=mm&r=g\",\"caption\":\"redazione\"},\"sameAs\":[\"http:\\\/\\\/www.bellunopress.it\",\"https:\\\/\\\/x.com\\\/bellunopress\"],\"url\":\"https:\\\/\\\/www.bellunopress.it\\\/fr\\\/author\\\/redazione\\\/\"}]}<\/script>\n<!-- \/ Yoast SEO plugin. -->","yoast_head_json":{"title":"A Cortina si brinda con \"Giglio\" e \"Violet\", in omaggio alla Fiorentina  - Bellunopress - Dolomiti","robots":{"index":"index","follow":"follow","max-snippet":"max-snippet:-1","max-image-preview":"max-image-preview:large","max-video-preview":"max-video-preview:-1"},"canonical":"https:\/\/www.bellunopress.it\/fr\/2009\/07\/16\/a-cortina-si-brinda-con-giglio-e-violet-in-omaggio-alla-fiorentina\/","og_locale":"fr_FR","og_type":"article","og_title":"A Cortina si brinda con \"Giglio\" e \"Violet\", in omaggio alla Fiorentina  - Bellunopress - Dolomiti","og_description":"Cortina si tinge di viola, e non solo per il ritiro della Fiorentina. L\u2019ultima trovata della pluripremiata Ursula Chioma, Barman of the Year 2008 e Barlady del Cristallo Palace Hotel &amp; Spa di Cortina d\u2019Ampezzo \u00e8 un cocktail tutto nuovo, dal nome \u201cGiglio\u201d, creato proprio in onore della squadra di Firenze. E per l\u2019aperitivo, anche [&hellip;]","og_url":"https:\/\/www.bellunopress.it\/fr\/2009\/07\/16\/a-cortina-si-brinda-con-giglio-e-violet-in-omaggio-alla-fiorentina\/","og_site_name":"Bellunopress - Dolomiti","article_publisher":"https:\/\/www.facebook.com\/profile.php?id=100008943462799","article_published_time":"2009-07-16T13:10:20+00:00","og_image":[{"url":"http:\/\/www.bellunopress.it\/wp-content\/uploads\/2009\/07\/giglio-aperitivo-300x225.jpg","type":"","width":"","height":""}],"author":"redazione","twitter_card":"summary_large_image","twitter_creator":"@bellunopress","twitter_site":"@bellunopress","twitter_misc":{"\u00c9crit par":"redazione","Dur\u00e9e de lecture estim\u00e9e":"1 minute"},"schema":{"@context":"https:\/\/schema.org","@graph":[{"@type":"Article","@id":"https:\/\/www.bellunopress.it\/2009\/07\/16\/a-cortina-si-brinda-con-giglio-e-violet-in-omaggio-alla-fiorentina\/#article","isPartOf":{"@id":"https:\/\/www.bellunopress.it\/2009\/07\/16\/a-cortina-si-brinda-con-giglio-e-violet-in-omaggio-alla-fiorentina\/"},"author":{"name":"redazione","@id":"https:\/\/www.bellunopress.it\/#\/schema\/person\/79bb06722b37ece1c03d3e94beb30d73"},"headline":"A Cortina si brinda con &#8220;Giglio&#8221; e &#8220;Violet&#8221;, in omaggio alla Fiorentina","datePublished":"2009-07-16T13:10:20+00:00","mainEntityOfPage":{"@id":"https:\/\/www.bellunopress.it\/2009\/07\/16\/a-cortina-si-brinda-con-giglio-e-violet-in-omaggio-alla-fiorentina\/"},"wordCount":263,"publisher":{"@id":"https:\/\/www.bellunopress.it\/#organization"},"image":{"@id":"https:\/\/www.bellunopress.it\/2009\/07\/16\/a-cortina-si-brinda-con-giglio-e-violet-in-omaggio-alla-fiorentina\/#primaryimage"},"thumbnailUrl":"http:\/\/www.bellunopress.it\/wp-content\/uploads\/2009\/07\/giglio-aperitivo-300x225.jpg","keywords":["Belluno"],"articleSection":["Pausa Caff\u00e8","Societ\u00e0, Associazioni, Istituzioni"],"inLanguage":"fr-FR"},{"@type":"WebPage","@id":"https:\/\/www.bellunopress.it\/2009\/07\/16\/a-cortina-si-brinda-con-giglio-e-violet-in-omaggio-alla-fiorentina\/","url":"https:\/\/www.bellunopress.it\/2009\/07\/16\/a-cortina-si-brinda-con-giglio-e-violet-in-omaggio-alla-fiorentina\/","name":"A Cortina si brinda con \"Giglio\" e \"Violet\", in omaggio alla Fiorentina - Bellunopress - Dolomiti","isPartOf":{"@id":"https:\/\/www.bellunopress.it\/#website"},"primaryImageOfPage":{"@id":"https:\/\/www.bellunopress.it\/2009\/07\/16\/a-cortina-si-brinda-con-giglio-e-violet-in-omaggio-alla-fiorentina\/#primaryimage"},"image":{"@id":"https:\/\/www.bellunopress.it\/2009\/07\/16\/a-cortina-si-brinda-con-giglio-e-violet-in-omaggio-alla-fiorentina\/#primaryimage"},"thumbnailUrl":"http:\/\/www.bellunopress.it\/wp-content\/uploads\/2009\/07\/giglio-aperitivo-300x225.jpg","datePublished":"2009-07-16T13:10:20+00:00","breadcrumb":{"@id":"https:\/\/www.bellunopress.it\/2009\/07\/16\/a-cortina-si-brinda-con-giglio-e-violet-in-omaggio-alla-fiorentina\/#breadcrumb"},"inLanguage":"fr-FR","potentialAction":[{"@type":"ReadAction","target":["https:\/\/www.bellunopress.it\/2009\/07\/16\/a-cortina-si-brinda-con-giglio-e-violet-in-omaggio-alla-fiorentina\/"]}]},{"@type":"ImageObject","inLanguage":"fr-FR","@id":"https:\/\/www.bellunopress.it\/2009\/07\/16\/a-cortina-si-brinda-con-giglio-e-violet-in-omaggio-alla-fiorentina\/#primaryimage","url":"http:\/\/www.bellunopress.it\/wp-content\/uploads\/2009\/07\/giglio-aperitivo-300x225.jpg","contentUrl":"http:\/\/www.bellunopress.it\/wp-content\/uploads\/2009\/07\/giglio-aperitivo-300x225.jpg"},{"@type":"BreadcrumbList","@id":"https:\/\/www.bellunopress.it\/2009\/07\/16\/a-cortina-si-brinda-con-giglio-e-violet-in-omaggio-alla-fiorentina\/#breadcrumb","itemListElement":[{"@type":"ListItem","position":1,"name":"Home","item":"https:\/\/www.bellunopress.it\/"},{"@type":"ListItem","position":2,"name":"A Cortina si brinda con &#8220;Giglio&#8221; e &#8220;Violet&#8221;, in omaggio alla Fiorentina"}]},{"@type":"WebSite","@id":"https:\/\/www.bellunopress.it\/#website","url":"https:\/\/www.bellunopress.it\/","name":"Bellunopress - Dolomiti","description":"e-mail: redazione@bellunopress.it","publisher":{"@id":"https:\/\/www.bellunopress.it\/#organization"},"potentialAction":[{"@type":"SearchAction","target":{"@type":"EntryPoint","urlTemplate":"https:\/\/www.bellunopress.it\/?s={search_term_string}"},"query-input":{"@type":"PropertyValueSpecification","valueRequired":true,"valueName":"search_term_string"}}],"inLanguage":"fr-FR"},{"@type":"Organization","@id":"https:\/\/www.bellunopress.it\/#organization","name":"Bellunopress","url":"https:\/\/www.bellunopress.it\/","logo":{"@type":"ImageObject","inLanguage":"fr-FR","@id":"https:\/\/www.bellunopress.it\/#\/schema\/logo\/image\/","url":"https:\/\/www.bellunopress.it\/wp-content\/uploads\/2011\/05\/cropped-logo-bellunopress-.jpg","contentUrl":"https:\/\/www.bellunopress.it\/wp-content\/uploads\/2011\/05\/cropped-logo-bellunopress-.jpg","width":512,"height":512,"caption":"Bellunopress"},"image":{"@id":"https:\/\/www.bellunopress.it\/#\/schema\/logo\/image\/"},"sameAs":["https:\/\/www.facebook.com\/profile.php?id=100008943462799","https:\/\/x.com\/bellunopress","https:\/\/www.linkedin.com\/hp\/?dnr=JBzUWaJfMUw8vbXJJ2tVW5-I3jZKvC4wsoxE&amp;amp;amp;amp;amp;amp;trk=nav_responsive_tab_home","https:\/\/www.youtube.com\/channel\/UCxL0wu1uN0_3_7hGG0306cw"]},{"@type":"Person","@id":"https:\/\/www.bellunopress.it\/#\/schema\/person\/79bb06722b37ece1c03d3e94beb30d73","name":"r\u00e9daction","image":{"@type":"ImageObject","inLanguage":"fr-FR","@id":"https:\/\/secure.gravatar.com\/avatar\/37d968a2e67a6fd04c169c4bdef102d0bc5d31b2546345219e348575eb80e9a0?s=96&d=mm&r=g","url":"https:\/\/secure.gravatar.com\/avatar\/37d968a2e67a6fd04c169c4bdef102d0bc5d31b2546345219e348575eb80e9a0?s=96&d=mm&r=g","contentUrl":"https:\/\/secure.gravatar.com\/avatar\/37d968a2e67a6fd04c169c4bdef102d0bc5d31b2546345219e348575eb80e9a0?s=96&d=mm&r=g","caption":"redazione"},"sameAs":["http:\/\/www.bellunopress.it","https:\/\/x.com\/bellunopress"],"url":"https:\/\/www.bellunopress.it\/fr\/author\/redazione\/"}]}},"_links":{"self":[{"href":"https:\/\/www.bellunopress.it\/fr\/wp-json\/wp\/v2\/posts\/6017","targetHints":{"allow":["GET"]}}],"collection":[{"href":"https:\/\/www.bellunopress.it\/fr\/wp-json\/wp\/v2\/posts"}],"about":[{"href":"https:\/\/www.bellunopress.it\/fr\/wp-json\/wp\/v2\/types\/post"}],"author":[{"embeddable":true,"href":"https:\/\/www.bellunopress.it\/fr\/wp-json\/wp\/v2\/users\/2"}],"replies":[{"embeddable":true,"href":"https:\/\/www.bellunopress.it\/fr\/wp-json\/wp\/v2\/comments?post=6017"}],"version-history":[{"count":1,"href":"https:\/\/www.bellunopress.it\/fr\/wp-json\/wp\/v2\/posts\/6017\/revisions"}],"predecessor-version":[{"id":6019,"href":"https:\/\/www.bellunopress.it\/fr\/wp-json\/wp\/v2\/posts\/6017\/revisions\/6019"}],"wp:attachment":[{"href":"https:\/\/www.bellunopress.it\/fr\/wp-json\/wp\/v2\/media?parent=6017"}],"wp:term":[{"taxonomy":"category","embeddable":true,"href":"https:\/\/www.bellunopress.it\/fr\/wp-json\/wp\/v2\/categories?post=6017"},{"taxonomy":"post_tag","embeddable":true,"href":"https:\/\/www.bellunopress.it\/fr\/wp-json\/wp\/v2\/tags?post=6017"}],"curies":[{"name":"wp","href":"https:\/\/api.w.org\/{rel}","templated":true}]}}