{"id":6015,"date":"2009-07-16T12:53:17","date_gmt":"2009-07-16T11:53:17","guid":{"rendered":"http:\/\/www.bellunopress.it\/?p=6015"},"modified":"2009-07-16T12:53:17","modified_gmt":"2009-07-16T11:53:17","slug":"cortina-dampezzo-arrivano-gli-atleti-della-fiorentina-in-ritiro-fino-al-26-luglio","status":"publish","type":"post","link":"https:\/\/www.bellunopress.it\/fr\/2009\/07\/16\/cortina-dampezzo-arrivano-gli-atleti-della-fiorentina-in-ritiro-fino-al-26-luglio\/","title":{"rendered":"Cortina d&#8217;Ampezzo: arrivano gli atleti della Fiorentina, in ritiro fino al 26 luglio"},"content":{"rendered":"<p>Grande attesa a Cortina per l\u2019arrivo della Fiorentina, in programma questa sera verso le ore 18.00. Il Centro Sportivo A. De Rigo \u00e8 stato allestito per l\u2019occasione al fine di garantire il perfetto svolgimento del ritiro, sia dal punto di vista sportivo che della sicurezza. Gli alberghi sono pronti ad accogliere tifosi e abbonati che sono attesi numerosi. A disposizione degli ospiti \u00e8 in vendita presso l\u2019info point di piazza Roma la speciale Viola Card, una carta servizi che garantir\u00e0 sconti e promozioni a tutti i tifosi che soggiorneranno a Cortina, e in pi\u00f9 accesso gratuito agli autobus e riduzioni per l\u2019utilizzo degli impianti di risalita. Un vero lavoro di squadra, un\u2019efficiente triangolazione tra tutti i soggetti coinvolti per inaugurare la partnership biennale tra la Fiorentina e Cortina, che per la prima volta accoglie una squadra di Serie A. Un ricco programma allieter\u00e0 i turisti e i valligiani che vorranno seguire da vicino i giocatori viola. Ogni giorno al Centro Sportivo sono in programma due allenamenti aperti gratuitamente al pubblico, uno alle 10.00 e uno alle 17.00, a partire da venerd\u00ec 17 luglio. Il calendario prevede due partite amichevoli, domenica 19 e sabato 25 luglio alle 17.30, rispettivamente contro il Cortina e il Belluno. I biglietti sono in vendita a \u20ac 10,00 presso l\u2019info point di piazza Roma (di fronte all\u2019Hotel de la Poste &#8211; 0436\/869086). Tutti i bambini al di sotto dei 5 anni potranno assistere gratuitamente alle partite. I biglietti saranno in vendita sino alla serata antecedente le partite, mentre il giorno delle partite potranno essere acquistati presso la biglietteria del campo a partire dalle ore 14.00 e fino ad esaurimento. Per facilitare i trasporti da Cortina al Centro Sportivo \u00e8 stato intensificato il servizio di autobus urbani. Per i tifosi in possesso della speciale viola card, i servizi pubblici sono gratuiti. Imperdibile l\u2019appuntamento di sabato 18 luglio in Piazza Venezia, quando la squadra arriver\u00e0 verso le 19.00 ai piedi del campanile, simbolo di Cortina, per presentarsi ufficialmente al pubblico, con speciali sorprese per tutti i bambini presenti.<br \/>\nL\u2019elenco completo dei giocatori \u00e8 consultabile al seguente link <a href=\"http:\/\/it.violachannel.tv\/dettaglio-ultimora\/items\/i-convocati.2242.html\">http:\/\/it.violachannel.tv\/dettaglio-ultimora\/items\/i-convocati.2242.html<\/a><br \/>\nInfo: 0436\/869086<br \/>\n<a href=\"http:\/\/www.cortina.dolomiti.org\/Fiorentina\">www.cortina.dolomiti.org\/Fiorentina<\/a><br \/>\nPROGRAMMA ACF FIORENTINA 16-26 LUGLIO<br \/>\nRitiro Estivo a Cortina D\u2019Ampezzo<br \/>\nGioved\u00ec 16<br \/>\n18.00 \/ Arrivo a Cortina.<br \/>\nVenerd\u00ec 17<br \/>\n10.00 \/ Allenamento.<br \/>\n16.00 \/ Conferenza Stampa: Direttore Sportivo e Mister.<br \/>\n17.00 \/ Allenamento.<br \/>\nSabato 18<br \/>\n10.00 \/ Allenamento.<br \/>\n16.00 \/ Conferenza Stampa: ACF Fiorentina e Comune di Cortina.<br \/>\n16.30 \/ Presentazione di Marco Marchionni.<br \/>\n17.00 \/ Allenamento.<br \/>\n19.00 \/ Evento di presentazione della squadra nella \u201cConchiglia\u201d di Cortina (Piazza Venezia).<br \/>\nDomenica 19<br \/>\n10.00 \/ Allenamento.<br \/>\n17.30 \/ ACF Fiorentina \u2013 Cortina Calcio.<br \/>\nLuned\u00ec 20<br \/>\n10.00 \/ Allenamento.<br \/>\n16.30 \/ Conferenza Stampa: Adrian Mutu.<br \/>\n17.00 \/ Allenamento.<br \/>\nMarted\u00ec 21<br \/>\n10.00 \/ Allenamento.<br \/>\n16.30 \/ Conferenza Stampa: Martin Jorgensen.<br \/>\n17.00 \/ Allenamento.<br \/>\nMercoled\u00ec 22<br \/>\n10.00 \/ Allenamento.<br \/>\n16.30 \/ Conferenza Stampa: Zdravko Kuzmanovic.<br \/>\n17.00 \/ Allenamento.<br \/>\nGioved\u00ec 23<br \/>\n10.00 \/ Allenamento.<br \/>\n16.30 \/ Conferenza Stampa: Sebastien Frey.<br \/>\n17.00 \/ Allenamento.<br \/>\nVenerd\u00ec 24<br \/>\n10.00 \/ Allenamento.<br \/>\n16.30 \/ Conferenza Stampa: Gianluca Comotto.<br \/>\n17.00 \/ Allenamento.<br \/>\nSabato 25<br \/>\n10.00 \/ Allenamento.<br \/>\n16.30 \/ Conferenza Stampa: Cesare Prandelli.<br \/>\n17.30 \/ ACF Fiorentina \u2013 AC Belluno.<br \/>\nDomenica 26<br \/>\n10.00 \/ Allenamento.<br \/>\n13.00 \/ Partenza per Firenze.<\/p>","protected":false},"excerpt":{"rendered":"<p>Grande attesa a Cortina per l\u2019arrivo della Fiorentina, in programma questa sera verso le ore 18.00. Il Centro Sportivo A. De Rigo \u00e8 stato allestito per l\u2019occasione al fine di garantire il perfetto svolgimento del ritiro, sia dal punto di vista sportivo che della sicurezza. Gli alberghi sono pronti ad accogliere tifosi e abbonati che [&hellip;]<\/p>\n","protected":false},"author":2,"featured_media":0,"comment_status":"closed","ping_status":"open","sticky":false,"template":"","format":"standard","meta":{"footnotes":""},"categories":[25,4],"tags":[139,63],"class_list":["post-6015","post","type-post","status-publish","format-standard","category-pausa-caffe","category-sport","tag-belluno","tag-dolomiti"],"yoast_head":"<!-- This site is optimized with the Yoast SEO plugin v28.4 - https:\/\/yoast.com\/product\/yoast-seo-wordpress\/ -->\n<title>Cortina d&#039;Ampezzo: arrivano gli atleti della Fiorentina, in ritiro fino al 26 luglio - Bellunopress - Dolomiti<\/title>\n<meta name=\"robots\" content=\"index, follow, max-snippet:-1, max-image-preview:large, max-video-preview:-1\" \/>\n<link rel=\"canonical\" href=\"https:\/\/www.bellunopress.it\/fr\/2009\/07\/16\/cortina-dampezzo-arrivano-gli-atleti-della-fiorentina-in-ritiro-fino-al-26-luglio\/\" \/>\n<meta property=\"og:locale\" content=\"fr_FR\" \/>\n<meta property=\"og:type\" content=\"article\" \/>\n<meta property=\"og:title\" content=\"Cortina d&#039;Ampezzo: arrivano gli atleti della Fiorentina, in ritiro fino al 26 luglio - Bellunopress - Dolomiti\" \/>\n<meta property=\"og:description\" content=\"Grande attesa a Cortina per l\u2019arrivo della Fiorentina, in programma questa sera verso le ore 18.00. Il Centro Sportivo A. De Rigo \u00e8 stato allestito per l\u2019occasione al fine di garantire il perfetto svolgimento del ritiro, sia dal punto di vista sportivo che della sicurezza. Gli alberghi sono pronti ad accogliere tifosi e abbonati che [&hellip;]\" \/>\n<meta property=\"og:url\" content=\"https:\/\/www.bellunopress.it\/fr\/2009\/07\/16\/cortina-dampezzo-arrivano-gli-atleti-della-fiorentina-in-ritiro-fino-al-26-luglio\/\" \/>\n<meta property=\"og:site_name\" content=\"Bellunopress - Dolomiti\" \/>\n<meta property=\"article:publisher\" content=\"https:\/\/www.facebook.com\/profile.php?id=100008943462799\" \/>\n<meta property=\"article:published_time\" content=\"2009-07-16T11:53:17+00:00\" \/>\n<meta property=\"og:image\" content=\"http:\/\/www.bellunopress.it\/wp-content\/uploads\/2012\/07\/logo-bellunopress-250x250-2012.jpg\" \/>\n<meta name=\"author\" content=\"redazione\" \/>\n<meta name=\"twitter:card\" content=\"summary_large_image\" \/>\n<meta name=\"twitter:creator\" content=\"@bellunopress\" \/>\n<meta name=\"twitter:site\" content=\"@bellunopress\" \/>\n<meta name=\"twitter:label1\" content=\"\u00c9crit par\" \/>\n\t<meta name=\"twitter:data1\" content=\"redazione\" \/>\n\t<meta name=\"twitter:label2\" content=\"Dur\u00e9e de lecture estim\u00e9e\" \/>\n\t<meta name=\"twitter:data2\" content=\"2 minutes\" \/>\n<script type=\"application\/ld+json\" class=\"yoast-schema-graph\">{\"@context\":\"https:\\\/\\\/schema.org\",\"@graph\":[{\"@type\":\"Article\",\"@id\":\"https:\\\/\\\/www.bellunopress.it\\\/2009\\\/07\\\/16\\\/cortina-dampezzo-arrivano-gli-atleti-della-fiorentina-in-ritiro-fino-al-26-luglio\\\/#article\",\"isPartOf\":{\"@id\":\"https:\\\/\\\/www.bellunopress.it\\\/2009\\\/07\\\/16\\\/cortina-dampezzo-arrivano-gli-atleti-della-fiorentina-in-ritiro-fino-al-26-luglio\\\/\"},\"author\":{\"name\":\"redazione\",\"@id\":\"https:\\\/\\\/www.bellunopress.it\\\/#\\\/schema\\\/person\\\/79bb06722b37ece1c03d3e94beb30d73\"},\"headline\":\"Cortina d&#8217;Ampezzo: arrivano gli atleti della Fiorentina, in ritiro fino al 26 luglio\",\"datePublished\":\"2009-07-16T11:53:17+00:00\",\"mainEntityOfPage\":{\"@id\":\"https:\\\/\\\/www.bellunopress.it\\\/2009\\\/07\\\/16\\\/cortina-dampezzo-arrivano-gli-atleti-della-fiorentina-in-ritiro-fino-al-26-luglio\\\/\"},\"wordCount\":473,\"publisher\":{\"@id\":\"https:\\\/\\\/www.bellunopress.it\\\/#organization\"},\"keywords\":[\"Belluno\",\"Dolomiti\"],\"articleSection\":[\"Pausa Caff\u00e8\",\"Sport, tempo libero\"],\"inLanguage\":\"fr-FR\"},{\"@type\":\"WebPage\",\"@id\":\"https:\\\/\\\/www.bellunopress.it\\\/2009\\\/07\\\/16\\\/cortina-dampezzo-arrivano-gli-atleti-della-fiorentina-in-ritiro-fino-al-26-luglio\\\/\",\"url\":\"https:\\\/\\\/www.bellunopress.it\\\/2009\\\/07\\\/16\\\/cortina-dampezzo-arrivano-gli-atleti-della-fiorentina-in-ritiro-fino-al-26-luglio\\\/\",\"name\":\"Cortina d'Ampezzo: arrivano gli atleti della Fiorentina, in ritiro fino al 26 luglio - Bellunopress - Dolomiti\",\"isPartOf\":{\"@id\":\"https:\\\/\\\/www.bellunopress.it\\\/#website\"},\"datePublished\":\"2009-07-16T11:53:17+00:00\",\"breadcrumb\":{\"@id\":\"https:\\\/\\\/www.bellunopress.it\\\/2009\\\/07\\\/16\\\/cortina-dampezzo-arrivano-gli-atleti-della-fiorentina-in-ritiro-fino-al-26-luglio\\\/#breadcrumb\"},\"inLanguage\":\"fr-FR\",\"potentialAction\":[{\"@type\":\"ReadAction\",\"target\":[\"https:\\\/\\\/www.bellunopress.it\\\/2009\\\/07\\\/16\\\/cortina-dampezzo-arrivano-gli-atleti-della-fiorentina-in-ritiro-fino-al-26-luglio\\\/\"]}]},{\"@type\":\"BreadcrumbList\",\"@id\":\"https:\\\/\\\/www.bellunopress.it\\\/2009\\\/07\\\/16\\\/cortina-dampezzo-arrivano-gli-atleti-della-fiorentina-in-ritiro-fino-al-26-luglio\\\/#breadcrumb\",\"itemListElement\":[{\"@type\":\"ListItem\",\"position\":1,\"name\":\"Home\",\"item\":\"https:\\\/\\\/www.bellunopress.it\\\/\"},{\"@type\":\"ListItem\",\"position\":2,\"name\":\"Cortina d&#8217;Ampezzo: arrivano gli atleti della Fiorentina, in ritiro fino al 26 luglio\"}]},{\"@type\":\"WebSite\",\"@id\":\"https:\\\/\\\/www.bellunopress.it\\\/#website\",\"url\":\"https:\\\/\\\/www.bellunopress.it\\\/\",\"name\":\"Bellunopress - Dolomiti\",\"description\":\"e-mail: redazione@bellunopress.it\",\"publisher\":{\"@id\":\"https:\\\/\\\/www.bellunopress.it\\\/#organization\"},\"potentialAction\":[{\"@type\":\"SearchAction\",\"target\":{\"@type\":\"EntryPoint\",\"urlTemplate\":\"https:\\\/\\\/www.bellunopress.it\\\/?s={search_term_string}\"},\"query-input\":{\"@type\":\"PropertyValueSpecification\",\"valueRequired\":true,\"valueName\":\"search_term_string\"}}],\"inLanguage\":\"fr-FR\"},{\"@type\":\"Organization\",\"@id\":\"https:\\\/\\\/www.bellunopress.it\\\/#organization\",\"name\":\"Bellunopress\",\"url\":\"https:\\\/\\\/www.bellunopress.it\\\/\",\"logo\":{\"@type\":\"ImageObject\",\"inLanguage\":\"fr-FR\",\"@id\":\"https:\\\/\\\/www.bellunopress.it\\\/#\\\/schema\\\/logo\\\/image\\\/\",\"url\":\"https:\\\/\\\/www.bellunopress.it\\\/wp-content\\\/uploads\\\/2011\\\/05\\\/cropped-logo-bellunopress-.jpg\",\"contentUrl\":\"https:\\\/\\\/www.bellunopress.it\\\/wp-content\\\/uploads\\\/2011\\\/05\\\/cropped-logo-bellunopress-.jpg\",\"width\":512,\"height\":512,\"caption\":\"Bellunopress\"},\"image\":{\"@id\":\"https:\\\/\\\/www.bellunopress.it\\\/#\\\/schema\\\/logo\\\/image\\\/\"},\"sameAs\":[\"https:\\\/\\\/www.facebook.com\\\/profile.php?id=100008943462799\",\"https:\\\/\\\/x.com\\\/bellunopress\",\"https:\\\/\\\/www.linkedin.com\\\/hp\\\/?dnr=JBzUWaJfMUw8vbXJJ2tVW5-I3jZKvC4wsoxE&amp;amp;amp;amp;amp;amp;trk=nav_responsive_tab_home\",\"https:\\\/\\\/www.youtube.com\\\/channel\\\/UCxL0wu1uN0_3_7hGG0306cw\"]},{\"@type\":\"Person\",\"@id\":\"https:\\\/\\\/www.bellunopress.it\\\/#\\\/schema\\\/person\\\/79bb06722b37ece1c03d3e94beb30d73\",\"name\":\"redazione\",\"image\":{\"@type\":\"ImageObject\",\"inLanguage\":\"fr-FR\",\"@id\":\"https:\\\/\\\/secure.gravatar.com\\\/avatar\\\/37d968a2e67a6fd04c169c4bdef102d0bc5d31b2546345219e348575eb80e9a0?s=96&d=mm&r=g\",\"url\":\"https:\\\/\\\/secure.gravatar.com\\\/avatar\\\/37d968a2e67a6fd04c169c4bdef102d0bc5d31b2546345219e348575eb80e9a0?s=96&d=mm&r=g\",\"contentUrl\":\"https:\\\/\\\/secure.gravatar.com\\\/avatar\\\/37d968a2e67a6fd04c169c4bdef102d0bc5d31b2546345219e348575eb80e9a0?s=96&d=mm&r=g\",\"caption\":\"redazione\"},\"sameAs\":[\"http:\\\/\\\/www.bellunopress.it\",\"https:\\\/\\\/x.com\\\/bellunopress\"],\"url\":\"https:\\\/\\\/www.bellunopress.it\\\/fr\\\/author\\\/redazione\\\/\"}]}<\/script>\n<!-- \/ Yoast SEO plugin. -->","yoast_head_json":{"title":"Cortina d'Ampezzo: arrivano gli atleti della Fiorentina, in ritiro fino al 26 luglio - Bellunopress - Dolomiti","robots":{"index":"index","follow":"follow","max-snippet":"max-snippet:-1","max-image-preview":"max-image-preview:large","max-video-preview":"max-video-preview:-1"},"canonical":"https:\/\/www.bellunopress.it\/fr\/2009\/07\/16\/cortina-dampezzo-arrivano-gli-atleti-della-fiorentina-in-ritiro-fino-al-26-luglio\/","og_locale":"fr_FR","og_type":"article","og_title":"Cortina d'Ampezzo: arrivano gli atleti della Fiorentina, in ritiro fino al 26 luglio - Bellunopress - Dolomiti","og_description":"Grande attesa a Cortina per l\u2019arrivo della Fiorentina, in programma questa sera verso le ore 18.00. Il Centro Sportivo A. De Rigo \u00e8 stato allestito per l\u2019occasione al fine di garantire il perfetto svolgimento del ritiro, sia dal punto di vista sportivo che della sicurezza. Gli alberghi sono pronti ad accogliere tifosi e abbonati che [&hellip;]","og_url":"https:\/\/www.bellunopress.it\/fr\/2009\/07\/16\/cortina-dampezzo-arrivano-gli-atleti-della-fiorentina-in-ritiro-fino-al-26-luglio\/","og_site_name":"Bellunopress - Dolomiti","article_publisher":"https:\/\/www.facebook.com\/profile.php?id=100008943462799","article_published_time":"2009-07-16T11:53:17+00:00","og_image":[{"url":"http:\/\/www.bellunopress.it\/wp-content\/uploads\/2012\/07\/logo-bellunopress-250x250-2012.jpg","type":"","width":"","height":""}],"author":"redazione","twitter_card":"summary_large_image","twitter_creator":"@bellunopress","twitter_site":"@bellunopress","twitter_misc":{"\u00c9crit par":"redazione","Dur\u00e9e de lecture estim\u00e9e":"2 minutes"},"schema":{"@context":"https:\/\/schema.org","@graph":[{"@type":"Article","@id":"https:\/\/www.bellunopress.it\/2009\/07\/16\/cortina-dampezzo-arrivano-gli-atleti-della-fiorentina-in-ritiro-fino-al-26-luglio\/#article","isPartOf":{"@id":"https:\/\/www.bellunopress.it\/2009\/07\/16\/cortina-dampezzo-arrivano-gli-atleti-della-fiorentina-in-ritiro-fino-al-26-luglio\/"},"author":{"name":"redazione","@id":"https:\/\/www.bellunopress.it\/#\/schema\/person\/79bb06722b37ece1c03d3e94beb30d73"},"headline":"Cortina d&#8217;Ampezzo: arrivano gli atleti della Fiorentina, in ritiro fino al 26 luglio","datePublished":"2009-07-16T11:53:17+00:00","mainEntityOfPage":{"@id":"https:\/\/www.bellunopress.it\/2009\/07\/16\/cortina-dampezzo-arrivano-gli-atleti-della-fiorentina-in-ritiro-fino-al-26-luglio\/"},"wordCount":473,"publisher":{"@id":"https:\/\/www.bellunopress.it\/#organization"},"keywords":["Belluno","Dolomiti"],"articleSection":["Pausa Caff\u00e8","Sport, tempo libero"],"inLanguage":"fr-FR"},{"@type":"WebPage","@id":"https:\/\/www.bellunopress.it\/2009\/07\/16\/cortina-dampezzo-arrivano-gli-atleti-della-fiorentina-in-ritiro-fino-al-26-luglio\/","url":"https:\/\/www.bellunopress.it\/2009\/07\/16\/cortina-dampezzo-arrivano-gli-atleti-della-fiorentina-in-ritiro-fino-al-26-luglio\/","name":"Cortina d'Ampezzo: arrivano gli atleti della Fiorentina, in ritiro fino al 26 luglio - Bellunopress - Dolomiti","isPartOf":{"@id":"https:\/\/www.bellunopress.it\/#website"},"datePublished":"2009-07-16T11:53:17+00:00","breadcrumb":{"@id":"https:\/\/www.bellunopress.it\/2009\/07\/16\/cortina-dampezzo-arrivano-gli-atleti-della-fiorentina-in-ritiro-fino-al-26-luglio\/#breadcrumb"},"inLanguage":"fr-FR","potentialAction":[{"@type":"ReadAction","target":["https:\/\/www.bellunopress.it\/2009\/07\/16\/cortina-dampezzo-arrivano-gli-atleti-della-fiorentina-in-ritiro-fino-al-26-luglio\/"]}]},{"@type":"BreadcrumbList","@id":"https:\/\/www.bellunopress.it\/2009\/07\/16\/cortina-dampezzo-arrivano-gli-atleti-della-fiorentina-in-ritiro-fino-al-26-luglio\/#breadcrumb","itemListElement":[{"@type":"ListItem","position":1,"name":"Home","item":"https:\/\/www.bellunopress.it\/"},{"@type":"ListItem","position":2,"name":"Cortina d&#8217;Ampezzo: arrivano gli atleti della Fiorentina, in ritiro fino al 26 luglio"}]},{"@type":"WebSite","@id":"https:\/\/www.bellunopress.it\/#website","url":"https:\/\/www.bellunopress.it\/","name":"Bellunopress - Dolomiti","description":"e-mail: redazione@bellunopress.it","publisher":{"@id":"https:\/\/www.bellunopress.it\/#organization"},"potentialAction":[{"@type":"SearchAction","target":{"@type":"EntryPoint","urlTemplate":"https:\/\/www.bellunopress.it\/?s={search_term_string}"},"query-input":{"@type":"PropertyValueSpecification","valueRequired":true,"valueName":"search_term_string"}}],"inLanguage":"fr-FR"},{"@type":"Organization","@id":"https:\/\/www.bellunopress.it\/#organization","name":"Bellunopress","url":"https:\/\/www.bellunopress.it\/","logo":{"@type":"ImageObject","inLanguage":"fr-FR","@id":"https:\/\/www.bellunopress.it\/#\/schema\/logo\/image\/","url":"https:\/\/www.bellunopress.it\/wp-content\/uploads\/2011\/05\/cropped-logo-bellunopress-.jpg","contentUrl":"https:\/\/www.bellunopress.it\/wp-content\/uploads\/2011\/05\/cropped-logo-bellunopress-.jpg","width":512,"height":512,"caption":"Bellunopress"},"image":{"@id":"https:\/\/www.bellunopress.it\/#\/schema\/logo\/image\/"},"sameAs":["https:\/\/www.facebook.com\/profile.php?id=100008943462799","https:\/\/x.com\/bellunopress","https:\/\/www.linkedin.com\/hp\/?dnr=JBzUWaJfMUw8vbXJJ2tVW5-I3jZKvC4wsoxE&amp;amp;amp;amp;amp;amp;trk=nav_responsive_tab_home","https:\/\/www.youtube.com\/channel\/UCxL0wu1uN0_3_7hGG0306cw"]},{"@type":"Person","@id":"https:\/\/www.bellunopress.it\/#\/schema\/person\/79bb06722b37ece1c03d3e94beb30d73","name":"r\u00e9daction","image":{"@type":"ImageObject","inLanguage":"fr-FR","@id":"https:\/\/secure.gravatar.com\/avatar\/37d968a2e67a6fd04c169c4bdef102d0bc5d31b2546345219e348575eb80e9a0?s=96&d=mm&r=g","url":"https:\/\/secure.gravatar.com\/avatar\/37d968a2e67a6fd04c169c4bdef102d0bc5d31b2546345219e348575eb80e9a0?s=96&d=mm&r=g","contentUrl":"https:\/\/secure.gravatar.com\/avatar\/37d968a2e67a6fd04c169c4bdef102d0bc5d31b2546345219e348575eb80e9a0?s=96&d=mm&r=g","caption":"redazione"},"sameAs":["http:\/\/www.bellunopress.it","https:\/\/x.com\/bellunopress"],"url":"https:\/\/www.bellunopress.it\/fr\/author\/redazione\/"}]}},"_links":{"self":[{"href":"https:\/\/www.bellunopress.it\/fr\/wp-json\/wp\/v2\/posts\/6015","targetHints":{"allow":["GET"]}}],"collection":[{"href":"https:\/\/www.bellunopress.it\/fr\/wp-json\/wp\/v2\/posts"}],"about":[{"href":"https:\/\/www.bellunopress.it\/fr\/wp-json\/wp\/v2\/types\/post"}],"author":[{"embeddable":true,"href":"https:\/\/www.bellunopress.it\/fr\/wp-json\/wp\/v2\/users\/2"}],"replies":[{"embeddable":true,"href":"https:\/\/www.bellunopress.it\/fr\/wp-json\/wp\/v2\/comments?post=6015"}],"version-history":[{"count":1,"href":"https:\/\/www.bellunopress.it\/fr\/wp-json\/wp\/v2\/posts\/6015\/revisions"}],"predecessor-version":[{"id":6016,"href":"https:\/\/www.bellunopress.it\/fr\/wp-json\/wp\/v2\/posts\/6015\/revisions\/6016"}],"wp:attachment":[{"href":"https:\/\/www.bellunopress.it\/fr\/wp-json\/wp\/v2\/media?parent=6015"}],"wp:term":[{"taxonomy":"category","embeddable":true,"href":"https:\/\/www.bellunopress.it\/fr\/wp-json\/wp\/v2\/categories?post=6015"},{"taxonomy":"post_tag","embeddable":true,"href":"https:\/\/www.bellunopress.it\/fr\/wp-json\/wp\/v2\/tags?post=6015"}],"curies":[{"name":"wp","href":"https:\/\/api.w.org\/{rel}","templated":true}]}}