{"id":6013,"date":"2009-07-16T12:02:07","date_gmt":"2009-07-16T11:02:07","guid":{"rendered":"http:\/\/www.bellunopress.it\/?p=6013"},"modified":"2009-07-16T12:02:07","modified_gmt":"2009-07-16T11:02:07","slug":"la-mostra-del-brustolon-chiude-con-26461-visitatori","status":"publish","type":"post","link":"https:\/\/www.bellunopress.it\/fr\/2009\/07\/16\/la-mostra-del-brustolon-chiude-con-26461-visitatori\/","title":{"rendered":"La mostra del Brustolon chiude con 26.461 visitatori"},"content":{"rendered":"<p>La prima monografica dedicata ad Andrea Brustolon ha chiuso i battenti con 26.461 visitatori registrando i pareri positivi del pubblico e una buona risonanza mediatica che ha contribuito a far radicare nell\u2019immaginario l\u2019epiteto coniato per lo scultore da Balzac: oggi Andrea Brustolon \u00e8 infatti conosciuto dai pi\u00f9 come il Michelangelo del legno. Grande soddisfazione quindi dei promotori della mostra \u2013 curata da Anna Maria Spiazzi in collaborazione con Giovanna Galasso e organizzata da Villaggio Globale International \u2013 ai quali va il merito di aver fatto riscoprire un artista che con la sua opera rappresenta la creativit\u00e0 e la vocazione di un territorio, luogo natio di altri grandi artisti come Tiziano, Caffi, Marco e Sebastiano Ricci. Vinta quindi la scommessa dell\u2019Amministrazione comunale che gi\u00e0 nella prima presentazione milanese della mostra aveva dichiarato, attraverso le parole del Sindaco Prade, come l\u2019iniziativa volesse essere \u201cuna sorta di resistenza culturale alla banalizzazione del<br \/>\nglobale\u201d. E lo spirito del progetto \u00e8 stato compreso fin da subito da tutte le forze economiche di Belluno che hanno saputo fare squadra non solo promuovendo l\u2019evento attraverso i propri canali, ma lavorando insieme per migliorare l\u2019accoglienza in citt\u00e0. I visitatori hanno infatti apprezzato i tanti prodotti tipici \u201ctargati Brustolon\u201d &#8211; che l\u2019estro dei bellunesi ha saputo reinventare facendosi ispirare dalla tematica della mostra &#8211; e le agevolazioni offerte dalla Brustolon card. Successo di vendite \u2013 tanto da esaurire le scorte del bookshop &#8211; anche per il catalogo dell\u2019esposizione (curato da Anna Maria Spiazzi, Massimo de Grassi e Giovanna Galasso, ed. Skira): prezioso strumento che, insieme alla guida agli itinerari (curata da Anna Maria Spiazzi e Marta Mazza, ed. Skira) permette di approfondire le tematiche affrontate nel percorso<br \/>\nespositivo attraverso importanti contributi scientifici, ricerche d\u2019archivio dagli esiti inediti e aggiornamenti storico-critici fondati sui dati emersi da recenti restauri. Numerose le critiche positive espresse dalla stampa nazionale che ha dato ampio risalto alla notizia \u2013 tra<br \/>\nle presentazioni nazionali e le presenze in mostra si sono accreditati pi\u00f9 di 250 giornalisti \u2013 e da quella estera. Rinomate testate straniere hanno infatti dedicato servizi all\u2019esposizione: dalla rivista inglese Apollo Magazine che oltre a definire il Brustolon \u201cil re della scultura\u201d ricorda come \u201cBelluno abbia fatto la scelta giusta organizzando una mostra monografica dedicata ad uno dei pi\u00f9 importanti scultori del legno<br \/>\nnel tardo barocco italiano\u201d fino all\u2019Object d\u2019art, uno dei periodici d\u2019arte pi\u00f9 letti di Francia che, in un servizio di dieci pagine, rimarca come \u201cper la prima volta un\u2019esposizione [&#8230;] permetta di scoprire il pi\u00f9 grande scultore veneto di epoca barocca, che ha profondamente rinnovato i modelli iconografici e stilistici della scultura su legno\u201d. Diverse anche le personalit\u00e0 giunte in mostra: se l\u2019inaugurazione ha visto la presenza del noto critico Philippe Daverio e della troupe della sua Passepartout, anche Vittorio Sgarbi \u00e8 riuscito, con un rush finale, a non perdersi l\u2019esposizione giusto in tempo prima che le splendide sculture di Andrea Brustolon lasciassero Palazzo Crepadona. E se ormai il disallestimento \u00e8 giunto al termine e l\u2019imponente Tizio insieme agli Angeli dei Frari e a quelli della Chiesa di San Stefano lasciano il \u201ccielo\u201dformato da 400 fili blu ideato dal celebre architetto Mario Botta, rimane l\u2019opportunit\u00e0 per turisti e bellunesi di percorrere l\u2019itinerario in provincia alla scoperta di<br \/>\nemozionanti tesori. Molti sono stati infatti i visitatori che hanno scelto di proseguire la visita nel territorio seguendo cos\u00ec l\u2019invito ribadito anche da Antonio Pinelli sulle pagine di Repubblica: \u201cmai come in questo caso \u00e8 opportuno suggerire a chi intenda andare a vedere la mostra di<br \/>\nnon limitarsi alla sede centrale in Palazzo Crepadona, dove peraltro lo attende un nutrito ed eccitante percorso espositivo [&#8230;] \u00e8 possibile infatti ammirare altri nuclei di Brustolon nel Museo Civico e nella Pieve di San Pietro di Belluno, nel Museo Diocesano di Feltre e soprattutto nelle valli di quel sorprendente Museo diffuso che \u00e8 il Bellunese\u201d.<\/p>\n","protected":false},"excerpt":{"rendered":"<p>La prima monografica dedicata ad Andrea Brustolon ha chiuso i battenti con 26.461 visitatori registrando i pareri positivi del pubblico e una buona risonanza mediatica che ha contribuito a far radicare nell\u2019immaginario l\u2019epiteto coniato per lo scultore da Balzac: oggi Andrea Brustolon \u00e8 infatti conosciuto dai pi\u00f9 come il Michelangelo del legno. Grande soddisfazione quindi [&hellip;]<\/p>\n","protected":false},"author":2,"featured_media":0,"comment_status":"closed","ping_status":"open","sticky":false,"template":"","format":"standard","meta":{"footnotes":""},"categories":[3,26],"tags":[139,302],"class_list":["post-6013","post","type-post","status-publish","format-standard","category-arte-cultura-spettacoli-scienza-archivi","category-prima-pagina","tag-belluno","tag-feltre"],"yoast_head":"<!-- This site is optimized with the Yoast SEO plugin v28.4 - https:\/\/yoast.com\/product\/yoast-seo-wordpress\/ -->\n<title>La mostra del Brustolon chiude con 26.461 visitatori - Bellunopress - Dolomiti<\/title>\n<meta name=\"robots\" content=\"index, follow, max-snippet:-1, max-image-preview:large, max-video-preview:-1\" \/>\n<link rel=\"canonical\" href=\"https:\/\/www.bellunopress.it\/fr\/2009\/07\/16\/la-mostra-del-brustolon-chiude-con-26461-visitatori\/\" \/>\n<meta property=\"og:locale\" content=\"fr_FR\" \/>\n<meta property=\"og:type\" content=\"article\" \/>\n<meta property=\"og:title\" content=\"La mostra del Brustolon chiude con 26.461 visitatori - Bellunopress - Dolomiti\" \/>\n<meta property=\"og:description\" content=\"La prima monografica dedicata ad Andrea Brustolon ha chiuso i battenti con 26.461 visitatori registrando i pareri positivi del pubblico e una buona risonanza mediatica che ha contribuito a far radicare nell\u2019immaginario l\u2019epiteto coniato per lo scultore da Balzac: oggi Andrea Brustolon \u00e8 infatti conosciuto dai pi\u00f9 come il Michelangelo del legno. Grande soddisfazione quindi [&hellip;]\" \/>\n<meta property=\"og:url\" content=\"https:\/\/www.bellunopress.it\/fr\/2009\/07\/16\/la-mostra-del-brustolon-chiude-con-26461-visitatori\/\" \/>\n<meta property=\"og:site_name\" content=\"Bellunopress - Dolomiti\" \/>\n<meta property=\"article:publisher\" content=\"https:\/\/www.facebook.com\/profile.php?id=100008943462799\" \/>\n<meta property=\"article:published_time\" content=\"2009-07-16T11:02:07+00:00\" \/>\n<meta property=\"og:image\" content=\"http:\/\/www.bellunopress.it\/wp-content\/uploads\/2012\/07\/logo-bellunopress-250x250-2012.jpg\" \/>\n<meta name=\"author\" content=\"redazione\" \/>\n<meta name=\"twitter:card\" content=\"summary_large_image\" \/>\n<meta name=\"twitter:creator\" content=\"@bellunopress\" \/>\n<meta name=\"twitter:site\" content=\"@bellunopress\" \/>\n<meta name=\"twitter:label1\" content=\"\u00c9crit par\" \/>\n\t<meta name=\"twitter:data1\" content=\"redazione\" \/>\n\t<meta name=\"twitter:label2\" content=\"Dur\u00e9e de lecture estim\u00e9e\" \/>\n\t<meta name=\"twitter:data2\" content=\"3 minutes\" \/>\n<script type=\"application\/ld+json\" class=\"yoast-schema-graph\">{\"@context\":\"https:\\\/\\\/schema.org\",\"@graph\":[{\"@type\":\"Article\",\"@id\":\"https:\\\/\\\/www.bellunopress.it\\\/2009\\\/07\\\/16\\\/la-mostra-del-brustolon-chiude-con-26461-visitatori\\\/#article\",\"isPartOf\":{\"@id\":\"https:\\\/\\\/www.bellunopress.it\\\/2009\\\/07\\\/16\\\/la-mostra-del-brustolon-chiude-con-26461-visitatori\\\/\"},\"author\":{\"name\":\"redazione\",\"@id\":\"https:\\\/\\\/www.bellunopress.it\\\/#\\\/schema\\\/person\\\/79bb06722b37ece1c03d3e94beb30d73\"},\"headline\":\"La mostra del Brustolon chiude con 26.461 visitatori\",\"datePublished\":\"2009-07-16T11:02:07+00:00\",\"mainEntityOfPage\":{\"@id\":\"https:\\\/\\\/www.bellunopress.it\\\/2009\\\/07\\\/16\\\/la-mostra-del-brustolon-chiude-con-26461-visitatori\\\/\"},\"wordCount\":649,\"publisher\":{\"@id\":\"https:\\\/\\\/www.bellunopress.it\\\/#organization\"},\"keywords\":[\"Belluno\",\"Feltre\"],\"articleSection\":[\"Arte, Cultura, Spettacoli, Scienza\",\"Prima Pagina\"],\"inLanguage\":\"fr-FR\"},{\"@type\":\"WebPage\",\"@id\":\"https:\\\/\\\/www.bellunopress.it\\\/2009\\\/07\\\/16\\\/la-mostra-del-brustolon-chiude-con-26461-visitatori\\\/\",\"url\":\"https:\\\/\\\/www.bellunopress.it\\\/2009\\\/07\\\/16\\\/la-mostra-del-brustolon-chiude-con-26461-visitatori\\\/\",\"name\":\"La mostra del Brustolon chiude con 26.461 visitatori - Bellunopress - Dolomiti\",\"isPartOf\":{\"@id\":\"https:\\\/\\\/www.bellunopress.it\\\/#website\"},\"datePublished\":\"2009-07-16T11:02:07+00:00\",\"breadcrumb\":{\"@id\":\"https:\\\/\\\/www.bellunopress.it\\\/2009\\\/07\\\/16\\\/la-mostra-del-brustolon-chiude-con-26461-visitatori\\\/#breadcrumb\"},\"inLanguage\":\"fr-FR\",\"potentialAction\":[{\"@type\":\"ReadAction\",\"target\":[\"https:\\\/\\\/www.bellunopress.it\\\/2009\\\/07\\\/16\\\/la-mostra-del-brustolon-chiude-con-26461-visitatori\\\/\"]}]},{\"@type\":\"BreadcrumbList\",\"@id\":\"https:\\\/\\\/www.bellunopress.it\\\/2009\\\/07\\\/16\\\/la-mostra-del-brustolon-chiude-con-26461-visitatori\\\/#breadcrumb\",\"itemListElement\":[{\"@type\":\"ListItem\",\"position\":1,\"name\":\"Home\",\"item\":\"https:\\\/\\\/www.bellunopress.it\\\/\"},{\"@type\":\"ListItem\",\"position\":2,\"name\":\"La mostra del Brustolon chiude con 26.461 visitatori\"}]},{\"@type\":\"WebSite\",\"@id\":\"https:\\\/\\\/www.bellunopress.it\\\/#website\",\"url\":\"https:\\\/\\\/www.bellunopress.it\\\/\",\"name\":\"Bellunopress - Dolomiti\",\"description\":\"e-mail: redazione@bellunopress.it\",\"publisher\":{\"@id\":\"https:\\\/\\\/www.bellunopress.it\\\/#organization\"},\"potentialAction\":[{\"@type\":\"SearchAction\",\"target\":{\"@type\":\"EntryPoint\",\"urlTemplate\":\"https:\\\/\\\/www.bellunopress.it\\\/?s={search_term_string}\"},\"query-input\":{\"@type\":\"PropertyValueSpecification\",\"valueRequired\":true,\"valueName\":\"search_term_string\"}}],\"inLanguage\":\"fr-FR\"},{\"@type\":\"Organization\",\"@id\":\"https:\\\/\\\/www.bellunopress.it\\\/#organization\",\"name\":\"Bellunopress\",\"url\":\"https:\\\/\\\/www.bellunopress.it\\\/\",\"logo\":{\"@type\":\"ImageObject\",\"inLanguage\":\"fr-FR\",\"@id\":\"https:\\\/\\\/www.bellunopress.it\\\/#\\\/schema\\\/logo\\\/image\\\/\",\"url\":\"https:\\\/\\\/www.bellunopress.it\\\/wp-content\\\/uploads\\\/2011\\\/05\\\/cropped-logo-bellunopress-.jpg\",\"contentUrl\":\"https:\\\/\\\/www.bellunopress.it\\\/wp-content\\\/uploads\\\/2011\\\/05\\\/cropped-logo-bellunopress-.jpg\",\"width\":512,\"height\":512,\"caption\":\"Bellunopress\"},\"image\":{\"@id\":\"https:\\\/\\\/www.bellunopress.it\\\/#\\\/schema\\\/logo\\\/image\\\/\"},\"sameAs\":[\"https:\\\/\\\/www.facebook.com\\\/profile.php?id=100008943462799\",\"https:\\\/\\\/x.com\\\/bellunopress\",\"https:\\\/\\\/www.linkedin.com\\\/hp\\\/?dnr=JBzUWaJfMUw8vbXJJ2tVW5-I3jZKvC4wsoxE&amp;amp;amp;amp;amp;amp;trk=nav_responsive_tab_home\",\"https:\\\/\\\/www.youtube.com\\\/channel\\\/UCxL0wu1uN0_3_7hGG0306cw\"]},{\"@type\":\"Person\",\"@id\":\"https:\\\/\\\/www.bellunopress.it\\\/#\\\/schema\\\/person\\\/79bb06722b37ece1c03d3e94beb30d73\",\"name\":\"redazione\",\"image\":{\"@type\":\"ImageObject\",\"inLanguage\":\"fr-FR\",\"@id\":\"https:\\\/\\\/secure.gravatar.com\\\/avatar\\\/37d968a2e67a6fd04c169c4bdef102d0bc5d31b2546345219e348575eb80e9a0?s=96&d=mm&r=g\",\"url\":\"https:\\\/\\\/secure.gravatar.com\\\/avatar\\\/37d968a2e67a6fd04c169c4bdef102d0bc5d31b2546345219e348575eb80e9a0?s=96&d=mm&r=g\",\"contentUrl\":\"https:\\\/\\\/secure.gravatar.com\\\/avatar\\\/37d968a2e67a6fd04c169c4bdef102d0bc5d31b2546345219e348575eb80e9a0?s=96&d=mm&r=g\",\"caption\":\"redazione\"},\"sameAs\":[\"http:\\\/\\\/www.bellunopress.it\",\"https:\\\/\\\/x.com\\\/bellunopress\"],\"url\":\"https:\\\/\\\/www.bellunopress.it\\\/fr\\\/author\\\/redazione\\\/\"}]}<\/script>\n<!-- \/ Yoast SEO plugin. -->","yoast_head_json":{"title":"La mostra del Brustolon chiude con 26.461 visitatori - Bellunopress - Dolomiti","robots":{"index":"index","follow":"follow","max-snippet":"max-snippet:-1","max-image-preview":"max-image-preview:large","max-video-preview":"max-video-preview:-1"},"canonical":"https:\/\/www.bellunopress.it\/fr\/2009\/07\/16\/la-mostra-del-brustolon-chiude-con-26461-visitatori\/","og_locale":"fr_FR","og_type":"article","og_title":"La mostra del Brustolon chiude con 26.461 visitatori - Bellunopress - Dolomiti","og_description":"La prima monografica dedicata ad Andrea Brustolon ha chiuso i battenti con 26.461 visitatori registrando i pareri positivi del pubblico e una buona risonanza mediatica che ha contribuito a far radicare nell\u2019immaginario l\u2019epiteto coniato per lo scultore da Balzac: oggi Andrea Brustolon \u00e8 infatti conosciuto dai pi\u00f9 come il Michelangelo del legno. Grande soddisfazione quindi [&hellip;]","og_url":"https:\/\/www.bellunopress.it\/fr\/2009\/07\/16\/la-mostra-del-brustolon-chiude-con-26461-visitatori\/","og_site_name":"Bellunopress - Dolomiti","article_publisher":"https:\/\/www.facebook.com\/profile.php?id=100008943462799","article_published_time":"2009-07-16T11:02:07+00:00","og_image":[{"url":"http:\/\/www.bellunopress.it\/wp-content\/uploads\/2012\/07\/logo-bellunopress-250x250-2012.jpg","type":"","width":"","height":""}],"author":"redazione","twitter_card":"summary_large_image","twitter_creator":"@bellunopress","twitter_site":"@bellunopress","twitter_misc":{"\u00c9crit par":"redazione","Dur\u00e9e de lecture estim\u00e9e":"3 minutes"},"schema":{"@context":"https:\/\/schema.org","@graph":[{"@type":"Article","@id":"https:\/\/www.bellunopress.it\/2009\/07\/16\/la-mostra-del-brustolon-chiude-con-26461-visitatori\/#article","isPartOf":{"@id":"https:\/\/www.bellunopress.it\/2009\/07\/16\/la-mostra-del-brustolon-chiude-con-26461-visitatori\/"},"author":{"name":"redazione","@id":"https:\/\/www.bellunopress.it\/#\/schema\/person\/79bb06722b37ece1c03d3e94beb30d73"},"headline":"La mostra del Brustolon chiude con 26.461 visitatori","datePublished":"2009-07-16T11:02:07+00:00","mainEntityOfPage":{"@id":"https:\/\/www.bellunopress.it\/2009\/07\/16\/la-mostra-del-brustolon-chiude-con-26461-visitatori\/"},"wordCount":649,"publisher":{"@id":"https:\/\/www.bellunopress.it\/#organization"},"keywords":["Belluno","Feltre"],"articleSection":["Arte, Cultura, Spettacoli, Scienza","Prima Pagina"],"inLanguage":"fr-FR"},{"@type":"WebPage","@id":"https:\/\/www.bellunopress.it\/2009\/07\/16\/la-mostra-del-brustolon-chiude-con-26461-visitatori\/","url":"https:\/\/www.bellunopress.it\/2009\/07\/16\/la-mostra-del-brustolon-chiude-con-26461-visitatori\/","name":"La mostra del Brustolon chiude con 26.461 visitatori - Bellunopress - Dolomiti","isPartOf":{"@id":"https:\/\/www.bellunopress.it\/#website"},"datePublished":"2009-07-16T11:02:07+00:00","breadcrumb":{"@id":"https:\/\/www.bellunopress.it\/2009\/07\/16\/la-mostra-del-brustolon-chiude-con-26461-visitatori\/#breadcrumb"},"inLanguage":"fr-FR","potentialAction":[{"@type":"ReadAction","target":["https:\/\/www.bellunopress.it\/2009\/07\/16\/la-mostra-del-brustolon-chiude-con-26461-visitatori\/"]}]},{"@type":"BreadcrumbList","@id":"https:\/\/www.bellunopress.it\/2009\/07\/16\/la-mostra-del-brustolon-chiude-con-26461-visitatori\/#breadcrumb","itemListElement":[{"@type":"ListItem","position":1,"name":"Home","item":"https:\/\/www.bellunopress.it\/"},{"@type":"ListItem","position":2,"name":"La mostra del Brustolon chiude con 26.461 visitatori"}]},{"@type":"WebSite","@id":"https:\/\/www.bellunopress.it\/#website","url":"https:\/\/www.bellunopress.it\/","name":"Bellunopress - Dolomiti","description":"e-mail: redazione@bellunopress.it","publisher":{"@id":"https:\/\/www.bellunopress.it\/#organization"},"potentialAction":[{"@type":"SearchAction","target":{"@type":"EntryPoint","urlTemplate":"https:\/\/www.bellunopress.it\/?s={search_term_string}"},"query-input":{"@type":"PropertyValueSpecification","valueRequired":true,"valueName":"search_term_string"}}],"inLanguage":"fr-FR"},{"@type":"Organization","@id":"https:\/\/www.bellunopress.it\/#organization","name":"Bellunopress","url":"https:\/\/www.bellunopress.it\/","logo":{"@type":"ImageObject","inLanguage":"fr-FR","@id":"https:\/\/www.bellunopress.it\/#\/schema\/logo\/image\/","url":"https:\/\/www.bellunopress.it\/wp-content\/uploads\/2011\/05\/cropped-logo-bellunopress-.jpg","contentUrl":"https:\/\/www.bellunopress.it\/wp-content\/uploads\/2011\/05\/cropped-logo-bellunopress-.jpg","width":512,"height":512,"caption":"Bellunopress"},"image":{"@id":"https:\/\/www.bellunopress.it\/#\/schema\/logo\/image\/"},"sameAs":["https:\/\/www.facebook.com\/profile.php?id=100008943462799","https:\/\/x.com\/bellunopress","https:\/\/www.linkedin.com\/hp\/?dnr=JBzUWaJfMUw8vbXJJ2tVW5-I3jZKvC4wsoxE&amp;amp;amp;amp;amp;amp;trk=nav_responsive_tab_home","https:\/\/www.youtube.com\/channel\/UCxL0wu1uN0_3_7hGG0306cw"]},{"@type":"Person","@id":"https:\/\/www.bellunopress.it\/#\/schema\/person\/79bb06722b37ece1c03d3e94beb30d73","name":"r\u00e9daction","image":{"@type":"ImageObject","inLanguage":"fr-FR","@id":"https:\/\/secure.gravatar.com\/avatar\/37d968a2e67a6fd04c169c4bdef102d0bc5d31b2546345219e348575eb80e9a0?s=96&d=mm&r=g","url":"https:\/\/secure.gravatar.com\/avatar\/37d968a2e67a6fd04c169c4bdef102d0bc5d31b2546345219e348575eb80e9a0?s=96&d=mm&r=g","contentUrl":"https:\/\/secure.gravatar.com\/avatar\/37d968a2e67a6fd04c169c4bdef102d0bc5d31b2546345219e348575eb80e9a0?s=96&d=mm&r=g","caption":"redazione"},"sameAs":["http:\/\/www.bellunopress.it","https:\/\/x.com\/bellunopress"],"url":"https:\/\/www.bellunopress.it\/fr\/author\/redazione\/"}]}},"_links":{"self":[{"href":"https:\/\/www.bellunopress.it\/fr\/wp-json\/wp\/v2\/posts\/6013","targetHints":{"allow":["GET"]}}],"collection":[{"href":"https:\/\/www.bellunopress.it\/fr\/wp-json\/wp\/v2\/posts"}],"about":[{"href":"https:\/\/www.bellunopress.it\/fr\/wp-json\/wp\/v2\/types\/post"}],"author":[{"embeddable":true,"href":"https:\/\/www.bellunopress.it\/fr\/wp-json\/wp\/v2\/users\/2"}],"replies":[{"embeddable":true,"href":"https:\/\/www.bellunopress.it\/fr\/wp-json\/wp\/v2\/comments?post=6013"}],"version-history":[{"count":1,"href":"https:\/\/www.bellunopress.it\/fr\/wp-json\/wp\/v2\/posts\/6013\/revisions"}],"predecessor-version":[{"id":6014,"href":"https:\/\/www.bellunopress.it\/fr\/wp-json\/wp\/v2\/posts\/6013\/revisions\/6014"}],"wp:attachment":[{"href":"https:\/\/www.bellunopress.it\/fr\/wp-json\/wp\/v2\/media?parent=6013"}],"wp:term":[{"taxonomy":"category","embeddable":true,"href":"https:\/\/www.bellunopress.it\/fr\/wp-json\/wp\/v2\/categories?post=6013"},{"taxonomy":"post_tag","embeddable":true,"href":"https:\/\/www.bellunopress.it\/fr\/wp-json\/wp\/v2\/tags?post=6013"}],"curies":[{"name":"wp","href":"https:\/\/api.w.org\/{rel}","templated":true}]}}