{"id":6010,"date":"2009-07-16T11:42:00","date_gmt":"2009-07-16T10:42:00","guid":{"rendered":"http:\/\/www.bellunopress.it\/?p=6010"},"modified":"2009-07-16T11:42:00","modified_gmt":"2009-07-16T10:42:00","slug":"%e2%80%9cfattoria-aperta%e2%80%9d-fa-tappa-a-limana-il-secondo-incontro-allazienda-agricola-cappellari-giusi","status":"publish","type":"post","link":"https:\/\/www.bellunopress.it\/fr\/2009\/07\/16\/%e2%80%9cfattoria-aperta%e2%80%9d-fa-tappa-a-limana-il-secondo-incontro-allazienda-agricola-cappellari-giusi\/","title":{"rendered":"\u201cFattoria aperta\u201d fa tappa a Limana: il secondo incontro all&#8217;Azienda Agricola Cappellari Giusi"},"content":{"rendered":"<figure id=\"attachment_6011\" aria-describedby=\"caption-attachment-6011\" style=\"width: 96px\" class=\"wp-caption alignleft\"><a href=\"http:\/\/www.bellunopress.it\/wp-content\/uploads\/2009\/07\/bottacin-adotta-un-orto-4.jpg\"><img loading=\"lazy\" decoding=\"async\" class=\"size-medium wp-image-6011\" title=\"bottacin-adotta-un-orto-4\" src=\"http:\/\/www.bellunopress.it\/wp-content\/uploads\/2009\/07\/bottacin-adotta-un-orto-4.jpg\" alt=\"il presidente della Provincia Gianpaolo Bottacin in visita in una delle aziende\" width=\"96\" height=\"128\" \/><\/a><figcaption id=\"caption-attachment-6011\" class=\"wp-caption-text\">il presidente della Provincia Gianpaolo Bottacin in visita in una delle aziende<\/figcaption><\/figure>\n<p>Le giornate in \u201cFattoria Aperta\u201d, inserite nel progetto \u201cAdotta un orto\u201d realizzato dalla Provincia di Belluno in collaborazione con Coldiretti e Confederazione Italiana Agricoltori, stanno riscuotendo un ottimo risultato di pubblico. Lo scorso week-end, l\u2019azienda agricola \u201cla Giasena\u201d di Bernard Rino, situata fra i prati ed i boschi di Vich a Ponte nelle Alpi, \u00e8 stata la protagonista della seconda giornata educativo\/informativa che hanno lo scopo principale di aprire le porte a visitatori e consumatori, facendo toccare con mano i metodi con cui vengono prodotti mirtilli, fragole, fagioli e lamponi. Lo slogan \u00e8 \u201cfiliera corta \u2013 KmZero\u201d: dal produttore direttamente sul tavolo delle nostre famiglie.\u00a0 Sembra che questo messaggio sia arrivato a molti cittadini bellunesi, oltre che a numerosi turisti, se alla fine di una faticosa giornata Rino Bernard, titolare dell\u2019azienda, ha visto passare tra le sue coltivazioni di mirtillo, di fragole, di lamponi e fagioli pi\u00f9 di 300 persone. \u201c Tutti mi sono sembrati molto interessati a conoscere i metodi di coltivazione, i trattamenti che vengono fatti durante il periodo vegetativo, i sistemi di conservazione dei prodotti per poterli mantenere nel tempo\u201d dice soddisfatto Rino Bernard \u201cCertamente dovremmo ripetere queste esperienze\u00a0 pi\u00f9 volte magari allargando il numero delle aziende aderenti per farci conoscere, soprattutto ai cittadini della porta accanto che vorremmo fossero i nostri primo acquirenti\u201d. Durante l\u2019ora di pranzo Bernard ha offerto a tutti un piatto di risotto ai mirtilli, preparato dallo staff aziendale, pietanza che ha riscosso l\u2019applauso di tutti gli \u201cassaggiatori\u201d.<br \/>\nAnche il Presidente della Provincia, Gianpaolo Bottacin, ha voluto di persona presenziare ad una delle 10 visite guidate organizzate durante la giornata, apprezzando e riconoscendo lo spirito e la bont\u00e0 di questa iniziativa. Il progetto \u201cAdotta un orto\u201d ritorna il prossimo fine settimana con un altro appuntamento di \u201cFattoria aperta\u201d. Questa volta a Limana nell\u2019azienda Cappellari Giusi in via Cesa 52 (tel. 333 1166280) che presenter\u00e0, fra gli altri, un prodotto particolare: \u201cla fragolina di bosco\u201d.<\/p>","protected":false},"excerpt":{"rendered":"<p>Le giornate in \u201cFattoria Aperta\u201d, inserite nel progetto \u201cAdotta un orto\u201d realizzato dalla Provincia di Belluno in collaborazione con Coldiretti e Confederazione Italiana Agricoltori, stanno riscuotendo un ottimo risultato di pubblico. Lo scorso week-end, l\u2019azienda agricola \u201cla Giasena\u201d di Bernard Rino, situata fra i prati ed i boschi di Vich a Ponte nelle Alpi, \u00e8 [&hellip;]<\/p>\n","protected":false},"author":2,"featured_media":0,"comment_status":"closed","ping_status":"open","sticky":false,"template":"","format":"standard","meta":{"footnotes":""},"categories":[36,26],"tags":[139],"class_list":["post-6010","post","type-post","status-publish","format-standard","category-lavoro-economia","category-prima-pagina","tag-belluno"],"yoast_head":"<!-- This site is optimized with the Yoast SEO plugin v28.4 - https:\/\/yoast.com\/product\/yoast-seo-wordpress\/ -->\n<title>\u201cFattoria aperta\u201d fa tappa a Limana: il secondo incontro all&#039;Azienda Agricola Cappellari Giusi  - Bellunopress - Dolomiti<\/title>\n<meta name=\"robots\" content=\"index, follow, max-snippet:-1, max-image-preview:large, max-video-preview:-1\" \/>\n<link rel=\"canonical\" href=\"https:\/\/www.bellunopress.it\/fr\/2009\/07\/16\/\u201cfattoria-aperta\u201d-fa-tappa-a-limana-il-secondo-incontro-allazienda-agricola-cappellari-giusi\/\" \/>\n<meta property=\"og:locale\" content=\"fr_FR\" \/>\n<meta property=\"og:type\" content=\"article\" \/>\n<meta property=\"og:title\" content=\"\u201cFattoria aperta\u201d fa tappa a Limana: il secondo incontro all&#039;Azienda Agricola Cappellari Giusi  - Bellunopress - Dolomiti\" \/>\n<meta property=\"og:description\" content=\"Le giornate in \u201cFattoria Aperta\u201d, inserite nel progetto \u201cAdotta un orto\u201d realizzato dalla Provincia di Belluno in collaborazione con Coldiretti e Confederazione Italiana Agricoltori, stanno riscuotendo un ottimo risultato di pubblico. Lo scorso week-end, l\u2019azienda agricola \u201cla Giasena\u201d di Bernard Rino, situata fra i prati ed i boschi di Vich a Ponte nelle Alpi, \u00e8 [&hellip;]\" \/>\n<meta property=\"og:url\" content=\"https:\/\/www.bellunopress.it\/fr\/2009\/07\/16\/\u201cfattoria-aperta\u201d-fa-tappa-a-limana-il-secondo-incontro-allazienda-agricola-cappellari-giusi\/\" \/>\n<meta property=\"og:site_name\" content=\"Bellunopress - Dolomiti\" \/>\n<meta property=\"article:publisher\" content=\"https:\/\/www.facebook.com\/profile.php?id=100008943462799\" \/>\n<meta property=\"article:published_time\" content=\"2009-07-16T10:42:00+00:00\" \/>\n<meta property=\"og:image\" content=\"http:\/\/www.bellunopress.it\/wp-content\/uploads\/2009\/07\/bottacin-adotta-un-orto-4.jpg\" \/>\n<meta name=\"author\" content=\"redazione\" \/>\n<meta name=\"twitter:card\" content=\"summary_large_image\" \/>\n<meta name=\"twitter:creator\" content=\"@bellunopress\" \/>\n<meta name=\"twitter:site\" content=\"@bellunopress\" \/>\n<meta name=\"twitter:label1\" content=\"\u00c9crit par\" \/>\n\t<meta name=\"twitter:data1\" content=\"redazione\" \/>\n\t<meta name=\"twitter:label2\" content=\"Dur\u00e9e de lecture estim\u00e9e\" \/>\n\t<meta name=\"twitter:data2\" content=\"2 minutes\" \/>\n<script type=\"application\/ld+json\" class=\"yoast-schema-graph\">{\"@context\":\"https:\\\/\\\/schema.org\",\"@graph\":[{\"@type\":\"Article\",\"@id\":\"https:\\\/\\\/www.bellunopress.it\\\/2009\\\/07\\\/16\\\/%e2%80%9cfattoria-aperta%e2%80%9d-fa-tappa-a-limana-il-secondo-incontro-allazienda-agricola-cappellari-giusi\\\/#article\",\"isPartOf\":{\"@id\":\"https:\\\/\\\/www.bellunopress.it\\\/2009\\\/07\\\/16\\\/%e2%80%9cfattoria-aperta%e2%80%9d-fa-tappa-a-limana-il-secondo-incontro-allazienda-agricola-cappellari-giusi\\\/\"},\"author\":{\"name\":\"redazione\",\"@id\":\"https:\\\/\\\/www.bellunopress.it\\\/#\\\/schema\\\/person\\\/79bb06722b37ece1c03d3e94beb30d73\"},\"headline\":\"\u201cFattoria aperta\u201d fa tappa a Limana: il secondo incontro all&#8217;Azienda Agricola Cappellari Giusi\",\"datePublished\":\"2009-07-16T10:42:00+00:00\",\"mainEntityOfPage\":{\"@id\":\"https:\\\/\\\/www.bellunopress.it\\\/2009\\\/07\\\/16\\\/%e2%80%9cfattoria-aperta%e2%80%9d-fa-tappa-a-limana-il-secondo-incontro-allazienda-agricola-cappellari-giusi\\\/\"},\"wordCount\":352,\"publisher\":{\"@id\":\"https:\\\/\\\/www.bellunopress.it\\\/#organization\"},\"image\":{\"@id\":\"https:\\\/\\\/www.bellunopress.it\\\/2009\\\/07\\\/16\\\/%e2%80%9cfattoria-aperta%e2%80%9d-fa-tappa-a-limana-il-secondo-incontro-allazienda-agricola-cappellari-giusi\\\/#primaryimage\"},\"thumbnailUrl\":\"http:\\\/\\\/www.bellunopress.it\\\/wp-content\\\/uploads\\\/2009\\\/07\\\/bottacin-adotta-un-orto-4.jpg\",\"keywords\":[\"Belluno\"],\"articleSection\":[\"Lavoro, Economia, Turismo\",\"Prima Pagina\"],\"inLanguage\":\"fr-FR\"},{\"@type\":\"WebPage\",\"@id\":\"https:\\\/\\\/www.bellunopress.it\\\/2009\\\/07\\\/16\\\/%e2%80%9cfattoria-aperta%e2%80%9d-fa-tappa-a-limana-il-secondo-incontro-allazienda-agricola-cappellari-giusi\\\/\",\"url\":\"https:\\\/\\\/www.bellunopress.it\\\/2009\\\/07\\\/16\\\/%e2%80%9cfattoria-aperta%e2%80%9d-fa-tappa-a-limana-il-secondo-incontro-allazienda-agricola-cappellari-giusi\\\/\",\"name\":\"\u201cFattoria aperta\u201d fa tappa a Limana: il secondo incontro all'Azienda Agricola Cappellari Giusi - Bellunopress - Dolomiti\",\"isPartOf\":{\"@id\":\"https:\\\/\\\/www.bellunopress.it\\\/#website\"},\"primaryImageOfPage\":{\"@id\":\"https:\\\/\\\/www.bellunopress.it\\\/2009\\\/07\\\/16\\\/%e2%80%9cfattoria-aperta%e2%80%9d-fa-tappa-a-limana-il-secondo-incontro-allazienda-agricola-cappellari-giusi\\\/#primaryimage\"},\"image\":{\"@id\":\"https:\\\/\\\/www.bellunopress.it\\\/2009\\\/07\\\/16\\\/%e2%80%9cfattoria-aperta%e2%80%9d-fa-tappa-a-limana-il-secondo-incontro-allazienda-agricola-cappellari-giusi\\\/#primaryimage\"},\"thumbnailUrl\":\"http:\\\/\\\/www.bellunopress.it\\\/wp-content\\\/uploads\\\/2009\\\/07\\\/bottacin-adotta-un-orto-4.jpg\",\"datePublished\":\"2009-07-16T10:42:00+00:00\",\"breadcrumb\":{\"@id\":\"https:\\\/\\\/www.bellunopress.it\\\/2009\\\/07\\\/16\\\/%e2%80%9cfattoria-aperta%e2%80%9d-fa-tappa-a-limana-il-secondo-incontro-allazienda-agricola-cappellari-giusi\\\/#breadcrumb\"},\"inLanguage\":\"fr-FR\",\"potentialAction\":[{\"@type\":\"ReadAction\",\"target\":[\"https:\\\/\\\/www.bellunopress.it\\\/2009\\\/07\\\/16\\\/%e2%80%9cfattoria-aperta%e2%80%9d-fa-tappa-a-limana-il-secondo-incontro-allazienda-agricola-cappellari-giusi\\\/\"]}]},{\"@type\":\"ImageObject\",\"inLanguage\":\"fr-FR\",\"@id\":\"https:\\\/\\\/www.bellunopress.it\\\/2009\\\/07\\\/16\\\/%e2%80%9cfattoria-aperta%e2%80%9d-fa-tappa-a-limana-il-secondo-incontro-allazienda-agricola-cappellari-giusi\\\/#primaryimage\",\"url\":\"http:\\\/\\\/www.bellunopress.it\\\/wp-content\\\/uploads\\\/2009\\\/07\\\/bottacin-adotta-un-orto-4.jpg\",\"contentUrl\":\"http:\\\/\\\/www.bellunopress.it\\\/wp-content\\\/uploads\\\/2009\\\/07\\\/bottacin-adotta-un-orto-4.jpg\"},{\"@type\":\"BreadcrumbList\",\"@id\":\"https:\\\/\\\/www.bellunopress.it\\\/2009\\\/07\\\/16\\\/%e2%80%9cfattoria-aperta%e2%80%9d-fa-tappa-a-limana-il-secondo-incontro-allazienda-agricola-cappellari-giusi\\\/#breadcrumb\",\"itemListElement\":[{\"@type\":\"ListItem\",\"position\":1,\"name\":\"Home\",\"item\":\"https:\\\/\\\/www.bellunopress.it\\\/\"},{\"@type\":\"ListItem\",\"position\":2,\"name\":\"\u201cFattoria aperta\u201d fa tappa a Limana: il secondo incontro all&#8217;Azienda Agricola Cappellari Giusi\"}]},{\"@type\":\"WebSite\",\"@id\":\"https:\\\/\\\/www.bellunopress.it\\\/#website\",\"url\":\"https:\\\/\\\/www.bellunopress.it\\\/\",\"name\":\"Bellunopress - Dolomiti\",\"description\":\"e-mail: redazione@bellunopress.it\",\"publisher\":{\"@id\":\"https:\\\/\\\/www.bellunopress.it\\\/#organization\"},\"potentialAction\":[{\"@type\":\"SearchAction\",\"target\":{\"@type\":\"EntryPoint\",\"urlTemplate\":\"https:\\\/\\\/www.bellunopress.it\\\/?s={search_term_string}\"},\"query-input\":{\"@type\":\"PropertyValueSpecification\",\"valueRequired\":true,\"valueName\":\"search_term_string\"}}],\"inLanguage\":\"fr-FR\"},{\"@type\":\"Organization\",\"@id\":\"https:\\\/\\\/www.bellunopress.it\\\/#organization\",\"name\":\"Bellunopress\",\"url\":\"https:\\\/\\\/www.bellunopress.it\\\/\",\"logo\":{\"@type\":\"ImageObject\",\"inLanguage\":\"fr-FR\",\"@id\":\"https:\\\/\\\/www.bellunopress.it\\\/#\\\/schema\\\/logo\\\/image\\\/\",\"url\":\"https:\\\/\\\/www.bellunopress.it\\\/wp-content\\\/uploads\\\/2011\\\/05\\\/cropped-logo-bellunopress-.jpg\",\"contentUrl\":\"https:\\\/\\\/www.bellunopress.it\\\/wp-content\\\/uploads\\\/2011\\\/05\\\/cropped-logo-bellunopress-.jpg\",\"width\":512,\"height\":512,\"caption\":\"Bellunopress\"},\"image\":{\"@id\":\"https:\\\/\\\/www.bellunopress.it\\\/#\\\/schema\\\/logo\\\/image\\\/\"},\"sameAs\":[\"https:\\\/\\\/www.facebook.com\\\/profile.php?id=100008943462799\",\"https:\\\/\\\/x.com\\\/bellunopress\",\"https:\\\/\\\/www.linkedin.com\\\/hp\\\/?dnr=JBzUWaJfMUw8vbXJJ2tVW5-I3jZKvC4wsoxE&amp;amp;amp;amp;amp;amp;trk=nav_responsive_tab_home\",\"https:\\\/\\\/www.youtube.com\\\/channel\\\/UCxL0wu1uN0_3_7hGG0306cw\"]},{\"@type\":\"Person\",\"@id\":\"https:\\\/\\\/www.bellunopress.it\\\/#\\\/schema\\\/person\\\/79bb06722b37ece1c03d3e94beb30d73\",\"name\":\"redazione\",\"image\":{\"@type\":\"ImageObject\",\"inLanguage\":\"fr-FR\",\"@id\":\"https:\\\/\\\/secure.gravatar.com\\\/avatar\\\/37d968a2e67a6fd04c169c4bdef102d0bc5d31b2546345219e348575eb80e9a0?s=96&d=mm&r=g\",\"url\":\"https:\\\/\\\/secure.gravatar.com\\\/avatar\\\/37d968a2e67a6fd04c169c4bdef102d0bc5d31b2546345219e348575eb80e9a0?s=96&d=mm&r=g\",\"contentUrl\":\"https:\\\/\\\/secure.gravatar.com\\\/avatar\\\/37d968a2e67a6fd04c169c4bdef102d0bc5d31b2546345219e348575eb80e9a0?s=96&d=mm&r=g\",\"caption\":\"redazione\"},\"sameAs\":[\"http:\\\/\\\/www.bellunopress.it\",\"https:\\\/\\\/x.com\\\/bellunopress\"],\"url\":\"https:\\\/\\\/www.bellunopress.it\\\/fr\\\/author\\\/redazione\\\/\"}]}<\/script>\n<!-- \/ Yoast SEO plugin. -->","yoast_head_json":{"title":"\u201cFattoria aperta\u201d fa tappa a Limana: il secondo incontro all'Azienda Agricola Cappellari Giusi  - Bellunopress - Dolomiti","robots":{"index":"index","follow":"follow","max-snippet":"max-snippet:-1","max-image-preview":"max-image-preview:large","max-video-preview":"max-video-preview:-1"},"canonical":"https:\/\/www.bellunopress.it\/fr\/2009\/07\/16\/\u201cfattoria-aperta\u201d-fa-tappa-a-limana-il-secondo-incontro-allazienda-agricola-cappellari-giusi\/","og_locale":"fr_FR","og_type":"article","og_title":"\u201cFattoria aperta\u201d fa tappa a Limana: il secondo incontro all'Azienda Agricola Cappellari Giusi  - Bellunopress - Dolomiti","og_description":"Le giornate in \u201cFattoria Aperta\u201d, inserite nel progetto \u201cAdotta un orto\u201d realizzato dalla Provincia di Belluno in collaborazione con Coldiretti e Confederazione Italiana Agricoltori, stanno riscuotendo un ottimo risultato di pubblico. Lo scorso week-end, l\u2019azienda agricola \u201cla Giasena\u201d di Bernard Rino, situata fra i prati ed i boschi di Vich a Ponte nelle Alpi, \u00e8 [&hellip;]","og_url":"https:\/\/www.bellunopress.it\/fr\/2009\/07\/16\/\u201cfattoria-aperta\u201d-fa-tappa-a-limana-il-secondo-incontro-allazienda-agricola-cappellari-giusi\/","og_site_name":"Bellunopress - Dolomiti","article_publisher":"https:\/\/www.facebook.com\/profile.php?id=100008943462799","article_published_time":"2009-07-16T10:42:00+00:00","og_image":[{"url":"http:\/\/www.bellunopress.it\/wp-content\/uploads\/2009\/07\/bottacin-adotta-un-orto-4.jpg","type":"","width":"","height":""}],"author":"redazione","twitter_card":"summary_large_image","twitter_creator":"@bellunopress","twitter_site":"@bellunopress","twitter_misc":{"\u00c9crit par":"redazione","Dur\u00e9e de lecture estim\u00e9e":"2 minutes"},"schema":{"@context":"https:\/\/schema.org","@graph":[{"@type":"Article","@id":"https:\/\/www.bellunopress.it\/2009\/07\/16\/%e2%80%9cfattoria-aperta%e2%80%9d-fa-tappa-a-limana-il-secondo-incontro-allazienda-agricola-cappellari-giusi\/#article","isPartOf":{"@id":"https:\/\/www.bellunopress.it\/2009\/07\/16\/%e2%80%9cfattoria-aperta%e2%80%9d-fa-tappa-a-limana-il-secondo-incontro-allazienda-agricola-cappellari-giusi\/"},"author":{"name":"redazione","@id":"https:\/\/www.bellunopress.it\/#\/schema\/person\/79bb06722b37ece1c03d3e94beb30d73"},"headline":"\u201cFattoria aperta\u201d fa tappa a Limana: il secondo incontro all&#8217;Azienda Agricola Cappellari Giusi","datePublished":"2009-07-16T10:42:00+00:00","mainEntityOfPage":{"@id":"https:\/\/www.bellunopress.it\/2009\/07\/16\/%e2%80%9cfattoria-aperta%e2%80%9d-fa-tappa-a-limana-il-secondo-incontro-allazienda-agricola-cappellari-giusi\/"},"wordCount":352,"publisher":{"@id":"https:\/\/www.bellunopress.it\/#organization"},"image":{"@id":"https:\/\/www.bellunopress.it\/2009\/07\/16\/%e2%80%9cfattoria-aperta%e2%80%9d-fa-tappa-a-limana-il-secondo-incontro-allazienda-agricola-cappellari-giusi\/#primaryimage"},"thumbnailUrl":"http:\/\/www.bellunopress.it\/wp-content\/uploads\/2009\/07\/bottacin-adotta-un-orto-4.jpg","keywords":["Belluno"],"articleSection":["Lavoro, Economia, Turismo","Prima Pagina"],"inLanguage":"fr-FR"},{"@type":"WebPage","@id":"https:\/\/www.bellunopress.it\/2009\/07\/16\/%e2%80%9cfattoria-aperta%e2%80%9d-fa-tappa-a-limana-il-secondo-incontro-allazienda-agricola-cappellari-giusi\/","url":"https:\/\/www.bellunopress.it\/2009\/07\/16\/%e2%80%9cfattoria-aperta%e2%80%9d-fa-tappa-a-limana-il-secondo-incontro-allazienda-agricola-cappellari-giusi\/","name":"\u201cFattoria aperta\u201d fa tappa a Limana: il secondo incontro all'Azienda Agricola Cappellari Giusi - Bellunopress - Dolomiti","isPartOf":{"@id":"https:\/\/www.bellunopress.it\/#website"},"primaryImageOfPage":{"@id":"https:\/\/www.bellunopress.it\/2009\/07\/16\/%e2%80%9cfattoria-aperta%e2%80%9d-fa-tappa-a-limana-il-secondo-incontro-allazienda-agricola-cappellari-giusi\/#primaryimage"},"image":{"@id":"https:\/\/www.bellunopress.it\/2009\/07\/16\/%e2%80%9cfattoria-aperta%e2%80%9d-fa-tappa-a-limana-il-secondo-incontro-allazienda-agricola-cappellari-giusi\/#primaryimage"},"thumbnailUrl":"http:\/\/www.bellunopress.it\/wp-content\/uploads\/2009\/07\/bottacin-adotta-un-orto-4.jpg","datePublished":"2009-07-16T10:42:00+00:00","breadcrumb":{"@id":"https:\/\/www.bellunopress.it\/2009\/07\/16\/%e2%80%9cfattoria-aperta%e2%80%9d-fa-tappa-a-limana-il-secondo-incontro-allazienda-agricola-cappellari-giusi\/#breadcrumb"},"inLanguage":"fr-FR","potentialAction":[{"@type":"ReadAction","target":["https:\/\/www.bellunopress.it\/2009\/07\/16\/%e2%80%9cfattoria-aperta%e2%80%9d-fa-tappa-a-limana-il-secondo-incontro-allazienda-agricola-cappellari-giusi\/"]}]},{"@type":"ImageObject","inLanguage":"fr-FR","@id":"https:\/\/www.bellunopress.it\/2009\/07\/16\/%e2%80%9cfattoria-aperta%e2%80%9d-fa-tappa-a-limana-il-secondo-incontro-allazienda-agricola-cappellari-giusi\/#primaryimage","url":"http:\/\/www.bellunopress.it\/wp-content\/uploads\/2009\/07\/bottacin-adotta-un-orto-4.jpg","contentUrl":"http:\/\/www.bellunopress.it\/wp-content\/uploads\/2009\/07\/bottacin-adotta-un-orto-4.jpg"},{"@type":"BreadcrumbList","@id":"https:\/\/www.bellunopress.it\/2009\/07\/16\/%e2%80%9cfattoria-aperta%e2%80%9d-fa-tappa-a-limana-il-secondo-incontro-allazienda-agricola-cappellari-giusi\/#breadcrumb","itemListElement":[{"@type":"ListItem","position":1,"name":"Home","item":"https:\/\/www.bellunopress.it\/"},{"@type":"ListItem","position":2,"name":"\u201cFattoria aperta\u201d fa tappa a Limana: il secondo incontro all&#8217;Azienda Agricola Cappellari Giusi"}]},{"@type":"WebSite","@id":"https:\/\/www.bellunopress.it\/#website","url":"https:\/\/www.bellunopress.it\/","name":"Bellunopress - Dolomiti","description":"e-mail: redazione@bellunopress.it","publisher":{"@id":"https:\/\/www.bellunopress.it\/#organization"},"potentialAction":[{"@type":"SearchAction","target":{"@type":"EntryPoint","urlTemplate":"https:\/\/www.bellunopress.it\/?s={search_term_string}"},"query-input":{"@type":"PropertyValueSpecification","valueRequired":true,"valueName":"search_term_string"}}],"inLanguage":"fr-FR"},{"@type":"Organization","@id":"https:\/\/www.bellunopress.it\/#organization","name":"Bellunopress","url":"https:\/\/www.bellunopress.it\/","logo":{"@type":"ImageObject","inLanguage":"fr-FR","@id":"https:\/\/www.bellunopress.it\/#\/schema\/logo\/image\/","url":"https:\/\/www.bellunopress.it\/wp-content\/uploads\/2011\/05\/cropped-logo-bellunopress-.jpg","contentUrl":"https:\/\/www.bellunopress.it\/wp-content\/uploads\/2011\/05\/cropped-logo-bellunopress-.jpg","width":512,"height":512,"caption":"Bellunopress"},"image":{"@id":"https:\/\/www.bellunopress.it\/#\/schema\/logo\/image\/"},"sameAs":["https:\/\/www.facebook.com\/profile.php?id=100008943462799","https:\/\/x.com\/bellunopress","https:\/\/www.linkedin.com\/hp\/?dnr=JBzUWaJfMUw8vbXJJ2tVW5-I3jZKvC4wsoxE&amp;amp;amp;amp;amp;amp;trk=nav_responsive_tab_home","https:\/\/www.youtube.com\/channel\/UCxL0wu1uN0_3_7hGG0306cw"]},{"@type":"Person","@id":"https:\/\/www.bellunopress.it\/#\/schema\/person\/79bb06722b37ece1c03d3e94beb30d73","name":"r\u00e9daction","image":{"@type":"ImageObject","inLanguage":"fr-FR","@id":"https:\/\/secure.gravatar.com\/avatar\/37d968a2e67a6fd04c169c4bdef102d0bc5d31b2546345219e348575eb80e9a0?s=96&d=mm&r=g","url":"https:\/\/secure.gravatar.com\/avatar\/37d968a2e67a6fd04c169c4bdef102d0bc5d31b2546345219e348575eb80e9a0?s=96&d=mm&r=g","contentUrl":"https:\/\/secure.gravatar.com\/avatar\/37d968a2e67a6fd04c169c4bdef102d0bc5d31b2546345219e348575eb80e9a0?s=96&d=mm&r=g","caption":"redazione"},"sameAs":["http:\/\/www.bellunopress.it","https:\/\/x.com\/bellunopress"],"url":"https:\/\/www.bellunopress.it\/fr\/author\/redazione\/"}]}},"_links":{"self":[{"href":"https:\/\/www.bellunopress.it\/fr\/wp-json\/wp\/v2\/posts\/6010","targetHints":{"allow":["GET"]}}],"collection":[{"href":"https:\/\/www.bellunopress.it\/fr\/wp-json\/wp\/v2\/posts"}],"about":[{"href":"https:\/\/www.bellunopress.it\/fr\/wp-json\/wp\/v2\/types\/post"}],"author":[{"embeddable":true,"href":"https:\/\/www.bellunopress.it\/fr\/wp-json\/wp\/v2\/users\/2"}],"replies":[{"embeddable":true,"href":"https:\/\/www.bellunopress.it\/fr\/wp-json\/wp\/v2\/comments?post=6010"}],"version-history":[{"count":1,"href":"https:\/\/www.bellunopress.it\/fr\/wp-json\/wp\/v2\/posts\/6010\/revisions"}],"predecessor-version":[{"id":6012,"href":"https:\/\/www.bellunopress.it\/fr\/wp-json\/wp\/v2\/posts\/6010\/revisions\/6012"}],"wp:attachment":[{"href":"https:\/\/www.bellunopress.it\/fr\/wp-json\/wp\/v2\/media?parent=6010"}],"wp:term":[{"taxonomy":"category","embeddable":true,"href":"https:\/\/www.bellunopress.it\/fr\/wp-json\/wp\/v2\/categories?post=6010"},{"taxonomy":"post_tag","embeddable":true,"href":"https:\/\/www.bellunopress.it\/fr\/wp-json\/wp\/v2\/tags?post=6010"}],"curies":[{"name":"wp","href":"https:\/\/api.w.org\/{rel}","templated":true}]}}