{"id":6008,"date":"2009-07-16T11:16:42","date_gmt":"2009-07-16T10:16:42","guid":{"rendered":"http:\/\/www.bellunopress.it\/?p=6008"},"modified":"2009-07-16T11:16:42","modified_gmt":"2009-07-16T10:16:42","slug":"dolomiti-patrimonio-dellunesco-anche-on-line","status":"publish","type":"post","link":"https:\/\/www.bellunopress.it\/fr\/2009\/07\/16\/dolomiti-patrimonio-dellunesco-anche-on-line\/","title":{"rendered":"Dolomiti patrimonio dell&#8217;Unesco anche on line"},"content":{"rendered":"<p><a href=\"http:\/\/www.bellunopress.it\/wp-content\/uploads\/2009\/06\/dolomiti-leggera1-150x1501.jpg\"><img loading=\"lazy\" decoding=\"async\" class=\"alignleft size-medium wp-image-4732\" title=\"dolomiti-leggera1-150x1501\" src=\"http:\/\/www.bellunopress.it\/wp-content\/uploads\/2009\/06\/dolomiti-leggera1-150x1501.jpg\" alt=\"\" width=\"120\" height=\"97\" \/><\/a><a href=\"http:\/\/www.dolomiti.it\">www.dolomiti.it<\/a> , il pi\u00f9 completo sito di informazione turistica delle Dolomiti, riproduce sul web il microambiente montano valorizzando le caratteristiche territoriali e culturali delle Dolomiti, Patrimonio Protetto dell\u2019UNESCO. La riproduzione del microambiente montano d\u00e0 all\u2019utente la possibilit\u00e0, attraverso i motori di ricerca, di trovare tutte le informazioni riguardanti l&#8217;arte e la cultura, le tradizioni, la gastronomia e gli eventi della localit\u00e0 scelta come meta di vacanza. Attraverso l\u2019inserimento della zona o della localit\u00e0 desiderata nel motore di ricerca, situato in home page del portale dolomiti.it, \u00e8 possibile accedere ad una lista dei migliori hotel, residence, bed and breakfast, appartamenti e campeggi presenti in zona, affiancati da offerte e proposte vacanza. I link info localit\u00e0 e visita la zona sono presenti in questa sezione e riproducono il microambiente montano presentando una serie di informazioni riguardanti il territorio, la storia, la cultura, la gastronomia, lo sport, gli eventi, gli itinerari, le mappe e tutte quelle notizie utili volte a dare una visione a 360\u00b0 di una vacanza da trascorrere sulle Dolomiti. dolomiti.it offre inoltre la possibilit\u00e0 di visitare virtualmente le camere di un albergo o di un appartamento, consultarne i prezzi e la disponibilit\u00e0 dando inoltre all\u2019utente la possibilit\u00e0 di inviare una richiesta di prenotazione alla struttura ricettiva prescelta, la quale si occuper\u00e0 di contattare direttamente il cliente. dolomiti.it ha le sue sedi operative a Belluno e a Trento. Da 13 anni \u00e8 sul web con decine di migliaia di pagine di contenuti, 4 milioni di visitatori all&#8217;anno e oltre 110 mila iscritti alla newsletter. Alla nascita di dolomiti.it il motore di ricerca era altavista, poi venne yahoo! e ora google e bing, nuovo motore di ricerca di Microsoft, che lo premiano come prima voce da cliccare inserendo la parola \u201cDolomiti\u201d.<\/p>","protected":false},"excerpt":{"rendered":"<p>www.dolomiti.it , il pi\u00f9 completo sito di informazione turistica delle Dolomiti, riproduce sul web il microambiente montano valorizzando le caratteristiche territoriali e culturali delle Dolomiti, Patrimonio Protetto dell\u2019UNESCO. La riproduzione del microambiente montano d\u00e0 all\u2019utente la possibilit\u00e0, attraverso i motori di ricerca, di trovare tutte le informazioni riguardanti l&#8217;arte e la cultura, le tradizioni, la [&hellip;]<\/p>\n","protected":false},"author":2,"featured_media":0,"comment_status":"closed","ping_status":"open","sticky":false,"template":"","format":"standard","meta":{"footnotes":""},"categories":[38,26],"tags":[139,63],"class_list":["post-6008","post","type-post","status-publish","format-standard","category-natura-ambiente","category-prima-pagina","tag-belluno","tag-dolomiti"],"yoast_head":"<!-- This site is optimized with the Yoast SEO plugin v28.4 - https:\/\/yoast.com\/product\/yoast-seo-wordpress\/ -->\n<title>Dolomiti patrimonio dell&#039;Unesco anche on line  - Bellunopress - Dolomiti<\/title>\n<meta name=\"robots\" content=\"index, follow, max-snippet:-1, max-image-preview:large, max-video-preview:-1\" \/>\n<link rel=\"canonical\" href=\"https:\/\/www.bellunopress.it\/fr\/2009\/07\/16\/dolomiti-patrimonio-dellunesco-anche-on-line\/\" \/>\n<meta property=\"og:locale\" content=\"fr_FR\" \/>\n<meta property=\"og:type\" content=\"article\" \/>\n<meta property=\"og:title\" content=\"Dolomiti patrimonio dell&#039;Unesco anche on line  - Bellunopress - Dolomiti\" \/>\n<meta property=\"og:description\" content=\"www.dolomiti.it , il pi\u00f9 completo sito di informazione turistica delle Dolomiti, riproduce sul web il microambiente montano valorizzando le caratteristiche territoriali e culturali delle Dolomiti, Patrimonio Protetto dell\u2019UNESCO. La riproduzione del microambiente montano d\u00e0 all\u2019utente la possibilit\u00e0, attraverso i motori di ricerca, di trovare tutte le informazioni riguardanti l&#8217;arte e la cultura, le tradizioni, la [&hellip;]\" \/>\n<meta property=\"og:url\" content=\"https:\/\/www.bellunopress.it\/fr\/2009\/07\/16\/dolomiti-patrimonio-dellunesco-anche-on-line\/\" \/>\n<meta property=\"og:site_name\" content=\"Bellunopress - Dolomiti\" \/>\n<meta property=\"article:publisher\" content=\"https:\/\/www.facebook.com\/profile.php?id=100008943462799\" \/>\n<meta property=\"article:published_time\" content=\"2009-07-16T10:16:42+00:00\" \/>\n<meta property=\"og:image\" content=\"http:\/\/www.bellunopress.it\/wp-content\/uploads\/2009\/06\/dolomiti-leggera1-150x1501.jpg\" \/>\n<meta name=\"author\" content=\"redazione\" \/>\n<meta name=\"twitter:card\" content=\"summary_large_image\" \/>\n<meta name=\"twitter:creator\" content=\"@bellunopress\" \/>\n<meta name=\"twitter:site\" content=\"@bellunopress\" \/>\n<meta name=\"twitter:label1\" content=\"\u00c9crit par\" \/>\n\t<meta name=\"twitter:data1\" content=\"redazione\" \/>\n\t<meta name=\"twitter:label2\" content=\"Dur\u00e9e de lecture estim\u00e9e\" \/>\n\t<meta name=\"twitter:data2\" content=\"1 minute\" \/>\n<script type=\"application\/ld+json\" class=\"yoast-schema-graph\">{\"@context\":\"https:\\\/\\\/schema.org\",\"@graph\":[{\"@type\":\"Article\",\"@id\":\"https:\\\/\\\/www.bellunopress.it\\\/2009\\\/07\\\/16\\\/dolomiti-patrimonio-dellunesco-anche-on-line\\\/#article\",\"isPartOf\":{\"@id\":\"https:\\\/\\\/www.bellunopress.it\\\/2009\\\/07\\\/16\\\/dolomiti-patrimonio-dellunesco-anche-on-line\\\/\"},\"author\":{\"name\":\"redazione\",\"@id\":\"https:\\\/\\\/www.bellunopress.it\\\/#\\\/schema\\\/person\\\/79bb06722b37ece1c03d3e94beb30d73\"},\"headline\":\"Dolomiti patrimonio dell&#8217;Unesco anche on line\",\"datePublished\":\"2009-07-16T10:16:42+00:00\",\"mainEntityOfPage\":{\"@id\":\"https:\\\/\\\/www.bellunopress.it\\\/2009\\\/07\\\/16\\\/dolomiti-patrimonio-dellunesco-anche-on-line\\\/\"},\"wordCount\":301,\"publisher\":{\"@id\":\"https:\\\/\\\/www.bellunopress.it\\\/#organization\"},\"image\":{\"@id\":\"https:\\\/\\\/www.bellunopress.it\\\/2009\\\/07\\\/16\\\/dolomiti-patrimonio-dellunesco-anche-on-line\\\/#primaryimage\"},\"thumbnailUrl\":\"http:\\\/\\\/www.bellunopress.it\\\/wp-content\\\/uploads\\\/2009\\\/06\\\/dolomiti-leggera1-150x1501.jpg\",\"keywords\":[\"Belluno\",\"Dolomiti\"],\"articleSection\":[\"Meteo, natura, ambiente, animali\",\"Prima Pagina\"],\"inLanguage\":\"fr-FR\"},{\"@type\":\"WebPage\",\"@id\":\"https:\\\/\\\/www.bellunopress.it\\\/2009\\\/07\\\/16\\\/dolomiti-patrimonio-dellunesco-anche-on-line\\\/\",\"url\":\"https:\\\/\\\/www.bellunopress.it\\\/2009\\\/07\\\/16\\\/dolomiti-patrimonio-dellunesco-anche-on-line\\\/\",\"name\":\"Dolomiti patrimonio dell'Unesco anche on line - Bellunopress - Dolomiti\",\"isPartOf\":{\"@id\":\"https:\\\/\\\/www.bellunopress.it\\\/#website\"},\"primaryImageOfPage\":{\"@id\":\"https:\\\/\\\/www.bellunopress.it\\\/2009\\\/07\\\/16\\\/dolomiti-patrimonio-dellunesco-anche-on-line\\\/#primaryimage\"},\"image\":{\"@id\":\"https:\\\/\\\/www.bellunopress.it\\\/2009\\\/07\\\/16\\\/dolomiti-patrimonio-dellunesco-anche-on-line\\\/#primaryimage\"},\"thumbnailUrl\":\"http:\\\/\\\/www.bellunopress.it\\\/wp-content\\\/uploads\\\/2009\\\/06\\\/dolomiti-leggera1-150x1501.jpg\",\"datePublished\":\"2009-07-16T10:16:42+00:00\",\"breadcrumb\":{\"@id\":\"https:\\\/\\\/www.bellunopress.it\\\/2009\\\/07\\\/16\\\/dolomiti-patrimonio-dellunesco-anche-on-line\\\/#breadcrumb\"},\"inLanguage\":\"fr-FR\",\"potentialAction\":[{\"@type\":\"ReadAction\",\"target\":[\"https:\\\/\\\/www.bellunopress.it\\\/2009\\\/07\\\/16\\\/dolomiti-patrimonio-dellunesco-anche-on-line\\\/\"]}]},{\"@type\":\"ImageObject\",\"inLanguage\":\"fr-FR\",\"@id\":\"https:\\\/\\\/www.bellunopress.it\\\/2009\\\/07\\\/16\\\/dolomiti-patrimonio-dellunesco-anche-on-line\\\/#primaryimage\",\"url\":\"http:\\\/\\\/www.bellunopress.it\\\/wp-content\\\/uploads\\\/2009\\\/06\\\/dolomiti-leggera1-150x1501.jpg\",\"contentUrl\":\"http:\\\/\\\/www.bellunopress.it\\\/wp-content\\\/uploads\\\/2009\\\/06\\\/dolomiti-leggera1-150x1501.jpg\"},{\"@type\":\"BreadcrumbList\",\"@id\":\"https:\\\/\\\/www.bellunopress.it\\\/2009\\\/07\\\/16\\\/dolomiti-patrimonio-dellunesco-anche-on-line\\\/#breadcrumb\",\"itemListElement\":[{\"@type\":\"ListItem\",\"position\":1,\"name\":\"Home\",\"item\":\"https:\\\/\\\/www.bellunopress.it\\\/\"},{\"@type\":\"ListItem\",\"position\":2,\"name\":\"Dolomiti patrimonio dell&#8217;Unesco anche on line\"}]},{\"@type\":\"WebSite\",\"@id\":\"https:\\\/\\\/www.bellunopress.it\\\/#website\",\"url\":\"https:\\\/\\\/www.bellunopress.it\\\/\",\"name\":\"Bellunopress - Dolomiti\",\"description\":\"e-mail: redazione@bellunopress.it\",\"publisher\":{\"@id\":\"https:\\\/\\\/www.bellunopress.it\\\/#organization\"},\"potentialAction\":[{\"@type\":\"SearchAction\",\"target\":{\"@type\":\"EntryPoint\",\"urlTemplate\":\"https:\\\/\\\/www.bellunopress.it\\\/?s={search_term_string}\"},\"query-input\":{\"@type\":\"PropertyValueSpecification\",\"valueRequired\":true,\"valueName\":\"search_term_string\"}}],\"inLanguage\":\"fr-FR\"},{\"@type\":\"Organization\",\"@id\":\"https:\\\/\\\/www.bellunopress.it\\\/#organization\",\"name\":\"Bellunopress\",\"url\":\"https:\\\/\\\/www.bellunopress.it\\\/\",\"logo\":{\"@type\":\"ImageObject\",\"inLanguage\":\"fr-FR\",\"@id\":\"https:\\\/\\\/www.bellunopress.it\\\/#\\\/schema\\\/logo\\\/image\\\/\",\"url\":\"https:\\\/\\\/www.bellunopress.it\\\/wp-content\\\/uploads\\\/2011\\\/05\\\/cropped-logo-bellunopress-.jpg\",\"contentUrl\":\"https:\\\/\\\/www.bellunopress.it\\\/wp-content\\\/uploads\\\/2011\\\/05\\\/cropped-logo-bellunopress-.jpg\",\"width\":512,\"height\":512,\"caption\":\"Bellunopress\"},\"image\":{\"@id\":\"https:\\\/\\\/www.bellunopress.it\\\/#\\\/schema\\\/logo\\\/image\\\/\"},\"sameAs\":[\"https:\\\/\\\/www.facebook.com\\\/profile.php?id=100008943462799\",\"https:\\\/\\\/x.com\\\/bellunopress\",\"https:\\\/\\\/www.linkedin.com\\\/hp\\\/?dnr=JBzUWaJfMUw8vbXJJ2tVW5-I3jZKvC4wsoxE&amp;amp;amp;amp;amp;amp;trk=nav_responsive_tab_home\",\"https:\\\/\\\/www.youtube.com\\\/channel\\\/UCxL0wu1uN0_3_7hGG0306cw\"]},{\"@type\":\"Person\",\"@id\":\"https:\\\/\\\/www.bellunopress.it\\\/#\\\/schema\\\/person\\\/79bb06722b37ece1c03d3e94beb30d73\",\"name\":\"redazione\",\"image\":{\"@type\":\"ImageObject\",\"inLanguage\":\"fr-FR\",\"@id\":\"https:\\\/\\\/secure.gravatar.com\\\/avatar\\\/37d968a2e67a6fd04c169c4bdef102d0bc5d31b2546345219e348575eb80e9a0?s=96&d=mm&r=g\",\"url\":\"https:\\\/\\\/secure.gravatar.com\\\/avatar\\\/37d968a2e67a6fd04c169c4bdef102d0bc5d31b2546345219e348575eb80e9a0?s=96&d=mm&r=g\",\"contentUrl\":\"https:\\\/\\\/secure.gravatar.com\\\/avatar\\\/37d968a2e67a6fd04c169c4bdef102d0bc5d31b2546345219e348575eb80e9a0?s=96&d=mm&r=g\",\"caption\":\"redazione\"},\"sameAs\":[\"http:\\\/\\\/www.bellunopress.it\",\"https:\\\/\\\/x.com\\\/bellunopress\"],\"url\":\"https:\\\/\\\/www.bellunopress.it\\\/fr\\\/author\\\/redazione\\\/\"}]}<\/script>\n<!-- \/ Yoast SEO plugin. -->","yoast_head_json":{"title":"Dolomiti patrimonio dell'Unesco anche on line  - Bellunopress - Dolomiti","robots":{"index":"index","follow":"follow","max-snippet":"max-snippet:-1","max-image-preview":"max-image-preview:large","max-video-preview":"max-video-preview:-1"},"canonical":"https:\/\/www.bellunopress.it\/fr\/2009\/07\/16\/dolomiti-patrimonio-dellunesco-anche-on-line\/","og_locale":"fr_FR","og_type":"article","og_title":"Dolomiti patrimonio dell'Unesco anche on line  - Bellunopress - Dolomiti","og_description":"www.dolomiti.it , il pi\u00f9 completo sito di informazione turistica delle Dolomiti, riproduce sul web il microambiente montano valorizzando le caratteristiche territoriali e culturali delle Dolomiti, Patrimonio Protetto dell\u2019UNESCO. La riproduzione del microambiente montano d\u00e0 all\u2019utente la possibilit\u00e0, attraverso i motori di ricerca, di trovare tutte le informazioni riguardanti l&#8217;arte e la cultura, le tradizioni, la [&hellip;]","og_url":"https:\/\/www.bellunopress.it\/fr\/2009\/07\/16\/dolomiti-patrimonio-dellunesco-anche-on-line\/","og_site_name":"Bellunopress - Dolomiti","article_publisher":"https:\/\/www.facebook.com\/profile.php?id=100008943462799","article_published_time":"2009-07-16T10:16:42+00:00","og_image":[{"url":"http:\/\/www.bellunopress.it\/wp-content\/uploads\/2009\/06\/dolomiti-leggera1-150x1501.jpg","type":"","width":"","height":""}],"author":"redazione","twitter_card":"summary_large_image","twitter_creator":"@bellunopress","twitter_site":"@bellunopress","twitter_misc":{"\u00c9crit par":"redazione","Dur\u00e9e de lecture estim\u00e9e":"1 minute"},"schema":{"@context":"https:\/\/schema.org","@graph":[{"@type":"Article","@id":"https:\/\/www.bellunopress.it\/2009\/07\/16\/dolomiti-patrimonio-dellunesco-anche-on-line\/#article","isPartOf":{"@id":"https:\/\/www.bellunopress.it\/2009\/07\/16\/dolomiti-patrimonio-dellunesco-anche-on-line\/"},"author":{"name":"redazione","@id":"https:\/\/www.bellunopress.it\/#\/schema\/person\/79bb06722b37ece1c03d3e94beb30d73"},"headline":"Dolomiti patrimonio dell&#8217;Unesco anche on line","datePublished":"2009-07-16T10:16:42+00:00","mainEntityOfPage":{"@id":"https:\/\/www.bellunopress.it\/2009\/07\/16\/dolomiti-patrimonio-dellunesco-anche-on-line\/"},"wordCount":301,"publisher":{"@id":"https:\/\/www.bellunopress.it\/#organization"},"image":{"@id":"https:\/\/www.bellunopress.it\/2009\/07\/16\/dolomiti-patrimonio-dellunesco-anche-on-line\/#primaryimage"},"thumbnailUrl":"http:\/\/www.bellunopress.it\/wp-content\/uploads\/2009\/06\/dolomiti-leggera1-150x1501.jpg","keywords":["Belluno","Dolomiti"],"articleSection":["Meteo, natura, ambiente, animali","Prima Pagina"],"inLanguage":"fr-FR"},{"@type":"WebPage","@id":"https:\/\/www.bellunopress.it\/2009\/07\/16\/dolomiti-patrimonio-dellunesco-anche-on-line\/","url":"https:\/\/www.bellunopress.it\/2009\/07\/16\/dolomiti-patrimonio-dellunesco-anche-on-line\/","name":"Dolomiti patrimonio dell'Unesco anche on line - Bellunopress - Dolomiti","isPartOf":{"@id":"https:\/\/www.bellunopress.it\/#website"},"primaryImageOfPage":{"@id":"https:\/\/www.bellunopress.it\/2009\/07\/16\/dolomiti-patrimonio-dellunesco-anche-on-line\/#primaryimage"},"image":{"@id":"https:\/\/www.bellunopress.it\/2009\/07\/16\/dolomiti-patrimonio-dellunesco-anche-on-line\/#primaryimage"},"thumbnailUrl":"http:\/\/www.bellunopress.it\/wp-content\/uploads\/2009\/06\/dolomiti-leggera1-150x1501.jpg","datePublished":"2009-07-16T10:16:42+00:00","breadcrumb":{"@id":"https:\/\/www.bellunopress.it\/2009\/07\/16\/dolomiti-patrimonio-dellunesco-anche-on-line\/#breadcrumb"},"inLanguage":"fr-FR","potentialAction":[{"@type":"ReadAction","target":["https:\/\/www.bellunopress.it\/2009\/07\/16\/dolomiti-patrimonio-dellunesco-anche-on-line\/"]}]},{"@type":"ImageObject","inLanguage":"fr-FR","@id":"https:\/\/www.bellunopress.it\/2009\/07\/16\/dolomiti-patrimonio-dellunesco-anche-on-line\/#primaryimage","url":"http:\/\/www.bellunopress.it\/wp-content\/uploads\/2009\/06\/dolomiti-leggera1-150x1501.jpg","contentUrl":"http:\/\/www.bellunopress.it\/wp-content\/uploads\/2009\/06\/dolomiti-leggera1-150x1501.jpg"},{"@type":"BreadcrumbList","@id":"https:\/\/www.bellunopress.it\/2009\/07\/16\/dolomiti-patrimonio-dellunesco-anche-on-line\/#breadcrumb","itemListElement":[{"@type":"ListItem","position":1,"name":"Home","item":"https:\/\/www.bellunopress.it\/"},{"@type":"ListItem","position":2,"name":"Dolomiti patrimonio dell&#8217;Unesco anche on line"}]},{"@type":"WebSite","@id":"https:\/\/www.bellunopress.it\/#website","url":"https:\/\/www.bellunopress.it\/","name":"Bellunopress - Dolomiti","description":"e-mail: redazione@bellunopress.it","publisher":{"@id":"https:\/\/www.bellunopress.it\/#organization"},"potentialAction":[{"@type":"SearchAction","target":{"@type":"EntryPoint","urlTemplate":"https:\/\/www.bellunopress.it\/?s={search_term_string}"},"query-input":{"@type":"PropertyValueSpecification","valueRequired":true,"valueName":"search_term_string"}}],"inLanguage":"fr-FR"},{"@type":"Organization","@id":"https:\/\/www.bellunopress.it\/#organization","name":"Bellunopress","url":"https:\/\/www.bellunopress.it\/","logo":{"@type":"ImageObject","inLanguage":"fr-FR","@id":"https:\/\/www.bellunopress.it\/#\/schema\/logo\/image\/","url":"https:\/\/www.bellunopress.it\/wp-content\/uploads\/2011\/05\/cropped-logo-bellunopress-.jpg","contentUrl":"https:\/\/www.bellunopress.it\/wp-content\/uploads\/2011\/05\/cropped-logo-bellunopress-.jpg","width":512,"height":512,"caption":"Bellunopress"},"image":{"@id":"https:\/\/www.bellunopress.it\/#\/schema\/logo\/image\/"},"sameAs":["https:\/\/www.facebook.com\/profile.php?id=100008943462799","https:\/\/x.com\/bellunopress","https:\/\/www.linkedin.com\/hp\/?dnr=JBzUWaJfMUw8vbXJJ2tVW5-I3jZKvC4wsoxE&amp;amp;amp;amp;amp;amp;trk=nav_responsive_tab_home","https:\/\/www.youtube.com\/channel\/UCxL0wu1uN0_3_7hGG0306cw"]},{"@type":"Person","@id":"https:\/\/www.bellunopress.it\/#\/schema\/person\/79bb06722b37ece1c03d3e94beb30d73","name":"r\u00e9daction","image":{"@type":"ImageObject","inLanguage":"fr-FR","@id":"https:\/\/secure.gravatar.com\/avatar\/37d968a2e67a6fd04c169c4bdef102d0bc5d31b2546345219e348575eb80e9a0?s=96&d=mm&r=g","url":"https:\/\/secure.gravatar.com\/avatar\/37d968a2e67a6fd04c169c4bdef102d0bc5d31b2546345219e348575eb80e9a0?s=96&d=mm&r=g","contentUrl":"https:\/\/secure.gravatar.com\/avatar\/37d968a2e67a6fd04c169c4bdef102d0bc5d31b2546345219e348575eb80e9a0?s=96&d=mm&r=g","caption":"redazione"},"sameAs":["http:\/\/www.bellunopress.it","https:\/\/x.com\/bellunopress"],"url":"https:\/\/www.bellunopress.it\/fr\/author\/redazione\/"}]}},"_links":{"self":[{"href":"https:\/\/www.bellunopress.it\/fr\/wp-json\/wp\/v2\/posts\/6008","targetHints":{"allow":["GET"]}}],"collection":[{"href":"https:\/\/www.bellunopress.it\/fr\/wp-json\/wp\/v2\/posts"}],"about":[{"href":"https:\/\/www.bellunopress.it\/fr\/wp-json\/wp\/v2\/types\/post"}],"author":[{"embeddable":true,"href":"https:\/\/www.bellunopress.it\/fr\/wp-json\/wp\/v2\/users\/2"}],"replies":[{"embeddable":true,"href":"https:\/\/www.bellunopress.it\/fr\/wp-json\/wp\/v2\/comments?post=6008"}],"version-history":[{"count":1,"href":"https:\/\/www.bellunopress.it\/fr\/wp-json\/wp\/v2\/posts\/6008\/revisions"}],"predecessor-version":[{"id":6009,"href":"https:\/\/www.bellunopress.it\/fr\/wp-json\/wp\/v2\/posts\/6008\/revisions\/6009"}],"wp:attachment":[{"href":"https:\/\/www.bellunopress.it\/fr\/wp-json\/wp\/v2\/media?parent=6008"}],"wp:term":[{"taxonomy":"category","embeddable":true,"href":"https:\/\/www.bellunopress.it\/fr\/wp-json\/wp\/v2\/categories?post=6008"},{"taxonomy":"post_tag","embeddable":true,"href":"https:\/\/www.bellunopress.it\/fr\/wp-json\/wp\/v2\/tags?post=6008"}],"curies":[{"name":"wp","href":"https:\/\/api.w.org\/{rel}","templated":true}]}}