{"id":6006,"date":"2009-07-16T11:08:59","date_gmt":"2009-07-16T10:08:59","guid":{"rendered":"http:\/\/www.bellunopress.it\/?p=6006"},"modified":"2009-07-16T11:08:59","modified_gmt":"2009-07-16T10:08:59","slug":"peace-and-love-la-musica-che-ha-cambiato-il-mondo-domenica-a-farra-d%e2%80%99alpago","status":"publish","type":"post","link":"https:\/\/www.bellunopress.it\/fr\/2009\/07\/16\/peace-and-love-la-musica-che-ha-cambiato-il-mondo-domenica-a-farra-d%e2%80%99alpago\/","title":{"rendered":"Peace and Love, la musica che ha cambiato il mondo, domenica a Farra d\u2019Alpago"},"content":{"rendered":"<p>La musica dei mitici anni 60 torna a farsi sentire lungo le rive del Lago di Santa Croce. La Biblioteca Comunale di Farra d&#8217;Alpago, infatti, ha organizzato per domenica 19 luglio 2009 un concerto dal titolo &#8221; Peace and Love&#8221;, dedicato al genere musicale che ha cambiato il corso della nostra storia. L&#8217;evento avr\u00e0 luogo in Piazza Cesare Battisti alle ore 21; in caso di maltempo, la manifestazione si terr\u00e0 nella palestra comunale. &#8220;Peace and Love&#8221; \u00e8 il grido che risuonava nelle piazze e lungo le strade in quel decennio, caratterizzato dalle grandi manifestazioni e dalle accese contestazioni giovanili per la rivendicazione di valori quali la libert\u00e0 e identit\u00e0 sociale. In quegli anni cruciali, famosi cantanti, come Bob Dylan e Joan Baez, denunciavano, con la musica, le problematiche del tempo e i testi delle loro canzoni erano fonte di riflessione e d&#8217;ispirazione per coloro che, con coraggio, osavano opporsi a quella difficile situazione. Tale tematica \u00e8 stata ripresa dalla giovane cantane Jessica Da Re nella sua tesi di laurea presso il Conservatorio di Cuneo. Voce solista del concerto di Farra d&#8217;Alpago, proporr\u00e0 durante la serata alcuni di questi storici brani che hanno mutato il destino di molti giovani ed hanno fatto la storia della musica. La accompagneranno nella performance Martino Cargnel alla chitarra, Ermanno Fagherazzi alla fisarmonica ed i coristi Luca Bortoletto, Carlo Berto, Anna Cecere e Simone Colman.<br \/>\nLe idee che hanno fatto da filo conduttore alle proteste di quegli anni e la voce che ha sollevato l&#8217;opinione pubblica internazionale rivivranno, a distanza di anni,\u00a0 nella meravigliosa e suggestiva cornice della Conca d&#8217;Alpago, riuscendo sicuramente ad emozionare, ancora una volta, giovani e meno giovani.<br \/>\nPer Informazione:<br \/>\nJessica: 338 5230255<br \/>\n<a href=\"http:\/\/www.voicecare.it\">www.voicecare.it<\/a><\/p>","protected":false},"excerpt":{"rendered":"<p>La musica dei mitici anni 60 torna a farsi sentire lungo le rive del Lago di Santa Croce. La Biblioteca Comunale di Farra d&#8217;Alpago, infatti, ha organizzato per domenica 19 luglio 2009 un concerto dal titolo &#8221; Peace and Love&#8221;, dedicato al genere musicale che ha cambiato il corso della nostra storia. L&#8217;evento avr\u00e0 luogo [&hellip;]<\/p>\n","protected":false},"author":2,"featured_media":0,"comment_status":"closed","ping_status":"open","sticky":false,"template":"","format":"standard","meta":{"footnotes":""},"categories":[3,25],"tags":[],"class_list":["post-6006","post","type-post","status-publish","format-standard","category-arte-cultura-spettacoli-scienza-archivi","category-pausa-caffe"],"yoast_head":"<!-- This site is optimized with the Yoast SEO plugin v28.4 - https:\/\/yoast.com\/product\/yoast-seo-wordpress\/ -->\n<title>Peace and Love, la musica che ha cambiato il mondo, domenica a Farra d\u2019Alpago - Bellunopress - Dolomiti<\/title>\n<meta name=\"robots\" content=\"index, follow, max-snippet:-1, max-image-preview:large, max-video-preview:-1\" \/>\n<link rel=\"canonical\" href=\"https:\/\/www.bellunopress.it\/fr\/2009\/07\/16\/peace-and-love-la-musica-che-ha-cambiato-il-mondo-domenica-a-farra-d\u2019alpago\/\" \/>\n<meta property=\"og:locale\" content=\"fr_FR\" \/>\n<meta property=\"og:type\" content=\"article\" \/>\n<meta property=\"og:title\" content=\"Peace and Love, la musica che ha cambiato il mondo, domenica a Farra d\u2019Alpago - Bellunopress - Dolomiti\" \/>\n<meta property=\"og:description\" content=\"La musica dei mitici anni 60 torna a farsi sentire lungo le rive del Lago di Santa Croce. La Biblioteca Comunale di Farra d&#8217;Alpago, infatti, ha organizzato per domenica 19 luglio 2009 un concerto dal titolo &#8221; Peace and Love&#8221;, dedicato al genere musicale che ha cambiato il corso della nostra storia. L&#8217;evento avr\u00e0 luogo [&hellip;]\" \/>\n<meta property=\"og:url\" content=\"https:\/\/www.bellunopress.it\/fr\/2009\/07\/16\/peace-and-love-la-musica-che-ha-cambiato-il-mondo-domenica-a-farra-d\u2019alpago\/\" \/>\n<meta property=\"og:site_name\" content=\"Bellunopress - Dolomiti\" \/>\n<meta property=\"article:publisher\" content=\"https:\/\/www.facebook.com\/profile.php?id=100008943462799\" \/>\n<meta property=\"article:published_time\" content=\"2009-07-16T10:08:59+00:00\" \/>\n<meta property=\"og:image\" content=\"http:\/\/www.bellunopress.it\/wp-content\/uploads\/2012\/07\/logo-bellunopress-250x250-2012.jpg\" \/>\n<meta name=\"author\" content=\"redazione\" \/>\n<meta name=\"twitter:card\" content=\"summary_large_image\" \/>\n<meta name=\"twitter:creator\" content=\"@bellunopress\" \/>\n<meta name=\"twitter:site\" content=\"@bellunopress\" \/>\n<meta name=\"twitter:label1\" content=\"\u00c9crit par\" \/>\n\t<meta name=\"twitter:data1\" content=\"redazione\" \/>\n\t<meta name=\"twitter:label2\" content=\"Dur\u00e9e de lecture estim\u00e9e\" \/>\n\t<meta name=\"twitter:data2\" content=\"1 minute\" \/>\n<script type=\"application\/ld+json\" class=\"yoast-schema-graph\">{\"@context\":\"https:\\\/\\\/schema.org\",\"@graph\":[{\"@type\":\"Article\",\"@id\":\"https:\\\/\\\/www.bellunopress.it\\\/2009\\\/07\\\/16\\\/peace-and-love-la-musica-che-ha-cambiato-il-mondo-domenica-a-farra-d%e2%80%99alpago\\\/#article\",\"isPartOf\":{\"@id\":\"https:\\\/\\\/www.bellunopress.it\\\/2009\\\/07\\\/16\\\/peace-and-love-la-musica-che-ha-cambiato-il-mondo-domenica-a-farra-d%e2%80%99alpago\\\/\"},\"author\":{\"name\":\"redazione\",\"@id\":\"https:\\\/\\\/www.bellunopress.it\\\/#\\\/schema\\\/person\\\/79bb06722b37ece1c03d3e94beb30d73\"},\"headline\":\"Peace and Love, la musica che ha cambiato il mondo, domenica a Farra d\u2019Alpago\",\"datePublished\":\"2009-07-16T10:08:59+00:00\",\"mainEntityOfPage\":{\"@id\":\"https:\\\/\\\/www.bellunopress.it\\\/2009\\\/07\\\/16\\\/peace-and-love-la-musica-che-ha-cambiato-il-mondo-domenica-a-farra-d%e2%80%99alpago\\\/\"},\"wordCount\":295,\"publisher\":{\"@id\":\"https:\\\/\\\/www.bellunopress.it\\\/#organization\"},\"articleSection\":[\"Arte, Cultura, Spettacoli, Scienza\",\"Pausa Caff\u00e8\"],\"inLanguage\":\"fr-FR\"},{\"@type\":\"WebPage\",\"@id\":\"https:\\\/\\\/www.bellunopress.it\\\/2009\\\/07\\\/16\\\/peace-and-love-la-musica-che-ha-cambiato-il-mondo-domenica-a-farra-d%e2%80%99alpago\\\/\",\"url\":\"https:\\\/\\\/www.bellunopress.it\\\/2009\\\/07\\\/16\\\/peace-and-love-la-musica-che-ha-cambiato-il-mondo-domenica-a-farra-d%e2%80%99alpago\\\/\",\"name\":\"Peace and Love, la musica che ha cambiato il mondo, domenica a Farra d\u2019Alpago - Bellunopress - Dolomiti\",\"isPartOf\":{\"@id\":\"https:\\\/\\\/www.bellunopress.it\\\/#website\"},\"datePublished\":\"2009-07-16T10:08:59+00:00\",\"breadcrumb\":{\"@id\":\"https:\\\/\\\/www.bellunopress.it\\\/2009\\\/07\\\/16\\\/peace-and-love-la-musica-che-ha-cambiato-il-mondo-domenica-a-farra-d%e2%80%99alpago\\\/#breadcrumb\"},\"inLanguage\":\"fr-FR\",\"potentialAction\":[{\"@type\":\"ReadAction\",\"target\":[\"https:\\\/\\\/www.bellunopress.it\\\/2009\\\/07\\\/16\\\/peace-and-love-la-musica-che-ha-cambiato-il-mondo-domenica-a-farra-d%e2%80%99alpago\\\/\"]}]},{\"@type\":\"BreadcrumbList\",\"@id\":\"https:\\\/\\\/www.bellunopress.it\\\/2009\\\/07\\\/16\\\/peace-and-love-la-musica-che-ha-cambiato-il-mondo-domenica-a-farra-d%e2%80%99alpago\\\/#breadcrumb\",\"itemListElement\":[{\"@type\":\"ListItem\",\"position\":1,\"name\":\"Home\",\"item\":\"https:\\\/\\\/www.bellunopress.it\\\/\"},{\"@type\":\"ListItem\",\"position\":2,\"name\":\"Peace and Love, la musica che ha cambiato il mondo, domenica a Farra d\u2019Alpago\"}]},{\"@type\":\"WebSite\",\"@id\":\"https:\\\/\\\/www.bellunopress.it\\\/#website\",\"url\":\"https:\\\/\\\/www.bellunopress.it\\\/\",\"name\":\"Bellunopress - Dolomiti\",\"description\":\"e-mail: redazione@bellunopress.it\",\"publisher\":{\"@id\":\"https:\\\/\\\/www.bellunopress.it\\\/#organization\"},\"potentialAction\":[{\"@type\":\"SearchAction\",\"target\":{\"@type\":\"EntryPoint\",\"urlTemplate\":\"https:\\\/\\\/www.bellunopress.it\\\/?s={search_term_string}\"},\"query-input\":{\"@type\":\"PropertyValueSpecification\",\"valueRequired\":true,\"valueName\":\"search_term_string\"}}],\"inLanguage\":\"fr-FR\"},{\"@type\":\"Organization\",\"@id\":\"https:\\\/\\\/www.bellunopress.it\\\/#organization\",\"name\":\"Bellunopress\",\"url\":\"https:\\\/\\\/www.bellunopress.it\\\/\",\"logo\":{\"@type\":\"ImageObject\",\"inLanguage\":\"fr-FR\",\"@id\":\"https:\\\/\\\/www.bellunopress.it\\\/#\\\/schema\\\/logo\\\/image\\\/\",\"url\":\"https:\\\/\\\/www.bellunopress.it\\\/wp-content\\\/uploads\\\/2011\\\/05\\\/cropped-logo-bellunopress-.jpg\",\"contentUrl\":\"https:\\\/\\\/www.bellunopress.it\\\/wp-content\\\/uploads\\\/2011\\\/05\\\/cropped-logo-bellunopress-.jpg\",\"width\":512,\"height\":512,\"caption\":\"Bellunopress\"},\"image\":{\"@id\":\"https:\\\/\\\/www.bellunopress.it\\\/#\\\/schema\\\/logo\\\/image\\\/\"},\"sameAs\":[\"https:\\\/\\\/www.facebook.com\\\/profile.php?id=100008943462799\",\"https:\\\/\\\/x.com\\\/bellunopress\",\"https:\\\/\\\/www.linkedin.com\\\/hp\\\/?dnr=JBzUWaJfMUw8vbXJJ2tVW5-I3jZKvC4wsoxE&amp;amp;amp;amp;amp;amp;trk=nav_responsive_tab_home\",\"https:\\\/\\\/www.youtube.com\\\/channel\\\/UCxL0wu1uN0_3_7hGG0306cw\"]},{\"@type\":\"Person\",\"@id\":\"https:\\\/\\\/www.bellunopress.it\\\/#\\\/schema\\\/person\\\/79bb06722b37ece1c03d3e94beb30d73\",\"name\":\"redazione\",\"image\":{\"@type\":\"ImageObject\",\"inLanguage\":\"fr-FR\",\"@id\":\"https:\\\/\\\/secure.gravatar.com\\\/avatar\\\/37d968a2e67a6fd04c169c4bdef102d0bc5d31b2546345219e348575eb80e9a0?s=96&d=mm&r=g\",\"url\":\"https:\\\/\\\/secure.gravatar.com\\\/avatar\\\/37d968a2e67a6fd04c169c4bdef102d0bc5d31b2546345219e348575eb80e9a0?s=96&d=mm&r=g\",\"contentUrl\":\"https:\\\/\\\/secure.gravatar.com\\\/avatar\\\/37d968a2e67a6fd04c169c4bdef102d0bc5d31b2546345219e348575eb80e9a0?s=96&d=mm&r=g\",\"caption\":\"redazione\"},\"sameAs\":[\"http:\\\/\\\/www.bellunopress.it\",\"https:\\\/\\\/x.com\\\/bellunopress\"],\"url\":\"https:\\\/\\\/www.bellunopress.it\\\/fr\\\/author\\\/redazione\\\/\"}]}<\/script>\n<!-- \/ Yoast SEO plugin. -->","yoast_head_json":{"title":"Peace and Love, la musica che ha cambiato il mondo, domenica a Farra d\u2019Alpago - Bellunopress - Dolomiti","robots":{"index":"index","follow":"follow","max-snippet":"max-snippet:-1","max-image-preview":"max-image-preview:large","max-video-preview":"max-video-preview:-1"},"canonical":"https:\/\/www.bellunopress.it\/fr\/2009\/07\/16\/peace-and-love-la-musica-che-ha-cambiato-il-mondo-domenica-a-farra-d\u2019alpago\/","og_locale":"fr_FR","og_type":"article","og_title":"Peace and Love, la musica che ha cambiato il mondo, domenica a Farra d\u2019Alpago - Bellunopress - Dolomiti","og_description":"La musica dei mitici anni 60 torna a farsi sentire lungo le rive del Lago di Santa Croce. La Biblioteca Comunale di Farra d&#8217;Alpago, infatti, ha organizzato per domenica 19 luglio 2009 un concerto dal titolo &#8221; Peace and Love&#8221;, dedicato al genere musicale che ha cambiato il corso della nostra storia. L&#8217;evento avr\u00e0 luogo [&hellip;]","og_url":"https:\/\/www.bellunopress.it\/fr\/2009\/07\/16\/peace-and-love-la-musica-che-ha-cambiato-il-mondo-domenica-a-farra-d\u2019alpago\/","og_site_name":"Bellunopress - Dolomiti","article_publisher":"https:\/\/www.facebook.com\/profile.php?id=100008943462799","article_published_time":"2009-07-16T10:08:59+00:00","og_image":[{"url":"http:\/\/www.bellunopress.it\/wp-content\/uploads\/2012\/07\/logo-bellunopress-250x250-2012.jpg","type":"","width":"","height":""}],"author":"redazione","twitter_card":"summary_large_image","twitter_creator":"@bellunopress","twitter_site":"@bellunopress","twitter_misc":{"\u00c9crit par":"redazione","Dur\u00e9e de lecture estim\u00e9e":"1 minute"},"schema":{"@context":"https:\/\/schema.org","@graph":[{"@type":"Article","@id":"https:\/\/www.bellunopress.it\/2009\/07\/16\/peace-and-love-la-musica-che-ha-cambiato-il-mondo-domenica-a-farra-d%e2%80%99alpago\/#article","isPartOf":{"@id":"https:\/\/www.bellunopress.it\/2009\/07\/16\/peace-and-love-la-musica-che-ha-cambiato-il-mondo-domenica-a-farra-d%e2%80%99alpago\/"},"author":{"name":"redazione","@id":"https:\/\/www.bellunopress.it\/#\/schema\/person\/79bb06722b37ece1c03d3e94beb30d73"},"headline":"Peace and Love, la musica che ha cambiato il mondo, domenica a Farra d\u2019Alpago","datePublished":"2009-07-16T10:08:59+00:00","mainEntityOfPage":{"@id":"https:\/\/www.bellunopress.it\/2009\/07\/16\/peace-and-love-la-musica-che-ha-cambiato-il-mondo-domenica-a-farra-d%e2%80%99alpago\/"},"wordCount":295,"publisher":{"@id":"https:\/\/www.bellunopress.it\/#organization"},"articleSection":["Arte, Cultura, Spettacoli, Scienza","Pausa Caff\u00e8"],"inLanguage":"fr-FR"},{"@type":"WebPage","@id":"https:\/\/www.bellunopress.it\/2009\/07\/16\/peace-and-love-la-musica-che-ha-cambiato-il-mondo-domenica-a-farra-d%e2%80%99alpago\/","url":"https:\/\/www.bellunopress.it\/2009\/07\/16\/peace-and-love-la-musica-che-ha-cambiato-il-mondo-domenica-a-farra-d%e2%80%99alpago\/","name":"Peace and Love, la musica che ha cambiato il mondo, domenica a Farra d\u2019Alpago - Bellunopress - Dolomiti","isPartOf":{"@id":"https:\/\/www.bellunopress.it\/#website"},"datePublished":"2009-07-16T10:08:59+00:00","breadcrumb":{"@id":"https:\/\/www.bellunopress.it\/2009\/07\/16\/peace-and-love-la-musica-che-ha-cambiato-il-mondo-domenica-a-farra-d%e2%80%99alpago\/#breadcrumb"},"inLanguage":"fr-FR","potentialAction":[{"@type":"ReadAction","target":["https:\/\/www.bellunopress.it\/2009\/07\/16\/peace-and-love-la-musica-che-ha-cambiato-il-mondo-domenica-a-farra-d%e2%80%99alpago\/"]}]},{"@type":"BreadcrumbList","@id":"https:\/\/www.bellunopress.it\/2009\/07\/16\/peace-and-love-la-musica-che-ha-cambiato-il-mondo-domenica-a-farra-d%e2%80%99alpago\/#breadcrumb","itemListElement":[{"@type":"ListItem","position":1,"name":"Home","item":"https:\/\/www.bellunopress.it\/"},{"@type":"ListItem","position":2,"name":"Peace and Love, la musica che ha cambiato il mondo, domenica a Farra d\u2019Alpago"}]},{"@type":"WebSite","@id":"https:\/\/www.bellunopress.it\/#website","url":"https:\/\/www.bellunopress.it\/","name":"Bellunopress - Dolomiti","description":"e-mail: redazione@bellunopress.it","publisher":{"@id":"https:\/\/www.bellunopress.it\/#organization"},"potentialAction":[{"@type":"SearchAction","target":{"@type":"EntryPoint","urlTemplate":"https:\/\/www.bellunopress.it\/?s={search_term_string}"},"query-input":{"@type":"PropertyValueSpecification","valueRequired":true,"valueName":"search_term_string"}}],"inLanguage":"fr-FR"},{"@type":"Organization","@id":"https:\/\/www.bellunopress.it\/#organization","name":"Bellunopress","url":"https:\/\/www.bellunopress.it\/","logo":{"@type":"ImageObject","inLanguage":"fr-FR","@id":"https:\/\/www.bellunopress.it\/#\/schema\/logo\/image\/","url":"https:\/\/www.bellunopress.it\/wp-content\/uploads\/2011\/05\/cropped-logo-bellunopress-.jpg","contentUrl":"https:\/\/www.bellunopress.it\/wp-content\/uploads\/2011\/05\/cropped-logo-bellunopress-.jpg","width":512,"height":512,"caption":"Bellunopress"},"image":{"@id":"https:\/\/www.bellunopress.it\/#\/schema\/logo\/image\/"},"sameAs":["https:\/\/www.facebook.com\/profile.php?id=100008943462799","https:\/\/x.com\/bellunopress","https:\/\/www.linkedin.com\/hp\/?dnr=JBzUWaJfMUw8vbXJJ2tVW5-I3jZKvC4wsoxE&amp;amp;amp;amp;amp;amp;trk=nav_responsive_tab_home","https:\/\/www.youtube.com\/channel\/UCxL0wu1uN0_3_7hGG0306cw"]},{"@type":"Person","@id":"https:\/\/www.bellunopress.it\/#\/schema\/person\/79bb06722b37ece1c03d3e94beb30d73","name":"r\u00e9daction","image":{"@type":"ImageObject","inLanguage":"fr-FR","@id":"https:\/\/secure.gravatar.com\/avatar\/37d968a2e67a6fd04c169c4bdef102d0bc5d31b2546345219e348575eb80e9a0?s=96&d=mm&r=g","url":"https:\/\/secure.gravatar.com\/avatar\/37d968a2e67a6fd04c169c4bdef102d0bc5d31b2546345219e348575eb80e9a0?s=96&d=mm&r=g","contentUrl":"https:\/\/secure.gravatar.com\/avatar\/37d968a2e67a6fd04c169c4bdef102d0bc5d31b2546345219e348575eb80e9a0?s=96&d=mm&r=g","caption":"redazione"},"sameAs":["http:\/\/www.bellunopress.it","https:\/\/x.com\/bellunopress"],"url":"https:\/\/www.bellunopress.it\/fr\/author\/redazione\/"}]}},"_links":{"self":[{"href":"https:\/\/www.bellunopress.it\/fr\/wp-json\/wp\/v2\/posts\/6006","targetHints":{"allow":["GET"]}}],"collection":[{"href":"https:\/\/www.bellunopress.it\/fr\/wp-json\/wp\/v2\/posts"}],"about":[{"href":"https:\/\/www.bellunopress.it\/fr\/wp-json\/wp\/v2\/types\/post"}],"author":[{"embeddable":true,"href":"https:\/\/www.bellunopress.it\/fr\/wp-json\/wp\/v2\/users\/2"}],"replies":[{"embeddable":true,"href":"https:\/\/www.bellunopress.it\/fr\/wp-json\/wp\/v2\/comments?post=6006"}],"version-history":[{"count":1,"href":"https:\/\/www.bellunopress.it\/fr\/wp-json\/wp\/v2\/posts\/6006\/revisions"}],"predecessor-version":[{"id":6007,"href":"https:\/\/www.bellunopress.it\/fr\/wp-json\/wp\/v2\/posts\/6006\/revisions\/6007"}],"wp:attachment":[{"href":"https:\/\/www.bellunopress.it\/fr\/wp-json\/wp\/v2\/media?parent=6006"}],"wp:term":[{"taxonomy":"category","embeddable":true,"href":"https:\/\/www.bellunopress.it\/fr\/wp-json\/wp\/v2\/categories?post=6006"},{"taxonomy":"post_tag","embeddable":true,"href":"https:\/\/www.bellunopress.it\/fr\/wp-json\/wp\/v2\/tags?post=6006"}],"curies":[{"name":"wp","href":"https:\/\/api.w.org\/{rel}","templated":true}]}}