{"id":5999,"date":"2009-07-15T23:37:02","date_gmt":"2009-07-15T22:37:02","guid":{"rendered":"http:\/\/www.bellunopress.it\/?p=5999"},"modified":"2009-07-15T23:37:02","modified_gmt":"2009-07-15T22:37:02","slug":"successo-di-pubblico-ieri-sera-a-limana-per-alvaro-dal-farra-e-il-suo-team-sulle-note-di-radio-padova-e-dei-skin-bones","status":"publish","type":"post","link":"https:\/\/www.bellunopress.it\/fr\/2009\/07\/15\/successo-di-pubblico-ieri-sera-a-limana-per-alvaro-dal-farra-e-il-suo-team-sulle-note-di-radio-padova-e-dei-skin-bones\/","title":{"rendered":"Successo di pubblico ieri sera a Limana per Alvaro Dal Farra e il suo team, sulle note di Radio Padova e dei Skin &#038; Bones"},"content":{"rendered":"<figure id=\"attachment_6001\" aria-describedby=\"caption-attachment-6001\" style=\"width: 270px\" class=\"wp-caption alignleft\"><a href=\"http:\/\/www.bellunopress.it\/wp-content\/uploads\/2009\/07\/alvaro-dal-farra.jpg\"><img loading=\"lazy\" decoding=\"async\" class=\"size-medium wp-image-6001\" title=\"alvaro-dal-farra\" src=\"http:\/\/www.bellunopress.it\/wp-content\/uploads\/2009\/07\/alvaro-dal-farra.jpg\" alt=\"Alvaro Dal Farra\" width=\"270\" height=\"180\" \/><\/a><figcaption id=\"caption-attachment-6001\" class=\"wp-caption-text\">Alvaro Dal Farra<\/figcaption><\/figure>\n<p><a href=\"http:\/\/www.bellunopress.it\/wp-content\/uploads\/2009\/07\/skin-bones-a-limana.jpg\"><img loading=\"lazy\" decoding=\"async\" class=\"alignright size-medium wp-image-6002\" title=\"skin-bones-a-limana\" src=\"http:\/\/www.bellunopress.it\/wp-content\/uploads\/2009\/07\/skin-bones-a-limana.jpg\" alt=\"\" width=\"270\" height=\"180\" \/><\/a>Tutti a Limana ieri sera per vedere le acrobazie di Alvaro Dal Farra e il suo team con Maurizio Poggiana, Luca Zironi, Jader Toninello e Jonny Grigollo al prezzo politico di 2 euro. La colonna sonora del super show \u00e8 stata assicurata dagli speaker di Radio Padova, la radio del Veneto in tour. Che a fine serata ha passato i microfoni alla rockband degli Skin &amp; Bones. Un&#8217;ora di spettacolo motocross freestyle, quella di Alvaro, con salti acrobatici da 25 metri. Lo scorso anno lo show in versione extralarge denominato \u201cAlvaro invitational\u201d l&#8217;avevamo visto a Belluno, in piazza dei Martiri. Peccato che quest&#8217;anno, per ragioni di budget, sia saltato tutto nel capoluogo. E solo il Comune di Limana si sia fatto avanti per ospitare l&#8217;evento. Ma Alvaro smorza le polemiche e tira in ballo la crisi economica. \u00abSi tratta di uno spettacolo di professionisti &#8211; sottolinea il free-rider bellunese &#8211; che richiede quindi un certo budget. Va considerato che per tre ore di spettacolo vi sono alle spalle 8 mesi di contratti e di preparazione. L&#8217;anno scorso a Belluno avevamo dovuto occuparci anche delle transenne. Quest&#8217;anno non potevamo farci carico di tutti i costi ed abbiamo preferito rinunciare\u00bb. Significa che il Comune di Limana, a differenza di Belluno ha offerto il budget richiesto? \u00abNo, quello di Limana \u00e8 un&#8217;altra cosa. Se paragoniamo l&#8217;\u201dAlvaro invitational\u201d dello scorso anno ad una partita di serie A, lo spettacolo di stasera \u00e8 certamente un incontro di buon livello, ma non ha nulla a che vedere con il campionato di serie A\u00bb. Una versione light dello show, dunque, che ha comunque dato una carica di adrenalina al pubblico. Uno show che \u00e8 sempre pi\u00f9 richiesto negli Stati Uniti e in Europa e che oramai impegna il team per due weekend al mese.<\/p>","protected":false},"excerpt":{"rendered":"<p>Tutti a Limana ieri sera per vedere le acrobazie di Alvaro Dal Farra e il suo team con Maurizio Poggiana, Luca Zironi, Jader Toninello e Jonny Grigollo al prezzo politico di 2 euro. La colonna sonora del super show \u00e8 stata assicurata dagli speaker di Radio Padova, la radio del Veneto in tour. Che a [&hellip;]<\/p>\n","protected":false},"author":2,"featured_media":0,"comment_status":"closed","ping_status":"open","sticky":false,"template":"","format":"standard","meta":{"footnotes":""},"categories":[3],"tags":[139],"class_list":["post-5999","post","type-post","status-publish","format-standard","category-arte-cultura-spettacoli-scienza-archivi","tag-belluno"],"yoast_head":"<!-- This site is optimized with the Yoast SEO plugin v28.4 - https:\/\/yoast.com\/product\/yoast-seo-wordpress\/ -->\n<title>Successo di pubblico ieri sera a Limana per Alvaro Dal Farra e il suo team, sulle note di Radio Padova e dei Skin &amp; Bones  - Bellunopress - Dolomiti<\/title>\n<meta name=\"robots\" content=\"index, follow, max-snippet:-1, max-image-preview:large, max-video-preview:-1\" \/>\n<link rel=\"canonical\" href=\"https:\/\/www.bellunopress.it\/fr\/2009\/07\/15\/successo-di-pubblico-ieri-sera-a-limana-per-alvaro-dal-farra-e-il-suo-team-sulle-note-di-radio-padova-e-dei-skin-bones\/\" \/>\n<meta property=\"og:locale\" content=\"fr_FR\" \/>\n<meta property=\"og:type\" content=\"article\" \/>\n<meta property=\"og:title\" content=\"Successo di pubblico ieri sera a Limana per Alvaro Dal Farra e il suo team, sulle note di Radio Padova e dei Skin &amp; Bones  - Bellunopress - Dolomiti\" \/>\n<meta property=\"og:description\" content=\"Tutti a Limana ieri sera per vedere le acrobazie di Alvaro Dal Farra e il suo team con Maurizio Poggiana, Luca Zironi, Jader Toninello e Jonny Grigollo al prezzo politico di 2 euro. La colonna sonora del super show \u00e8 stata assicurata dagli speaker di Radio Padova, la radio del Veneto in tour. Che a [&hellip;]\" \/>\n<meta property=\"og:url\" content=\"https:\/\/www.bellunopress.it\/fr\/2009\/07\/15\/successo-di-pubblico-ieri-sera-a-limana-per-alvaro-dal-farra-e-il-suo-team-sulle-note-di-radio-padova-e-dei-skin-bones\/\" \/>\n<meta property=\"og:site_name\" content=\"Bellunopress - Dolomiti\" \/>\n<meta property=\"article:publisher\" content=\"https:\/\/www.facebook.com\/profile.php?id=100008943462799\" \/>\n<meta property=\"article:published_time\" content=\"2009-07-15T22:37:02+00:00\" \/>\n<meta property=\"og:image\" content=\"http:\/\/www.bellunopress.it\/wp-content\/uploads\/2009\/07\/alvaro-dal-farra.jpg\" \/>\n<meta name=\"author\" content=\"redazione\" \/>\n<meta name=\"twitter:card\" content=\"summary_large_image\" \/>\n<meta name=\"twitter:creator\" content=\"@bellunopress\" \/>\n<meta name=\"twitter:site\" content=\"@bellunopress\" \/>\n<meta name=\"twitter:label1\" content=\"\u00c9crit par\" \/>\n\t<meta name=\"twitter:data1\" content=\"redazione\" \/>\n\t<meta name=\"twitter:label2\" content=\"Dur\u00e9e de lecture estim\u00e9e\" \/>\n\t<meta name=\"twitter:data2\" content=\"2 minutes\" \/>\n<script type=\"application\/ld+json\" class=\"yoast-schema-graph\">{\"@context\":\"https:\\\/\\\/schema.org\",\"@graph\":[{\"@type\":\"Article\",\"@id\":\"https:\\\/\\\/www.bellunopress.it\\\/2009\\\/07\\\/15\\\/successo-di-pubblico-ieri-sera-a-limana-per-alvaro-dal-farra-e-il-suo-team-sulle-note-di-radio-padova-e-dei-skin-bones\\\/#article\",\"isPartOf\":{\"@id\":\"https:\\\/\\\/www.bellunopress.it\\\/2009\\\/07\\\/15\\\/successo-di-pubblico-ieri-sera-a-limana-per-alvaro-dal-farra-e-il-suo-team-sulle-note-di-radio-padova-e-dei-skin-bones\\\/\"},\"author\":{\"name\":\"redazione\",\"@id\":\"https:\\\/\\\/www.bellunopress.it\\\/#\\\/schema\\\/person\\\/79bb06722b37ece1c03d3e94beb30d73\"},\"headline\":\"Successo di pubblico ieri sera a Limana per Alvaro Dal Farra e il suo team, sulle note di Radio Padova e dei Skin &#038; Bones\",\"datePublished\":\"2009-07-15T22:37:02+00:00\",\"mainEntityOfPage\":{\"@id\":\"https:\\\/\\\/www.bellunopress.it\\\/2009\\\/07\\\/15\\\/successo-di-pubblico-ieri-sera-a-limana-per-alvaro-dal-farra-e-il-suo-team-sulle-note-di-radio-padova-e-dei-skin-bones\\\/\"},\"wordCount\":333,\"publisher\":{\"@id\":\"https:\\\/\\\/www.bellunopress.it\\\/#organization\"},\"image\":{\"@id\":\"https:\\\/\\\/www.bellunopress.it\\\/2009\\\/07\\\/15\\\/successo-di-pubblico-ieri-sera-a-limana-per-alvaro-dal-farra-e-il-suo-team-sulle-note-di-radio-padova-e-dei-skin-bones\\\/#primaryimage\"},\"thumbnailUrl\":\"http:\\\/\\\/www.bellunopress.it\\\/wp-content\\\/uploads\\\/2009\\\/07\\\/alvaro-dal-farra.jpg\",\"keywords\":[\"Belluno\"],\"articleSection\":[\"Arte, Cultura, Spettacoli, Scienza\"],\"inLanguage\":\"fr-FR\"},{\"@type\":\"WebPage\",\"@id\":\"https:\\\/\\\/www.bellunopress.it\\\/2009\\\/07\\\/15\\\/successo-di-pubblico-ieri-sera-a-limana-per-alvaro-dal-farra-e-il-suo-team-sulle-note-di-radio-padova-e-dei-skin-bones\\\/\",\"url\":\"https:\\\/\\\/www.bellunopress.it\\\/2009\\\/07\\\/15\\\/successo-di-pubblico-ieri-sera-a-limana-per-alvaro-dal-farra-e-il-suo-team-sulle-note-di-radio-padova-e-dei-skin-bones\\\/\",\"name\":\"Successo di pubblico ieri sera a Limana per Alvaro Dal Farra e il suo team, sulle note di Radio Padova e dei Skin & Bones - Bellunopress - Dolomiti\",\"isPartOf\":{\"@id\":\"https:\\\/\\\/www.bellunopress.it\\\/#website\"},\"primaryImageOfPage\":{\"@id\":\"https:\\\/\\\/www.bellunopress.it\\\/2009\\\/07\\\/15\\\/successo-di-pubblico-ieri-sera-a-limana-per-alvaro-dal-farra-e-il-suo-team-sulle-note-di-radio-padova-e-dei-skin-bones\\\/#primaryimage\"},\"image\":{\"@id\":\"https:\\\/\\\/www.bellunopress.it\\\/2009\\\/07\\\/15\\\/successo-di-pubblico-ieri-sera-a-limana-per-alvaro-dal-farra-e-il-suo-team-sulle-note-di-radio-padova-e-dei-skin-bones\\\/#primaryimage\"},\"thumbnailUrl\":\"http:\\\/\\\/www.bellunopress.it\\\/wp-content\\\/uploads\\\/2009\\\/07\\\/alvaro-dal-farra.jpg\",\"datePublished\":\"2009-07-15T22:37:02+00:00\",\"breadcrumb\":{\"@id\":\"https:\\\/\\\/www.bellunopress.it\\\/2009\\\/07\\\/15\\\/successo-di-pubblico-ieri-sera-a-limana-per-alvaro-dal-farra-e-il-suo-team-sulle-note-di-radio-padova-e-dei-skin-bones\\\/#breadcrumb\"},\"inLanguage\":\"fr-FR\",\"potentialAction\":[{\"@type\":\"ReadAction\",\"target\":[\"https:\\\/\\\/www.bellunopress.it\\\/2009\\\/07\\\/15\\\/successo-di-pubblico-ieri-sera-a-limana-per-alvaro-dal-farra-e-il-suo-team-sulle-note-di-radio-padova-e-dei-skin-bones\\\/\"]}]},{\"@type\":\"ImageObject\",\"inLanguage\":\"fr-FR\",\"@id\":\"https:\\\/\\\/www.bellunopress.it\\\/2009\\\/07\\\/15\\\/successo-di-pubblico-ieri-sera-a-limana-per-alvaro-dal-farra-e-il-suo-team-sulle-note-di-radio-padova-e-dei-skin-bones\\\/#primaryimage\",\"url\":\"http:\\\/\\\/www.bellunopress.it\\\/wp-content\\\/uploads\\\/2009\\\/07\\\/alvaro-dal-farra.jpg\",\"contentUrl\":\"http:\\\/\\\/www.bellunopress.it\\\/wp-content\\\/uploads\\\/2009\\\/07\\\/alvaro-dal-farra.jpg\"},{\"@type\":\"BreadcrumbList\",\"@id\":\"https:\\\/\\\/www.bellunopress.it\\\/2009\\\/07\\\/15\\\/successo-di-pubblico-ieri-sera-a-limana-per-alvaro-dal-farra-e-il-suo-team-sulle-note-di-radio-padova-e-dei-skin-bones\\\/#breadcrumb\",\"itemListElement\":[{\"@type\":\"ListItem\",\"position\":1,\"name\":\"Home\",\"item\":\"https:\\\/\\\/www.bellunopress.it\\\/\"},{\"@type\":\"ListItem\",\"position\":2,\"name\":\"Successo di pubblico ieri sera a Limana per Alvaro Dal Farra e il suo team, sulle note di Radio Padova e dei Skin &#038; Bones\"}]},{\"@type\":\"WebSite\",\"@id\":\"https:\\\/\\\/www.bellunopress.it\\\/#website\",\"url\":\"https:\\\/\\\/www.bellunopress.it\\\/\",\"name\":\"Bellunopress - Dolomiti\",\"description\":\"e-mail: redazione@bellunopress.it\",\"publisher\":{\"@id\":\"https:\\\/\\\/www.bellunopress.it\\\/#organization\"},\"potentialAction\":[{\"@type\":\"SearchAction\",\"target\":{\"@type\":\"EntryPoint\",\"urlTemplate\":\"https:\\\/\\\/www.bellunopress.it\\\/?s={search_term_string}\"},\"query-input\":{\"@type\":\"PropertyValueSpecification\",\"valueRequired\":true,\"valueName\":\"search_term_string\"}}],\"inLanguage\":\"fr-FR\"},{\"@type\":\"Organization\",\"@id\":\"https:\\\/\\\/www.bellunopress.it\\\/#organization\",\"name\":\"Bellunopress\",\"url\":\"https:\\\/\\\/www.bellunopress.it\\\/\",\"logo\":{\"@type\":\"ImageObject\",\"inLanguage\":\"fr-FR\",\"@id\":\"https:\\\/\\\/www.bellunopress.it\\\/#\\\/schema\\\/logo\\\/image\\\/\",\"url\":\"https:\\\/\\\/www.bellunopress.it\\\/wp-content\\\/uploads\\\/2011\\\/05\\\/cropped-logo-bellunopress-.jpg\",\"contentUrl\":\"https:\\\/\\\/www.bellunopress.it\\\/wp-content\\\/uploads\\\/2011\\\/05\\\/cropped-logo-bellunopress-.jpg\",\"width\":512,\"height\":512,\"caption\":\"Bellunopress\"},\"image\":{\"@id\":\"https:\\\/\\\/www.bellunopress.it\\\/#\\\/schema\\\/logo\\\/image\\\/\"},\"sameAs\":[\"https:\\\/\\\/www.facebook.com\\\/profile.php?id=100008943462799\",\"https:\\\/\\\/x.com\\\/bellunopress\",\"https:\\\/\\\/www.linkedin.com\\\/hp\\\/?dnr=JBzUWaJfMUw8vbXJJ2tVW5-I3jZKvC4wsoxE&amp;amp;amp;amp;amp;amp;trk=nav_responsive_tab_home\",\"https:\\\/\\\/www.youtube.com\\\/channel\\\/UCxL0wu1uN0_3_7hGG0306cw\"]},{\"@type\":\"Person\",\"@id\":\"https:\\\/\\\/www.bellunopress.it\\\/#\\\/schema\\\/person\\\/79bb06722b37ece1c03d3e94beb30d73\",\"name\":\"redazione\",\"image\":{\"@type\":\"ImageObject\",\"inLanguage\":\"fr-FR\",\"@id\":\"https:\\\/\\\/secure.gravatar.com\\\/avatar\\\/37d968a2e67a6fd04c169c4bdef102d0bc5d31b2546345219e348575eb80e9a0?s=96&d=mm&r=g\",\"url\":\"https:\\\/\\\/secure.gravatar.com\\\/avatar\\\/37d968a2e67a6fd04c169c4bdef102d0bc5d31b2546345219e348575eb80e9a0?s=96&d=mm&r=g\",\"contentUrl\":\"https:\\\/\\\/secure.gravatar.com\\\/avatar\\\/37d968a2e67a6fd04c169c4bdef102d0bc5d31b2546345219e348575eb80e9a0?s=96&d=mm&r=g\",\"caption\":\"redazione\"},\"sameAs\":[\"http:\\\/\\\/www.bellunopress.it\",\"https:\\\/\\\/x.com\\\/bellunopress\"],\"url\":\"https:\\\/\\\/www.bellunopress.it\\\/fr\\\/author\\\/redazione\\\/\"}]}<\/script>\n<!-- \/ Yoast SEO plugin. -->","yoast_head_json":{"title":"Successo di pubblico ieri sera a Limana per Alvaro Dal Farra e il suo team, sulle note di Radio Padova e dei Skin & Bones  - Bellunopress - Dolomiti","robots":{"index":"index","follow":"follow","max-snippet":"max-snippet:-1","max-image-preview":"max-image-preview:large","max-video-preview":"max-video-preview:-1"},"canonical":"https:\/\/www.bellunopress.it\/fr\/2009\/07\/15\/successo-di-pubblico-ieri-sera-a-limana-per-alvaro-dal-farra-e-il-suo-team-sulle-note-di-radio-padova-e-dei-skin-bones\/","og_locale":"fr_FR","og_type":"article","og_title":"Successo di pubblico ieri sera a Limana per Alvaro Dal Farra e il suo team, sulle note di Radio Padova e dei Skin & Bones  - Bellunopress - Dolomiti","og_description":"Tutti a Limana ieri sera per vedere le acrobazie di Alvaro Dal Farra e il suo team con Maurizio Poggiana, Luca Zironi, Jader Toninello e Jonny Grigollo al prezzo politico di 2 euro. La colonna sonora del super show \u00e8 stata assicurata dagli speaker di Radio Padova, la radio del Veneto in tour. Che a [&hellip;]","og_url":"https:\/\/www.bellunopress.it\/fr\/2009\/07\/15\/successo-di-pubblico-ieri-sera-a-limana-per-alvaro-dal-farra-e-il-suo-team-sulle-note-di-radio-padova-e-dei-skin-bones\/","og_site_name":"Bellunopress - Dolomiti","article_publisher":"https:\/\/www.facebook.com\/profile.php?id=100008943462799","article_published_time":"2009-07-15T22:37:02+00:00","og_image":[{"url":"http:\/\/www.bellunopress.it\/wp-content\/uploads\/2009\/07\/alvaro-dal-farra.jpg","type":"","width":"","height":""}],"author":"redazione","twitter_card":"summary_large_image","twitter_creator":"@bellunopress","twitter_site":"@bellunopress","twitter_misc":{"\u00c9crit par":"redazione","Dur\u00e9e de lecture estim\u00e9e":"2 minutes"},"schema":{"@context":"https:\/\/schema.org","@graph":[{"@type":"Article","@id":"https:\/\/www.bellunopress.it\/2009\/07\/15\/successo-di-pubblico-ieri-sera-a-limana-per-alvaro-dal-farra-e-il-suo-team-sulle-note-di-radio-padova-e-dei-skin-bones\/#article","isPartOf":{"@id":"https:\/\/www.bellunopress.it\/2009\/07\/15\/successo-di-pubblico-ieri-sera-a-limana-per-alvaro-dal-farra-e-il-suo-team-sulle-note-di-radio-padova-e-dei-skin-bones\/"},"author":{"name":"redazione","@id":"https:\/\/www.bellunopress.it\/#\/schema\/person\/79bb06722b37ece1c03d3e94beb30d73"},"headline":"Successo di pubblico ieri sera a Limana per Alvaro Dal Farra e il suo team, sulle note di Radio Padova e dei Skin &#038; Bones","datePublished":"2009-07-15T22:37:02+00:00","mainEntityOfPage":{"@id":"https:\/\/www.bellunopress.it\/2009\/07\/15\/successo-di-pubblico-ieri-sera-a-limana-per-alvaro-dal-farra-e-il-suo-team-sulle-note-di-radio-padova-e-dei-skin-bones\/"},"wordCount":333,"publisher":{"@id":"https:\/\/www.bellunopress.it\/#organization"},"image":{"@id":"https:\/\/www.bellunopress.it\/2009\/07\/15\/successo-di-pubblico-ieri-sera-a-limana-per-alvaro-dal-farra-e-il-suo-team-sulle-note-di-radio-padova-e-dei-skin-bones\/#primaryimage"},"thumbnailUrl":"http:\/\/www.bellunopress.it\/wp-content\/uploads\/2009\/07\/alvaro-dal-farra.jpg","keywords":["Belluno"],"articleSection":["Arte, Cultura, Spettacoli, Scienza"],"inLanguage":"fr-FR"},{"@type":"WebPage","@id":"https:\/\/www.bellunopress.it\/2009\/07\/15\/successo-di-pubblico-ieri-sera-a-limana-per-alvaro-dal-farra-e-il-suo-team-sulle-note-di-radio-padova-e-dei-skin-bones\/","url":"https:\/\/www.bellunopress.it\/2009\/07\/15\/successo-di-pubblico-ieri-sera-a-limana-per-alvaro-dal-farra-e-il-suo-team-sulle-note-di-radio-padova-e-dei-skin-bones\/","name":"Successo di pubblico ieri sera a Limana per Alvaro Dal Farra e il suo team, sulle note di Radio Padova e dei Skin & Bones - Bellunopress - Dolomiti","isPartOf":{"@id":"https:\/\/www.bellunopress.it\/#website"},"primaryImageOfPage":{"@id":"https:\/\/www.bellunopress.it\/2009\/07\/15\/successo-di-pubblico-ieri-sera-a-limana-per-alvaro-dal-farra-e-il-suo-team-sulle-note-di-radio-padova-e-dei-skin-bones\/#primaryimage"},"image":{"@id":"https:\/\/www.bellunopress.it\/2009\/07\/15\/successo-di-pubblico-ieri-sera-a-limana-per-alvaro-dal-farra-e-il-suo-team-sulle-note-di-radio-padova-e-dei-skin-bones\/#primaryimage"},"thumbnailUrl":"http:\/\/www.bellunopress.it\/wp-content\/uploads\/2009\/07\/alvaro-dal-farra.jpg","datePublished":"2009-07-15T22:37:02+00:00","breadcrumb":{"@id":"https:\/\/www.bellunopress.it\/2009\/07\/15\/successo-di-pubblico-ieri-sera-a-limana-per-alvaro-dal-farra-e-il-suo-team-sulle-note-di-radio-padova-e-dei-skin-bones\/#breadcrumb"},"inLanguage":"fr-FR","potentialAction":[{"@type":"ReadAction","target":["https:\/\/www.bellunopress.it\/2009\/07\/15\/successo-di-pubblico-ieri-sera-a-limana-per-alvaro-dal-farra-e-il-suo-team-sulle-note-di-radio-padova-e-dei-skin-bones\/"]}]},{"@type":"ImageObject","inLanguage":"fr-FR","@id":"https:\/\/www.bellunopress.it\/2009\/07\/15\/successo-di-pubblico-ieri-sera-a-limana-per-alvaro-dal-farra-e-il-suo-team-sulle-note-di-radio-padova-e-dei-skin-bones\/#primaryimage","url":"http:\/\/www.bellunopress.it\/wp-content\/uploads\/2009\/07\/alvaro-dal-farra.jpg","contentUrl":"http:\/\/www.bellunopress.it\/wp-content\/uploads\/2009\/07\/alvaro-dal-farra.jpg"},{"@type":"BreadcrumbList","@id":"https:\/\/www.bellunopress.it\/2009\/07\/15\/successo-di-pubblico-ieri-sera-a-limana-per-alvaro-dal-farra-e-il-suo-team-sulle-note-di-radio-padova-e-dei-skin-bones\/#breadcrumb","itemListElement":[{"@type":"ListItem","position":1,"name":"Home","item":"https:\/\/www.bellunopress.it\/"},{"@type":"ListItem","position":2,"name":"Successo di pubblico ieri sera a Limana per Alvaro Dal Farra e il suo team, sulle note di Radio Padova e dei Skin &#038; Bones"}]},{"@type":"WebSite","@id":"https:\/\/www.bellunopress.it\/#website","url":"https:\/\/www.bellunopress.it\/","name":"Bellunopress - Dolomiti","description":"e-mail: redazione@bellunopress.it","publisher":{"@id":"https:\/\/www.bellunopress.it\/#organization"},"potentialAction":[{"@type":"SearchAction","target":{"@type":"EntryPoint","urlTemplate":"https:\/\/www.bellunopress.it\/?s={search_term_string}"},"query-input":{"@type":"PropertyValueSpecification","valueRequired":true,"valueName":"search_term_string"}}],"inLanguage":"fr-FR"},{"@type":"Organization","@id":"https:\/\/www.bellunopress.it\/#organization","name":"Bellunopress","url":"https:\/\/www.bellunopress.it\/","logo":{"@type":"ImageObject","inLanguage":"fr-FR","@id":"https:\/\/www.bellunopress.it\/#\/schema\/logo\/image\/","url":"https:\/\/www.bellunopress.it\/wp-content\/uploads\/2011\/05\/cropped-logo-bellunopress-.jpg","contentUrl":"https:\/\/www.bellunopress.it\/wp-content\/uploads\/2011\/05\/cropped-logo-bellunopress-.jpg","width":512,"height":512,"caption":"Bellunopress"},"image":{"@id":"https:\/\/www.bellunopress.it\/#\/schema\/logo\/image\/"},"sameAs":["https:\/\/www.facebook.com\/profile.php?id=100008943462799","https:\/\/x.com\/bellunopress","https:\/\/www.linkedin.com\/hp\/?dnr=JBzUWaJfMUw8vbXJJ2tVW5-I3jZKvC4wsoxE&amp;amp;amp;amp;amp;amp;trk=nav_responsive_tab_home","https:\/\/www.youtube.com\/channel\/UCxL0wu1uN0_3_7hGG0306cw"]},{"@type":"Person","@id":"https:\/\/www.bellunopress.it\/#\/schema\/person\/79bb06722b37ece1c03d3e94beb30d73","name":"r\u00e9daction","image":{"@type":"ImageObject","inLanguage":"fr-FR","@id":"https:\/\/secure.gravatar.com\/avatar\/37d968a2e67a6fd04c169c4bdef102d0bc5d31b2546345219e348575eb80e9a0?s=96&d=mm&r=g","url":"https:\/\/secure.gravatar.com\/avatar\/37d968a2e67a6fd04c169c4bdef102d0bc5d31b2546345219e348575eb80e9a0?s=96&d=mm&r=g","contentUrl":"https:\/\/secure.gravatar.com\/avatar\/37d968a2e67a6fd04c169c4bdef102d0bc5d31b2546345219e348575eb80e9a0?s=96&d=mm&r=g","caption":"redazione"},"sameAs":["http:\/\/www.bellunopress.it","https:\/\/x.com\/bellunopress"],"url":"https:\/\/www.bellunopress.it\/fr\/author\/redazione\/"}]}},"_links":{"self":[{"href":"https:\/\/www.bellunopress.it\/fr\/wp-json\/wp\/v2\/posts\/5999","targetHints":{"allow":["GET"]}}],"collection":[{"href":"https:\/\/www.bellunopress.it\/fr\/wp-json\/wp\/v2\/posts"}],"about":[{"href":"https:\/\/www.bellunopress.it\/fr\/wp-json\/wp\/v2\/types\/post"}],"author":[{"embeddable":true,"href":"https:\/\/www.bellunopress.it\/fr\/wp-json\/wp\/v2\/users\/2"}],"replies":[{"embeddable":true,"href":"https:\/\/www.bellunopress.it\/fr\/wp-json\/wp\/v2\/comments?post=5999"}],"version-history":[{"count":1,"href":"https:\/\/www.bellunopress.it\/fr\/wp-json\/wp\/v2\/posts\/5999\/revisions"}],"predecessor-version":[{"id":6003,"href":"https:\/\/www.bellunopress.it\/fr\/wp-json\/wp\/v2\/posts\/5999\/revisions\/6003"}],"wp:attachment":[{"href":"https:\/\/www.bellunopress.it\/fr\/wp-json\/wp\/v2\/media?parent=5999"}],"wp:term":[{"taxonomy":"category","embeddable":true,"href":"https:\/\/www.bellunopress.it\/fr\/wp-json\/wp\/v2\/categories?post=5999"},{"taxonomy":"post_tag","embeddable":true,"href":"https:\/\/www.bellunopress.it\/fr\/wp-json\/wp\/v2\/tags?post=5999"}],"curies":[{"name":"wp","href":"https:\/\/api.w.org\/{rel}","templated":true}]}}