{"id":5990,"date":"2009-07-15T20:53:15","date_gmt":"2009-07-15T19:53:15","guid":{"rendered":"http:\/\/www.bellunopress.it\/?p=5990"},"modified":"2009-07-15T20:53:15","modified_gmt":"2009-07-15T19:53:15","slug":"csvvolontario-anche-tu-raggiubnto-lobiettivo-dei-cento-ragazzi","status":"publish","type":"post","link":"https:\/\/www.bellunopress.it\/fr\/2009\/07\/15\/csvvolontario-anche-tu-raggiubnto-lobiettivo-dei-cento-ragazzi\/","title":{"rendered":"CSV&#8230;Volontario anche tu, raggiubnto l&#8217;obiettivo dei cento ragazzi!"},"content":{"rendered":"<p>Presteranno la loro esperienza di volontariato estivo nelle associazioni della provincia di Belluno. Obiettivo raggiunto per il progetto \u201cCsv\u2026 Volontario anche tu?\u201d del Centro di servizio per il volontariato di Belluno. Il numero di 100 ragazzi prefissato \u00e8 stato raggiunto. Anzi, superato. I giovani dai 14 ai 18 anni che hanno presentato la propria domanda per fare volontario nelle associazioni della provincia di Belluno nel periodo estivo, da luglio all\u2019inizio del prossimo anno scolastico, sono stati 149, ma solo un centinaio potranno vedere accolta la richiesta. Le risorse disponibili dal progetto prevedevano infatti un numero massimo di adesioni. Per gli esclusi si stanno cercando degli accordi con altri Enti e istituzioni della provincia di Belluno, disponibili ad una eventuale accoglienza. In dettaglio, sono 97 i ragazzi gi\u00e0 partiti o che partiranno presto alla volta delle associazioni di volontariato di riferimento. 39 verranno impiegati in realt\u00e0 del Bellunese: 3 giovani al Comitato Pollicino, 1 ad Insieme si pu\u00f2, 8 tra Comitato d\u2019Intesa e Centro di servizio per il volontariato di Belluno, 4 giovani ad Antenna Anziani, 12 nell\u2019associazione Alba Azione di gioia, 2 all\u2019Anteas \u201cIl Focolare\u201d, 2 ad Accanto all\u2019anziano e\u2026,7 all\u2019associazione Giovanni Conz. 39 anche i ragazzi nel Feltrino: 11 verranno impiegati dall\u2019associazione Amici nella natura, 1 a Tutti in campo, 3 al Centro internazionale Libro parlato, 1 all\u2019Auser, 6 all\u2019associazione \u201cA piedi allegri\u201d, 1 al Fondaco, 3 ad Arsi\u00e8, 10 a Pedavena (casa di riposo e Aipd), 3 alle Famiglie di Portaperta. In Agordino sono previsti 5 ragazzi: 3 all\u2019Auser, 2 all\u2019associazione Girotondo. 14 i giovani impegnati in Cadore: 2 ad Integrarsi per integrare, 10 alla Consulta Giovani dell\u2019Alpago, 2 all\u2019associazione Pietra e Scalpellini di Castellavazzo. Altri tre saranno suddivisi alla Protezione Civile di Quero, all\u2019Anffas di Belluno, 1 a Feltre all\u2019associazione Tutti in campo. Una novantina dei ragazzi accettati dal progetto hanno gi\u00e0 preso gli accordi con le rispettive associazioni o stanno operando, i rimanenti avranno questa settimana delle specifiche riunioni con le realt\u00e0 associative di riferimento e inizieranno a breve la loro esperienza di volontariato. Il progetto, a detta degli operatori che l\u2019hanno seguito, ha avuto un esito inaspettato, decretato dal numero di giovani che hanno presentato la domanda. E\u2019 un segnale davvero positivo che in provincia ci siano cos\u00ec tanti giovani disponibili a mettersi a disposizione del volontariato. Questo vuol dire che esistono forze positive e sensibili delle quali sar\u00e0 importante tenerne conto, anche per il futuro.<\/p>","protected":false},"excerpt":{"rendered":"<p>Presteranno la loro esperienza di volontariato estivo nelle associazioni della provincia di Belluno. Obiettivo raggiunto per il progetto \u201cCsv\u2026 Volontario anche tu?\u201d del Centro di servizio per il volontariato di Belluno. Il numero di 100 ragazzi prefissato \u00e8 stato raggiunto. Anzi, superato. I giovani dai 14 ai 18 anni che hanno presentato la propria domanda [&hellip;]<\/p>\n","protected":false},"author":2,"featured_media":0,"comment_status":"closed","ping_status":"open","sticky":false,"template":"","format":"standard","meta":{"footnotes":""},"categories":[1],"tags":[139,151,302,2261],"class_list":["post-5990","post","type-post","status-publish","format-standard","category-leo","tag-belluno","tag-cadore","tag-feltre","tag-feltrino"],"yoast_head":"<!-- This site is optimized with the Yoast SEO plugin v28.4 - https:\/\/yoast.com\/product\/yoast-seo-wordpress\/ -->\n<title>CSV...Volontario anche tu, raggiubnto l&#039;obiettivo dei cento ragazzi! - Bellunopress - Dolomiti<\/title>\n<meta name=\"robots\" content=\"index, follow, max-snippet:-1, max-image-preview:large, max-video-preview:-1\" \/>\n<link rel=\"canonical\" href=\"https:\/\/www.bellunopress.it\/fr\/2009\/07\/15\/csvvolontario-anche-tu-raggiubnto-lobiettivo-dei-cento-ragazzi\/\" \/>\n<meta property=\"og:locale\" content=\"fr_FR\" \/>\n<meta property=\"og:type\" content=\"article\" \/>\n<meta property=\"og:title\" content=\"CSV...Volontario anche tu, raggiubnto l&#039;obiettivo dei cento ragazzi! - Bellunopress - Dolomiti\" \/>\n<meta property=\"og:description\" content=\"Presteranno la loro esperienza di volontariato estivo nelle associazioni della provincia di Belluno. Obiettivo raggiunto per il progetto \u201cCsv\u2026 Volontario anche tu?\u201d del Centro di servizio per il volontariato di Belluno. Il numero di 100 ragazzi prefissato \u00e8 stato raggiunto. Anzi, superato. I giovani dai 14 ai 18 anni che hanno presentato la propria domanda [&hellip;]\" \/>\n<meta property=\"og:url\" content=\"https:\/\/www.bellunopress.it\/fr\/2009\/07\/15\/csvvolontario-anche-tu-raggiubnto-lobiettivo-dei-cento-ragazzi\/\" \/>\n<meta property=\"og:site_name\" content=\"Bellunopress - Dolomiti\" \/>\n<meta property=\"article:publisher\" content=\"https:\/\/www.facebook.com\/profile.php?id=100008943462799\" \/>\n<meta property=\"article:published_time\" content=\"2009-07-15T19:53:15+00:00\" \/>\n<meta property=\"og:image\" content=\"http:\/\/www.bellunopress.it\/wp-content\/uploads\/2012\/07\/logo-bellunopress-250x250-2012.jpg\" \/>\n<meta name=\"author\" content=\"redazione\" \/>\n<meta name=\"twitter:card\" content=\"summary_large_image\" \/>\n<meta name=\"twitter:creator\" content=\"@bellunopress\" \/>\n<meta name=\"twitter:site\" content=\"@bellunopress\" \/>\n<meta name=\"twitter:label1\" content=\"\u00c9crit par\" \/>\n\t<meta name=\"twitter:data1\" content=\"redazione\" \/>\n\t<meta name=\"twitter:label2\" content=\"Dur\u00e9e de lecture estim\u00e9e\" \/>\n\t<meta name=\"twitter:data2\" content=\"2 minutes\" \/>\n<script type=\"application\/ld+json\" class=\"yoast-schema-graph\">{\"@context\":\"https:\\\/\\\/schema.org\",\"@graph\":[{\"@type\":\"Article\",\"@id\":\"https:\\\/\\\/www.bellunopress.it\\\/2009\\\/07\\\/15\\\/csvvolontario-anche-tu-raggiubnto-lobiettivo-dei-cento-ragazzi\\\/#article\",\"isPartOf\":{\"@id\":\"https:\\\/\\\/www.bellunopress.it\\\/2009\\\/07\\\/15\\\/csvvolontario-anche-tu-raggiubnto-lobiettivo-dei-cento-ragazzi\\\/\"},\"author\":{\"name\":\"redazione\",\"@id\":\"https:\\\/\\\/www.bellunopress.it\\\/#\\\/schema\\\/person\\\/79bb06722b37ece1c03d3e94beb30d73\"},\"headline\":\"CSV&#8230;Volontario anche tu, raggiubnto l&#8217;obiettivo dei cento ragazzi!\",\"datePublished\":\"2009-07-15T19:53:15+00:00\",\"mainEntityOfPage\":{\"@id\":\"https:\\\/\\\/www.bellunopress.it\\\/2009\\\/07\\\/15\\\/csvvolontario-anche-tu-raggiubnto-lobiettivo-dei-cento-ragazzi\\\/\"},\"wordCount\":395,\"publisher\":{\"@id\":\"https:\\\/\\\/www.bellunopress.it\\\/#organization\"},\"keywords\":[\"Belluno\",\"Cadore\",\"Feltre\",\"feltrino\"],\"articleSection\":[\"Lettere Opinioni\"],\"inLanguage\":\"fr-FR\"},{\"@type\":\"WebPage\",\"@id\":\"https:\\\/\\\/www.bellunopress.it\\\/2009\\\/07\\\/15\\\/csvvolontario-anche-tu-raggiubnto-lobiettivo-dei-cento-ragazzi\\\/\",\"url\":\"https:\\\/\\\/www.bellunopress.it\\\/2009\\\/07\\\/15\\\/csvvolontario-anche-tu-raggiubnto-lobiettivo-dei-cento-ragazzi\\\/\",\"name\":\"CSV...Volontario anche tu, raggiubnto l'obiettivo dei cento ragazzi! - Bellunopress - Dolomiti\",\"isPartOf\":{\"@id\":\"https:\\\/\\\/www.bellunopress.it\\\/#website\"},\"datePublished\":\"2009-07-15T19:53:15+00:00\",\"breadcrumb\":{\"@id\":\"https:\\\/\\\/www.bellunopress.it\\\/2009\\\/07\\\/15\\\/csvvolontario-anche-tu-raggiubnto-lobiettivo-dei-cento-ragazzi\\\/#breadcrumb\"},\"inLanguage\":\"fr-FR\",\"potentialAction\":[{\"@type\":\"ReadAction\",\"target\":[\"https:\\\/\\\/www.bellunopress.it\\\/2009\\\/07\\\/15\\\/csvvolontario-anche-tu-raggiubnto-lobiettivo-dei-cento-ragazzi\\\/\"]}]},{\"@type\":\"BreadcrumbList\",\"@id\":\"https:\\\/\\\/www.bellunopress.it\\\/2009\\\/07\\\/15\\\/csvvolontario-anche-tu-raggiubnto-lobiettivo-dei-cento-ragazzi\\\/#breadcrumb\",\"itemListElement\":[{\"@type\":\"ListItem\",\"position\":1,\"name\":\"Home\",\"item\":\"https:\\\/\\\/www.bellunopress.it\\\/\"},{\"@type\":\"ListItem\",\"position\":2,\"name\":\"CSV&#8230;Volontario anche tu, raggiubnto l&#8217;obiettivo dei cento ragazzi!\"}]},{\"@type\":\"WebSite\",\"@id\":\"https:\\\/\\\/www.bellunopress.it\\\/#website\",\"url\":\"https:\\\/\\\/www.bellunopress.it\\\/\",\"name\":\"Bellunopress - Dolomiti\",\"description\":\"e-mail: redazione@bellunopress.it\",\"publisher\":{\"@id\":\"https:\\\/\\\/www.bellunopress.it\\\/#organization\"},\"potentialAction\":[{\"@type\":\"SearchAction\",\"target\":{\"@type\":\"EntryPoint\",\"urlTemplate\":\"https:\\\/\\\/www.bellunopress.it\\\/?s={search_term_string}\"},\"query-input\":{\"@type\":\"PropertyValueSpecification\",\"valueRequired\":true,\"valueName\":\"search_term_string\"}}],\"inLanguage\":\"fr-FR\"},{\"@type\":\"Organization\",\"@id\":\"https:\\\/\\\/www.bellunopress.it\\\/#organization\",\"name\":\"Bellunopress\",\"url\":\"https:\\\/\\\/www.bellunopress.it\\\/\",\"logo\":{\"@type\":\"ImageObject\",\"inLanguage\":\"fr-FR\",\"@id\":\"https:\\\/\\\/www.bellunopress.it\\\/#\\\/schema\\\/logo\\\/image\\\/\",\"url\":\"https:\\\/\\\/www.bellunopress.it\\\/wp-content\\\/uploads\\\/2011\\\/05\\\/cropped-logo-bellunopress-.jpg\",\"contentUrl\":\"https:\\\/\\\/www.bellunopress.it\\\/wp-content\\\/uploads\\\/2011\\\/05\\\/cropped-logo-bellunopress-.jpg\",\"width\":512,\"height\":512,\"caption\":\"Bellunopress\"},\"image\":{\"@id\":\"https:\\\/\\\/www.bellunopress.it\\\/#\\\/schema\\\/logo\\\/image\\\/\"},\"sameAs\":[\"https:\\\/\\\/www.facebook.com\\\/profile.php?id=100008943462799\",\"https:\\\/\\\/x.com\\\/bellunopress\",\"https:\\\/\\\/www.linkedin.com\\\/hp\\\/?dnr=JBzUWaJfMUw8vbXJJ2tVW5-I3jZKvC4wsoxE&amp;amp;amp;amp;amp;amp;trk=nav_responsive_tab_home\",\"https:\\\/\\\/www.youtube.com\\\/channel\\\/UCxL0wu1uN0_3_7hGG0306cw\"]},{\"@type\":\"Person\",\"@id\":\"https:\\\/\\\/www.bellunopress.it\\\/#\\\/schema\\\/person\\\/79bb06722b37ece1c03d3e94beb30d73\",\"name\":\"redazione\",\"image\":{\"@type\":\"ImageObject\",\"inLanguage\":\"fr-FR\",\"@id\":\"https:\\\/\\\/secure.gravatar.com\\\/avatar\\\/37d968a2e67a6fd04c169c4bdef102d0bc5d31b2546345219e348575eb80e9a0?s=96&d=mm&r=g\",\"url\":\"https:\\\/\\\/secure.gravatar.com\\\/avatar\\\/37d968a2e67a6fd04c169c4bdef102d0bc5d31b2546345219e348575eb80e9a0?s=96&d=mm&r=g\",\"contentUrl\":\"https:\\\/\\\/secure.gravatar.com\\\/avatar\\\/37d968a2e67a6fd04c169c4bdef102d0bc5d31b2546345219e348575eb80e9a0?s=96&d=mm&r=g\",\"caption\":\"redazione\"},\"sameAs\":[\"http:\\\/\\\/www.bellunopress.it\",\"https:\\\/\\\/x.com\\\/bellunopress\"],\"url\":\"https:\\\/\\\/www.bellunopress.it\\\/fr\\\/author\\\/redazione\\\/\"}]}<\/script>\n<!-- \/ Yoast SEO plugin. -->","yoast_head_json":{"title":"CSV...Volontario anche tu, raggiubnto l'obiettivo dei cento ragazzi! - Bellunopress - Dolomiti","robots":{"index":"index","follow":"follow","max-snippet":"max-snippet:-1","max-image-preview":"max-image-preview:large","max-video-preview":"max-video-preview:-1"},"canonical":"https:\/\/www.bellunopress.it\/fr\/2009\/07\/15\/csvvolontario-anche-tu-raggiubnto-lobiettivo-dei-cento-ragazzi\/","og_locale":"fr_FR","og_type":"article","og_title":"CSV...Volontario anche tu, raggiubnto l'obiettivo dei cento ragazzi! - Bellunopress - Dolomiti","og_description":"Presteranno la loro esperienza di volontariato estivo nelle associazioni della provincia di Belluno. Obiettivo raggiunto per il progetto \u201cCsv\u2026 Volontario anche tu?\u201d del Centro di servizio per il volontariato di Belluno. Il numero di 100 ragazzi prefissato \u00e8 stato raggiunto. Anzi, superato. I giovani dai 14 ai 18 anni che hanno presentato la propria domanda [&hellip;]","og_url":"https:\/\/www.bellunopress.it\/fr\/2009\/07\/15\/csvvolontario-anche-tu-raggiubnto-lobiettivo-dei-cento-ragazzi\/","og_site_name":"Bellunopress - Dolomiti","article_publisher":"https:\/\/www.facebook.com\/profile.php?id=100008943462799","article_published_time":"2009-07-15T19:53:15+00:00","og_image":[{"url":"http:\/\/www.bellunopress.it\/wp-content\/uploads\/2012\/07\/logo-bellunopress-250x250-2012.jpg","type":"","width":"","height":""}],"author":"redazione","twitter_card":"summary_large_image","twitter_creator":"@bellunopress","twitter_site":"@bellunopress","twitter_misc":{"\u00c9crit par":"redazione","Dur\u00e9e de lecture estim\u00e9e":"2 minutes"},"schema":{"@context":"https:\/\/schema.org","@graph":[{"@type":"Article","@id":"https:\/\/www.bellunopress.it\/2009\/07\/15\/csvvolontario-anche-tu-raggiubnto-lobiettivo-dei-cento-ragazzi\/#article","isPartOf":{"@id":"https:\/\/www.bellunopress.it\/2009\/07\/15\/csvvolontario-anche-tu-raggiubnto-lobiettivo-dei-cento-ragazzi\/"},"author":{"name":"redazione","@id":"https:\/\/www.bellunopress.it\/#\/schema\/person\/79bb06722b37ece1c03d3e94beb30d73"},"headline":"CSV&#8230;Volontario anche tu, raggiubnto l&#8217;obiettivo dei cento ragazzi!","datePublished":"2009-07-15T19:53:15+00:00","mainEntityOfPage":{"@id":"https:\/\/www.bellunopress.it\/2009\/07\/15\/csvvolontario-anche-tu-raggiubnto-lobiettivo-dei-cento-ragazzi\/"},"wordCount":395,"publisher":{"@id":"https:\/\/www.bellunopress.it\/#organization"},"keywords":["Belluno","Cadore","Feltre","feltrino"],"articleSection":["Lettere Opinioni"],"inLanguage":"fr-FR"},{"@type":"WebPage","@id":"https:\/\/www.bellunopress.it\/2009\/07\/15\/csvvolontario-anche-tu-raggiubnto-lobiettivo-dei-cento-ragazzi\/","url":"https:\/\/www.bellunopress.it\/2009\/07\/15\/csvvolontario-anche-tu-raggiubnto-lobiettivo-dei-cento-ragazzi\/","name":"CSV...Volontario anche tu, raggiubnto l'obiettivo dei cento ragazzi! - Bellunopress - Dolomiti","isPartOf":{"@id":"https:\/\/www.bellunopress.it\/#website"},"datePublished":"2009-07-15T19:53:15+00:00","breadcrumb":{"@id":"https:\/\/www.bellunopress.it\/2009\/07\/15\/csvvolontario-anche-tu-raggiubnto-lobiettivo-dei-cento-ragazzi\/#breadcrumb"},"inLanguage":"fr-FR","potentialAction":[{"@type":"ReadAction","target":["https:\/\/www.bellunopress.it\/2009\/07\/15\/csvvolontario-anche-tu-raggiubnto-lobiettivo-dei-cento-ragazzi\/"]}]},{"@type":"BreadcrumbList","@id":"https:\/\/www.bellunopress.it\/2009\/07\/15\/csvvolontario-anche-tu-raggiubnto-lobiettivo-dei-cento-ragazzi\/#breadcrumb","itemListElement":[{"@type":"ListItem","position":1,"name":"Home","item":"https:\/\/www.bellunopress.it\/"},{"@type":"ListItem","position":2,"name":"CSV&#8230;Volontario anche tu, raggiubnto l&#8217;obiettivo dei cento ragazzi!"}]},{"@type":"WebSite","@id":"https:\/\/www.bellunopress.it\/#website","url":"https:\/\/www.bellunopress.it\/","name":"Bellunopress - Dolomiti","description":"e-mail: redazione@bellunopress.it","publisher":{"@id":"https:\/\/www.bellunopress.it\/#organization"},"potentialAction":[{"@type":"SearchAction","target":{"@type":"EntryPoint","urlTemplate":"https:\/\/www.bellunopress.it\/?s={search_term_string}"},"query-input":{"@type":"PropertyValueSpecification","valueRequired":true,"valueName":"search_term_string"}}],"inLanguage":"fr-FR"},{"@type":"Organization","@id":"https:\/\/www.bellunopress.it\/#organization","name":"Bellunopress","url":"https:\/\/www.bellunopress.it\/","logo":{"@type":"ImageObject","inLanguage":"fr-FR","@id":"https:\/\/www.bellunopress.it\/#\/schema\/logo\/image\/","url":"https:\/\/www.bellunopress.it\/wp-content\/uploads\/2011\/05\/cropped-logo-bellunopress-.jpg","contentUrl":"https:\/\/www.bellunopress.it\/wp-content\/uploads\/2011\/05\/cropped-logo-bellunopress-.jpg","width":512,"height":512,"caption":"Bellunopress"},"image":{"@id":"https:\/\/www.bellunopress.it\/#\/schema\/logo\/image\/"},"sameAs":["https:\/\/www.facebook.com\/profile.php?id=100008943462799","https:\/\/x.com\/bellunopress","https:\/\/www.linkedin.com\/hp\/?dnr=JBzUWaJfMUw8vbXJJ2tVW5-I3jZKvC4wsoxE&amp;amp;amp;amp;amp;amp;trk=nav_responsive_tab_home","https:\/\/www.youtube.com\/channel\/UCxL0wu1uN0_3_7hGG0306cw"]},{"@type":"Person","@id":"https:\/\/www.bellunopress.it\/#\/schema\/person\/79bb06722b37ece1c03d3e94beb30d73","name":"r\u00e9daction","image":{"@type":"ImageObject","inLanguage":"fr-FR","@id":"https:\/\/secure.gravatar.com\/avatar\/37d968a2e67a6fd04c169c4bdef102d0bc5d31b2546345219e348575eb80e9a0?s=96&d=mm&r=g","url":"https:\/\/secure.gravatar.com\/avatar\/37d968a2e67a6fd04c169c4bdef102d0bc5d31b2546345219e348575eb80e9a0?s=96&d=mm&r=g","contentUrl":"https:\/\/secure.gravatar.com\/avatar\/37d968a2e67a6fd04c169c4bdef102d0bc5d31b2546345219e348575eb80e9a0?s=96&d=mm&r=g","caption":"redazione"},"sameAs":["http:\/\/www.bellunopress.it","https:\/\/x.com\/bellunopress"],"url":"https:\/\/www.bellunopress.it\/fr\/author\/redazione\/"}]}},"_links":{"self":[{"href":"https:\/\/www.bellunopress.it\/fr\/wp-json\/wp\/v2\/posts\/5990","targetHints":{"allow":["GET"]}}],"collection":[{"href":"https:\/\/www.bellunopress.it\/fr\/wp-json\/wp\/v2\/posts"}],"about":[{"href":"https:\/\/www.bellunopress.it\/fr\/wp-json\/wp\/v2\/types\/post"}],"author":[{"embeddable":true,"href":"https:\/\/www.bellunopress.it\/fr\/wp-json\/wp\/v2\/users\/2"}],"replies":[{"embeddable":true,"href":"https:\/\/www.bellunopress.it\/fr\/wp-json\/wp\/v2\/comments?post=5990"}],"version-history":[{"count":1,"href":"https:\/\/www.bellunopress.it\/fr\/wp-json\/wp\/v2\/posts\/5990\/revisions"}],"predecessor-version":[{"id":5991,"href":"https:\/\/www.bellunopress.it\/fr\/wp-json\/wp\/v2\/posts\/5990\/revisions\/5991"}],"wp:attachment":[{"href":"https:\/\/www.bellunopress.it\/fr\/wp-json\/wp\/v2\/media?parent=5990"}],"wp:term":[{"taxonomy":"category","embeddable":true,"href":"https:\/\/www.bellunopress.it\/fr\/wp-json\/wp\/v2\/categories?post=5990"},{"taxonomy":"post_tag","embeddable":true,"href":"https:\/\/www.bellunopress.it\/fr\/wp-json\/wp\/v2\/tags?post=5990"}],"curies":[{"name":"wp","href":"https:\/\/api.w.org\/{rel}","templated":true}]}}