{"id":5971,"date":"2009-07-15T09:39:27","date_gmt":"2009-07-15T08:39:27","guid":{"rendered":"http:\/\/www.bellunopress.it\/?p=5971"},"modified":"2009-07-15T09:39:27","modified_gmt":"2009-07-15T08:39:27","slug":"domani-sera-skipass-firmato-con-pietro-piller-cottrer-e-la-squadra-nazionale-maschile-e-femminile-di-sci-di-fondo","status":"publish","type":"post","link":"https:\/\/www.bellunopress.it\/fr\/2009\/07\/15\/domani-sera-skipass-firmato-con-pietro-piller-cottrer-e-la-squadra-nazionale-maschile-e-femminile-di-sci-di-fondo\/","title":{"rendered":"Domani sera skipass firmato con Pietro Piller Cottrer e la squadra nazionale maschile e femminile di sci di fondo"},"content":{"rendered":"<p>Continua la promozione degli Skipass stagionali per l\u2019Alpe del Nevegal. Lo stand sar\u00e0 nuovamente presente in Piazza dei Martiri nella serata di gioved\u00ec 16 luglio dalle 21.00 alle 23.00, in occasione dell\u2019evento serale Gioved\u00ec di Sera. Ospite d\u2019eccezione Pietro Piller Cottrer, il vincitore della Coppa del Mondo di sci di fondo nella specialit\u00e0 \u201cdistance\u201d e i rappresentanti della squadra nazionale maschile e femminile della stessa disciplina. Ancora un\u2019occasione per gli amanti dello sci che potranno acquistare gli skipass per l\u2019Alpe ad un prezzo agevolato, con un risparmio fino a 65 euro per la categoria Adulti. Oltre al risparmio, la possibilit\u00e0 di conoscere uno dei pi\u00f9 importanti rappresentanti della disciplina dello sci di fondo e testimonial, gi\u00e0 da anni, del Nevegal: Pietro Piller Cottrer. Il campione, che ha riscosso particolare successo nella serata di gioved\u00ec scorso, si intratterr\u00e0 allo stand della Nuovi Impianti Sportivi, sito a lato del palco che verr\u00e0 allestito in Piazza dei Martiri, consegnando a chi lo acquister\u00e0 lo skipass autografato. Ad arricchire la serata la presenza della squadra nazionale maschile e femminile di sci di fondo. Un ulteriore incentivo per coloro che approfitteranno di questa serata di promozione sar\u00e0 la consegna, in un secondo momento*, di una maglietta dedicata al Nevegal e a Pietro Piller Cottrer, con la firma del campione. *Per ricevere la maglietta sar\u00e0 sufficiente recarsi alla Piscina di Belluno nei periodi segnalati durante le serate di Gioved\u00ec di Sera, consegnando la ricevuta di acquisto dello skipass.<br \/>\nPer informazioni:<br \/>\nPiscina di Belluno<br \/>\nTel.0437 940488 \u2013 Fax: 0437 910493<br \/>\n<a href=\"http:\/\/www.piscinadibelluno.it\">www.piscinadibelluno.it<\/a> \u2013 <a href=\"mailto:info@nisbl.it\">info@nisbl.it<\/a><br \/>\nUfficio Skipass Nevegal<br \/>\nTel.0437 907106 \u2013 Fax 0437 908330<br \/>\n<a href=\"http:\/\/www.alpedelnevegal.it\">www.alpedelnevegal.it<\/a> \u2013 <a href=\"mailto:info@alpedelnevegal.it\">info@alpedelnevegal.it<\/a><\/p>","protected":false},"excerpt":{"rendered":"<p>Continua la promozione degli Skipass stagionali per l\u2019Alpe del Nevegal. Lo stand sar\u00e0 nuovamente presente in Piazza dei Martiri nella serata di gioved\u00ec 16 luglio dalle 21.00 alle 23.00, in occasione dell\u2019evento serale Gioved\u00ec di Sera. Ospite d\u2019eccezione Pietro Piller Cottrer, il vincitore della Coppa del Mondo di sci di fondo nella specialit\u00e0 \u201cdistance\u201d e [&hellip;]<\/p>\n","protected":false},"author":2,"featured_media":0,"comment_status":"closed","ping_status":"open","sticky":false,"template":"","format":"standard","meta":{"footnotes":""},"categories":[27,25,4],"tags":[139],"class_list":["post-5971","post","type-post","status-publish","format-standard","category-appuntamenti","category-pausa-caffe","category-sport","tag-belluno"],"yoast_head":"<!-- This site is optimized with the Yoast SEO plugin v28.4 - https:\/\/yoast.com\/product\/yoast-seo-wordpress\/ -->\n<title>Domani sera skipass firmato con Pietro Piller Cottrer e la squadra nazionale maschile e femminile di sci di fondo - Bellunopress - Dolomiti<\/title>\n<meta name=\"robots\" content=\"index, follow, max-snippet:-1, max-image-preview:large, max-video-preview:-1\" \/>\n<link rel=\"canonical\" href=\"https:\/\/www.bellunopress.it\/fr\/2009\/07\/15\/domani-sera-skipass-firmato-con-pietro-piller-cottrer-e-la-squadra-nazionale-maschile-e-femminile-di-sci-di-fondo\/\" \/>\n<meta property=\"og:locale\" content=\"fr_FR\" \/>\n<meta property=\"og:type\" content=\"article\" \/>\n<meta property=\"og:title\" content=\"Domani sera skipass firmato con Pietro Piller Cottrer e la squadra nazionale maschile e femminile di sci di fondo - Bellunopress - Dolomiti\" \/>\n<meta property=\"og:description\" content=\"Continua la promozione degli Skipass stagionali per l\u2019Alpe del Nevegal. Lo stand sar\u00e0 nuovamente presente in Piazza dei Martiri nella serata di gioved\u00ec 16 luglio dalle 21.00 alle 23.00, in occasione dell\u2019evento serale Gioved\u00ec di Sera. Ospite d\u2019eccezione Pietro Piller Cottrer, il vincitore della Coppa del Mondo di sci di fondo nella specialit\u00e0 \u201cdistance\u201d e [&hellip;]\" \/>\n<meta property=\"og:url\" content=\"https:\/\/www.bellunopress.it\/fr\/2009\/07\/15\/domani-sera-skipass-firmato-con-pietro-piller-cottrer-e-la-squadra-nazionale-maschile-e-femminile-di-sci-di-fondo\/\" \/>\n<meta property=\"og:site_name\" content=\"Bellunopress - Dolomiti\" \/>\n<meta property=\"article:publisher\" content=\"https:\/\/www.facebook.com\/profile.php?id=100008943462799\" \/>\n<meta property=\"article:published_time\" content=\"2009-07-15T08:39:27+00:00\" \/>\n<meta property=\"og:image\" content=\"http:\/\/www.bellunopress.it\/wp-content\/uploads\/2012\/07\/logo-bellunopress-250x250-2012.jpg\" \/>\n<meta name=\"author\" content=\"redazione\" \/>\n<meta name=\"twitter:card\" content=\"summary_large_image\" \/>\n<meta name=\"twitter:creator\" content=\"@bellunopress\" \/>\n<meta name=\"twitter:site\" content=\"@bellunopress\" \/>\n<meta name=\"twitter:label1\" content=\"\u00c9crit par\" \/>\n\t<meta name=\"twitter:data1\" content=\"redazione\" \/>\n\t<meta name=\"twitter:label2\" content=\"Dur\u00e9e de lecture estim\u00e9e\" \/>\n\t<meta name=\"twitter:data2\" content=\"1 minute\" \/>\n<script type=\"application\/ld+json\" class=\"yoast-schema-graph\">{\"@context\":\"https:\\\/\\\/schema.org\",\"@graph\":[{\"@type\":\"Article\",\"@id\":\"https:\\\/\\\/www.bellunopress.it\\\/2009\\\/07\\\/15\\\/domani-sera-skipass-firmato-con-pietro-piller-cottrer-e-la-squadra-nazionale-maschile-e-femminile-di-sci-di-fondo\\\/#article\",\"isPartOf\":{\"@id\":\"https:\\\/\\\/www.bellunopress.it\\\/2009\\\/07\\\/15\\\/domani-sera-skipass-firmato-con-pietro-piller-cottrer-e-la-squadra-nazionale-maschile-e-femminile-di-sci-di-fondo\\\/\"},\"author\":{\"name\":\"redazione\",\"@id\":\"https:\\\/\\\/www.bellunopress.it\\\/#\\\/schema\\\/person\\\/79bb06722b37ece1c03d3e94beb30d73\"},\"headline\":\"Domani sera skipass firmato con Pietro Piller Cottrer e la squadra nazionale maschile e femminile di sci di fondo\",\"datePublished\":\"2009-07-15T08:39:27+00:00\",\"mainEntityOfPage\":{\"@id\":\"https:\\\/\\\/www.bellunopress.it\\\/2009\\\/07\\\/15\\\/domani-sera-skipass-firmato-con-pietro-piller-cottrer-e-la-squadra-nazionale-maschile-e-femminile-di-sci-di-fondo\\\/\"},\"wordCount\":286,\"publisher\":{\"@id\":\"https:\\\/\\\/www.bellunopress.it\\\/#organization\"},\"keywords\":[\"Belluno\"],\"articleSection\":[\"Appuntamenti, Eventi\",\"Pausa Caff\u00e8\",\"Sport, tempo libero\"],\"inLanguage\":\"fr-FR\"},{\"@type\":\"WebPage\",\"@id\":\"https:\\\/\\\/www.bellunopress.it\\\/2009\\\/07\\\/15\\\/domani-sera-skipass-firmato-con-pietro-piller-cottrer-e-la-squadra-nazionale-maschile-e-femminile-di-sci-di-fondo\\\/\",\"url\":\"https:\\\/\\\/www.bellunopress.it\\\/2009\\\/07\\\/15\\\/domani-sera-skipass-firmato-con-pietro-piller-cottrer-e-la-squadra-nazionale-maschile-e-femminile-di-sci-di-fondo\\\/\",\"name\":\"Domani sera skipass firmato con Pietro Piller Cottrer e la squadra nazionale maschile e femminile di sci di fondo - Bellunopress - Dolomiti\",\"isPartOf\":{\"@id\":\"https:\\\/\\\/www.bellunopress.it\\\/#website\"},\"datePublished\":\"2009-07-15T08:39:27+00:00\",\"breadcrumb\":{\"@id\":\"https:\\\/\\\/www.bellunopress.it\\\/2009\\\/07\\\/15\\\/domani-sera-skipass-firmato-con-pietro-piller-cottrer-e-la-squadra-nazionale-maschile-e-femminile-di-sci-di-fondo\\\/#breadcrumb\"},\"inLanguage\":\"fr-FR\",\"potentialAction\":[{\"@type\":\"ReadAction\",\"target\":[\"https:\\\/\\\/www.bellunopress.it\\\/2009\\\/07\\\/15\\\/domani-sera-skipass-firmato-con-pietro-piller-cottrer-e-la-squadra-nazionale-maschile-e-femminile-di-sci-di-fondo\\\/\"]}]},{\"@type\":\"BreadcrumbList\",\"@id\":\"https:\\\/\\\/www.bellunopress.it\\\/2009\\\/07\\\/15\\\/domani-sera-skipass-firmato-con-pietro-piller-cottrer-e-la-squadra-nazionale-maschile-e-femminile-di-sci-di-fondo\\\/#breadcrumb\",\"itemListElement\":[{\"@type\":\"ListItem\",\"position\":1,\"name\":\"Home\",\"item\":\"https:\\\/\\\/www.bellunopress.it\\\/\"},{\"@type\":\"ListItem\",\"position\":2,\"name\":\"Domani sera skipass firmato con Pietro Piller Cottrer e la squadra nazionale maschile e femminile di sci di fondo\"}]},{\"@type\":\"WebSite\",\"@id\":\"https:\\\/\\\/www.bellunopress.it\\\/#website\",\"url\":\"https:\\\/\\\/www.bellunopress.it\\\/\",\"name\":\"Bellunopress - Dolomiti\",\"description\":\"e-mail: redazione@bellunopress.it\",\"publisher\":{\"@id\":\"https:\\\/\\\/www.bellunopress.it\\\/#organization\"},\"potentialAction\":[{\"@type\":\"SearchAction\",\"target\":{\"@type\":\"EntryPoint\",\"urlTemplate\":\"https:\\\/\\\/www.bellunopress.it\\\/?s={search_term_string}\"},\"query-input\":{\"@type\":\"PropertyValueSpecification\",\"valueRequired\":true,\"valueName\":\"search_term_string\"}}],\"inLanguage\":\"fr-FR\"},{\"@type\":\"Organization\",\"@id\":\"https:\\\/\\\/www.bellunopress.it\\\/#organization\",\"name\":\"Bellunopress\",\"url\":\"https:\\\/\\\/www.bellunopress.it\\\/\",\"logo\":{\"@type\":\"ImageObject\",\"inLanguage\":\"fr-FR\",\"@id\":\"https:\\\/\\\/www.bellunopress.it\\\/#\\\/schema\\\/logo\\\/image\\\/\",\"url\":\"https:\\\/\\\/www.bellunopress.it\\\/wp-content\\\/uploads\\\/2011\\\/05\\\/cropped-logo-bellunopress-.jpg\",\"contentUrl\":\"https:\\\/\\\/www.bellunopress.it\\\/wp-content\\\/uploads\\\/2011\\\/05\\\/cropped-logo-bellunopress-.jpg\",\"width\":512,\"height\":512,\"caption\":\"Bellunopress\"},\"image\":{\"@id\":\"https:\\\/\\\/www.bellunopress.it\\\/#\\\/schema\\\/logo\\\/image\\\/\"},\"sameAs\":[\"https:\\\/\\\/www.facebook.com\\\/profile.php?id=100008943462799\",\"https:\\\/\\\/x.com\\\/bellunopress\",\"https:\\\/\\\/www.linkedin.com\\\/hp\\\/?dnr=JBzUWaJfMUw8vbXJJ2tVW5-I3jZKvC4wsoxE&amp;amp;amp;amp;amp;amp;trk=nav_responsive_tab_home\",\"https:\\\/\\\/www.youtube.com\\\/channel\\\/UCxL0wu1uN0_3_7hGG0306cw\"]},{\"@type\":\"Person\",\"@id\":\"https:\\\/\\\/www.bellunopress.it\\\/#\\\/schema\\\/person\\\/79bb06722b37ece1c03d3e94beb30d73\",\"name\":\"redazione\",\"image\":{\"@type\":\"ImageObject\",\"inLanguage\":\"fr-FR\",\"@id\":\"https:\\\/\\\/secure.gravatar.com\\\/avatar\\\/37d968a2e67a6fd04c169c4bdef102d0bc5d31b2546345219e348575eb80e9a0?s=96&d=mm&r=g\",\"url\":\"https:\\\/\\\/secure.gravatar.com\\\/avatar\\\/37d968a2e67a6fd04c169c4bdef102d0bc5d31b2546345219e348575eb80e9a0?s=96&d=mm&r=g\",\"contentUrl\":\"https:\\\/\\\/secure.gravatar.com\\\/avatar\\\/37d968a2e67a6fd04c169c4bdef102d0bc5d31b2546345219e348575eb80e9a0?s=96&d=mm&r=g\",\"caption\":\"redazione\"},\"sameAs\":[\"http:\\\/\\\/www.bellunopress.it\",\"https:\\\/\\\/x.com\\\/bellunopress\"],\"url\":\"https:\\\/\\\/www.bellunopress.it\\\/fr\\\/author\\\/redazione\\\/\"}]}<\/script>\n<!-- \/ Yoast SEO plugin. -->","yoast_head_json":{"title":"Domani sera skipass firmato con Pietro Piller Cottrer e la squadra nazionale maschile e femminile di sci di fondo - Bellunopress - Dolomiti","robots":{"index":"index","follow":"follow","max-snippet":"max-snippet:-1","max-image-preview":"max-image-preview:large","max-video-preview":"max-video-preview:-1"},"canonical":"https:\/\/www.bellunopress.it\/fr\/2009\/07\/15\/domani-sera-skipass-firmato-con-pietro-piller-cottrer-e-la-squadra-nazionale-maschile-e-femminile-di-sci-di-fondo\/","og_locale":"fr_FR","og_type":"article","og_title":"Domani sera skipass firmato con Pietro Piller Cottrer e la squadra nazionale maschile e femminile di sci di fondo - Bellunopress - Dolomiti","og_description":"Continua la promozione degli Skipass stagionali per l\u2019Alpe del Nevegal. Lo stand sar\u00e0 nuovamente presente in Piazza dei Martiri nella serata di gioved\u00ec 16 luglio dalle 21.00 alle 23.00, in occasione dell\u2019evento serale Gioved\u00ec di Sera. Ospite d\u2019eccezione Pietro Piller Cottrer, il vincitore della Coppa del Mondo di sci di fondo nella specialit\u00e0 \u201cdistance\u201d e [&hellip;]","og_url":"https:\/\/www.bellunopress.it\/fr\/2009\/07\/15\/domani-sera-skipass-firmato-con-pietro-piller-cottrer-e-la-squadra-nazionale-maschile-e-femminile-di-sci-di-fondo\/","og_site_name":"Bellunopress - Dolomiti","article_publisher":"https:\/\/www.facebook.com\/profile.php?id=100008943462799","article_published_time":"2009-07-15T08:39:27+00:00","og_image":[{"url":"http:\/\/www.bellunopress.it\/wp-content\/uploads\/2012\/07\/logo-bellunopress-250x250-2012.jpg","type":"","width":"","height":""}],"author":"redazione","twitter_card":"summary_large_image","twitter_creator":"@bellunopress","twitter_site":"@bellunopress","twitter_misc":{"\u00c9crit par":"redazione","Dur\u00e9e de lecture estim\u00e9e":"1 minute"},"schema":{"@context":"https:\/\/schema.org","@graph":[{"@type":"Article","@id":"https:\/\/www.bellunopress.it\/2009\/07\/15\/domani-sera-skipass-firmato-con-pietro-piller-cottrer-e-la-squadra-nazionale-maschile-e-femminile-di-sci-di-fondo\/#article","isPartOf":{"@id":"https:\/\/www.bellunopress.it\/2009\/07\/15\/domani-sera-skipass-firmato-con-pietro-piller-cottrer-e-la-squadra-nazionale-maschile-e-femminile-di-sci-di-fondo\/"},"author":{"name":"redazione","@id":"https:\/\/www.bellunopress.it\/#\/schema\/person\/79bb06722b37ece1c03d3e94beb30d73"},"headline":"Domani sera skipass firmato con Pietro Piller Cottrer e la squadra nazionale maschile e femminile di sci di fondo","datePublished":"2009-07-15T08:39:27+00:00","mainEntityOfPage":{"@id":"https:\/\/www.bellunopress.it\/2009\/07\/15\/domani-sera-skipass-firmato-con-pietro-piller-cottrer-e-la-squadra-nazionale-maschile-e-femminile-di-sci-di-fondo\/"},"wordCount":286,"publisher":{"@id":"https:\/\/www.bellunopress.it\/#organization"},"keywords":["Belluno"],"articleSection":["Appuntamenti, Eventi","Pausa Caff\u00e8","Sport, tempo libero"],"inLanguage":"fr-FR"},{"@type":"WebPage","@id":"https:\/\/www.bellunopress.it\/2009\/07\/15\/domani-sera-skipass-firmato-con-pietro-piller-cottrer-e-la-squadra-nazionale-maschile-e-femminile-di-sci-di-fondo\/","url":"https:\/\/www.bellunopress.it\/2009\/07\/15\/domani-sera-skipass-firmato-con-pietro-piller-cottrer-e-la-squadra-nazionale-maschile-e-femminile-di-sci-di-fondo\/","name":"Domani sera skipass firmato con Pietro Piller Cottrer e la squadra nazionale maschile e femminile di sci di fondo - Bellunopress - Dolomiti","isPartOf":{"@id":"https:\/\/www.bellunopress.it\/#website"},"datePublished":"2009-07-15T08:39:27+00:00","breadcrumb":{"@id":"https:\/\/www.bellunopress.it\/2009\/07\/15\/domani-sera-skipass-firmato-con-pietro-piller-cottrer-e-la-squadra-nazionale-maschile-e-femminile-di-sci-di-fondo\/#breadcrumb"},"inLanguage":"fr-FR","potentialAction":[{"@type":"ReadAction","target":["https:\/\/www.bellunopress.it\/2009\/07\/15\/domani-sera-skipass-firmato-con-pietro-piller-cottrer-e-la-squadra-nazionale-maschile-e-femminile-di-sci-di-fondo\/"]}]},{"@type":"BreadcrumbList","@id":"https:\/\/www.bellunopress.it\/2009\/07\/15\/domani-sera-skipass-firmato-con-pietro-piller-cottrer-e-la-squadra-nazionale-maschile-e-femminile-di-sci-di-fondo\/#breadcrumb","itemListElement":[{"@type":"ListItem","position":1,"name":"Home","item":"https:\/\/www.bellunopress.it\/"},{"@type":"ListItem","position":2,"name":"Domani sera skipass firmato con Pietro Piller Cottrer e la squadra nazionale maschile e femminile di sci di fondo"}]},{"@type":"WebSite","@id":"https:\/\/www.bellunopress.it\/#website","url":"https:\/\/www.bellunopress.it\/","name":"Bellunopress - Dolomiti","description":"e-mail: redazione@bellunopress.it","publisher":{"@id":"https:\/\/www.bellunopress.it\/#organization"},"potentialAction":[{"@type":"SearchAction","target":{"@type":"EntryPoint","urlTemplate":"https:\/\/www.bellunopress.it\/?s={search_term_string}"},"query-input":{"@type":"PropertyValueSpecification","valueRequired":true,"valueName":"search_term_string"}}],"inLanguage":"fr-FR"},{"@type":"Organization","@id":"https:\/\/www.bellunopress.it\/#organization","name":"Bellunopress","url":"https:\/\/www.bellunopress.it\/","logo":{"@type":"ImageObject","inLanguage":"fr-FR","@id":"https:\/\/www.bellunopress.it\/#\/schema\/logo\/image\/","url":"https:\/\/www.bellunopress.it\/wp-content\/uploads\/2011\/05\/cropped-logo-bellunopress-.jpg","contentUrl":"https:\/\/www.bellunopress.it\/wp-content\/uploads\/2011\/05\/cropped-logo-bellunopress-.jpg","width":512,"height":512,"caption":"Bellunopress"},"image":{"@id":"https:\/\/www.bellunopress.it\/#\/schema\/logo\/image\/"},"sameAs":["https:\/\/www.facebook.com\/profile.php?id=100008943462799","https:\/\/x.com\/bellunopress","https:\/\/www.linkedin.com\/hp\/?dnr=JBzUWaJfMUw8vbXJJ2tVW5-I3jZKvC4wsoxE&amp;amp;amp;amp;amp;amp;trk=nav_responsive_tab_home","https:\/\/www.youtube.com\/channel\/UCxL0wu1uN0_3_7hGG0306cw"]},{"@type":"Person","@id":"https:\/\/www.bellunopress.it\/#\/schema\/person\/79bb06722b37ece1c03d3e94beb30d73","name":"r\u00e9daction","image":{"@type":"ImageObject","inLanguage":"fr-FR","@id":"https:\/\/secure.gravatar.com\/avatar\/37d968a2e67a6fd04c169c4bdef102d0bc5d31b2546345219e348575eb80e9a0?s=96&d=mm&r=g","url":"https:\/\/secure.gravatar.com\/avatar\/37d968a2e67a6fd04c169c4bdef102d0bc5d31b2546345219e348575eb80e9a0?s=96&d=mm&r=g","contentUrl":"https:\/\/secure.gravatar.com\/avatar\/37d968a2e67a6fd04c169c4bdef102d0bc5d31b2546345219e348575eb80e9a0?s=96&d=mm&r=g","caption":"redazione"},"sameAs":["http:\/\/www.bellunopress.it","https:\/\/x.com\/bellunopress"],"url":"https:\/\/www.bellunopress.it\/fr\/author\/redazione\/"}]}},"_links":{"self":[{"href":"https:\/\/www.bellunopress.it\/fr\/wp-json\/wp\/v2\/posts\/5971","targetHints":{"allow":["GET"]}}],"collection":[{"href":"https:\/\/www.bellunopress.it\/fr\/wp-json\/wp\/v2\/posts"}],"about":[{"href":"https:\/\/www.bellunopress.it\/fr\/wp-json\/wp\/v2\/types\/post"}],"author":[{"embeddable":true,"href":"https:\/\/www.bellunopress.it\/fr\/wp-json\/wp\/v2\/users\/2"}],"replies":[{"embeddable":true,"href":"https:\/\/www.bellunopress.it\/fr\/wp-json\/wp\/v2\/comments?post=5971"}],"version-history":[{"count":1,"href":"https:\/\/www.bellunopress.it\/fr\/wp-json\/wp\/v2\/posts\/5971\/revisions"}],"predecessor-version":[{"id":5972,"href":"https:\/\/www.bellunopress.it\/fr\/wp-json\/wp\/v2\/posts\/5971\/revisions\/5972"}],"wp:attachment":[{"href":"https:\/\/www.bellunopress.it\/fr\/wp-json\/wp\/v2\/media?parent=5971"}],"wp:term":[{"taxonomy":"category","embeddable":true,"href":"https:\/\/www.bellunopress.it\/fr\/wp-json\/wp\/v2\/categories?post=5971"},{"taxonomy":"post_tag","embeddable":true,"href":"https:\/\/www.bellunopress.it\/fr\/wp-json\/wp\/v2\/tags?post=5971"}],"curies":[{"name":"wp","href":"https:\/\/api.w.org\/{rel}","templated":true}]}}