{"id":5969,"date":"2009-07-15T08:50:19","date_gmt":"2009-07-15T07:50:19","guid":{"rendered":"http:\/\/www.bellunopress.it\/?p=5969"},"modified":"2009-07-15T08:50:19","modified_gmt":"2009-07-15T07:50:19","slug":"giovedi-a-feltre-il-torneo-di-pelota-maya-e-un-ricco-programma-estivo-con-il-centro-giovani","status":"publish","type":"post","link":"https:\/\/www.bellunopress.it\/fr\/2009\/07\/15\/giovedi-a-feltre-il-torneo-di-pelota-maya-e-un-ricco-programma-estivo-con-il-centro-giovani\/","title":{"rendered":"Gioved\u00ec a Feltre il torneo di Pelota Maya e un ricco programma estivo con il Centro Giovani"},"content":{"rendered":"<p>Un pomeriggio insolito si profila per gioved\u00ec 16 giugno al Centro Giovani di Feltre. I ragazzi che sono stati coinvolti nelle Frazimpiadi, svoltesi il 24 maggio scorso in Valle di Lamen, per il coordinamento dei volontari in Servizio Civile, hanno organizzato un torneo di &#8220;Pelota Maya&#8221;, ispirato al gioco sviluppato dall&#8217;antica civilt\u00e0 precolombiana. Sar\u00e0 inoltre proposto un torneo di pallavolo. La partecipazione \u00e8 libera e gratuita per tutti i giovani interessati, che sono invitati a raggiungere il Centro Giovani di via Dolci, 3, alle ore 14.<br \/>\nPer informazioni telefonare in orario pomeridiano al numero 0439.885361 o scrivere un&#8217;e-mail a <a href=\"mailto:centrogiovani@comune.feltre.bl.it\">centrogiovani@comune.feltre.bl.it<\/a>.<br \/>\nIntanto, da mercoled\u00ec 15 luglio riprenderanno anche quest&#8217;anno i laboratori e le attivit\u00e0 di &#8220;Estate al Centro Giovani&#8221;, promosse dal Comune di Feltre e destinate a ragazze e ragazzi dagli 11 ai 15 anni.<br \/>\nI corsi specifici che saranno attivati nella sede di Via Dolci, 3, per i quali ci sono ancora dei posti disponibili, sono:<br \/>\n&#8211; Corso di giocoleria con Fabio dell&#8217;Associazione Improvvirus (quota di partecipazione 10 euro)<br \/>\n21 e 27, 28 luglio, 4, 11 e 18 agosto dalle ore 10 alle ore 11.30<br \/>\n&#8211; Divertiamoci con i Giochi di Ruolo!<br \/>\na cura dell&#8217;Associazione LiT di Feltre 15, 17, 22 e 24 luglio, dalle ore 15.30 alle ore 18.00;<br \/>\n&#8211; Laboratorio di graffito con Giovanni Sogne<br \/>\n(quota di partecipazione 15 euro) 24, 27, 29 e 31 luglio e 3, 5 e 7 agosto<br \/>\ndalle ore 14.30 alle ore 17.30;<br \/>\n&#8211; Impariamo a sbandierare (&#8230; e a battere sui tamburi!)<br \/>\ncon il Gruppo sbandieratori Citt\u00e0 di Feltre 17, 19, 21, 24, 26, 28 agosto, dalle ore 16.00 alle 17.30;<br \/>\n&#8211; Orienteering con l&#8217;Associazione Monte Pavione<br \/>\n(quota di partecipazione 10 euro) 24, 25 e 31 agosto e 1\u00b0 settembre, dalle ore 9.00 alle 12.00.<br \/>\nLa quota di partecipazione, ove prevista, che non \u00e8 rimborsabile. Verr\u00e0 data la precedenza ai residenti del Comune di Feltre. Inoltre, i giovani sono invitati a formare una squadra con i propri amici per partecipare ai tornei di basket, calcio balilla, pallavolo e ping pong che saranno organizzati. Per partecipare alle attivit\u00e0 \u00e8 necessario iscriversi al Centro Giovani, aperto nelle mattine di luned\u00ec e marted\u00ec dalle 9 alle 13 e nei pomeriggi dal luned\u00ec al sabato dalle 14.00 alle 18.30. I recapiti sono: telefono 0439\/885361 o 0439\/305187; email: <a href=\"mailto:centrogiovani@comune.feltre.bl.it\">centrogiovani@comune.feltre.bl.it<\/a><\/p>","protected":false},"excerpt":{"rendered":"<p>Un pomeriggio insolito si profila per gioved\u00ec 16 giugno al Centro Giovani di Feltre. I ragazzi che sono stati coinvolti nelle Frazimpiadi, svoltesi il 24 maggio scorso in Valle di Lamen, per il coordinamento dei volontari in Servizio Civile, hanno organizzato un torneo di &#8220;Pelota Maya&#8221;, ispirato al gioco sviluppato dall&#8217;antica civilt\u00e0 precolombiana. Sar\u00e0 inoltre [&hellip;]<\/p>\n","protected":false},"author":2,"featured_media":0,"comment_status":"closed","ping_status":"open","sticky":false,"template":"","format":"standard","meta":{"footnotes":""},"categories":[3,25],"tags":[302],"class_list":["post-5969","post","type-post","status-publish","format-standard","category-arte-cultura-spettacoli-scienza-archivi","category-pausa-caffe","tag-feltre"],"yoast_head":"<!-- This site is optimized with the Yoast SEO plugin v28.4 - https:\/\/yoast.com\/product\/yoast-seo-wordpress\/ -->\n<title>Gioved\u00ec a Feltre il torneo di Pelota Maya e un ricco programma estivo con il Centro Giovani  - Bellunopress - Dolomiti<\/title>\n<meta name=\"robots\" content=\"index, follow, max-snippet:-1, max-image-preview:large, max-video-preview:-1\" \/>\n<link rel=\"canonical\" href=\"https:\/\/www.bellunopress.it\/fr\/2009\/07\/15\/giovedi-a-feltre-il-torneo-di-pelota-maya-e-un-ricco-programma-estivo-con-il-centro-giovani\/\" \/>\n<meta property=\"og:locale\" content=\"fr_FR\" \/>\n<meta property=\"og:type\" content=\"article\" \/>\n<meta property=\"og:title\" content=\"Gioved\u00ec a Feltre il torneo di Pelota Maya e un ricco programma estivo con il Centro Giovani  - Bellunopress - Dolomiti\" \/>\n<meta property=\"og:description\" content=\"Un pomeriggio insolito si profila per gioved\u00ec 16 giugno al Centro Giovani di Feltre. I ragazzi che sono stati coinvolti nelle Frazimpiadi, svoltesi il 24 maggio scorso in Valle di Lamen, per il coordinamento dei volontari in Servizio Civile, hanno organizzato un torneo di &#8220;Pelota Maya&#8221;, ispirato al gioco sviluppato dall&#8217;antica civilt\u00e0 precolombiana. Sar\u00e0 inoltre [&hellip;]\" \/>\n<meta property=\"og:url\" content=\"https:\/\/www.bellunopress.it\/fr\/2009\/07\/15\/giovedi-a-feltre-il-torneo-di-pelota-maya-e-un-ricco-programma-estivo-con-il-centro-giovani\/\" \/>\n<meta property=\"og:site_name\" content=\"Bellunopress - Dolomiti\" \/>\n<meta property=\"article:publisher\" content=\"https:\/\/www.facebook.com\/profile.php?id=100008943462799\" \/>\n<meta property=\"article:published_time\" content=\"2009-07-15T07:50:19+00:00\" \/>\n<meta property=\"og:image\" content=\"http:\/\/www.bellunopress.it\/wp-content\/uploads\/2012\/07\/logo-bellunopress-250x250-2012.jpg\" \/>\n<meta name=\"author\" content=\"redazione\" \/>\n<meta name=\"twitter:card\" content=\"summary_large_image\" \/>\n<meta name=\"twitter:creator\" content=\"@bellunopress\" \/>\n<meta name=\"twitter:site\" content=\"@bellunopress\" \/>\n<meta name=\"twitter:label1\" content=\"Written by\" \/>\n\t<meta name=\"twitter:data1\" content=\"redazione\" \/>\n\t<meta name=\"twitter:label2\" content=\"Est. reading time\" \/>\n\t<meta name=\"twitter:data2\" content=\"2 minutes\" \/>\n<script type=\"application\/ld+json\" class=\"yoast-schema-graph\">{\"@context\":\"https:\\\/\\\/schema.org\",\"@graph\":[{\"@type\":\"Article\",\"@id\":\"https:\\\/\\\/www.bellunopress.it\\\/2009\\\/07\\\/15\\\/giovedi-a-feltre-il-torneo-di-pelota-maya-e-un-ricco-programma-estivo-con-il-centro-giovani\\\/#article\",\"isPartOf\":{\"@id\":\"https:\\\/\\\/www.bellunopress.it\\\/2009\\\/07\\\/15\\\/giovedi-a-feltre-il-torneo-di-pelota-maya-e-un-ricco-programma-estivo-con-il-centro-giovani\\\/\"},\"author\":{\"name\":\"redazione\",\"@id\":\"https:\\\/\\\/www.bellunopress.it\\\/#\\\/schema\\\/person\\\/79bb06722b37ece1c03d3e94beb30d73\"},\"headline\":\"Gioved\u00ec a Feltre il torneo di Pelota Maya e un ricco programma estivo con il Centro Giovani\",\"datePublished\":\"2009-07-15T07:50:19+00:00\",\"mainEntityOfPage\":{\"@id\":\"https:\\\/\\\/www.bellunopress.it\\\/2009\\\/07\\\/15\\\/giovedi-a-feltre-il-torneo-di-pelota-maya-e-un-ricco-programma-estivo-con-il-centro-giovani\\\/\"},\"wordCount\":354,\"publisher\":{\"@id\":\"https:\\\/\\\/www.bellunopress.it\\\/#organization\"},\"keywords\":[\"Feltre\"],\"articleSection\":[\"Arte, Cultura, Spettacoli, Scienza\",\"Pausa Caff\u00e8\"],\"inLanguage\":\"fr-FR\"},{\"@type\":\"WebPage\",\"@id\":\"https:\\\/\\\/www.bellunopress.it\\\/2009\\\/07\\\/15\\\/giovedi-a-feltre-il-torneo-di-pelota-maya-e-un-ricco-programma-estivo-con-il-centro-giovani\\\/\",\"url\":\"https:\\\/\\\/www.bellunopress.it\\\/2009\\\/07\\\/15\\\/giovedi-a-feltre-il-torneo-di-pelota-maya-e-un-ricco-programma-estivo-con-il-centro-giovani\\\/\",\"name\":\"Gioved\u00ec a Feltre il torneo di Pelota Maya e un ricco programma estivo con il Centro Giovani - Bellunopress - Dolomiti\",\"isPartOf\":{\"@id\":\"https:\\\/\\\/www.bellunopress.it\\\/#website\"},\"datePublished\":\"2009-07-15T07:50:19+00:00\",\"breadcrumb\":{\"@id\":\"https:\\\/\\\/www.bellunopress.it\\\/2009\\\/07\\\/15\\\/giovedi-a-feltre-il-torneo-di-pelota-maya-e-un-ricco-programma-estivo-con-il-centro-giovani\\\/#breadcrumb\"},\"inLanguage\":\"fr-FR\",\"potentialAction\":[{\"@type\":\"ReadAction\",\"target\":[\"https:\\\/\\\/www.bellunopress.it\\\/2009\\\/07\\\/15\\\/giovedi-a-feltre-il-torneo-di-pelota-maya-e-un-ricco-programma-estivo-con-il-centro-giovani\\\/\"]}]},{\"@type\":\"BreadcrumbList\",\"@id\":\"https:\\\/\\\/www.bellunopress.it\\\/2009\\\/07\\\/15\\\/giovedi-a-feltre-il-torneo-di-pelota-maya-e-un-ricco-programma-estivo-con-il-centro-giovani\\\/#breadcrumb\",\"itemListElement\":[{\"@type\":\"ListItem\",\"position\":1,\"name\":\"Home\",\"item\":\"https:\\\/\\\/www.bellunopress.it\\\/\"},{\"@type\":\"ListItem\",\"position\":2,\"name\":\"Gioved\u00ec a Feltre il torneo di Pelota Maya e un ricco programma estivo con il Centro Giovani\"}]},{\"@type\":\"WebSite\",\"@id\":\"https:\\\/\\\/www.bellunopress.it\\\/#website\",\"url\":\"https:\\\/\\\/www.bellunopress.it\\\/\",\"name\":\"Bellunopress - Dolomiti\",\"description\":\"e-mail: redazione@bellunopress.it\",\"publisher\":{\"@id\":\"https:\\\/\\\/www.bellunopress.it\\\/#organization\"},\"potentialAction\":[{\"@type\":\"SearchAction\",\"target\":{\"@type\":\"EntryPoint\",\"urlTemplate\":\"https:\\\/\\\/www.bellunopress.it\\\/?s={search_term_string}\"},\"query-input\":{\"@type\":\"PropertyValueSpecification\",\"valueRequired\":true,\"valueName\":\"search_term_string\"}}],\"inLanguage\":\"fr-FR\"},{\"@type\":\"Organization\",\"@id\":\"https:\\\/\\\/www.bellunopress.it\\\/#organization\",\"name\":\"Bellunopress\",\"url\":\"https:\\\/\\\/www.bellunopress.it\\\/\",\"logo\":{\"@type\":\"ImageObject\",\"inLanguage\":\"fr-FR\",\"@id\":\"https:\\\/\\\/www.bellunopress.it\\\/#\\\/schema\\\/logo\\\/image\\\/\",\"url\":\"https:\\\/\\\/www.bellunopress.it\\\/wp-content\\\/uploads\\\/2011\\\/05\\\/cropped-logo-bellunopress-.jpg\",\"contentUrl\":\"https:\\\/\\\/www.bellunopress.it\\\/wp-content\\\/uploads\\\/2011\\\/05\\\/cropped-logo-bellunopress-.jpg\",\"width\":512,\"height\":512,\"caption\":\"Bellunopress\"},\"image\":{\"@id\":\"https:\\\/\\\/www.bellunopress.it\\\/#\\\/schema\\\/logo\\\/image\\\/\"},\"sameAs\":[\"https:\\\/\\\/www.facebook.com\\\/profile.php?id=100008943462799\",\"https:\\\/\\\/x.com\\\/bellunopress\",\"https:\\\/\\\/www.linkedin.com\\\/hp\\\/?dnr=JBzUWaJfMUw8vbXJJ2tVW5-I3jZKvC4wsoxE&amp;amp;amp;amp;amp;amp;trk=nav_responsive_tab_home\",\"https:\\\/\\\/www.youtube.com\\\/channel\\\/UCxL0wu1uN0_3_7hGG0306cw\"]},{\"@type\":\"Person\",\"@id\":\"https:\\\/\\\/www.bellunopress.it\\\/#\\\/schema\\\/person\\\/79bb06722b37ece1c03d3e94beb30d73\",\"name\":\"redazione\",\"image\":{\"@type\":\"ImageObject\",\"inLanguage\":\"fr-FR\",\"@id\":\"https:\\\/\\\/secure.gravatar.com\\\/avatar\\\/37d968a2e67a6fd04c169c4bdef102d0bc5d31b2546345219e348575eb80e9a0?s=96&d=mm&r=g\",\"url\":\"https:\\\/\\\/secure.gravatar.com\\\/avatar\\\/37d968a2e67a6fd04c169c4bdef102d0bc5d31b2546345219e348575eb80e9a0?s=96&d=mm&r=g\",\"contentUrl\":\"https:\\\/\\\/secure.gravatar.com\\\/avatar\\\/37d968a2e67a6fd04c169c4bdef102d0bc5d31b2546345219e348575eb80e9a0?s=96&d=mm&r=g\",\"caption\":\"redazione\"},\"sameAs\":[\"http:\\\/\\\/www.bellunopress.it\",\"https:\\\/\\\/x.com\\\/bellunopress\"],\"url\":\"https:\\\/\\\/www.bellunopress.it\\\/fr\\\/author\\\/redazione\\\/\"}]}<\/script>\n<!-- \/ Yoast SEO plugin. -->","yoast_head_json":{"title":"Gioved\u00ec a Feltre il torneo di Pelota Maya e un ricco programma estivo con il Centro Giovani  - Bellunopress - Dolomiti","robots":{"index":"index","follow":"follow","max-snippet":"max-snippet:-1","max-image-preview":"max-image-preview:large","max-video-preview":"max-video-preview:-1"},"canonical":"https:\/\/www.bellunopress.it\/fr\/2009\/07\/15\/giovedi-a-feltre-il-torneo-di-pelota-maya-e-un-ricco-programma-estivo-con-il-centro-giovani\/","og_locale":"fr_FR","og_type":"article","og_title":"Gioved\u00ec a Feltre il torneo di Pelota Maya e un ricco programma estivo con il Centro Giovani  - Bellunopress - Dolomiti","og_description":"Un pomeriggio insolito si profila per gioved\u00ec 16 giugno al Centro Giovani di Feltre. I ragazzi che sono stati coinvolti nelle Frazimpiadi, svoltesi il 24 maggio scorso in Valle di Lamen, per il coordinamento dei volontari in Servizio Civile, hanno organizzato un torneo di &#8220;Pelota Maya&#8221;, ispirato al gioco sviluppato dall&#8217;antica civilt\u00e0 precolombiana. Sar\u00e0 inoltre [&hellip;]","og_url":"https:\/\/www.bellunopress.it\/fr\/2009\/07\/15\/giovedi-a-feltre-il-torneo-di-pelota-maya-e-un-ricco-programma-estivo-con-il-centro-giovani\/","og_site_name":"Bellunopress - Dolomiti","article_publisher":"https:\/\/www.facebook.com\/profile.php?id=100008943462799","article_published_time":"2009-07-15T07:50:19+00:00","og_image":[{"url":"http:\/\/www.bellunopress.it\/wp-content\/uploads\/2012\/07\/logo-bellunopress-250x250-2012.jpg","type":"","width":"","height":""}],"author":"redazione","twitter_card":"summary_large_image","twitter_creator":"@bellunopress","twitter_site":"@bellunopress","twitter_misc":{"Written by":"redazione","Est. reading time":"2 minutes"},"schema":{"@context":"https:\/\/schema.org","@graph":[{"@type":"Article","@id":"https:\/\/www.bellunopress.it\/2009\/07\/15\/giovedi-a-feltre-il-torneo-di-pelota-maya-e-un-ricco-programma-estivo-con-il-centro-giovani\/#article","isPartOf":{"@id":"https:\/\/www.bellunopress.it\/2009\/07\/15\/giovedi-a-feltre-il-torneo-di-pelota-maya-e-un-ricco-programma-estivo-con-il-centro-giovani\/"},"author":{"name":"redazione","@id":"https:\/\/www.bellunopress.it\/#\/schema\/person\/79bb06722b37ece1c03d3e94beb30d73"},"headline":"Gioved\u00ec a Feltre il torneo di Pelota Maya e un ricco programma estivo con il Centro Giovani","datePublished":"2009-07-15T07:50:19+00:00","mainEntityOfPage":{"@id":"https:\/\/www.bellunopress.it\/2009\/07\/15\/giovedi-a-feltre-il-torneo-di-pelota-maya-e-un-ricco-programma-estivo-con-il-centro-giovani\/"},"wordCount":354,"publisher":{"@id":"https:\/\/www.bellunopress.it\/#organization"},"keywords":["Feltre"],"articleSection":["Arte, Cultura, Spettacoli, Scienza","Pausa Caff\u00e8"],"inLanguage":"fr-FR"},{"@type":"WebPage","@id":"https:\/\/www.bellunopress.it\/2009\/07\/15\/giovedi-a-feltre-il-torneo-di-pelota-maya-e-un-ricco-programma-estivo-con-il-centro-giovani\/","url":"https:\/\/www.bellunopress.it\/2009\/07\/15\/giovedi-a-feltre-il-torneo-di-pelota-maya-e-un-ricco-programma-estivo-con-il-centro-giovani\/","name":"Gioved\u00ec a Feltre il torneo di Pelota Maya e un ricco programma estivo con il Centro Giovani - Bellunopress - Dolomiti","isPartOf":{"@id":"https:\/\/www.bellunopress.it\/#website"},"datePublished":"2009-07-15T07:50:19+00:00","breadcrumb":{"@id":"https:\/\/www.bellunopress.it\/2009\/07\/15\/giovedi-a-feltre-il-torneo-di-pelota-maya-e-un-ricco-programma-estivo-con-il-centro-giovani\/#breadcrumb"},"inLanguage":"fr-FR","potentialAction":[{"@type":"ReadAction","target":["https:\/\/www.bellunopress.it\/2009\/07\/15\/giovedi-a-feltre-il-torneo-di-pelota-maya-e-un-ricco-programma-estivo-con-il-centro-giovani\/"]}]},{"@type":"BreadcrumbList","@id":"https:\/\/www.bellunopress.it\/2009\/07\/15\/giovedi-a-feltre-il-torneo-di-pelota-maya-e-un-ricco-programma-estivo-con-il-centro-giovani\/#breadcrumb","itemListElement":[{"@type":"ListItem","position":1,"name":"Home","item":"https:\/\/www.bellunopress.it\/"},{"@type":"ListItem","position":2,"name":"Gioved\u00ec a Feltre il torneo di Pelota Maya e un ricco programma estivo con il Centro Giovani"}]},{"@type":"WebSite","@id":"https:\/\/www.bellunopress.it\/#website","url":"https:\/\/www.bellunopress.it\/","name":"Bellunopress - Dolomiti","description":"e-mail: redazione@bellunopress.it","publisher":{"@id":"https:\/\/www.bellunopress.it\/#organization"},"potentialAction":[{"@type":"SearchAction","target":{"@type":"EntryPoint","urlTemplate":"https:\/\/www.bellunopress.it\/?s={search_term_string}"},"query-input":{"@type":"PropertyValueSpecification","valueRequired":true,"valueName":"search_term_string"}}],"inLanguage":"fr-FR"},{"@type":"Organization","@id":"https:\/\/www.bellunopress.it\/#organization","name":"Bellunopress","url":"https:\/\/www.bellunopress.it\/","logo":{"@type":"ImageObject","inLanguage":"fr-FR","@id":"https:\/\/www.bellunopress.it\/#\/schema\/logo\/image\/","url":"https:\/\/www.bellunopress.it\/wp-content\/uploads\/2011\/05\/cropped-logo-bellunopress-.jpg","contentUrl":"https:\/\/www.bellunopress.it\/wp-content\/uploads\/2011\/05\/cropped-logo-bellunopress-.jpg","width":512,"height":512,"caption":"Bellunopress"},"image":{"@id":"https:\/\/www.bellunopress.it\/#\/schema\/logo\/image\/"},"sameAs":["https:\/\/www.facebook.com\/profile.php?id=100008943462799","https:\/\/x.com\/bellunopress","https:\/\/www.linkedin.com\/hp\/?dnr=JBzUWaJfMUw8vbXJJ2tVW5-I3jZKvC4wsoxE&amp;amp;amp;amp;amp;amp;trk=nav_responsive_tab_home","https:\/\/www.youtube.com\/channel\/UCxL0wu1uN0_3_7hGG0306cw"]},{"@type":"Person","@id":"https:\/\/www.bellunopress.it\/#\/schema\/person\/79bb06722b37ece1c03d3e94beb30d73","name":"r\u00e9daction","image":{"@type":"ImageObject","inLanguage":"fr-FR","@id":"https:\/\/secure.gravatar.com\/avatar\/37d968a2e67a6fd04c169c4bdef102d0bc5d31b2546345219e348575eb80e9a0?s=96&d=mm&r=g","url":"https:\/\/secure.gravatar.com\/avatar\/37d968a2e67a6fd04c169c4bdef102d0bc5d31b2546345219e348575eb80e9a0?s=96&d=mm&r=g","contentUrl":"https:\/\/secure.gravatar.com\/avatar\/37d968a2e67a6fd04c169c4bdef102d0bc5d31b2546345219e348575eb80e9a0?s=96&d=mm&r=g","caption":"redazione"},"sameAs":["http:\/\/www.bellunopress.it","https:\/\/x.com\/bellunopress"],"url":"https:\/\/www.bellunopress.it\/fr\/author\/redazione\/"}]}},"_links":{"self":[{"href":"https:\/\/www.bellunopress.it\/fr\/wp-json\/wp\/v2\/posts\/5969","targetHints":{"allow":["GET"]}}],"collection":[{"href":"https:\/\/www.bellunopress.it\/fr\/wp-json\/wp\/v2\/posts"}],"about":[{"href":"https:\/\/www.bellunopress.it\/fr\/wp-json\/wp\/v2\/types\/post"}],"author":[{"embeddable":true,"href":"https:\/\/www.bellunopress.it\/fr\/wp-json\/wp\/v2\/users\/2"}],"replies":[{"embeddable":true,"href":"https:\/\/www.bellunopress.it\/fr\/wp-json\/wp\/v2\/comments?post=5969"}],"version-history":[{"count":1,"href":"https:\/\/www.bellunopress.it\/fr\/wp-json\/wp\/v2\/posts\/5969\/revisions"}],"predecessor-version":[{"id":5970,"href":"https:\/\/www.bellunopress.it\/fr\/wp-json\/wp\/v2\/posts\/5969\/revisions\/5970"}],"wp:attachment":[{"href":"https:\/\/www.bellunopress.it\/fr\/wp-json\/wp\/v2\/media?parent=5969"}],"wp:term":[{"taxonomy":"category","embeddable":true,"href":"https:\/\/www.bellunopress.it\/fr\/wp-json\/wp\/v2\/categories?post=5969"},{"taxonomy":"post_tag","embeddable":true,"href":"https:\/\/www.bellunopress.it\/fr\/wp-json\/wp\/v2\/tags?post=5969"}],"curies":[{"name":"wp","href":"https:\/\/api.w.org\/{rel}","templated":true}]}}