{"id":5961,"date":"2009-07-14T22:32:25","date_gmt":"2009-07-14T21:32:25","guid":{"rendered":"http:\/\/www.bellunopress.it\/?p=5961"},"modified":"2009-07-14T22:32:25","modified_gmt":"2009-07-14T21:32:25","slug":"prosegue-la-sottoscrizione-delle-azioni-della-nuova-banca-di-credito-cooperativo-di-belluno-e-feltre","status":"publish","type":"post","link":"https:\/\/www.bellunopress.it\/fr\/2009\/07\/14\/prosegue-la-sottoscrizione-delle-azioni-della-nuova-banca-di-credito-cooperativo-di-belluno-e-feltre\/","title":{"rendered":"Prosegue la sottoscrizione delle azioni della nuova Banca di credito cooperativo di Belluno e Feltre"},"content":{"rendered":"<figure id=\"attachment_5962\" aria-describedby=\"caption-attachment-5962\" style=\"width: 270px\" class=\"wp-caption alignleft\"><a href=\"http:\/\/www.bellunopress.it\/wp-content\/uploads\/2009\/07\/banca-credito-cooperativo-003.jpg\"><img loading=\"lazy\" decoding=\"async\" class=\"size-medium wp-image-5962\" title=\"banca-credito-cooperativo-003\" src=\"http:\/\/www.bellunopress.it\/wp-content\/uploads\/2009\/07\/banca-credito-cooperativo-003.jpg\" alt=\"Giorgio Azzalini, Elisa David, Alessandro Bampo \" width=\"270\" height=\"180\" \/><\/a><figcaption id=\"caption-attachment-5962\" class=\"wp-caption-text\">Giorgio Azzalini, Elisa David, Alessandro Bampo <\/figcaption><\/figure>\n<p>A tre mesi dall&#8217;apertura della sottoscrizione, sono circa trecento i bellunesi che vi hanno aderito. Con un minimo di 100 euro e un massimo di 50 mila euro a testa. Se entro il 26 aprile del 2010 la Banca di credito cooperativo di Belluno e Feltre avr\u00e0 raccolto 5 milioni di euro di prenotazioni, potr\u00e0 avviarsi alla fase due dell&#8217;apertura, con l&#8217;autorizzazione della Banca d&#8217;Italia. In caso contrario, nulla sar\u00e0 chiesto ai potenziali soci che hanno dato la loro fiducia prenotando le azioni. Se ne \u00e8 parlato questa sera (marted\u00ec 14 luglio) in Sala Gaio al Centro Giovanni 23mo di Belluno. Ad illustrare il progetto, dinanzi a una platea costituita prevalentemente da imprenditori bellunesi, c &#8216;era il presidente del Comitato promotore Giorgio Azzalini, che ha curato l&#8217;introduzione. Insieme a lui, come relatori, Elisa David, Alessandro Bampo e Matteo Merlin. \u00abPer statuto, il 95% dev&#8217;essere investito nel territorio dove opera la banca\u00bb\u00a0 ha spiegato Elisa David, quindi nei 18 Comuni della Valbelluna pi\u00f9 quelli limitrofi di Vittorio Veneto (Treviso) e Mezzano (Trento). \u00abil 70% degli utili serviranno a costituire la riserva legale &#8211; ha proseguito David &#8211; il 3% i fondi per la cooperazione e il 27% distribuita ai soci, o per altre riserve o altre destinazioni\u00bb. Una banca, insomma, a forte connotazione territoriale, costituita per rendere un servizio ai soci che vi aderiscono. Una ricetta che ha gi\u00e0 funzionato benissimo nel Trentino Alto-Adige dove sono presenti ben 99 sportelli di Banche di credito cooperativo, contro i 41 nel Veneto e i 16 nel Friuli Venezia Giulia. \u00abI 5 milioni di euro di capitale sociale che sar\u00e0 raccolto attraverso le sottoscrizioni rimarr\u00e0 a garanzia dei soci \u2013 ha spiegato Matteo Merlin \u2013 perch\u00e9 la banca operer\u00e0 attraverso una successiva raccolta secondo un piano industriale triennale dove si prevedono 2500 adesioni pari al 1,74% della popolazione dell&#8217;area di competenza, per un totale di 143.434 abitanti\u00bb. In chiusura, Alessandro Bampo ha sottolineato come in questo momento di recessione, siano prevalentemente le banche di credito cooperativo a concedere credito alle piccole e medie imprese, grazie alla loro oculata gestione. \u00abL&#8217;obiettivo, quindi, &#8211; ha spiegato Bampo &#8211; \u00e8 quello di far diventare clienti della banca i soci in un arco di tre anni. Cos\u00ec da mettere in circolazione la liquidit\u00e0 nel territorio bellunese\u00bb.\u00a0\u00a0\u00a0\u00a0\u00a0<br \/>\nInformazioni al sito <a href=\"http:\/\/www.bancabellunofeltre.it\">www.bancabellunofeltre.it<\/a><br \/>\nsede del Comitato Promotore in Belluno (BL), viale Fantuzzi n. 11\/a<br \/>\nTel. 0437 &#8211; 942517 o 0437 &#8211; 942516<br \/>\nFax 0437 &#8211; 943894<br \/>\nsede del Comitato Promotore in Feltre (BL), via Roma n. 10<br \/>\nTel. 0439 &#8211; 89672<br \/>\nFax 0439 &#8211; 849976<br \/>\ndal luned\u00ec al venerd\u00ec dalle ore 9.00 alle ore 12.00 e dalle ore 15.00 alle ore 18.00<\/p>","protected":false},"excerpt":{"rendered":"<p>A tre mesi dall&#8217;apertura della sottoscrizione, sono circa trecento i bellunesi che vi hanno aderito. Con un minimo di 100 euro e un massimo di 50 mila euro a testa. Se entro il 26 aprile del 2010 la Banca di credito cooperativo di Belluno e Feltre avr\u00e0 raccolto 5 milioni di euro di prenotazioni, potr\u00e0 [&hellip;]<\/p>\n","protected":false},"author":2,"featured_media":0,"comment_status":"closed","ping_status":"open","sticky":false,"template":"","format":"standard","meta":{"footnotes":""},"categories":[36],"tags":[139,302],"class_list":["post-5961","post","type-post","status-publish","format-standard","category-lavoro-economia","tag-belluno","tag-feltre"],"yoast_head":"<!-- This site is optimized with the Yoast SEO plugin v28.4 - https:\/\/yoast.com\/product\/yoast-seo-wordpress\/ -->\n<title>Prosegue la sottoscrizione delle azioni della nuova Banca di credito cooperativo di Belluno e Feltre  - Bellunopress - Dolomiti<\/title>\n<meta name=\"robots\" content=\"index, follow, max-snippet:-1, max-image-preview:large, max-video-preview:-1\" \/>\n<link rel=\"canonical\" href=\"https:\/\/www.bellunopress.it\/fr\/2009\/07\/14\/prosegue-la-sottoscrizione-delle-azioni-della-nuova-banca-di-credito-cooperativo-di-belluno-e-feltre\/\" \/>\n<meta property=\"og:locale\" content=\"fr_FR\" \/>\n<meta property=\"og:type\" content=\"article\" \/>\n<meta property=\"og:title\" content=\"Prosegue la sottoscrizione delle azioni della nuova Banca di credito cooperativo di Belluno e Feltre  - Bellunopress - Dolomiti\" \/>\n<meta property=\"og:description\" content=\"A tre mesi dall&#8217;apertura della sottoscrizione, sono circa trecento i bellunesi che vi hanno aderito. Con un minimo di 100 euro e un massimo di 50 mila euro a testa. Se entro il 26 aprile del 2010 la Banca di credito cooperativo di Belluno e Feltre avr\u00e0 raccolto 5 milioni di euro di prenotazioni, potr\u00e0 [&hellip;]\" \/>\n<meta property=\"og:url\" content=\"https:\/\/www.bellunopress.it\/fr\/2009\/07\/14\/prosegue-la-sottoscrizione-delle-azioni-della-nuova-banca-di-credito-cooperativo-di-belluno-e-feltre\/\" \/>\n<meta property=\"og:site_name\" content=\"Bellunopress - Dolomiti\" \/>\n<meta property=\"article:publisher\" content=\"https:\/\/www.facebook.com\/profile.php?id=100008943462799\" \/>\n<meta property=\"article:published_time\" content=\"2009-07-14T21:32:25+00:00\" \/>\n<meta property=\"og:image\" content=\"http:\/\/www.bellunopress.it\/wp-content\/uploads\/2009\/07\/banca-credito-cooperativo-003.jpg\" \/>\n<meta name=\"author\" content=\"redazione\" \/>\n<meta name=\"twitter:card\" content=\"summary_large_image\" \/>\n<meta name=\"twitter:creator\" content=\"@bellunopress\" \/>\n<meta name=\"twitter:site\" content=\"@bellunopress\" \/>\n<meta name=\"twitter:label1\" content=\"\u00c9crit par\" \/>\n\t<meta name=\"twitter:data1\" content=\"redazione\" \/>\n\t<meta name=\"twitter:label2\" content=\"Dur\u00e9e de lecture estim\u00e9e\" \/>\n\t<meta name=\"twitter:data2\" content=\"2 minutes\" \/>\n<script type=\"application\/ld+json\" class=\"yoast-schema-graph\">{\"@context\":\"https:\\\/\\\/schema.org\",\"@graph\":[{\"@type\":\"Article\",\"@id\":\"https:\\\/\\\/www.bellunopress.it\\\/2009\\\/07\\\/14\\\/prosegue-la-sottoscrizione-delle-azioni-della-nuova-banca-di-credito-cooperativo-di-belluno-e-feltre\\\/#article\",\"isPartOf\":{\"@id\":\"https:\\\/\\\/www.bellunopress.it\\\/2009\\\/07\\\/14\\\/prosegue-la-sottoscrizione-delle-azioni-della-nuova-banca-di-credito-cooperativo-di-belluno-e-feltre\\\/\"},\"author\":{\"name\":\"redazione\",\"@id\":\"https:\\\/\\\/www.bellunopress.it\\\/#\\\/schema\\\/person\\\/79bb06722b37ece1c03d3e94beb30d73\"},\"headline\":\"Prosegue la sottoscrizione delle azioni della nuova Banca di credito cooperativo di Belluno e Feltre\",\"datePublished\":\"2009-07-14T21:32:25+00:00\",\"mainEntityOfPage\":{\"@id\":\"https:\\\/\\\/www.bellunopress.it\\\/2009\\\/07\\\/14\\\/prosegue-la-sottoscrizione-delle-azioni-della-nuova-banca-di-credito-cooperativo-di-belluno-e-feltre\\\/\"},\"wordCount\":443,\"publisher\":{\"@id\":\"https:\\\/\\\/www.bellunopress.it\\\/#organization\"},\"image\":{\"@id\":\"https:\\\/\\\/www.bellunopress.it\\\/2009\\\/07\\\/14\\\/prosegue-la-sottoscrizione-delle-azioni-della-nuova-banca-di-credito-cooperativo-di-belluno-e-feltre\\\/#primaryimage\"},\"thumbnailUrl\":\"http:\\\/\\\/www.bellunopress.it\\\/wp-content\\\/uploads\\\/2009\\\/07\\\/banca-credito-cooperativo-003.jpg\",\"keywords\":[\"Belluno\",\"Feltre\"],\"articleSection\":[\"Lavoro, Economia, Turismo\"],\"inLanguage\":\"fr-FR\"},{\"@type\":\"WebPage\",\"@id\":\"https:\\\/\\\/www.bellunopress.it\\\/2009\\\/07\\\/14\\\/prosegue-la-sottoscrizione-delle-azioni-della-nuova-banca-di-credito-cooperativo-di-belluno-e-feltre\\\/\",\"url\":\"https:\\\/\\\/www.bellunopress.it\\\/2009\\\/07\\\/14\\\/prosegue-la-sottoscrizione-delle-azioni-della-nuova-banca-di-credito-cooperativo-di-belluno-e-feltre\\\/\",\"name\":\"Prosegue la sottoscrizione delle azioni della nuova Banca di credito cooperativo di Belluno e Feltre - Bellunopress - Dolomiti\",\"isPartOf\":{\"@id\":\"https:\\\/\\\/www.bellunopress.it\\\/#website\"},\"primaryImageOfPage\":{\"@id\":\"https:\\\/\\\/www.bellunopress.it\\\/2009\\\/07\\\/14\\\/prosegue-la-sottoscrizione-delle-azioni-della-nuova-banca-di-credito-cooperativo-di-belluno-e-feltre\\\/#primaryimage\"},\"image\":{\"@id\":\"https:\\\/\\\/www.bellunopress.it\\\/2009\\\/07\\\/14\\\/prosegue-la-sottoscrizione-delle-azioni-della-nuova-banca-di-credito-cooperativo-di-belluno-e-feltre\\\/#primaryimage\"},\"thumbnailUrl\":\"http:\\\/\\\/www.bellunopress.it\\\/wp-content\\\/uploads\\\/2009\\\/07\\\/banca-credito-cooperativo-003.jpg\",\"datePublished\":\"2009-07-14T21:32:25+00:00\",\"breadcrumb\":{\"@id\":\"https:\\\/\\\/www.bellunopress.it\\\/2009\\\/07\\\/14\\\/prosegue-la-sottoscrizione-delle-azioni-della-nuova-banca-di-credito-cooperativo-di-belluno-e-feltre\\\/#breadcrumb\"},\"inLanguage\":\"fr-FR\",\"potentialAction\":[{\"@type\":\"ReadAction\",\"target\":[\"https:\\\/\\\/www.bellunopress.it\\\/2009\\\/07\\\/14\\\/prosegue-la-sottoscrizione-delle-azioni-della-nuova-banca-di-credito-cooperativo-di-belluno-e-feltre\\\/\"]}]},{\"@type\":\"ImageObject\",\"inLanguage\":\"fr-FR\",\"@id\":\"https:\\\/\\\/www.bellunopress.it\\\/2009\\\/07\\\/14\\\/prosegue-la-sottoscrizione-delle-azioni-della-nuova-banca-di-credito-cooperativo-di-belluno-e-feltre\\\/#primaryimage\",\"url\":\"http:\\\/\\\/www.bellunopress.it\\\/wp-content\\\/uploads\\\/2009\\\/07\\\/banca-credito-cooperativo-003.jpg\",\"contentUrl\":\"http:\\\/\\\/www.bellunopress.it\\\/wp-content\\\/uploads\\\/2009\\\/07\\\/banca-credito-cooperativo-003.jpg\"},{\"@type\":\"BreadcrumbList\",\"@id\":\"https:\\\/\\\/www.bellunopress.it\\\/2009\\\/07\\\/14\\\/prosegue-la-sottoscrizione-delle-azioni-della-nuova-banca-di-credito-cooperativo-di-belluno-e-feltre\\\/#breadcrumb\",\"itemListElement\":[{\"@type\":\"ListItem\",\"position\":1,\"name\":\"Home\",\"item\":\"https:\\\/\\\/www.bellunopress.it\\\/\"},{\"@type\":\"ListItem\",\"position\":2,\"name\":\"Prosegue la sottoscrizione delle azioni della nuova Banca di credito cooperativo di Belluno e Feltre\"}]},{\"@type\":\"WebSite\",\"@id\":\"https:\\\/\\\/www.bellunopress.it\\\/#website\",\"url\":\"https:\\\/\\\/www.bellunopress.it\\\/\",\"name\":\"Bellunopress - Dolomiti\",\"description\":\"e-mail: redazione@bellunopress.it\",\"publisher\":{\"@id\":\"https:\\\/\\\/www.bellunopress.it\\\/#organization\"},\"potentialAction\":[{\"@type\":\"SearchAction\",\"target\":{\"@type\":\"EntryPoint\",\"urlTemplate\":\"https:\\\/\\\/www.bellunopress.it\\\/?s={search_term_string}\"},\"query-input\":{\"@type\":\"PropertyValueSpecification\",\"valueRequired\":true,\"valueName\":\"search_term_string\"}}],\"inLanguage\":\"fr-FR\"},{\"@type\":\"Organization\",\"@id\":\"https:\\\/\\\/www.bellunopress.it\\\/#organization\",\"name\":\"Bellunopress\",\"url\":\"https:\\\/\\\/www.bellunopress.it\\\/\",\"logo\":{\"@type\":\"ImageObject\",\"inLanguage\":\"fr-FR\",\"@id\":\"https:\\\/\\\/www.bellunopress.it\\\/#\\\/schema\\\/logo\\\/image\\\/\",\"url\":\"https:\\\/\\\/www.bellunopress.it\\\/wp-content\\\/uploads\\\/2011\\\/05\\\/cropped-logo-bellunopress-.jpg\",\"contentUrl\":\"https:\\\/\\\/www.bellunopress.it\\\/wp-content\\\/uploads\\\/2011\\\/05\\\/cropped-logo-bellunopress-.jpg\",\"width\":512,\"height\":512,\"caption\":\"Bellunopress\"},\"image\":{\"@id\":\"https:\\\/\\\/www.bellunopress.it\\\/#\\\/schema\\\/logo\\\/image\\\/\"},\"sameAs\":[\"https:\\\/\\\/www.facebook.com\\\/profile.php?id=100008943462799\",\"https:\\\/\\\/x.com\\\/bellunopress\",\"https:\\\/\\\/www.linkedin.com\\\/hp\\\/?dnr=JBzUWaJfMUw8vbXJJ2tVW5-I3jZKvC4wsoxE&amp;amp;amp;amp;amp;amp;trk=nav_responsive_tab_home\",\"https:\\\/\\\/www.youtube.com\\\/channel\\\/UCxL0wu1uN0_3_7hGG0306cw\"]},{\"@type\":\"Person\",\"@id\":\"https:\\\/\\\/www.bellunopress.it\\\/#\\\/schema\\\/person\\\/79bb06722b37ece1c03d3e94beb30d73\",\"name\":\"redazione\",\"image\":{\"@type\":\"ImageObject\",\"inLanguage\":\"fr-FR\",\"@id\":\"https:\\\/\\\/secure.gravatar.com\\\/avatar\\\/37d968a2e67a6fd04c169c4bdef102d0bc5d31b2546345219e348575eb80e9a0?s=96&d=mm&r=g\",\"url\":\"https:\\\/\\\/secure.gravatar.com\\\/avatar\\\/37d968a2e67a6fd04c169c4bdef102d0bc5d31b2546345219e348575eb80e9a0?s=96&d=mm&r=g\",\"contentUrl\":\"https:\\\/\\\/secure.gravatar.com\\\/avatar\\\/37d968a2e67a6fd04c169c4bdef102d0bc5d31b2546345219e348575eb80e9a0?s=96&d=mm&r=g\",\"caption\":\"redazione\"},\"sameAs\":[\"http:\\\/\\\/www.bellunopress.it\",\"https:\\\/\\\/x.com\\\/bellunopress\"],\"url\":\"https:\\\/\\\/www.bellunopress.it\\\/fr\\\/author\\\/redazione\\\/\"}]}<\/script>\n<!-- \/ Yoast SEO plugin. -->","yoast_head_json":{"title":"Prosegue la sottoscrizione delle azioni della nuova Banca di credito cooperativo di Belluno e Feltre  - Bellunopress - Dolomiti","robots":{"index":"index","follow":"follow","max-snippet":"max-snippet:-1","max-image-preview":"max-image-preview:large","max-video-preview":"max-video-preview:-1"},"canonical":"https:\/\/www.bellunopress.it\/fr\/2009\/07\/14\/prosegue-la-sottoscrizione-delle-azioni-della-nuova-banca-di-credito-cooperativo-di-belluno-e-feltre\/","og_locale":"fr_FR","og_type":"article","og_title":"Prosegue la sottoscrizione delle azioni della nuova Banca di credito cooperativo di Belluno e Feltre  - Bellunopress - Dolomiti","og_description":"A tre mesi dall&#8217;apertura della sottoscrizione, sono circa trecento i bellunesi che vi hanno aderito. Con un minimo di 100 euro e un massimo di 50 mila euro a testa. Se entro il 26 aprile del 2010 la Banca di credito cooperativo di Belluno e Feltre avr\u00e0 raccolto 5 milioni di euro di prenotazioni, potr\u00e0 [&hellip;]","og_url":"https:\/\/www.bellunopress.it\/fr\/2009\/07\/14\/prosegue-la-sottoscrizione-delle-azioni-della-nuova-banca-di-credito-cooperativo-di-belluno-e-feltre\/","og_site_name":"Bellunopress - Dolomiti","article_publisher":"https:\/\/www.facebook.com\/profile.php?id=100008943462799","article_published_time":"2009-07-14T21:32:25+00:00","og_image":[{"url":"http:\/\/www.bellunopress.it\/wp-content\/uploads\/2009\/07\/banca-credito-cooperativo-003.jpg","type":"","width":"","height":""}],"author":"redazione","twitter_card":"summary_large_image","twitter_creator":"@bellunopress","twitter_site":"@bellunopress","twitter_misc":{"\u00c9crit par":"redazione","Dur\u00e9e de lecture estim\u00e9e":"2 minutes"},"schema":{"@context":"https:\/\/schema.org","@graph":[{"@type":"Article","@id":"https:\/\/www.bellunopress.it\/2009\/07\/14\/prosegue-la-sottoscrizione-delle-azioni-della-nuova-banca-di-credito-cooperativo-di-belluno-e-feltre\/#article","isPartOf":{"@id":"https:\/\/www.bellunopress.it\/2009\/07\/14\/prosegue-la-sottoscrizione-delle-azioni-della-nuova-banca-di-credito-cooperativo-di-belluno-e-feltre\/"},"author":{"name":"redazione","@id":"https:\/\/www.bellunopress.it\/#\/schema\/person\/79bb06722b37ece1c03d3e94beb30d73"},"headline":"Prosegue la sottoscrizione delle azioni della nuova Banca di credito cooperativo di Belluno e Feltre","datePublished":"2009-07-14T21:32:25+00:00","mainEntityOfPage":{"@id":"https:\/\/www.bellunopress.it\/2009\/07\/14\/prosegue-la-sottoscrizione-delle-azioni-della-nuova-banca-di-credito-cooperativo-di-belluno-e-feltre\/"},"wordCount":443,"publisher":{"@id":"https:\/\/www.bellunopress.it\/#organization"},"image":{"@id":"https:\/\/www.bellunopress.it\/2009\/07\/14\/prosegue-la-sottoscrizione-delle-azioni-della-nuova-banca-di-credito-cooperativo-di-belluno-e-feltre\/#primaryimage"},"thumbnailUrl":"http:\/\/www.bellunopress.it\/wp-content\/uploads\/2009\/07\/banca-credito-cooperativo-003.jpg","keywords":["Belluno","Feltre"],"articleSection":["Lavoro, Economia, Turismo"],"inLanguage":"fr-FR"},{"@type":"WebPage","@id":"https:\/\/www.bellunopress.it\/2009\/07\/14\/prosegue-la-sottoscrizione-delle-azioni-della-nuova-banca-di-credito-cooperativo-di-belluno-e-feltre\/","url":"https:\/\/www.bellunopress.it\/2009\/07\/14\/prosegue-la-sottoscrizione-delle-azioni-della-nuova-banca-di-credito-cooperativo-di-belluno-e-feltre\/","name":"Prosegue la sottoscrizione delle azioni della nuova Banca di credito cooperativo di Belluno e Feltre - Bellunopress - Dolomiti","isPartOf":{"@id":"https:\/\/www.bellunopress.it\/#website"},"primaryImageOfPage":{"@id":"https:\/\/www.bellunopress.it\/2009\/07\/14\/prosegue-la-sottoscrizione-delle-azioni-della-nuova-banca-di-credito-cooperativo-di-belluno-e-feltre\/#primaryimage"},"image":{"@id":"https:\/\/www.bellunopress.it\/2009\/07\/14\/prosegue-la-sottoscrizione-delle-azioni-della-nuova-banca-di-credito-cooperativo-di-belluno-e-feltre\/#primaryimage"},"thumbnailUrl":"http:\/\/www.bellunopress.it\/wp-content\/uploads\/2009\/07\/banca-credito-cooperativo-003.jpg","datePublished":"2009-07-14T21:32:25+00:00","breadcrumb":{"@id":"https:\/\/www.bellunopress.it\/2009\/07\/14\/prosegue-la-sottoscrizione-delle-azioni-della-nuova-banca-di-credito-cooperativo-di-belluno-e-feltre\/#breadcrumb"},"inLanguage":"fr-FR","potentialAction":[{"@type":"ReadAction","target":["https:\/\/www.bellunopress.it\/2009\/07\/14\/prosegue-la-sottoscrizione-delle-azioni-della-nuova-banca-di-credito-cooperativo-di-belluno-e-feltre\/"]}]},{"@type":"ImageObject","inLanguage":"fr-FR","@id":"https:\/\/www.bellunopress.it\/2009\/07\/14\/prosegue-la-sottoscrizione-delle-azioni-della-nuova-banca-di-credito-cooperativo-di-belluno-e-feltre\/#primaryimage","url":"http:\/\/www.bellunopress.it\/wp-content\/uploads\/2009\/07\/banca-credito-cooperativo-003.jpg","contentUrl":"http:\/\/www.bellunopress.it\/wp-content\/uploads\/2009\/07\/banca-credito-cooperativo-003.jpg"},{"@type":"BreadcrumbList","@id":"https:\/\/www.bellunopress.it\/2009\/07\/14\/prosegue-la-sottoscrizione-delle-azioni-della-nuova-banca-di-credito-cooperativo-di-belluno-e-feltre\/#breadcrumb","itemListElement":[{"@type":"ListItem","position":1,"name":"Home","item":"https:\/\/www.bellunopress.it\/"},{"@type":"ListItem","position":2,"name":"Prosegue la sottoscrizione delle azioni della nuova Banca di credito cooperativo di Belluno e Feltre"}]},{"@type":"WebSite","@id":"https:\/\/www.bellunopress.it\/#website","url":"https:\/\/www.bellunopress.it\/","name":"Bellunopress - Dolomiti","description":"e-mail: redazione@bellunopress.it","publisher":{"@id":"https:\/\/www.bellunopress.it\/#organization"},"potentialAction":[{"@type":"SearchAction","target":{"@type":"EntryPoint","urlTemplate":"https:\/\/www.bellunopress.it\/?s={search_term_string}"},"query-input":{"@type":"PropertyValueSpecification","valueRequired":true,"valueName":"search_term_string"}}],"inLanguage":"fr-FR"},{"@type":"Organization","@id":"https:\/\/www.bellunopress.it\/#organization","name":"Bellunopress","url":"https:\/\/www.bellunopress.it\/","logo":{"@type":"ImageObject","inLanguage":"fr-FR","@id":"https:\/\/www.bellunopress.it\/#\/schema\/logo\/image\/","url":"https:\/\/www.bellunopress.it\/wp-content\/uploads\/2011\/05\/cropped-logo-bellunopress-.jpg","contentUrl":"https:\/\/www.bellunopress.it\/wp-content\/uploads\/2011\/05\/cropped-logo-bellunopress-.jpg","width":512,"height":512,"caption":"Bellunopress"},"image":{"@id":"https:\/\/www.bellunopress.it\/#\/schema\/logo\/image\/"},"sameAs":["https:\/\/www.facebook.com\/profile.php?id=100008943462799","https:\/\/x.com\/bellunopress","https:\/\/www.linkedin.com\/hp\/?dnr=JBzUWaJfMUw8vbXJJ2tVW5-I3jZKvC4wsoxE&amp;amp;amp;amp;amp;amp;trk=nav_responsive_tab_home","https:\/\/www.youtube.com\/channel\/UCxL0wu1uN0_3_7hGG0306cw"]},{"@type":"Person","@id":"https:\/\/www.bellunopress.it\/#\/schema\/person\/79bb06722b37ece1c03d3e94beb30d73","name":"r\u00e9daction","image":{"@type":"ImageObject","inLanguage":"fr-FR","@id":"https:\/\/secure.gravatar.com\/avatar\/37d968a2e67a6fd04c169c4bdef102d0bc5d31b2546345219e348575eb80e9a0?s=96&d=mm&r=g","url":"https:\/\/secure.gravatar.com\/avatar\/37d968a2e67a6fd04c169c4bdef102d0bc5d31b2546345219e348575eb80e9a0?s=96&d=mm&r=g","contentUrl":"https:\/\/secure.gravatar.com\/avatar\/37d968a2e67a6fd04c169c4bdef102d0bc5d31b2546345219e348575eb80e9a0?s=96&d=mm&r=g","caption":"redazione"},"sameAs":["http:\/\/www.bellunopress.it","https:\/\/x.com\/bellunopress"],"url":"https:\/\/www.bellunopress.it\/fr\/author\/redazione\/"}]}},"_links":{"self":[{"href":"https:\/\/www.bellunopress.it\/fr\/wp-json\/wp\/v2\/posts\/5961","targetHints":{"allow":["GET"]}}],"collection":[{"href":"https:\/\/www.bellunopress.it\/fr\/wp-json\/wp\/v2\/posts"}],"about":[{"href":"https:\/\/www.bellunopress.it\/fr\/wp-json\/wp\/v2\/types\/post"}],"author":[{"embeddable":true,"href":"https:\/\/www.bellunopress.it\/fr\/wp-json\/wp\/v2\/users\/2"}],"replies":[{"embeddable":true,"href":"https:\/\/www.bellunopress.it\/fr\/wp-json\/wp\/v2\/comments?post=5961"}],"version-history":[{"count":1,"href":"https:\/\/www.bellunopress.it\/fr\/wp-json\/wp\/v2\/posts\/5961\/revisions"}],"predecessor-version":[{"id":5963,"href":"https:\/\/www.bellunopress.it\/fr\/wp-json\/wp\/v2\/posts\/5961\/revisions\/5963"}],"wp:attachment":[{"href":"https:\/\/www.bellunopress.it\/fr\/wp-json\/wp\/v2\/media?parent=5961"}],"wp:term":[{"taxonomy":"category","embeddable":true,"href":"https:\/\/www.bellunopress.it\/fr\/wp-json\/wp\/v2\/categories?post=5961"},{"taxonomy":"post_tag","embeddable":true,"href":"https:\/\/www.bellunopress.it\/fr\/wp-json\/wp\/v2\/tags?post=5961"}],"curies":[{"name":"wp","href":"https:\/\/api.w.org\/{rel}","templated":true}]}}