{"id":5954,"date":"2009-07-14T17:02:19","date_gmt":"2009-07-14T16:02:19","guid":{"rendered":"http:\/\/www.bellunopress.it\/?p=5954"},"modified":"2009-07-14T17:02:19","modified_gmt":"2009-07-14T16:02:19","slug":"in-collaborazione-con-lufficio-informagiovani-del-comune-di-belluno-segnaliamo-tutte-le-ultime-opportunita-di-lavoro-nel-settore-del-pubblico-impiego","status":"publish","type":"post","link":"https:\/\/www.bellunopress.it\/fr\/2009\/07\/14\/in-collaborazione-con-lufficio-informagiovani-del-comune-di-belluno-segnaliamo-tutte-le-ultime-opportunita-di-lavoro-nel-settore-del-pubblico-impiego\/","title":{"rendered":"In collaborazione con l&#8217;ufficio InformaGiovani del Comune di Belluno, segnaliamo tutte le ultime opportunit\u00e0 di lavoro nel settore del pubblico impiego"},"content":{"rendered":"<p>Il Comune di Belluno ha istituito uno stage retribuito a collaborare con lo staff che cura la rassegna culturale Oltre le Vette. Il tirocinante collaborer\u00e0 a tutte le attivit\u00e0 della rassegna: contatti con partner, fornitori e ospiti, predisposizione di documenti e materiale, allestimento mostre, gestione abbonamenti, organizzazione degli eventi, accoglienza ospiti, assistenza durante lo svolgimento della manifestazione.<br \/>\nIl periodo previsto \u00e8 dal 27 luglio al 27 ottobre 2009, con una retribuzione di 250 euro al mese per i diplomati e di 400 euro al mese per i laureati, pi\u00f9 la possibilit\u00e0 di usufruire di buoni pasto. Sono richiesti i seguenti requisiti: buona conoscenza di Word ed Excel; dimestichezza con Internet e posta elettronica. L\u2019utilizzo di editor di pagine web costituir\u00e0 titolo preferenziale. Il candidato ideale possiede spirito di iniziativa e doti comunicative. Sono gradite competenze di grafica. L&#8217;offerta \u00e8 rivolta a studenti universitari o laureati, oppure a diplomati.\u00a0 Inviate un curriculum con l\u2019autorizzazione al trattamento dei dati personali all\u2019indirizzo <a href=\"mailto:formazione@comune.belluno.it\">formazione@comune.belluno.it<\/a>, preferibilmente entro sabato 18 luglio 2009, all\u2019attenzione della dott.ssa Roberta Olivotto, citando obbligatoriamente il riferimento: Stage OLV. Per informazioni: tel. 0437 913283.<br \/>\nLa Questura di Belluno segnala che per campioni di nuoto, sci di fondo, pattinaggio di figura, vela, judo, karate, atletica leggera e tanti altri atleti, riconosciuti di interesse nazionale dal Coni e dalle Federazioni sportive nazionali, c&#8217;\u00e8 l&#8217;opportunit\u00e0 di entrare a far parte del Gruppo sportivo della Polizia di Stato. \u00c8 stato indetto, infatti, un concorso pubblico, per titoli, che prevede l&#8217;assunzione di 50 atleti da assegnare a vari settori delle Fiamme oro. Il concorso \u00e8 aperto agli sportivi con un et\u00e0 non superiore ai 30 anni che possiedono i titoli e i requisiti psico-fisici richiesti e specificati nel bando. Le domande devono essere redatte, compilando l&#8217;allegato 1 e 2 del bando, e presentate entro il 10 agosto alla Questura della provincia di residenza.<\/p>\n<p>CONCORSI IN PROVINCIA DI BELLUNO<\/p>\n<p>ULSS N. 1 \u2013 BELLUNO<br \/>\nAvviso pubblico, per titoli e colloquio, per l&#8217;assunzione, a tempo determinato, di n. 2 Collaboratori professionali sanitari \u2013 Educatori professionali.<br \/>\nRequisiti: laurea triennale in educazione professionale (classe SNT\/2) o diploma universitario di educatore professionale di cui al D.M. 520\/1998 o altro titolo equipollente ai sensi del D.M. 27.7.2000.<br \/>\nScadenza: ore 12 del 16 luglio 2009.<\/p>\n<p>ULSS N. 2 \u2013 FELTRE<br \/>\nAvviso di procedura comparativa per il conferimento di n. 1 incarico di natura libero professionale per prestazioni di psicologo \u2013 psicoterapeuta per l&#8217;et\u00e0 evolutiva.<br \/>\nL\u2019attivit\u00e0, oggetto dell\u2019incarico da conferire, si rende necessaria per espletare prestazioni di psicologia e psicoterapia per l&#8217;et\u00e0 evolutiva con riferimento al territorio afferente ai Comuni di Mel, Trichiana e Lentiai, al fine di ridurre le attuali liste di attesa.<br \/>\nRequisiti:<br \/>\nlaurea in Psicologia<br \/>\nspecializzazione in\u00a0 Psicoterapia<br \/>\niscrizione all\u2019albo degli psicologi<br \/>\npossesso di comprovata esperienza\/formazione in ambito di attivit\u00e0 di psicologia dell&#8217;et\u00e0 evolutiva.<br \/>\nScadenza: ore 13 del 17 luglio 2009.<\/p>\n<p>COMUNE DI LAMON<br \/>\nAvviso per il conferimento dell&#8217;incarico di Istruttore Direttivo Tecnico \u2013 categoria D, posizione economica D1 \u2013 con contratto di lavoro di diritto pubblico, a tempo determinato, per un anno, rinnovabile fino e non oltre il mandato del Sindaco.<br \/>\nRequisiti:<br \/>\nlaurea specialistica nelle classi di seguito riportate o corrispondente diploma di laurea rilasciato in base al precedente ordinamento didattico:<br \/>\nClasse 4\/S: lauree specialistiche in Architettura e Ingegneria Edile<br \/>\nClasse 28\/S: lauree specialistiche in Ingegneria Civile<br \/>\nClasse54\/S: lauree specialistiche in Pianificazione Territoriale Urbanistica e Ambientale<br \/>\n\u00a0\u00a0\u00a0 laurea (laurea triennale) nelle classi di seguito riportate:<br \/>\nClasse 4: lauree in Scienze dell&#8217;Architettura e dell&#8217;Ingegneria Edile<br \/>\nClasse 7: lauree in Urbanistica e Scienze della Pianificazione Territoriale e Ambientale<br \/>\nClasse 8: lauree in Ingegneria Civile e Ambientale<br \/>\npatente di guida di tipo B.<br \/>\nScadenza: ore 13 del 17 luglio 2009.<\/p>\n<p>COMUNE DI PUOS D&#8217;ALPAGO<br \/>\nConcorso pubblico per esami per la copertura di n. 1\u00a0 posto a tempo indeterminato &#8211; part-time 18 ore settimanali di n. 1 Istruttore Direttivo Tecnico &#8211; Categoria D \u2013 Posizione economica D1 \u2013 Area Tecnica Lavori Pubblici.<br \/>\nRequisiti:<br \/>\ntitolo di studio: diplomi di laurea in una nelle seguenti classi di laurea:<br \/>\n\u00a0\u00a0\u00a0 laurea specialistica:<br \/>\nClasse LS4: lauree specialistiche in architettura e ingegneria edile<br \/>\nClasse LS28: lauree specialistiche in ingegneria civile<br \/>\nClasse LS38 lauree specialistiche in ingegneria per l\u2019ambiente e per il territorio<br \/>\n\u00a0\u00a0\u00a0 laurea magistrale:<br \/>\nClasse LM4: lauree magistrali in architettura e ingegneria edile-architettura<br \/>\nClasse LM23: lauree magistrali in ingegneria civile<br \/>\nClasse LM24: lauree magistrali in ingegneria dei sistemi edilizi<br \/>\nClasse LM35 lauree magistrali in ingegneria per l\u2019ambiente e il territorio<br \/>\n\u00a0\u00a0\u00a0 diploma di laurea del vecchio ordinamento:<br \/>\nArchitettura<br \/>\nIngegneria civile<br \/>\nIngegneria edile<br \/>\nIngegneria per l\u2019ambiente e il territorio<br \/>\npatente di guida di tipo B.<br \/>\nScadenza: 20 luglio 2009.<\/p>\n<p>AZIENDA FELTRINA PER I SERVIZI ALLA PERSONA<br \/>\nSelezione per la ricerca del profilo di Istruttore Direttivo \u2013 Fisioterapista Coordinatore, categoria D, posizione economica D1, da destinare ai Centri Servizi affidati alla gestione dell&#8217;Azienda Feltrina (Feltre, Cesiomaggiore e Lentiai).<br \/>\nRequisiti: diploma di terapista della riabilitazione conseguito dopo il diploma di scuola media superiore o corso di laurea di primo livello per fisioterapisti.<br \/>\nScadenza: ore 12 del 30 luglio 2009.<\/p>\n<p>AMMINISTRAZIONE PROVINCIALE DI BELLUNO<br \/>\nBando per l&#8217;ammissione all&#8217;esame di abilitazione e di estensione linguistica alla professione di accompagnatore turistico per l&#8217;anno 2009.<br \/>\nRequisiti: diploma di stato (nuovo ordinamento) o diploma di istituto di istruzione secondaria di secondo grado che consenta l\u2019accesso all&#8217;Universit\u00e0 (vecchio ordinamento), rilasciato da istituto statale o legalmente riconosciuto o parificato; conoscenza di almeno una lingua straniera. Ai soli fini dell\u2019estensione linguistica dell\u2019abilitazione ad accompagnatore turistico: iscrizione in un elenco provinciale degli accompagnatori turistici.<br \/>\nScadenza: ore 17 del 26 agosto 2009.<\/p>\n<p>Dalla Regione:<br \/>\nBollettino Ufficiale N. 56 del 10\/07\/2009 &#8211; Concorsi<br \/>\nAGENZIA REGIONALE PER LA PREVENZIONE E PROTEZIONE AMBIENTALE DEL VENETO (ARPAV), PADOVA<br \/>\nConcorso pubblico, per titoli ed esami, per n. 1 posto di Dirigente Ingegnere ad indirizzo civile (Ruolo professionale &#8211; Profilo professionale: Ingegnere)<\/p>\n<p>AGENZIA REGIONALE SOCIO SANITARIA (A.R.S.S.), VENEZIA<br \/>\nAvviso per l&#8217;iscrizione al &#8220;corso per facilitatori e valutatori per l&#8217;accreditamento istituzionale in ambito sanitario&#8221; previa selezione pubblica mediante scheda curriculare e scheda attitudinale.<\/p>\n<p>AZIENDA OSPEDALIERA DI PADOVA, PADOVA<br \/>\nAvviso pubblico n. 1 posto dirigente medico disciplina chirurgia generale<\/p>\n<p>COMUNE DI CAMPIGLIA DEI BERICI<br \/>\nConcorso pubblico per titoli ed esami per la copertura di un posto di &#8220;collaboratore professionale&#8221; autista di scuolabus &#8211; messo comunale e manutentore &#8211; cat. B3 &#8211; area tecnica &#8211; a tempo pieno e indeterminato<\/p>\n<p>COMUNE DI MEOLO<br \/>\nConcorso pubblico per titoli ed esami per la copertura di n. 1 posto di istruttore direttivo contabile &#8211; cat. d &#8211; a tempo pieno ed indeterminato per il settore economico finanziario &#8211; riapertura termini.<\/p>\n<p>COMUNE DI SOLAGNA<br \/>\nConcorso pubblico per soli esami per l&#8217;assunzione a tempo indeterminato e part-time di un &#8220;istruttore amministrativo&#8221;, posizione economica c1 addetto ai servizi demografici.<\/p>\n<p>ULSS N.04 &#8211; THIENE (VI)<br \/>\nAvviso pubblico per il conferimento di posti di collaboratore professionale sanitario (tecnico sanitario di laboratorio biomedico).<\/p>\n<p>ULSS N. 07 &#8211; PIEVE DI SOLIGO (TV)<br \/>\nBando concorso pubblico, per titoli ed esami, per n. 1 posto di dirigente medico di otorinolaringoiatria.<\/p>\n<p>ULSS N.08 &#8211; ASOLO (TV)<br \/>\nConcorso pubblico, per titoli ed esami, a n\u00b0 1 posto di dirigente analista esperto in informatica.<\/p>\n<p>ULSS N.10 &#8211; SAN DONA DI PIAVE (VE)<br \/>\nDirigente Medico Direttore Struttura Complessa Unit\u00e0 Operativa CARDIOLOGIA Presidio Ospedaliero di Portogruaro Area medica e delle specialit\u00e0 mediche.<\/p>\n<p>ULSS N.15 &#8211; CITTADELLA (PD)<br \/>\nConcorso pubblico, per titoli ed esami, per l&#8217;assunzione a tempo indeterminato di un Collaboratore Professionale Sanitario &#8211; Infermiere &#8211; Cat. D.<\/p>\n<p>ULSS N.15 &#8211; CITTADELLA (PD)<br \/>\nConcorso pubblico, per titoli ed esami, per l&#8217;assunzione a tempo indeterminato di un Dirigente Medico nella disciplina di Chirurgia Generale.<\/p>\n<p>ULSS N.15 &#8211; CITTADELLA (PD)<br \/>\nConcorso pubblico, per titoli ed esami, per l&#8217;assunzione a tempo indeterminato di un dirigente medico nella disciplina di medicina e chirurgia d&#8217;accettazione e d&#8217;urgenza.<\/p>\n<p>ULSS N.17 &#8211; ESTE (PD)<br \/>\nAvviso pubblico, per titoli e colloquio, per programmatore &#8211; ruolo: tecnico &#8211; categoria: C.<\/p>\n<p>ULSS N.17 &#8211; ESTE (PD)<br \/>\nAvviso pubblico, per titoli e colloquio, per assistente tecnico &#8211; perito industriale elettrotecnico &#8211; ruolo: tecnico &#8211; categoria: C.<\/p>\n<p>ULSS N.20 &#8211; VERONA<br \/>\nAvviso per l&#8217;attribuzione di un incarico di dirigente medico &#8211; disciplina di geriatria, direttore dell&#8217;U.O.C. Geriatria.<\/p>\n<p>ULSS N.20 &#8211; VERONA<br \/>\nAvviso pubblico per per l&#8217;assunzione a tempo determinato di n. 1 collaboratore professionale sanitario &#8211; dietista, cat. D.<\/p>\n<p>UNIONE DEI COMUNI CASSOLA MUSSOLENTE, SAN ZENO DI CASSOLA (VICENZA)<br \/>\nConcorso pubblico per soli esami per la copertura di n. 1 posto di istruttore direttivo assistente sociale &#8211; area affari generali &#8211; categoria d &#8211; posizione economica 1&#8242; &#8211; tempo pieno ed indeterminato.<\/p>","protected":false},"excerpt":{"rendered":"<p>Il Comune di Belluno ha istituito uno stage retribuito a collaborare con lo staff che cura la rassegna culturale Oltre le Vette. Il tirocinante collaborer\u00e0 a tutte le attivit\u00e0 della rassegna: contatti con partner, fornitori e ospiti, predisposizione di documenti e materiale, allestimento mostre, gestione abbonamenti, organizzazione degli eventi, accoglienza ospiti, assistenza durante lo svolgimento [&hellip;]<\/p>\n","protected":false},"author":2,"featured_media":0,"comment_status":"closed","ping_status":"open","sticky":false,"template":"","format":"standard","meta":{"footnotes":""},"categories":[36,26],"tags":[139,302],"class_list":["post-5954","post","type-post","status-publish","format-standard","category-lavoro-economia","category-prima-pagina","tag-belluno","tag-feltre"],"yoast_head":"<!-- This site is optimized with the Yoast SEO plugin v28.4 - https:\/\/yoast.com\/product\/yoast-seo-wordpress\/ -->\n<title>In collaborazione con l&#039;ufficio InformaGiovani del Comune di Belluno, segnaliamo tutte le ultime opportunit\u00e0 di lavoro nel settore del pubblico impiego - Bellunopress - Dolomiti<\/title>\n<meta name=\"robots\" content=\"index, follow, max-snippet:-1, max-image-preview:large, max-video-preview:-1\" \/>\n<link rel=\"canonical\" href=\"https:\/\/www.bellunopress.it\/fr\/2009\/07\/14\/in-collaborazione-con-lufficio-informagiovani-del-comune-di-belluno-segnaliamo-tutte-le-ultime-opportunita-di-lavoro-nel-settore-del-pubblico-impiego\/\" \/>\n<meta property=\"og:locale\" content=\"fr_FR\" \/>\n<meta property=\"og:type\" content=\"article\" \/>\n<meta property=\"og:title\" content=\"In collaborazione con l&#039;ufficio InformaGiovani del Comune di Belluno, segnaliamo tutte le ultime opportunit\u00e0 di lavoro nel settore del pubblico impiego - Bellunopress - Dolomiti\" \/>\n<meta property=\"og:description\" content=\"Il Comune di Belluno ha istituito uno stage retribuito a collaborare con lo staff che cura la rassegna culturale Oltre le Vette. Il tirocinante collaborer\u00e0 a tutte le attivit\u00e0 della rassegna: contatti con partner, fornitori e ospiti, predisposizione di documenti e materiale, allestimento mostre, gestione abbonamenti, organizzazione degli eventi, accoglienza ospiti, assistenza durante lo svolgimento [&hellip;]\" \/>\n<meta property=\"og:url\" content=\"https:\/\/www.bellunopress.it\/fr\/2009\/07\/14\/in-collaborazione-con-lufficio-informagiovani-del-comune-di-belluno-segnaliamo-tutte-le-ultime-opportunita-di-lavoro-nel-settore-del-pubblico-impiego\/\" \/>\n<meta property=\"og:site_name\" content=\"Bellunopress - Dolomiti\" \/>\n<meta property=\"article:publisher\" content=\"https:\/\/www.facebook.com\/profile.php?id=100008943462799\" \/>\n<meta property=\"article:published_time\" content=\"2009-07-14T16:02:19+00:00\" \/>\n<meta property=\"og:image\" content=\"http:\/\/www.bellunopress.it\/wp-content\/uploads\/2012\/07\/logo-bellunopress-250x250-2012.jpg\" \/>\n<meta name=\"author\" content=\"redazione\" \/>\n<meta name=\"twitter:card\" content=\"summary_large_image\" \/>\n<meta name=\"twitter:creator\" content=\"@bellunopress\" \/>\n<meta name=\"twitter:site\" content=\"@bellunopress\" \/>\n<meta name=\"twitter:label1\" content=\"\u00c9crit par\" \/>\n\t<meta name=\"twitter:data1\" content=\"redazione\" \/>\n\t<meta name=\"twitter:label2\" content=\"Dur\u00e9e de lecture estim\u00e9e\" \/>\n\t<meta name=\"twitter:data2\" content=\"7 minutes\" \/>\n<script type=\"application\/ld+json\" class=\"yoast-schema-graph\">{\"@context\":\"https:\\\/\\\/schema.org\",\"@graph\":[{\"@type\":\"Article\",\"@id\":\"https:\\\/\\\/www.bellunopress.it\\\/2009\\\/07\\\/14\\\/in-collaborazione-con-lufficio-informagiovani-del-comune-di-belluno-segnaliamo-tutte-le-ultime-opportunita-di-lavoro-nel-settore-del-pubblico-impiego\\\/#article\",\"isPartOf\":{\"@id\":\"https:\\\/\\\/www.bellunopress.it\\\/2009\\\/07\\\/14\\\/in-collaborazione-con-lufficio-informagiovani-del-comune-di-belluno-segnaliamo-tutte-le-ultime-opportunita-di-lavoro-nel-settore-del-pubblico-impiego\\\/\"},\"author\":{\"name\":\"redazione\",\"@id\":\"https:\\\/\\\/www.bellunopress.it\\\/#\\\/schema\\\/person\\\/79bb06722b37ece1c03d3e94beb30d73\"},\"headline\":\"In collaborazione con l&#8217;ufficio InformaGiovani del Comune di Belluno, segnaliamo tutte le ultime opportunit\u00e0 di lavoro nel settore del pubblico impiego\",\"datePublished\":\"2009-07-14T16:02:19+00:00\",\"mainEntityOfPage\":{\"@id\":\"https:\\\/\\\/www.bellunopress.it\\\/2009\\\/07\\\/14\\\/in-collaborazione-con-lufficio-informagiovani-del-comune-di-belluno-segnaliamo-tutte-le-ultime-opportunita-di-lavoro-nel-settore-del-pubblico-impiego\\\/\"},\"wordCount\":1406,\"publisher\":{\"@id\":\"https:\\\/\\\/www.bellunopress.it\\\/#organization\"},\"keywords\":[\"Belluno\",\"Feltre\"],\"articleSection\":[\"Lavoro, Economia, Turismo\",\"Prima Pagina\"],\"inLanguage\":\"fr-FR\"},{\"@type\":\"WebPage\",\"@id\":\"https:\\\/\\\/www.bellunopress.it\\\/2009\\\/07\\\/14\\\/in-collaborazione-con-lufficio-informagiovani-del-comune-di-belluno-segnaliamo-tutte-le-ultime-opportunita-di-lavoro-nel-settore-del-pubblico-impiego\\\/\",\"url\":\"https:\\\/\\\/www.bellunopress.it\\\/2009\\\/07\\\/14\\\/in-collaborazione-con-lufficio-informagiovani-del-comune-di-belluno-segnaliamo-tutte-le-ultime-opportunita-di-lavoro-nel-settore-del-pubblico-impiego\\\/\",\"name\":\"In collaborazione con l'ufficio InformaGiovani del Comune di Belluno, segnaliamo tutte le ultime opportunit\u00e0 di lavoro nel settore del pubblico impiego - Bellunopress - Dolomiti\",\"isPartOf\":{\"@id\":\"https:\\\/\\\/www.bellunopress.it\\\/#website\"},\"datePublished\":\"2009-07-14T16:02:19+00:00\",\"breadcrumb\":{\"@id\":\"https:\\\/\\\/www.bellunopress.it\\\/2009\\\/07\\\/14\\\/in-collaborazione-con-lufficio-informagiovani-del-comune-di-belluno-segnaliamo-tutte-le-ultime-opportunita-di-lavoro-nel-settore-del-pubblico-impiego\\\/#breadcrumb\"},\"inLanguage\":\"fr-FR\",\"potentialAction\":[{\"@type\":\"ReadAction\",\"target\":[\"https:\\\/\\\/www.bellunopress.it\\\/2009\\\/07\\\/14\\\/in-collaborazione-con-lufficio-informagiovani-del-comune-di-belluno-segnaliamo-tutte-le-ultime-opportunita-di-lavoro-nel-settore-del-pubblico-impiego\\\/\"]}]},{\"@type\":\"BreadcrumbList\",\"@id\":\"https:\\\/\\\/www.bellunopress.it\\\/2009\\\/07\\\/14\\\/in-collaborazione-con-lufficio-informagiovani-del-comune-di-belluno-segnaliamo-tutte-le-ultime-opportunita-di-lavoro-nel-settore-del-pubblico-impiego\\\/#breadcrumb\",\"itemListElement\":[{\"@type\":\"ListItem\",\"position\":1,\"name\":\"Home\",\"item\":\"https:\\\/\\\/www.bellunopress.it\\\/\"},{\"@type\":\"ListItem\",\"position\":2,\"name\":\"In collaborazione con l&#8217;ufficio InformaGiovani del Comune di Belluno, segnaliamo tutte le ultime opportunit\u00e0 di lavoro nel settore del pubblico impiego\"}]},{\"@type\":\"WebSite\",\"@id\":\"https:\\\/\\\/www.bellunopress.it\\\/#website\",\"url\":\"https:\\\/\\\/www.bellunopress.it\\\/\",\"name\":\"Bellunopress - Dolomiti\",\"description\":\"e-mail: redazione@bellunopress.it\",\"publisher\":{\"@id\":\"https:\\\/\\\/www.bellunopress.it\\\/#organization\"},\"potentialAction\":[{\"@type\":\"SearchAction\",\"target\":{\"@type\":\"EntryPoint\",\"urlTemplate\":\"https:\\\/\\\/www.bellunopress.it\\\/?s={search_term_string}\"},\"query-input\":{\"@type\":\"PropertyValueSpecification\",\"valueRequired\":true,\"valueName\":\"search_term_string\"}}],\"inLanguage\":\"fr-FR\"},{\"@type\":\"Organization\",\"@id\":\"https:\\\/\\\/www.bellunopress.it\\\/#organization\",\"name\":\"Bellunopress\",\"url\":\"https:\\\/\\\/www.bellunopress.it\\\/\",\"logo\":{\"@type\":\"ImageObject\",\"inLanguage\":\"fr-FR\",\"@id\":\"https:\\\/\\\/www.bellunopress.it\\\/#\\\/schema\\\/logo\\\/image\\\/\",\"url\":\"https:\\\/\\\/www.bellunopress.it\\\/wp-content\\\/uploads\\\/2011\\\/05\\\/cropped-logo-bellunopress-.jpg\",\"contentUrl\":\"https:\\\/\\\/www.bellunopress.it\\\/wp-content\\\/uploads\\\/2011\\\/05\\\/cropped-logo-bellunopress-.jpg\",\"width\":512,\"height\":512,\"caption\":\"Bellunopress\"},\"image\":{\"@id\":\"https:\\\/\\\/www.bellunopress.it\\\/#\\\/schema\\\/logo\\\/image\\\/\"},\"sameAs\":[\"https:\\\/\\\/www.facebook.com\\\/profile.php?id=100008943462799\",\"https:\\\/\\\/x.com\\\/bellunopress\",\"https:\\\/\\\/www.linkedin.com\\\/hp\\\/?dnr=JBzUWaJfMUw8vbXJJ2tVW5-I3jZKvC4wsoxE&amp;amp;amp;amp;amp;amp;trk=nav_responsive_tab_home\",\"https:\\\/\\\/www.youtube.com\\\/channel\\\/UCxL0wu1uN0_3_7hGG0306cw\"]},{\"@type\":\"Person\",\"@id\":\"https:\\\/\\\/www.bellunopress.it\\\/#\\\/schema\\\/person\\\/79bb06722b37ece1c03d3e94beb30d73\",\"name\":\"redazione\",\"image\":{\"@type\":\"ImageObject\",\"inLanguage\":\"fr-FR\",\"@id\":\"https:\\\/\\\/secure.gravatar.com\\\/avatar\\\/37d968a2e67a6fd04c169c4bdef102d0bc5d31b2546345219e348575eb80e9a0?s=96&d=mm&r=g\",\"url\":\"https:\\\/\\\/secure.gravatar.com\\\/avatar\\\/37d968a2e67a6fd04c169c4bdef102d0bc5d31b2546345219e348575eb80e9a0?s=96&d=mm&r=g\",\"contentUrl\":\"https:\\\/\\\/secure.gravatar.com\\\/avatar\\\/37d968a2e67a6fd04c169c4bdef102d0bc5d31b2546345219e348575eb80e9a0?s=96&d=mm&r=g\",\"caption\":\"redazione\"},\"sameAs\":[\"http:\\\/\\\/www.bellunopress.it\",\"https:\\\/\\\/x.com\\\/bellunopress\"],\"url\":\"https:\\\/\\\/www.bellunopress.it\\\/fr\\\/author\\\/redazione\\\/\"}]}<\/script>\n<!-- \/ Yoast SEO plugin. -->","yoast_head_json":{"title":"In collaborazione con l'ufficio InformaGiovani del Comune di Belluno, segnaliamo tutte le ultime opportunit\u00e0 di lavoro nel settore del pubblico impiego - Bellunopress - Dolomiti","robots":{"index":"index","follow":"follow","max-snippet":"max-snippet:-1","max-image-preview":"max-image-preview:large","max-video-preview":"max-video-preview:-1"},"canonical":"https:\/\/www.bellunopress.it\/fr\/2009\/07\/14\/in-collaborazione-con-lufficio-informagiovani-del-comune-di-belluno-segnaliamo-tutte-le-ultime-opportunita-di-lavoro-nel-settore-del-pubblico-impiego\/","og_locale":"fr_FR","og_type":"article","og_title":"In collaborazione con l'ufficio InformaGiovani del Comune di Belluno, segnaliamo tutte le ultime opportunit\u00e0 di lavoro nel settore del pubblico impiego - Bellunopress - Dolomiti","og_description":"Il Comune di Belluno ha istituito uno stage retribuito a collaborare con lo staff che cura la rassegna culturale Oltre le Vette. Il tirocinante collaborer\u00e0 a tutte le attivit\u00e0 della rassegna: contatti con partner, fornitori e ospiti, predisposizione di documenti e materiale, allestimento mostre, gestione abbonamenti, organizzazione degli eventi, accoglienza ospiti, assistenza durante lo svolgimento [&hellip;]","og_url":"https:\/\/www.bellunopress.it\/fr\/2009\/07\/14\/in-collaborazione-con-lufficio-informagiovani-del-comune-di-belluno-segnaliamo-tutte-le-ultime-opportunita-di-lavoro-nel-settore-del-pubblico-impiego\/","og_site_name":"Bellunopress - Dolomiti","article_publisher":"https:\/\/www.facebook.com\/profile.php?id=100008943462799","article_published_time":"2009-07-14T16:02:19+00:00","og_image":[{"url":"http:\/\/www.bellunopress.it\/wp-content\/uploads\/2012\/07\/logo-bellunopress-250x250-2012.jpg","type":"","width":"","height":""}],"author":"redazione","twitter_card":"summary_large_image","twitter_creator":"@bellunopress","twitter_site":"@bellunopress","twitter_misc":{"\u00c9crit par":"redazione","Dur\u00e9e de lecture estim\u00e9e":"7 minutes"},"schema":{"@context":"https:\/\/schema.org","@graph":[{"@type":"Article","@id":"https:\/\/www.bellunopress.it\/2009\/07\/14\/in-collaborazione-con-lufficio-informagiovani-del-comune-di-belluno-segnaliamo-tutte-le-ultime-opportunita-di-lavoro-nel-settore-del-pubblico-impiego\/#article","isPartOf":{"@id":"https:\/\/www.bellunopress.it\/2009\/07\/14\/in-collaborazione-con-lufficio-informagiovani-del-comune-di-belluno-segnaliamo-tutte-le-ultime-opportunita-di-lavoro-nel-settore-del-pubblico-impiego\/"},"author":{"name":"redazione","@id":"https:\/\/www.bellunopress.it\/#\/schema\/person\/79bb06722b37ece1c03d3e94beb30d73"},"headline":"In collaborazione con l&#8217;ufficio InformaGiovani del Comune di Belluno, segnaliamo tutte le ultime opportunit\u00e0 di lavoro nel settore del pubblico impiego","datePublished":"2009-07-14T16:02:19+00:00","mainEntityOfPage":{"@id":"https:\/\/www.bellunopress.it\/2009\/07\/14\/in-collaborazione-con-lufficio-informagiovani-del-comune-di-belluno-segnaliamo-tutte-le-ultime-opportunita-di-lavoro-nel-settore-del-pubblico-impiego\/"},"wordCount":1406,"publisher":{"@id":"https:\/\/www.bellunopress.it\/#organization"},"keywords":["Belluno","Feltre"],"articleSection":["Lavoro, Economia, Turismo","Prima Pagina"],"inLanguage":"fr-FR"},{"@type":"WebPage","@id":"https:\/\/www.bellunopress.it\/2009\/07\/14\/in-collaborazione-con-lufficio-informagiovani-del-comune-di-belluno-segnaliamo-tutte-le-ultime-opportunita-di-lavoro-nel-settore-del-pubblico-impiego\/","url":"https:\/\/www.bellunopress.it\/2009\/07\/14\/in-collaborazione-con-lufficio-informagiovani-del-comune-di-belluno-segnaliamo-tutte-le-ultime-opportunita-di-lavoro-nel-settore-del-pubblico-impiego\/","name":"In collaborazione con l'ufficio InformaGiovani del Comune di Belluno, segnaliamo tutte le ultime opportunit\u00e0 di lavoro nel settore del pubblico impiego - Bellunopress - Dolomiti","isPartOf":{"@id":"https:\/\/www.bellunopress.it\/#website"},"datePublished":"2009-07-14T16:02:19+00:00","breadcrumb":{"@id":"https:\/\/www.bellunopress.it\/2009\/07\/14\/in-collaborazione-con-lufficio-informagiovani-del-comune-di-belluno-segnaliamo-tutte-le-ultime-opportunita-di-lavoro-nel-settore-del-pubblico-impiego\/#breadcrumb"},"inLanguage":"fr-FR","potentialAction":[{"@type":"ReadAction","target":["https:\/\/www.bellunopress.it\/2009\/07\/14\/in-collaborazione-con-lufficio-informagiovani-del-comune-di-belluno-segnaliamo-tutte-le-ultime-opportunita-di-lavoro-nel-settore-del-pubblico-impiego\/"]}]},{"@type":"BreadcrumbList","@id":"https:\/\/www.bellunopress.it\/2009\/07\/14\/in-collaborazione-con-lufficio-informagiovani-del-comune-di-belluno-segnaliamo-tutte-le-ultime-opportunita-di-lavoro-nel-settore-del-pubblico-impiego\/#breadcrumb","itemListElement":[{"@type":"ListItem","position":1,"name":"Home","item":"https:\/\/www.bellunopress.it\/"},{"@type":"ListItem","position":2,"name":"In collaborazione con l&#8217;ufficio InformaGiovani del Comune di Belluno, segnaliamo tutte le ultime opportunit\u00e0 di lavoro nel settore del pubblico impiego"}]},{"@type":"WebSite","@id":"https:\/\/www.bellunopress.it\/#website","url":"https:\/\/www.bellunopress.it\/","name":"Bellunopress - Dolomiti","description":"e-mail: redazione@bellunopress.it","publisher":{"@id":"https:\/\/www.bellunopress.it\/#organization"},"potentialAction":[{"@type":"SearchAction","target":{"@type":"EntryPoint","urlTemplate":"https:\/\/www.bellunopress.it\/?s={search_term_string}"},"query-input":{"@type":"PropertyValueSpecification","valueRequired":true,"valueName":"search_term_string"}}],"inLanguage":"fr-FR"},{"@type":"Organization","@id":"https:\/\/www.bellunopress.it\/#organization","name":"Bellunopress","url":"https:\/\/www.bellunopress.it\/","logo":{"@type":"ImageObject","inLanguage":"fr-FR","@id":"https:\/\/www.bellunopress.it\/#\/schema\/logo\/image\/","url":"https:\/\/www.bellunopress.it\/wp-content\/uploads\/2011\/05\/cropped-logo-bellunopress-.jpg","contentUrl":"https:\/\/www.bellunopress.it\/wp-content\/uploads\/2011\/05\/cropped-logo-bellunopress-.jpg","width":512,"height":512,"caption":"Bellunopress"},"image":{"@id":"https:\/\/www.bellunopress.it\/#\/schema\/logo\/image\/"},"sameAs":["https:\/\/www.facebook.com\/profile.php?id=100008943462799","https:\/\/x.com\/bellunopress","https:\/\/www.linkedin.com\/hp\/?dnr=JBzUWaJfMUw8vbXJJ2tVW5-I3jZKvC4wsoxE&amp;amp;amp;amp;amp;amp;trk=nav_responsive_tab_home","https:\/\/www.youtube.com\/channel\/UCxL0wu1uN0_3_7hGG0306cw"]},{"@type":"Person","@id":"https:\/\/www.bellunopress.it\/#\/schema\/person\/79bb06722b37ece1c03d3e94beb30d73","name":"r\u00e9daction","image":{"@type":"ImageObject","inLanguage":"fr-FR","@id":"https:\/\/secure.gravatar.com\/avatar\/37d968a2e67a6fd04c169c4bdef102d0bc5d31b2546345219e348575eb80e9a0?s=96&d=mm&r=g","url":"https:\/\/secure.gravatar.com\/avatar\/37d968a2e67a6fd04c169c4bdef102d0bc5d31b2546345219e348575eb80e9a0?s=96&d=mm&r=g","contentUrl":"https:\/\/secure.gravatar.com\/avatar\/37d968a2e67a6fd04c169c4bdef102d0bc5d31b2546345219e348575eb80e9a0?s=96&d=mm&r=g","caption":"redazione"},"sameAs":["http:\/\/www.bellunopress.it","https:\/\/x.com\/bellunopress"],"url":"https:\/\/www.bellunopress.it\/fr\/author\/redazione\/"}]}},"_links":{"self":[{"href":"https:\/\/www.bellunopress.it\/fr\/wp-json\/wp\/v2\/posts\/5954","targetHints":{"allow":["GET"]}}],"collection":[{"href":"https:\/\/www.bellunopress.it\/fr\/wp-json\/wp\/v2\/posts"}],"about":[{"href":"https:\/\/www.bellunopress.it\/fr\/wp-json\/wp\/v2\/types\/post"}],"author":[{"embeddable":true,"href":"https:\/\/www.bellunopress.it\/fr\/wp-json\/wp\/v2\/users\/2"}],"replies":[{"embeddable":true,"href":"https:\/\/www.bellunopress.it\/fr\/wp-json\/wp\/v2\/comments?post=5954"}],"version-history":[{"count":1,"href":"https:\/\/www.bellunopress.it\/fr\/wp-json\/wp\/v2\/posts\/5954\/revisions"}],"predecessor-version":[{"id":5955,"href":"https:\/\/www.bellunopress.it\/fr\/wp-json\/wp\/v2\/posts\/5954\/revisions\/5955"}],"wp:attachment":[{"href":"https:\/\/www.bellunopress.it\/fr\/wp-json\/wp\/v2\/media?parent=5954"}],"wp:term":[{"taxonomy":"category","embeddable":true,"href":"https:\/\/www.bellunopress.it\/fr\/wp-json\/wp\/v2\/categories?post=5954"},{"taxonomy":"post_tag","embeddable":true,"href":"https:\/\/www.bellunopress.it\/fr\/wp-json\/wp\/v2\/tags?post=5954"}],"curies":[{"name":"wp","href":"https:\/\/api.w.org\/{rel}","templated":true}]}}