{"id":5952,"date":"2009-07-14T16:47:42","date_gmt":"2009-07-14T15:47:42","guid":{"rendered":"http:\/\/www.bellunopress.it\/?p=5952"},"modified":"2009-07-14T16:47:42","modified_gmt":"2009-07-14T15:47:42","slug":"finanziamenti-della-regione-a-favore-dell%e2%80%99infanzia-e-dell%e2%80%99adolescenza","status":"publish","type":"post","link":"https:\/\/www.bellunopress.it\/fr\/2009\/07\/14\/finanziamenti-della-regione-a-favore-dell%e2%80%99infanzia-e-dell%e2%80%99adolescenza\/","title":{"rendered":"Finanziamenti della Regione a favore dell\u2019infanzia e dell\u2019adolescenza"},"content":{"rendered":"<p>\u00abAncora una volta la nostra Regione ha palesato la forte sensibilit\u00e0 verso l\u2019infanzia, l\u2019adolescenza e le famiglie. Anche oggi infatti, la Giunta ha recepito le proposte del collega assessore Stefano Valdegamberi di destinare interventi a favore di questo settore delicato della societ\u00e0 assegnando finanziamenti alle Ulss del Veneto\u00bb. Lo riferisce l\u2019assessore Oscar De Bona che comunica l\u2019ammontare della ripartizione del fondo relativa alle due Aziende socio sanitarie bellunesi: all\u2019Ulss n. 1 di Belluno \u20ac 61.107,70; all\u2019Ulss n. 2 di Feltre \u20ac 53.964,33.<br \/>\nPer quanto riguarda l\u2019area delle adozioni, i finanziamenti assegnati a Belluno, ripartiti sulla base di appositi parametri, ammontano a \u20ac 11.345, 65.\u00a0 \u00abLa filosofia che supporta tali provvedimenti \u2013 spiega l\u2019assessore veneto \u2013 \u00e8 quella di offrire interventi a favore dei soggetti in crescita e a sostegno del bambino adottato. Con ci\u00f2 si ribadisce il riconoscimento del ruolo fondamentale che ricoprono le famiglie nei momenti critici e di disagio, anche nella routine quotidiana, dei bambini e degli adolescenti. E la Regione, in questo ambito, si pone con la volont\u00e0 di rilanciare il processo di collaborazione con i nuclei familiari\u00bb.<\/p>","protected":false},"excerpt":{"rendered":"<p>\u00abAncora una volta la nostra Regione ha palesato la forte sensibilit\u00e0 verso l\u2019infanzia, l\u2019adolescenza e le famiglie. Anche oggi infatti, la Giunta ha recepito le proposte del collega assessore Stefano Valdegamberi di destinare interventi a favore di questo settore delicato della societ\u00e0 assegnando finanziamenti alle Ulss del Veneto\u00bb. Lo riferisce l\u2019assessore Oscar De Bona che [&hellip;]<\/p>\n","protected":false},"author":2,"featured_media":0,"comment_status":"closed","ping_status":"open","sticky":false,"template":"","format":"standard","meta":{"footnotes":""},"categories":[5,26],"tags":[139,302],"class_list":["post-5952","post","type-post","status-publish","format-standard","category-cronaca","category-prima-pagina","tag-belluno","tag-feltre"],"yoast_head":"<!-- This site is optimized with the Yoast SEO plugin v28.4 - https:\/\/yoast.com\/product\/yoast-seo-wordpress\/ -->\n<title>Finanziamenti della Regione a favore dell\u2019infanzia e dell\u2019adolescenza - Bellunopress - Dolomiti<\/title>\n<meta name=\"robots\" content=\"index, follow, max-snippet:-1, max-image-preview:large, max-video-preview:-1\" \/>\n<link rel=\"canonical\" href=\"https:\/\/www.bellunopress.it\/fr\/2009\/07\/14\/finanziamenti-della-regione-a-favore-dell\u2019infanzia-e-dell\u2019adolescenza\/\" \/>\n<meta property=\"og:locale\" content=\"fr_FR\" \/>\n<meta property=\"og:type\" content=\"article\" \/>\n<meta property=\"og:title\" content=\"Finanziamenti della Regione a favore dell\u2019infanzia e dell\u2019adolescenza - Bellunopress - Dolomiti\" \/>\n<meta property=\"og:description\" content=\"\u00abAncora una volta la nostra Regione ha palesato la forte sensibilit\u00e0 verso l\u2019infanzia, l\u2019adolescenza e le famiglie. Anche oggi infatti, la Giunta ha recepito le proposte del collega assessore Stefano Valdegamberi di destinare interventi a favore di questo settore delicato della societ\u00e0 assegnando finanziamenti alle Ulss del Veneto\u00bb. Lo riferisce l\u2019assessore Oscar De Bona che [&hellip;]\" \/>\n<meta property=\"og:url\" content=\"https:\/\/www.bellunopress.it\/fr\/2009\/07\/14\/finanziamenti-della-regione-a-favore-dell\u2019infanzia-e-dell\u2019adolescenza\/\" \/>\n<meta property=\"og:site_name\" content=\"Bellunopress - Dolomiti\" \/>\n<meta property=\"article:publisher\" content=\"https:\/\/www.facebook.com\/profile.php?id=100008943462799\" \/>\n<meta property=\"article:published_time\" content=\"2009-07-14T15:47:42+00:00\" \/>\n<meta property=\"og:image\" content=\"http:\/\/www.bellunopress.it\/wp-content\/uploads\/2012\/07\/logo-bellunopress-250x250-2012.jpg\" \/>\n<meta name=\"author\" content=\"redazione\" \/>\n<meta name=\"twitter:card\" content=\"summary_large_image\" \/>\n<meta name=\"twitter:creator\" content=\"@bellunopress\" \/>\n<meta name=\"twitter:site\" content=\"@bellunopress\" \/>\n<meta name=\"twitter:label1\" content=\"\u00c9crit par\" \/>\n\t<meta name=\"twitter:data1\" content=\"redazione\" \/>\n\t<meta name=\"twitter:label2\" content=\"Dur\u00e9e de lecture estim\u00e9e\" \/>\n\t<meta name=\"twitter:data2\" content=\"1 minute\" \/>\n<script type=\"application\/ld+json\" class=\"yoast-schema-graph\">{\"@context\":\"https:\\\/\\\/schema.org\",\"@graph\":[{\"@type\":\"Article\",\"@id\":\"https:\\\/\\\/www.bellunopress.it\\\/2009\\\/07\\\/14\\\/finanziamenti-della-regione-a-favore-dell%e2%80%99infanzia-e-dell%e2%80%99adolescenza\\\/#article\",\"isPartOf\":{\"@id\":\"https:\\\/\\\/www.bellunopress.it\\\/2009\\\/07\\\/14\\\/finanziamenti-della-regione-a-favore-dell%e2%80%99infanzia-e-dell%e2%80%99adolescenza\\\/\"},\"author\":{\"name\":\"redazione\",\"@id\":\"https:\\\/\\\/www.bellunopress.it\\\/#\\\/schema\\\/person\\\/79bb06722b37ece1c03d3e94beb30d73\"},\"headline\":\"Finanziamenti della Regione a favore dell\u2019infanzia e dell\u2019adolescenza\",\"datePublished\":\"2009-07-14T15:47:42+00:00\",\"mainEntityOfPage\":{\"@id\":\"https:\\\/\\\/www.bellunopress.it\\\/2009\\\/07\\\/14\\\/finanziamenti-della-regione-a-favore-dell%e2%80%99infanzia-e-dell%e2%80%99adolescenza\\\/\"},\"wordCount\":187,\"publisher\":{\"@id\":\"https:\\\/\\\/www.bellunopress.it\\\/#organization\"},\"keywords\":[\"Belluno\",\"Feltre\"],\"articleSection\":[\"Cronaca\\\/Politica\",\"Prima Pagina\"],\"inLanguage\":\"fr-FR\"},{\"@type\":\"WebPage\",\"@id\":\"https:\\\/\\\/www.bellunopress.it\\\/2009\\\/07\\\/14\\\/finanziamenti-della-regione-a-favore-dell%e2%80%99infanzia-e-dell%e2%80%99adolescenza\\\/\",\"url\":\"https:\\\/\\\/www.bellunopress.it\\\/2009\\\/07\\\/14\\\/finanziamenti-della-regione-a-favore-dell%e2%80%99infanzia-e-dell%e2%80%99adolescenza\\\/\",\"name\":\"Finanziamenti della Regione a favore dell\u2019infanzia e dell\u2019adolescenza - Bellunopress - Dolomiti\",\"isPartOf\":{\"@id\":\"https:\\\/\\\/www.bellunopress.it\\\/#website\"},\"datePublished\":\"2009-07-14T15:47:42+00:00\",\"breadcrumb\":{\"@id\":\"https:\\\/\\\/www.bellunopress.it\\\/2009\\\/07\\\/14\\\/finanziamenti-della-regione-a-favore-dell%e2%80%99infanzia-e-dell%e2%80%99adolescenza\\\/#breadcrumb\"},\"inLanguage\":\"fr-FR\",\"potentialAction\":[{\"@type\":\"ReadAction\",\"target\":[\"https:\\\/\\\/www.bellunopress.it\\\/2009\\\/07\\\/14\\\/finanziamenti-della-regione-a-favore-dell%e2%80%99infanzia-e-dell%e2%80%99adolescenza\\\/\"]}]},{\"@type\":\"BreadcrumbList\",\"@id\":\"https:\\\/\\\/www.bellunopress.it\\\/2009\\\/07\\\/14\\\/finanziamenti-della-regione-a-favore-dell%e2%80%99infanzia-e-dell%e2%80%99adolescenza\\\/#breadcrumb\",\"itemListElement\":[{\"@type\":\"ListItem\",\"position\":1,\"name\":\"Home\",\"item\":\"https:\\\/\\\/www.bellunopress.it\\\/\"},{\"@type\":\"ListItem\",\"position\":2,\"name\":\"Finanziamenti della Regione a favore dell\u2019infanzia e dell\u2019adolescenza\"}]},{\"@type\":\"WebSite\",\"@id\":\"https:\\\/\\\/www.bellunopress.it\\\/#website\",\"url\":\"https:\\\/\\\/www.bellunopress.it\\\/\",\"name\":\"Bellunopress - Dolomiti\",\"description\":\"e-mail: redazione@bellunopress.it\",\"publisher\":{\"@id\":\"https:\\\/\\\/www.bellunopress.it\\\/#organization\"},\"potentialAction\":[{\"@type\":\"SearchAction\",\"target\":{\"@type\":\"EntryPoint\",\"urlTemplate\":\"https:\\\/\\\/www.bellunopress.it\\\/?s={search_term_string}\"},\"query-input\":{\"@type\":\"PropertyValueSpecification\",\"valueRequired\":true,\"valueName\":\"search_term_string\"}}],\"inLanguage\":\"fr-FR\"},{\"@type\":\"Organization\",\"@id\":\"https:\\\/\\\/www.bellunopress.it\\\/#organization\",\"name\":\"Bellunopress\",\"url\":\"https:\\\/\\\/www.bellunopress.it\\\/\",\"logo\":{\"@type\":\"ImageObject\",\"inLanguage\":\"fr-FR\",\"@id\":\"https:\\\/\\\/www.bellunopress.it\\\/#\\\/schema\\\/logo\\\/image\\\/\",\"url\":\"https:\\\/\\\/www.bellunopress.it\\\/wp-content\\\/uploads\\\/2011\\\/05\\\/cropped-logo-bellunopress-.jpg\",\"contentUrl\":\"https:\\\/\\\/www.bellunopress.it\\\/wp-content\\\/uploads\\\/2011\\\/05\\\/cropped-logo-bellunopress-.jpg\",\"width\":512,\"height\":512,\"caption\":\"Bellunopress\"},\"image\":{\"@id\":\"https:\\\/\\\/www.bellunopress.it\\\/#\\\/schema\\\/logo\\\/image\\\/\"},\"sameAs\":[\"https:\\\/\\\/www.facebook.com\\\/profile.php?id=100008943462799\",\"https:\\\/\\\/x.com\\\/bellunopress\",\"https:\\\/\\\/www.linkedin.com\\\/hp\\\/?dnr=JBzUWaJfMUw8vbXJJ2tVW5-I3jZKvC4wsoxE&amp;amp;amp;amp;amp;amp;trk=nav_responsive_tab_home\",\"https:\\\/\\\/www.youtube.com\\\/channel\\\/UCxL0wu1uN0_3_7hGG0306cw\"]},{\"@type\":\"Person\",\"@id\":\"https:\\\/\\\/www.bellunopress.it\\\/#\\\/schema\\\/person\\\/79bb06722b37ece1c03d3e94beb30d73\",\"name\":\"redazione\",\"image\":{\"@type\":\"ImageObject\",\"inLanguage\":\"fr-FR\",\"@id\":\"https:\\\/\\\/secure.gravatar.com\\\/avatar\\\/37d968a2e67a6fd04c169c4bdef102d0bc5d31b2546345219e348575eb80e9a0?s=96&d=mm&r=g\",\"url\":\"https:\\\/\\\/secure.gravatar.com\\\/avatar\\\/37d968a2e67a6fd04c169c4bdef102d0bc5d31b2546345219e348575eb80e9a0?s=96&d=mm&r=g\",\"contentUrl\":\"https:\\\/\\\/secure.gravatar.com\\\/avatar\\\/37d968a2e67a6fd04c169c4bdef102d0bc5d31b2546345219e348575eb80e9a0?s=96&d=mm&r=g\",\"caption\":\"redazione\"},\"sameAs\":[\"http:\\\/\\\/www.bellunopress.it\",\"https:\\\/\\\/x.com\\\/bellunopress\"],\"url\":\"https:\\\/\\\/www.bellunopress.it\\\/fr\\\/author\\\/redazione\\\/\"}]}<\/script>\n<!-- \/ Yoast SEO plugin. -->","yoast_head_json":{"title":"Finanziamenti della Regione a favore dell\u2019infanzia e dell\u2019adolescenza - Bellunopress - Dolomiti","robots":{"index":"index","follow":"follow","max-snippet":"max-snippet:-1","max-image-preview":"max-image-preview:large","max-video-preview":"max-video-preview:-1"},"canonical":"https:\/\/www.bellunopress.it\/fr\/2009\/07\/14\/finanziamenti-della-regione-a-favore-dell\u2019infanzia-e-dell\u2019adolescenza\/","og_locale":"fr_FR","og_type":"article","og_title":"Finanziamenti della Regione a favore dell\u2019infanzia e dell\u2019adolescenza - Bellunopress - Dolomiti","og_description":"\u00abAncora una volta la nostra Regione ha palesato la forte sensibilit\u00e0 verso l\u2019infanzia, l\u2019adolescenza e le famiglie. Anche oggi infatti, la Giunta ha recepito le proposte del collega assessore Stefano Valdegamberi di destinare interventi a favore di questo settore delicato della societ\u00e0 assegnando finanziamenti alle Ulss del Veneto\u00bb. Lo riferisce l\u2019assessore Oscar De Bona che [&hellip;]","og_url":"https:\/\/www.bellunopress.it\/fr\/2009\/07\/14\/finanziamenti-della-regione-a-favore-dell\u2019infanzia-e-dell\u2019adolescenza\/","og_site_name":"Bellunopress - Dolomiti","article_publisher":"https:\/\/www.facebook.com\/profile.php?id=100008943462799","article_published_time":"2009-07-14T15:47:42+00:00","og_image":[{"url":"http:\/\/www.bellunopress.it\/wp-content\/uploads\/2012\/07\/logo-bellunopress-250x250-2012.jpg","type":"","width":"","height":""}],"author":"redazione","twitter_card":"summary_large_image","twitter_creator":"@bellunopress","twitter_site":"@bellunopress","twitter_misc":{"\u00c9crit par":"redazione","Dur\u00e9e de lecture estim\u00e9e":"1 minute"},"schema":{"@context":"https:\/\/schema.org","@graph":[{"@type":"Article","@id":"https:\/\/www.bellunopress.it\/2009\/07\/14\/finanziamenti-della-regione-a-favore-dell%e2%80%99infanzia-e-dell%e2%80%99adolescenza\/#article","isPartOf":{"@id":"https:\/\/www.bellunopress.it\/2009\/07\/14\/finanziamenti-della-regione-a-favore-dell%e2%80%99infanzia-e-dell%e2%80%99adolescenza\/"},"author":{"name":"redazione","@id":"https:\/\/www.bellunopress.it\/#\/schema\/person\/79bb06722b37ece1c03d3e94beb30d73"},"headline":"Finanziamenti della Regione a favore dell\u2019infanzia e dell\u2019adolescenza","datePublished":"2009-07-14T15:47:42+00:00","mainEntityOfPage":{"@id":"https:\/\/www.bellunopress.it\/2009\/07\/14\/finanziamenti-della-regione-a-favore-dell%e2%80%99infanzia-e-dell%e2%80%99adolescenza\/"},"wordCount":187,"publisher":{"@id":"https:\/\/www.bellunopress.it\/#organization"},"keywords":["Belluno","Feltre"],"articleSection":["Cronaca\/Politica","Prima Pagina"],"inLanguage":"fr-FR"},{"@type":"WebPage","@id":"https:\/\/www.bellunopress.it\/2009\/07\/14\/finanziamenti-della-regione-a-favore-dell%e2%80%99infanzia-e-dell%e2%80%99adolescenza\/","url":"https:\/\/www.bellunopress.it\/2009\/07\/14\/finanziamenti-della-regione-a-favore-dell%e2%80%99infanzia-e-dell%e2%80%99adolescenza\/","name":"Finanziamenti della Regione a favore dell\u2019infanzia e dell\u2019adolescenza - Bellunopress - Dolomiti","isPartOf":{"@id":"https:\/\/www.bellunopress.it\/#website"},"datePublished":"2009-07-14T15:47:42+00:00","breadcrumb":{"@id":"https:\/\/www.bellunopress.it\/2009\/07\/14\/finanziamenti-della-regione-a-favore-dell%e2%80%99infanzia-e-dell%e2%80%99adolescenza\/#breadcrumb"},"inLanguage":"fr-FR","potentialAction":[{"@type":"ReadAction","target":["https:\/\/www.bellunopress.it\/2009\/07\/14\/finanziamenti-della-regione-a-favore-dell%e2%80%99infanzia-e-dell%e2%80%99adolescenza\/"]}]},{"@type":"BreadcrumbList","@id":"https:\/\/www.bellunopress.it\/2009\/07\/14\/finanziamenti-della-regione-a-favore-dell%e2%80%99infanzia-e-dell%e2%80%99adolescenza\/#breadcrumb","itemListElement":[{"@type":"ListItem","position":1,"name":"Home","item":"https:\/\/www.bellunopress.it\/"},{"@type":"ListItem","position":2,"name":"Finanziamenti della Regione a favore dell\u2019infanzia e dell\u2019adolescenza"}]},{"@type":"WebSite","@id":"https:\/\/www.bellunopress.it\/#website","url":"https:\/\/www.bellunopress.it\/","name":"Bellunopress - Dolomiti","description":"e-mail: redazione@bellunopress.it","publisher":{"@id":"https:\/\/www.bellunopress.it\/#organization"},"potentialAction":[{"@type":"SearchAction","target":{"@type":"EntryPoint","urlTemplate":"https:\/\/www.bellunopress.it\/?s={search_term_string}"},"query-input":{"@type":"PropertyValueSpecification","valueRequired":true,"valueName":"search_term_string"}}],"inLanguage":"fr-FR"},{"@type":"Organization","@id":"https:\/\/www.bellunopress.it\/#organization","name":"Bellunopress","url":"https:\/\/www.bellunopress.it\/","logo":{"@type":"ImageObject","inLanguage":"fr-FR","@id":"https:\/\/www.bellunopress.it\/#\/schema\/logo\/image\/","url":"https:\/\/www.bellunopress.it\/wp-content\/uploads\/2011\/05\/cropped-logo-bellunopress-.jpg","contentUrl":"https:\/\/www.bellunopress.it\/wp-content\/uploads\/2011\/05\/cropped-logo-bellunopress-.jpg","width":512,"height":512,"caption":"Bellunopress"},"image":{"@id":"https:\/\/www.bellunopress.it\/#\/schema\/logo\/image\/"},"sameAs":["https:\/\/www.facebook.com\/profile.php?id=100008943462799","https:\/\/x.com\/bellunopress","https:\/\/www.linkedin.com\/hp\/?dnr=JBzUWaJfMUw8vbXJJ2tVW5-I3jZKvC4wsoxE&amp;amp;amp;amp;amp;amp;trk=nav_responsive_tab_home","https:\/\/www.youtube.com\/channel\/UCxL0wu1uN0_3_7hGG0306cw"]},{"@type":"Person","@id":"https:\/\/www.bellunopress.it\/#\/schema\/person\/79bb06722b37ece1c03d3e94beb30d73","name":"r\u00e9daction","image":{"@type":"ImageObject","inLanguage":"fr-FR","@id":"https:\/\/secure.gravatar.com\/avatar\/37d968a2e67a6fd04c169c4bdef102d0bc5d31b2546345219e348575eb80e9a0?s=96&d=mm&r=g","url":"https:\/\/secure.gravatar.com\/avatar\/37d968a2e67a6fd04c169c4bdef102d0bc5d31b2546345219e348575eb80e9a0?s=96&d=mm&r=g","contentUrl":"https:\/\/secure.gravatar.com\/avatar\/37d968a2e67a6fd04c169c4bdef102d0bc5d31b2546345219e348575eb80e9a0?s=96&d=mm&r=g","caption":"redazione"},"sameAs":["http:\/\/www.bellunopress.it","https:\/\/x.com\/bellunopress"],"url":"https:\/\/www.bellunopress.it\/fr\/author\/redazione\/"}]}},"_links":{"self":[{"href":"https:\/\/www.bellunopress.it\/fr\/wp-json\/wp\/v2\/posts\/5952","targetHints":{"allow":["GET"]}}],"collection":[{"href":"https:\/\/www.bellunopress.it\/fr\/wp-json\/wp\/v2\/posts"}],"about":[{"href":"https:\/\/www.bellunopress.it\/fr\/wp-json\/wp\/v2\/types\/post"}],"author":[{"embeddable":true,"href":"https:\/\/www.bellunopress.it\/fr\/wp-json\/wp\/v2\/users\/2"}],"replies":[{"embeddable":true,"href":"https:\/\/www.bellunopress.it\/fr\/wp-json\/wp\/v2\/comments?post=5952"}],"version-history":[{"count":1,"href":"https:\/\/www.bellunopress.it\/fr\/wp-json\/wp\/v2\/posts\/5952\/revisions"}],"predecessor-version":[{"id":5953,"href":"https:\/\/www.bellunopress.it\/fr\/wp-json\/wp\/v2\/posts\/5952\/revisions\/5953"}],"wp:attachment":[{"href":"https:\/\/www.bellunopress.it\/fr\/wp-json\/wp\/v2\/media?parent=5952"}],"wp:term":[{"taxonomy":"category","embeddable":true,"href":"https:\/\/www.bellunopress.it\/fr\/wp-json\/wp\/v2\/categories?post=5952"},{"taxonomy":"post_tag","embeddable":true,"href":"https:\/\/www.bellunopress.it\/fr\/wp-json\/wp\/v2\/tags?post=5952"}],"curies":[{"name":"wp","href":"https:\/\/api.w.org\/{rel}","templated":true}]}}