{"id":5950,"date":"2009-07-14T16:43:13","date_gmt":"2009-07-14T15:43:13","guid":{"rendered":"http:\/\/www.bellunopress.it\/?p=5950"},"modified":"2009-07-14T20:59:36","modified_gmt":"2009-07-14T19:59:36","slug":"contributi-per-ambiente-e-sport-dalla-regione","status":"publish","type":"post","link":"https:\/\/www.bellunopress.it\/fr\/2009\/07\/14\/contributi-per-ambiente-e-sport-dalla-regione\/","title":{"rendered":"Contributi per ambiente e sport dalla Regione"},"content":{"rendered":"<p>La Giunta regionale, nella seduta odierna, ha approvato una serie di provvedimenti con relativi contributi che riguardano in particolare la provincia di Belluno. Lo fa sapere l\u2019assessore Oscar De Bona il quale, nel mentre rivolge il ringraziamento ai colleghi assessori di competenza,\u00a0 esprime soddisfazione per il buon esito delle iniziative. Un finanziamento dell\u2019ammontare di 350 mila euro, proposto dall\u2019assessore Renato Chisso, \u00e8 destinato all\u2019acquisto di nuovi autobus per il servizio pubblico locale che producano il minor impatto ambientale possibile o che siano ad alimentazione non convenzionale. Sempre in ambito ambientale, su iniziativa dell\u2019assessore Giancarlo Conta, la Giunta ha destinato l\u2019assegnazione di budget operativi per la sistemazione idrogeologica e riqualificazione ambientale. Questi gli interventi: Comune di Chies d\u2019Alpago,\u00a0 262 mila euro per opere in localit\u00e0 Colomp, Codenzano e Pelegona \u2013 Pian de Cice; Comune di San Tomaso Agordino, 8 mial euro, per sistemare le strade silvo-pastorali di Piaia, Bosco dell\u2019impero e Costoia;\u00a0 Comune di Santa Giustina, 16 mila euro per opere sulla strada silvo-pastorale di Rivolta; Comune di Pedavena, 16 mila euro per la strada della Val di Lamen-Trugno; Comune di Pieve di Cadore, 15 mila euro per la manutenzione ambientale nelle localit\u00e0 Roccolo e Rusecco. Al Genio civile di Belluno sono stati destinati 13 mila euro a sostegno delle spese operative per l\u2019attivit\u00e0 di gestione del Demanio idrico. Un budrget operativo di 29.500 euro \u00e8 stato esso a disposizione, su propsota dell\u2019assessore alla Protezione civile Elena Donazzan,\u00a0 del Servizio forestale regionale di Belluno per le attivit\u00e0 di prevenzione ed estinzione di incendi boschivi. Di competenza\u00a0 dell\u2019assessore allo Sport, Massimo Giorgetti, \u00e8 il provvedimento approvato dal governo veneto a favore della pratica sportiva. Per quanto riguarda la provincia di Belluno \u00e8 stato assegnato un contributo di 12 mila euro all\u2019associazione Giro delle mura di Feltre a sostegno della 21. manifestazione atletica. Un contributo di 5 mila euro \u00e8 stato destinato all\u2019Hockey club Feltreghiaccio Junior per il torneo internazionale \u201cCitt\u00e0 di Feltre\u201d.<\/p>","protected":false},"excerpt":{"rendered":"<p>La Giunta regionale, nella seduta odierna, ha approvato una serie di provvedimenti con relativi contributi che riguardano in particolare la provincia di Belluno. Lo fa sapere l\u2019assessore Oscar De Bona il quale, nel mentre rivolge il ringraziamento ai colleghi assessori di competenza,\u00a0 esprime soddisfazione per il buon esito delle iniziative. Un finanziamento dell\u2019ammontare di 350 [&hellip;]<\/p>\n","protected":false},"author":2,"featured_media":0,"comment_status":"closed","ping_status":"open","sticky":false,"template":"","format":"standard","meta":{"footnotes":""},"categories":[5,26],"tags":[139,151,302],"class_list":["post-5950","post","type-post","status-publish","format-standard","category-cronaca","category-prima-pagina","tag-belluno","tag-cadore","tag-feltre"],"yoast_head":"<!-- This site is optimized with the Yoast SEO plugin v28.4 - https:\/\/yoast.com\/product\/yoast-seo-wordpress\/ -->\n<title>Contributi per ambiente e sport dalla Regione - Bellunopress - Dolomiti<\/title>\n<meta name=\"robots\" content=\"index, follow, max-snippet:-1, max-image-preview:large, max-video-preview:-1\" \/>\n<link rel=\"canonical\" href=\"https:\/\/www.bellunopress.it\/fr\/2009\/07\/14\/contributi-per-ambiente-e-sport-dalla-regione\/\" \/>\n<meta property=\"og:locale\" content=\"fr_FR\" \/>\n<meta property=\"og:type\" content=\"article\" \/>\n<meta property=\"og:title\" content=\"Contributi per ambiente e sport dalla Regione - Bellunopress - Dolomiti\" \/>\n<meta property=\"og:description\" content=\"La Giunta regionale, nella seduta odierna, ha approvato una serie di provvedimenti con relativi contributi che riguardano in particolare la provincia di Belluno. Lo fa sapere l\u2019assessore Oscar De Bona il quale, nel mentre rivolge il ringraziamento ai colleghi assessori di competenza,\u00a0 esprime soddisfazione per il buon esito delle iniziative. Un finanziamento dell\u2019ammontare di 350 [&hellip;]\" \/>\n<meta property=\"og:url\" content=\"https:\/\/www.bellunopress.it\/fr\/2009\/07\/14\/contributi-per-ambiente-e-sport-dalla-regione\/\" \/>\n<meta property=\"og:site_name\" content=\"Bellunopress - Dolomiti\" \/>\n<meta property=\"article:publisher\" content=\"https:\/\/www.facebook.com\/profile.php?id=100008943462799\" \/>\n<meta property=\"article:published_time\" content=\"2009-07-14T15:43:13+00:00\" \/>\n<meta property=\"article:modified_time\" content=\"2009-07-14T19:59:36+00:00\" \/>\n<meta property=\"og:image\" content=\"http:\/\/www.bellunopress.it\/wp-content\/uploads\/2012\/07\/logo-bellunopress-250x250-2012.jpg\" \/>\n<meta name=\"author\" content=\"redazione\" \/>\n<meta name=\"twitter:card\" content=\"summary_large_image\" \/>\n<meta name=\"twitter:creator\" content=\"@bellunopress\" \/>\n<meta name=\"twitter:site\" content=\"@bellunopress\" \/>\n<meta name=\"twitter:label1\" content=\"\u00c9crit par\" \/>\n\t<meta name=\"twitter:data1\" content=\"redazione\" \/>\n\t<meta name=\"twitter:label2\" content=\"Dur\u00e9e de lecture estim\u00e9e\" \/>\n\t<meta name=\"twitter:data2\" content=\"2 minutes\" \/>\n<script type=\"application\/ld+json\" class=\"yoast-schema-graph\">{\"@context\":\"https:\\\/\\\/schema.org\",\"@graph\":[{\"@type\":\"Article\",\"@id\":\"https:\\\/\\\/www.bellunopress.it\\\/2009\\\/07\\\/14\\\/contributi-per-ambiente-e-sport-dalla-regione\\\/#article\",\"isPartOf\":{\"@id\":\"https:\\\/\\\/www.bellunopress.it\\\/2009\\\/07\\\/14\\\/contributi-per-ambiente-e-sport-dalla-regione\\\/\"},\"author\":{\"name\":\"redazione\",\"@id\":\"https:\\\/\\\/www.bellunopress.it\\\/#\\\/schema\\\/person\\\/79bb06722b37ece1c03d3e94beb30d73\"},\"headline\":\"Contributi per ambiente e sport dalla Regione\",\"datePublished\":\"2009-07-14T15:43:13+00:00\",\"dateModified\":\"2009-07-14T19:59:36+00:00\",\"mainEntityOfPage\":{\"@id\":\"https:\\\/\\\/www.bellunopress.it\\\/2009\\\/07\\\/14\\\/contributi-per-ambiente-e-sport-dalla-regione\\\/\"},\"wordCount\":323,\"publisher\":{\"@id\":\"https:\\\/\\\/www.bellunopress.it\\\/#organization\"},\"keywords\":[\"Belluno\",\"Cadore\",\"Feltre\"],\"articleSection\":[\"Cronaca\\\/Politica\",\"Prima Pagina\"],\"inLanguage\":\"fr-FR\"},{\"@type\":\"WebPage\",\"@id\":\"https:\\\/\\\/www.bellunopress.it\\\/2009\\\/07\\\/14\\\/contributi-per-ambiente-e-sport-dalla-regione\\\/\",\"url\":\"https:\\\/\\\/www.bellunopress.it\\\/2009\\\/07\\\/14\\\/contributi-per-ambiente-e-sport-dalla-regione\\\/\",\"name\":\"Contributi per ambiente e sport dalla Regione - Bellunopress - Dolomiti\",\"isPartOf\":{\"@id\":\"https:\\\/\\\/www.bellunopress.it\\\/#website\"},\"datePublished\":\"2009-07-14T15:43:13+00:00\",\"dateModified\":\"2009-07-14T19:59:36+00:00\",\"breadcrumb\":{\"@id\":\"https:\\\/\\\/www.bellunopress.it\\\/2009\\\/07\\\/14\\\/contributi-per-ambiente-e-sport-dalla-regione\\\/#breadcrumb\"},\"inLanguage\":\"fr-FR\",\"potentialAction\":[{\"@type\":\"ReadAction\",\"target\":[\"https:\\\/\\\/www.bellunopress.it\\\/2009\\\/07\\\/14\\\/contributi-per-ambiente-e-sport-dalla-regione\\\/\"]}]},{\"@type\":\"BreadcrumbList\",\"@id\":\"https:\\\/\\\/www.bellunopress.it\\\/2009\\\/07\\\/14\\\/contributi-per-ambiente-e-sport-dalla-regione\\\/#breadcrumb\",\"itemListElement\":[{\"@type\":\"ListItem\",\"position\":1,\"name\":\"Home\",\"item\":\"https:\\\/\\\/www.bellunopress.it\\\/\"},{\"@type\":\"ListItem\",\"position\":2,\"name\":\"Contributi per ambiente e sport dalla Regione\"}]},{\"@type\":\"WebSite\",\"@id\":\"https:\\\/\\\/www.bellunopress.it\\\/#website\",\"url\":\"https:\\\/\\\/www.bellunopress.it\\\/\",\"name\":\"Bellunopress - Dolomiti\",\"description\":\"e-mail: redazione@bellunopress.it\",\"publisher\":{\"@id\":\"https:\\\/\\\/www.bellunopress.it\\\/#organization\"},\"potentialAction\":[{\"@type\":\"SearchAction\",\"target\":{\"@type\":\"EntryPoint\",\"urlTemplate\":\"https:\\\/\\\/www.bellunopress.it\\\/?s={search_term_string}\"},\"query-input\":{\"@type\":\"PropertyValueSpecification\",\"valueRequired\":true,\"valueName\":\"search_term_string\"}}],\"inLanguage\":\"fr-FR\"},{\"@type\":\"Organization\",\"@id\":\"https:\\\/\\\/www.bellunopress.it\\\/#organization\",\"name\":\"Bellunopress\",\"url\":\"https:\\\/\\\/www.bellunopress.it\\\/\",\"logo\":{\"@type\":\"ImageObject\",\"inLanguage\":\"fr-FR\",\"@id\":\"https:\\\/\\\/www.bellunopress.it\\\/#\\\/schema\\\/logo\\\/image\\\/\",\"url\":\"https:\\\/\\\/www.bellunopress.it\\\/wp-content\\\/uploads\\\/2011\\\/05\\\/cropped-logo-bellunopress-.jpg\",\"contentUrl\":\"https:\\\/\\\/www.bellunopress.it\\\/wp-content\\\/uploads\\\/2011\\\/05\\\/cropped-logo-bellunopress-.jpg\",\"width\":512,\"height\":512,\"caption\":\"Bellunopress\"},\"image\":{\"@id\":\"https:\\\/\\\/www.bellunopress.it\\\/#\\\/schema\\\/logo\\\/image\\\/\"},\"sameAs\":[\"https:\\\/\\\/www.facebook.com\\\/profile.php?id=100008943462799\",\"https:\\\/\\\/x.com\\\/bellunopress\",\"https:\\\/\\\/www.linkedin.com\\\/hp\\\/?dnr=JBzUWaJfMUw8vbXJJ2tVW5-I3jZKvC4wsoxE&amp;amp;amp;amp;amp;amp;trk=nav_responsive_tab_home\",\"https:\\\/\\\/www.youtube.com\\\/channel\\\/UCxL0wu1uN0_3_7hGG0306cw\"]},{\"@type\":\"Person\",\"@id\":\"https:\\\/\\\/www.bellunopress.it\\\/#\\\/schema\\\/person\\\/79bb06722b37ece1c03d3e94beb30d73\",\"name\":\"redazione\",\"image\":{\"@type\":\"ImageObject\",\"inLanguage\":\"fr-FR\",\"@id\":\"https:\\\/\\\/secure.gravatar.com\\\/avatar\\\/37d968a2e67a6fd04c169c4bdef102d0bc5d31b2546345219e348575eb80e9a0?s=96&d=mm&r=g\",\"url\":\"https:\\\/\\\/secure.gravatar.com\\\/avatar\\\/37d968a2e67a6fd04c169c4bdef102d0bc5d31b2546345219e348575eb80e9a0?s=96&d=mm&r=g\",\"contentUrl\":\"https:\\\/\\\/secure.gravatar.com\\\/avatar\\\/37d968a2e67a6fd04c169c4bdef102d0bc5d31b2546345219e348575eb80e9a0?s=96&d=mm&r=g\",\"caption\":\"redazione\"},\"sameAs\":[\"http:\\\/\\\/www.bellunopress.it\",\"https:\\\/\\\/x.com\\\/bellunopress\"],\"url\":\"https:\\\/\\\/www.bellunopress.it\\\/fr\\\/author\\\/redazione\\\/\"}]}<\/script>\n<!-- \/ Yoast SEO plugin. -->","yoast_head_json":{"title":"Contributi per ambiente e sport dalla Regione - Bellunopress - Dolomiti","robots":{"index":"index","follow":"follow","max-snippet":"max-snippet:-1","max-image-preview":"max-image-preview:large","max-video-preview":"max-video-preview:-1"},"canonical":"https:\/\/www.bellunopress.it\/fr\/2009\/07\/14\/contributi-per-ambiente-e-sport-dalla-regione\/","og_locale":"fr_FR","og_type":"article","og_title":"Contributi per ambiente e sport dalla Regione - Bellunopress - Dolomiti","og_description":"La Giunta regionale, nella seduta odierna, ha approvato una serie di provvedimenti con relativi contributi che riguardano in particolare la provincia di Belluno. Lo fa sapere l\u2019assessore Oscar De Bona il quale, nel mentre rivolge il ringraziamento ai colleghi assessori di competenza,\u00a0 esprime soddisfazione per il buon esito delle iniziative. Un finanziamento dell\u2019ammontare di 350 [&hellip;]","og_url":"https:\/\/www.bellunopress.it\/fr\/2009\/07\/14\/contributi-per-ambiente-e-sport-dalla-regione\/","og_site_name":"Bellunopress - Dolomiti","article_publisher":"https:\/\/www.facebook.com\/profile.php?id=100008943462799","article_published_time":"2009-07-14T15:43:13+00:00","article_modified_time":"2009-07-14T19:59:36+00:00","og_image":[{"url":"http:\/\/www.bellunopress.it\/wp-content\/uploads\/2012\/07\/logo-bellunopress-250x250-2012.jpg","type":"","width":"","height":""}],"author":"redazione","twitter_card":"summary_large_image","twitter_creator":"@bellunopress","twitter_site":"@bellunopress","twitter_misc":{"\u00c9crit par":"redazione","Dur\u00e9e de lecture estim\u00e9e":"2 minutes"},"schema":{"@context":"https:\/\/schema.org","@graph":[{"@type":"Article","@id":"https:\/\/www.bellunopress.it\/2009\/07\/14\/contributi-per-ambiente-e-sport-dalla-regione\/#article","isPartOf":{"@id":"https:\/\/www.bellunopress.it\/2009\/07\/14\/contributi-per-ambiente-e-sport-dalla-regione\/"},"author":{"name":"redazione","@id":"https:\/\/www.bellunopress.it\/#\/schema\/person\/79bb06722b37ece1c03d3e94beb30d73"},"headline":"Contributi per ambiente e sport dalla Regione","datePublished":"2009-07-14T15:43:13+00:00","dateModified":"2009-07-14T19:59:36+00:00","mainEntityOfPage":{"@id":"https:\/\/www.bellunopress.it\/2009\/07\/14\/contributi-per-ambiente-e-sport-dalla-regione\/"},"wordCount":323,"publisher":{"@id":"https:\/\/www.bellunopress.it\/#organization"},"keywords":["Belluno","Cadore","Feltre"],"articleSection":["Cronaca\/Politica","Prima Pagina"],"inLanguage":"fr-FR"},{"@type":"WebPage","@id":"https:\/\/www.bellunopress.it\/2009\/07\/14\/contributi-per-ambiente-e-sport-dalla-regione\/","url":"https:\/\/www.bellunopress.it\/2009\/07\/14\/contributi-per-ambiente-e-sport-dalla-regione\/","name":"Contributi per ambiente e sport dalla Regione - Bellunopress - Dolomiti","isPartOf":{"@id":"https:\/\/www.bellunopress.it\/#website"},"datePublished":"2009-07-14T15:43:13+00:00","dateModified":"2009-07-14T19:59:36+00:00","breadcrumb":{"@id":"https:\/\/www.bellunopress.it\/2009\/07\/14\/contributi-per-ambiente-e-sport-dalla-regione\/#breadcrumb"},"inLanguage":"fr-FR","potentialAction":[{"@type":"ReadAction","target":["https:\/\/www.bellunopress.it\/2009\/07\/14\/contributi-per-ambiente-e-sport-dalla-regione\/"]}]},{"@type":"BreadcrumbList","@id":"https:\/\/www.bellunopress.it\/2009\/07\/14\/contributi-per-ambiente-e-sport-dalla-regione\/#breadcrumb","itemListElement":[{"@type":"ListItem","position":1,"name":"Home","item":"https:\/\/www.bellunopress.it\/"},{"@type":"ListItem","position":2,"name":"Contributi per ambiente e sport dalla Regione"}]},{"@type":"WebSite","@id":"https:\/\/www.bellunopress.it\/#website","url":"https:\/\/www.bellunopress.it\/","name":"Bellunopress - Dolomiti","description":"e-mail: redazione@bellunopress.it","publisher":{"@id":"https:\/\/www.bellunopress.it\/#organization"},"potentialAction":[{"@type":"SearchAction","target":{"@type":"EntryPoint","urlTemplate":"https:\/\/www.bellunopress.it\/?s={search_term_string}"},"query-input":{"@type":"PropertyValueSpecification","valueRequired":true,"valueName":"search_term_string"}}],"inLanguage":"fr-FR"},{"@type":"Organization","@id":"https:\/\/www.bellunopress.it\/#organization","name":"Bellunopress","url":"https:\/\/www.bellunopress.it\/","logo":{"@type":"ImageObject","inLanguage":"fr-FR","@id":"https:\/\/www.bellunopress.it\/#\/schema\/logo\/image\/","url":"https:\/\/www.bellunopress.it\/wp-content\/uploads\/2011\/05\/cropped-logo-bellunopress-.jpg","contentUrl":"https:\/\/www.bellunopress.it\/wp-content\/uploads\/2011\/05\/cropped-logo-bellunopress-.jpg","width":512,"height":512,"caption":"Bellunopress"},"image":{"@id":"https:\/\/www.bellunopress.it\/#\/schema\/logo\/image\/"},"sameAs":["https:\/\/www.facebook.com\/profile.php?id=100008943462799","https:\/\/x.com\/bellunopress","https:\/\/www.linkedin.com\/hp\/?dnr=JBzUWaJfMUw8vbXJJ2tVW5-I3jZKvC4wsoxE&amp;amp;amp;amp;amp;amp;trk=nav_responsive_tab_home","https:\/\/www.youtube.com\/channel\/UCxL0wu1uN0_3_7hGG0306cw"]},{"@type":"Person","@id":"https:\/\/www.bellunopress.it\/#\/schema\/person\/79bb06722b37ece1c03d3e94beb30d73","name":"r\u00e9daction","image":{"@type":"ImageObject","inLanguage":"fr-FR","@id":"https:\/\/secure.gravatar.com\/avatar\/37d968a2e67a6fd04c169c4bdef102d0bc5d31b2546345219e348575eb80e9a0?s=96&d=mm&r=g","url":"https:\/\/secure.gravatar.com\/avatar\/37d968a2e67a6fd04c169c4bdef102d0bc5d31b2546345219e348575eb80e9a0?s=96&d=mm&r=g","contentUrl":"https:\/\/secure.gravatar.com\/avatar\/37d968a2e67a6fd04c169c4bdef102d0bc5d31b2546345219e348575eb80e9a0?s=96&d=mm&r=g","caption":"redazione"},"sameAs":["http:\/\/www.bellunopress.it","https:\/\/x.com\/bellunopress"],"url":"https:\/\/www.bellunopress.it\/fr\/author\/redazione\/"}]}},"_links":{"self":[{"href":"https:\/\/www.bellunopress.it\/fr\/wp-json\/wp\/v2\/posts\/5950","targetHints":{"allow":["GET"]}}],"collection":[{"href":"https:\/\/www.bellunopress.it\/fr\/wp-json\/wp\/v2\/posts"}],"about":[{"href":"https:\/\/www.bellunopress.it\/fr\/wp-json\/wp\/v2\/types\/post"}],"author":[{"embeddable":true,"href":"https:\/\/www.bellunopress.it\/fr\/wp-json\/wp\/v2\/users\/2"}],"replies":[{"embeddable":true,"href":"https:\/\/www.bellunopress.it\/fr\/wp-json\/wp\/v2\/comments?post=5950"}],"version-history":[{"count":2,"href":"https:\/\/www.bellunopress.it\/fr\/wp-json\/wp\/v2\/posts\/5950\/revisions"}],"predecessor-version":[{"id":5957,"href":"https:\/\/www.bellunopress.it\/fr\/wp-json\/wp\/v2\/posts\/5950\/revisions\/5957"}],"wp:attachment":[{"href":"https:\/\/www.bellunopress.it\/fr\/wp-json\/wp\/v2\/media?parent=5950"}],"wp:term":[{"taxonomy":"category","embeddable":true,"href":"https:\/\/www.bellunopress.it\/fr\/wp-json\/wp\/v2\/categories?post=5950"},{"taxonomy":"post_tag","embeddable":true,"href":"https:\/\/www.bellunopress.it\/fr\/wp-json\/wp\/v2\/tags?post=5950"}],"curies":[{"name":"wp","href":"https:\/\/api.w.org\/{rel}","templated":true}]}}