{"id":5934,"date":"2009-07-13T23:39:20","date_gmt":"2009-07-13T22:39:20","guid":{"rendered":"http:\/\/www.bellunopress.it\/?p=5934"},"modified":"2009-07-13T23:57:09","modified_gmt":"2009-07-13T22:57:09","slug":"sabato-apre-la-mostra-sulla-i-guerra-mondiale-a-rocca-pietore","status":"publish","type":"post","link":"https:\/\/www.bellunopress.it\/fr\/2009\/07\/13\/sabato-apre-la-mostra-sulla-i-guerra-mondiale-a-rocca-pietore\/","title":{"rendered":"Sabato apre la mostra sulla I guerra mondiale a Rocca Pietore"},"content":{"rendered":"<div class=\"mceTemp\">\n<dl id=\"attachment_5935\" class=\"wp-caption alignleft\" style=\"width: 250px;\">\n<dt class=\"wp-caption-dt\"><a href=\"http:\/\/www.bellunopress.it\/wp-content\/uploads\/2009\/07\/mitragliatrice.jpg\"><img loading=\"lazy\" decoding=\"async\" class=\"size-medium wp-image-5935\" title=\"mitragliatrice\" src=\"http:\/\/www.bellunopress.it\/wp-content\/uploads\/2009\/07\/mitragliatrice.jpg\" alt=\"La mitragliatrice Schwarzlose rubata al Museo 7mo alpini\" width=\"240\" height=\"180\" \/><\/a><\/dt>\n<\/dl>\n<\/div>\n<p>&#8220;Dalla Marmolada al Col di Lana&#8221; tre anni di guerra. Sabato 18 luglio alle ore 10.30 sar\u00e0 inaugurata alla Scuola materna di Sottoguda (Rocca Pietore), la mostra fotografica e di cimeli dedicata alla Prima guerra mondiale. Gli appassionati del settore, troveranno pezzi molto interessanti e rari, come la mitragliatrice austriaca Schwarzlose, impiegata sul fronte italiano e diventata in molti casi preda bellica. L&#8217;arma \u00e8 stata usata dall&#8217;Esercito italiano fino alla II Guerra mondiale, nella Campagna d&#8217;Africa. Un esemplare di Schwarzlose, che aveva una cadenza di tiro di 400 colpi al minuto, era custodita al Museo del 7mo Alpini a Villa Pat. Ma \u00e8 stata sottratta circa un mese fa da ignoti, insieme ad altre armi da collezione peraltro disattivate.<\/p>","protected":false},"excerpt":{"rendered":"<p>&#8220;Dalla Marmolada al Col di Lana&#8221; tre anni di guerra. Sabato 18 luglio alle ore 10.30 sar\u00e0 inaugurata alla Scuola materna di Sottoguda (Rocca Pietore), la mostra fotografica e di cimeli dedicata alla Prima guerra mondiale. Gli appassionati del settore, troveranno pezzi molto interessanti e rari, come la mitragliatrice austriaca Schwarzlose, impiegata sul fronte italiano [&hellip;]<\/p>\n","protected":false},"author":2,"featured_media":0,"comment_status":"closed","ping_status":"open","sticky":false,"template":"","format":"standard","meta":{"footnotes":""},"categories":[3,25],"tags":[139],"class_list":["post-5934","post","type-post","status-publish","format-standard","category-arte-cultura-spettacoli-scienza-archivi","category-pausa-caffe","tag-belluno"],"yoast_head":"<!-- This site is optimized with the Yoast SEO plugin v28.4 - https:\/\/yoast.com\/product\/yoast-seo-wordpress\/ -->\n<title>Sabato apre la mostra sulla I guerra mondiale a Rocca Pietore - Bellunopress - Dolomiti<\/title>\n<meta name=\"robots\" content=\"index, follow, max-snippet:-1, max-image-preview:large, max-video-preview:-1\" \/>\n<link rel=\"canonical\" href=\"https:\/\/www.bellunopress.it\/fr\/2009\/07\/13\/sabato-apre-la-mostra-sulla-i-guerra-mondiale-a-rocca-pietore\/\" \/>\n<meta property=\"og:locale\" content=\"fr_FR\" \/>\n<meta property=\"og:type\" content=\"article\" \/>\n<meta property=\"og:title\" content=\"Sabato apre la mostra sulla I guerra mondiale a Rocca Pietore - Bellunopress - Dolomiti\" \/>\n<meta property=\"og:description\" content=\"&#8220;Dalla Marmolada al Col di Lana&#8221; tre anni di guerra. Sabato 18 luglio alle ore 10.30 sar\u00e0 inaugurata alla Scuola materna di Sottoguda (Rocca Pietore), la mostra fotografica e di cimeli dedicata alla Prima guerra mondiale. Gli appassionati del settore, troveranno pezzi molto interessanti e rari, come la mitragliatrice austriaca Schwarzlose, impiegata sul fronte italiano [&hellip;]\" \/>\n<meta property=\"og:url\" content=\"https:\/\/www.bellunopress.it\/fr\/2009\/07\/13\/sabato-apre-la-mostra-sulla-i-guerra-mondiale-a-rocca-pietore\/\" \/>\n<meta property=\"og:site_name\" content=\"Bellunopress - Dolomiti\" \/>\n<meta property=\"article:publisher\" content=\"https:\/\/www.facebook.com\/profile.php?id=100008943462799\" \/>\n<meta property=\"article:published_time\" content=\"2009-07-13T22:39:20+00:00\" \/>\n<meta property=\"article:modified_time\" content=\"2009-07-13T22:57:09+00:00\" \/>\n<meta property=\"og:image\" content=\"http:\/\/www.bellunopress.it\/wp-content\/uploads\/2009\/07\/mitragliatrice.jpg\" \/>\n<meta name=\"author\" content=\"redazione\" \/>\n<meta name=\"twitter:card\" content=\"summary_large_image\" \/>\n<meta name=\"twitter:creator\" content=\"@bellunopress\" \/>\n<meta name=\"twitter:site\" content=\"@bellunopress\" \/>\n<meta name=\"twitter:label1\" content=\"\u00c9crit par\" \/>\n\t<meta name=\"twitter:data1\" content=\"redazione\" \/>\n\t<meta name=\"twitter:label2\" content=\"Dur\u00e9e de lecture estim\u00e9e\" \/>\n\t<meta name=\"twitter:data2\" content=\"1 minute\" \/>\n<script type=\"application\/ld+json\" class=\"yoast-schema-graph\">{\"@context\":\"https:\\\/\\\/schema.org\",\"@graph\":[{\"@type\":\"Article\",\"@id\":\"https:\\\/\\\/www.bellunopress.it\\\/2009\\\/07\\\/13\\\/sabato-apre-la-mostra-sulla-i-guerra-mondiale-a-rocca-pietore\\\/#article\",\"isPartOf\":{\"@id\":\"https:\\\/\\\/www.bellunopress.it\\\/2009\\\/07\\\/13\\\/sabato-apre-la-mostra-sulla-i-guerra-mondiale-a-rocca-pietore\\\/\"},\"author\":{\"name\":\"redazione\",\"@id\":\"https:\\\/\\\/www.bellunopress.it\\\/#\\\/schema\\\/person\\\/79bb06722b37ece1c03d3e94beb30d73\"},\"headline\":\"Sabato apre la mostra sulla I guerra mondiale a Rocca Pietore\",\"datePublished\":\"2009-07-13T22:39:20+00:00\",\"dateModified\":\"2009-07-13T22:57:09+00:00\",\"mainEntityOfPage\":{\"@id\":\"https:\\\/\\\/www.bellunopress.it\\\/2009\\\/07\\\/13\\\/sabato-apre-la-mostra-sulla-i-guerra-mondiale-a-rocca-pietore\\\/\"},\"wordCount\":128,\"publisher\":{\"@id\":\"https:\\\/\\\/www.bellunopress.it\\\/#organization\"},\"image\":{\"@id\":\"https:\\\/\\\/www.bellunopress.it\\\/2009\\\/07\\\/13\\\/sabato-apre-la-mostra-sulla-i-guerra-mondiale-a-rocca-pietore\\\/#primaryimage\"},\"thumbnailUrl\":\"http:\\\/\\\/www.bellunopress.it\\\/wp-content\\\/uploads\\\/2009\\\/07\\\/mitragliatrice.jpg\",\"keywords\":[\"Belluno\"],\"articleSection\":[\"Arte, Cultura, Spettacoli, Scienza\",\"Pausa Caff\u00e8\"],\"inLanguage\":\"fr-FR\"},{\"@type\":\"WebPage\",\"@id\":\"https:\\\/\\\/www.bellunopress.it\\\/2009\\\/07\\\/13\\\/sabato-apre-la-mostra-sulla-i-guerra-mondiale-a-rocca-pietore\\\/\",\"url\":\"https:\\\/\\\/www.bellunopress.it\\\/2009\\\/07\\\/13\\\/sabato-apre-la-mostra-sulla-i-guerra-mondiale-a-rocca-pietore\\\/\",\"name\":\"Sabato apre la mostra sulla I guerra mondiale a Rocca Pietore - Bellunopress - Dolomiti\",\"isPartOf\":{\"@id\":\"https:\\\/\\\/www.bellunopress.it\\\/#website\"},\"primaryImageOfPage\":{\"@id\":\"https:\\\/\\\/www.bellunopress.it\\\/2009\\\/07\\\/13\\\/sabato-apre-la-mostra-sulla-i-guerra-mondiale-a-rocca-pietore\\\/#primaryimage\"},\"image\":{\"@id\":\"https:\\\/\\\/www.bellunopress.it\\\/2009\\\/07\\\/13\\\/sabato-apre-la-mostra-sulla-i-guerra-mondiale-a-rocca-pietore\\\/#primaryimage\"},\"thumbnailUrl\":\"http:\\\/\\\/www.bellunopress.it\\\/wp-content\\\/uploads\\\/2009\\\/07\\\/mitragliatrice.jpg\",\"datePublished\":\"2009-07-13T22:39:20+00:00\",\"dateModified\":\"2009-07-13T22:57:09+00:00\",\"breadcrumb\":{\"@id\":\"https:\\\/\\\/www.bellunopress.it\\\/2009\\\/07\\\/13\\\/sabato-apre-la-mostra-sulla-i-guerra-mondiale-a-rocca-pietore\\\/#breadcrumb\"},\"inLanguage\":\"fr-FR\",\"potentialAction\":[{\"@type\":\"ReadAction\",\"target\":[\"https:\\\/\\\/www.bellunopress.it\\\/2009\\\/07\\\/13\\\/sabato-apre-la-mostra-sulla-i-guerra-mondiale-a-rocca-pietore\\\/\"]}]},{\"@type\":\"ImageObject\",\"inLanguage\":\"fr-FR\",\"@id\":\"https:\\\/\\\/www.bellunopress.it\\\/2009\\\/07\\\/13\\\/sabato-apre-la-mostra-sulla-i-guerra-mondiale-a-rocca-pietore\\\/#primaryimage\",\"url\":\"http:\\\/\\\/www.bellunopress.it\\\/wp-content\\\/uploads\\\/2009\\\/07\\\/mitragliatrice.jpg\",\"contentUrl\":\"http:\\\/\\\/www.bellunopress.it\\\/wp-content\\\/uploads\\\/2009\\\/07\\\/mitragliatrice.jpg\"},{\"@type\":\"BreadcrumbList\",\"@id\":\"https:\\\/\\\/www.bellunopress.it\\\/2009\\\/07\\\/13\\\/sabato-apre-la-mostra-sulla-i-guerra-mondiale-a-rocca-pietore\\\/#breadcrumb\",\"itemListElement\":[{\"@type\":\"ListItem\",\"position\":1,\"name\":\"Home\",\"item\":\"https:\\\/\\\/www.bellunopress.it\\\/\"},{\"@type\":\"ListItem\",\"position\":2,\"name\":\"Sabato apre la mostra sulla I guerra mondiale a Rocca Pietore\"}]},{\"@type\":\"WebSite\",\"@id\":\"https:\\\/\\\/www.bellunopress.it\\\/#website\",\"url\":\"https:\\\/\\\/www.bellunopress.it\\\/\",\"name\":\"Bellunopress - Dolomiti\",\"description\":\"e-mail: redazione@bellunopress.it\",\"publisher\":{\"@id\":\"https:\\\/\\\/www.bellunopress.it\\\/#organization\"},\"potentialAction\":[{\"@type\":\"SearchAction\",\"target\":{\"@type\":\"EntryPoint\",\"urlTemplate\":\"https:\\\/\\\/www.bellunopress.it\\\/?s={search_term_string}\"},\"query-input\":{\"@type\":\"PropertyValueSpecification\",\"valueRequired\":true,\"valueName\":\"search_term_string\"}}],\"inLanguage\":\"fr-FR\"},{\"@type\":\"Organization\",\"@id\":\"https:\\\/\\\/www.bellunopress.it\\\/#organization\",\"name\":\"Bellunopress\",\"url\":\"https:\\\/\\\/www.bellunopress.it\\\/\",\"logo\":{\"@type\":\"ImageObject\",\"inLanguage\":\"fr-FR\",\"@id\":\"https:\\\/\\\/www.bellunopress.it\\\/#\\\/schema\\\/logo\\\/image\\\/\",\"url\":\"https:\\\/\\\/www.bellunopress.it\\\/wp-content\\\/uploads\\\/2011\\\/05\\\/cropped-logo-bellunopress-.jpg\",\"contentUrl\":\"https:\\\/\\\/www.bellunopress.it\\\/wp-content\\\/uploads\\\/2011\\\/05\\\/cropped-logo-bellunopress-.jpg\",\"width\":512,\"height\":512,\"caption\":\"Bellunopress\"},\"image\":{\"@id\":\"https:\\\/\\\/www.bellunopress.it\\\/#\\\/schema\\\/logo\\\/image\\\/\"},\"sameAs\":[\"https:\\\/\\\/www.facebook.com\\\/profile.php?id=100008943462799\",\"https:\\\/\\\/x.com\\\/bellunopress\",\"https:\\\/\\\/www.linkedin.com\\\/hp\\\/?dnr=JBzUWaJfMUw8vbXJJ2tVW5-I3jZKvC4wsoxE&amp;amp;amp;amp;amp;amp;trk=nav_responsive_tab_home\",\"https:\\\/\\\/www.youtube.com\\\/channel\\\/UCxL0wu1uN0_3_7hGG0306cw\"]},{\"@type\":\"Person\",\"@id\":\"https:\\\/\\\/www.bellunopress.it\\\/#\\\/schema\\\/person\\\/79bb06722b37ece1c03d3e94beb30d73\",\"name\":\"redazione\",\"image\":{\"@type\":\"ImageObject\",\"inLanguage\":\"fr-FR\",\"@id\":\"https:\\\/\\\/secure.gravatar.com\\\/avatar\\\/37d968a2e67a6fd04c169c4bdef102d0bc5d31b2546345219e348575eb80e9a0?s=96&d=mm&r=g\",\"url\":\"https:\\\/\\\/secure.gravatar.com\\\/avatar\\\/37d968a2e67a6fd04c169c4bdef102d0bc5d31b2546345219e348575eb80e9a0?s=96&d=mm&r=g\",\"contentUrl\":\"https:\\\/\\\/secure.gravatar.com\\\/avatar\\\/37d968a2e67a6fd04c169c4bdef102d0bc5d31b2546345219e348575eb80e9a0?s=96&d=mm&r=g\",\"caption\":\"redazione\"},\"sameAs\":[\"http:\\\/\\\/www.bellunopress.it\",\"https:\\\/\\\/x.com\\\/bellunopress\"],\"url\":\"https:\\\/\\\/www.bellunopress.it\\\/fr\\\/author\\\/redazione\\\/\"}]}<\/script>\n<!-- \/ Yoast SEO plugin. -->","yoast_head_json":{"title":"Sabato apre la mostra sulla I guerra mondiale a Rocca Pietore - Bellunopress - Dolomiti","robots":{"index":"index","follow":"follow","max-snippet":"max-snippet:-1","max-image-preview":"max-image-preview:large","max-video-preview":"max-video-preview:-1"},"canonical":"https:\/\/www.bellunopress.it\/fr\/2009\/07\/13\/sabato-apre-la-mostra-sulla-i-guerra-mondiale-a-rocca-pietore\/","og_locale":"fr_FR","og_type":"article","og_title":"Sabato apre la mostra sulla I guerra mondiale a Rocca Pietore - Bellunopress - Dolomiti","og_description":"&#8220;Dalla Marmolada al Col di Lana&#8221; tre anni di guerra. Sabato 18 luglio alle ore 10.30 sar\u00e0 inaugurata alla Scuola materna di Sottoguda (Rocca Pietore), la mostra fotografica e di cimeli dedicata alla Prima guerra mondiale. Gli appassionati del settore, troveranno pezzi molto interessanti e rari, come la mitragliatrice austriaca Schwarzlose, impiegata sul fronte italiano [&hellip;]","og_url":"https:\/\/www.bellunopress.it\/fr\/2009\/07\/13\/sabato-apre-la-mostra-sulla-i-guerra-mondiale-a-rocca-pietore\/","og_site_name":"Bellunopress - Dolomiti","article_publisher":"https:\/\/www.facebook.com\/profile.php?id=100008943462799","article_published_time":"2009-07-13T22:39:20+00:00","article_modified_time":"2009-07-13T22:57:09+00:00","og_image":[{"url":"http:\/\/www.bellunopress.it\/wp-content\/uploads\/2009\/07\/mitragliatrice.jpg","type":"","width":"","height":""}],"author":"redazione","twitter_card":"summary_large_image","twitter_creator":"@bellunopress","twitter_site":"@bellunopress","twitter_misc":{"\u00c9crit par":"redazione","Dur\u00e9e de lecture estim\u00e9e":"1 minute"},"schema":{"@context":"https:\/\/schema.org","@graph":[{"@type":"Article","@id":"https:\/\/www.bellunopress.it\/2009\/07\/13\/sabato-apre-la-mostra-sulla-i-guerra-mondiale-a-rocca-pietore\/#article","isPartOf":{"@id":"https:\/\/www.bellunopress.it\/2009\/07\/13\/sabato-apre-la-mostra-sulla-i-guerra-mondiale-a-rocca-pietore\/"},"author":{"name":"redazione","@id":"https:\/\/www.bellunopress.it\/#\/schema\/person\/79bb06722b37ece1c03d3e94beb30d73"},"headline":"Sabato apre la mostra sulla I guerra mondiale a Rocca Pietore","datePublished":"2009-07-13T22:39:20+00:00","dateModified":"2009-07-13T22:57:09+00:00","mainEntityOfPage":{"@id":"https:\/\/www.bellunopress.it\/2009\/07\/13\/sabato-apre-la-mostra-sulla-i-guerra-mondiale-a-rocca-pietore\/"},"wordCount":128,"publisher":{"@id":"https:\/\/www.bellunopress.it\/#organization"},"image":{"@id":"https:\/\/www.bellunopress.it\/2009\/07\/13\/sabato-apre-la-mostra-sulla-i-guerra-mondiale-a-rocca-pietore\/#primaryimage"},"thumbnailUrl":"http:\/\/www.bellunopress.it\/wp-content\/uploads\/2009\/07\/mitragliatrice.jpg","keywords":["Belluno"],"articleSection":["Arte, Cultura, Spettacoli, Scienza","Pausa Caff\u00e8"],"inLanguage":"fr-FR"},{"@type":"WebPage","@id":"https:\/\/www.bellunopress.it\/2009\/07\/13\/sabato-apre-la-mostra-sulla-i-guerra-mondiale-a-rocca-pietore\/","url":"https:\/\/www.bellunopress.it\/2009\/07\/13\/sabato-apre-la-mostra-sulla-i-guerra-mondiale-a-rocca-pietore\/","name":"Sabato apre la mostra sulla I guerra mondiale a Rocca Pietore - Bellunopress - Dolomiti","isPartOf":{"@id":"https:\/\/www.bellunopress.it\/#website"},"primaryImageOfPage":{"@id":"https:\/\/www.bellunopress.it\/2009\/07\/13\/sabato-apre-la-mostra-sulla-i-guerra-mondiale-a-rocca-pietore\/#primaryimage"},"image":{"@id":"https:\/\/www.bellunopress.it\/2009\/07\/13\/sabato-apre-la-mostra-sulla-i-guerra-mondiale-a-rocca-pietore\/#primaryimage"},"thumbnailUrl":"http:\/\/www.bellunopress.it\/wp-content\/uploads\/2009\/07\/mitragliatrice.jpg","datePublished":"2009-07-13T22:39:20+00:00","dateModified":"2009-07-13T22:57:09+00:00","breadcrumb":{"@id":"https:\/\/www.bellunopress.it\/2009\/07\/13\/sabato-apre-la-mostra-sulla-i-guerra-mondiale-a-rocca-pietore\/#breadcrumb"},"inLanguage":"fr-FR","potentialAction":[{"@type":"ReadAction","target":["https:\/\/www.bellunopress.it\/2009\/07\/13\/sabato-apre-la-mostra-sulla-i-guerra-mondiale-a-rocca-pietore\/"]}]},{"@type":"ImageObject","inLanguage":"fr-FR","@id":"https:\/\/www.bellunopress.it\/2009\/07\/13\/sabato-apre-la-mostra-sulla-i-guerra-mondiale-a-rocca-pietore\/#primaryimage","url":"http:\/\/www.bellunopress.it\/wp-content\/uploads\/2009\/07\/mitragliatrice.jpg","contentUrl":"http:\/\/www.bellunopress.it\/wp-content\/uploads\/2009\/07\/mitragliatrice.jpg"},{"@type":"BreadcrumbList","@id":"https:\/\/www.bellunopress.it\/2009\/07\/13\/sabato-apre-la-mostra-sulla-i-guerra-mondiale-a-rocca-pietore\/#breadcrumb","itemListElement":[{"@type":"ListItem","position":1,"name":"Home","item":"https:\/\/www.bellunopress.it\/"},{"@type":"ListItem","position":2,"name":"Sabato apre la mostra sulla I guerra mondiale a Rocca Pietore"}]},{"@type":"WebSite","@id":"https:\/\/www.bellunopress.it\/#website","url":"https:\/\/www.bellunopress.it\/","name":"Bellunopress - Dolomiti","description":"e-mail: redazione@bellunopress.it","publisher":{"@id":"https:\/\/www.bellunopress.it\/#organization"},"potentialAction":[{"@type":"SearchAction","target":{"@type":"EntryPoint","urlTemplate":"https:\/\/www.bellunopress.it\/?s={search_term_string}"},"query-input":{"@type":"PropertyValueSpecification","valueRequired":true,"valueName":"search_term_string"}}],"inLanguage":"fr-FR"},{"@type":"Organization","@id":"https:\/\/www.bellunopress.it\/#organization","name":"Bellunopress","url":"https:\/\/www.bellunopress.it\/","logo":{"@type":"ImageObject","inLanguage":"fr-FR","@id":"https:\/\/www.bellunopress.it\/#\/schema\/logo\/image\/","url":"https:\/\/www.bellunopress.it\/wp-content\/uploads\/2011\/05\/cropped-logo-bellunopress-.jpg","contentUrl":"https:\/\/www.bellunopress.it\/wp-content\/uploads\/2011\/05\/cropped-logo-bellunopress-.jpg","width":512,"height":512,"caption":"Bellunopress"},"image":{"@id":"https:\/\/www.bellunopress.it\/#\/schema\/logo\/image\/"},"sameAs":["https:\/\/www.facebook.com\/profile.php?id=100008943462799","https:\/\/x.com\/bellunopress","https:\/\/www.linkedin.com\/hp\/?dnr=JBzUWaJfMUw8vbXJJ2tVW5-I3jZKvC4wsoxE&amp;amp;amp;amp;amp;amp;trk=nav_responsive_tab_home","https:\/\/www.youtube.com\/channel\/UCxL0wu1uN0_3_7hGG0306cw"]},{"@type":"Person","@id":"https:\/\/www.bellunopress.it\/#\/schema\/person\/79bb06722b37ece1c03d3e94beb30d73","name":"r\u00e9daction","image":{"@type":"ImageObject","inLanguage":"fr-FR","@id":"https:\/\/secure.gravatar.com\/avatar\/37d968a2e67a6fd04c169c4bdef102d0bc5d31b2546345219e348575eb80e9a0?s=96&d=mm&r=g","url":"https:\/\/secure.gravatar.com\/avatar\/37d968a2e67a6fd04c169c4bdef102d0bc5d31b2546345219e348575eb80e9a0?s=96&d=mm&r=g","contentUrl":"https:\/\/secure.gravatar.com\/avatar\/37d968a2e67a6fd04c169c4bdef102d0bc5d31b2546345219e348575eb80e9a0?s=96&d=mm&r=g","caption":"redazione"},"sameAs":["http:\/\/www.bellunopress.it","https:\/\/x.com\/bellunopress"],"url":"https:\/\/www.bellunopress.it\/fr\/author\/redazione\/"}]}},"_links":{"self":[{"href":"https:\/\/www.bellunopress.it\/fr\/wp-json\/wp\/v2\/posts\/5934","targetHints":{"allow":["GET"]}}],"collection":[{"href":"https:\/\/www.bellunopress.it\/fr\/wp-json\/wp\/v2\/posts"}],"about":[{"href":"https:\/\/www.bellunopress.it\/fr\/wp-json\/wp\/v2\/types\/post"}],"author":[{"embeddable":true,"href":"https:\/\/www.bellunopress.it\/fr\/wp-json\/wp\/v2\/users\/2"}],"replies":[{"embeddable":true,"href":"https:\/\/www.bellunopress.it\/fr\/wp-json\/wp\/v2\/comments?post=5934"}],"version-history":[{"count":2,"href":"https:\/\/www.bellunopress.it\/fr\/wp-json\/wp\/v2\/posts\/5934\/revisions"}],"predecessor-version":[{"id":5937,"href":"https:\/\/www.bellunopress.it\/fr\/wp-json\/wp\/v2\/posts\/5934\/revisions\/5937"}],"wp:attachment":[{"href":"https:\/\/www.bellunopress.it\/fr\/wp-json\/wp\/v2\/media?parent=5934"}],"wp:term":[{"taxonomy":"category","embeddable":true,"href":"https:\/\/www.bellunopress.it\/fr\/wp-json\/wp\/v2\/categories?post=5934"},{"taxonomy":"post_tag","embeddable":true,"href":"https:\/\/www.bellunopress.it\/fr\/wp-json\/wp\/v2\/tags?post=5934"}],"curies":[{"name":"wp","href":"https:\/\/api.w.org\/{rel}","templated":true}]}}