{"id":5893,"date":"2009-07-12T13:48:16","date_gmt":"2009-07-12T12:48:16","guid":{"rendered":"http:\/\/www.bellunopress.it\/?p=5893"},"modified":"2009-07-12T13:48:16","modified_gmt":"2009-07-12T12:48:16","slug":"i-cantieri-del-parco-ecco-una-sintesi-degli-interventi-conclusi-in-corso-e-in-progetto","status":"publish","type":"post","link":"https:\/\/www.bellunopress.it\/fr\/2009\/07\/12\/i-cantieri-del-parco-ecco-una-sintesi-degli-interventi-conclusi-in-corso-e-in-progetto\/","title":{"rendered":"I cantieri del Parco, ecco una sintesi degli interventi conclusi, in corso e in progetto"},"content":{"rendered":"<p>In questi giorni, sulla stampa locale, sono apparsi diversi articoli che chiamano in causa il Parco quale responsabile della manutenzione di strade, rifugi, sentieri e altre infrastrutture in quota. Una chiarificazione in merito \u00e8 doverosa: il Parco non ha la responsabilit\u00e0 della manutenzione delle infrastrutture in quota. Strade, bivacchi, rifugi non sono di propriet\u00e0 del Parco e l\u2019Ente che gestisce l\u2019area protetta non ha, tra i compiti istituzionali, quello della manutenzione di queste strutture.<br \/>\nNonostante questo il Parco ha finanziato negli anni scorsi e continua a finanziare numerosi interventi di recupero, manutenzione e miglioramento delle infrastrutture, perch\u00e9 ritiene questi interventi di fondamentale importanza per garantire una ottimale fruizione della montagna da parte degli escursionisti e di chi in montagna lavora, come i boscaioli, i malgari, i gestori dei rifugi, i pastori. In questo senso il Parco e le risorse che pu\u00f2 mettere a disposizione sono un valore aggiunto per il territorio, ma le competenze in materia all\u2019interno dell\u2019are protetta non sono in carico all\u2019Ente Parco. Gli interventi sono fatti perch\u00e9 il Parco ritiene suo dovere \u201cmorale\u201d quello di assicurare e migliorare la fruibilit\u00e0 del territorio che \u00e8 chiamato a gestire. Tutti questi interventi, che assorbono tra l\u2019altro la gran parte delle risorse finanziarie a disposizione del Parco, non sono certo il primo dovere istituzionale dell\u2019area protetta, che nasce prima di tutto per garantire la tutela dei valor naturalistici, geologici e paesaggistici. Fatta questa doverosa precisazione e per dimostrare che comunque l\u2019impegno del Parco sul fronte degli interventi\u00a0 infrastrutturali \u00e8 notevole e costante, riportiamo alcuni dati sui cantieri appena chiusi, in corso o in fase di avvio. Nel 2008 il Parco ha ultimato i lavori per la ristrutturazione de La Santina, trasformata in centro di educazione ambientale; inaugurato il giardino botanico \u201cCampanula morettiana\u201d in Val Brenton e il deposito interrato a servizio del centro per il volontariato di Agre (ospitato in un antico ospizio medievale, restaurato anch\u2019esso a spese del Parco negli anni scorsi).<br \/>\nSolo questi tre cantieri hanno impegnato risorse per oltre 900.000 euro.<br \/>\nAl momento sono in corso i lavori di completamento del centro culturale Piero Rossi, ospitato nella ex caserma dei vigili del fuoco di Belluno, la riqualificazione dell\u2019intera area di Pian Falcina; il ripristino (a tempi di record) della strada per il rifugio Dal Piaz e malga Vette Grandi, devastata dalle abbondanti nevicate e conseguenti slavine dell\u2019inverno scorso. Questi tre cantieri impegnano risorse per oltre 2.100.000 euro<br \/>\nTra i lavori in appalto o in progetto ci sono: la copertura fotovoltaica del parcheggio della sede del Parco, l\u2019impianto fotovoltaico a servizio del ristorante di Col dei Mich, la realizzazione del punto ristoro e informazioni a Pian d\u2019Avena, l\u2019area per camper a Candaten e il recupero delle gallerie di Valle Imperina.\u00a0 Questi interventi impegnano risorse per oltre 1,5 milioni di euro.<br \/>\nSi tratta di cifre e interventi di tutto rilievo, soprattutto considerando che le risorse economiche a disposizione dell\u2019Ente sono limitate e in costante riduzione e che molte di queste realizzazioni non rientrano tra le finalit\u00e0 istitutive \u201cprimarie\u201d del Parco.<br \/>\nAltro rilievo mosso al Parco in questi giorni riguarda il presunto scarso coinvolgimento di professionisti e imprese locali nei lavori pubblici curati dall\u2019Ente.<br \/>\nDegli 11 cantieri citati 5 hanno una progettazione e direzione lavori affidata a professionisti non bellunesi, mentre negli altri 6 progettazione e direzione lavori sono curate da architetti o ingegneri locali.<br \/>\nPer quanto riguarda le imprese che hanno realizzato i lavori, gli arredi o altre forniture si tratta esclusivamente di ditte bellunesi o, in qualche caso, venete.<br \/>\nSono bellunesi le due ditte che hanno curato La Santina; la Comunit\u00e0 montana Val belluna e una ditta locale hanno realizzato il giardino botanico; una ditta trevigiana il deposito interrato di Agre. Ancora, quattro ditte bellunesi hanno curato il centro culturale Piero Rossi di Belluno; sei ditte bellunesi, una di Verona e due di Padova hanno lavorato in Pian Falcina. I servizi forestali regionali e una ditta bellunese hanno sistemato la strada delle Vette.<br \/>\nDati ancora pi\u00f9 dettagliati,con l\u2019importo dei lavori eseguiti, incorso o in fase di progettazione sono riportati nella tabella allegata a questo comunicato.<br \/>\n\u201cLa trasparenza, come ho gi\u00e0 sottolineato spesso \u2013 ha dichiarato il Direttore del Parco Nino Martino \u2013 \u00e8 uno dei presupposti alla base del nostro lavoro. L\u2019altro \u00e8 la costante attenzione al territorio, intesa non solo come cura e manutenzione dei beni naturali che ci sono affidati, ma anche come coinvolgimento diretto, in tutti i nostri interventi, delle professionalit\u00e0, delle maestranze e delle risorse umane espresse dalle nostre comunit\u00e0 locali. Il Parco \u00e8 di tutti, ma soprattutto \u00e8 di chi risiede in questi territori. Facendo lavorare nel Parco coloro che ci abitano, ovviamente nel pieno e assoluto rispetto\u00a0 delle normative in materia di lavori pubblici e forniture, facciamo in modo di far sentire ancora pi\u00f9 vicino il Parco alle genti bellunesi\u201d.<\/p>","protected":false},"excerpt":{"rendered":"<p>In questi giorni, sulla stampa locale, sono apparsi diversi articoli che chiamano in causa il Parco quale responsabile della manutenzione di strade, rifugi, sentieri e altre infrastrutture in quota. Una chiarificazione in merito \u00e8 doverosa: il Parco non ha la responsabilit\u00e0 della manutenzione delle infrastrutture in quota. Strade, bivacchi, rifugi non sono di propriet\u00e0 del [&hellip;]<\/p>\n","protected":false},"author":2,"featured_media":0,"comment_status":"closed","ping_status":"open","sticky":false,"template":"","format":"standard","meta":{"footnotes":""},"categories":[5,38,26],"tags":[139],"class_list":["post-5893","post","type-post","status-publish","format-standard","category-cronaca","category-natura-ambiente","category-prima-pagina","tag-belluno"],"yoast_head":"<!-- This site is optimized with the Yoast SEO plugin v28.4 - https:\/\/yoast.com\/product\/yoast-seo-wordpress\/ -->\n<title>I cantieri del Parco, ecco una sintesi degli interventi conclusi, in corso e in progetto - Bellunopress - Dolomiti<\/title>\n<meta name=\"robots\" content=\"index, follow, max-snippet:-1, max-image-preview:large, max-video-preview:-1\" \/>\n<link rel=\"canonical\" href=\"https:\/\/www.bellunopress.it\/fr\/2009\/07\/12\/i-cantieri-del-parco-ecco-una-sintesi-degli-interventi-conclusi-in-corso-e-in-progetto\/\" \/>\n<meta property=\"og:locale\" content=\"fr_FR\" \/>\n<meta property=\"og:type\" content=\"article\" \/>\n<meta property=\"og:title\" content=\"I cantieri del Parco, ecco una sintesi degli interventi conclusi, in corso e in progetto - Bellunopress - Dolomiti\" \/>\n<meta property=\"og:description\" content=\"In questi giorni, sulla stampa locale, sono apparsi diversi articoli che chiamano in causa il Parco quale responsabile della manutenzione di strade, rifugi, sentieri e altre infrastrutture in quota. Una chiarificazione in merito \u00e8 doverosa: il Parco non ha la responsabilit\u00e0 della manutenzione delle infrastrutture in quota. Strade, bivacchi, rifugi non sono di propriet\u00e0 del [&hellip;]\" \/>\n<meta property=\"og:url\" content=\"https:\/\/www.bellunopress.it\/fr\/2009\/07\/12\/i-cantieri-del-parco-ecco-una-sintesi-degli-interventi-conclusi-in-corso-e-in-progetto\/\" \/>\n<meta property=\"og:site_name\" content=\"Bellunopress - Dolomiti\" \/>\n<meta property=\"article:publisher\" content=\"https:\/\/www.facebook.com\/profile.php?id=100008943462799\" \/>\n<meta property=\"article:published_time\" content=\"2009-07-12T12:48:16+00:00\" \/>\n<meta property=\"og:image\" content=\"http:\/\/www.bellunopress.it\/wp-content\/uploads\/2012\/07\/logo-bellunopress-250x250-2012.jpg\" \/>\n<meta name=\"author\" content=\"redazione\" \/>\n<meta name=\"twitter:card\" content=\"summary_large_image\" \/>\n<meta name=\"twitter:creator\" content=\"@bellunopress\" \/>\n<meta name=\"twitter:site\" content=\"@bellunopress\" \/>\n<meta name=\"twitter:label1\" content=\"\u00c9crit par\" \/>\n\t<meta name=\"twitter:data1\" content=\"redazione\" \/>\n\t<meta name=\"twitter:label2\" content=\"Dur\u00e9e de lecture estim\u00e9e\" \/>\n\t<meta name=\"twitter:data2\" content=\"4 minutes\" \/>\n<script type=\"application\/ld+json\" class=\"yoast-schema-graph\">{\"@context\":\"https:\\\/\\\/schema.org\",\"@graph\":[{\"@type\":\"Article\",\"@id\":\"https:\\\/\\\/www.bellunopress.it\\\/2009\\\/07\\\/12\\\/i-cantieri-del-parco-ecco-una-sintesi-degli-interventi-conclusi-in-corso-e-in-progetto\\\/#article\",\"isPartOf\":{\"@id\":\"https:\\\/\\\/www.bellunopress.it\\\/2009\\\/07\\\/12\\\/i-cantieri-del-parco-ecco-una-sintesi-degli-interventi-conclusi-in-corso-e-in-progetto\\\/\"},\"author\":{\"name\":\"redazione\",\"@id\":\"https:\\\/\\\/www.bellunopress.it\\\/#\\\/schema\\\/person\\\/79bb06722b37ece1c03d3e94beb30d73\"},\"headline\":\"I cantieri del Parco, ecco una sintesi degli interventi conclusi, in corso e in progetto\",\"datePublished\":\"2009-07-12T12:48:16+00:00\",\"mainEntityOfPage\":{\"@id\":\"https:\\\/\\\/www.bellunopress.it\\\/2009\\\/07\\\/12\\\/i-cantieri-del-parco-ecco-una-sintesi-degli-interventi-conclusi-in-corso-e-in-progetto\\\/\"},\"wordCount\":816,\"publisher\":{\"@id\":\"https:\\\/\\\/www.bellunopress.it\\\/#organization\"},\"keywords\":[\"Belluno\"],\"articleSection\":[\"Cronaca\\\/Politica\",\"Meteo, natura, ambiente, animali\",\"Prima Pagina\"],\"inLanguage\":\"fr-FR\"},{\"@type\":\"WebPage\",\"@id\":\"https:\\\/\\\/www.bellunopress.it\\\/2009\\\/07\\\/12\\\/i-cantieri-del-parco-ecco-una-sintesi-degli-interventi-conclusi-in-corso-e-in-progetto\\\/\",\"url\":\"https:\\\/\\\/www.bellunopress.it\\\/2009\\\/07\\\/12\\\/i-cantieri-del-parco-ecco-una-sintesi-degli-interventi-conclusi-in-corso-e-in-progetto\\\/\",\"name\":\"I cantieri del Parco, ecco una sintesi degli interventi conclusi, in corso e in progetto - Bellunopress - Dolomiti\",\"isPartOf\":{\"@id\":\"https:\\\/\\\/www.bellunopress.it\\\/#website\"},\"datePublished\":\"2009-07-12T12:48:16+00:00\",\"breadcrumb\":{\"@id\":\"https:\\\/\\\/www.bellunopress.it\\\/2009\\\/07\\\/12\\\/i-cantieri-del-parco-ecco-una-sintesi-degli-interventi-conclusi-in-corso-e-in-progetto\\\/#breadcrumb\"},\"inLanguage\":\"fr-FR\",\"potentialAction\":[{\"@type\":\"ReadAction\",\"target\":[\"https:\\\/\\\/www.bellunopress.it\\\/2009\\\/07\\\/12\\\/i-cantieri-del-parco-ecco-una-sintesi-degli-interventi-conclusi-in-corso-e-in-progetto\\\/\"]}]},{\"@type\":\"BreadcrumbList\",\"@id\":\"https:\\\/\\\/www.bellunopress.it\\\/2009\\\/07\\\/12\\\/i-cantieri-del-parco-ecco-una-sintesi-degli-interventi-conclusi-in-corso-e-in-progetto\\\/#breadcrumb\",\"itemListElement\":[{\"@type\":\"ListItem\",\"position\":1,\"name\":\"Home\",\"item\":\"https:\\\/\\\/www.bellunopress.it\\\/\"},{\"@type\":\"ListItem\",\"position\":2,\"name\":\"I cantieri del Parco, ecco una sintesi degli interventi conclusi, in corso e in progetto\"}]},{\"@type\":\"WebSite\",\"@id\":\"https:\\\/\\\/www.bellunopress.it\\\/#website\",\"url\":\"https:\\\/\\\/www.bellunopress.it\\\/\",\"name\":\"Bellunopress - Dolomiti\",\"description\":\"e-mail: redazione@bellunopress.it\",\"publisher\":{\"@id\":\"https:\\\/\\\/www.bellunopress.it\\\/#organization\"},\"potentialAction\":[{\"@type\":\"SearchAction\",\"target\":{\"@type\":\"EntryPoint\",\"urlTemplate\":\"https:\\\/\\\/www.bellunopress.it\\\/?s={search_term_string}\"},\"query-input\":{\"@type\":\"PropertyValueSpecification\",\"valueRequired\":true,\"valueName\":\"search_term_string\"}}],\"inLanguage\":\"fr-FR\"},{\"@type\":\"Organization\",\"@id\":\"https:\\\/\\\/www.bellunopress.it\\\/#organization\",\"name\":\"Bellunopress\",\"url\":\"https:\\\/\\\/www.bellunopress.it\\\/\",\"logo\":{\"@type\":\"ImageObject\",\"inLanguage\":\"fr-FR\",\"@id\":\"https:\\\/\\\/www.bellunopress.it\\\/#\\\/schema\\\/logo\\\/image\\\/\",\"url\":\"https:\\\/\\\/www.bellunopress.it\\\/wp-content\\\/uploads\\\/2011\\\/05\\\/cropped-logo-bellunopress-.jpg\",\"contentUrl\":\"https:\\\/\\\/www.bellunopress.it\\\/wp-content\\\/uploads\\\/2011\\\/05\\\/cropped-logo-bellunopress-.jpg\",\"width\":512,\"height\":512,\"caption\":\"Bellunopress\"},\"image\":{\"@id\":\"https:\\\/\\\/www.bellunopress.it\\\/#\\\/schema\\\/logo\\\/image\\\/\"},\"sameAs\":[\"https:\\\/\\\/www.facebook.com\\\/profile.php?id=100008943462799\",\"https:\\\/\\\/x.com\\\/bellunopress\",\"https:\\\/\\\/www.linkedin.com\\\/hp\\\/?dnr=JBzUWaJfMUw8vbXJJ2tVW5-I3jZKvC4wsoxE&amp;amp;amp;amp;amp;amp;trk=nav_responsive_tab_home\",\"https:\\\/\\\/www.youtube.com\\\/channel\\\/UCxL0wu1uN0_3_7hGG0306cw\"]},{\"@type\":\"Person\",\"@id\":\"https:\\\/\\\/www.bellunopress.it\\\/#\\\/schema\\\/person\\\/79bb06722b37ece1c03d3e94beb30d73\",\"name\":\"redazione\",\"image\":{\"@type\":\"ImageObject\",\"inLanguage\":\"fr-FR\",\"@id\":\"https:\\\/\\\/secure.gravatar.com\\\/avatar\\\/37d968a2e67a6fd04c169c4bdef102d0bc5d31b2546345219e348575eb80e9a0?s=96&d=mm&r=g\",\"url\":\"https:\\\/\\\/secure.gravatar.com\\\/avatar\\\/37d968a2e67a6fd04c169c4bdef102d0bc5d31b2546345219e348575eb80e9a0?s=96&d=mm&r=g\",\"contentUrl\":\"https:\\\/\\\/secure.gravatar.com\\\/avatar\\\/37d968a2e67a6fd04c169c4bdef102d0bc5d31b2546345219e348575eb80e9a0?s=96&d=mm&r=g\",\"caption\":\"redazione\"},\"sameAs\":[\"http:\\\/\\\/www.bellunopress.it\",\"https:\\\/\\\/x.com\\\/bellunopress\"],\"url\":\"https:\\\/\\\/www.bellunopress.it\\\/fr\\\/author\\\/redazione\\\/\"}]}<\/script>\n<!-- \/ Yoast SEO plugin. -->","yoast_head_json":{"title":"I cantieri del Parco, ecco una sintesi degli interventi conclusi, in corso e in progetto - Bellunopress - Dolomiti","robots":{"index":"index","follow":"follow","max-snippet":"max-snippet:-1","max-image-preview":"max-image-preview:large","max-video-preview":"max-video-preview:-1"},"canonical":"https:\/\/www.bellunopress.it\/fr\/2009\/07\/12\/i-cantieri-del-parco-ecco-una-sintesi-degli-interventi-conclusi-in-corso-e-in-progetto\/","og_locale":"fr_FR","og_type":"article","og_title":"I cantieri del Parco, ecco una sintesi degli interventi conclusi, in corso e in progetto - Bellunopress - Dolomiti","og_description":"In questi giorni, sulla stampa locale, sono apparsi diversi articoli che chiamano in causa il Parco quale responsabile della manutenzione di strade, rifugi, sentieri e altre infrastrutture in quota. Una chiarificazione in merito \u00e8 doverosa: il Parco non ha la responsabilit\u00e0 della manutenzione delle infrastrutture in quota. Strade, bivacchi, rifugi non sono di propriet\u00e0 del [&hellip;]","og_url":"https:\/\/www.bellunopress.it\/fr\/2009\/07\/12\/i-cantieri-del-parco-ecco-una-sintesi-degli-interventi-conclusi-in-corso-e-in-progetto\/","og_site_name":"Bellunopress - Dolomiti","article_publisher":"https:\/\/www.facebook.com\/profile.php?id=100008943462799","article_published_time":"2009-07-12T12:48:16+00:00","og_image":[{"url":"http:\/\/www.bellunopress.it\/wp-content\/uploads\/2012\/07\/logo-bellunopress-250x250-2012.jpg","type":"","width":"","height":""}],"author":"redazione","twitter_card":"summary_large_image","twitter_creator":"@bellunopress","twitter_site":"@bellunopress","twitter_misc":{"\u00c9crit par":"redazione","Dur\u00e9e de lecture estim\u00e9e":"4 minutes"},"schema":{"@context":"https:\/\/schema.org","@graph":[{"@type":"Article","@id":"https:\/\/www.bellunopress.it\/2009\/07\/12\/i-cantieri-del-parco-ecco-una-sintesi-degli-interventi-conclusi-in-corso-e-in-progetto\/#article","isPartOf":{"@id":"https:\/\/www.bellunopress.it\/2009\/07\/12\/i-cantieri-del-parco-ecco-una-sintesi-degli-interventi-conclusi-in-corso-e-in-progetto\/"},"author":{"name":"redazione","@id":"https:\/\/www.bellunopress.it\/#\/schema\/person\/79bb06722b37ece1c03d3e94beb30d73"},"headline":"I cantieri del Parco, ecco una sintesi degli interventi conclusi, in corso e in progetto","datePublished":"2009-07-12T12:48:16+00:00","mainEntityOfPage":{"@id":"https:\/\/www.bellunopress.it\/2009\/07\/12\/i-cantieri-del-parco-ecco-una-sintesi-degli-interventi-conclusi-in-corso-e-in-progetto\/"},"wordCount":816,"publisher":{"@id":"https:\/\/www.bellunopress.it\/#organization"},"keywords":["Belluno"],"articleSection":["Cronaca\/Politica","Meteo, natura, ambiente, animali","Prima Pagina"],"inLanguage":"fr-FR"},{"@type":"WebPage","@id":"https:\/\/www.bellunopress.it\/2009\/07\/12\/i-cantieri-del-parco-ecco-una-sintesi-degli-interventi-conclusi-in-corso-e-in-progetto\/","url":"https:\/\/www.bellunopress.it\/2009\/07\/12\/i-cantieri-del-parco-ecco-una-sintesi-degli-interventi-conclusi-in-corso-e-in-progetto\/","name":"I cantieri del Parco, ecco una sintesi degli interventi conclusi, in corso e in progetto - Bellunopress - Dolomiti","isPartOf":{"@id":"https:\/\/www.bellunopress.it\/#website"},"datePublished":"2009-07-12T12:48:16+00:00","breadcrumb":{"@id":"https:\/\/www.bellunopress.it\/2009\/07\/12\/i-cantieri-del-parco-ecco-una-sintesi-degli-interventi-conclusi-in-corso-e-in-progetto\/#breadcrumb"},"inLanguage":"fr-FR","potentialAction":[{"@type":"ReadAction","target":["https:\/\/www.bellunopress.it\/2009\/07\/12\/i-cantieri-del-parco-ecco-una-sintesi-degli-interventi-conclusi-in-corso-e-in-progetto\/"]}]},{"@type":"BreadcrumbList","@id":"https:\/\/www.bellunopress.it\/2009\/07\/12\/i-cantieri-del-parco-ecco-una-sintesi-degli-interventi-conclusi-in-corso-e-in-progetto\/#breadcrumb","itemListElement":[{"@type":"ListItem","position":1,"name":"Home","item":"https:\/\/www.bellunopress.it\/"},{"@type":"ListItem","position":2,"name":"I cantieri del Parco, ecco una sintesi degli interventi conclusi, in corso e in progetto"}]},{"@type":"WebSite","@id":"https:\/\/www.bellunopress.it\/#website","url":"https:\/\/www.bellunopress.it\/","name":"Bellunopress - Dolomiti","description":"e-mail: redazione@bellunopress.it","publisher":{"@id":"https:\/\/www.bellunopress.it\/#organization"},"potentialAction":[{"@type":"SearchAction","target":{"@type":"EntryPoint","urlTemplate":"https:\/\/www.bellunopress.it\/?s={search_term_string}"},"query-input":{"@type":"PropertyValueSpecification","valueRequired":true,"valueName":"search_term_string"}}],"inLanguage":"fr-FR"},{"@type":"Organization","@id":"https:\/\/www.bellunopress.it\/#organization","name":"Bellunopress","url":"https:\/\/www.bellunopress.it\/","logo":{"@type":"ImageObject","inLanguage":"fr-FR","@id":"https:\/\/www.bellunopress.it\/#\/schema\/logo\/image\/","url":"https:\/\/www.bellunopress.it\/wp-content\/uploads\/2011\/05\/cropped-logo-bellunopress-.jpg","contentUrl":"https:\/\/www.bellunopress.it\/wp-content\/uploads\/2011\/05\/cropped-logo-bellunopress-.jpg","width":512,"height":512,"caption":"Bellunopress"},"image":{"@id":"https:\/\/www.bellunopress.it\/#\/schema\/logo\/image\/"},"sameAs":["https:\/\/www.facebook.com\/profile.php?id=100008943462799","https:\/\/x.com\/bellunopress","https:\/\/www.linkedin.com\/hp\/?dnr=JBzUWaJfMUw8vbXJJ2tVW5-I3jZKvC4wsoxE&amp;amp;amp;amp;amp;amp;trk=nav_responsive_tab_home","https:\/\/www.youtube.com\/channel\/UCxL0wu1uN0_3_7hGG0306cw"]},{"@type":"Person","@id":"https:\/\/www.bellunopress.it\/#\/schema\/person\/79bb06722b37ece1c03d3e94beb30d73","name":"r\u00e9daction","image":{"@type":"ImageObject","inLanguage":"fr-FR","@id":"https:\/\/secure.gravatar.com\/avatar\/37d968a2e67a6fd04c169c4bdef102d0bc5d31b2546345219e348575eb80e9a0?s=96&d=mm&r=g","url":"https:\/\/secure.gravatar.com\/avatar\/37d968a2e67a6fd04c169c4bdef102d0bc5d31b2546345219e348575eb80e9a0?s=96&d=mm&r=g","contentUrl":"https:\/\/secure.gravatar.com\/avatar\/37d968a2e67a6fd04c169c4bdef102d0bc5d31b2546345219e348575eb80e9a0?s=96&d=mm&r=g","caption":"redazione"},"sameAs":["http:\/\/www.bellunopress.it","https:\/\/x.com\/bellunopress"],"url":"https:\/\/www.bellunopress.it\/fr\/author\/redazione\/"}]}},"_links":{"self":[{"href":"https:\/\/www.bellunopress.it\/fr\/wp-json\/wp\/v2\/posts\/5893","targetHints":{"allow":["GET"]}}],"collection":[{"href":"https:\/\/www.bellunopress.it\/fr\/wp-json\/wp\/v2\/posts"}],"about":[{"href":"https:\/\/www.bellunopress.it\/fr\/wp-json\/wp\/v2\/types\/post"}],"author":[{"embeddable":true,"href":"https:\/\/www.bellunopress.it\/fr\/wp-json\/wp\/v2\/users\/2"}],"replies":[{"embeddable":true,"href":"https:\/\/www.bellunopress.it\/fr\/wp-json\/wp\/v2\/comments?post=5893"}],"version-history":[{"count":1,"href":"https:\/\/www.bellunopress.it\/fr\/wp-json\/wp\/v2\/posts\/5893\/revisions"}],"predecessor-version":[{"id":5894,"href":"https:\/\/www.bellunopress.it\/fr\/wp-json\/wp\/v2\/posts\/5893\/revisions\/5894"}],"wp:attachment":[{"href":"https:\/\/www.bellunopress.it\/fr\/wp-json\/wp\/v2\/media?parent=5893"}],"wp:term":[{"taxonomy":"category","embeddable":true,"href":"https:\/\/www.bellunopress.it\/fr\/wp-json\/wp\/v2\/categories?post=5893"},{"taxonomy":"post_tag","embeddable":true,"href":"https:\/\/www.bellunopress.it\/fr\/wp-json\/wp\/v2\/tags?post=5893"}],"curies":[{"name":"wp","href":"https:\/\/api.w.org\/{rel}","templated":true}]}}