{"id":5871,"date":"2009-07-11T10:11:21","date_gmt":"2009-07-11T09:11:21","guid":{"rendered":"http:\/\/www.bellunopress.it\/?p=5871"},"modified":"2009-07-11T10:11:21","modified_gmt":"2009-07-11T09:11:21","slug":"martedi-cortina-in-croda-incontra-oltre-le-vette","status":"publish","type":"post","link":"https:\/\/www.bellunopress.it\/fr\/2009\/07\/11\/martedi-cortina-in-croda-incontra-oltre-le-vette\/","title":{"rendered":"Marted\u00ec &#8220;Cortina in Croda&#8221; incontra &#8220;Oltre le Vette&#8221;"},"content":{"rendered":"<p><a href=\"http:\/\/www.bellunopress.it\/wp-content\/uploads\/2009\/07\/cortinaincroda-leggera.jpg\"><img loading=\"lazy\" decoding=\"async\" class=\"alignleft size-medium wp-image-5787\" title=\"cortinaincroda-leggera\" src=\"http:\/\/www.bellunopress.it\/wp-content\/uploads\/2009\/07\/cortinaincroda-leggera-300x155.jpg\" alt=\"\" width=\"300\" height=\"155\" \/><\/a>Il prossimo appuntamento nel fitto calendario di \u201cCortina inCroda\u201d \u00e8 per marted\u00ec 14 luglioalle 21 al cinema\u00a0 teatro Alexander Girardi. \u201cinCroda\u201d c\u2019\u00e8 \u201cOltre le Vette\u201d. La manifestazione bellunese si racconta prima della 13\u00aa edizione e ricorda l\u2019amico Giuliano De Marchi. Ospite Flavio Faoro direttore artistico di \u201cOltre le Vette\u201d.<br \/>\nIn tutte le serate al cinema teatro Alexander Girardi di Cortina interverr\u00e0 lo scrittore, alpinista e amico degli Scoiattoli Mauro Corona, opinionista di \u201cCortina inCroda\u201d.\u00a0 Tutte le serate al cinema teatro Alexander Girardi sono ad ingresso libero. Presso l\u2019Ufficio Informazioni del Consorzio \u201cCortina Turismo\u201d in piazza Roma \u00e8 aperta la prenotazione dei biglietti per partecipare alla festa finale di \u201cCortina inCroda\u201d, il Party Verticale, che si terr\u00e0 il 1\u00b0 agosto al rifugio Scoiattoli in Cinque Torri con la musica di Dj Set Alessio Bertallot. Il biglietto costa 25 Euro e comprende la salita e la discesa in seggiovia, un gadget pensato dagli Scoiattoli per celebrare il loro settantesimo anno di nascita e la cena al rifugio Scoiattoli. Le simpatiche magliette rosse del Settantesimo, le giacche e le scarpe degli Scoiattoli sonoin vendita anche presso il negozio K2 Sport di Mario Lacedelli in via Cesare Battisti a Cortina d\u2019Ampezzo. Durante le serate al cinema teatro Alexander Girardi sar\u00e0 possibile acquistare il vino etichettato per il settantesimo prodotto dalla Cooperativa \u201cCento pi\u00f9 uno Gris\u201d, le bandiere degli Scoiattoli che ormai sventolano in tutta Cortina d\u2019Ampezzo, le magliette rosse del settantesimo, le tazze e gli altri simpatici gadget che il sodalizio ampezzano ha realizzato per ricordare i Settanta anni dalla loro fondazione.Dopo il grande successo di pubblico che le prime serate hanno registrato l\u2019Amministrazione Comunale ha deciso che, dalle 20 alle 8 di mattina, il parcheggio di Pontechiesa sar\u00e0 gratuito per tutti coloro che vorranno assistere agli incontri di \u201cCortina inCroda\u201d.<\/p>","protected":false},"excerpt":{"rendered":"<p>Il prossimo appuntamento nel fitto calendario di \u201cCortina inCroda\u201d \u00e8 per marted\u00ec 14 luglioalle 21 al cinema\u00a0 teatro Alexander Girardi. \u201cinCroda\u201d c\u2019\u00e8 \u201cOltre le Vette\u201d. La manifestazione bellunese si racconta prima della 13\u00aa edizione e ricorda l\u2019amico Giuliano De Marchi. Ospite Flavio Faoro direttore artistico di \u201cOltre le Vette\u201d. In tutte le serate al cinema [&hellip;]<\/p>\n","protected":false},"author":2,"featured_media":0,"comment_status":"closed","ping_status":"open","sticky":false,"template":"","format":"standard","meta":{"footnotes":""},"categories":[3,25],"tags":[139],"class_list":["post-5871","post","type-post","status-publish","format-standard","category-arte-cultura-spettacoli-scienza-archivi","category-pausa-caffe","tag-belluno"],"yoast_head":"<!-- This site is optimized with the Yoast SEO plugin v28.4 - https:\/\/yoast.com\/product\/yoast-seo-wordpress\/ -->\n<title>Marted\u00ec &quot;Cortina in Croda&quot; incontra &quot;Oltre le Vette&quot;  - Bellunopress - Dolomiti<\/title>\n<meta name=\"robots\" content=\"index, follow, max-snippet:-1, max-image-preview:large, max-video-preview:-1\" \/>\n<link rel=\"canonical\" href=\"https:\/\/www.bellunopress.it\/fr\/2009\/07\/11\/martedi-cortina-in-croda-incontra-oltre-le-vette\/\" \/>\n<meta property=\"og:locale\" content=\"fr_FR\" \/>\n<meta property=\"og:type\" content=\"article\" \/>\n<meta property=\"og:title\" content=\"Marted\u00ec &quot;Cortina in Croda&quot; incontra &quot;Oltre le Vette&quot;  - Bellunopress - Dolomiti\" \/>\n<meta property=\"og:description\" content=\"Il prossimo appuntamento nel fitto calendario di \u201cCortina inCroda\u201d \u00e8 per marted\u00ec 14 luglioalle 21 al cinema\u00a0 teatro Alexander Girardi. \u201cinCroda\u201d c\u2019\u00e8 \u201cOltre le Vette\u201d. La manifestazione bellunese si racconta prima della 13\u00aa edizione e ricorda l\u2019amico Giuliano De Marchi. Ospite Flavio Faoro direttore artistico di \u201cOltre le Vette\u201d. In tutte le serate al cinema [&hellip;]\" \/>\n<meta property=\"og:url\" content=\"https:\/\/www.bellunopress.it\/fr\/2009\/07\/11\/martedi-cortina-in-croda-incontra-oltre-le-vette\/\" \/>\n<meta property=\"og:site_name\" content=\"Bellunopress - Dolomiti\" \/>\n<meta property=\"article:publisher\" content=\"https:\/\/www.facebook.com\/profile.php?id=100008943462799\" \/>\n<meta property=\"article:published_time\" content=\"2009-07-11T09:11:21+00:00\" \/>\n<meta property=\"og:image\" content=\"http:\/\/www.bellunopress.it\/wp-content\/uploads\/2009\/07\/cortinaincroda-leggera-300x155.jpg\" \/>\n<meta name=\"author\" content=\"redazione\" \/>\n<meta name=\"twitter:card\" content=\"summary_large_image\" \/>\n<meta name=\"twitter:creator\" content=\"@bellunopress\" \/>\n<meta name=\"twitter:site\" content=\"@bellunopress\" \/>\n<meta name=\"twitter:label1\" content=\"\u00c9crit par\" \/>\n\t<meta name=\"twitter:data1\" content=\"redazione\" \/>\n\t<meta name=\"twitter:label2\" content=\"Dur\u00e9e de lecture estim\u00e9e\" \/>\n\t<meta name=\"twitter:data2\" content=\"1 minute\" \/>\n<script type=\"application\/ld+json\" class=\"yoast-schema-graph\">{\"@context\":\"https:\\\/\\\/schema.org\",\"@graph\":[{\"@type\":\"Article\",\"@id\":\"https:\\\/\\\/www.bellunopress.it\\\/2009\\\/07\\\/11\\\/martedi-cortina-in-croda-incontra-oltre-le-vette\\\/#article\",\"isPartOf\":{\"@id\":\"https:\\\/\\\/www.bellunopress.it\\\/2009\\\/07\\\/11\\\/martedi-cortina-in-croda-incontra-oltre-le-vette\\\/\"},\"author\":{\"name\":\"redazione\",\"@id\":\"https:\\\/\\\/www.bellunopress.it\\\/#\\\/schema\\\/person\\\/79bb06722b37ece1c03d3e94beb30d73\"},\"headline\":\"Marted\u00ec &#8220;Cortina in Croda&#8221; incontra &#8220;Oltre le Vette&#8221;\",\"datePublished\":\"2009-07-11T09:11:21+00:00\",\"mainEntityOfPage\":{\"@id\":\"https:\\\/\\\/www.bellunopress.it\\\/2009\\\/07\\\/11\\\/martedi-cortina-in-croda-incontra-oltre-le-vette\\\/\"},\"wordCount\":302,\"publisher\":{\"@id\":\"https:\\\/\\\/www.bellunopress.it\\\/#organization\"},\"image\":{\"@id\":\"https:\\\/\\\/www.bellunopress.it\\\/2009\\\/07\\\/11\\\/martedi-cortina-in-croda-incontra-oltre-le-vette\\\/#primaryimage\"},\"thumbnailUrl\":\"http:\\\/\\\/www.bellunopress.it\\\/wp-content\\\/uploads\\\/2009\\\/07\\\/cortinaincroda-leggera-300x155.jpg\",\"keywords\":[\"Belluno\"],\"articleSection\":[\"Arte, Cultura, Spettacoli, Scienza\",\"Pausa Caff\u00e8\"],\"inLanguage\":\"fr-FR\"},{\"@type\":\"WebPage\",\"@id\":\"https:\\\/\\\/www.bellunopress.it\\\/2009\\\/07\\\/11\\\/martedi-cortina-in-croda-incontra-oltre-le-vette\\\/\",\"url\":\"https:\\\/\\\/www.bellunopress.it\\\/2009\\\/07\\\/11\\\/martedi-cortina-in-croda-incontra-oltre-le-vette\\\/\",\"name\":\"Marted\u00ec \\\"Cortina in Croda\\\" incontra \\\"Oltre le Vette\\\" - Bellunopress - Dolomiti\",\"isPartOf\":{\"@id\":\"https:\\\/\\\/www.bellunopress.it\\\/#website\"},\"primaryImageOfPage\":{\"@id\":\"https:\\\/\\\/www.bellunopress.it\\\/2009\\\/07\\\/11\\\/martedi-cortina-in-croda-incontra-oltre-le-vette\\\/#primaryimage\"},\"image\":{\"@id\":\"https:\\\/\\\/www.bellunopress.it\\\/2009\\\/07\\\/11\\\/martedi-cortina-in-croda-incontra-oltre-le-vette\\\/#primaryimage\"},\"thumbnailUrl\":\"http:\\\/\\\/www.bellunopress.it\\\/wp-content\\\/uploads\\\/2009\\\/07\\\/cortinaincroda-leggera-300x155.jpg\",\"datePublished\":\"2009-07-11T09:11:21+00:00\",\"breadcrumb\":{\"@id\":\"https:\\\/\\\/www.bellunopress.it\\\/2009\\\/07\\\/11\\\/martedi-cortina-in-croda-incontra-oltre-le-vette\\\/#breadcrumb\"},\"inLanguage\":\"fr-FR\",\"potentialAction\":[{\"@type\":\"ReadAction\",\"target\":[\"https:\\\/\\\/www.bellunopress.it\\\/2009\\\/07\\\/11\\\/martedi-cortina-in-croda-incontra-oltre-le-vette\\\/\"]}]},{\"@type\":\"ImageObject\",\"inLanguage\":\"fr-FR\",\"@id\":\"https:\\\/\\\/www.bellunopress.it\\\/2009\\\/07\\\/11\\\/martedi-cortina-in-croda-incontra-oltre-le-vette\\\/#primaryimage\",\"url\":\"http:\\\/\\\/www.bellunopress.it\\\/wp-content\\\/uploads\\\/2009\\\/07\\\/cortinaincroda-leggera-300x155.jpg\",\"contentUrl\":\"http:\\\/\\\/www.bellunopress.it\\\/wp-content\\\/uploads\\\/2009\\\/07\\\/cortinaincroda-leggera-300x155.jpg\"},{\"@type\":\"BreadcrumbList\",\"@id\":\"https:\\\/\\\/www.bellunopress.it\\\/2009\\\/07\\\/11\\\/martedi-cortina-in-croda-incontra-oltre-le-vette\\\/#breadcrumb\",\"itemListElement\":[{\"@type\":\"ListItem\",\"position\":1,\"name\":\"Home\",\"item\":\"https:\\\/\\\/www.bellunopress.it\\\/\"},{\"@type\":\"ListItem\",\"position\":2,\"name\":\"Marted\u00ec &#8220;Cortina in Croda&#8221; incontra &#8220;Oltre le Vette&#8221;\"}]},{\"@type\":\"WebSite\",\"@id\":\"https:\\\/\\\/www.bellunopress.it\\\/#website\",\"url\":\"https:\\\/\\\/www.bellunopress.it\\\/\",\"name\":\"Bellunopress - Dolomiti\",\"description\":\"e-mail: redazione@bellunopress.it\",\"publisher\":{\"@id\":\"https:\\\/\\\/www.bellunopress.it\\\/#organization\"},\"potentialAction\":[{\"@type\":\"SearchAction\",\"target\":{\"@type\":\"EntryPoint\",\"urlTemplate\":\"https:\\\/\\\/www.bellunopress.it\\\/?s={search_term_string}\"},\"query-input\":{\"@type\":\"PropertyValueSpecification\",\"valueRequired\":true,\"valueName\":\"search_term_string\"}}],\"inLanguage\":\"fr-FR\"},{\"@type\":\"Organization\",\"@id\":\"https:\\\/\\\/www.bellunopress.it\\\/#organization\",\"name\":\"Bellunopress\",\"url\":\"https:\\\/\\\/www.bellunopress.it\\\/\",\"logo\":{\"@type\":\"ImageObject\",\"inLanguage\":\"fr-FR\",\"@id\":\"https:\\\/\\\/www.bellunopress.it\\\/#\\\/schema\\\/logo\\\/image\\\/\",\"url\":\"https:\\\/\\\/www.bellunopress.it\\\/wp-content\\\/uploads\\\/2011\\\/05\\\/cropped-logo-bellunopress-.jpg\",\"contentUrl\":\"https:\\\/\\\/www.bellunopress.it\\\/wp-content\\\/uploads\\\/2011\\\/05\\\/cropped-logo-bellunopress-.jpg\",\"width\":512,\"height\":512,\"caption\":\"Bellunopress\"},\"image\":{\"@id\":\"https:\\\/\\\/www.bellunopress.it\\\/#\\\/schema\\\/logo\\\/image\\\/\"},\"sameAs\":[\"https:\\\/\\\/www.facebook.com\\\/profile.php?id=100008943462799\",\"https:\\\/\\\/x.com\\\/bellunopress\",\"https:\\\/\\\/www.linkedin.com\\\/hp\\\/?dnr=JBzUWaJfMUw8vbXJJ2tVW5-I3jZKvC4wsoxE&amp;amp;amp;amp;amp;amp;trk=nav_responsive_tab_home\",\"https:\\\/\\\/www.youtube.com\\\/channel\\\/UCxL0wu1uN0_3_7hGG0306cw\"]},{\"@type\":\"Person\",\"@id\":\"https:\\\/\\\/www.bellunopress.it\\\/#\\\/schema\\\/person\\\/79bb06722b37ece1c03d3e94beb30d73\",\"name\":\"redazione\",\"image\":{\"@type\":\"ImageObject\",\"inLanguage\":\"fr-FR\",\"@id\":\"https:\\\/\\\/secure.gravatar.com\\\/avatar\\\/37d968a2e67a6fd04c169c4bdef102d0bc5d31b2546345219e348575eb80e9a0?s=96&d=mm&r=g\",\"url\":\"https:\\\/\\\/secure.gravatar.com\\\/avatar\\\/37d968a2e67a6fd04c169c4bdef102d0bc5d31b2546345219e348575eb80e9a0?s=96&d=mm&r=g\",\"contentUrl\":\"https:\\\/\\\/secure.gravatar.com\\\/avatar\\\/37d968a2e67a6fd04c169c4bdef102d0bc5d31b2546345219e348575eb80e9a0?s=96&d=mm&r=g\",\"caption\":\"redazione\"},\"sameAs\":[\"http:\\\/\\\/www.bellunopress.it\",\"https:\\\/\\\/x.com\\\/bellunopress\"],\"url\":\"https:\\\/\\\/www.bellunopress.it\\\/fr\\\/author\\\/redazione\\\/\"}]}<\/script>\n<!-- \/ Yoast SEO plugin. -->","yoast_head_json":{"title":"Marted\u00ec \"Cortina in Croda\" incontra \"Oltre le Vette\"  - Bellunopress - Dolomiti","robots":{"index":"index","follow":"follow","max-snippet":"max-snippet:-1","max-image-preview":"max-image-preview:large","max-video-preview":"max-video-preview:-1"},"canonical":"https:\/\/www.bellunopress.it\/fr\/2009\/07\/11\/martedi-cortina-in-croda-incontra-oltre-le-vette\/","og_locale":"fr_FR","og_type":"article","og_title":"Marted\u00ec \"Cortina in Croda\" incontra \"Oltre le Vette\"  - Bellunopress - Dolomiti","og_description":"Il prossimo appuntamento nel fitto calendario di \u201cCortina inCroda\u201d \u00e8 per marted\u00ec 14 luglioalle 21 al cinema\u00a0 teatro Alexander Girardi. \u201cinCroda\u201d c\u2019\u00e8 \u201cOltre le Vette\u201d. La manifestazione bellunese si racconta prima della 13\u00aa edizione e ricorda l\u2019amico Giuliano De Marchi. Ospite Flavio Faoro direttore artistico di \u201cOltre le Vette\u201d. In tutte le serate al cinema [&hellip;]","og_url":"https:\/\/www.bellunopress.it\/fr\/2009\/07\/11\/martedi-cortina-in-croda-incontra-oltre-le-vette\/","og_site_name":"Bellunopress - Dolomiti","article_publisher":"https:\/\/www.facebook.com\/profile.php?id=100008943462799","article_published_time":"2009-07-11T09:11:21+00:00","og_image":[{"url":"http:\/\/www.bellunopress.it\/wp-content\/uploads\/2009\/07\/cortinaincroda-leggera-300x155.jpg","type":"","width":"","height":""}],"author":"redazione","twitter_card":"summary_large_image","twitter_creator":"@bellunopress","twitter_site":"@bellunopress","twitter_misc":{"\u00c9crit par":"redazione","Dur\u00e9e de lecture estim\u00e9e":"1 minute"},"schema":{"@context":"https:\/\/schema.org","@graph":[{"@type":"Article","@id":"https:\/\/www.bellunopress.it\/2009\/07\/11\/martedi-cortina-in-croda-incontra-oltre-le-vette\/#article","isPartOf":{"@id":"https:\/\/www.bellunopress.it\/2009\/07\/11\/martedi-cortina-in-croda-incontra-oltre-le-vette\/"},"author":{"name":"redazione","@id":"https:\/\/www.bellunopress.it\/#\/schema\/person\/79bb06722b37ece1c03d3e94beb30d73"},"headline":"Marted\u00ec &#8220;Cortina in Croda&#8221; incontra &#8220;Oltre le Vette&#8221;","datePublished":"2009-07-11T09:11:21+00:00","mainEntityOfPage":{"@id":"https:\/\/www.bellunopress.it\/2009\/07\/11\/martedi-cortina-in-croda-incontra-oltre-le-vette\/"},"wordCount":302,"publisher":{"@id":"https:\/\/www.bellunopress.it\/#organization"},"image":{"@id":"https:\/\/www.bellunopress.it\/2009\/07\/11\/martedi-cortina-in-croda-incontra-oltre-le-vette\/#primaryimage"},"thumbnailUrl":"http:\/\/www.bellunopress.it\/wp-content\/uploads\/2009\/07\/cortinaincroda-leggera-300x155.jpg","keywords":["Belluno"],"articleSection":["Arte, Cultura, Spettacoli, Scienza","Pausa Caff\u00e8"],"inLanguage":"fr-FR"},{"@type":"WebPage","@id":"https:\/\/www.bellunopress.it\/2009\/07\/11\/martedi-cortina-in-croda-incontra-oltre-le-vette\/","url":"https:\/\/www.bellunopress.it\/2009\/07\/11\/martedi-cortina-in-croda-incontra-oltre-le-vette\/","name":"Marted\u00ec \"Cortina in Croda\" incontra \"Oltre le Vette\" - Bellunopress - Dolomiti","isPartOf":{"@id":"https:\/\/www.bellunopress.it\/#website"},"primaryImageOfPage":{"@id":"https:\/\/www.bellunopress.it\/2009\/07\/11\/martedi-cortina-in-croda-incontra-oltre-le-vette\/#primaryimage"},"image":{"@id":"https:\/\/www.bellunopress.it\/2009\/07\/11\/martedi-cortina-in-croda-incontra-oltre-le-vette\/#primaryimage"},"thumbnailUrl":"http:\/\/www.bellunopress.it\/wp-content\/uploads\/2009\/07\/cortinaincroda-leggera-300x155.jpg","datePublished":"2009-07-11T09:11:21+00:00","breadcrumb":{"@id":"https:\/\/www.bellunopress.it\/2009\/07\/11\/martedi-cortina-in-croda-incontra-oltre-le-vette\/#breadcrumb"},"inLanguage":"fr-FR","potentialAction":[{"@type":"ReadAction","target":["https:\/\/www.bellunopress.it\/2009\/07\/11\/martedi-cortina-in-croda-incontra-oltre-le-vette\/"]}]},{"@type":"ImageObject","inLanguage":"fr-FR","@id":"https:\/\/www.bellunopress.it\/2009\/07\/11\/martedi-cortina-in-croda-incontra-oltre-le-vette\/#primaryimage","url":"http:\/\/www.bellunopress.it\/wp-content\/uploads\/2009\/07\/cortinaincroda-leggera-300x155.jpg","contentUrl":"http:\/\/www.bellunopress.it\/wp-content\/uploads\/2009\/07\/cortinaincroda-leggera-300x155.jpg"},{"@type":"BreadcrumbList","@id":"https:\/\/www.bellunopress.it\/2009\/07\/11\/martedi-cortina-in-croda-incontra-oltre-le-vette\/#breadcrumb","itemListElement":[{"@type":"ListItem","position":1,"name":"Home","item":"https:\/\/www.bellunopress.it\/"},{"@type":"ListItem","position":2,"name":"Marted\u00ec &#8220;Cortina in Croda&#8221; incontra &#8220;Oltre le Vette&#8221;"}]},{"@type":"WebSite","@id":"https:\/\/www.bellunopress.it\/#website","url":"https:\/\/www.bellunopress.it\/","name":"Bellunopress - Dolomiti","description":"e-mail: redazione@bellunopress.it","publisher":{"@id":"https:\/\/www.bellunopress.it\/#organization"},"potentialAction":[{"@type":"SearchAction","target":{"@type":"EntryPoint","urlTemplate":"https:\/\/www.bellunopress.it\/?s={search_term_string}"},"query-input":{"@type":"PropertyValueSpecification","valueRequired":true,"valueName":"search_term_string"}}],"inLanguage":"fr-FR"},{"@type":"Organization","@id":"https:\/\/www.bellunopress.it\/#organization","name":"Bellunopress","url":"https:\/\/www.bellunopress.it\/","logo":{"@type":"ImageObject","inLanguage":"fr-FR","@id":"https:\/\/www.bellunopress.it\/#\/schema\/logo\/image\/","url":"https:\/\/www.bellunopress.it\/wp-content\/uploads\/2011\/05\/cropped-logo-bellunopress-.jpg","contentUrl":"https:\/\/www.bellunopress.it\/wp-content\/uploads\/2011\/05\/cropped-logo-bellunopress-.jpg","width":512,"height":512,"caption":"Bellunopress"},"image":{"@id":"https:\/\/www.bellunopress.it\/#\/schema\/logo\/image\/"},"sameAs":["https:\/\/www.facebook.com\/profile.php?id=100008943462799","https:\/\/x.com\/bellunopress","https:\/\/www.linkedin.com\/hp\/?dnr=JBzUWaJfMUw8vbXJJ2tVW5-I3jZKvC4wsoxE&amp;amp;amp;amp;amp;amp;trk=nav_responsive_tab_home","https:\/\/www.youtube.com\/channel\/UCxL0wu1uN0_3_7hGG0306cw"]},{"@type":"Person","@id":"https:\/\/www.bellunopress.it\/#\/schema\/person\/79bb06722b37ece1c03d3e94beb30d73","name":"r\u00e9daction","image":{"@type":"ImageObject","inLanguage":"fr-FR","@id":"https:\/\/secure.gravatar.com\/avatar\/37d968a2e67a6fd04c169c4bdef102d0bc5d31b2546345219e348575eb80e9a0?s=96&d=mm&r=g","url":"https:\/\/secure.gravatar.com\/avatar\/37d968a2e67a6fd04c169c4bdef102d0bc5d31b2546345219e348575eb80e9a0?s=96&d=mm&r=g","contentUrl":"https:\/\/secure.gravatar.com\/avatar\/37d968a2e67a6fd04c169c4bdef102d0bc5d31b2546345219e348575eb80e9a0?s=96&d=mm&r=g","caption":"redazione"},"sameAs":["http:\/\/www.bellunopress.it","https:\/\/x.com\/bellunopress"],"url":"https:\/\/www.bellunopress.it\/fr\/author\/redazione\/"}]}},"_links":{"self":[{"href":"https:\/\/www.bellunopress.it\/fr\/wp-json\/wp\/v2\/posts\/5871","targetHints":{"allow":["GET"]}}],"collection":[{"href":"https:\/\/www.bellunopress.it\/fr\/wp-json\/wp\/v2\/posts"}],"about":[{"href":"https:\/\/www.bellunopress.it\/fr\/wp-json\/wp\/v2\/types\/post"}],"author":[{"embeddable":true,"href":"https:\/\/www.bellunopress.it\/fr\/wp-json\/wp\/v2\/users\/2"}],"replies":[{"embeddable":true,"href":"https:\/\/www.bellunopress.it\/fr\/wp-json\/wp\/v2\/comments?post=5871"}],"version-history":[{"count":1,"href":"https:\/\/www.bellunopress.it\/fr\/wp-json\/wp\/v2\/posts\/5871\/revisions"}],"predecessor-version":[{"id":5872,"href":"https:\/\/www.bellunopress.it\/fr\/wp-json\/wp\/v2\/posts\/5871\/revisions\/5872"}],"wp:attachment":[{"href":"https:\/\/www.bellunopress.it\/fr\/wp-json\/wp\/v2\/media?parent=5871"}],"wp:term":[{"taxonomy":"category","embeddable":true,"href":"https:\/\/www.bellunopress.it\/fr\/wp-json\/wp\/v2\/categories?post=5871"},{"taxonomy":"post_tag","embeddable":true,"href":"https:\/\/www.bellunopress.it\/fr\/wp-json\/wp\/v2\/tags?post=5871"}],"curies":[{"name":"wp","href":"https:\/\/api.w.org\/{rel}","templated":true}]}}