{"id":5866,"date":"2009-07-11T10:04:44","date_gmt":"2009-07-11T09:04:44","guid":{"rendered":"http:\/\/www.bellunopress.it\/?p=5866"},"modified":"2009-07-11T10:04:44","modified_gmt":"2009-07-11T09:04:44","slug":"edoardo-gellner-cortina-e-venezia-celebrano-il-centenario-della-nascita-del-famoso-architetto","status":"publish","type":"post","link":"https:\/\/www.bellunopress.it\/fr\/2009\/07\/11\/edoardo-gellner-cortina-e-venezia-celebrano-il-centenario-della-nascita-del-famoso-architetto\/","title":{"rendered":"Edoardo Gellner, Cortina e Venezia celebrano il centenario della nascita del famoso architetto"},"content":{"rendered":"<figure id=\"attachment_5867\" aria-describedby=\"caption-attachment-5867\" style=\"width: 270px\" class=\"wp-caption alignleft\"><a href=\"http:\/\/www.bellunopress.it\/wp-content\/uploads\/2009\/07\/gellner-vlleggio-eni-leggera.jpeg\"><img loading=\"lazy\" decoding=\"async\" class=\"size-medium wp-image-5867\" title=\"gellner-vlleggio-eni-leggera\" src=\"http:\/\/www.bellunopress.it\/wp-content\/uploads\/2009\/07\/gellner-vlleggio-eni-leggera.jpeg\" alt=\"il villaggio eni\" width=\"270\" height=\"202\" \/><\/a><figcaption id=\"caption-attachment-5867\" class=\"wp-caption-text\">il villaggio eni<\/figcaption><\/figure>\n<p>Il Comitato Regionale per Celebrazioni del Centenario della nascita dell\u2019architetto Edoardo Gellner \u00e8 stato istituito dalla Regione del Veneto, dietro particolare istanza del Comune di Cortina d\u2019Ampezzo, con la finalit\u00e0 di celebrare l\u2019architetto di origine istriana, figura di spicco dell\u2019architettura italiana ed internazionale. Il Comitato Regionale promuove un progetto culturale e scientifico dal titolo &#8220;Edoardo Gellner 1909\/100\u00b0&#8221;, articolato in una serie di esposizioni, pubblicazioni, convegni, conferenze, workshop e laboratori di ricerca. Il programma di celebrazioni gellneriane si avvale della collaborazione di Ministero per i Beni e le Attivit\u00e0 Culturali PARC \u2013 Direzione generale per la qualit\u00e0 e la tutela del paesaggio, l\u2019architettura e l\u2019arte contemporanee e MAXXI Museo nazionale delle arti del XXI secolo; Provincia di Belluno; Federazione Regionale degli Ordini degli Architetti del Veneto; Ordine degli Architetti, Pianificatori, Paesaggisti e Conservatori della Provincia di Belluno; Archivio Progetti Universit\u00e0 IUAV di Venezia; Fondazione Giovanni Angelini Centro Studi sulla Montagna, con il patrocinio di Ministero per i Beni e le Attivit\u00e0 Culturali; Comune di Borca di Cadore; Magnifica Comunit\u00e0 di Cadore. Una prima occasione significativa per documentare compiutamente lo spessore della intensa ed originale esperienza progettuale di Edoardo Gellner, nel campo dell\u2019architettura rurale in area alpina, \u00e8 rappresentata dalla mostra Edoardo Gellner 100 anni di architettura Interni \/ Interiors allestita presso lo spazio Alexander Girardi Hall di Cortina d\u2019Ampezzo dal 18 luglio al 19 settembre 2009, in cui verr\u00e0 proposto un itinerario attraverso le opere pi\u00f9 significative dell\u2019architetto, con particolare riferimento al rapporto tra design e architettura che Gellner sperimenta nelle opere realizzate a Cortina d\u2019Ampezzo nel periodo delle Olimpiadi del 1956 e al Villaggio eni di Corte di Cadore voluto da Enrico Mattei. Il percorso espositivo, a cura di Michele Merlo con il coordinamento di Rossella Meucci Reale, rappresenta un\u2019inedita occasione di conoscenza dello straordinario patrimonio di materiali, elaborati nel corso della sua carriera, da uno dei pochi architetti italiani realmente orientati verso una \u201carchitettura organica\u201d, nel contesto storico di un dibattito italiano che si sviluppa intorno ai temi del rinnovamento linguistico della disciplina e delle modalit\u00e0 di intervento e tutela dei centri storici e del territorio.<br \/>\nDisegni preliminari, modelli di studio, schizzi, appunti, fotografie, disegni esecutivi provenienti dal Fondo Gellner, donato all\u2019Archivio Progetti dell\u2019Universit\u00e0 IUAV di Venezia, saranno esposti unitamente ad una serie di materiali video documentari sull\u2019architetto e la sua attivit\u00e0, tra cui un raro film documentario relativo al Villaggio di Corte di Cadore proveniente dall\u2019Archivio storico eni. L\u2019esperienza dell\u2019architettura residenziale collettiva per vacanze rimase sempre centrale nel percorso professionale di Gellner, che rispose con soluzioni innovative alle sfide sociali poste dalla crescente domanda di edilizia turistica del dopoguerra. La sua opera pi\u00f9 importante progettata nel contesto di un paesaggio alpino \u00e8 unanimemente riconosciuta nel Villaggio di Corte di Cadore, realizzato tra il 1954 e 1963 su commissione del presidente dell\u2019eni Enrico Mattei, cliente illuminato ed ambizioso che desiderava un centro turistico per i suoi dipendenti. Per questa struttura destinata ad accogliere circa seimila abitanti, Gellner e Mattei scelsero un\u2019area edificabile di duecento ettari, situata ai piedi del Monte Antelao, a pochi chilometri da Cortina d\u2019Ampezzo, in un paesaggio naturalistico di straordinaria suggestione. Sintesi di un riuscitissimo connubio tra architettura e paesaggio naturale, il villaggio testimonia la possibilit\u00e0 di un nuovo rapporto tra risorse, societ\u00e0 e capitale e rappresenta una esperienza pioneristica destinata a restare irripetibile nel panorama nazionale.L\u2019importanza storica della vicenda e l\u2019attualit\u00e0 del messaggio contenuto nelle architetture del Villaggio di Corte di Cadore e nel progetto per la citt\u00e0 aziendale di Gela commissionato anch\u2019esso da eni, che tuttavia non trov\u00f2 mai realizzazione, restano ancora in gran parte da ricostruire, nonostante la sensibilit\u00e0 e la capacit\u00e0 progettuale di Gellner pongano indiscutibilmente la sua esperienza tra le pi\u00f9 significative della storia italiana tra gli anni Cinquanta e Sessanta, non solo in ambito architettonico.<\/p>\n<p>Nella fase di passaggio dalla produzione artigianale a quella industriale, a partire dai primi anni Cinquanta Gellner svilupp\u00f2 inoltre una interessante attivit\u00e0 di designer di interni e arredi, testimoniata in mostra da disegni, prototipi e pezzi provenienti da archivi e collezioni private (tra cui il Centro Ricerche Fantoni e l\u2019Archivio Minoter Gruppo Cualbu), che documentano una concezione dell\u2019architettura e dello spazio in cui l\u2019urbanistica, il paesaggio, l\u2019architettura, l\u2019arredamento e il design sono aspetti di una medesima idea progettuale. Questa sezione della mostra, dal carattere pi\u00f9 intimo e personale, presenta inoltre una selezione di oggetti personali (tavolo da disegno, strumenti, libri, riviste e pezzi d\u2019arte) che rievocano la figura dell\u2019architetto nel suo fare quotidiano. La mostra, che si avvale della media partnership de Il Giornale dell\u2019Architettura \u2013 Societ\u00e0 Editrice Umberto Allemandi &amp; C. e di Cortina Top Living \u2013 Consorzio Cortina Turismo, \u00e8 accompagnata da un ricco calendario di appuntamenti collaterali che si articoler\u00e0 per la sua intera durata. Un servizio di navetta gratuita, previa prenotazione e iscrizione presso la sede della mostra, sar\u00e0 a disposizione del pubblico per un itinerario di visite guidate agli edifici e ai siti di significativo interesse presenti a Cortina d\u2019Ampezzo e in altri Comuni interessati dalle architetture gellneriane, tra cui Corte di Cadore. Auronzo, Longarone e Val Zoldana. Saranno inoltre previsti Incontri a tema organizzati nello Spazio Gellner presso il centro Alexander Girardi Hall, e concerti di musica classica che avranno luogo a Cortina e nella suggestiva chiesa del Villaggio di Corte di Cadore progettata da Gellner in collaborazione con Carlo Scarpa. Il programma di Celebrazioni del Centenario intende inoltra valorizzare l\u2019attivit\u00e0 editoriale di Gellner, attraverso la ristampa del volume Architettura rurale nelle Dolomiti Venete, pubblicato originariamente nel 1988 e attualmente fuori catalogo. La riedizione del testo, da considerarsi ancora oggi di rilevanza fondamentale nella bibliografia sulla tecnica di costruzione delle dimore alpine in legno, verr\u00e0 curata dalla TipoArte di Ozzano Emilia (BO), ed \u00e8 promossa grazie al contributo di Provincia di Belluno, \u00a0Ordine degli Architetti della Provincia di Belluno, Comune di Cortina \u00a0d&#8217;Ampezzo &#8211; Assessorato alla Cultura e Libreria Sovilla. Nel corso del 2010, un progetto ampliato della mostra sar\u00e0 esposto presso il MAXXI di Roma in occasione di un convegno di studi dedicato all\u2019architettura gellneriana. Si ringraziano Archivio Progetti Universit\u00e0 IUAV di Venezia, Centro Ricerche Fantoni, Archivio Minoter Gruppo Cualbu, Archivio storico eni, eredi Gellner, Forum per l\u2019Architettura della Provincia di Belluno. Il calendario aggiornato delle manifestazioni e degli eventi promossi dal Comitato Regionale per le Celebrazioni del Centenario della nascita di Edoardo Gellner, informazioni storiche e documentarie sull\u2019attivit\u00e0 dell\u2019architetto, un forum di discussione e un\u2019area iscritti con accesso a notizie specifiche e fondi di archivio \u00e8 disponibile sul sito www.edoardogellner.org.<\/p>","protected":false},"excerpt":{"rendered":"<p>Il Comitato Regionale per Celebrazioni del Centenario della nascita dell\u2019architetto Edoardo Gellner \u00e8 stato istituito dalla Regione del Veneto, dietro particolare istanza del Comune di Cortina d\u2019Ampezzo, con la finalit\u00e0 di celebrare l\u2019architetto di origine istriana, figura di spicco dell\u2019architettura italiana ed internazionale. Il Comitato Regionale promuove un progetto culturale e scientifico dal titolo &#8220;Edoardo [&hellip;]<\/p>\n","protected":false},"author":2,"featured_media":0,"comment_status":"closed","ping_status":"open","sticky":false,"template":"","format":"standard","meta":{"footnotes":""},"categories":[3,26],"tags":[139,151,63],"class_list":["post-5866","post","type-post","status-publish","format-standard","category-arte-cultura-spettacoli-scienza-archivi","category-prima-pagina","tag-belluno","tag-cadore","tag-dolomiti"],"yoast_head":"<!-- This site is optimized with the Yoast SEO plugin v28.4 - https:\/\/yoast.com\/product\/yoast-seo-wordpress\/ -->\n<title>Edoardo Gellner, Cortina e Venezia celebrano il centenario della nascita del famoso architetto - Bellunopress - Dolomiti<\/title>\n<meta name=\"robots\" content=\"index, follow, max-snippet:-1, max-image-preview:large, max-video-preview:-1\" \/>\n<link rel=\"canonical\" href=\"https:\/\/www.bellunopress.it\/fr\/2009\/07\/11\/edoardo-gellner-cortina-e-venezia-celebrano-il-centenario-della-nascita-del-famoso-architetto\/\" \/>\n<meta property=\"og:locale\" content=\"fr_FR\" \/>\n<meta property=\"og:type\" content=\"article\" \/>\n<meta property=\"og:title\" content=\"Edoardo Gellner, Cortina e Venezia celebrano il centenario della nascita del famoso architetto - Bellunopress - Dolomiti\" \/>\n<meta property=\"og:description\" content=\"Il Comitato Regionale per Celebrazioni del Centenario della nascita dell\u2019architetto Edoardo Gellner \u00e8 stato istituito dalla Regione del Veneto, dietro particolare istanza del Comune di Cortina d\u2019Ampezzo, con la finalit\u00e0 di celebrare l\u2019architetto di origine istriana, figura di spicco dell\u2019architettura italiana ed internazionale. Il Comitato Regionale promuove un progetto culturale e scientifico dal titolo &#8220;Edoardo [&hellip;]\" \/>\n<meta property=\"og:url\" content=\"https:\/\/www.bellunopress.it\/fr\/2009\/07\/11\/edoardo-gellner-cortina-e-venezia-celebrano-il-centenario-della-nascita-del-famoso-architetto\/\" \/>\n<meta property=\"og:site_name\" content=\"Bellunopress - Dolomiti\" \/>\n<meta property=\"article:publisher\" content=\"https:\/\/www.facebook.com\/profile.php?id=100008943462799\" \/>\n<meta property=\"article:published_time\" content=\"2009-07-11T09:04:44+00:00\" \/>\n<meta property=\"og:image\" content=\"http:\/\/www.bellunopress.it\/wp-content\/uploads\/2009\/07\/gellner-vlleggio-eni-leggera.jpeg\" \/>\n<meta name=\"author\" content=\"redazione\" \/>\n<meta name=\"twitter:card\" content=\"summary_large_image\" \/>\n<meta name=\"twitter:creator\" content=\"@bellunopress\" \/>\n<meta name=\"twitter:site\" content=\"@bellunopress\" \/>\n<meta name=\"twitter:label1\" content=\"\u00c9crit par\" \/>\n\t<meta name=\"twitter:data1\" content=\"redazione\" \/>\n\t<meta name=\"twitter:label2\" content=\"Dur\u00e9e de lecture estim\u00e9e\" \/>\n\t<meta name=\"twitter:data2\" content=\"6 minutes\" \/>\n<script type=\"application\/ld+json\" class=\"yoast-schema-graph\">{\"@context\":\"https:\\\/\\\/schema.org\",\"@graph\":[{\"@type\":\"Article\",\"@id\":\"https:\\\/\\\/www.bellunopress.it\\\/2009\\\/07\\\/11\\\/edoardo-gellner-cortina-e-venezia-celebrano-il-centenario-della-nascita-del-famoso-architetto\\\/#article\",\"isPartOf\":{\"@id\":\"https:\\\/\\\/www.bellunopress.it\\\/2009\\\/07\\\/11\\\/edoardo-gellner-cortina-e-venezia-celebrano-il-centenario-della-nascita-del-famoso-architetto\\\/\"},\"author\":{\"name\":\"redazione\",\"@id\":\"https:\\\/\\\/www.bellunopress.it\\\/#\\\/schema\\\/person\\\/79bb06722b37ece1c03d3e94beb30d73\"},\"headline\":\"Edoardo Gellner, Cortina e Venezia celebrano il centenario della nascita del famoso architetto\",\"datePublished\":\"2009-07-11T09:04:44+00:00\",\"mainEntityOfPage\":{\"@id\":\"https:\\\/\\\/www.bellunopress.it\\\/2009\\\/07\\\/11\\\/edoardo-gellner-cortina-e-venezia-celebrano-il-centenario-della-nascita-del-famoso-architetto\\\/\"},\"wordCount\":1119,\"publisher\":{\"@id\":\"https:\\\/\\\/www.bellunopress.it\\\/#organization\"},\"image\":{\"@id\":\"https:\\\/\\\/www.bellunopress.it\\\/2009\\\/07\\\/11\\\/edoardo-gellner-cortina-e-venezia-celebrano-il-centenario-della-nascita-del-famoso-architetto\\\/#primaryimage\"},\"thumbnailUrl\":\"http:\\\/\\\/www.bellunopress.it\\\/wp-content\\\/uploads\\\/2009\\\/07\\\/gellner-vlleggio-eni-leggera.jpeg\",\"keywords\":[\"Belluno\",\"Cadore\",\"Dolomiti\"],\"articleSection\":[\"Arte, Cultura, Spettacoli, Scienza\",\"Prima Pagina\"],\"inLanguage\":\"fr-FR\"},{\"@type\":\"WebPage\",\"@id\":\"https:\\\/\\\/www.bellunopress.it\\\/2009\\\/07\\\/11\\\/edoardo-gellner-cortina-e-venezia-celebrano-il-centenario-della-nascita-del-famoso-architetto\\\/\",\"url\":\"https:\\\/\\\/www.bellunopress.it\\\/2009\\\/07\\\/11\\\/edoardo-gellner-cortina-e-venezia-celebrano-il-centenario-della-nascita-del-famoso-architetto\\\/\",\"name\":\"Edoardo Gellner, Cortina e Venezia celebrano il centenario della nascita del famoso architetto - Bellunopress - Dolomiti\",\"isPartOf\":{\"@id\":\"https:\\\/\\\/www.bellunopress.it\\\/#website\"},\"primaryImageOfPage\":{\"@id\":\"https:\\\/\\\/www.bellunopress.it\\\/2009\\\/07\\\/11\\\/edoardo-gellner-cortina-e-venezia-celebrano-il-centenario-della-nascita-del-famoso-architetto\\\/#primaryimage\"},\"image\":{\"@id\":\"https:\\\/\\\/www.bellunopress.it\\\/2009\\\/07\\\/11\\\/edoardo-gellner-cortina-e-venezia-celebrano-il-centenario-della-nascita-del-famoso-architetto\\\/#primaryimage\"},\"thumbnailUrl\":\"http:\\\/\\\/www.bellunopress.it\\\/wp-content\\\/uploads\\\/2009\\\/07\\\/gellner-vlleggio-eni-leggera.jpeg\",\"datePublished\":\"2009-07-11T09:04:44+00:00\",\"breadcrumb\":{\"@id\":\"https:\\\/\\\/www.bellunopress.it\\\/2009\\\/07\\\/11\\\/edoardo-gellner-cortina-e-venezia-celebrano-il-centenario-della-nascita-del-famoso-architetto\\\/#breadcrumb\"},\"inLanguage\":\"fr-FR\",\"potentialAction\":[{\"@type\":\"ReadAction\",\"target\":[\"https:\\\/\\\/www.bellunopress.it\\\/2009\\\/07\\\/11\\\/edoardo-gellner-cortina-e-venezia-celebrano-il-centenario-della-nascita-del-famoso-architetto\\\/\"]}]},{\"@type\":\"ImageObject\",\"inLanguage\":\"fr-FR\",\"@id\":\"https:\\\/\\\/www.bellunopress.it\\\/2009\\\/07\\\/11\\\/edoardo-gellner-cortina-e-venezia-celebrano-il-centenario-della-nascita-del-famoso-architetto\\\/#primaryimage\",\"url\":\"http:\\\/\\\/www.bellunopress.it\\\/wp-content\\\/uploads\\\/2009\\\/07\\\/gellner-vlleggio-eni-leggera.jpeg\",\"contentUrl\":\"http:\\\/\\\/www.bellunopress.it\\\/wp-content\\\/uploads\\\/2009\\\/07\\\/gellner-vlleggio-eni-leggera.jpeg\"},{\"@type\":\"BreadcrumbList\",\"@id\":\"https:\\\/\\\/www.bellunopress.it\\\/2009\\\/07\\\/11\\\/edoardo-gellner-cortina-e-venezia-celebrano-il-centenario-della-nascita-del-famoso-architetto\\\/#breadcrumb\",\"itemListElement\":[{\"@type\":\"ListItem\",\"position\":1,\"name\":\"Home\",\"item\":\"https:\\\/\\\/www.bellunopress.it\\\/\"},{\"@type\":\"ListItem\",\"position\":2,\"name\":\"Edoardo Gellner, Cortina e Venezia celebrano il centenario della nascita del famoso architetto\"}]},{\"@type\":\"WebSite\",\"@id\":\"https:\\\/\\\/www.bellunopress.it\\\/#website\",\"url\":\"https:\\\/\\\/www.bellunopress.it\\\/\",\"name\":\"Bellunopress - Dolomiti\",\"description\":\"e-mail: redazione@bellunopress.it\",\"publisher\":{\"@id\":\"https:\\\/\\\/www.bellunopress.it\\\/#organization\"},\"potentialAction\":[{\"@type\":\"SearchAction\",\"target\":{\"@type\":\"EntryPoint\",\"urlTemplate\":\"https:\\\/\\\/www.bellunopress.it\\\/?s={search_term_string}\"},\"query-input\":{\"@type\":\"PropertyValueSpecification\",\"valueRequired\":true,\"valueName\":\"search_term_string\"}}],\"inLanguage\":\"fr-FR\"},{\"@type\":\"Organization\",\"@id\":\"https:\\\/\\\/www.bellunopress.it\\\/#organization\",\"name\":\"Bellunopress\",\"url\":\"https:\\\/\\\/www.bellunopress.it\\\/\",\"logo\":{\"@type\":\"ImageObject\",\"inLanguage\":\"fr-FR\",\"@id\":\"https:\\\/\\\/www.bellunopress.it\\\/#\\\/schema\\\/logo\\\/image\\\/\",\"url\":\"https:\\\/\\\/www.bellunopress.it\\\/wp-content\\\/uploads\\\/2011\\\/05\\\/cropped-logo-bellunopress-.jpg\",\"contentUrl\":\"https:\\\/\\\/www.bellunopress.it\\\/wp-content\\\/uploads\\\/2011\\\/05\\\/cropped-logo-bellunopress-.jpg\",\"width\":512,\"height\":512,\"caption\":\"Bellunopress\"},\"image\":{\"@id\":\"https:\\\/\\\/www.bellunopress.it\\\/#\\\/schema\\\/logo\\\/image\\\/\"},\"sameAs\":[\"https:\\\/\\\/www.facebook.com\\\/profile.php?id=100008943462799\",\"https:\\\/\\\/x.com\\\/bellunopress\",\"https:\\\/\\\/www.linkedin.com\\\/hp\\\/?dnr=JBzUWaJfMUw8vbXJJ2tVW5-I3jZKvC4wsoxE&amp;amp;amp;amp;amp;amp;trk=nav_responsive_tab_home\",\"https:\\\/\\\/www.youtube.com\\\/channel\\\/UCxL0wu1uN0_3_7hGG0306cw\"]},{\"@type\":\"Person\",\"@id\":\"https:\\\/\\\/www.bellunopress.it\\\/#\\\/schema\\\/person\\\/79bb06722b37ece1c03d3e94beb30d73\",\"name\":\"redazione\",\"image\":{\"@type\":\"ImageObject\",\"inLanguage\":\"fr-FR\",\"@id\":\"https:\\\/\\\/secure.gravatar.com\\\/avatar\\\/37d968a2e67a6fd04c169c4bdef102d0bc5d31b2546345219e348575eb80e9a0?s=96&d=mm&r=g\",\"url\":\"https:\\\/\\\/secure.gravatar.com\\\/avatar\\\/37d968a2e67a6fd04c169c4bdef102d0bc5d31b2546345219e348575eb80e9a0?s=96&d=mm&r=g\",\"contentUrl\":\"https:\\\/\\\/secure.gravatar.com\\\/avatar\\\/37d968a2e67a6fd04c169c4bdef102d0bc5d31b2546345219e348575eb80e9a0?s=96&d=mm&r=g\",\"caption\":\"redazione\"},\"sameAs\":[\"http:\\\/\\\/www.bellunopress.it\",\"https:\\\/\\\/x.com\\\/bellunopress\"],\"url\":\"https:\\\/\\\/www.bellunopress.it\\\/fr\\\/author\\\/redazione\\\/\"}]}<\/script>\n<!-- \/ Yoast SEO plugin. -->","yoast_head_json":{"title":"Edoardo Gellner, Cortina e Venezia celebrano il centenario della nascita del famoso architetto - Bellunopress - Dolomiti","robots":{"index":"index","follow":"follow","max-snippet":"max-snippet:-1","max-image-preview":"max-image-preview:large","max-video-preview":"max-video-preview:-1"},"canonical":"https:\/\/www.bellunopress.it\/fr\/2009\/07\/11\/edoardo-gellner-cortina-e-venezia-celebrano-il-centenario-della-nascita-del-famoso-architetto\/","og_locale":"fr_FR","og_type":"article","og_title":"Edoardo Gellner, Cortina e Venezia celebrano il centenario della nascita del famoso architetto - Bellunopress - Dolomiti","og_description":"Il Comitato Regionale per Celebrazioni del Centenario della nascita dell\u2019architetto Edoardo Gellner \u00e8 stato istituito dalla Regione del Veneto, dietro particolare istanza del Comune di Cortina d\u2019Ampezzo, con la finalit\u00e0 di celebrare l\u2019architetto di origine istriana, figura di spicco dell\u2019architettura italiana ed internazionale. Il Comitato Regionale promuove un progetto culturale e scientifico dal titolo &#8220;Edoardo [&hellip;]","og_url":"https:\/\/www.bellunopress.it\/fr\/2009\/07\/11\/edoardo-gellner-cortina-e-venezia-celebrano-il-centenario-della-nascita-del-famoso-architetto\/","og_site_name":"Bellunopress - Dolomiti","article_publisher":"https:\/\/www.facebook.com\/profile.php?id=100008943462799","article_published_time":"2009-07-11T09:04:44+00:00","og_image":[{"url":"http:\/\/www.bellunopress.it\/wp-content\/uploads\/2009\/07\/gellner-vlleggio-eni-leggera.jpeg","type":"","width":"","height":""}],"author":"redazione","twitter_card":"summary_large_image","twitter_creator":"@bellunopress","twitter_site":"@bellunopress","twitter_misc":{"\u00c9crit par":"redazione","Dur\u00e9e de lecture estim\u00e9e":"6 minutes"},"schema":{"@context":"https:\/\/schema.org","@graph":[{"@type":"Article","@id":"https:\/\/www.bellunopress.it\/2009\/07\/11\/edoardo-gellner-cortina-e-venezia-celebrano-il-centenario-della-nascita-del-famoso-architetto\/#article","isPartOf":{"@id":"https:\/\/www.bellunopress.it\/2009\/07\/11\/edoardo-gellner-cortina-e-venezia-celebrano-il-centenario-della-nascita-del-famoso-architetto\/"},"author":{"name":"redazione","@id":"https:\/\/www.bellunopress.it\/#\/schema\/person\/79bb06722b37ece1c03d3e94beb30d73"},"headline":"Edoardo Gellner, Cortina e Venezia celebrano il centenario della nascita del famoso architetto","datePublished":"2009-07-11T09:04:44+00:00","mainEntityOfPage":{"@id":"https:\/\/www.bellunopress.it\/2009\/07\/11\/edoardo-gellner-cortina-e-venezia-celebrano-il-centenario-della-nascita-del-famoso-architetto\/"},"wordCount":1119,"publisher":{"@id":"https:\/\/www.bellunopress.it\/#organization"},"image":{"@id":"https:\/\/www.bellunopress.it\/2009\/07\/11\/edoardo-gellner-cortina-e-venezia-celebrano-il-centenario-della-nascita-del-famoso-architetto\/#primaryimage"},"thumbnailUrl":"http:\/\/www.bellunopress.it\/wp-content\/uploads\/2009\/07\/gellner-vlleggio-eni-leggera.jpeg","keywords":["Belluno","Cadore","Dolomiti"],"articleSection":["Arte, Cultura, Spettacoli, Scienza","Prima Pagina"],"inLanguage":"fr-FR"},{"@type":"WebPage","@id":"https:\/\/www.bellunopress.it\/2009\/07\/11\/edoardo-gellner-cortina-e-venezia-celebrano-il-centenario-della-nascita-del-famoso-architetto\/","url":"https:\/\/www.bellunopress.it\/2009\/07\/11\/edoardo-gellner-cortina-e-venezia-celebrano-il-centenario-della-nascita-del-famoso-architetto\/","name":"Edoardo Gellner, Cortina e Venezia celebrano il centenario della nascita del famoso architetto - Bellunopress - Dolomiti","isPartOf":{"@id":"https:\/\/www.bellunopress.it\/#website"},"primaryImageOfPage":{"@id":"https:\/\/www.bellunopress.it\/2009\/07\/11\/edoardo-gellner-cortina-e-venezia-celebrano-il-centenario-della-nascita-del-famoso-architetto\/#primaryimage"},"image":{"@id":"https:\/\/www.bellunopress.it\/2009\/07\/11\/edoardo-gellner-cortina-e-venezia-celebrano-il-centenario-della-nascita-del-famoso-architetto\/#primaryimage"},"thumbnailUrl":"http:\/\/www.bellunopress.it\/wp-content\/uploads\/2009\/07\/gellner-vlleggio-eni-leggera.jpeg","datePublished":"2009-07-11T09:04:44+00:00","breadcrumb":{"@id":"https:\/\/www.bellunopress.it\/2009\/07\/11\/edoardo-gellner-cortina-e-venezia-celebrano-il-centenario-della-nascita-del-famoso-architetto\/#breadcrumb"},"inLanguage":"fr-FR","potentialAction":[{"@type":"ReadAction","target":["https:\/\/www.bellunopress.it\/2009\/07\/11\/edoardo-gellner-cortina-e-venezia-celebrano-il-centenario-della-nascita-del-famoso-architetto\/"]}]},{"@type":"ImageObject","inLanguage":"fr-FR","@id":"https:\/\/www.bellunopress.it\/2009\/07\/11\/edoardo-gellner-cortina-e-venezia-celebrano-il-centenario-della-nascita-del-famoso-architetto\/#primaryimage","url":"http:\/\/www.bellunopress.it\/wp-content\/uploads\/2009\/07\/gellner-vlleggio-eni-leggera.jpeg","contentUrl":"http:\/\/www.bellunopress.it\/wp-content\/uploads\/2009\/07\/gellner-vlleggio-eni-leggera.jpeg"},{"@type":"BreadcrumbList","@id":"https:\/\/www.bellunopress.it\/2009\/07\/11\/edoardo-gellner-cortina-e-venezia-celebrano-il-centenario-della-nascita-del-famoso-architetto\/#breadcrumb","itemListElement":[{"@type":"ListItem","position":1,"name":"Home","item":"https:\/\/www.bellunopress.it\/"},{"@type":"ListItem","position":2,"name":"Edoardo Gellner, Cortina e Venezia celebrano il centenario della nascita del famoso architetto"}]},{"@type":"WebSite","@id":"https:\/\/www.bellunopress.it\/#website","url":"https:\/\/www.bellunopress.it\/","name":"Bellunopress - Dolomiti","description":"e-mail: redazione@bellunopress.it","publisher":{"@id":"https:\/\/www.bellunopress.it\/#organization"},"potentialAction":[{"@type":"SearchAction","target":{"@type":"EntryPoint","urlTemplate":"https:\/\/www.bellunopress.it\/?s={search_term_string}"},"query-input":{"@type":"PropertyValueSpecification","valueRequired":true,"valueName":"search_term_string"}}],"inLanguage":"fr-FR"},{"@type":"Organization","@id":"https:\/\/www.bellunopress.it\/#organization","name":"Bellunopress","url":"https:\/\/www.bellunopress.it\/","logo":{"@type":"ImageObject","inLanguage":"fr-FR","@id":"https:\/\/www.bellunopress.it\/#\/schema\/logo\/image\/","url":"https:\/\/www.bellunopress.it\/wp-content\/uploads\/2011\/05\/cropped-logo-bellunopress-.jpg","contentUrl":"https:\/\/www.bellunopress.it\/wp-content\/uploads\/2011\/05\/cropped-logo-bellunopress-.jpg","width":512,"height":512,"caption":"Bellunopress"},"image":{"@id":"https:\/\/www.bellunopress.it\/#\/schema\/logo\/image\/"},"sameAs":["https:\/\/www.facebook.com\/profile.php?id=100008943462799","https:\/\/x.com\/bellunopress","https:\/\/www.linkedin.com\/hp\/?dnr=JBzUWaJfMUw8vbXJJ2tVW5-I3jZKvC4wsoxE&amp;amp;amp;amp;amp;amp;trk=nav_responsive_tab_home","https:\/\/www.youtube.com\/channel\/UCxL0wu1uN0_3_7hGG0306cw"]},{"@type":"Person","@id":"https:\/\/www.bellunopress.it\/#\/schema\/person\/79bb06722b37ece1c03d3e94beb30d73","name":"r\u00e9daction","image":{"@type":"ImageObject","inLanguage":"fr-FR","@id":"https:\/\/secure.gravatar.com\/avatar\/37d968a2e67a6fd04c169c4bdef102d0bc5d31b2546345219e348575eb80e9a0?s=96&d=mm&r=g","url":"https:\/\/secure.gravatar.com\/avatar\/37d968a2e67a6fd04c169c4bdef102d0bc5d31b2546345219e348575eb80e9a0?s=96&d=mm&r=g","contentUrl":"https:\/\/secure.gravatar.com\/avatar\/37d968a2e67a6fd04c169c4bdef102d0bc5d31b2546345219e348575eb80e9a0?s=96&d=mm&r=g","caption":"redazione"},"sameAs":["http:\/\/www.bellunopress.it","https:\/\/x.com\/bellunopress"],"url":"https:\/\/www.bellunopress.it\/fr\/author\/redazione\/"}]}},"_links":{"self":[{"href":"https:\/\/www.bellunopress.it\/fr\/wp-json\/wp\/v2\/posts\/5866","targetHints":{"allow":["GET"]}}],"collection":[{"href":"https:\/\/www.bellunopress.it\/fr\/wp-json\/wp\/v2\/posts"}],"about":[{"href":"https:\/\/www.bellunopress.it\/fr\/wp-json\/wp\/v2\/types\/post"}],"author":[{"embeddable":true,"href":"https:\/\/www.bellunopress.it\/fr\/wp-json\/wp\/v2\/users\/2"}],"replies":[{"embeddable":true,"href":"https:\/\/www.bellunopress.it\/fr\/wp-json\/wp\/v2\/comments?post=5866"}],"version-history":[{"count":1,"href":"https:\/\/www.bellunopress.it\/fr\/wp-json\/wp\/v2\/posts\/5866\/revisions"}],"predecessor-version":[{"id":5869,"href":"https:\/\/www.bellunopress.it\/fr\/wp-json\/wp\/v2\/posts\/5866\/revisions\/5869"}],"wp:attachment":[{"href":"https:\/\/www.bellunopress.it\/fr\/wp-json\/wp\/v2\/media?parent=5866"}],"wp:term":[{"taxonomy":"category","embeddable":true,"href":"https:\/\/www.bellunopress.it\/fr\/wp-json\/wp\/v2\/categories?post=5866"},{"taxonomy":"post_tag","embeddable":true,"href":"https:\/\/www.bellunopress.it\/fr\/wp-json\/wp\/v2\/tags?post=5866"}],"curies":[{"name":"wp","href":"https:\/\/api.w.org\/{rel}","templated":true}]}}