{"id":5853,"date":"2009-07-11T07:46:47","date_gmt":"2009-07-11T06:46:47","guid":{"rendered":"http:\/\/www.bellunopress.it\/?p=5853"},"modified":"2009-07-11T07:53:44","modified_gmt":"2009-07-11T06:53:44","slug":"%e2%80%9cesistenzialisti%e2%80%9d-e-%e2%80%9canti-esistenzialisti%e2%80%9d-accendono-il-dibattito-a-belluno-sul-convegno-di-giesse-sul-danno-alla-persona","status":"publish","type":"post","link":"https:\/\/www.bellunopress.it\/fr\/2009\/07\/11\/%e2%80%9cesistenzialisti%e2%80%9d-e-%e2%80%9canti-esistenzialisti%e2%80%9d-accendono-il-dibattito-a-belluno-sul-convegno-di-giesse-sul-danno-alla-persona\/","title":{"rendered":"\u201cEsistenzialisti\u201d e \u201canti-esistenzialisti\u201d accendono il dibattito a Belluno sul convegno di Giesse sul danno alla persona"},"content":{"rendered":"<p><a href=\"http:\/\/www.bellunopress.it\/wp-content\/uploads\/2009\/07\/giesse-convegno-danno-alla-persona-001.jpg\"><\/a><a href=\"http:\/\/www.bellunopress.it\/wp-content\/uploads\/2009\/07\/giesse-convegno-danno-alla-persona-002.jpg\"><img loading=\"lazy\" decoding=\"async\" class=\"alignleft size-medium wp-image-5837\" title=\"giesse-convegno-danno-alla-persona-002\" src=\"http:\/\/www.bellunopress.it\/wp-content\/uploads\/2009\/07\/giesse-convegno-danno-alla-persona-002.jpg\" alt=\"\" width=\"270\" height=\"180\" \/><\/a>Si \u00e8 svolta ieri (venerd\u00ec11) al Teatro Giovanni XXIII di Belluno con inizio alle 9.15 la terza edizione della Giornata di Studio sul danno alla persona organizzata da Giesse Gestione Sinistri dal titolo \u201cIl nuovo danno non patrimoniale dopo le SS.UU.: dal disordine ..al caos?\u201d. Un\u2019intera giornata in cui i pi\u00f9 noti \u201cesistenzialisti\u201d e \u201canti-esistenzialisti\u201d del mondo giuridico italiano si sono confrontati sulle molteplici conseguenze della sentenza delle Sezioni unite della Corte di Cassazione che l\u201911 novembre 2008 ha decretato la fine del danno esistenziale. L\u2019evento ha avuto un buon successo di pubblico rappresentato per la maggior parte da professionisti del settore legale che partecipando hanno potuto acquisire 6 crediti formativi riconosciuti dal Consiglio Nazionale Forense. L\u2019intervento del Presidente della Regione Veneto Giancarlo Galan e i saluti del Sindaco di\u00a0 Belluno Antonio Prade hanno aperto i lavori con particolare nota d\u2019orgoglio del Primo cittadino quando ha ricordato la nascita di Giesse e la crescita a livello nazionale della societ\u00e0 bellunese. L\u2019introduzione di Bruno Marusso ha presentato i relatori: oltre alle personalit\u00e0 di spicco gi\u00e0 intervenute nelle scorse edizioni, come il magistrato della Corte di Cassazione Giovanni Battista Petti, il giudice del Tribunale di Roma Marco Rossetti, il prof. Giorgio Gallone del Foro di Roma, il prof. avv. Marco Bona del Foro di Torino, quest\u2019anno sono intervenuti\u00a0 il magistrato della Corte di Cassazione Giacomo Travaglino, il giudice del Tribunale di Trieste Gloria Carlesso, il giudice del Tribunale di Venezia Roberto Simone, la psicologa forense Simona Codazzi, il prof. Giulio Ponzanelli e l\u2019avv. Filippo Martini, entrambi del Foro di Milano. La dott.ssa Bianca La Monica, presidente della sezione del Tribunale di Milano, non ha potuto presenziare per impegni lavorativi ma parteciper\u00e0 insieme agli altri al prossimo appuntamento per il prossimo convegno che Giesse ha in previsione per il 25 settembre a Mesagne (BR). \u201cSiamo molto contenti dei risultati e dei riscontri ottenuti da questa Giornata di studio. \u2013 commenta Bruno Marusso, organizzatore dell\u2019evento e socio di Giesse Gestione Sinistri \u2013 Siamo soddisfatti soprattutto per aver riunito esperti del mondo giuridico italiano caratterizzati da posizioni e idee notoriamente contrapposte che hanno saputo creare dibattiti di grande coinvolgimento.\u201d<\/p>","protected":false},"excerpt":{"rendered":"<p>Si \u00e8 svolta ieri (venerd\u00ec11) al Teatro Giovanni XXIII di Belluno con inizio alle 9.15 la terza edizione della Giornata di Studio sul danno alla persona organizzata da Giesse Gestione Sinistri dal titolo \u201cIl nuovo danno non patrimoniale dopo le SS.UU.: dal disordine ..al caos?\u201d. Un\u2019intera giornata in cui i pi\u00f9 noti \u201cesistenzialisti\u201d e \u201canti-esistenzialisti\u201d [&hellip;]<\/p>\n","protected":false},"author":2,"featured_media":0,"comment_status":"closed","ping_status":"open","sticky":false,"template":"","format":"standard","meta":{"footnotes":""},"categories":[5,26],"tags":[139],"class_list":["post-5853","post","type-post","status-publish","format-standard","category-cronaca","category-prima-pagina","tag-belluno"],"yoast_head":"<!-- This site is optimized with the Yoast SEO plugin v28.4 - https:\/\/yoast.com\/product\/yoast-seo-wordpress\/ -->\n<title>\u201cEsistenzialisti\u201d e \u201canti-esistenzialisti\u201d accendono il dibattito a Belluno sul convegno di Giesse sul danno alla persona  - Bellunopress - Dolomiti<\/title>\n<meta name=\"robots\" content=\"index, follow, max-snippet:-1, max-image-preview:large, max-video-preview:-1\" \/>\n<link rel=\"canonical\" href=\"https:\/\/www.bellunopress.it\/fr\/2009\/07\/11\/\u201cesistenzialisti\u201d-e-\u201canti-esistenzialisti\u201d-accendono-il-dibattito-a-belluno-sul-convegno-di-giesse-sul-danno-alla-persona\/\" \/>\n<meta property=\"og:locale\" content=\"fr_FR\" \/>\n<meta property=\"og:type\" content=\"article\" \/>\n<meta property=\"og:title\" content=\"\u201cEsistenzialisti\u201d e \u201canti-esistenzialisti\u201d accendono il dibattito a Belluno sul convegno di Giesse sul danno alla persona  - Bellunopress - Dolomiti\" \/>\n<meta property=\"og:description\" content=\"Si \u00e8 svolta ieri (venerd\u00ec11) al Teatro Giovanni XXIII di Belluno con inizio alle 9.15 la terza edizione della Giornata di Studio sul danno alla persona organizzata da Giesse Gestione Sinistri dal titolo \u201cIl nuovo danno non patrimoniale dopo le SS.UU.: dal disordine ..al caos?\u201d. Un\u2019intera giornata in cui i pi\u00f9 noti \u201cesistenzialisti\u201d e \u201canti-esistenzialisti\u201d [&hellip;]\" \/>\n<meta property=\"og:url\" content=\"https:\/\/www.bellunopress.it\/fr\/2009\/07\/11\/\u201cesistenzialisti\u201d-e-\u201canti-esistenzialisti\u201d-accendono-il-dibattito-a-belluno-sul-convegno-di-giesse-sul-danno-alla-persona\/\" \/>\n<meta property=\"og:site_name\" content=\"Bellunopress - Dolomiti\" \/>\n<meta property=\"article:publisher\" content=\"https:\/\/www.facebook.com\/profile.php?id=100008943462799\" \/>\n<meta property=\"article:published_time\" content=\"2009-07-11T06:46:47+00:00\" \/>\n<meta property=\"article:modified_time\" content=\"2009-07-11T06:53:44+00:00\" \/>\n<meta property=\"og:image\" content=\"http:\/\/www.bellunopress.it\/wp-content\/uploads\/2009\/07\/giesse-convegno-danno-alla-persona-002.jpg\" \/>\n<meta name=\"author\" content=\"redazione\" \/>\n<meta name=\"twitter:card\" content=\"summary_large_image\" \/>\n<meta name=\"twitter:creator\" content=\"@bellunopress\" \/>\n<meta name=\"twitter:site\" content=\"@bellunopress\" \/>\n<meta name=\"twitter:label1\" content=\"\u00c9crit par\" \/>\n\t<meta name=\"twitter:data1\" content=\"redazione\" \/>\n\t<meta name=\"twitter:label2\" content=\"Dur\u00e9e de lecture estim\u00e9e\" \/>\n\t<meta name=\"twitter:data2\" content=\"2 minutes\" \/>\n<script type=\"application\/ld+json\" class=\"yoast-schema-graph\">{\"@context\":\"https:\\\/\\\/schema.org\",\"@graph\":[{\"@type\":\"Article\",\"@id\":\"https:\\\/\\\/www.bellunopress.it\\\/2009\\\/07\\\/11\\\/%e2%80%9cesistenzialisti%e2%80%9d-e-%e2%80%9canti-esistenzialisti%e2%80%9d-accendono-il-dibattito-a-belluno-sul-convegno-di-giesse-sul-danno-alla-persona\\\/#article\",\"isPartOf\":{\"@id\":\"https:\\\/\\\/www.bellunopress.it\\\/2009\\\/07\\\/11\\\/%e2%80%9cesistenzialisti%e2%80%9d-e-%e2%80%9canti-esistenzialisti%e2%80%9d-accendono-il-dibattito-a-belluno-sul-convegno-di-giesse-sul-danno-alla-persona\\\/\"},\"author\":{\"name\":\"redazione\",\"@id\":\"https:\\\/\\\/www.bellunopress.it\\\/#\\\/schema\\\/person\\\/79bb06722b37ece1c03d3e94beb30d73\"},\"headline\":\"\u201cEsistenzialisti\u201d e \u201canti-esistenzialisti\u201d accendono il dibattito a Belluno sul convegno di Giesse sul danno alla persona\",\"datePublished\":\"2009-07-11T06:46:47+00:00\",\"dateModified\":\"2009-07-11T06:53:44+00:00\",\"mainEntityOfPage\":{\"@id\":\"https:\\\/\\\/www.bellunopress.it\\\/2009\\\/07\\\/11\\\/%e2%80%9cesistenzialisti%e2%80%9d-e-%e2%80%9canti-esistenzialisti%e2%80%9d-accendono-il-dibattito-a-belluno-sul-convegno-di-giesse-sul-danno-alla-persona\\\/\"},\"wordCount\":373,\"publisher\":{\"@id\":\"https:\\\/\\\/www.bellunopress.it\\\/#organization\"},\"image\":{\"@id\":\"https:\\\/\\\/www.bellunopress.it\\\/2009\\\/07\\\/11\\\/%e2%80%9cesistenzialisti%e2%80%9d-e-%e2%80%9canti-esistenzialisti%e2%80%9d-accendono-il-dibattito-a-belluno-sul-convegno-di-giesse-sul-danno-alla-persona\\\/#primaryimage\"},\"thumbnailUrl\":\"http:\\\/\\\/www.bellunopress.it\\\/wp-content\\\/uploads\\\/2009\\\/07\\\/giesse-convegno-danno-alla-persona-002.jpg\",\"keywords\":[\"Belluno\"],\"articleSection\":[\"Cronaca\\\/Politica\",\"Prima Pagina\"],\"inLanguage\":\"fr-FR\"},{\"@type\":\"WebPage\",\"@id\":\"https:\\\/\\\/www.bellunopress.it\\\/2009\\\/07\\\/11\\\/%e2%80%9cesistenzialisti%e2%80%9d-e-%e2%80%9canti-esistenzialisti%e2%80%9d-accendono-il-dibattito-a-belluno-sul-convegno-di-giesse-sul-danno-alla-persona\\\/\",\"url\":\"https:\\\/\\\/www.bellunopress.it\\\/2009\\\/07\\\/11\\\/%e2%80%9cesistenzialisti%e2%80%9d-e-%e2%80%9canti-esistenzialisti%e2%80%9d-accendono-il-dibattito-a-belluno-sul-convegno-di-giesse-sul-danno-alla-persona\\\/\",\"name\":\"\u201cEsistenzialisti\u201d e \u201canti-esistenzialisti\u201d accendono il dibattito a Belluno sul convegno di Giesse sul danno alla persona - Bellunopress - Dolomiti\",\"isPartOf\":{\"@id\":\"https:\\\/\\\/www.bellunopress.it\\\/#website\"},\"primaryImageOfPage\":{\"@id\":\"https:\\\/\\\/www.bellunopress.it\\\/2009\\\/07\\\/11\\\/%e2%80%9cesistenzialisti%e2%80%9d-e-%e2%80%9canti-esistenzialisti%e2%80%9d-accendono-il-dibattito-a-belluno-sul-convegno-di-giesse-sul-danno-alla-persona\\\/#primaryimage\"},\"image\":{\"@id\":\"https:\\\/\\\/www.bellunopress.it\\\/2009\\\/07\\\/11\\\/%e2%80%9cesistenzialisti%e2%80%9d-e-%e2%80%9canti-esistenzialisti%e2%80%9d-accendono-il-dibattito-a-belluno-sul-convegno-di-giesse-sul-danno-alla-persona\\\/#primaryimage\"},\"thumbnailUrl\":\"http:\\\/\\\/www.bellunopress.it\\\/wp-content\\\/uploads\\\/2009\\\/07\\\/giesse-convegno-danno-alla-persona-002.jpg\",\"datePublished\":\"2009-07-11T06:46:47+00:00\",\"dateModified\":\"2009-07-11T06:53:44+00:00\",\"breadcrumb\":{\"@id\":\"https:\\\/\\\/www.bellunopress.it\\\/2009\\\/07\\\/11\\\/%e2%80%9cesistenzialisti%e2%80%9d-e-%e2%80%9canti-esistenzialisti%e2%80%9d-accendono-il-dibattito-a-belluno-sul-convegno-di-giesse-sul-danno-alla-persona\\\/#breadcrumb\"},\"inLanguage\":\"fr-FR\",\"potentialAction\":[{\"@type\":\"ReadAction\",\"target\":[\"https:\\\/\\\/www.bellunopress.it\\\/2009\\\/07\\\/11\\\/%e2%80%9cesistenzialisti%e2%80%9d-e-%e2%80%9canti-esistenzialisti%e2%80%9d-accendono-il-dibattito-a-belluno-sul-convegno-di-giesse-sul-danno-alla-persona\\\/\"]}]},{\"@type\":\"ImageObject\",\"inLanguage\":\"fr-FR\",\"@id\":\"https:\\\/\\\/www.bellunopress.it\\\/2009\\\/07\\\/11\\\/%e2%80%9cesistenzialisti%e2%80%9d-e-%e2%80%9canti-esistenzialisti%e2%80%9d-accendono-il-dibattito-a-belluno-sul-convegno-di-giesse-sul-danno-alla-persona\\\/#primaryimage\",\"url\":\"http:\\\/\\\/www.bellunopress.it\\\/wp-content\\\/uploads\\\/2009\\\/07\\\/giesse-convegno-danno-alla-persona-002.jpg\",\"contentUrl\":\"http:\\\/\\\/www.bellunopress.it\\\/wp-content\\\/uploads\\\/2009\\\/07\\\/giesse-convegno-danno-alla-persona-002.jpg\"},{\"@type\":\"BreadcrumbList\",\"@id\":\"https:\\\/\\\/www.bellunopress.it\\\/2009\\\/07\\\/11\\\/%e2%80%9cesistenzialisti%e2%80%9d-e-%e2%80%9canti-esistenzialisti%e2%80%9d-accendono-il-dibattito-a-belluno-sul-convegno-di-giesse-sul-danno-alla-persona\\\/#breadcrumb\",\"itemListElement\":[{\"@type\":\"ListItem\",\"position\":1,\"name\":\"Home\",\"item\":\"https:\\\/\\\/www.bellunopress.it\\\/\"},{\"@type\":\"ListItem\",\"position\":2,\"name\":\"\u201cEsistenzialisti\u201d e \u201canti-esistenzialisti\u201d accendono il dibattito a Belluno sul convegno di Giesse sul danno alla persona\"}]},{\"@type\":\"WebSite\",\"@id\":\"https:\\\/\\\/www.bellunopress.it\\\/#website\",\"url\":\"https:\\\/\\\/www.bellunopress.it\\\/\",\"name\":\"Bellunopress - Dolomiti\",\"description\":\"e-mail: redazione@bellunopress.it\",\"publisher\":{\"@id\":\"https:\\\/\\\/www.bellunopress.it\\\/#organization\"},\"potentialAction\":[{\"@type\":\"SearchAction\",\"target\":{\"@type\":\"EntryPoint\",\"urlTemplate\":\"https:\\\/\\\/www.bellunopress.it\\\/?s={search_term_string}\"},\"query-input\":{\"@type\":\"PropertyValueSpecification\",\"valueRequired\":true,\"valueName\":\"search_term_string\"}}],\"inLanguage\":\"fr-FR\"},{\"@type\":\"Organization\",\"@id\":\"https:\\\/\\\/www.bellunopress.it\\\/#organization\",\"name\":\"Bellunopress\",\"url\":\"https:\\\/\\\/www.bellunopress.it\\\/\",\"logo\":{\"@type\":\"ImageObject\",\"inLanguage\":\"fr-FR\",\"@id\":\"https:\\\/\\\/www.bellunopress.it\\\/#\\\/schema\\\/logo\\\/image\\\/\",\"url\":\"https:\\\/\\\/www.bellunopress.it\\\/wp-content\\\/uploads\\\/2011\\\/05\\\/cropped-logo-bellunopress-.jpg\",\"contentUrl\":\"https:\\\/\\\/www.bellunopress.it\\\/wp-content\\\/uploads\\\/2011\\\/05\\\/cropped-logo-bellunopress-.jpg\",\"width\":512,\"height\":512,\"caption\":\"Bellunopress\"},\"image\":{\"@id\":\"https:\\\/\\\/www.bellunopress.it\\\/#\\\/schema\\\/logo\\\/image\\\/\"},\"sameAs\":[\"https:\\\/\\\/www.facebook.com\\\/profile.php?id=100008943462799\",\"https:\\\/\\\/x.com\\\/bellunopress\",\"https:\\\/\\\/www.linkedin.com\\\/hp\\\/?dnr=JBzUWaJfMUw8vbXJJ2tVW5-I3jZKvC4wsoxE&amp;amp;amp;amp;amp;amp;trk=nav_responsive_tab_home\",\"https:\\\/\\\/www.youtube.com\\\/channel\\\/UCxL0wu1uN0_3_7hGG0306cw\"]},{\"@type\":\"Person\",\"@id\":\"https:\\\/\\\/www.bellunopress.it\\\/#\\\/schema\\\/person\\\/79bb06722b37ece1c03d3e94beb30d73\",\"name\":\"redazione\",\"image\":{\"@type\":\"ImageObject\",\"inLanguage\":\"fr-FR\",\"@id\":\"https:\\\/\\\/secure.gravatar.com\\\/avatar\\\/37d968a2e67a6fd04c169c4bdef102d0bc5d31b2546345219e348575eb80e9a0?s=96&d=mm&r=g\",\"url\":\"https:\\\/\\\/secure.gravatar.com\\\/avatar\\\/37d968a2e67a6fd04c169c4bdef102d0bc5d31b2546345219e348575eb80e9a0?s=96&d=mm&r=g\",\"contentUrl\":\"https:\\\/\\\/secure.gravatar.com\\\/avatar\\\/37d968a2e67a6fd04c169c4bdef102d0bc5d31b2546345219e348575eb80e9a0?s=96&d=mm&r=g\",\"caption\":\"redazione\"},\"sameAs\":[\"http:\\\/\\\/www.bellunopress.it\",\"https:\\\/\\\/x.com\\\/bellunopress\"],\"url\":\"https:\\\/\\\/www.bellunopress.it\\\/fr\\\/author\\\/redazione\\\/\"}]}<\/script>\n<!-- \/ Yoast SEO plugin. -->","yoast_head_json":{"title":"\u201cEsistenzialisti\u201d e \u201canti-esistenzialisti\u201d accendono il dibattito a Belluno sul convegno di Giesse sul danno alla persona  - Bellunopress - Dolomiti","robots":{"index":"index","follow":"follow","max-snippet":"max-snippet:-1","max-image-preview":"max-image-preview:large","max-video-preview":"max-video-preview:-1"},"canonical":"https:\/\/www.bellunopress.it\/fr\/2009\/07\/11\/\u201cesistenzialisti\u201d-e-\u201canti-esistenzialisti\u201d-accendono-il-dibattito-a-belluno-sul-convegno-di-giesse-sul-danno-alla-persona\/","og_locale":"fr_FR","og_type":"article","og_title":"\u201cEsistenzialisti\u201d e \u201canti-esistenzialisti\u201d accendono il dibattito a Belluno sul convegno di Giesse sul danno alla persona  - Bellunopress - Dolomiti","og_description":"Si \u00e8 svolta ieri (venerd\u00ec11) al Teatro Giovanni XXIII di Belluno con inizio alle 9.15 la terza edizione della Giornata di Studio sul danno alla persona organizzata da Giesse Gestione Sinistri dal titolo \u201cIl nuovo danno non patrimoniale dopo le SS.UU.: dal disordine ..al caos?\u201d. Un\u2019intera giornata in cui i pi\u00f9 noti \u201cesistenzialisti\u201d e \u201canti-esistenzialisti\u201d [&hellip;]","og_url":"https:\/\/www.bellunopress.it\/fr\/2009\/07\/11\/\u201cesistenzialisti\u201d-e-\u201canti-esistenzialisti\u201d-accendono-il-dibattito-a-belluno-sul-convegno-di-giesse-sul-danno-alla-persona\/","og_site_name":"Bellunopress - Dolomiti","article_publisher":"https:\/\/www.facebook.com\/profile.php?id=100008943462799","article_published_time":"2009-07-11T06:46:47+00:00","article_modified_time":"2009-07-11T06:53:44+00:00","og_image":[{"url":"http:\/\/www.bellunopress.it\/wp-content\/uploads\/2009\/07\/giesse-convegno-danno-alla-persona-002.jpg","type":"","width":"","height":""}],"author":"redazione","twitter_card":"summary_large_image","twitter_creator":"@bellunopress","twitter_site":"@bellunopress","twitter_misc":{"\u00c9crit par":"redazione","Dur\u00e9e de lecture estim\u00e9e":"2 minutes"},"schema":{"@context":"https:\/\/schema.org","@graph":[{"@type":"Article","@id":"https:\/\/www.bellunopress.it\/2009\/07\/11\/%e2%80%9cesistenzialisti%e2%80%9d-e-%e2%80%9canti-esistenzialisti%e2%80%9d-accendono-il-dibattito-a-belluno-sul-convegno-di-giesse-sul-danno-alla-persona\/#article","isPartOf":{"@id":"https:\/\/www.bellunopress.it\/2009\/07\/11\/%e2%80%9cesistenzialisti%e2%80%9d-e-%e2%80%9canti-esistenzialisti%e2%80%9d-accendono-il-dibattito-a-belluno-sul-convegno-di-giesse-sul-danno-alla-persona\/"},"author":{"name":"redazione","@id":"https:\/\/www.bellunopress.it\/#\/schema\/person\/79bb06722b37ece1c03d3e94beb30d73"},"headline":"\u201cEsistenzialisti\u201d e \u201canti-esistenzialisti\u201d accendono il dibattito a Belluno sul convegno di Giesse sul danno alla persona","datePublished":"2009-07-11T06:46:47+00:00","dateModified":"2009-07-11T06:53:44+00:00","mainEntityOfPage":{"@id":"https:\/\/www.bellunopress.it\/2009\/07\/11\/%e2%80%9cesistenzialisti%e2%80%9d-e-%e2%80%9canti-esistenzialisti%e2%80%9d-accendono-il-dibattito-a-belluno-sul-convegno-di-giesse-sul-danno-alla-persona\/"},"wordCount":373,"publisher":{"@id":"https:\/\/www.bellunopress.it\/#organization"},"image":{"@id":"https:\/\/www.bellunopress.it\/2009\/07\/11\/%e2%80%9cesistenzialisti%e2%80%9d-e-%e2%80%9canti-esistenzialisti%e2%80%9d-accendono-il-dibattito-a-belluno-sul-convegno-di-giesse-sul-danno-alla-persona\/#primaryimage"},"thumbnailUrl":"http:\/\/www.bellunopress.it\/wp-content\/uploads\/2009\/07\/giesse-convegno-danno-alla-persona-002.jpg","keywords":["Belluno"],"articleSection":["Cronaca\/Politica","Prima Pagina"],"inLanguage":"fr-FR"},{"@type":"WebPage","@id":"https:\/\/www.bellunopress.it\/2009\/07\/11\/%e2%80%9cesistenzialisti%e2%80%9d-e-%e2%80%9canti-esistenzialisti%e2%80%9d-accendono-il-dibattito-a-belluno-sul-convegno-di-giesse-sul-danno-alla-persona\/","url":"https:\/\/www.bellunopress.it\/2009\/07\/11\/%e2%80%9cesistenzialisti%e2%80%9d-e-%e2%80%9canti-esistenzialisti%e2%80%9d-accendono-il-dibattito-a-belluno-sul-convegno-di-giesse-sul-danno-alla-persona\/","name":"\u201cEsistenzialisti\u201d e \u201canti-esistenzialisti\u201d accendono il dibattito a Belluno sul convegno di Giesse sul danno alla persona - Bellunopress - Dolomiti","isPartOf":{"@id":"https:\/\/www.bellunopress.it\/#website"},"primaryImageOfPage":{"@id":"https:\/\/www.bellunopress.it\/2009\/07\/11\/%e2%80%9cesistenzialisti%e2%80%9d-e-%e2%80%9canti-esistenzialisti%e2%80%9d-accendono-il-dibattito-a-belluno-sul-convegno-di-giesse-sul-danno-alla-persona\/#primaryimage"},"image":{"@id":"https:\/\/www.bellunopress.it\/2009\/07\/11\/%e2%80%9cesistenzialisti%e2%80%9d-e-%e2%80%9canti-esistenzialisti%e2%80%9d-accendono-il-dibattito-a-belluno-sul-convegno-di-giesse-sul-danno-alla-persona\/#primaryimage"},"thumbnailUrl":"http:\/\/www.bellunopress.it\/wp-content\/uploads\/2009\/07\/giesse-convegno-danno-alla-persona-002.jpg","datePublished":"2009-07-11T06:46:47+00:00","dateModified":"2009-07-11T06:53:44+00:00","breadcrumb":{"@id":"https:\/\/www.bellunopress.it\/2009\/07\/11\/%e2%80%9cesistenzialisti%e2%80%9d-e-%e2%80%9canti-esistenzialisti%e2%80%9d-accendono-il-dibattito-a-belluno-sul-convegno-di-giesse-sul-danno-alla-persona\/#breadcrumb"},"inLanguage":"fr-FR","potentialAction":[{"@type":"ReadAction","target":["https:\/\/www.bellunopress.it\/2009\/07\/11\/%e2%80%9cesistenzialisti%e2%80%9d-e-%e2%80%9canti-esistenzialisti%e2%80%9d-accendono-il-dibattito-a-belluno-sul-convegno-di-giesse-sul-danno-alla-persona\/"]}]},{"@type":"ImageObject","inLanguage":"fr-FR","@id":"https:\/\/www.bellunopress.it\/2009\/07\/11\/%e2%80%9cesistenzialisti%e2%80%9d-e-%e2%80%9canti-esistenzialisti%e2%80%9d-accendono-il-dibattito-a-belluno-sul-convegno-di-giesse-sul-danno-alla-persona\/#primaryimage","url":"http:\/\/www.bellunopress.it\/wp-content\/uploads\/2009\/07\/giesse-convegno-danno-alla-persona-002.jpg","contentUrl":"http:\/\/www.bellunopress.it\/wp-content\/uploads\/2009\/07\/giesse-convegno-danno-alla-persona-002.jpg"},{"@type":"BreadcrumbList","@id":"https:\/\/www.bellunopress.it\/2009\/07\/11\/%e2%80%9cesistenzialisti%e2%80%9d-e-%e2%80%9canti-esistenzialisti%e2%80%9d-accendono-il-dibattito-a-belluno-sul-convegno-di-giesse-sul-danno-alla-persona\/#breadcrumb","itemListElement":[{"@type":"ListItem","position":1,"name":"Home","item":"https:\/\/www.bellunopress.it\/"},{"@type":"ListItem","position":2,"name":"\u201cEsistenzialisti\u201d e \u201canti-esistenzialisti\u201d accendono il dibattito a Belluno sul convegno di Giesse sul danno alla persona"}]},{"@type":"WebSite","@id":"https:\/\/www.bellunopress.it\/#website","url":"https:\/\/www.bellunopress.it\/","name":"Bellunopress - Dolomiti","description":"e-mail: redazione@bellunopress.it","publisher":{"@id":"https:\/\/www.bellunopress.it\/#organization"},"potentialAction":[{"@type":"SearchAction","target":{"@type":"EntryPoint","urlTemplate":"https:\/\/www.bellunopress.it\/?s={search_term_string}"},"query-input":{"@type":"PropertyValueSpecification","valueRequired":true,"valueName":"search_term_string"}}],"inLanguage":"fr-FR"},{"@type":"Organization","@id":"https:\/\/www.bellunopress.it\/#organization","name":"Bellunopress","url":"https:\/\/www.bellunopress.it\/","logo":{"@type":"ImageObject","inLanguage":"fr-FR","@id":"https:\/\/www.bellunopress.it\/#\/schema\/logo\/image\/","url":"https:\/\/www.bellunopress.it\/wp-content\/uploads\/2011\/05\/cropped-logo-bellunopress-.jpg","contentUrl":"https:\/\/www.bellunopress.it\/wp-content\/uploads\/2011\/05\/cropped-logo-bellunopress-.jpg","width":512,"height":512,"caption":"Bellunopress"},"image":{"@id":"https:\/\/www.bellunopress.it\/#\/schema\/logo\/image\/"},"sameAs":["https:\/\/www.facebook.com\/profile.php?id=100008943462799","https:\/\/x.com\/bellunopress","https:\/\/www.linkedin.com\/hp\/?dnr=JBzUWaJfMUw8vbXJJ2tVW5-I3jZKvC4wsoxE&amp;amp;amp;amp;amp;amp;trk=nav_responsive_tab_home","https:\/\/www.youtube.com\/channel\/UCxL0wu1uN0_3_7hGG0306cw"]},{"@type":"Person","@id":"https:\/\/www.bellunopress.it\/#\/schema\/person\/79bb06722b37ece1c03d3e94beb30d73","name":"r\u00e9daction","image":{"@type":"ImageObject","inLanguage":"fr-FR","@id":"https:\/\/secure.gravatar.com\/avatar\/37d968a2e67a6fd04c169c4bdef102d0bc5d31b2546345219e348575eb80e9a0?s=96&d=mm&r=g","url":"https:\/\/secure.gravatar.com\/avatar\/37d968a2e67a6fd04c169c4bdef102d0bc5d31b2546345219e348575eb80e9a0?s=96&d=mm&r=g","contentUrl":"https:\/\/secure.gravatar.com\/avatar\/37d968a2e67a6fd04c169c4bdef102d0bc5d31b2546345219e348575eb80e9a0?s=96&d=mm&r=g","caption":"redazione"},"sameAs":["http:\/\/www.bellunopress.it","https:\/\/x.com\/bellunopress"],"url":"https:\/\/www.bellunopress.it\/fr\/author\/redazione\/"}]}},"_links":{"self":[{"href":"https:\/\/www.bellunopress.it\/fr\/wp-json\/wp\/v2\/posts\/5853","targetHints":{"allow":["GET"]}}],"collection":[{"href":"https:\/\/www.bellunopress.it\/fr\/wp-json\/wp\/v2\/posts"}],"about":[{"href":"https:\/\/www.bellunopress.it\/fr\/wp-json\/wp\/v2\/types\/post"}],"author":[{"embeddable":true,"href":"https:\/\/www.bellunopress.it\/fr\/wp-json\/wp\/v2\/users\/2"}],"replies":[{"embeddable":true,"href":"https:\/\/www.bellunopress.it\/fr\/wp-json\/wp\/v2\/comments?post=5853"}],"version-history":[{"count":3,"href":"https:\/\/www.bellunopress.it\/fr\/wp-json\/wp\/v2\/posts\/5853\/revisions"}],"predecessor-version":[{"id":5857,"href":"https:\/\/www.bellunopress.it\/fr\/wp-json\/wp\/v2\/posts\/5853\/revisions\/5857"}],"wp:attachment":[{"href":"https:\/\/www.bellunopress.it\/fr\/wp-json\/wp\/v2\/media?parent=5853"}],"wp:term":[{"taxonomy":"category","embeddable":true,"href":"https:\/\/www.bellunopress.it\/fr\/wp-json\/wp\/v2\/categories?post=5853"},{"taxonomy":"post_tag","embeddable":true,"href":"https:\/\/www.bellunopress.it\/fr\/wp-json\/wp\/v2\/tags?post=5853"}],"curies":[{"name":"wp","href":"https:\/\/api.w.org\/{rel}","templated":true}]}}