{"id":5835,"date":"2009-07-10T16:31:17","date_gmt":"2009-07-10T15:31:17","guid":{"rendered":"http:\/\/www.bellunopress.it\/?p=5835"},"modified":"2009-07-10T16:39:37","modified_gmt":"2009-07-10T15:39:37","slug":"i-diritti-civili-sono-stati-conquistati-attraverso-i-roghi%c2%bb-lintervento-del-professor-petti-magistrato-di-cassazione-al-convegno-sul-danno-alla-persona-di-giesse","status":"publish","type":"post","link":"https:\/\/www.bellunopress.it\/fr\/2009\/07\/10\/i-diritti-civili-sono-stati-conquistati-attraverso-i-roghi%c2%bb-lintervento-del-professor-petti-magistrato-di-cassazione-al-convegno-sul-danno-alla-persona-di-giesse\/","title":{"rendered":"I diritti civili sono stati conquistati attraverso i roghi\u00bb l&#8217;intervento del professor Petti, magistrato di Cassazione, al Convegno sul danno alla persona di Giesse"},"content":{"rendered":"<p><a href=\"http:\/\/www.bellunopress.it\/wp-content\/uploads\/2009\/07\/giesse-convegno-danno-alla-persona-002.jpg\"><img loading=\"lazy\" decoding=\"async\" class=\"alignleft size-medium wp-image-5837\" title=\"giesse-convegno-danno-alla-persona-002\" src=\"http:\/\/www.bellunopress.it\/wp-content\/uploads\/2009\/07\/giesse-convegno-danno-alla-persona-002.jpg\" alt=\"\" width=\"270\" height=\"180\" \/><\/a>\u00abLa legge parla di risarcimento giusto e non oltre. Ma avrebbe dovuto dire, giusto e non di meno, per impedire la mala gestio delle compagnie di assicurazione, un comportamento che procura milioni di danni per azioni risarcitorie. E nessun amministratore delegato di queste compagnie ha mai pagato nulla di persona, facendo ricadere i costi sugli assicurati stessi\u00bb. Lo ha detto il professor Giovanni Battista Petti &#8211; Consigliere di Cassazione, docente di Diritto civile e costituzionale all&#8217;Universit\u00e0 La sapienza di Roma, oltre che autore di numerosi testi specializzati &#8211; al convegno organizzato da Giesse Gestione sinistri di Belluno che si \u00e8 tenuto oggi (venerd\u00ec 10) al Centro Giovanni 23mo sul tema \u201cDanno alla persona, il nuovo danno non patrimoniale dopo le sentenze della Corte di Cassazione a Sezioni unite: dal disordine al&#8230;caos?\u201d \u00abIl danno non patrimoniale non si misura con il Teorema di Pitagora \u2013 ha detto il relatore \u2013 del resto la democrazia non si fonda sull&#8217;uguaglianza delle persone, l&#8217;art. 3 della Costituzione \u2013 secondo il professore \u2013 parla di chi si espande, chi progredisce. E dunque non siamo tutti uguali. Questo significa che quando in una societ\u00e0 democratica si distrugge una persona, poi \u00e8 difficile ricostruire\u00bb. L&#8217;alto magistrato fa l&#8217;esempio di ci\u00f2 che succede oggi in Italia, nella guerra mediatica tra politici, politici e giudici, e giornalisti. Insomma, offese, diffamazioni, che talvolta finiscono in pesanti azioni di richiesta di risarcimento. \u00abQuando per\u00f2 si tratta di risarcire le vittime, abbiamo il cuore di pietra\u00bb afferma il giudice. Che nell&#8217;esaminare il principio di risarcimento, spiega come alcuni diritti umani come il diritto di pensiero e di religione si prestino a dei conflitti. E allora, per il principio di saggezza e di tolleranza si \u00e8 convenuto che vi siano dei diritti che hanno una soglia minima. Come la vita e la salute. Nell&#8217;informazione queste soglie s&#8217;innalzano e \u00abnoi giudici siamo pi\u00f9 tolleranti\u00bb ha detto Petti. Che ha parlato di 54 diritti sociali, considerati diritti umani emersi nel corso dei secoli grazie alla democrazia: \u00abPi\u00f9 cresce la democrazia e pi\u00f9 crescono i diritti civili, che nella storia si sono affermati attraverso i roghi\u00bb. Sono intervenuti come relatori anche il dottor Bruno Marusso, l&#8217;avvocato Giorgio Gallone, la dottoressa Simona Codazzi, la dottoressa Gloria Carlesso, il dottor Marco Rossetti, l&#8217;avvocato Filippo Martini, l&#8217;avvocato Giulio Ponzanelli, l&#8217;avvocato Marco Bona e il dottor Giacomo Travaglino. Numeroso il pubblico intervenuto, costituito soprattutto da operatori del settore, avvocati e assicuratori.<\/p>","protected":false},"excerpt":{"rendered":"<p>\u00abLa legge parla di risarcimento giusto e non oltre. Ma avrebbe dovuto dire, giusto e non di meno, per impedire la mala gestio delle compagnie di assicurazione, un comportamento che procura milioni di danni per azioni risarcitorie. E nessun amministratore delegato di queste compagnie ha mai pagato nulla di persona, facendo ricadere i costi sugli [&hellip;]<\/p>\n","protected":false},"author":2,"featured_media":0,"comment_status":"closed","ping_status":"open","sticky":false,"template":"","format":"standard","meta":{"footnotes":""},"categories":[36],"tags":[139],"class_list":["post-5835","post","type-post","status-publish","format-standard","category-lavoro-economia","tag-belluno"],"yoast_head":"<!-- This site is optimized with the Yoast SEO plugin v28.4 - https:\/\/yoast.com\/product\/yoast-seo-wordpress\/ -->\n<title>I diritti civili sono stati conquistati attraverso i roghi\u00bb l&#039;intervento del professor Petti, magistrato di Cassazione, al Convegno sul danno alla persona di Giesse  - Bellunopress - Dolomiti<\/title>\n<meta name=\"robots\" content=\"index, follow, max-snippet:-1, max-image-preview:large, max-video-preview:-1\" \/>\n<link rel=\"canonical\" href=\"https:\/\/www.bellunopress.it\/fr\/2009\/07\/10\/i-diritti-civili-sono-stati-conquistati-attraverso-i-roghi\u00bb-lintervento-del-professor-petti-magistrato-di-cassazione-al-convegno-sul-danno-alla-persona-di-giesse\/\" \/>\n<meta property=\"og:locale\" content=\"fr_FR\" \/>\n<meta property=\"og:type\" content=\"article\" \/>\n<meta property=\"og:title\" content=\"I diritti civili sono stati conquistati attraverso i roghi\u00bb l&#039;intervento del professor Petti, magistrato di Cassazione, al Convegno sul danno alla persona di Giesse  - Bellunopress - Dolomiti\" \/>\n<meta property=\"og:description\" content=\"\u00abLa legge parla di risarcimento giusto e non oltre. Ma avrebbe dovuto dire, giusto e non di meno, per impedire la mala gestio delle compagnie di assicurazione, un comportamento che procura milioni di danni per azioni risarcitorie. E nessun amministratore delegato di queste compagnie ha mai pagato nulla di persona, facendo ricadere i costi sugli [&hellip;]\" \/>\n<meta property=\"og:url\" content=\"https:\/\/www.bellunopress.it\/fr\/2009\/07\/10\/i-diritti-civili-sono-stati-conquistati-attraverso-i-roghi\u00bb-lintervento-del-professor-petti-magistrato-di-cassazione-al-convegno-sul-danno-alla-persona-di-giesse\/\" \/>\n<meta property=\"og:site_name\" content=\"Bellunopress - Dolomiti\" \/>\n<meta property=\"article:publisher\" content=\"https:\/\/www.facebook.com\/profile.php?id=100008943462799\" \/>\n<meta property=\"article:published_time\" content=\"2009-07-10T15:31:17+00:00\" \/>\n<meta property=\"article:modified_time\" content=\"2009-07-10T15:39:37+00:00\" \/>\n<meta property=\"og:image\" content=\"http:\/\/www.bellunopress.it\/wp-content\/uploads\/2009\/07\/giesse-convegno-danno-alla-persona-002.jpg\" \/>\n<meta name=\"author\" content=\"redazione\" \/>\n<meta name=\"twitter:card\" content=\"summary_large_image\" \/>\n<meta name=\"twitter:creator\" content=\"@bellunopress\" \/>\n<meta name=\"twitter:site\" content=\"@bellunopress\" \/>\n<meta name=\"twitter:label1\" content=\"\u00c9crit par\" \/>\n\t<meta name=\"twitter:data1\" content=\"redazione\" \/>\n\t<meta name=\"twitter:label2\" content=\"Dur\u00e9e de lecture estim\u00e9e\" \/>\n\t<meta name=\"twitter:data2\" content=\"2 minutes\" \/>\n<script type=\"application\/ld+json\" class=\"yoast-schema-graph\">{\"@context\":\"https:\\\/\\\/schema.org\",\"@graph\":[{\"@type\":\"Article\",\"@id\":\"https:\\\/\\\/www.bellunopress.it\\\/2009\\\/07\\\/10\\\/i-diritti-civili-sono-stati-conquistati-attraverso-i-roghi%c2%bb-lintervento-del-professor-petti-magistrato-di-cassazione-al-convegno-sul-danno-alla-persona-di-giesse\\\/#article\",\"isPartOf\":{\"@id\":\"https:\\\/\\\/www.bellunopress.it\\\/2009\\\/07\\\/10\\\/i-diritti-civili-sono-stati-conquistati-attraverso-i-roghi%c2%bb-lintervento-del-professor-petti-magistrato-di-cassazione-al-convegno-sul-danno-alla-persona-di-giesse\\\/\"},\"author\":{\"name\":\"redazione\",\"@id\":\"https:\\\/\\\/www.bellunopress.it\\\/#\\\/schema\\\/person\\\/79bb06722b37ece1c03d3e94beb30d73\"},\"headline\":\"I diritti civili sono stati conquistati attraverso i roghi\u00bb l&#8217;intervento del professor Petti, magistrato di Cassazione, al Convegno sul danno alla persona di Giesse\",\"datePublished\":\"2009-07-10T15:31:17+00:00\",\"dateModified\":\"2009-07-10T15:39:37+00:00\",\"mainEntityOfPage\":{\"@id\":\"https:\\\/\\\/www.bellunopress.it\\\/2009\\\/07\\\/10\\\/i-diritti-civili-sono-stati-conquistati-attraverso-i-roghi%c2%bb-lintervento-del-professor-petti-magistrato-di-cassazione-al-convegno-sul-danno-alla-persona-di-giesse\\\/\"},\"wordCount\":429,\"publisher\":{\"@id\":\"https:\\\/\\\/www.bellunopress.it\\\/#organization\"},\"image\":{\"@id\":\"https:\\\/\\\/www.bellunopress.it\\\/2009\\\/07\\\/10\\\/i-diritti-civili-sono-stati-conquistati-attraverso-i-roghi%c2%bb-lintervento-del-professor-petti-magistrato-di-cassazione-al-convegno-sul-danno-alla-persona-di-giesse\\\/#primaryimage\"},\"thumbnailUrl\":\"http:\\\/\\\/www.bellunopress.it\\\/wp-content\\\/uploads\\\/2009\\\/07\\\/giesse-convegno-danno-alla-persona-002.jpg\",\"keywords\":[\"Belluno\"],\"articleSection\":[\"Lavoro, Economia, Turismo\"],\"inLanguage\":\"fr-FR\"},{\"@type\":\"WebPage\",\"@id\":\"https:\\\/\\\/www.bellunopress.it\\\/2009\\\/07\\\/10\\\/i-diritti-civili-sono-stati-conquistati-attraverso-i-roghi%c2%bb-lintervento-del-professor-petti-magistrato-di-cassazione-al-convegno-sul-danno-alla-persona-di-giesse\\\/\",\"url\":\"https:\\\/\\\/www.bellunopress.it\\\/2009\\\/07\\\/10\\\/i-diritti-civili-sono-stati-conquistati-attraverso-i-roghi%c2%bb-lintervento-del-professor-petti-magistrato-di-cassazione-al-convegno-sul-danno-alla-persona-di-giesse\\\/\",\"name\":\"I diritti civili sono stati conquistati attraverso i roghi\u00bb l'intervento del professor Petti, magistrato di Cassazione, al Convegno sul danno alla persona di Giesse - Bellunopress - Dolomiti\",\"isPartOf\":{\"@id\":\"https:\\\/\\\/www.bellunopress.it\\\/#website\"},\"primaryImageOfPage\":{\"@id\":\"https:\\\/\\\/www.bellunopress.it\\\/2009\\\/07\\\/10\\\/i-diritti-civili-sono-stati-conquistati-attraverso-i-roghi%c2%bb-lintervento-del-professor-petti-magistrato-di-cassazione-al-convegno-sul-danno-alla-persona-di-giesse\\\/#primaryimage\"},\"image\":{\"@id\":\"https:\\\/\\\/www.bellunopress.it\\\/2009\\\/07\\\/10\\\/i-diritti-civili-sono-stati-conquistati-attraverso-i-roghi%c2%bb-lintervento-del-professor-petti-magistrato-di-cassazione-al-convegno-sul-danno-alla-persona-di-giesse\\\/#primaryimage\"},\"thumbnailUrl\":\"http:\\\/\\\/www.bellunopress.it\\\/wp-content\\\/uploads\\\/2009\\\/07\\\/giesse-convegno-danno-alla-persona-002.jpg\",\"datePublished\":\"2009-07-10T15:31:17+00:00\",\"dateModified\":\"2009-07-10T15:39:37+00:00\",\"breadcrumb\":{\"@id\":\"https:\\\/\\\/www.bellunopress.it\\\/2009\\\/07\\\/10\\\/i-diritti-civili-sono-stati-conquistati-attraverso-i-roghi%c2%bb-lintervento-del-professor-petti-magistrato-di-cassazione-al-convegno-sul-danno-alla-persona-di-giesse\\\/#breadcrumb\"},\"inLanguage\":\"fr-FR\",\"potentialAction\":[{\"@type\":\"ReadAction\",\"target\":[\"https:\\\/\\\/www.bellunopress.it\\\/2009\\\/07\\\/10\\\/i-diritti-civili-sono-stati-conquistati-attraverso-i-roghi%c2%bb-lintervento-del-professor-petti-magistrato-di-cassazione-al-convegno-sul-danno-alla-persona-di-giesse\\\/\"]}]},{\"@type\":\"ImageObject\",\"inLanguage\":\"fr-FR\",\"@id\":\"https:\\\/\\\/www.bellunopress.it\\\/2009\\\/07\\\/10\\\/i-diritti-civili-sono-stati-conquistati-attraverso-i-roghi%c2%bb-lintervento-del-professor-petti-magistrato-di-cassazione-al-convegno-sul-danno-alla-persona-di-giesse\\\/#primaryimage\",\"url\":\"http:\\\/\\\/www.bellunopress.it\\\/wp-content\\\/uploads\\\/2009\\\/07\\\/giesse-convegno-danno-alla-persona-002.jpg\",\"contentUrl\":\"http:\\\/\\\/www.bellunopress.it\\\/wp-content\\\/uploads\\\/2009\\\/07\\\/giesse-convegno-danno-alla-persona-002.jpg\"},{\"@type\":\"BreadcrumbList\",\"@id\":\"https:\\\/\\\/www.bellunopress.it\\\/2009\\\/07\\\/10\\\/i-diritti-civili-sono-stati-conquistati-attraverso-i-roghi%c2%bb-lintervento-del-professor-petti-magistrato-di-cassazione-al-convegno-sul-danno-alla-persona-di-giesse\\\/#breadcrumb\",\"itemListElement\":[{\"@type\":\"ListItem\",\"position\":1,\"name\":\"Home\",\"item\":\"https:\\\/\\\/www.bellunopress.it\\\/\"},{\"@type\":\"ListItem\",\"position\":2,\"name\":\"I diritti civili sono stati conquistati attraverso i roghi\u00bb l&#8217;intervento del professor Petti, magistrato di Cassazione, al Convegno sul danno alla persona di Giesse\"}]},{\"@type\":\"WebSite\",\"@id\":\"https:\\\/\\\/www.bellunopress.it\\\/#website\",\"url\":\"https:\\\/\\\/www.bellunopress.it\\\/\",\"name\":\"Bellunopress - Dolomiti\",\"description\":\"e-mail: redazione@bellunopress.it\",\"publisher\":{\"@id\":\"https:\\\/\\\/www.bellunopress.it\\\/#organization\"},\"potentialAction\":[{\"@type\":\"SearchAction\",\"target\":{\"@type\":\"EntryPoint\",\"urlTemplate\":\"https:\\\/\\\/www.bellunopress.it\\\/?s={search_term_string}\"},\"query-input\":{\"@type\":\"PropertyValueSpecification\",\"valueRequired\":true,\"valueName\":\"search_term_string\"}}],\"inLanguage\":\"fr-FR\"},{\"@type\":\"Organization\",\"@id\":\"https:\\\/\\\/www.bellunopress.it\\\/#organization\",\"name\":\"Bellunopress\",\"url\":\"https:\\\/\\\/www.bellunopress.it\\\/\",\"logo\":{\"@type\":\"ImageObject\",\"inLanguage\":\"fr-FR\",\"@id\":\"https:\\\/\\\/www.bellunopress.it\\\/#\\\/schema\\\/logo\\\/image\\\/\",\"url\":\"https:\\\/\\\/www.bellunopress.it\\\/wp-content\\\/uploads\\\/2011\\\/05\\\/cropped-logo-bellunopress-.jpg\",\"contentUrl\":\"https:\\\/\\\/www.bellunopress.it\\\/wp-content\\\/uploads\\\/2011\\\/05\\\/cropped-logo-bellunopress-.jpg\",\"width\":512,\"height\":512,\"caption\":\"Bellunopress\"},\"image\":{\"@id\":\"https:\\\/\\\/www.bellunopress.it\\\/#\\\/schema\\\/logo\\\/image\\\/\"},\"sameAs\":[\"https:\\\/\\\/www.facebook.com\\\/profile.php?id=100008943462799\",\"https:\\\/\\\/x.com\\\/bellunopress\",\"https:\\\/\\\/www.linkedin.com\\\/hp\\\/?dnr=JBzUWaJfMUw8vbXJJ2tVW5-I3jZKvC4wsoxE&amp;amp;amp;amp;amp;amp;trk=nav_responsive_tab_home\",\"https:\\\/\\\/www.youtube.com\\\/channel\\\/UCxL0wu1uN0_3_7hGG0306cw\"]},{\"@type\":\"Person\",\"@id\":\"https:\\\/\\\/www.bellunopress.it\\\/#\\\/schema\\\/person\\\/79bb06722b37ece1c03d3e94beb30d73\",\"name\":\"redazione\",\"image\":{\"@type\":\"ImageObject\",\"inLanguage\":\"fr-FR\",\"@id\":\"https:\\\/\\\/secure.gravatar.com\\\/avatar\\\/37d968a2e67a6fd04c169c4bdef102d0bc5d31b2546345219e348575eb80e9a0?s=96&d=mm&r=g\",\"url\":\"https:\\\/\\\/secure.gravatar.com\\\/avatar\\\/37d968a2e67a6fd04c169c4bdef102d0bc5d31b2546345219e348575eb80e9a0?s=96&d=mm&r=g\",\"contentUrl\":\"https:\\\/\\\/secure.gravatar.com\\\/avatar\\\/37d968a2e67a6fd04c169c4bdef102d0bc5d31b2546345219e348575eb80e9a0?s=96&d=mm&r=g\",\"caption\":\"redazione\"},\"sameAs\":[\"http:\\\/\\\/www.bellunopress.it\",\"https:\\\/\\\/x.com\\\/bellunopress\"],\"url\":\"https:\\\/\\\/www.bellunopress.it\\\/fr\\\/author\\\/redazione\\\/\"}]}<\/script>\n<!-- \/ Yoast SEO plugin. -->","yoast_head_json":{"title":"I diritti civili sono stati conquistati attraverso i roghi\u00bb l'intervento del professor Petti, magistrato di Cassazione, al Convegno sul danno alla persona di Giesse  - Bellunopress - Dolomiti","robots":{"index":"index","follow":"follow","max-snippet":"max-snippet:-1","max-image-preview":"max-image-preview:large","max-video-preview":"max-video-preview:-1"},"canonical":"https:\/\/www.bellunopress.it\/fr\/2009\/07\/10\/i-diritti-civili-sono-stati-conquistati-attraverso-i-roghi\u00bb-lintervento-del-professor-petti-magistrato-di-cassazione-al-convegno-sul-danno-alla-persona-di-giesse\/","og_locale":"fr_FR","og_type":"article","og_title":"I diritti civili sono stati conquistati attraverso i roghi\u00bb l'intervento del professor Petti, magistrato di Cassazione, al Convegno sul danno alla persona di Giesse  - Bellunopress - Dolomiti","og_description":"\u00abLa legge parla di risarcimento giusto e non oltre. Ma avrebbe dovuto dire, giusto e non di meno, per impedire la mala gestio delle compagnie di assicurazione, un comportamento che procura milioni di danni per azioni risarcitorie. E nessun amministratore delegato di queste compagnie ha mai pagato nulla di persona, facendo ricadere i costi sugli [&hellip;]","og_url":"https:\/\/www.bellunopress.it\/fr\/2009\/07\/10\/i-diritti-civili-sono-stati-conquistati-attraverso-i-roghi\u00bb-lintervento-del-professor-petti-magistrato-di-cassazione-al-convegno-sul-danno-alla-persona-di-giesse\/","og_site_name":"Bellunopress - Dolomiti","article_publisher":"https:\/\/www.facebook.com\/profile.php?id=100008943462799","article_published_time":"2009-07-10T15:31:17+00:00","article_modified_time":"2009-07-10T15:39:37+00:00","og_image":[{"url":"http:\/\/www.bellunopress.it\/wp-content\/uploads\/2009\/07\/giesse-convegno-danno-alla-persona-002.jpg","type":"","width":"","height":""}],"author":"redazione","twitter_card":"summary_large_image","twitter_creator":"@bellunopress","twitter_site":"@bellunopress","twitter_misc":{"\u00c9crit par":"redazione","Dur\u00e9e de lecture estim\u00e9e":"2 minutes"},"schema":{"@context":"https:\/\/schema.org","@graph":[{"@type":"Article","@id":"https:\/\/www.bellunopress.it\/2009\/07\/10\/i-diritti-civili-sono-stati-conquistati-attraverso-i-roghi%c2%bb-lintervento-del-professor-petti-magistrato-di-cassazione-al-convegno-sul-danno-alla-persona-di-giesse\/#article","isPartOf":{"@id":"https:\/\/www.bellunopress.it\/2009\/07\/10\/i-diritti-civili-sono-stati-conquistati-attraverso-i-roghi%c2%bb-lintervento-del-professor-petti-magistrato-di-cassazione-al-convegno-sul-danno-alla-persona-di-giesse\/"},"author":{"name":"redazione","@id":"https:\/\/www.bellunopress.it\/#\/schema\/person\/79bb06722b37ece1c03d3e94beb30d73"},"headline":"I diritti civili sono stati conquistati attraverso i roghi\u00bb l&#8217;intervento del professor Petti, magistrato di Cassazione, al Convegno sul danno alla persona di Giesse","datePublished":"2009-07-10T15:31:17+00:00","dateModified":"2009-07-10T15:39:37+00:00","mainEntityOfPage":{"@id":"https:\/\/www.bellunopress.it\/2009\/07\/10\/i-diritti-civili-sono-stati-conquistati-attraverso-i-roghi%c2%bb-lintervento-del-professor-petti-magistrato-di-cassazione-al-convegno-sul-danno-alla-persona-di-giesse\/"},"wordCount":429,"publisher":{"@id":"https:\/\/www.bellunopress.it\/#organization"},"image":{"@id":"https:\/\/www.bellunopress.it\/2009\/07\/10\/i-diritti-civili-sono-stati-conquistati-attraverso-i-roghi%c2%bb-lintervento-del-professor-petti-magistrato-di-cassazione-al-convegno-sul-danno-alla-persona-di-giesse\/#primaryimage"},"thumbnailUrl":"http:\/\/www.bellunopress.it\/wp-content\/uploads\/2009\/07\/giesse-convegno-danno-alla-persona-002.jpg","keywords":["Belluno"],"articleSection":["Lavoro, Economia, Turismo"],"inLanguage":"fr-FR"},{"@type":"WebPage","@id":"https:\/\/www.bellunopress.it\/2009\/07\/10\/i-diritti-civili-sono-stati-conquistati-attraverso-i-roghi%c2%bb-lintervento-del-professor-petti-magistrato-di-cassazione-al-convegno-sul-danno-alla-persona-di-giesse\/","url":"https:\/\/www.bellunopress.it\/2009\/07\/10\/i-diritti-civili-sono-stati-conquistati-attraverso-i-roghi%c2%bb-lintervento-del-professor-petti-magistrato-di-cassazione-al-convegno-sul-danno-alla-persona-di-giesse\/","name":"I diritti civili sono stati conquistati attraverso i roghi\u00bb l'intervento del professor Petti, magistrato di Cassazione, al Convegno sul danno alla persona di Giesse - Bellunopress - Dolomiti","isPartOf":{"@id":"https:\/\/www.bellunopress.it\/#website"},"primaryImageOfPage":{"@id":"https:\/\/www.bellunopress.it\/2009\/07\/10\/i-diritti-civili-sono-stati-conquistati-attraverso-i-roghi%c2%bb-lintervento-del-professor-petti-magistrato-di-cassazione-al-convegno-sul-danno-alla-persona-di-giesse\/#primaryimage"},"image":{"@id":"https:\/\/www.bellunopress.it\/2009\/07\/10\/i-diritti-civili-sono-stati-conquistati-attraverso-i-roghi%c2%bb-lintervento-del-professor-petti-magistrato-di-cassazione-al-convegno-sul-danno-alla-persona-di-giesse\/#primaryimage"},"thumbnailUrl":"http:\/\/www.bellunopress.it\/wp-content\/uploads\/2009\/07\/giesse-convegno-danno-alla-persona-002.jpg","datePublished":"2009-07-10T15:31:17+00:00","dateModified":"2009-07-10T15:39:37+00:00","breadcrumb":{"@id":"https:\/\/www.bellunopress.it\/2009\/07\/10\/i-diritti-civili-sono-stati-conquistati-attraverso-i-roghi%c2%bb-lintervento-del-professor-petti-magistrato-di-cassazione-al-convegno-sul-danno-alla-persona-di-giesse\/#breadcrumb"},"inLanguage":"fr-FR","potentialAction":[{"@type":"ReadAction","target":["https:\/\/www.bellunopress.it\/2009\/07\/10\/i-diritti-civili-sono-stati-conquistati-attraverso-i-roghi%c2%bb-lintervento-del-professor-petti-magistrato-di-cassazione-al-convegno-sul-danno-alla-persona-di-giesse\/"]}]},{"@type":"ImageObject","inLanguage":"fr-FR","@id":"https:\/\/www.bellunopress.it\/2009\/07\/10\/i-diritti-civili-sono-stati-conquistati-attraverso-i-roghi%c2%bb-lintervento-del-professor-petti-magistrato-di-cassazione-al-convegno-sul-danno-alla-persona-di-giesse\/#primaryimage","url":"http:\/\/www.bellunopress.it\/wp-content\/uploads\/2009\/07\/giesse-convegno-danno-alla-persona-002.jpg","contentUrl":"http:\/\/www.bellunopress.it\/wp-content\/uploads\/2009\/07\/giesse-convegno-danno-alla-persona-002.jpg"},{"@type":"BreadcrumbList","@id":"https:\/\/www.bellunopress.it\/2009\/07\/10\/i-diritti-civili-sono-stati-conquistati-attraverso-i-roghi%c2%bb-lintervento-del-professor-petti-magistrato-di-cassazione-al-convegno-sul-danno-alla-persona-di-giesse\/#breadcrumb","itemListElement":[{"@type":"ListItem","position":1,"name":"Home","item":"https:\/\/www.bellunopress.it\/"},{"@type":"ListItem","position":2,"name":"I diritti civili sono stati conquistati attraverso i roghi\u00bb l&#8217;intervento del professor Petti, magistrato di Cassazione, al Convegno sul danno alla persona di Giesse"}]},{"@type":"WebSite","@id":"https:\/\/www.bellunopress.it\/#website","url":"https:\/\/www.bellunopress.it\/","name":"Bellunopress - Dolomiti","description":"e-mail: redazione@bellunopress.it","publisher":{"@id":"https:\/\/www.bellunopress.it\/#organization"},"potentialAction":[{"@type":"SearchAction","target":{"@type":"EntryPoint","urlTemplate":"https:\/\/www.bellunopress.it\/?s={search_term_string}"},"query-input":{"@type":"PropertyValueSpecification","valueRequired":true,"valueName":"search_term_string"}}],"inLanguage":"fr-FR"},{"@type":"Organization","@id":"https:\/\/www.bellunopress.it\/#organization","name":"Bellunopress","url":"https:\/\/www.bellunopress.it\/","logo":{"@type":"ImageObject","inLanguage":"fr-FR","@id":"https:\/\/www.bellunopress.it\/#\/schema\/logo\/image\/","url":"https:\/\/www.bellunopress.it\/wp-content\/uploads\/2011\/05\/cropped-logo-bellunopress-.jpg","contentUrl":"https:\/\/www.bellunopress.it\/wp-content\/uploads\/2011\/05\/cropped-logo-bellunopress-.jpg","width":512,"height":512,"caption":"Bellunopress"},"image":{"@id":"https:\/\/www.bellunopress.it\/#\/schema\/logo\/image\/"},"sameAs":["https:\/\/www.facebook.com\/profile.php?id=100008943462799","https:\/\/x.com\/bellunopress","https:\/\/www.linkedin.com\/hp\/?dnr=JBzUWaJfMUw8vbXJJ2tVW5-I3jZKvC4wsoxE&amp;amp;amp;amp;amp;amp;trk=nav_responsive_tab_home","https:\/\/www.youtube.com\/channel\/UCxL0wu1uN0_3_7hGG0306cw"]},{"@type":"Person","@id":"https:\/\/www.bellunopress.it\/#\/schema\/person\/79bb06722b37ece1c03d3e94beb30d73","name":"r\u00e9daction","image":{"@type":"ImageObject","inLanguage":"fr-FR","@id":"https:\/\/secure.gravatar.com\/avatar\/37d968a2e67a6fd04c169c4bdef102d0bc5d31b2546345219e348575eb80e9a0?s=96&d=mm&r=g","url":"https:\/\/secure.gravatar.com\/avatar\/37d968a2e67a6fd04c169c4bdef102d0bc5d31b2546345219e348575eb80e9a0?s=96&d=mm&r=g","contentUrl":"https:\/\/secure.gravatar.com\/avatar\/37d968a2e67a6fd04c169c4bdef102d0bc5d31b2546345219e348575eb80e9a0?s=96&d=mm&r=g","caption":"redazione"},"sameAs":["http:\/\/www.bellunopress.it","https:\/\/x.com\/bellunopress"],"url":"https:\/\/www.bellunopress.it\/fr\/author\/redazione\/"}]}},"_links":{"self":[{"href":"https:\/\/www.bellunopress.it\/fr\/wp-json\/wp\/v2\/posts\/5835","targetHints":{"allow":["GET"]}}],"collection":[{"href":"https:\/\/www.bellunopress.it\/fr\/wp-json\/wp\/v2\/posts"}],"about":[{"href":"https:\/\/www.bellunopress.it\/fr\/wp-json\/wp\/v2\/types\/post"}],"author":[{"embeddable":true,"href":"https:\/\/www.bellunopress.it\/fr\/wp-json\/wp\/v2\/users\/2"}],"replies":[{"embeddable":true,"href":"https:\/\/www.bellunopress.it\/fr\/wp-json\/wp\/v2\/comments?post=5835"}],"version-history":[{"count":3,"href":"https:\/\/www.bellunopress.it\/fr\/wp-json\/wp\/v2\/posts\/5835\/revisions"}],"predecessor-version":[{"id":5841,"href":"https:\/\/www.bellunopress.it\/fr\/wp-json\/wp\/v2\/posts\/5835\/revisions\/5841"}],"wp:attachment":[{"href":"https:\/\/www.bellunopress.it\/fr\/wp-json\/wp\/v2\/media?parent=5835"}],"wp:term":[{"taxonomy":"category","embeddable":true,"href":"https:\/\/www.bellunopress.it\/fr\/wp-json\/wp\/v2\/categories?post=5835"},{"taxonomy":"post_tag","embeddable":true,"href":"https:\/\/www.bellunopress.it\/fr\/wp-json\/wp\/v2\/tags?post=5835"}],"curies":[{"name":"wp","href":"https:\/\/api.w.org\/{rel}","templated":true}]}}