{"id":58291,"date":"2014-05-02T18:10:07","date_gmt":"2014-05-02T17:10:07","guid":{"rendered":"http:\/\/www.bellunopress.it\/?p=58291"},"modified":"2014-05-02T18:10:07","modified_gmt":"2014-05-02T17:10:07","slug":"linea-padova-calalzo-cronaca-di-una-giornata-di-ordinaria-impreparazione-del-comitato-binariquotidiani","status":"publish","type":"post","link":"https:\/\/www.bellunopress.it\/fr\/2014\/05\/02\/linea-padova-calalzo-cronaca-di-una-giornata-di-ordinaria-impreparazione-del-comitato-binariquotidiani\/","title":{"rendered":"Linea Padova-Calalzo. Cronaca di una giornata di ordinaria impreparazione    * del Comitato BinariQuotidiani"},"content":{"rendered":"<p><a href=\"http:\/\/www.bellunopress.it\/wp-content\/uploads\/2013\/12\/treno-minuetto-diesel.jpg\"><img loading=\"lazy\" decoding=\"async\" class=\"alignleft size-full wp-image-54849\" src=\"http:\/\/www.bellunopress.it\/wp-content\/uploads\/2013\/12\/treno-minuetto-diesel.jpg\" alt=\"treno minuetto diesel\" width=\"296\" height=\"216\" \/><\/a>Mercoled\u00ec 30 aprile ore 15:45. \u00a0Un fulmine colpisce la linea ferroviaria tra Vigodarzere e S. Giorgio delle Pertiche.\u00a0Il guasto interessa i treni da e per Bassano, Treviso, Belluno.\u00a0Il treno 11090 appena partito da Padova verso Belluno deve procedere a passo d&#8217;uomo fino a Camposampiero dove accumula 1 ora di ritardo.<\/p>\n<p>Ore 17:15 stazione di Padova. \u00a0Molte persone aspettano di prendere il treno 11092 delle 17:29 per Belluno, ma al binario 10 non c&#8217;\u00e8 alcun convoglio.\u00a0Un annuncio vocale indica possibili ritardi sulla linea per Castelfranco fino a 50 minuti.<\/p>\n<p>Ore 18:00 circa arriva il convoglio; sul display previsti 25 minuti ritardo, poi 20, dopo poco diventano 50, poi sparisce la scritta, poi ritorna una persona incaricata di Trenitalia spiega con l&#8217;interfono la motivazione del ritardo e che la linea \u00e8 chiusa, ci terr\u00e0 informati.\u00a0Il convoglio si riempie fin tanto che le persone sono accalcate in piedi ad occupare il corridoio.<\/p>\n<p>Ore\u00a019:00, \u00a0l&#8217;incaricata di Trenitalia ci prospetta le soluzioni:<\/p>\n<p>&#8211; 1 bus fino a Camposampiero ed 1 bus fino a Castelfranco,<\/p>\n<p>&#8211; 2 potete arrivare a Castelfranco passando per Mestre e da qui potete usare una \u201cfreccia\u201d<\/p>\n<p>&#8211; 3 per chi deve andare a Belluno potete salire sul Frecciabianca delle 19:44 e poi proseguire verso Conegliano; se siete in ritardo telefonate al capotreno che vi aspetti<\/p>\n<p>Molte persone scendono e seguono qualcuna di queste opzioni, ma per chi deve andare pi\u00f9 su di Castelfranco e prima di Belluno?\u00a0Nel frattempo veniamo a sapere dell&#8217;investimento sulla linea per Milano e quindi si creano ritardi anche ad alcune \u201cfrecce\u201d<\/p>\n<p>Ore 19:10 decidiamo di telefonare a qualcuno d&#8217;importante; purtroppo non disponiamo del numero di Chisso, Giaconia, Menna, abbiamo solo il numero del consigliere regionale Dario Bond (Pdl), peccato non avere anche i numeri dei consiglieri Toscani e Reolon.\u00a0Spieghiamo a Bond che vorremmo la corriera da Padova a Camposampiero e da li un treno che arrivi fino a Belluno.<\/p>\n<p>Ore 19:20, \u00a0l&#8217;incaricata di Trenitalia ci conta e ci dice che ci sono 2 bus che stanno tornando da Belluno e che ora sono tra Camposampiero e Padova.\u00a0Poco dopo Bond ci conferma la stessa notizia e ci dice che Giaconia \u00e8 in ferie, Chisso non risponde, \u00e8 riuscito a parlare con l&#8217;ing. Menna.\u00a0Aspettiamo, ma nessuno ci dice se gli autobus sono arrivati e dove dobbiamo andare a prenderli.<\/p>\n<p>C&#8217;\u00e8 l&#8217;annuncio che il treno delle 19:29 \u00e8 cancellato, ma NON sono MAI state annunciate le cancellazioni dei treni 11092 e 11094 delle 17:29 e delle 18:29\u00a0C&#8217;\u00e8 l&#8217;annuncio vocale che i treni sulla linea per Castelfranco possono subire ritardi fino a 90 minuti.<\/p>\n<p>L&#8217;incaricata di Trenitalia ci dice che non ci sono pi\u00f9 bus disponibili, sono tutti occupati forse perch\u00e9 \u00e8 un perfestivo, ma soprattutto perch\u00e9 c&#8217;\u00e8 l&#8217;investimento sulla linea per Milano e quindi bisogna servire anche i clienti su quella linea. [NOTA: l&#8217;investimento \u00e8 vicino a Brescia, come mai sono partiti bus dal Veneto?]<\/p>\n<p>Ore 20:06 Bond ci telefona e ci dice che la linea \u00e8 stata riaperta e ricomincer\u00e0 la circolazione.<\/p>\n<p>Ore 20:15 l&#8217;incaricata di Trenitalia ci conferma la riapertura della linea e che il treno partir\u00e0 per\u00f2 alle 21:29 perch\u00e9 manca il personale viaggiante che era bloccato a Camposampiero.\u00a0Siamo disperati e palesiamo il nostro disappunto sul fatto che la linea \u00e8 libera e si potrebbe partire invece ci fanno aspettare fino alle 21:29.<\/p>\n<p>L&#8217;incaricata dice che per altre soluzioni deve chiedere ai suoi dirigenti. [Questo ci fa capire che l&#8217;incaricata, pur mettendoci buona volont\u00e0 e simpatizzando il nostro disagio, \u00e8 solamente un burattino di facciata Trenitalia].<\/p>\n<p>Poco dopo l&#8217;incaricata ritorna e ci spiega che il treno, previsto partire alle 21:29 non si sa quando partir\u00e0 perch\u00e9 essendo l&#8217;ultimo treno per Belluno deve aspettare le frecce in ritardo.<\/p>\n<p>Ci offre un&#8217;alternativa: prendete il treno per Treviso delle 20:46, poi a Castelfranco troverete un bus che andr\u00e0 a Belluno, aspettate che vado a chiedere conferma.<\/p>\n<p>Ore 20:24 Telefoniamo nuovamente a Bond dicendogli che avrebbe pi\u00f9 senso se facessero andar su verso Belluno il \u201cnostro\u201d e facessero trasbordare a Castelfranco le persone che devono andare a Treviso che \u00e8 un percorso pi\u00f9 breve in bus.<\/p>\n<p>Ore 20:30 Una giovane viaggiatrice viene ad avvisarci, in nome dell&#8217;incaricata di Trenitalia, di andare sul treno per Treviso delle 20:46 che \u00e8 in partenza e che sicuramente il treno per Belluno partir\u00e0 in ritardo.<\/p>\n<p>Scendiamo e ci dirigiamo verso quel treno, ma un altro viaggiatore ritorna dicendoci che il treno per Treviso non ha ancora i macchinisti.<\/p>\n<p>Allora che fare treno per Treviso o per Belluno?<\/p>\n<p>Salire sul treno per Treviso che partir\u00e0 pi\u00f9 o meno a breve senza essere sicuri che ci sia il bus a Castelfranco?\u00a0o aspettare che il treno per Belluno parta in ritardo?\u00a0Alcuni di noi (una trenitna o pi\u00f9) scelgono di rimanere sul treno per Belluno.<\/p>\n<p>Ore 20:38 Bond ci telefona e ci dice che stanno cambiando tutti i turni del personale<\/p>\n<p>Circa ore 21:00 Il treno per Treviso parte<\/p>\n<p>Ore 21:06 telefoniamo ancora a Bond, per dirgli che non \u00e8 giusto che ci facciano aspettare per i ritardi delle frecce e che devono prevedere un treno successivo oppure offrire loro una soluzione degna del viaggio che hanno intrapreso; ma ora la stanchezza e l&#8217;impotenza fanno si che i rapporti si interrompano con il consigliere regionale.<\/p>\n<p>Ore 21:15 Il capotreno del treno 11098 per Belluno chiude l&#8217;ultima carrozza per guasto alle porte, i passeggeri sono obbligati a spostarsi pi\u00f9 avanti. (verifchiamo il numero della motrice 1125 \u00e8 lo stesso convoglio che stamane ha fatto il treno 11072 e che avevamo incrociato a Fanzolo: aveva 2 carrozze chiuse ed \u00e8 arrivato a Belluno con un quarto d&#8217;ora di ritardo).<\/p>\n<p>Ore 21:30 circa arriva la freccia che attendavamo, 6 persone corrono per prendere il treno per Belluno.<\/p>\n<p>L&#8217;annuncio dice che i treni sulla linea per Castelfranco potranno subire ritardi fino a 90 minuti.<\/p>\n<p>Ore 21:36 il treno per Belluno parte.<\/p>\n<p>Arrivato a Vigodarzere si ferma e per alcuni chilometri prosegue a passo d&#8217;uomo.<\/p>\n<p>A Castelfranco ci sembra di veder salire alcuni dei viaggiatori che avevano preso il treno per Treviso delle 20:46<\/p>\n<p>Verificando in Viaggiatreno scopriamo che il treno delle 18:29 e quello delle 19:29 sono stati effettuati da Castelfranco a Belluno (soppressione da Padova a Castelfranco).<\/p>\n<p>Peccato che quando ci hanno offerto la possibilit\u00e0 della corriera fino a Castelfranco non ci abbiano detto che ci sarebbe stato il treno pronto per Belluno.<\/p>\n<p>Ore 23:15 circa arrivo a Feltre.<\/p>\n<p>Ritardo totale: 265 minuti (4 ore e 25 minuti), per me e per almeno altri 2 pendolari che conosco, questo \u00e8 il record assoluto in 10-20 anni di pendolarismo.<\/p>\n<p>In sintesi Trenitalia dimostra:<\/p>\n<p>Informazioni: fumose e non concrete<\/p>\n<p>Assistenza: solo parvenza<\/p>\n<p>Gestione emergenze: preferisce risparmiare facendo partire solo l&#8217;ultimo treno piuttosto che portare celermente i propri clienti alla loro destinazione e trattarli con rispetto.<\/p>\n<div class=\"gmail_extra\" style=\"color: #000000;\">\n<strong>BinariQuotidiani<\/strong><\/p>\n<div class=\"gmail_quote\"><\/div>\n<\/div>\n","protected":false},"excerpt":{"rendered":"<p>Mercoled\u00ec 30 aprile ore 15:45. \u00a0Un fulmine colpisce la linea ferroviaria tra Vigodarzere e S. Giorgio delle Pertiche.\u00a0Il guasto interessa i treni da e per Bassano, Treviso, Belluno.\u00a0Il treno 11090 appena partito da Padova verso Belluno deve procedere a passo d&#8217;uomo fino a Camposampiero dove accumula 1 ora di ritardo. Ore 17:15 stazione di Padova. [&hellip;]<\/p>\n","protected":false},"author":2,"featured_media":0,"comment_status":"closed","ping_status":"open","sticky":false,"template":"","format":"standard","meta":{"footnotes":""},"categories":[1,26],"tags":[],"class_list":["post-58291","post","type-post","status-publish","format-standard","category-leo","category-prima-pagina"],"yoast_head":"<!-- This site is optimized with the Yoast SEO plugin v28.4 - https:\/\/yoast.com\/product\/yoast-seo-wordpress\/ -->\n<title>Linea Padova-Calalzo. Cronaca di una giornata di ordinaria impreparazione  * del Comitato BinariQuotidiani - Bellunopress - Dolomiti<\/title>\n<meta name=\"robots\" content=\"index, follow, max-snippet:-1, max-image-preview:large, max-video-preview:-1\" \/>\n<link rel=\"canonical\" href=\"https:\/\/www.bellunopress.it\/fr\/2014\/05\/02\/linea-padova-calalzo-cronaca-di-una-giornata-di-ordinaria-impreparazione-del-comitato-binariquotidiani\/\" \/>\n<meta property=\"og:locale\" content=\"fr_FR\" \/>\n<meta property=\"og:type\" content=\"article\" \/>\n<meta property=\"og:title\" content=\"Linea Padova-Calalzo. Cronaca di una giornata di ordinaria impreparazione  * del Comitato BinariQuotidiani - Bellunopress - Dolomiti\" \/>\n<meta property=\"og:description\" content=\"Mercoled\u00ec 30 aprile ore 15:45. \u00a0Un fulmine colpisce la linea ferroviaria tra Vigodarzere e S. Giorgio delle Pertiche.\u00a0Il guasto interessa i treni da e per Bassano, Treviso, Belluno.\u00a0Il treno 11090 appena partito da Padova verso Belluno deve procedere a passo d&#8217;uomo fino a Camposampiero dove accumula 1 ora di ritardo. Ore 17:15 stazione di Padova. [&hellip;]\" \/>\n<meta property=\"og:url\" content=\"https:\/\/www.bellunopress.it\/fr\/2014\/05\/02\/linea-padova-calalzo-cronaca-di-una-giornata-di-ordinaria-impreparazione-del-comitato-binariquotidiani\/\" \/>\n<meta property=\"og:site_name\" content=\"Bellunopress - Dolomiti\" \/>\n<meta property=\"article:publisher\" content=\"https:\/\/www.facebook.com\/profile.php?id=100008943462799\" \/>\n<meta property=\"article:published_time\" content=\"2014-05-02T17:10:07+00:00\" \/>\n<meta property=\"og:image\" content=\"http:\/\/www.bellunopress.it\/wp-content\/uploads\/2013\/12\/treno-minuetto-diesel.jpg\" \/>\n<meta name=\"author\" content=\"redazione\" \/>\n<meta name=\"twitter:card\" content=\"summary_large_image\" \/>\n<meta name=\"twitter:creator\" content=\"@bellunopress\" \/>\n<meta name=\"twitter:site\" content=\"@bellunopress\" \/>\n<meta name=\"twitter:label1\" content=\"\u00c9crit par\" \/>\n\t<meta name=\"twitter:data1\" content=\"redazione\" \/>\n\t<meta name=\"twitter:label2\" content=\"Dur\u00e9e de lecture estim\u00e9e\" \/>\n\t<meta name=\"twitter:data2\" content=\"5 minutes\" \/>\n<script type=\"application\/ld+json\" class=\"yoast-schema-graph\">{\"@context\":\"https:\\\/\\\/schema.org\",\"@graph\":[{\"@type\":\"Article\",\"@id\":\"https:\\\/\\\/www.bellunopress.it\\\/2014\\\/05\\\/02\\\/linea-padova-calalzo-cronaca-di-una-giornata-di-ordinaria-impreparazione-del-comitato-binariquotidiani\\\/#article\",\"isPartOf\":{\"@id\":\"https:\\\/\\\/www.bellunopress.it\\\/2014\\\/05\\\/02\\\/linea-padova-calalzo-cronaca-di-una-giornata-di-ordinaria-impreparazione-del-comitato-binariquotidiani\\\/\"},\"author\":{\"name\":\"redazione\",\"@id\":\"https:\\\/\\\/www.bellunopress.it\\\/#\\\/schema\\\/person\\\/79bb06722b37ece1c03d3e94beb30d73\"},\"headline\":\"Linea Padova-Calalzo. Cronaca di una giornata di ordinaria impreparazione * del Comitato BinariQuotidiani\",\"datePublished\":\"2014-05-02T17:10:07+00:00\",\"mainEntityOfPage\":{\"@id\":\"https:\\\/\\\/www.bellunopress.it\\\/2014\\\/05\\\/02\\\/linea-padova-calalzo-cronaca-di-una-giornata-di-ordinaria-impreparazione-del-comitato-binariquotidiani\\\/\"},\"wordCount\":1100,\"publisher\":{\"@id\":\"https:\\\/\\\/www.bellunopress.it\\\/#organization\"},\"image\":{\"@id\":\"https:\\\/\\\/www.bellunopress.it\\\/2014\\\/05\\\/02\\\/linea-padova-calalzo-cronaca-di-una-giornata-di-ordinaria-impreparazione-del-comitato-binariquotidiani\\\/#primaryimage\"},\"thumbnailUrl\":\"http:\\\/\\\/www.bellunopress.it\\\/wp-content\\\/uploads\\\/2013\\\/12\\\/treno-minuetto-diesel.jpg\",\"articleSection\":[\"Lettere Opinioni\",\"Prima Pagina\"],\"inLanguage\":\"fr-FR\"},{\"@type\":\"WebPage\",\"@id\":\"https:\\\/\\\/www.bellunopress.it\\\/2014\\\/05\\\/02\\\/linea-padova-calalzo-cronaca-di-una-giornata-di-ordinaria-impreparazione-del-comitato-binariquotidiani\\\/\",\"url\":\"https:\\\/\\\/www.bellunopress.it\\\/2014\\\/05\\\/02\\\/linea-padova-calalzo-cronaca-di-una-giornata-di-ordinaria-impreparazione-del-comitato-binariquotidiani\\\/\",\"name\":\"Linea Padova-Calalzo. Cronaca di una giornata di ordinaria impreparazione * del Comitato BinariQuotidiani - Bellunopress - Dolomiti\",\"isPartOf\":{\"@id\":\"https:\\\/\\\/www.bellunopress.it\\\/#website\"},\"primaryImageOfPage\":{\"@id\":\"https:\\\/\\\/www.bellunopress.it\\\/2014\\\/05\\\/02\\\/linea-padova-calalzo-cronaca-di-una-giornata-di-ordinaria-impreparazione-del-comitato-binariquotidiani\\\/#primaryimage\"},\"image\":{\"@id\":\"https:\\\/\\\/www.bellunopress.it\\\/2014\\\/05\\\/02\\\/linea-padova-calalzo-cronaca-di-una-giornata-di-ordinaria-impreparazione-del-comitato-binariquotidiani\\\/#primaryimage\"},\"thumbnailUrl\":\"http:\\\/\\\/www.bellunopress.it\\\/wp-content\\\/uploads\\\/2013\\\/12\\\/treno-minuetto-diesel.jpg\",\"datePublished\":\"2014-05-02T17:10:07+00:00\",\"breadcrumb\":{\"@id\":\"https:\\\/\\\/www.bellunopress.it\\\/2014\\\/05\\\/02\\\/linea-padova-calalzo-cronaca-di-una-giornata-di-ordinaria-impreparazione-del-comitato-binariquotidiani\\\/#breadcrumb\"},\"inLanguage\":\"fr-FR\",\"potentialAction\":[{\"@type\":\"ReadAction\",\"target\":[\"https:\\\/\\\/www.bellunopress.it\\\/2014\\\/05\\\/02\\\/linea-padova-calalzo-cronaca-di-una-giornata-di-ordinaria-impreparazione-del-comitato-binariquotidiani\\\/\"]}]},{\"@type\":\"ImageObject\",\"inLanguage\":\"fr-FR\",\"@id\":\"https:\\\/\\\/www.bellunopress.it\\\/2014\\\/05\\\/02\\\/linea-padova-calalzo-cronaca-di-una-giornata-di-ordinaria-impreparazione-del-comitato-binariquotidiani\\\/#primaryimage\",\"url\":\"http:\\\/\\\/www.bellunopress.it\\\/wp-content\\\/uploads\\\/2013\\\/12\\\/treno-minuetto-diesel.jpg\",\"contentUrl\":\"http:\\\/\\\/www.bellunopress.it\\\/wp-content\\\/uploads\\\/2013\\\/12\\\/treno-minuetto-diesel.jpg\"},{\"@type\":\"BreadcrumbList\",\"@id\":\"https:\\\/\\\/www.bellunopress.it\\\/2014\\\/05\\\/02\\\/linea-padova-calalzo-cronaca-di-una-giornata-di-ordinaria-impreparazione-del-comitato-binariquotidiani\\\/#breadcrumb\",\"itemListElement\":[{\"@type\":\"ListItem\",\"position\":1,\"name\":\"Home\",\"item\":\"https:\\\/\\\/www.bellunopress.it\\\/\"},{\"@type\":\"ListItem\",\"position\":2,\"name\":\"Linea Padova-Calalzo. Cronaca di una giornata di ordinaria impreparazione * del Comitato BinariQuotidiani\"}]},{\"@type\":\"WebSite\",\"@id\":\"https:\\\/\\\/www.bellunopress.it\\\/#website\",\"url\":\"https:\\\/\\\/www.bellunopress.it\\\/\",\"name\":\"Bellunopress - Dolomiti\",\"description\":\"e-mail: redazione@bellunopress.it\",\"publisher\":{\"@id\":\"https:\\\/\\\/www.bellunopress.it\\\/#organization\"},\"potentialAction\":[{\"@type\":\"SearchAction\",\"target\":{\"@type\":\"EntryPoint\",\"urlTemplate\":\"https:\\\/\\\/www.bellunopress.it\\\/?s={search_term_string}\"},\"query-input\":{\"@type\":\"PropertyValueSpecification\",\"valueRequired\":true,\"valueName\":\"search_term_string\"}}],\"inLanguage\":\"fr-FR\"},{\"@type\":\"Organization\",\"@id\":\"https:\\\/\\\/www.bellunopress.it\\\/#organization\",\"name\":\"Bellunopress\",\"url\":\"https:\\\/\\\/www.bellunopress.it\\\/\",\"logo\":{\"@type\":\"ImageObject\",\"inLanguage\":\"fr-FR\",\"@id\":\"https:\\\/\\\/www.bellunopress.it\\\/#\\\/schema\\\/logo\\\/image\\\/\",\"url\":\"https:\\\/\\\/www.bellunopress.it\\\/wp-content\\\/uploads\\\/2011\\\/05\\\/cropped-logo-bellunopress-.jpg\",\"contentUrl\":\"https:\\\/\\\/www.bellunopress.it\\\/wp-content\\\/uploads\\\/2011\\\/05\\\/cropped-logo-bellunopress-.jpg\",\"width\":512,\"height\":512,\"caption\":\"Bellunopress\"},\"image\":{\"@id\":\"https:\\\/\\\/www.bellunopress.it\\\/#\\\/schema\\\/logo\\\/image\\\/\"},\"sameAs\":[\"https:\\\/\\\/www.facebook.com\\\/profile.php?id=100008943462799\",\"https:\\\/\\\/x.com\\\/bellunopress\",\"https:\\\/\\\/www.linkedin.com\\\/hp\\\/?dnr=JBzUWaJfMUw8vbXJJ2tVW5-I3jZKvC4wsoxE&amp;amp;amp;amp;amp;amp;trk=nav_responsive_tab_home\",\"https:\\\/\\\/www.youtube.com\\\/channel\\\/UCxL0wu1uN0_3_7hGG0306cw\"]},{\"@type\":\"Person\",\"@id\":\"https:\\\/\\\/www.bellunopress.it\\\/#\\\/schema\\\/person\\\/79bb06722b37ece1c03d3e94beb30d73\",\"name\":\"redazione\",\"image\":{\"@type\":\"ImageObject\",\"inLanguage\":\"fr-FR\",\"@id\":\"https:\\\/\\\/secure.gravatar.com\\\/avatar\\\/37d968a2e67a6fd04c169c4bdef102d0bc5d31b2546345219e348575eb80e9a0?s=96&d=mm&r=g\",\"url\":\"https:\\\/\\\/secure.gravatar.com\\\/avatar\\\/37d968a2e67a6fd04c169c4bdef102d0bc5d31b2546345219e348575eb80e9a0?s=96&d=mm&r=g\",\"contentUrl\":\"https:\\\/\\\/secure.gravatar.com\\\/avatar\\\/37d968a2e67a6fd04c169c4bdef102d0bc5d31b2546345219e348575eb80e9a0?s=96&d=mm&r=g\",\"caption\":\"redazione\"},\"sameAs\":[\"http:\\\/\\\/www.bellunopress.it\",\"https:\\\/\\\/x.com\\\/bellunopress\"],\"url\":\"https:\\\/\\\/www.bellunopress.it\\\/fr\\\/author\\\/redazione\\\/\"}]}<\/script>\n<!-- \/ Yoast SEO plugin. -->","yoast_head_json":{"title":"Linea Padova-Calalzo. Cronaca di una giornata di ordinaria impreparazione  * del Comitato BinariQuotidiani - Bellunopress - Dolomiti","robots":{"index":"index","follow":"follow","max-snippet":"max-snippet:-1","max-image-preview":"max-image-preview:large","max-video-preview":"max-video-preview:-1"},"canonical":"https:\/\/www.bellunopress.it\/fr\/2014\/05\/02\/linea-padova-calalzo-cronaca-di-una-giornata-di-ordinaria-impreparazione-del-comitato-binariquotidiani\/","og_locale":"fr_FR","og_type":"article","og_title":"Linea Padova-Calalzo. Cronaca di una giornata di ordinaria impreparazione  * del Comitato BinariQuotidiani - Bellunopress - Dolomiti","og_description":"Mercoled\u00ec 30 aprile ore 15:45. \u00a0Un fulmine colpisce la linea ferroviaria tra Vigodarzere e S. Giorgio delle Pertiche.\u00a0Il guasto interessa i treni da e per Bassano, Treviso, Belluno.\u00a0Il treno 11090 appena partito da Padova verso Belluno deve procedere a passo d&#8217;uomo fino a Camposampiero dove accumula 1 ora di ritardo. Ore 17:15 stazione di Padova. [&hellip;]","og_url":"https:\/\/www.bellunopress.it\/fr\/2014\/05\/02\/linea-padova-calalzo-cronaca-di-una-giornata-di-ordinaria-impreparazione-del-comitato-binariquotidiani\/","og_site_name":"Bellunopress - Dolomiti","article_publisher":"https:\/\/www.facebook.com\/profile.php?id=100008943462799","article_published_time":"2014-05-02T17:10:07+00:00","og_image":[{"url":"http:\/\/www.bellunopress.it\/wp-content\/uploads\/2013\/12\/treno-minuetto-diesel.jpg","type":"","width":"","height":""}],"author":"redazione","twitter_card":"summary_large_image","twitter_creator":"@bellunopress","twitter_site":"@bellunopress","twitter_misc":{"\u00c9crit par":"redazione","Dur\u00e9e de lecture estim\u00e9e":"5 minutes"},"schema":{"@context":"https:\/\/schema.org","@graph":[{"@type":"Article","@id":"https:\/\/www.bellunopress.it\/2014\/05\/02\/linea-padova-calalzo-cronaca-di-una-giornata-di-ordinaria-impreparazione-del-comitato-binariquotidiani\/#article","isPartOf":{"@id":"https:\/\/www.bellunopress.it\/2014\/05\/02\/linea-padova-calalzo-cronaca-di-una-giornata-di-ordinaria-impreparazione-del-comitato-binariquotidiani\/"},"author":{"name":"redazione","@id":"https:\/\/www.bellunopress.it\/#\/schema\/person\/79bb06722b37ece1c03d3e94beb30d73"},"headline":"Linea Padova-Calalzo. Cronaca di una giornata di ordinaria impreparazione * del Comitato BinariQuotidiani","datePublished":"2014-05-02T17:10:07+00:00","mainEntityOfPage":{"@id":"https:\/\/www.bellunopress.it\/2014\/05\/02\/linea-padova-calalzo-cronaca-di-una-giornata-di-ordinaria-impreparazione-del-comitato-binariquotidiani\/"},"wordCount":1100,"publisher":{"@id":"https:\/\/www.bellunopress.it\/#organization"},"image":{"@id":"https:\/\/www.bellunopress.it\/2014\/05\/02\/linea-padova-calalzo-cronaca-di-una-giornata-di-ordinaria-impreparazione-del-comitato-binariquotidiani\/#primaryimage"},"thumbnailUrl":"http:\/\/www.bellunopress.it\/wp-content\/uploads\/2013\/12\/treno-minuetto-diesel.jpg","articleSection":["Lettere Opinioni","Prima Pagina"],"inLanguage":"fr-FR"},{"@type":"WebPage","@id":"https:\/\/www.bellunopress.it\/2014\/05\/02\/linea-padova-calalzo-cronaca-di-una-giornata-di-ordinaria-impreparazione-del-comitato-binariquotidiani\/","url":"https:\/\/www.bellunopress.it\/2014\/05\/02\/linea-padova-calalzo-cronaca-di-una-giornata-di-ordinaria-impreparazione-del-comitato-binariquotidiani\/","name":"Linea Padova-Calalzo. Cronaca di una giornata di ordinaria impreparazione * del Comitato BinariQuotidiani - Bellunopress - Dolomiti","isPartOf":{"@id":"https:\/\/www.bellunopress.it\/#website"},"primaryImageOfPage":{"@id":"https:\/\/www.bellunopress.it\/2014\/05\/02\/linea-padova-calalzo-cronaca-di-una-giornata-di-ordinaria-impreparazione-del-comitato-binariquotidiani\/#primaryimage"},"image":{"@id":"https:\/\/www.bellunopress.it\/2014\/05\/02\/linea-padova-calalzo-cronaca-di-una-giornata-di-ordinaria-impreparazione-del-comitato-binariquotidiani\/#primaryimage"},"thumbnailUrl":"http:\/\/www.bellunopress.it\/wp-content\/uploads\/2013\/12\/treno-minuetto-diesel.jpg","datePublished":"2014-05-02T17:10:07+00:00","breadcrumb":{"@id":"https:\/\/www.bellunopress.it\/2014\/05\/02\/linea-padova-calalzo-cronaca-di-una-giornata-di-ordinaria-impreparazione-del-comitato-binariquotidiani\/#breadcrumb"},"inLanguage":"fr-FR","potentialAction":[{"@type":"ReadAction","target":["https:\/\/www.bellunopress.it\/2014\/05\/02\/linea-padova-calalzo-cronaca-di-una-giornata-di-ordinaria-impreparazione-del-comitato-binariquotidiani\/"]}]},{"@type":"ImageObject","inLanguage":"fr-FR","@id":"https:\/\/www.bellunopress.it\/2014\/05\/02\/linea-padova-calalzo-cronaca-di-una-giornata-di-ordinaria-impreparazione-del-comitato-binariquotidiani\/#primaryimage","url":"http:\/\/www.bellunopress.it\/wp-content\/uploads\/2013\/12\/treno-minuetto-diesel.jpg","contentUrl":"http:\/\/www.bellunopress.it\/wp-content\/uploads\/2013\/12\/treno-minuetto-diesel.jpg"},{"@type":"BreadcrumbList","@id":"https:\/\/www.bellunopress.it\/2014\/05\/02\/linea-padova-calalzo-cronaca-di-una-giornata-di-ordinaria-impreparazione-del-comitato-binariquotidiani\/#breadcrumb","itemListElement":[{"@type":"ListItem","position":1,"name":"Home","item":"https:\/\/www.bellunopress.it\/"},{"@type":"ListItem","position":2,"name":"Linea Padova-Calalzo. Cronaca di una giornata di ordinaria impreparazione * del Comitato BinariQuotidiani"}]},{"@type":"WebSite","@id":"https:\/\/www.bellunopress.it\/#website","url":"https:\/\/www.bellunopress.it\/","name":"Bellunopress - Dolomiti","description":"e-mail: redazione@bellunopress.it","publisher":{"@id":"https:\/\/www.bellunopress.it\/#organization"},"potentialAction":[{"@type":"SearchAction","target":{"@type":"EntryPoint","urlTemplate":"https:\/\/www.bellunopress.it\/?s={search_term_string}"},"query-input":{"@type":"PropertyValueSpecification","valueRequired":true,"valueName":"search_term_string"}}],"inLanguage":"fr-FR"},{"@type":"Organization","@id":"https:\/\/www.bellunopress.it\/#organization","name":"Bellunopress","url":"https:\/\/www.bellunopress.it\/","logo":{"@type":"ImageObject","inLanguage":"fr-FR","@id":"https:\/\/www.bellunopress.it\/#\/schema\/logo\/image\/","url":"https:\/\/www.bellunopress.it\/wp-content\/uploads\/2011\/05\/cropped-logo-bellunopress-.jpg","contentUrl":"https:\/\/www.bellunopress.it\/wp-content\/uploads\/2011\/05\/cropped-logo-bellunopress-.jpg","width":512,"height":512,"caption":"Bellunopress"},"image":{"@id":"https:\/\/www.bellunopress.it\/#\/schema\/logo\/image\/"},"sameAs":["https:\/\/www.facebook.com\/profile.php?id=100008943462799","https:\/\/x.com\/bellunopress","https:\/\/www.linkedin.com\/hp\/?dnr=JBzUWaJfMUw8vbXJJ2tVW5-I3jZKvC4wsoxE&amp;amp;amp;amp;amp;amp;trk=nav_responsive_tab_home","https:\/\/www.youtube.com\/channel\/UCxL0wu1uN0_3_7hGG0306cw"]},{"@type":"Person","@id":"https:\/\/www.bellunopress.it\/#\/schema\/person\/79bb06722b37ece1c03d3e94beb30d73","name":"r\u00e9daction","image":{"@type":"ImageObject","inLanguage":"fr-FR","@id":"https:\/\/secure.gravatar.com\/avatar\/37d968a2e67a6fd04c169c4bdef102d0bc5d31b2546345219e348575eb80e9a0?s=96&d=mm&r=g","url":"https:\/\/secure.gravatar.com\/avatar\/37d968a2e67a6fd04c169c4bdef102d0bc5d31b2546345219e348575eb80e9a0?s=96&d=mm&r=g","contentUrl":"https:\/\/secure.gravatar.com\/avatar\/37d968a2e67a6fd04c169c4bdef102d0bc5d31b2546345219e348575eb80e9a0?s=96&d=mm&r=g","caption":"redazione"},"sameAs":["http:\/\/www.bellunopress.it","https:\/\/x.com\/bellunopress"],"url":"https:\/\/www.bellunopress.it\/fr\/author\/redazione\/"}]}},"_links":{"self":[{"href":"https:\/\/www.bellunopress.it\/fr\/wp-json\/wp\/v2\/posts\/58291","targetHints":{"allow":["GET"]}}],"collection":[{"href":"https:\/\/www.bellunopress.it\/fr\/wp-json\/wp\/v2\/posts"}],"about":[{"href":"https:\/\/www.bellunopress.it\/fr\/wp-json\/wp\/v2\/types\/post"}],"author":[{"embeddable":true,"href":"https:\/\/www.bellunopress.it\/fr\/wp-json\/wp\/v2\/users\/2"}],"replies":[{"embeddable":true,"href":"https:\/\/www.bellunopress.it\/fr\/wp-json\/wp\/v2\/comments?post=58291"}],"version-history":[{"count":1,"href":"https:\/\/www.bellunopress.it\/fr\/wp-json\/wp\/v2\/posts\/58291\/revisions"}],"predecessor-version":[{"id":58292,"href":"https:\/\/www.bellunopress.it\/fr\/wp-json\/wp\/v2\/posts\/58291\/revisions\/58292"}],"wp:attachment":[{"href":"https:\/\/www.bellunopress.it\/fr\/wp-json\/wp\/v2\/media?parent=58291"}],"wp:term":[{"taxonomy":"category","embeddable":true,"href":"https:\/\/www.bellunopress.it\/fr\/wp-json\/wp\/v2\/categories?post=58291"},{"taxonomy":"post_tag","embeddable":true,"href":"https:\/\/www.bellunopress.it\/fr\/wp-json\/wp\/v2\/tags?post=58291"}],"curies":[{"name":"wp","href":"https:\/\/api.w.org\/{rel}","templated":true}]}}