{"id":58289,"date":"2014-05-02T17:35:25","date_gmt":"2014-05-02T16:35:25","guid":{"rendered":"http:\/\/www.bellunopress.it\/?p=58289"},"modified":"2014-05-02T17:35:25","modified_gmt":"2014-05-02T16:35:25","slug":"decreto-lavoro-il-senatore-piccoli-boccia-il-testo-di-legge-ottica-dirigista-dimenticata-limpresa","status":"publish","type":"post","link":"https:\/\/www.bellunopress.it\/fr\/2014\/05\/02\/decreto-lavoro-il-senatore-piccoli-boccia-il-testo-di-legge-ottica-dirigista-dimenticata-limpresa\/","title":{"rendered":"Decreto lavoro. Il senatore Piccoli boccia il testo di legge: &#8220;Ottica dirigista, dimenticata l&#8217;impresa&#8221;"},"content":{"rendered":"<p><span style=\"color: #000000;\"><a href=\"http:\/\/www.bellunopress.it\/wp-content\/uploads\/2009\/06\/piccoli-giovanni-sindaco-leggera.jpg\"><img loading=\"lazy\" decoding=\"async\" class=\"alignleft size-full wp-image-5033\" src=\"http:\/\/www.bellunopress.it\/wp-content\/uploads\/2009\/06\/piccoli-giovanni-sindaco-leggera.jpg\" alt=\"piccoli-giovanni-sindaco-leggera\" width=\"180\" height=\"270\" \/><\/a>&#8220;Il decreto Poletti rischia di andare ad appesantire ulteriormente il mondo del lavoro. Cos\u00ec com&#8217;\u00e8 si vanno solo a peggiorare le cose: si sta imponendo un&#8217;ottica dirigista che va contro le pmi e gli artigiani&#8221;.<\/span><br style=\"color: #000000;\" \/><span style=\"color: #000000;\">Ad affermarlo \u00e8 il senatore di Forza Italia Giovanni Piccoli dopo che il decreto Poletti \u00e8 approdato in Commissione Lavoro al Senato.<\/span><br style=\"color: #000000;\" \/><span style=\"color: #000000;\">&#8220;Non ci siamo proprio: ancora una volta si tenta di creare lavoro andando a imporre nuove norme e nuove sanzioni, tutti appesantimenti burocratici per le imprese, soprattutto per le pi\u00f9 piccole. Anche per questo, gli effetti sul Veneto e sulla provincia di Belluno, dove piccole imprese e micro-imprese abbondano, potrebbero essere ulteriormente depressivi&#8221;.<\/span><br style=\"color: #000000;\" \/><span style=\"color: #000000;\">&#8220;Un capitolo a parte merita un aspetto caratterizzante come quello della formazione, che continua a rimanere fuori dall&#8217;azienda e scollegato dal mondo dell&#8217;impresa&#8221;, prosegue Piccoli.<\/span><br style=\"color: #000000;\" \/><span style=\"color: #000000;\">&#8220;La verit\u00e0 \u00e8 che per creare lavoro occorre diminuire il costo del lavoro e defiscalizzare le assunzioni dei giovani, due mosse che non fanno solo il bene dei lavoratori ma anche degli imprenditori. Forza Italia, su questo punto, ha presentato emendamenti specifici. Se vogliamo che in Italia si torni ad assumere occorre semplificare la vita alle aziende&#8221;, conclude Piccoli.<\/span><\/p>","protected":false},"excerpt":{"rendered":"<p>&#8220;Il decreto Poletti rischia di andare ad appesantire ulteriormente il mondo del lavoro. Cos\u00ec com&#8217;\u00e8 si vanno solo a peggiorare le cose: si sta imponendo un&#8217;ottica dirigista che va contro le pmi e gli artigiani&#8221;.Ad affermarlo \u00e8 il senatore di Forza Italia Giovanni Piccoli dopo che il decreto Poletti \u00e8 approdato in Commissione Lavoro al [&hellip;]<\/p>\n","protected":false},"author":2,"featured_media":0,"comment_status":"closed","ping_status":"open","sticky":false,"template":"","format":"standard","meta":{"footnotes":""},"categories":[5,26],"tags":[],"class_list":["post-58289","post","type-post","status-publish","format-standard","category-cronaca","category-prima-pagina"],"yoast_head":"<!-- This site is optimized with the Yoast SEO plugin v28.4 - https:\/\/yoast.com\/product\/yoast-seo-wordpress\/ -->\n<title>Decreto lavoro. Il senatore Piccoli boccia il testo di legge: &quot;Ottica dirigista, dimenticata l&#039;impresa&quot; - Bellunopress - Dolomiti<\/title>\n<meta name=\"robots\" content=\"index, follow, max-snippet:-1, max-image-preview:large, max-video-preview:-1\" \/>\n<link rel=\"canonical\" href=\"https:\/\/www.bellunopress.it\/fr\/2014\/05\/02\/decreto-lavoro-il-senatore-piccoli-boccia-il-testo-di-legge-ottica-dirigista-dimenticata-limpresa\/\" \/>\n<meta property=\"og:locale\" content=\"fr_FR\" \/>\n<meta property=\"og:type\" content=\"article\" \/>\n<meta property=\"og:title\" content=\"Decreto lavoro. Il senatore Piccoli boccia il testo di legge: &quot;Ottica dirigista, dimenticata l&#039;impresa&quot; - Bellunopress - Dolomiti\" \/>\n<meta property=\"og:description\" content=\"&#8220;Il decreto Poletti rischia di andare ad appesantire ulteriormente il mondo del lavoro. Cos\u00ec com&#8217;\u00e8 si vanno solo a peggiorare le cose: si sta imponendo un&#8217;ottica dirigista che va contro le pmi e gli artigiani&#8221;.Ad affermarlo \u00e8 il senatore di Forza Italia Giovanni Piccoli dopo che il decreto Poletti \u00e8 approdato in Commissione Lavoro al [&hellip;]\" \/>\n<meta property=\"og:url\" content=\"https:\/\/www.bellunopress.it\/fr\/2014\/05\/02\/decreto-lavoro-il-senatore-piccoli-boccia-il-testo-di-legge-ottica-dirigista-dimenticata-limpresa\/\" \/>\n<meta property=\"og:site_name\" content=\"Bellunopress - Dolomiti\" \/>\n<meta property=\"article:publisher\" content=\"https:\/\/www.facebook.com\/profile.php?id=100008943462799\" \/>\n<meta property=\"article:published_time\" content=\"2014-05-02T16:35:25+00:00\" \/>\n<meta property=\"og:image\" content=\"http:\/\/www.bellunopress.it\/wp-content\/uploads\/2009\/06\/piccoli-giovanni-sindaco-leggera.jpg\" \/>\n<meta name=\"author\" content=\"redazione\" \/>\n<meta name=\"twitter:card\" content=\"summary_large_image\" \/>\n<meta name=\"twitter:creator\" content=\"@bellunopress\" \/>\n<meta name=\"twitter:site\" content=\"@bellunopress\" \/>\n<meta name=\"twitter:label1\" content=\"\u00c9crit par\" \/>\n\t<meta name=\"twitter:data1\" content=\"redazione\" \/>\n\t<meta name=\"twitter:label2\" content=\"Dur\u00e9e de lecture estim\u00e9e\" \/>\n\t<meta name=\"twitter:data2\" content=\"1 minute\" \/>\n<script type=\"application\/ld+json\" class=\"yoast-schema-graph\">{\"@context\":\"https:\\\/\\\/schema.org\",\"@graph\":[{\"@type\":\"Article\",\"@id\":\"https:\\\/\\\/www.bellunopress.it\\\/2014\\\/05\\\/02\\\/decreto-lavoro-il-senatore-piccoli-boccia-il-testo-di-legge-ottica-dirigista-dimenticata-limpresa\\\/#article\",\"isPartOf\":{\"@id\":\"https:\\\/\\\/www.bellunopress.it\\\/2014\\\/05\\\/02\\\/decreto-lavoro-il-senatore-piccoli-boccia-il-testo-di-legge-ottica-dirigista-dimenticata-limpresa\\\/\"},\"author\":{\"name\":\"redazione\",\"@id\":\"https:\\\/\\\/www.bellunopress.it\\\/#\\\/schema\\\/person\\\/79bb06722b37ece1c03d3e94beb30d73\"},\"headline\":\"Decreto lavoro. Il senatore Piccoli boccia il testo di legge: &#8220;Ottica dirigista, dimenticata l&#8217;impresa&#8221;\",\"datePublished\":\"2014-05-02T16:35:25+00:00\",\"mainEntityOfPage\":{\"@id\":\"https:\\\/\\\/www.bellunopress.it\\\/2014\\\/05\\\/02\\\/decreto-lavoro-il-senatore-piccoli-boccia-il-testo-di-legge-ottica-dirigista-dimenticata-limpresa\\\/\"},\"wordCount\":209,\"publisher\":{\"@id\":\"https:\\\/\\\/www.bellunopress.it\\\/#organization\"},\"image\":{\"@id\":\"https:\\\/\\\/www.bellunopress.it\\\/2014\\\/05\\\/02\\\/decreto-lavoro-il-senatore-piccoli-boccia-il-testo-di-legge-ottica-dirigista-dimenticata-limpresa\\\/#primaryimage\"},\"thumbnailUrl\":\"http:\\\/\\\/www.bellunopress.it\\\/wp-content\\\/uploads\\\/2009\\\/06\\\/piccoli-giovanni-sindaco-leggera.jpg\",\"articleSection\":[\"Cronaca\\\/Politica\",\"Prima Pagina\"],\"inLanguage\":\"fr-FR\"},{\"@type\":\"WebPage\",\"@id\":\"https:\\\/\\\/www.bellunopress.it\\\/2014\\\/05\\\/02\\\/decreto-lavoro-il-senatore-piccoli-boccia-il-testo-di-legge-ottica-dirigista-dimenticata-limpresa\\\/\",\"url\":\"https:\\\/\\\/www.bellunopress.it\\\/2014\\\/05\\\/02\\\/decreto-lavoro-il-senatore-piccoli-boccia-il-testo-di-legge-ottica-dirigista-dimenticata-limpresa\\\/\",\"name\":\"Decreto lavoro. Il senatore Piccoli boccia il testo di legge: \\\"Ottica dirigista, dimenticata l'impresa\\\" - Bellunopress - Dolomiti\",\"isPartOf\":{\"@id\":\"https:\\\/\\\/www.bellunopress.it\\\/#website\"},\"primaryImageOfPage\":{\"@id\":\"https:\\\/\\\/www.bellunopress.it\\\/2014\\\/05\\\/02\\\/decreto-lavoro-il-senatore-piccoli-boccia-il-testo-di-legge-ottica-dirigista-dimenticata-limpresa\\\/#primaryimage\"},\"image\":{\"@id\":\"https:\\\/\\\/www.bellunopress.it\\\/2014\\\/05\\\/02\\\/decreto-lavoro-il-senatore-piccoli-boccia-il-testo-di-legge-ottica-dirigista-dimenticata-limpresa\\\/#primaryimage\"},\"thumbnailUrl\":\"http:\\\/\\\/www.bellunopress.it\\\/wp-content\\\/uploads\\\/2009\\\/06\\\/piccoli-giovanni-sindaco-leggera.jpg\",\"datePublished\":\"2014-05-02T16:35:25+00:00\",\"breadcrumb\":{\"@id\":\"https:\\\/\\\/www.bellunopress.it\\\/2014\\\/05\\\/02\\\/decreto-lavoro-il-senatore-piccoli-boccia-il-testo-di-legge-ottica-dirigista-dimenticata-limpresa\\\/#breadcrumb\"},\"inLanguage\":\"fr-FR\",\"potentialAction\":[{\"@type\":\"ReadAction\",\"target\":[\"https:\\\/\\\/www.bellunopress.it\\\/2014\\\/05\\\/02\\\/decreto-lavoro-il-senatore-piccoli-boccia-il-testo-di-legge-ottica-dirigista-dimenticata-limpresa\\\/\"]}]},{\"@type\":\"ImageObject\",\"inLanguage\":\"fr-FR\",\"@id\":\"https:\\\/\\\/www.bellunopress.it\\\/2014\\\/05\\\/02\\\/decreto-lavoro-il-senatore-piccoli-boccia-il-testo-di-legge-ottica-dirigista-dimenticata-limpresa\\\/#primaryimage\",\"url\":\"http:\\\/\\\/www.bellunopress.it\\\/wp-content\\\/uploads\\\/2009\\\/06\\\/piccoli-giovanni-sindaco-leggera.jpg\",\"contentUrl\":\"http:\\\/\\\/www.bellunopress.it\\\/wp-content\\\/uploads\\\/2009\\\/06\\\/piccoli-giovanni-sindaco-leggera.jpg\"},{\"@type\":\"BreadcrumbList\",\"@id\":\"https:\\\/\\\/www.bellunopress.it\\\/2014\\\/05\\\/02\\\/decreto-lavoro-il-senatore-piccoli-boccia-il-testo-di-legge-ottica-dirigista-dimenticata-limpresa\\\/#breadcrumb\",\"itemListElement\":[{\"@type\":\"ListItem\",\"position\":1,\"name\":\"Home\",\"item\":\"https:\\\/\\\/www.bellunopress.it\\\/\"},{\"@type\":\"ListItem\",\"position\":2,\"name\":\"Decreto lavoro. Il senatore Piccoli boccia il testo di legge: &#8220;Ottica dirigista, dimenticata l&#8217;impresa&#8221;\"}]},{\"@type\":\"WebSite\",\"@id\":\"https:\\\/\\\/www.bellunopress.it\\\/#website\",\"url\":\"https:\\\/\\\/www.bellunopress.it\\\/\",\"name\":\"Bellunopress - Dolomiti\",\"description\":\"e-mail: redazione@bellunopress.it\",\"publisher\":{\"@id\":\"https:\\\/\\\/www.bellunopress.it\\\/#organization\"},\"potentialAction\":[{\"@type\":\"SearchAction\",\"target\":{\"@type\":\"EntryPoint\",\"urlTemplate\":\"https:\\\/\\\/www.bellunopress.it\\\/?s={search_term_string}\"},\"query-input\":{\"@type\":\"PropertyValueSpecification\",\"valueRequired\":true,\"valueName\":\"search_term_string\"}}],\"inLanguage\":\"fr-FR\"},{\"@type\":\"Organization\",\"@id\":\"https:\\\/\\\/www.bellunopress.it\\\/#organization\",\"name\":\"Bellunopress\",\"url\":\"https:\\\/\\\/www.bellunopress.it\\\/\",\"logo\":{\"@type\":\"ImageObject\",\"inLanguage\":\"fr-FR\",\"@id\":\"https:\\\/\\\/www.bellunopress.it\\\/#\\\/schema\\\/logo\\\/image\\\/\",\"url\":\"https:\\\/\\\/www.bellunopress.it\\\/wp-content\\\/uploads\\\/2011\\\/05\\\/cropped-logo-bellunopress-.jpg\",\"contentUrl\":\"https:\\\/\\\/www.bellunopress.it\\\/wp-content\\\/uploads\\\/2011\\\/05\\\/cropped-logo-bellunopress-.jpg\",\"width\":512,\"height\":512,\"caption\":\"Bellunopress\"},\"image\":{\"@id\":\"https:\\\/\\\/www.bellunopress.it\\\/#\\\/schema\\\/logo\\\/image\\\/\"},\"sameAs\":[\"https:\\\/\\\/www.facebook.com\\\/profile.php?id=100008943462799\",\"https:\\\/\\\/x.com\\\/bellunopress\",\"https:\\\/\\\/www.linkedin.com\\\/hp\\\/?dnr=JBzUWaJfMUw8vbXJJ2tVW5-I3jZKvC4wsoxE&amp;amp;amp;amp;amp;amp;trk=nav_responsive_tab_home\",\"https:\\\/\\\/www.youtube.com\\\/channel\\\/UCxL0wu1uN0_3_7hGG0306cw\"]},{\"@type\":\"Person\",\"@id\":\"https:\\\/\\\/www.bellunopress.it\\\/#\\\/schema\\\/person\\\/79bb06722b37ece1c03d3e94beb30d73\",\"name\":\"redazione\",\"image\":{\"@type\":\"ImageObject\",\"inLanguage\":\"fr-FR\",\"@id\":\"https:\\\/\\\/secure.gravatar.com\\\/avatar\\\/37d968a2e67a6fd04c169c4bdef102d0bc5d31b2546345219e348575eb80e9a0?s=96&d=mm&r=g\",\"url\":\"https:\\\/\\\/secure.gravatar.com\\\/avatar\\\/37d968a2e67a6fd04c169c4bdef102d0bc5d31b2546345219e348575eb80e9a0?s=96&d=mm&r=g\",\"contentUrl\":\"https:\\\/\\\/secure.gravatar.com\\\/avatar\\\/37d968a2e67a6fd04c169c4bdef102d0bc5d31b2546345219e348575eb80e9a0?s=96&d=mm&r=g\",\"caption\":\"redazione\"},\"sameAs\":[\"http:\\\/\\\/www.bellunopress.it\",\"https:\\\/\\\/x.com\\\/bellunopress\"],\"url\":\"https:\\\/\\\/www.bellunopress.it\\\/fr\\\/author\\\/redazione\\\/\"}]}<\/script>\n<!-- \/ Yoast SEO plugin. -->","yoast_head_json":{"title":"Decreto lavoro. Il senatore Piccoli boccia il testo di legge: \"Ottica dirigista, dimenticata l'impresa\" - Bellunopress - Dolomiti","robots":{"index":"index","follow":"follow","max-snippet":"max-snippet:-1","max-image-preview":"max-image-preview:large","max-video-preview":"max-video-preview:-1"},"canonical":"https:\/\/www.bellunopress.it\/fr\/2014\/05\/02\/decreto-lavoro-il-senatore-piccoli-boccia-il-testo-di-legge-ottica-dirigista-dimenticata-limpresa\/","og_locale":"fr_FR","og_type":"article","og_title":"Decreto lavoro. Il senatore Piccoli boccia il testo di legge: \"Ottica dirigista, dimenticata l'impresa\" - Bellunopress - Dolomiti","og_description":"&#8220;Il decreto Poletti rischia di andare ad appesantire ulteriormente il mondo del lavoro. Cos\u00ec com&#8217;\u00e8 si vanno solo a peggiorare le cose: si sta imponendo un&#8217;ottica dirigista che va contro le pmi e gli artigiani&#8221;.Ad affermarlo \u00e8 il senatore di Forza Italia Giovanni Piccoli dopo che il decreto Poletti \u00e8 approdato in Commissione Lavoro al [&hellip;]","og_url":"https:\/\/www.bellunopress.it\/fr\/2014\/05\/02\/decreto-lavoro-il-senatore-piccoli-boccia-il-testo-di-legge-ottica-dirigista-dimenticata-limpresa\/","og_site_name":"Bellunopress - Dolomiti","article_publisher":"https:\/\/www.facebook.com\/profile.php?id=100008943462799","article_published_time":"2014-05-02T16:35:25+00:00","og_image":[{"url":"http:\/\/www.bellunopress.it\/wp-content\/uploads\/2009\/06\/piccoli-giovanni-sindaco-leggera.jpg","type":"","width":"","height":""}],"author":"redazione","twitter_card":"summary_large_image","twitter_creator":"@bellunopress","twitter_site":"@bellunopress","twitter_misc":{"\u00c9crit par":"redazione","Dur\u00e9e de lecture estim\u00e9e":"1 minute"},"schema":{"@context":"https:\/\/schema.org","@graph":[{"@type":"Article","@id":"https:\/\/www.bellunopress.it\/2014\/05\/02\/decreto-lavoro-il-senatore-piccoli-boccia-il-testo-di-legge-ottica-dirigista-dimenticata-limpresa\/#article","isPartOf":{"@id":"https:\/\/www.bellunopress.it\/2014\/05\/02\/decreto-lavoro-il-senatore-piccoli-boccia-il-testo-di-legge-ottica-dirigista-dimenticata-limpresa\/"},"author":{"name":"redazione","@id":"https:\/\/www.bellunopress.it\/#\/schema\/person\/79bb06722b37ece1c03d3e94beb30d73"},"headline":"Decreto lavoro. Il senatore Piccoli boccia il testo di legge: &#8220;Ottica dirigista, dimenticata l&#8217;impresa&#8221;","datePublished":"2014-05-02T16:35:25+00:00","mainEntityOfPage":{"@id":"https:\/\/www.bellunopress.it\/2014\/05\/02\/decreto-lavoro-il-senatore-piccoli-boccia-il-testo-di-legge-ottica-dirigista-dimenticata-limpresa\/"},"wordCount":209,"publisher":{"@id":"https:\/\/www.bellunopress.it\/#organization"},"image":{"@id":"https:\/\/www.bellunopress.it\/2014\/05\/02\/decreto-lavoro-il-senatore-piccoli-boccia-il-testo-di-legge-ottica-dirigista-dimenticata-limpresa\/#primaryimage"},"thumbnailUrl":"http:\/\/www.bellunopress.it\/wp-content\/uploads\/2009\/06\/piccoli-giovanni-sindaco-leggera.jpg","articleSection":["Cronaca\/Politica","Prima Pagina"],"inLanguage":"fr-FR"},{"@type":"WebPage","@id":"https:\/\/www.bellunopress.it\/2014\/05\/02\/decreto-lavoro-il-senatore-piccoli-boccia-il-testo-di-legge-ottica-dirigista-dimenticata-limpresa\/","url":"https:\/\/www.bellunopress.it\/2014\/05\/02\/decreto-lavoro-il-senatore-piccoli-boccia-il-testo-di-legge-ottica-dirigista-dimenticata-limpresa\/","name":"Decreto lavoro. Il senatore Piccoli boccia il testo di legge: \"Ottica dirigista, dimenticata l'impresa\" - Bellunopress - Dolomiti","isPartOf":{"@id":"https:\/\/www.bellunopress.it\/#website"},"primaryImageOfPage":{"@id":"https:\/\/www.bellunopress.it\/2014\/05\/02\/decreto-lavoro-il-senatore-piccoli-boccia-il-testo-di-legge-ottica-dirigista-dimenticata-limpresa\/#primaryimage"},"image":{"@id":"https:\/\/www.bellunopress.it\/2014\/05\/02\/decreto-lavoro-il-senatore-piccoli-boccia-il-testo-di-legge-ottica-dirigista-dimenticata-limpresa\/#primaryimage"},"thumbnailUrl":"http:\/\/www.bellunopress.it\/wp-content\/uploads\/2009\/06\/piccoli-giovanni-sindaco-leggera.jpg","datePublished":"2014-05-02T16:35:25+00:00","breadcrumb":{"@id":"https:\/\/www.bellunopress.it\/2014\/05\/02\/decreto-lavoro-il-senatore-piccoli-boccia-il-testo-di-legge-ottica-dirigista-dimenticata-limpresa\/#breadcrumb"},"inLanguage":"fr-FR","potentialAction":[{"@type":"ReadAction","target":["https:\/\/www.bellunopress.it\/2014\/05\/02\/decreto-lavoro-il-senatore-piccoli-boccia-il-testo-di-legge-ottica-dirigista-dimenticata-limpresa\/"]}]},{"@type":"ImageObject","inLanguage":"fr-FR","@id":"https:\/\/www.bellunopress.it\/2014\/05\/02\/decreto-lavoro-il-senatore-piccoli-boccia-il-testo-di-legge-ottica-dirigista-dimenticata-limpresa\/#primaryimage","url":"http:\/\/www.bellunopress.it\/wp-content\/uploads\/2009\/06\/piccoli-giovanni-sindaco-leggera.jpg","contentUrl":"http:\/\/www.bellunopress.it\/wp-content\/uploads\/2009\/06\/piccoli-giovanni-sindaco-leggera.jpg"},{"@type":"BreadcrumbList","@id":"https:\/\/www.bellunopress.it\/2014\/05\/02\/decreto-lavoro-il-senatore-piccoli-boccia-il-testo-di-legge-ottica-dirigista-dimenticata-limpresa\/#breadcrumb","itemListElement":[{"@type":"ListItem","position":1,"name":"Home","item":"https:\/\/www.bellunopress.it\/"},{"@type":"ListItem","position":2,"name":"Decreto lavoro. Il senatore Piccoli boccia il testo di legge: &#8220;Ottica dirigista, dimenticata l&#8217;impresa&#8221;"}]},{"@type":"WebSite","@id":"https:\/\/www.bellunopress.it\/#website","url":"https:\/\/www.bellunopress.it\/","name":"Bellunopress - Dolomiti","description":"e-mail: redazione@bellunopress.it","publisher":{"@id":"https:\/\/www.bellunopress.it\/#organization"},"potentialAction":[{"@type":"SearchAction","target":{"@type":"EntryPoint","urlTemplate":"https:\/\/www.bellunopress.it\/?s={search_term_string}"},"query-input":{"@type":"PropertyValueSpecification","valueRequired":true,"valueName":"search_term_string"}}],"inLanguage":"fr-FR"},{"@type":"Organization","@id":"https:\/\/www.bellunopress.it\/#organization","name":"Bellunopress","url":"https:\/\/www.bellunopress.it\/","logo":{"@type":"ImageObject","inLanguage":"fr-FR","@id":"https:\/\/www.bellunopress.it\/#\/schema\/logo\/image\/","url":"https:\/\/www.bellunopress.it\/wp-content\/uploads\/2011\/05\/cropped-logo-bellunopress-.jpg","contentUrl":"https:\/\/www.bellunopress.it\/wp-content\/uploads\/2011\/05\/cropped-logo-bellunopress-.jpg","width":512,"height":512,"caption":"Bellunopress"},"image":{"@id":"https:\/\/www.bellunopress.it\/#\/schema\/logo\/image\/"},"sameAs":["https:\/\/www.facebook.com\/profile.php?id=100008943462799","https:\/\/x.com\/bellunopress","https:\/\/www.linkedin.com\/hp\/?dnr=JBzUWaJfMUw8vbXJJ2tVW5-I3jZKvC4wsoxE&amp;amp;amp;amp;amp;amp;trk=nav_responsive_tab_home","https:\/\/www.youtube.com\/channel\/UCxL0wu1uN0_3_7hGG0306cw"]},{"@type":"Person","@id":"https:\/\/www.bellunopress.it\/#\/schema\/person\/79bb06722b37ece1c03d3e94beb30d73","name":"r\u00e9daction","image":{"@type":"ImageObject","inLanguage":"fr-FR","@id":"https:\/\/secure.gravatar.com\/avatar\/37d968a2e67a6fd04c169c4bdef102d0bc5d31b2546345219e348575eb80e9a0?s=96&d=mm&r=g","url":"https:\/\/secure.gravatar.com\/avatar\/37d968a2e67a6fd04c169c4bdef102d0bc5d31b2546345219e348575eb80e9a0?s=96&d=mm&r=g","contentUrl":"https:\/\/secure.gravatar.com\/avatar\/37d968a2e67a6fd04c169c4bdef102d0bc5d31b2546345219e348575eb80e9a0?s=96&d=mm&r=g","caption":"redazione"},"sameAs":["http:\/\/www.bellunopress.it","https:\/\/x.com\/bellunopress"],"url":"https:\/\/www.bellunopress.it\/fr\/author\/redazione\/"}]}},"_links":{"self":[{"href":"https:\/\/www.bellunopress.it\/fr\/wp-json\/wp\/v2\/posts\/58289","targetHints":{"allow":["GET"]}}],"collection":[{"href":"https:\/\/www.bellunopress.it\/fr\/wp-json\/wp\/v2\/posts"}],"about":[{"href":"https:\/\/www.bellunopress.it\/fr\/wp-json\/wp\/v2\/types\/post"}],"author":[{"embeddable":true,"href":"https:\/\/www.bellunopress.it\/fr\/wp-json\/wp\/v2\/users\/2"}],"replies":[{"embeddable":true,"href":"https:\/\/www.bellunopress.it\/fr\/wp-json\/wp\/v2\/comments?post=58289"}],"version-history":[{"count":1,"href":"https:\/\/www.bellunopress.it\/fr\/wp-json\/wp\/v2\/posts\/58289\/revisions"}],"predecessor-version":[{"id":58290,"href":"https:\/\/www.bellunopress.it\/fr\/wp-json\/wp\/v2\/posts\/58289\/revisions\/58290"}],"wp:attachment":[{"href":"https:\/\/www.bellunopress.it\/fr\/wp-json\/wp\/v2\/media?parent=58289"}],"wp:term":[{"taxonomy":"category","embeddable":true,"href":"https:\/\/www.bellunopress.it\/fr\/wp-json\/wp\/v2\/categories?post=58289"},{"taxonomy":"post_tag","embeddable":true,"href":"https:\/\/www.bellunopress.it\/fr\/wp-json\/wp\/v2\/tags?post=58289"}],"curies":[{"name":"wp","href":"https:\/\/api.w.org\/{rel}","templated":true}]}}