{"id":58285,"date":"2014-05-02T12:18:22","date_gmt":"2014-05-02T11:18:22","guid":{"rendered":"http:\/\/www.bellunopress.it\/?p=58285"},"modified":"2014-05-02T12:18:22","modified_gmt":"2014-05-02T11:18:22","slug":"belluno-convocazione-del-consiglio-comunale-mercoledi-7-maggio-ritorna-in-aula-la-questione-dellelettrodotto-terna","status":"publish","type":"post","link":"https:\/\/www.bellunopress.it\/fr\/2014\/05\/02\/belluno-convocazione-del-consiglio-comunale-mercoledi-7-maggio-ritorna-in-aula-la-questione-dellelettrodotto-terna\/","title":{"rendered":"Belluno: convocazione del Consiglio comunale\u00a0Mercoled\u00ec 7 maggio. Ritorna in aula la questione dell&#8217;elettrodotto Terna"},"content":{"rendered":"<p>&nbsp;<\/p>\n<figure id=\"attachment_11092\" aria-describedby=\"caption-attachment-11092\" style=\"width: 218px\" class=\"wp-caption alignleft\"><a href=\"http:\/\/www.bellunopress.it\/wp-content\/uploads\/2009\/12\/palazzo-rosso-280x220.jpg\"><img loading=\"lazy\" decoding=\"async\" class=\"size-full wp-image-11092\" src=\"http:\/\/www.bellunopress.it\/wp-content\/uploads\/2009\/12\/palazzo-rosso-280x220.jpg\" alt=\"Palazzo Rosso, sede del Comune di Belluno\" width=\"218\" height=\"290\" \/><\/a><figcaption id=\"caption-attachment-11092\" class=\"wp-caption-text\">Palazzo Rosso, sede del Comune di Belluno<\/figcaption><\/figure>\n<p class=\"western\" align=\"CENTER\">Il Consiglio comunale di Belluno \u00e8 convocato, nella sede della Sala Consiliare di Palazzo rosso, alle ore 15.00 di mercoled\u00ec 7 maggio, per la trattazione del seguente ordine del giorno:<\/p>\n<ol>\n<li>\n<p class=\"western\" lang=\"it-IT\" align=\"JUSTIFY\"><span style=\"color: #000000;\"><span style=\"font-family: Tahoma, sans-serif;\"><span style=\"font-size: small;\">Processo verbale del 17 marzo 2014 \u2013 Approvazione ai sensi dell&#8217;art. 56 del regolamento per il funzionamento del Consiglio Comunale;<\/span><\/span><\/span><\/p>\n<\/li>\n<\/ol>\n<ol start=\"2\">\n<li>\n<p class=\"western\" align=\"JUSTIFY\"><span style=\"color: #000000;\"><span style=\"font-family: Tahoma, sans-serif;\"><span style=\"font-size: small;\"><span lang=\"it-IT\">Ratifica ai sensi dell&#8217;art. 42, comma 4 del D.Lgs. 18\/08\/2000, n. 267 limitatamente punto n. 2 della deliberazione della Giunta Comunale n. 54 del 10\/04\/2024 ad oggetto: Consultazioni elettorali europee del 25 maggio 2014 \u2013 Variazione in via d&#8217;urgenza in corso di esercizio provvisorio ai sensi del punto n. 8 del principio contabile applicato relativo alla contabilit\u00e0 finanziaria armonizzata. Variazioni degli stanziamenti di cassa;<\/span><\/span><\/span><\/span><\/p>\n<\/li>\n<\/ol>\n<ol start=\"3\">\n<li>\n<p class=\"western\" lang=\"it-IT\" align=\"JUSTIFY\"><span style=\"color: #000000;\"><span style=\"font-family: Tahoma, sans-serif;\"><span style=\"font-size: small;\">Elettrodotti TERNA Val Belluna \u2013 Addendum al protocollo d\u2019intesa 2009 relativamente al tracciato \u201cC\u201d di collegamento in localit\u00e0 Sagrogna con le linee esistenti in Comune di Belluno;<\/span><\/span><\/span><\/p>\n<\/li>\n<\/ol>\n<ol start=\"4\">\n<li>\n<p class=\"western\" lang=\"it-IT\" align=\"JUSTIFY\"><span style=\"color: #000000;\"><span style=\"font-family: Tahoma, sans-serif;\"><span style=\"font-size: small;\">Regolamento per l&#8217;acquisizione in economia lavori &#8211; forniture &#8211; servizi &#8211; Aggiornamento; <\/span><\/span><\/span><\/p>\n<\/li>\n<\/ol>\n<ol start=\"5\">\n<li>\n<p class=\"western\" lang=\"it-IT\" align=\"JUSTIFY\"><span style=\"color: #000000;\"><span style=\"font-family: Tahoma, sans-serif;\"><span style=\"font-size: small;\">Casera Tovena \u2013 Trasferimento al Comitato per l&#8217;amministrazione separata dei beni di uso civico delle frazioni di Bolzano Vezzano;<\/span><\/span><\/span><\/p>\n<\/li>\n<\/ol>\n<ol start=\"6\">\n<li>\n<p class=\"western\" align=\"JUSTIFY\"><span style=\"color: #000000;\"><span style=\"font-family: Tahoma, sans-serif;\"><span style=\"font-size: small;\"><span lang=\"it-IT\">Costituzione dell&#8217;Ente di Governo del bacino territoriale ottimale ed omogeneo del trasporto pubblico locale ai sensi dell&#8217;art. 3 bis del D.L. 138\/2011. Approvazione dello schema di convenzione tra gli enti costituenti<\/span><\/span><\/span><\/span><span style=\"color: #000000;\"><span style=\"font-family: Tahoma, sans-serif;\"><span style=\"font-size: small;\"><span lang=\"it-IT\"><b>;<\/b><\/span><\/span><\/span><\/span><\/p>\n<\/li>\n<\/ol>\n<ol start=\"7\">\n<li>\n<p class=\"western\" lang=\"it-IT\" align=\"JUSTIFY\"><span style=\"color: #000000;\"><span style=\"font-family: Tahoma, sans-serif;\"><span style=\"font-size: small;\">Revoca in parte qua della delibera di Consiglio comunale n. 52\/2013. Affidamento in concessione della gestione degli impianti sportivi frazionali. Definizione dei contenuti minimi da adottare per l&#8217;individuazione dei concessionari;<\/span><\/span><\/span><\/p>\n<\/li>\n<\/ol>\n<ol start=\"8\">\n<li>\n<p class=\"western\" lang=\"it-IT\" align=\"JUSTIFY\"><span style=\"color: #000000;\"><span style=\"font-family: Tahoma, sans-serif;\"><span style=\"font-size: small;\">Interpellanza dei Consiglieri Sergio Marchese e Andrea Lanari (Movimento 5 Stelle) relativa alla Mozione \u201cObiettivo zero rifiuti\u201d &#8211; Risposta in merito agli impegni assunti;<\/span><\/span><\/span><\/p>\n<\/li>\n<\/ol>\n<ol start=\"9\">\n<li>\n<p class=\"western\" lang=\"it-IT\" align=\"JUSTIFY\"><span style=\"color: #000000;\"><span style=\"font-family: Tahoma, sans-serif;\"><span style=\"font-size: small;\">Interrogazione del Consigliere Emiliano Casagrande (Insieme per Belluno-Citt\u00e0 Futura) relativa alla procedura e alle tempistiche per la rimozione dell&#8217;opera intitolata San Martino di propriet\u00e0 dell&#8217;INA Assitalia;<\/span><\/span><\/span><\/p>\n<\/li>\n<\/ol>\n<ol start=\"10\">\n<li>\n<p class=\"western\" lang=\"it-IT\" align=\"JUSTIFY\"><span style=\"color: #000000;\"><span style=\"font-family: Tahoma, sans-serif;\"><span style=\"font-size: small;\">Interrogazione dei Consiglieri Andrea Lanari e Sergio Marchese (Movimento 5 Stelle) relativa all&#8217;organizzazione coordinata dei lavori di manutenzione delle Opere Pubbliche;<\/span><\/span><\/span><\/p>\n<\/li>\n<\/ol>\n<ol start=\"11\">\n<li>\n<p class=\"western\" lang=\"it-IT\" align=\"JUSTIFY\"><span style=\"color: #000000;\"><span style=\"font-family: Tahoma, sans-serif;\"><span style=\"font-size: small;\">Interrogazione del Consigliere Roberto De Moliner (Partito Democratico) relativa alla diminuzione delle iscrizioni alla 1^ classe della Scuola elementare Gregorio XVI di Bolzano Bellunese;<\/span><\/span><\/span><\/p>\n<\/li>\n<\/ol>\n<ol start=\"12\">\n<li>\n<p class=\"western\" lang=\"it-IT\" align=\"JUSTIFY\"><span style=\"color: #000000;\"><span style=\"font-family: Tahoma, sans-serif;\"><span style=\"font-size: small;\">Interrogazione dei Consiglieri Sergio Marchese e Andrea Lanari (Movimento 5 Stelle) relativa alla realizzazione di una pista ciclabile in zona Belluno est;<\/span><\/span><\/span><\/p>\n<\/li>\n<\/ol>\n<ol start=\"13\">\n<li>\n<p class=\"western\" lang=\"it-IT\" align=\"JUSTIFY\"><span style=\"color: #000000;\"><span style=\"font-family: Tahoma, sans-serif;\"><span style=\"font-size: small;\">Interrogazione dei Consiglieri Roberto De Moliner e Irma Visalli (Partito Democratico) relativa all&#8217;assegnazione alle associazioni delle strutture dell&#8217;area ex Caserma Piave, edificio 8 ambito funzionale B.<\/span><\/span><\/span><\/p>\n<\/li>\n<\/ol>\n<p class=\"western\" lang=\"it-IT\" align=\"JUSTIFY\">\n<p class=\"western\" lang=\"it-IT\" align=\"JUSTIFY\">\n<p>&nbsp;<\/p>","protected":false},"excerpt":{"rendered":"<p>&nbsp; Il Consiglio comunale di Belluno \u00e8 convocato, nella sede della Sala Consiliare di Palazzo rosso, alle ore 15.00 di mercoled\u00ec 7 maggio, per la trattazione del seguente ordine del giorno: Processo verbale del 17 marzo 2014 \u2013 Approvazione ai sensi dell&#8217;art. 56 del regolamento per il funzionamento del Consiglio Comunale; Ratifica ai sensi dell&#8217;art. [&hellip;]<\/p>\n","protected":false},"author":2,"featured_media":0,"comment_status":"closed","ping_status":"open","sticky":false,"template":"","format":"standard","meta":{"footnotes":""},"categories":[1],"tags":[],"class_list":["post-58285","post","type-post","status-publish","format-standard","category-leo"],"yoast_head":"<!-- This site is optimized with the Yoast SEO plugin v28.4 - https:\/\/yoast.com\/product\/yoast-seo-wordpress\/ -->\n<title>Belluno: convocazione del Consiglio comunale\u00a0Mercoled\u00ec 7 maggio. Ritorna in aula la questione dell&#039;elettrodotto Terna - Bellunopress - Dolomiti<\/title>\n<meta name=\"robots\" content=\"index, follow, max-snippet:-1, max-image-preview:large, max-video-preview:-1\" \/>\n<link rel=\"canonical\" href=\"https:\/\/www.bellunopress.it\/fr\/2014\/05\/02\/belluno-convocazione-del-consiglio-comunale-mercoledi-7-maggio-ritorna-in-aula-la-questione-dellelettrodotto-terna\/\" \/>\n<meta property=\"og:locale\" content=\"fr_FR\" \/>\n<meta property=\"og:type\" content=\"article\" \/>\n<meta property=\"og:title\" content=\"Belluno: convocazione del Consiglio comunale\u00a0Mercoled\u00ec 7 maggio. Ritorna in aula la questione dell&#039;elettrodotto Terna - Bellunopress - Dolomiti\" \/>\n<meta property=\"og:description\" content=\"&nbsp; Il Consiglio comunale di Belluno \u00e8 convocato, nella sede della Sala Consiliare di Palazzo rosso, alle ore 15.00 di mercoled\u00ec 7 maggio, per la trattazione del seguente ordine del giorno: Processo verbale del 17 marzo 2014 \u2013 Approvazione ai sensi dell&#8217;art. 56 del regolamento per il funzionamento del Consiglio Comunale; Ratifica ai sensi dell&#8217;art. [&hellip;]\" \/>\n<meta property=\"og:url\" content=\"https:\/\/www.bellunopress.it\/fr\/2014\/05\/02\/belluno-convocazione-del-consiglio-comunale-mercoledi-7-maggio-ritorna-in-aula-la-questione-dellelettrodotto-terna\/\" \/>\n<meta property=\"og:site_name\" content=\"Bellunopress - Dolomiti\" \/>\n<meta property=\"article:publisher\" content=\"https:\/\/www.facebook.com\/profile.php?id=100008943462799\" \/>\n<meta property=\"article:published_time\" content=\"2014-05-02T11:18:22+00:00\" \/>\n<meta property=\"og:image\" content=\"http:\/\/www.bellunopress.it\/wp-content\/uploads\/2009\/12\/palazzo-rosso-280x220.jpg\" \/>\n<meta name=\"author\" content=\"redazione\" \/>\n<meta name=\"twitter:card\" content=\"summary_large_image\" \/>\n<meta name=\"twitter:creator\" content=\"@bellunopress\" \/>\n<meta name=\"twitter:site\" content=\"@bellunopress\" \/>\n<meta name=\"twitter:label1\" content=\"\u00c9crit par\" \/>\n\t<meta name=\"twitter:data1\" content=\"redazione\" \/>\n\t<meta name=\"twitter:label2\" content=\"Dur\u00e9e de lecture estim\u00e9e\" \/>\n\t<meta name=\"twitter:data2\" content=\"2 minutes\" \/>\n<script type=\"application\/ld+json\" class=\"yoast-schema-graph\">{\"@context\":\"https:\\\/\\\/schema.org\",\"@graph\":[{\"@type\":\"Article\",\"@id\":\"https:\\\/\\\/www.bellunopress.it\\\/2014\\\/05\\\/02\\\/belluno-convocazione-del-consiglio-comunale-mercoledi-7-maggio-ritorna-in-aula-la-questione-dellelettrodotto-terna\\\/#article\",\"isPartOf\":{\"@id\":\"https:\\\/\\\/www.bellunopress.it\\\/2014\\\/05\\\/02\\\/belluno-convocazione-del-consiglio-comunale-mercoledi-7-maggio-ritorna-in-aula-la-questione-dellelettrodotto-terna\\\/\"},\"author\":{\"name\":\"redazione\",\"@id\":\"https:\\\/\\\/www.bellunopress.it\\\/#\\\/schema\\\/person\\\/79bb06722b37ece1c03d3e94beb30d73\"},\"headline\":\"Belluno: convocazione del Consiglio comunale\u00a0Mercoled\u00ec 7 maggio. Ritorna in aula la questione dell&#8217;elettrodotto Terna\",\"datePublished\":\"2014-05-02T11:18:22+00:00\",\"mainEntityOfPage\":{\"@id\":\"https:\\\/\\\/www.bellunopress.it\\\/2014\\\/05\\\/02\\\/belluno-convocazione-del-consiglio-comunale-mercoledi-7-maggio-ritorna-in-aula-la-questione-dellelettrodotto-terna\\\/\"},\"wordCount\":394,\"publisher\":{\"@id\":\"https:\\\/\\\/www.bellunopress.it\\\/#organization\"},\"image\":{\"@id\":\"https:\\\/\\\/www.bellunopress.it\\\/2014\\\/05\\\/02\\\/belluno-convocazione-del-consiglio-comunale-mercoledi-7-maggio-ritorna-in-aula-la-questione-dellelettrodotto-terna\\\/#primaryimage\"},\"thumbnailUrl\":\"http:\\\/\\\/www.bellunopress.it\\\/wp-content\\\/uploads\\\/2009\\\/12\\\/palazzo-rosso-280x220.jpg\",\"articleSection\":[\"Lettere Opinioni\"],\"inLanguage\":\"fr-FR\"},{\"@type\":\"WebPage\",\"@id\":\"https:\\\/\\\/www.bellunopress.it\\\/2014\\\/05\\\/02\\\/belluno-convocazione-del-consiglio-comunale-mercoledi-7-maggio-ritorna-in-aula-la-questione-dellelettrodotto-terna\\\/\",\"url\":\"https:\\\/\\\/www.bellunopress.it\\\/2014\\\/05\\\/02\\\/belluno-convocazione-del-consiglio-comunale-mercoledi-7-maggio-ritorna-in-aula-la-questione-dellelettrodotto-terna\\\/\",\"name\":\"Belluno: convocazione del Consiglio comunale\u00a0Mercoled\u00ec 7 maggio. Ritorna in aula la questione dell'elettrodotto Terna - Bellunopress - Dolomiti\",\"isPartOf\":{\"@id\":\"https:\\\/\\\/www.bellunopress.it\\\/#website\"},\"primaryImageOfPage\":{\"@id\":\"https:\\\/\\\/www.bellunopress.it\\\/2014\\\/05\\\/02\\\/belluno-convocazione-del-consiglio-comunale-mercoledi-7-maggio-ritorna-in-aula-la-questione-dellelettrodotto-terna\\\/#primaryimage\"},\"image\":{\"@id\":\"https:\\\/\\\/www.bellunopress.it\\\/2014\\\/05\\\/02\\\/belluno-convocazione-del-consiglio-comunale-mercoledi-7-maggio-ritorna-in-aula-la-questione-dellelettrodotto-terna\\\/#primaryimage\"},\"thumbnailUrl\":\"http:\\\/\\\/www.bellunopress.it\\\/wp-content\\\/uploads\\\/2009\\\/12\\\/palazzo-rosso-280x220.jpg\",\"datePublished\":\"2014-05-02T11:18:22+00:00\",\"breadcrumb\":{\"@id\":\"https:\\\/\\\/www.bellunopress.it\\\/2014\\\/05\\\/02\\\/belluno-convocazione-del-consiglio-comunale-mercoledi-7-maggio-ritorna-in-aula-la-questione-dellelettrodotto-terna\\\/#breadcrumb\"},\"inLanguage\":\"fr-FR\",\"potentialAction\":[{\"@type\":\"ReadAction\",\"target\":[\"https:\\\/\\\/www.bellunopress.it\\\/2014\\\/05\\\/02\\\/belluno-convocazione-del-consiglio-comunale-mercoledi-7-maggio-ritorna-in-aula-la-questione-dellelettrodotto-terna\\\/\"]}]},{\"@type\":\"ImageObject\",\"inLanguage\":\"fr-FR\",\"@id\":\"https:\\\/\\\/www.bellunopress.it\\\/2014\\\/05\\\/02\\\/belluno-convocazione-del-consiglio-comunale-mercoledi-7-maggio-ritorna-in-aula-la-questione-dellelettrodotto-terna\\\/#primaryimage\",\"url\":\"http:\\\/\\\/www.bellunopress.it\\\/wp-content\\\/uploads\\\/2009\\\/12\\\/palazzo-rosso-280x220.jpg\",\"contentUrl\":\"http:\\\/\\\/www.bellunopress.it\\\/wp-content\\\/uploads\\\/2009\\\/12\\\/palazzo-rosso-280x220.jpg\"},{\"@type\":\"BreadcrumbList\",\"@id\":\"https:\\\/\\\/www.bellunopress.it\\\/2014\\\/05\\\/02\\\/belluno-convocazione-del-consiglio-comunale-mercoledi-7-maggio-ritorna-in-aula-la-questione-dellelettrodotto-terna\\\/#breadcrumb\",\"itemListElement\":[{\"@type\":\"ListItem\",\"position\":1,\"name\":\"Home\",\"item\":\"https:\\\/\\\/www.bellunopress.it\\\/\"},{\"@type\":\"ListItem\",\"position\":2,\"name\":\"Belluno: convocazione del Consiglio comunale\u00a0Mercoled\u00ec 7 maggio. Ritorna in aula la questione dell&#8217;elettrodotto Terna\"}]},{\"@type\":\"WebSite\",\"@id\":\"https:\\\/\\\/www.bellunopress.it\\\/#website\",\"url\":\"https:\\\/\\\/www.bellunopress.it\\\/\",\"name\":\"Bellunopress - Dolomiti\",\"description\":\"e-mail: redazione@bellunopress.it\",\"publisher\":{\"@id\":\"https:\\\/\\\/www.bellunopress.it\\\/#organization\"},\"potentialAction\":[{\"@type\":\"SearchAction\",\"target\":{\"@type\":\"EntryPoint\",\"urlTemplate\":\"https:\\\/\\\/www.bellunopress.it\\\/?s={search_term_string}\"},\"query-input\":{\"@type\":\"PropertyValueSpecification\",\"valueRequired\":true,\"valueName\":\"search_term_string\"}}],\"inLanguage\":\"fr-FR\"},{\"@type\":\"Organization\",\"@id\":\"https:\\\/\\\/www.bellunopress.it\\\/#organization\",\"name\":\"Bellunopress\",\"url\":\"https:\\\/\\\/www.bellunopress.it\\\/\",\"logo\":{\"@type\":\"ImageObject\",\"inLanguage\":\"fr-FR\",\"@id\":\"https:\\\/\\\/www.bellunopress.it\\\/#\\\/schema\\\/logo\\\/image\\\/\",\"url\":\"https:\\\/\\\/www.bellunopress.it\\\/wp-content\\\/uploads\\\/2011\\\/05\\\/cropped-logo-bellunopress-.jpg\",\"contentUrl\":\"https:\\\/\\\/www.bellunopress.it\\\/wp-content\\\/uploads\\\/2011\\\/05\\\/cropped-logo-bellunopress-.jpg\",\"width\":512,\"height\":512,\"caption\":\"Bellunopress\"},\"image\":{\"@id\":\"https:\\\/\\\/www.bellunopress.it\\\/#\\\/schema\\\/logo\\\/image\\\/\"},\"sameAs\":[\"https:\\\/\\\/www.facebook.com\\\/profile.php?id=100008943462799\",\"https:\\\/\\\/x.com\\\/bellunopress\",\"https:\\\/\\\/www.linkedin.com\\\/hp\\\/?dnr=JBzUWaJfMUw8vbXJJ2tVW5-I3jZKvC4wsoxE&amp;amp;amp;amp;amp;amp;trk=nav_responsive_tab_home\",\"https:\\\/\\\/www.youtube.com\\\/channel\\\/UCxL0wu1uN0_3_7hGG0306cw\"]},{\"@type\":\"Person\",\"@id\":\"https:\\\/\\\/www.bellunopress.it\\\/#\\\/schema\\\/person\\\/79bb06722b37ece1c03d3e94beb30d73\",\"name\":\"redazione\",\"image\":{\"@type\":\"ImageObject\",\"inLanguage\":\"fr-FR\",\"@id\":\"https:\\\/\\\/secure.gravatar.com\\\/avatar\\\/37d968a2e67a6fd04c169c4bdef102d0bc5d31b2546345219e348575eb80e9a0?s=96&d=mm&r=g\",\"url\":\"https:\\\/\\\/secure.gravatar.com\\\/avatar\\\/37d968a2e67a6fd04c169c4bdef102d0bc5d31b2546345219e348575eb80e9a0?s=96&d=mm&r=g\",\"contentUrl\":\"https:\\\/\\\/secure.gravatar.com\\\/avatar\\\/37d968a2e67a6fd04c169c4bdef102d0bc5d31b2546345219e348575eb80e9a0?s=96&d=mm&r=g\",\"caption\":\"redazione\"},\"sameAs\":[\"http:\\\/\\\/www.bellunopress.it\",\"https:\\\/\\\/x.com\\\/bellunopress\"],\"url\":\"https:\\\/\\\/www.bellunopress.it\\\/fr\\\/author\\\/redazione\\\/\"}]}<\/script>\n<!-- \/ Yoast SEO plugin. -->","yoast_head_json":{"title":"Belluno: convocazione del Consiglio comunale\u00a0Mercoled\u00ec 7 maggio. Ritorna in aula la questione dell'elettrodotto Terna - Bellunopress - Dolomiti","robots":{"index":"index","follow":"follow","max-snippet":"max-snippet:-1","max-image-preview":"max-image-preview:large","max-video-preview":"max-video-preview:-1"},"canonical":"https:\/\/www.bellunopress.it\/fr\/2014\/05\/02\/belluno-convocazione-del-consiglio-comunale-mercoledi-7-maggio-ritorna-in-aula-la-questione-dellelettrodotto-terna\/","og_locale":"fr_FR","og_type":"article","og_title":"Belluno: convocazione del Consiglio comunale\u00a0Mercoled\u00ec 7 maggio. Ritorna in aula la questione dell'elettrodotto Terna - Bellunopress - Dolomiti","og_description":"&nbsp; Il Consiglio comunale di Belluno \u00e8 convocato, nella sede della Sala Consiliare di Palazzo rosso, alle ore 15.00 di mercoled\u00ec 7 maggio, per la trattazione del seguente ordine del giorno: Processo verbale del 17 marzo 2014 \u2013 Approvazione ai sensi dell&#8217;art. 56 del regolamento per il funzionamento del Consiglio Comunale; Ratifica ai sensi dell&#8217;art. [&hellip;]","og_url":"https:\/\/www.bellunopress.it\/fr\/2014\/05\/02\/belluno-convocazione-del-consiglio-comunale-mercoledi-7-maggio-ritorna-in-aula-la-questione-dellelettrodotto-terna\/","og_site_name":"Bellunopress - Dolomiti","article_publisher":"https:\/\/www.facebook.com\/profile.php?id=100008943462799","article_published_time":"2014-05-02T11:18:22+00:00","og_image":[{"url":"http:\/\/www.bellunopress.it\/wp-content\/uploads\/2009\/12\/palazzo-rosso-280x220.jpg","type":"","width":"","height":""}],"author":"redazione","twitter_card":"summary_large_image","twitter_creator":"@bellunopress","twitter_site":"@bellunopress","twitter_misc":{"\u00c9crit par":"redazione","Dur\u00e9e de lecture estim\u00e9e":"2 minutes"},"schema":{"@context":"https:\/\/schema.org","@graph":[{"@type":"Article","@id":"https:\/\/www.bellunopress.it\/2014\/05\/02\/belluno-convocazione-del-consiglio-comunale-mercoledi-7-maggio-ritorna-in-aula-la-questione-dellelettrodotto-terna\/#article","isPartOf":{"@id":"https:\/\/www.bellunopress.it\/2014\/05\/02\/belluno-convocazione-del-consiglio-comunale-mercoledi-7-maggio-ritorna-in-aula-la-questione-dellelettrodotto-terna\/"},"author":{"name":"redazione","@id":"https:\/\/www.bellunopress.it\/#\/schema\/person\/79bb06722b37ece1c03d3e94beb30d73"},"headline":"Belluno: convocazione del Consiglio comunale\u00a0Mercoled\u00ec 7 maggio. Ritorna in aula la questione dell&#8217;elettrodotto Terna","datePublished":"2014-05-02T11:18:22+00:00","mainEntityOfPage":{"@id":"https:\/\/www.bellunopress.it\/2014\/05\/02\/belluno-convocazione-del-consiglio-comunale-mercoledi-7-maggio-ritorna-in-aula-la-questione-dellelettrodotto-terna\/"},"wordCount":394,"publisher":{"@id":"https:\/\/www.bellunopress.it\/#organization"},"image":{"@id":"https:\/\/www.bellunopress.it\/2014\/05\/02\/belluno-convocazione-del-consiglio-comunale-mercoledi-7-maggio-ritorna-in-aula-la-questione-dellelettrodotto-terna\/#primaryimage"},"thumbnailUrl":"http:\/\/www.bellunopress.it\/wp-content\/uploads\/2009\/12\/palazzo-rosso-280x220.jpg","articleSection":["Lettere Opinioni"],"inLanguage":"fr-FR"},{"@type":"WebPage","@id":"https:\/\/www.bellunopress.it\/2014\/05\/02\/belluno-convocazione-del-consiglio-comunale-mercoledi-7-maggio-ritorna-in-aula-la-questione-dellelettrodotto-terna\/","url":"https:\/\/www.bellunopress.it\/2014\/05\/02\/belluno-convocazione-del-consiglio-comunale-mercoledi-7-maggio-ritorna-in-aula-la-questione-dellelettrodotto-terna\/","name":"Belluno: convocazione del Consiglio comunale\u00a0Mercoled\u00ec 7 maggio. Ritorna in aula la questione dell'elettrodotto Terna - Bellunopress - Dolomiti","isPartOf":{"@id":"https:\/\/www.bellunopress.it\/#website"},"primaryImageOfPage":{"@id":"https:\/\/www.bellunopress.it\/2014\/05\/02\/belluno-convocazione-del-consiglio-comunale-mercoledi-7-maggio-ritorna-in-aula-la-questione-dellelettrodotto-terna\/#primaryimage"},"image":{"@id":"https:\/\/www.bellunopress.it\/2014\/05\/02\/belluno-convocazione-del-consiglio-comunale-mercoledi-7-maggio-ritorna-in-aula-la-questione-dellelettrodotto-terna\/#primaryimage"},"thumbnailUrl":"http:\/\/www.bellunopress.it\/wp-content\/uploads\/2009\/12\/palazzo-rosso-280x220.jpg","datePublished":"2014-05-02T11:18:22+00:00","breadcrumb":{"@id":"https:\/\/www.bellunopress.it\/2014\/05\/02\/belluno-convocazione-del-consiglio-comunale-mercoledi-7-maggio-ritorna-in-aula-la-questione-dellelettrodotto-terna\/#breadcrumb"},"inLanguage":"fr-FR","potentialAction":[{"@type":"ReadAction","target":["https:\/\/www.bellunopress.it\/2014\/05\/02\/belluno-convocazione-del-consiglio-comunale-mercoledi-7-maggio-ritorna-in-aula-la-questione-dellelettrodotto-terna\/"]}]},{"@type":"ImageObject","inLanguage":"fr-FR","@id":"https:\/\/www.bellunopress.it\/2014\/05\/02\/belluno-convocazione-del-consiglio-comunale-mercoledi-7-maggio-ritorna-in-aula-la-questione-dellelettrodotto-terna\/#primaryimage","url":"http:\/\/www.bellunopress.it\/wp-content\/uploads\/2009\/12\/palazzo-rosso-280x220.jpg","contentUrl":"http:\/\/www.bellunopress.it\/wp-content\/uploads\/2009\/12\/palazzo-rosso-280x220.jpg"},{"@type":"BreadcrumbList","@id":"https:\/\/www.bellunopress.it\/2014\/05\/02\/belluno-convocazione-del-consiglio-comunale-mercoledi-7-maggio-ritorna-in-aula-la-questione-dellelettrodotto-terna\/#breadcrumb","itemListElement":[{"@type":"ListItem","position":1,"name":"Home","item":"https:\/\/www.bellunopress.it\/"},{"@type":"ListItem","position":2,"name":"Belluno: convocazione del Consiglio comunale\u00a0Mercoled\u00ec 7 maggio. Ritorna in aula la questione dell&#8217;elettrodotto Terna"}]},{"@type":"WebSite","@id":"https:\/\/www.bellunopress.it\/#website","url":"https:\/\/www.bellunopress.it\/","name":"Bellunopress - Dolomiti","description":"e-mail: redazione@bellunopress.it","publisher":{"@id":"https:\/\/www.bellunopress.it\/#organization"},"potentialAction":[{"@type":"SearchAction","target":{"@type":"EntryPoint","urlTemplate":"https:\/\/www.bellunopress.it\/?s={search_term_string}"},"query-input":{"@type":"PropertyValueSpecification","valueRequired":true,"valueName":"search_term_string"}}],"inLanguage":"fr-FR"},{"@type":"Organization","@id":"https:\/\/www.bellunopress.it\/#organization","name":"Bellunopress","url":"https:\/\/www.bellunopress.it\/","logo":{"@type":"ImageObject","inLanguage":"fr-FR","@id":"https:\/\/www.bellunopress.it\/#\/schema\/logo\/image\/","url":"https:\/\/www.bellunopress.it\/wp-content\/uploads\/2011\/05\/cropped-logo-bellunopress-.jpg","contentUrl":"https:\/\/www.bellunopress.it\/wp-content\/uploads\/2011\/05\/cropped-logo-bellunopress-.jpg","width":512,"height":512,"caption":"Bellunopress"},"image":{"@id":"https:\/\/www.bellunopress.it\/#\/schema\/logo\/image\/"},"sameAs":["https:\/\/www.facebook.com\/profile.php?id=100008943462799","https:\/\/x.com\/bellunopress","https:\/\/www.linkedin.com\/hp\/?dnr=JBzUWaJfMUw8vbXJJ2tVW5-I3jZKvC4wsoxE&amp;amp;amp;amp;amp;amp;trk=nav_responsive_tab_home","https:\/\/www.youtube.com\/channel\/UCxL0wu1uN0_3_7hGG0306cw"]},{"@type":"Person","@id":"https:\/\/www.bellunopress.it\/#\/schema\/person\/79bb06722b37ece1c03d3e94beb30d73","name":"r\u00e9daction","image":{"@type":"ImageObject","inLanguage":"fr-FR","@id":"https:\/\/secure.gravatar.com\/avatar\/37d968a2e67a6fd04c169c4bdef102d0bc5d31b2546345219e348575eb80e9a0?s=96&d=mm&r=g","url":"https:\/\/secure.gravatar.com\/avatar\/37d968a2e67a6fd04c169c4bdef102d0bc5d31b2546345219e348575eb80e9a0?s=96&d=mm&r=g","contentUrl":"https:\/\/secure.gravatar.com\/avatar\/37d968a2e67a6fd04c169c4bdef102d0bc5d31b2546345219e348575eb80e9a0?s=96&d=mm&r=g","caption":"redazione"},"sameAs":["http:\/\/www.bellunopress.it","https:\/\/x.com\/bellunopress"],"url":"https:\/\/www.bellunopress.it\/fr\/author\/redazione\/"}]}},"_links":{"self":[{"href":"https:\/\/www.bellunopress.it\/fr\/wp-json\/wp\/v2\/posts\/58285","targetHints":{"allow":["GET"]}}],"collection":[{"href":"https:\/\/www.bellunopress.it\/fr\/wp-json\/wp\/v2\/posts"}],"about":[{"href":"https:\/\/www.bellunopress.it\/fr\/wp-json\/wp\/v2\/types\/post"}],"author":[{"embeddable":true,"href":"https:\/\/www.bellunopress.it\/fr\/wp-json\/wp\/v2\/users\/2"}],"replies":[{"embeddable":true,"href":"https:\/\/www.bellunopress.it\/fr\/wp-json\/wp\/v2\/comments?post=58285"}],"version-history":[{"count":1,"href":"https:\/\/www.bellunopress.it\/fr\/wp-json\/wp\/v2\/posts\/58285\/revisions"}],"predecessor-version":[{"id":58286,"href":"https:\/\/www.bellunopress.it\/fr\/wp-json\/wp\/v2\/posts\/58285\/revisions\/58286"}],"wp:attachment":[{"href":"https:\/\/www.bellunopress.it\/fr\/wp-json\/wp\/v2\/media?parent=58285"}],"wp:term":[{"taxonomy":"category","embeddable":true,"href":"https:\/\/www.bellunopress.it\/fr\/wp-json\/wp\/v2\/categories?post=58285"},{"taxonomy":"post_tag","embeddable":true,"href":"https:\/\/www.bellunopress.it\/fr\/wp-json\/wp\/v2\/tags?post=58285"}],"curies":[{"name":"wp","href":"https:\/\/api.w.org\/{rel}","templated":true}]}}