{"id":5826,"date":"2009-07-10T16:10:33","date_gmt":"2009-07-10T15:10:33","guid":{"rendered":"http:\/\/www.bellunopress.it\/?p=5826"},"modified":"2009-07-10T16:10:33","modified_gmt":"2009-07-10T15:10:33","slug":"effetto-unesco-domenica-e-lunedi-le-dolomiti-bellunesi-saranno-filmate-dalla-tv-bavarese","status":"publish","type":"post","link":"https:\/\/www.bellunopress.it\/fr\/2009\/07\/10\/effetto-unesco-domenica-e-lunedi-le-dolomiti-bellunesi-saranno-filmate-dalla-tv-bavarese\/","title":{"rendered":"Effetto Unesco: domenica e luned\u00ec le Dolomiti bellunesi saranno filmate dalla tv bavarese"},"content":{"rendered":"<p>Alleghe (BL), 10 luglio 2009 &#8211; Nelle giornate di domenica 12 e luned\u00ec 13 luglio il territorio delle aree di Dolomiti Stars sar\u00e0 oggetto delle riprese video da parte della TV tedesca. L\u2019iniziativa rientra all\u2019interno di un progetto pi\u00f9 ampio realizzato con la collaborazione del Consorzio Dolomiti di Belluno e la coordinazione della Regione Veneto.\u00a0 La TV bavarese Bayerischer Rundfunk ha infatti in programma la registrazione di 5 puntate tutte venete della trasmissione televisiva \u201cSchlemmereise\u201d che verranno inserite nel palinsesto TV della stagione invernale 2010 e andranno in onda il venerd\u00ec sera alle ore 19.45. Questa trasmissione, che gode di grande successo nell\u2019area di lingua tedesca, verr\u00e0\u00a0 trasmessa anche dall\u2019emittente TV austriaca ORF2\u00a0 e dagli svizzeri di Schweizer Fernsehen.<br \/>\n<strong>Le prime 2 puntate<\/strong> saranno dedicate a Venezia e la laguna, la terza sar\u00e0 interamente dedicata alle Dolomiti <a href=\"http:\/\/www.bellunopress.it\/wp-content\/uploads\/2009\/07\/coldai-lago-leggera1.jpg\"><img loading=\"lazy\" decoding=\"async\" class=\"alignright size-medium wp-image-5828\" title=\"coldai-lago-leggera1\" src=\"http:\/\/www.bellunopress.it\/wp-content\/uploads\/2009\/07\/coldai-lago-leggera1.jpg\" alt=\"\" width=\"180\" height=\"269\" \/><\/a><a href=\"http:\/\/www.bellunopress.it\/wp-content\/uploads\/2009\/07\/alleghe-leggera.jpg\"><img loading=\"lazy\" decoding=\"async\" class=\"alignleft size-medium wp-image-5829\" title=\"alleghe-leggera\" src=\"http:\/\/www.bellunopress.it\/wp-content\/uploads\/2009\/07\/alleghe-leggera.jpg\" alt=\"\" width=\"270\" height=\"181\" \/><\/a>bellunesi, la quarta al Lago di Garda e la quinta, gran finale, con una panoramica a 360\u00b0 sulla Regione Veneto. Nelle specifico ogni puntata della durata di circa 30 minuti presenter\u00e0 numerosi aspetti legati al territorio. Dalle bellezze naturali, all\u2019enogastronomia passando attraverso gli aspetti pi\u00f9 affascinanti di storia, arte e cultura. Il riconoscimento delle Dolomiti da parte dell\u2019Unesco come bene naturale Patrimonio Universale dell\u2019Umanit\u00e0 non ha tardato ad attirare l\u2019attenzione dei media internazionali.<br \/>\nIl programma prevede domenica le telecamere bavaresi puntate su Alleghe, principalmente rivolte sul lago considerando che uno dei principali argomenti trattati dalla puntata dedicata al Dolomiti Stars sono i laghi delle valli alpine.\u00a0 Nella giornata di luned\u00ec invece le riprese si sposteranno prima nell\u2019area di Falcade e della Val Biois e poi, passando attraverso Selva di Cadore, raggiungeranno la Valle di Zoldo.<\/p>","protected":false},"excerpt":{"rendered":"<p>Alleghe (BL), 10 luglio 2009 &#8211; Nelle giornate di domenica 12 e luned\u00ec 13 luglio il territorio delle aree di Dolomiti Stars sar\u00e0 oggetto delle riprese video da parte della TV tedesca. L\u2019iniziativa rientra all\u2019interno di un progetto pi\u00f9 ampio realizzato con la collaborazione del Consorzio Dolomiti di Belluno e la coordinazione della Regione Veneto.\u00a0 [&hellip;]<\/p>\n","protected":false},"author":2,"featured_media":0,"comment_status":"closed","ping_status":"open","sticky":false,"template":"","format":"standard","meta":{"footnotes":""},"categories":[38,26,8],"tags":[139,151,63,2262],"class_list":["post-5826","post","type-post","status-publish","format-standard","category-natura-ambiente","category-prima-pagina","category-societa-istituzioni","tag-belluno","tag-cadore","tag-dolomiti","tag-zoldo"],"yoast_head":"<!-- This site is optimized with the Yoast SEO plugin v28.4 - https:\/\/yoast.com\/product\/yoast-seo-wordpress\/ -->\n<title>Effetto Unesco: domenica e luned\u00ec le Dolomiti bellunesi saranno filmate dalla tv bavarese  - Bellunopress - Dolomiti<\/title>\n<meta name=\"robots\" content=\"index, follow, max-snippet:-1, max-image-preview:large, max-video-preview:-1\" \/>\n<link rel=\"canonical\" href=\"https:\/\/www.bellunopress.it\/fr\/2009\/07\/10\/effetto-unesco-domenica-e-lunedi-le-dolomiti-bellunesi-saranno-filmate-dalla-tv-bavarese\/\" \/>\n<meta property=\"og:locale\" content=\"fr_FR\" \/>\n<meta property=\"og:type\" content=\"article\" \/>\n<meta property=\"og:title\" content=\"Effetto Unesco: domenica e luned\u00ec le Dolomiti bellunesi saranno filmate dalla tv bavarese  - Bellunopress - Dolomiti\" \/>\n<meta property=\"og:description\" content=\"Alleghe (BL), 10 luglio 2009 &#8211; Nelle giornate di domenica 12 e luned\u00ec 13 luglio il territorio delle aree di Dolomiti Stars sar\u00e0 oggetto delle riprese video da parte della TV tedesca. L\u2019iniziativa rientra all\u2019interno di un progetto pi\u00f9 ampio realizzato con la collaborazione del Consorzio Dolomiti di Belluno e la coordinazione della Regione Veneto.\u00a0 [&hellip;]\" \/>\n<meta property=\"og:url\" content=\"https:\/\/www.bellunopress.it\/fr\/2009\/07\/10\/effetto-unesco-domenica-e-lunedi-le-dolomiti-bellunesi-saranno-filmate-dalla-tv-bavarese\/\" \/>\n<meta property=\"og:site_name\" content=\"Bellunopress - Dolomiti\" \/>\n<meta property=\"article:publisher\" content=\"https:\/\/www.facebook.com\/profile.php?id=100008943462799\" \/>\n<meta property=\"article:published_time\" content=\"2009-07-10T15:10:33+00:00\" \/>\n<meta property=\"og:image\" content=\"http:\/\/www.bellunopress.it\/wp-content\/uploads\/2009\/07\/coldai-lago-leggera1.jpg\" \/>\n<meta name=\"author\" content=\"redazione\" \/>\n<meta name=\"twitter:card\" content=\"summary_large_image\" \/>\n<meta name=\"twitter:creator\" content=\"@bellunopress\" \/>\n<meta name=\"twitter:site\" content=\"@bellunopress\" \/>\n<meta name=\"twitter:label1\" content=\"\u00c9crit par\" \/>\n\t<meta name=\"twitter:data1\" content=\"redazione\" \/>\n\t<meta name=\"twitter:label2\" content=\"Dur\u00e9e de lecture estim\u00e9e\" \/>\n\t<meta name=\"twitter:data2\" content=\"1 minute\" \/>\n<script type=\"application\/ld+json\" class=\"yoast-schema-graph\">{\"@context\":\"https:\\\/\\\/schema.org\",\"@graph\":[{\"@type\":\"Article\",\"@id\":\"https:\\\/\\\/www.bellunopress.it\\\/2009\\\/07\\\/10\\\/effetto-unesco-domenica-e-lunedi-le-dolomiti-bellunesi-saranno-filmate-dalla-tv-bavarese\\\/#article\",\"isPartOf\":{\"@id\":\"https:\\\/\\\/www.bellunopress.it\\\/2009\\\/07\\\/10\\\/effetto-unesco-domenica-e-lunedi-le-dolomiti-bellunesi-saranno-filmate-dalla-tv-bavarese\\\/\"},\"author\":{\"name\":\"redazione\",\"@id\":\"https:\\\/\\\/www.bellunopress.it\\\/#\\\/schema\\\/person\\\/79bb06722b37ece1c03d3e94beb30d73\"},\"headline\":\"Effetto Unesco: domenica e luned\u00ec le Dolomiti bellunesi saranno filmate dalla tv bavarese\",\"datePublished\":\"2009-07-10T15:10:33+00:00\",\"mainEntityOfPage\":{\"@id\":\"https:\\\/\\\/www.bellunopress.it\\\/2009\\\/07\\\/10\\\/effetto-unesco-domenica-e-lunedi-le-dolomiti-bellunesi-saranno-filmate-dalla-tv-bavarese\\\/\"},\"wordCount\":284,\"publisher\":{\"@id\":\"https:\\\/\\\/www.bellunopress.it\\\/#organization\"},\"image\":{\"@id\":\"https:\\\/\\\/www.bellunopress.it\\\/2009\\\/07\\\/10\\\/effetto-unesco-domenica-e-lunedi-le-dolomiti-bellunesi-saranno-filmate-dalla-tv-bavarese\\\/#primaryimage\"},\"thumbnailUrl\":\"http:\\\/\\\/www.bellunopress.it\\\/wp-content\\\/uploads\\\/2009\\\/07\\\/coldai-lago-leggera1.jpg\",\"keywords\":[\"Belluno\",\"Cadore\",\"Dolomiti\",\"zoldo\"],\"articleSection\":[\"Meteo, natura, ambiente, animali\",\"Prima Pagina\",\"Societ\u00e0, Associazioni, Istituzioni\"],\"inLanguage\":\"fr-FR\"},{\"@type\":\"WebPage\",\"@id\":\"https:\\\/\\\/www.bellunopress.it\\\/2009\\\/07\\\/10\\\/effetto-unesco-domenica-e-lunedi-le-dolomiti-bellunesi-saranno-filmate-dalla-tv-bavarese\\\/\",\"url\":\"https:\\\/\\\/www.bellunopress.it\\\/2009\\\/07\\\/10\\\/effetto-unesco-domenica-e-lunedi-le-dolomiti-bellunesi-saranno-filmate-dalla-tv-bavarese\\\/\",\"name\":\"Effetto Unesco: domenica e luned\u00ec le Dolomiti bellunesi saranno filmate dalla tv bavarese - Bellunopress - Dolomiti\",\"isPartOf\":{\"@id\":\"https:\\\/\\\/www.bellunopress.it\\\/#website\"},\"primaryImageOfPage\":{\"@id\":\"https:\\\/\\\/www.bellunopress.it\\\/2009\\\/07\\\/10\\\/effetto-unesco-domenica-e-lunedi-le-dolomiti-bellunesi-saranno-filmate-dalla-tv-bavarese\\\/#primaryimage\"},\"image\":{\"@id\":\"https:\\\/\\\/www.bellunopress.it\\\/2009\\\/07\\\/10\\\/effetto-unesco-domenica-e-lunedi-le-dolomiti-bellunesi-saranno-filmate-dalla-tv-bavarese\\\/#primaryimage\"},\"thumbnailUrl\":\"http:\\\/\\\/www.bellunopress.it\\\/wp-content\\\/uploads\\\/2009\\\/07\\\/coldai-lago-leggera1.jpg\",\"datePublished\":\"2009-07-10T15:10:33+00:00\",\"breadcrumb\":{\"@id\":\"https:\\\/\\\/www.bellunopress.it\\\/2009\\\/07\\\/10\\\/effetto-unesco-domenica-e-lunedi-le-dolomiti-bellunesi-saranno-filmate-dalla-tv-bavarese\\\/#breadcrumb\"},\"inLanguage\":\"fr-FR\",\"potentialAction\":[{\"@type\":\"ReadAction\",\"target\":[\"https:\\\/\\\/www.bellunopress.it\\\/2009\\\/07\\\/10\\\/effetto-unesco-domenica-e-lunedi-le-dolomiti-bellunesi-saranno-filmate-dalla-tv-bavarese\\\/\"]}]},{\"@type\":\"ImageObject\",\"inLanguage\":\"fr-FR\",\"@id\":\"https:\\\/\\\/www.bellunopress.it\\\/2009\\\/07\\\/10\\\/effetto-unesco-domenica-e-lunedi-le-dolomiti-bellunesi-saranno-filmate-dalla-tv-bavarese\\\/#primaryimage\",\"url\":\"http:\\\/\\\/www.bellunopress.it\\\/wp-content\\\/uploads\\\/2009\\\/07\\\/coldai-lago-leggera1.jpg\",\"contentUrl\":\"http:\\\/\\\/www.bellunopress.it\\\/wp-content\\\/uploads\\\/2009\\\/07\\\/coldai-lago-leggera1.jpg\"},{\"@type\":\"BreadcrumbList\",\"@id\":\"https:\\\/\\\/www.bellunopress.it\\\/2009\\\/07\\\/10\\\/effetto-unesco-domenica-e-lunedi-le-dolomiti-bellunesi-saranno-filmate-dalla-tv-bavarese\\\/#breadcrumb\",\"itemListElement\":[{\"@type\":\"ListItem\",\"position\":1,\"name\":\"Home\",\"item\":\"https:\\\/\\\/www.bellunopress.it\\\/\"},{\"@type\":\"ListItem\",\"position\":2,\"name\":\"Effetto Unesco: domenica e luned\u00ec le Dolomiti bellunesi saranno filmate dalla tv bavarese\"}]},{\"@type\":\"WebSite\",\"@id\":\"https:\\\/\\\/www.bellunopress.it\\\/#website\",\"url\":\"https:\\\/\\\/www.bellunopress.it\\\/\",\"name\":\"Bellunopress - Dolomiti\",\"description\":\"e-mail: redazione@bellunopress.it\",\"publisher\":{\"@id\":\"https:\\\/\\\/www.bellunopress.it\\\/#organization\"},\"potentialAction\":[{\"@type\":\"SearchAction\",\"target\":{\"@type\":\"EntryPoint\",\"urlTemplate\":\"https:\\\/\\\/www.bellunopress.it\\\/?s={search_term_string}\"},\"query-input\":{\"@type\":\"PropertyValueSpecification\",\"valueRequired\":true,\"valueName\":\"search_term_string\"}}],\"inLanguage\":\"fr-FR\"},{\"@type\":\"Organization\",\"@id\":\"https:\\\/\\\/www.bellunopress.it\\\/#organization\",\"name\":\"Bellunopress\",\"url\":\"https:\\\/\\\/www.bellunopress.it\\\/\",\"logo\":{\"@type\":\"ImageObject\",\"inLanguage\":\"fr-FR\",\"@id\":\"https:\\\/\\\/www.bellunopress.it\\\/#\\\/schema\\\/logo\\\/image\\\/\",\"url\":\"https:\\\/\\\/www.bellunopress.it\\\/wp-content\\\/uploads\\\/2011\\\/05\\\/cropped-logo-bellunopress-.jpg\",\"contentUrl\":\"https:\\\/\\\/www.bellunopress.it\\\/wp-content\\\/uploads\\\/2011\\\/05\\\/cropped-logo-bellunopress-.jpg\",\"width\":512,\"height\":512,\"caption\":\"Bellunopress\"},\"image\":{\"@id\":\"https:\\\/\\\/www.bellunopress.it\\\/#\\\/schema\\\/logo\\\/image\\\/\"},\"sameAs\":[\"https:\\\/\\\/www.facebook.com\\\/profile.php?id=100008943462799\",\"https:\\\/\\\/x.com\\\/bellunopress\",\"https:\\\/\\\/www.linkedin.com\\\/hp\\\/?dnr=JBzUWaJfMUw8vbXJJ2tVW5-I3jZKvC4wsoxE&amp;amp;amp;amp;amp;amp;trk=nav_responsive_tab_home\",\"https:\\\/\\\/www.youtube.com\\\/channel\\\/UCxL0wu1uN0_3_7hGG0306cw\"]},{\"@type\":\"Person\",\"@id\":\"https:\\\/\\\/www.bellunopress.it\\\/#\\\/schema\\\/person\\\/79bb06722b37ece1c03d3e94beb30d73\",\"name\":\"redazione\",\"image\":{\"@type\":\"ImageObject\",\"inLanguage\":\"fr-FR\",\"@id\":\"https:\\\/\\\/secure.gravatar.com\\\/avatar\\\/37d968a2e67a6fd04c169c4bdef102d0bc5d31b2546345219e348575eb80e9a0?s=96&d=mm&r=g\",\"url\":\"https:\\\/\\\/secure.gravatar.com\\\/avatar\\\/37d968a2e67a6fd04c169c4bdef102d0bc5d31b2546345219e348575eb80e9a0?s=96&d=mm&r=g\",\"contentUrl\":\"https:\\\/\\\/secure.gravatar.com\\\/avatar\\\/37d968a2e67a6fd04c169c4bdef102d0bc5d31b2546345219e348575eb80e9a0?s=96&d=mm&r=g\",\"caption\":\"redazione\"},\"sameAs\":[\"http:\\\/\\\/www.bellunopress.it\",\"https:\\\/\\\/x.com\\\/bellunopress\"],\"url\":\"https:\\\/\\\/www.bellunopress.it\\\/fr\\\/author\\\/redazione\\\/\"}]}<\/script>\n<!-- \/ Yoast SEO plugin. -->","yoast_head_json":{"title":"Effetto Unesco: domenica e luned\u00ec le Dolomiti bellunesi saranno filmate dalla tv bavarese  - Bellunopress - Dolomiti","robots":{"index":"index","follow":"follow","max-snippet":"max-snippet:-1","max-image-preview":"max-image-preview:large","max-video-preview":"max-video-preview:-1"},"canonical":"https:\/\/www.bellunopress.it\/fr\/2009\/07\/10\/effetto-unesco-domenica-e-lunedi-le-dolomiti-bellunesi-saranno-filmate-dalla-tv-bavarese\/","og_locale":"fr_FR","og_type":"article","og_title":"Effetto Unesco: domenica e luned\u00ec le Dolomiti bellunesi saranno filmate dalla tv bavarese  - Bellunopress - Dolomiti","og_description":"Alleghe (BL), 10 luglio 2009 &#8211; Nelle giornate di domenica 12 e luned\u00ec 13 luglio il territorio delle aree di Dolomiti Stars sar\u00e0 oggetto delle riprese video da parte della TV tedesca. L\u2019iniziativa rientra all\u2019interno di un progetto pi\u00f9 ampio realizzato con la collaborazione del Consorzio Dolomiti di Belluno e la coordinazione della Regione Veneto.\u00a0 [&hellip;]","og_url":"https:\/\/www.bellunopress.it\/fr\/2009\/07\/10\/effetto-unesco-domenica-e-lunedi-le-dolomiti-bellunesi-saranno-filmate-dalla-tv-bavarese\/","og_site_name":"Bellunopress - Dolomiti","article_publisher":"https:\/\/www.facebook.com\/profile.php?id=100008943462799","article_published_time":"2009-07-10T15:10:33+00:00","og_image":[{"url":"http:\/\/www.bellunopress.it\/wp-content\/uploads\/2009\/07\/coldai-lago-leggera1.jpg","type":"","width":"","height":""}],"author":"redazione","twitter_card":"summary_large_image","twitter_creator":"@bellunopress","twitter_site":"@bellunopress","twitter_misc":{"\u00c9crit par":"redazione","Dur\u00e9e de lecture estim\u00e9e":"1 minute"},"schema":{"@context":"https:\/\/schema.org","@graph":[{"@type":"Article","@id":"https:\/\/www.bellunopress.it\/2009\/07\/10\/effetto-unesco-domenica-e-lunedi-le-dolomiti-bellunesi-saranno-filmate-dalla-tv-bavarese\/#article","isPartOf":{"@id":"https:\/\/www.bellunopress.it\/2009\/07\/10\/effetto-unesco-domenica-e-lunedi-le-dolomiti-bellunesi-saranno-filmate-dalla-tv-bavarese\/"},"author":{"name":"redazione","@id":"https:\/\/www.bellunopress.it\/#\/schema\/person\/79bb06722b37ece1c03d3e94beb30d73"},"headline":"Effetto Unesco: domenica e luned\u00ec le Dolomiti bellunesi saranno filmate dalla tv bavarese","datePublished":"2009-07-10T15:10:33+00:00","mainEntityOfPage":{"@id":"https:\/\/www.bellunopress.it\/2009\/07\/10\/effetto-unesco-domenica-e-lunedi-le-dolomiti-bellunesi-saranno-filmate-dalla-tv-bavarese\/"},"wordCount":284,"publisher":{"@id":"https:\/\/www.bellunopress.it\/#organization"},"image":{"@id":"https:\/\/www.bellunopress.it\/2009\/07\/10\/effetto-unesco-domenica-e-lunedi-le-dolomiti-bellunesi-saranno-filmate-dalla-tv-bavarese\/#primaryimage"},"thumbnailUrl":"http:\/\/www.bellunopress.it\/wp-content\/uploads\/2009\/07\/coldai-lago-leggera1.jpg","keywords":["Belluno","Cadore","Dolomiti","zoldo"],"articleSection":["Meteo, natura, ambiente, animali","Prima Pagina","Societ\u00e0, Associazioni, Istituzioni"],"inLanguage":"fr-FR"},{"@type":"WebPage","@id":"https:\/\/www.bellunopress.it\/2009\/07\/10\/effetto-unesco-domenica-e-lunedi-le-dolomiti-bellunesi-saranno-filmate-dalla-tv-bavarese\/","url":"https:\/\/www.bellunopress.it\/2009\/07\/10\/effetto-unesco-domenica-e-lunedi-le-dolomiti-bellunesi-saranno-filmate-dalla-tv-bavarese\/","name":"Effetto Unesco: domenica e luned\u00ec le Dolomiti bellunesi saranno filmate dalla tv bavarese - Bellunopress - Dolomiti","isPartOf":{"@id":"https:\/\/www.bellunopress.it\/#website"},"primaryImageOfPage":{"@id":"https:\/\/www.bellunopress.it\/2009\/07\/10\/effetto-unesco-domenica-e-lunedi-le-dolomiti-bellunesi-saranno-filmate-dalla-tv-bavarese\/#primaryimage"},"image":{"@id":"https:\/\/www.bellunopress.it\/2009\/07\/10\/effetto-unesco-domenica-e-lunedi-le-dolomiti-bellunesi-saranno-filmate-dalla-tv-bavarese\/#primaryimage"},"thumbnailUrl":"http:\/\/www.bellunopress.it\/wp-content\/uploads\/2009\/07\/coldai-lago-leggera1.jpg","datePublished":"2009-07-10T15:10:33+00:00","breadcrumb":{"@id":"https:\/\/www.bellunopress.it\/2009\/07\/10\/effetto-unesco-domenica-e-lunedi-le-dolomiti-bellunesi-saranno-filmate-dalla-tv-bavarese\/#breadcrumb"},"inLanguage":"fr-FR","potentialAction":[{"@type":"ReadAction","target":["https:\/\/www.bellunopress.it\/2009\/07\/10\/effetto-unesco-domenica-e-lunedi-le-dolomiti-bellunesi-saranno-filmate-dalla-tv-bavarese\/"]}]},{"@type":"ImageObject","inLanguage":"fr-FR","@id":"https:\/\/www.bellunopress.it\/2009\/07\/10\/effetto-unesco-domenica-e-lunedi-le-dolomiti-bellunesi-saranno-filmate-dalla-tv-bavarese\/#primaryimage","url":"http:\/\/www.bellunopress.it\/wp-content\/uploads\/2009\/07\/coldai-lago-leggera1.jpg","contentUrl":"http:\/\/www.bellunopress.it\/wp-content\/uploads\/2009\/07\/coldai-lago-leggera1.jpg"},{"@type":"BreadcrumbList","@id":"https:\/\/www.bellunopress.it\/2009\/07\/10\/effetto-unesco-domenica-e-lunedi-le-dolomiti-bellunesi-saranno-filmate-dalla-tv-bavarese\/#breadcrumb","itemListElement":[{"@type":"ListItem","position":1,"name":"Home","item":"https:\/\/www.bellunopress.it\/"},{"@type":"ListItem","position":2,"name":"Effetto Unesco: domenica e luned\u00ec le Dolomiti bellunesi saranno filmate dalla tv bavarese"}]},{"@type":"WebSite","@id":"https:\/\/www.bellunopress.it\/#website","url":"https:\/\/www.bellunopress.it\/","name":"Bellunopress - Dolomiti","description":"e-mail: redazione@bellunopress.it","publisher":{"@id":"https:\/\/www.bellunopress.it\/#organization"},"potentialAction":[{"@type":"SearchAction","target":{"@type":"EntryPoint","urlTemplate":"https:\/\/www.bellunopress.it\/?s={search_term_string}"},"query-input":{"@type":"PropertyValueSpecification","valueRequired":true,"valueName":"search_term_string"}}],"inLanguage":"fr-FR"},{"@type":"Organization","@id":"https:\/\/www.bellunopress.it\/#organization","name":"Bellunopress","url":"https:\/\/www.bellunopress.it\/","logo":{"@type":"ImageObject","inLanguage":"fr-FR","@id":"https:\/\/www.bellunopress.it\/#\/schema\/logo\/image\/","url":"https:\/\/www.bellunopress.it\/wp-content\/uploads\/2011\/05\/cropped-logo-bellunopress-.jpg","contentUrl":"https:\/\/www.bellunopress.it\/wp-content\/uploads\/2011\/05\/cropped-logo-bellunopress-.jpg","width":512,"height":512,"caption":"Bellunopress"},"image":{"@id":"https:\/\/www.bellunopress.it\/#\/schema\/logo\/image\/"},"sameAs":["https:\/\/www.facebook.com\/profile.php?id=100008943462799","https:\/\/x.com\/bellunopress","https:\/\/www.linkedin.com\/hp\/?dnr=JBzUWaJfMUw8vbXJJ2tVW5-I3jZKvC4wsoxE&amp;amp;amp;amp;amp;amp;trk=nav_responsive_tab_home","https:\/\/www.youtube.com\/channel\/UCxL0wu1uN0_3_7hGG0306cw"]},{"@type":"Person","@id":"https:\/\/www.bellunopress.it\/#\/schema\/person\/79bb06722b37ece1c03d3e94beb30d73","name":"r\u00e9daction","image":{"@type":"ImageObject","inLanguage":"fr-FR","@id":"https:\/\/secure.gravatar.com\/avatar\/37d968a2e67a6fd04c169c4bdef102d0bc5d31b2546345219e348575eb80e9a0?s=96&d=mm&r=g","url":"https:\/\/secure.gravatar.com\/avatar\/37d968a2e67a6fd04c169c4bdef102d0bc5d31b2546345219e348575eb80e9a0?s=96&d=mm&r=g","contentUrl":"https:\/\/secure.gravatar.com\/avatar\/37d968a2e67a6fd04c169c4bdef102d0bc5d31b2546345219e348575eb80e9a0?s=96&d=mm&r=g","caption":"redazione"},"sameAs":["http:\/\/www.bellunopress.it","https:\/\/x.com\/bellunopress"],"url":"https:\/\/www.bellunopress.it\/fr\/author\/redazione\/"}]}},"_links":{"self":[{"href":"https:\/\/www.bellunopress.it\/fr\/wp-json\/wp\/v2\/posts\/5826","targetHints":{"allow":["GET"]}}],"collection":[{"href":"https:\/\/www.bellunopress.it\/fr\/wp-json\/wp\/v2\/posts"}],"about":[{"href":"https:\/\/www.bellunopress.it\/fr\/wp-json\/wp\/v2\/types\/post"}],"author":[{"embeddable":true,"href":"https:\/\/www.bellunopress.it\/fr\/wp-json\/wp\/v2\/users\/2"}],"replies":[{"embeddable":true,"href":"https:\/\/www.bellunopress.it\/fr\/wp-json\/wp\/v2\/comments?post=5826"}],"version-history":[{"count":1,"href":"https:\/\/www.bellunopress.it\/fr\/wp-json\/wp\/v2\/posts\/5826\/revisions"}],"predecessor-version":[{"id":5831,"href":"https:\/\/www.bellunopress.it\/fr\/wp-json\/wp\/v2\/posts\/5826\/revisions\/5831"}],"wp:attachment":[{"href":"https:\/\/www.bellunopress.it\/fr\/wp-json\/wp\/v2\/media?parent=5826"}],"wp:term":[{"taxonomy":"category","embeddable":true,"href":"https:\/\/www.bellunopress.it\/fr\/wp-json\/wp\/v2\/categories?post=5826"},{"taxonomy":"post_tag","embeddable":true,"href":"https:\/\/www.bellunopress.it\/fr\/wp-json\/wp\/v2\/tags?post=5826"}],"curies":[{"name":"wp","href":"https:\/\/api.w.org\/{rel}","templated":true}]}}