{"id":5816,"date":"2009-07-10T07:16:27","date_gmt":"2009-07-10T06:16:27","guid":{"rendered":"http:\/\/www.bellunopress.it\/?p=5816"},"modified":"2009-07-10T07:16:27","modified_gmt":"2009-07-10T06:16:27","slug":"inaugurazione-dell%e2%80%99area-%e2%80%9cmorer%e2%80%9d-in-via-luciani-a-pedavena-venerdi-17-luglio-ore-1630","status":"publish","type":"post","link":"https:\/\/www.bellunopress.it\/fr\/2009\/07\/10\/inaugurazione-dell%e2%80%99area-%e2%80%9cmorer%e2%80%9d-in-via-luciani-a-pedavena-venerdi-17-luglio-ore-1630\/","title":{"rendered":"Inaugurazione dell\u2019Area \u201cMorer\u201d in Via Luciani a Pedavena venerd\u00ec 17 luglio ore 16.30"},"content":{"rendered":"<p>L\u2019Amministrazione comunale di Pedavena inaugurer\u00e0 venerd\u00ec 17 luglio alle ore 16.30 una nuova area verde, recentemente realizzata in Via Luciani, nelle immediate vicinanze del centro cittadino e del parco della Birreria Pedavena. La zona residenziale, denominata area \u201cmorer\u201d \u00e8 stata oggetto negli ultimi anni di un forte incremento edilizio: per questo si \u00e8 ritenuto necessario dotarla di uno spazio di verde pubblico. Tale area, di superficie pari a circa 850 mq \u00e8 stata suddivisa in tre parti con distinte funzioni: un piccolo campetto a prato per il gioco libero, un\u2019arena verde a semicerchio come luogo di sosta ed incontro e un giardino dove in futuro potranno essere collocati anche piccoli giochi per bambini. Tutt\u2019intorno sono state piantate siepi ed alberi per separare la zona verde dalla strada e dal vicino parcheggio, predisposto per la sosta di 11 auto, moto e biciclette. Il progetto dell\u2019Arch. Roberto Jannon, realizzato sotto la direzione dei lavori di Mariasilva Fachin, responsabile dell\u2019area tecnica del Comune di Pedavena, ha tenuto in particolar conto gli aspetti di sostenibilit\u00e0 ambientale, con uso di legni certificati per i camminamenti e le panche, oltre che di impianti di illuminazione a led a basso consumo energetico. L\u2019area inoltre \u00e8 stata dotata di cestini per la raccolta differenziata e di una fontanella. E\u2019 pensabile che i primi fruitori della zona saranno proprio i bambini: per questo l\u2019Amministrazione comunale ha previsto per l\u2019inaugurazione una festa dedicata a loro, con giochi e animazioni a cura di Yari Polla. Seguir\u00e0 al termine un piccolo rinfresco.<\/p>","protected":false},"excerpt":{"rendered":"<p>L\u2019Amministrazione comunale di Pedavena inaugurer\u00e0 venerd\u00ec 17 luglio alle ore 16.30 una nuova area verde, recentemente realizzata in Via Luciani, nelle immediate vicinanze del centro cittadino e del parco della Birreria Pedavena. La zona residenziale, denominata area \u201cmorer\u201d \u00e8 stata oggetto negli ultimi anni di un forte incremento edilizio: per questo si \u00e8 ritenuto necessario [&hellip;]<\/p>\n","protected":false},"author":2,"featured_media":0,"comment_status":"closed","ping_status":"open","sticky":false,"template":"","format":"standard","meta":{"footnotes":""},"categories":[27,25],"tags":[],"class_list":["post-5816","post","type-post","status-publish","format-standard","category-appuntamenti","category-pausa-caffe"],"yoast_head":"<!-- This site is optimized with the Yoast SEO plugin v28.4 - https:\/\/yoast.com\/product\/yoast-seo-wordpress\/ -->\n<title>Inaugurazione dell\u2019Area \u201cMorer\u201d in Via Luciani a Pedavena venerd\u00ec 17 luglio ore 16.30 - Bellunopress - Dolomiti<\/title>\n<meta name=\"robots\" content=\"index, follow, max-snippet:-1, max-image-preview:large, max-video-preview:-1\" \/>\n<link rel=\"canonical\" href=\"https:\/\/www.bellunopress.it\/fr\/2009\/07\/10\/inaugurazione-dell\u2019area-\u201cmorer\u201d-in-via-luciani-a-pedavena-venerdi-17-luglio-ore-1630\/\" \/>\n<meta property=\"og:locale\" content=\"fr_FR\" \/>\n<meta property=\"og:type\" content=\"article\" \/>\n<meta property=\"og:title\" content=\"Inaugurazione dell\u2019Area \u201cMorer\u201d in Via Luciani a Pedavena venerd\u00ec 17 luglio ore 16.30 - Bellunopress - Dolomiti\" \/>\n<meta property=\"og:description\" content=\"L\u2019Amministrazione comunale di Pedavena inaugurer\u00e0 venerd\u00ec 17 luglio alle ore 16.30 una nuova area verde, recentemente realizzata in Via Luciani, nelle immediate vicinanze del centro cittadino e del parco della Birreria Pedavena. La zona residenziale, denominata area \u201cmorer\u201d \u00e8 stata oggetto negli ultimi anni di un forte incremento edilizio: per questo si \u00e8 ritenuto necessario [&hellip;]\" \/>\n<meta property=\"og:url\" content=\"https:\/\/www.bellunopress.it\/fr\/2009\/07\/10\/inaugurazione-dell\u2019area-\u201cmorer\u201d-in-via-luciani-a-pedavena-venerdi-17-luglio-ore-1630\/\" \/>\n<meta property=\"og:site_name\" content=\"Bellunopress - Dolomiti\" \/>\n<meta property=\"article:publisher\" content=\"https:\/\/www.facebook.com\/profile.php?id=100008943462799\" \/>\n<meta property=\"article:published_time\" content=\"2009-07-10T06:16:27+00:00\" \/>\n<meta property=\"og:image\" content=\"http:\/\/www.bellunopress.it\/wp-content\/uploads\/2012\/07\/logo-bellunopress-250x250-2012.jpg\" \/>\n<meta name=\"author\" content=\"redazione\" \/>\n<meta name=\"twitter:card\" content=\"summary_large_image\" \/>\n<meta name=\"twitter:creator\" content=\"@bellunopress\" \/>\n<meta name=\"twitter:site\" content=\"@bellunopress\" \/>\n<meta name=\"twitter:label1\" content=\"\u00c9crit par\" \/>\n\t<meta name=\"twitter:data1\" content=\"redazione\" \/>\n\t<meta name=\"twitter:label2\" content=\"Dur\u00e9e de lecture estim\u00e9e\" \/>\n\t<meta name=\"twitter:data2\" content=\"1 minute\" \/>\n<script type=\"application\/ld+json\" class=\"yoast-schema-graph\">{\"@context\":\"https:\\\/\\\/schema.org\",\"@graph\":[{\"@type\":\"Article\",\"@id\":\"https:\\\/\\\/www.bellunopress.it\\\/2009\\\/07\\\/10\\\/inaugurazione-dell%e2%80%99area-%e2%80%9cmorer%e2%80%9d-in-via-luciani-a-pedavena-venerdi-17-luglio-ore-1630\\\/#article\",\"isPartOf\":{\"@id\":\"https:\\\/\\\/www.bellunopress.it\\\/2009\\\/07\\\/10\\\/inaugurazione-dell%e2%80%99area-%e2%80%9cmorer%e2%80%9d-in-via-luciani-a-pedavena-venerdi-17-luglio-ore-1630\\\/\"},\"author\":{\"name\":\"redazione\",\"@id\":\"https:\\\/\\\/www.bellunopress.it\\\/#\\\/schema\\\/person\\\/79bb06722b37ece1c03d3e94beb30d73\"},\"headline\":\"Inaugurazione dell\u2019Area \u201cMorer\u201d in Via Luciani a Pedavena venerd\u00ec 17 luglio ore 16.30\",\"datePublished\":\"2009-07-10T06:16:27+00:00\",\"mainEntityOfPage\":{\"@id\":\"https:\\\/\\\/www.bellunopress.it\\\/2009\\\/07\\\/10\\\/inaugurazione-dell%e2%80%99area-%e2%80%9cmorer%e2%80%9d-in-via-luciani-a-pedavena-venerdi-17-luglio-ore-1630\\\/\"},\"wordCount\":262,\"publisher\":{\"@id\":\"https:\\\/\\\/www.bellunopress.it\\\/#organization\"},\"articleSection\":[\"Appuntamenti, Eventi\",\"Pausa Caff\u00e8\"],\"inLanguage\":\"fr-FR\"},{\"@type\":\"WebPage\",\"@id\":\"https:\\\/\\\/www.bellunopress.it\\\/2009\\\/07\\\/10\\\/inaugurazione-dell%e2%80%99area-%e2%80%9cmorer%e2%80%9d-in-via-luciani-a-pedavena-venerdi-17-luglio-ore-1630\\\/\",\"url\":\"https:\\\/\\\/www.bellunopress.it\\\/2009\\\/07\\\/10\\\/inaugurazione-dell%e2%80%99area-%e2%80%9cmorer%e2%80%9d-in-via-luciani-a-pedavena-venerdi-17-luglio-ore-1630\\\/\",\"name\":\"Inaugurazione dell\u2019Area \u201cMorer\u201d in Via Luciani a Pedavena venerd\u00ec 17 luglio ore 16.30 - Bellunopress - Dolomiti\",\"isPartOf\":{\"@id\":\"https:\\\/\\\/www.bellunopress.it\\\/#website\"},\"datePublished\":\"2009-07-10T06:16:27+00:00\",\"breadcrumb\":{\"@id\":\"https:\\\/\\\/www.bellunopress.it\\\/2009\\\/07\\\/10\\\/inaugurazione-dell%e2%80%99area-%e2%80%9cmorer%e2%80%9d-in-via-luciani-a-pedavena-venerdi-17-luglio-ore-1630\\\/#breadcrumb\"},\"inLanguage\":\"fr-FR\",\"potentialAction\":[{\"@type\":\"ReadAction\",\"target\":[\"https:\\\/\\\/www.bellunopress.it\\\/2009\\\/07\\\/10\\\/inaugurazione-dell%e2%80%99area-%e2%80%9cmorer%e2%80%9d-in-via-luciani-a-pedavena-venerdi-17-luglio-ore-1630\\\/\"]}]},{\"@type\":\"BreadcrumbList\",\"@id\":\"https:\\\/\\\/www.bellunopress.it\\\/2009\\\/07\\\/10\\\/inaugurazione-dell%e2%80%99area-%e2%80%9cmorer%e2%80%9d-in-via-luciani-a-pedavena-venerdi-17-luglio-ore-1630\\\/#breadcrumb\",\"itemListElement\":[{\"@type\":\"ListItem\",\"position\":1,\"name\":\"Home\",\"item\":\"https:\\\/\\\/www.bellunopress.it\\\/\"},{\"@type\":\"ListItem\",\"position\":2,\"name\":\"Inaugurazione dell\u2019Area \u201cMorer\u201d in Via Luciani a Pedavena venerd\u00ec 17 luglio ore 16.30\"}]},{\"@type\":\"WebSite\",\"@id\":\"https:\\\/\\\/www.bellunopress.it\\\/#website\",\"url\":\"https:\\\/\\\/www.bellunopress.it\\\/\",\"name\":\"Bellunopress - Dolomiti\",\"description\":\"e-mail: redazione@bellunopress.it\",\"publisher\":{\"@id\":\"https:\\\/\\\/www.bellunopress.it\\\/#organization\"},\"potentialAction\":[{\"@type\":\"SearchAction\",\"target\":{\"@type\":\"EntryPoint\",\"urlTemplate\":\"https:\\\/\\\/www.bellunopress.it\\\/?s={search_term_string}\"},\"query-input\":{\"@type\":\"PropertyValueSpecification\",\"valueRequired\":true,\"valueName\":\"search_term_string\"}}],\"inLanguage\":\"fr-FR\"},{\"@type\":\"Organization\",\"@id\":\"https:\\\/\\\/www.bellunopress.it\\\/#organization\",\"name\":\"Bellunopress\",\"url\":\"https:\\\/\\\/www.bellunopress.it\\\/\",\"logo\":{\"@type\":\"ImageObject\",\"inLanguage\":\"fr-FR\",\"@id\":\"https:\\\/\\\/www.bellunopress.it\\\/#\\\/schema\\\/logo\\\/image\\\/\",\"url\":\"https:\\\/\\\/www.bellunopress.it\\\/wp-content\\\/uploads\\\/2011\\\/05\\\/cropped-logo-bellunopress-.jpg\",\"contentUrl\":\"https:\\\/\\\/www.bellunopress.it\\\/wp-content\\\/uploads\\\/2011\\\/05\\\/cropped-logo-bellunopress-.jpg\",\"width\":512,\"height\":512,\"caption\":\"Bellunopress\"},\"image\":{\"@id\":\"https:\\\/\\\/www.bellunopress.it\\\/#\\\/schema\\\/logo\\\/image\\\/\"},\"sameAs\":[\"https:\\\/\\\/www.facebook.com\\\/profile.php?id=100008943462799\",\"https:\\\/\\\/x.com\\\/bellunopress\",\"https:\\\/\\\/www.linkedin.com\\\/hp\\\/?dnr=JBzUWaJfMUw8vbXJJ2tVW5-I3jZKvC4wsoxE&amp;amp;amp;amp;amp;amp;trk=nav_responsive_tab_home\",\"https:\\\/\\\/www.youtube.com\\\/channel\\\/UCxL0wu1uN0_3_7hGG0306cw\"]},{\"@type\":\"Person\",\"@id\":\"https:\\\/\\\/www.bellunopress.it\\\/#\\\/schema\\\/person\\\/79bb06722b37ece1c03d3e94beb30d73\",\"name\":\"redazione\",\"image\":{\"@type\":\"ImageObject\",\"inLanguage\":\"fr-FR\",\"@id\":\"https:\\\/\\\/secure.gravatar.com\\\/avatar\\\/37d968a2e67a6fd04c169c4bdef102d0bc5d31b2546345219e348575eb80e9a0?s=96&d=mm&r=g\",\"url\":\"https:\\\/\\\/secure.gravatar.com\\\/avatar\\\/37d968a2e67a6fd04c169c4bdef102d0bc5d31b2546345219e348575eb80e9a0?s=96&d=mm&r=g\",\"contentUrl\":\"https:\\\/\\\/secure.gravatar.com\\\/avatar\\\/37d968a2e67a6fd04c169c4bdef102d0bc5d31b2546345219e348575eb80e9a0?s=96&d=mm&r=g\",\"caption\":\"redazione\"},\"sameAs\":[\"http:\\\/\\\/www.bellunopress.it\",\"https:\\\/\\\/x.com\\\/bellunopress\"],\"url\":\"https:\\\/\\\/www.bellunopress.it\\\/fr\\\/author\\\/redazione\\\/\"}]}<\/script>\n<!-- \/ Yoast SEO plugin. -->","yoast_head_json":{"title":"Inaugurazione dell\u2019Area \u201cMorer\u201d in Via Luciani a Pedavena venerd\u00ec 17 luglio ore 16.30 - Bellunopress - Dolomiti","robots":{"index":"index","follow":"follow","max-snippet":"max-snippet:-1","max-image-preview":"max-image-preview:large","max-video-preview":"max-video-preview:-1"},"canonical":"https:\/\/www.bellunopress.it\/fr\/2009\/07\/10\/inaugurazione-dell\u2019area-\u201cmorer\u201d-in-via-luciani-a-pedavena-venerdi-17-luglio-ore-1630\/","og_locale":"fr_FR","og_type":"article","og_title":"Inaugurazione dell\u2019Area \u201cMorer\u201d in Via Luciani a Pedavena venerd\u00ec 17 luglio ore 16.30 - Bellunopress - Dolomiti","og_description":"L\u2019Amministrazione comunale di Pedavena inaugurer\u00e0 venerd\u00ec 17 luglio alle ore 16.30 una nuova area verde, recentemente realizzata in Via Luciani, nelle immediate vicinanze del centro cittadino e del parco della Birreria Pedavena. La zona residenziale, denominata area \u201cmorer\u201d \u00e8 stata oggetto negli ultimi anni di un forte incremento edilizio: per questo si \u00e8 ritenuto necessario [&hellip;]","og_url":"https:\/\/www.bellunopress.it\/fr\/2009\/07\/10\/inaugurazione-dell\u2019area-\u201cmorer\u201d-in-via-luciani-a-pedavena-venerdi-17-luglio-ore-1630\/","og_site_name":"Bellunopress - Dolomiti","article_publisher":"https:\/\/www.facebook.com\/profile.php?id=100008943462799","article_published_time":"2009-07-10T06:16:27+00:00","og_image":[{"url":"http:\/\/www.bellunopress.it\/wp-content\/uploads\/2012\/07\/logo-bellunopress-250x250-2012.jpg","type":"","width":"","height":""}],"author":"redazione","twitter_card":"summary_large_image","twitter_creator":"@bellunopress","twitter_site":"@bellunopress","twitter_misc":{"\u00c9crit par":"redazione","Dur\u00e9e de lecture estim\u00e9e":"1 minute"},"schema":{"@context":"https:\/\/schema.org","@graph":[{"@type":"Article","@id":"https:\/\/www.bellunopress.it\/2009\/07\/10\/inaugurazione-dell%e2%80%99area-%e2%80%9cmorer%e2%80%9d-in-via-luciani-a-pedavena-venerdi-17-luglio-ore-1630\/#article","isPartOf":{"@id":"https:\/\/www.bellunopress.it\/2009\/07\/10\/inaugurazione-dell%e2%80%99area-%e2%80%9cmorer%e2%80%9d-in-via-luciani-a-pedavena-venerdi-17-luglio-ore-1630\/"},"author":{"name":"redazione","@id":"https:\/\/www.bellunopress.it\/#\/schema\/person\/79bb06722b37ece1c03d3e94beb30d73"},"headline":"Inaugurazione dell\u2019Area \u201cMorer\u201d in Via Luciani a Pedavena venerd\u00ec 17 luglio ore 16.30","datePublished":"2009-07-10T06:16:27+00:00","mainEntityOfPage":{"@id":"https:\/\/www.bellunopress.it\/2009\/07\/10\/inaugurazione-dell%e2%80%99area-%e2%80%9cmorer%e2%80%9d-in-via-luciani-a-pedavena-venerdi-17-luglio-ore-1630\/"},"wordCount":262,"publisher":{"@id":"https:\/\/www.bellunopress.it\/#organization"},"articleSection":["Appuntamenti, Eventi","Pausa Caff\u00e8"],"inLanguage":"fr-FR"},{"@type":"WebPage","@id":"https:\/\/www.bellunopress.it\/2009\/07\/10\/inaugurazione-dell%e2%80%99area-%e2%80%9cmorer%e2%80%9d-in-via-luciani-a-pedavena-venerdi-17-luglio-ore-1630\/","url":"https:\/\/www.bellunopress.it\/2009\/07\/10\/inaugurazione-dell%e2%80%99area-%e2%80%9cmorer%e2%80%9d-in-via-luciani-a-pedavena-venerdi-17-luglio-ore-1630\/","name":"Inaugurazione dell\u2019Area \u201cMorer\u201d in Via Luciani a Pedavena venerd\u00ec 17 luglio ore 16.30 - Bellunopress - Dolomiti","isPartOf":{"@id":"https:\/\/www.bellunopress.it\/#website"},"datePublished":"2009-07-10T06:16:27+00:00","breadcrumb":{"@id":"https:\/\/www.bellunopress.it\/2009\/07\/10\/inaugurazione-dell%e2%80%99area-%e2%80%9cmorer%e2%80%9d-in-via-luciani-a-pedavena-venerdi-17-luglio-ore-1630\/#breadcrumb"},"inLanguage":"fr-FR","potentialAction":[{"@type":"ReadAction","target":["https:\/\/www.bellunopress.it\/2009\/07\/10\/inaugurazione-dell%e2%80%99area-%e2%80%9cmorer%e2%80%9d-in-via-luciani-a-pedavena-venerdi-17-luglio-ore-1630\/"]}]},{"@type":"BreadcrumbList","@id":"https:\/\/www.bellunopress.it\/2009\/07\/10\/inaugurazione-dell%e2%80%99area-%e2%80%9cmorer%e2%80%9d-in-via-luciani-a-pedavena-venerdi-17-luglio-ore-1630\/#breadcrumb","itemListElement":[{"@type":"ListItem","position":1,"name":"Home","item":"https:\/\/www.bellunopress.it\/"},{"@type":"ListItem","position":2,"name":"Inaugurazione dell\u2019Area \u201cMorer\u201d in Via Luciani a Pedavena venerd\u00ec 17 luglio ore 16.30"}]},{"@type":"WebSite","@id":"https:\/\/www.bellunopress.it\/#website","url":"https:\/\/www.bellunopress.it\/","name":"Bellunopress - Dolomiti","description":"e-mail: redazione@bellunopress.it","publisher":{"@id":"https:\/\/www.bellunopress.it\/#organization"},"potentialAction":[{"@type":"SearchAction","target":{"@type":"EntryPoint","urlTemplate":"https:\/\/www.bellunopress.it\/?s={search_term_string}"},"query-input":{"@type":"PropertyValueSpecification","valueRequired":true,"valueName":"search_term_string"}}],"inLanguage":"fr-FR"},{"@type":"Organization","@id":"https:\/\/www.bellunopress.it\/#organization","name":"Bellunopress","url":"https:\/\/www.bellunopress.it\/","logo":{"@type":"ImageObject","inLanguage":"fr-FR","@id":"https:\/\/www.bellunopress.it\/#\/schema\/logo\/image\/","url":"https:\/\/www.bellunopress.it\/wp-content\/uploads\/2011\/05\/cropped-logo-bellunopress-.jpg","contentUrl":"https:\/\/www.bellunopress.it\/wp-content\/uploads\/2011\/05\/cropped-logo-bellunopress-.jpg","width":512,"height":512,"caption":"Bellunopress"},"image":{"@id":"https:\/\/www.bellunopress.it\/#\/schema\/logo\/image\/"},"sameAs":["https:\/\/www.facebook.com\/profile.php?id=100008943462799","https:\/\/x.com\/bellunopress","https:\/\/www.linkedin.com\/hp\/?dnr=JBzUWaJfMUw8vbXJJ2tVW5-I3jZKvC4wsoxE&amp;amp;amp;amp;amp;amp;trk=nav_responsive_tab_home","https:\/\/www.youtube.com\/channel\/UCxL0wu1uN0_3_7hGG0306cw"]},{"@type":"Person","@id":"https:\/\/www.bellunopress.it\/#\/schema\/person\/79bb06722b37ece1c03d3e94beb30d73","name":"r\u00e9daction","image":{"@type":"ImageObject","inLanguage":"fr-FR","@id":"https:\/\/secure.gravatar.com\/avatar\/37d968a2e67a6fd04c169c4bdef102d0bc5d31b2546345219e348575eb80e9a0?s=96&d=mm&r=g","url":"https:\/\/secure.gravatar.com\/avatar\/37d968a2e67a6fd04c169c4bdef102d0bc5d31b2546345219e348575eb80e9a0?s=96&d=mm&r=g","contentUrl":"https:\/\/secure.gravatar.com\/avatar\/37d968a2e67a6fd04c169c4bdef102d0bc5d31b2546345219e348575eb80e9a0?s=96&d=mm&r=g","caption":"redazione"},"sameAs":["http:\/\/www.bellunopress.it","https:\/\/x.com\/bellunopress"],"url":"https:\/\/www.bellunopress.it\/fr\/author\/redazione\/"}]}},"_links":{"self":[{"href":"https:\/\/www.bellunopress.it\/fr\/wp-json\/wp\/v2\/posts\/5816","targetHints":{"allow":["GET"]}}],"collection":[{"href":"https:\/\/www.bellunopress.it\/fr\/wp-json\/wp\/v2\/posts"}],"about":[{"href":"https:\/\/www.bellunopress.it\/fr\/wp-json\/wp\/v2\/types\/post"}],"author":[{"embeddable":true,"href":"https:\/\/www.bellunopress.it\/fr\/wp-json\/wp\/v2\/users\/2"}],"replies":[{"embeddable":true,"href":"https:\/\/www.bellunopress.it\/fr\/wp-json\/wp\/v2\/comments?post=5816"}],"version-history":[{"count":1,"href":"https:\/\/www.bellunopress.it\/fr\/wp-json\/wp\/v2\/posts\/5816\/revisions"}],"predecessor-version":[{"id":5817,"href":"https:\/\/www.bellunopress.it\/fr\/wp-json\/wp\/v2\/posts\/5816\/revisions\/5817"}],"wp:attachment":[{"href":"https:\/\/www.bellunopress.it\/fr\/wp-json\/wp\/v2\/media?parent=5816"}],"wp:term":[{"taxonomy":"category","embeddable":true,"href":"https:\/\/www.bellunopress.it\/fr\/wp-json\/wp\/v2\/categories?post=5816"},{"taxonomy":"post_tag","embeddable":true,"href":"https:\/\/www.bellunopress.it\/fr\/wp-json\/wp\/v2\/tags?post=5816"}],"curies":[{"name":"wp","href":"https:\/\/api.w.org\/{rel}","templated":true}]}}