{"id":5813,"date":"2009-07-09T23:32:16","date_gmt":"2009-07-09T22:32:16","guid":{"rendered":"http:\/\/www.bellunopress.it\/?p=5813"},"modified":"2009-07-11T09:38:25","modified_gmt":"2009-07-11T08:38:25","slug":"oggi-al-centro-giovanni-23mo-il-convegno-sul-danno-alla-persona","status":"publish","type":"post","link":"https:\/\/www.bellunopress.it\/fr\/2009\/07\/09\/oggi-al-centro-giovanni-23mo-il-convegno-sul-danno-alla-persona\/","title":{"rendered":"Oggi al centro Giovanni 23mo il convegno sul danno alla persona"},"content":{"rendered":"<div class=\"entry\">\n<p>Al Teatro Giovanni XXIII prende il via questa mattina (venerd\u00ec 10) la Giornata di Studio sul danno alla persona organizzata da Giesse Gestione Sinistri dal titolo \u201cIl nuovo danno non patrimoniale dopo le Sezioni Unite: dal disordine al ..caos?\u201d. Il Consiglio Nazionale Forense ha concesso all\u2019evento l\u2019accreditamento che permetter\u00e0 ai professionisti partecipanti di acquisire 6 crediti formativi. Con inizio alle 9.15, l\u2019intera giornata sar\u00e0 dedicata alla tutela del danneggiato ed al giusto risarcimento del danno, argomenti principali della discussione. Verr\u00e0 fornita una \u201cguida\u201d di lettura alle sentenze della Cassazione &#8211; Sezioni unite &#8211; dell\u201911 novembre 2008 e saranno analizzate le \u201ctradizionali\u201d figure di danno non patrimoniale, con particolare attenzione al danno morale da morte, da lesioni, da nascita indesiderata, da perdita del rapporto parentale e i loro criteri liquidativi. Si evidenzieranno alcune problematiche procedurali delle richieste risarcitorie legate anche alla validit\u00e0 dei criteri di valutazione clinica per il riconoscimento del danno psichico. \u201cVorremmo concentrare l\u2019attenzione &#8211; commenta Bruno Marusso, socio di Giesse Gestione Sinistri e organizzatore del convegno &#8211; sulle difficolt\u00e0 relative all\u2019integrale risarcimento del danno non patrimoniale analizzando alcune delle ultime sentenze che hanno ridefinito quelli che una volta erano chiamati danni morali ed esistenziali. Belluno ci offre la possibilit\u00e0 di aprire un varco di luce nella \u201cgiungla\u201d della giurisprudenza italiana\u201d. Tra i relatori, oltre alle personalit\u00e0 di spicco che gi\u00e0 nelle scorse edizioni hanno presenziato come il Magistrato della Corte di Cassazione dott. Giovanni Battista Petti, il Giudice del Tribunale di Roma dott. Marco Rossetti, il prof. avv. Giorgio Gallone del Foro di Roma, il prof. avv. Marco Bona del Foro di Torino, quest\u2019anno ci saranno il\u00a0 Magistrato della Corte di Cassazione Dott. Giacomo Travaglino, il Giudice del Tribunale di Trieste dott.ssa Gloria Carlesso, il Presidente di Sezione del Tribunale di Milano dott.ssa Bianca La Monica, la psicologa forense dott.ssa Simona Codazzi, il prof. avv. Giulio Ponzanelli e l\u2019avv. Filippo Martini, entrambi del Foro di Milano. Tutte le informazioni su <a href=\"http:\/\/www.gestionesinistri.com\"><span style=\"color: #6ba737;\">www.gestionesinistri.com<\/span><\/a>.<\/div>","protected":false},"excerpt":{"rendered":"<p>Al Teatro Giovanni XXIII prende il via questa mattina (venerd\u00ec 10) la Giornata di Studio sul danno alla persona organizzata da Giesse Gestione Sinistri dal titolo \u201cIl nuovo danno non patrimoniale dopo le Sezioni Unite: dal disordine al ..caos?\u201d. Il Consiglio Nazionale Forense ha concesso all\u2019evento l\u2019accreditamento che permetter\u00e0 ai professionisti partecipanti di acquisire 6 [&hellip;]<\/p>\n","protected":false},"author":2,"featured_media":0,"comment_status":"closed","ping_status":"open","sticky":false,"template":"","format":"standard","meta":{"footnotes":""},"categories":[36],"tags":[139],"class_list":["post-5813","post","type-post","status-publish","format-standard","category-lavoro-economia","tag-belluno"],"yoast_head":"<!-- This site is optimized with the Yoast SEO plugin v28.4 - https:\/\/yoast.com\/product\/yoast-seo-wordpress\/ -->\n<title>Oggi al centro Giovanni 23mo il convegno sul danno alla persona  - Bellunopress - Dolomiti<\/title>\n<meta name=\"robots\" content=\"index, follow, max-snippet:-1, max-image-preview:large, max-video-preview:-1\" \/>\n<link rel=\"canonical\" href=\"https:\/\/www.bellunopress.it\/fr\/2009\/07\/09\/oggi-al-centro-giovanni-23mo-il-convegno-sul-danno-alla-persona\/\" \/>\n<meta property=\"og:locale\" content=\"fr_FR\" \/>\n<meta property=\"og:type\" content=\"article\" \/>\n<meta property=\"og:title\" content=\"Oggi al centro Giovanni 23mo il convegno sul danno alla persona  - Bellunopress - Dolomiti\" \/>\n<meta property=\"og:description\" content=\"Al Teatro Giovanni XXIII prende il via questa mattina (venerd\u00ec 10) la Giornata di Studio sul danno alla persona organizzata da Giesse Gestione Sinistri dal titolo \u201cIl nuovo danno non patrimoniale dopo le Sezioni Unite: dal disordine al ..caos?\u201d. Il Consiglio Nazionale Forense ha concesso all\u2019evento l\u2019accreditamento che permetter\u00e0 ai professionisti partecipanti di acquisire 6 [&hellip;]\" \/>\n<meta property=\"og:url\" content=\"https:\/\/www.bellunopress.it\/fr\/2009\/07\/09\/oggi-al-centro-giovanni-23mo-il-convegno-sul-danno-alla-persona\/\" \/>\n<meta property=\"og:site_name\" content=\"Bellunopress - Dolomiti\" \/>\n<meta property=\"article:publisher\" content=\"https:\/\/www.facebook.com\/profile.php?id=100008943462799\" \/>\n<meta property=\"article:published_time\" content=\"2009-07-09T22:32:16+00:00\" \/>\n<meta property=\"article:modified_time\" content=\"2009-07-11T08:38:25+00:00\" \/>\n<meta property=\"og:image\" content=\"http:\/\/www.bellunopress.it\/wp-content\/uploads\/2012\/07\/logo-bellunopress-250x250-2012.jpg\" \/>\n<meta name=\"author\" content=\"redazione\" \/>\n<meta name=\"twitter:card\" content=\"summary_large_image\" \/>\n<meta name=\"twitter:creator\" content=\"@bellunopress\" \/>\n<meta name=\"twitter:site\" content=\"@bellunopress\" \/>\n<meta name=\"twitter:label1\" content=\"\u00c9crit par\" \/>\n\t<meta name=\"twitter:data1\" content=\"redazione\" \/>\n\t<meta name=\"twitter:label2\" content=\"Dur\u00e9e de lecture estim\u00e9e\" \/>\n\t<meta name=\"twitter:data2\" content=\"2 minutes\" \/>\n<script type=\"application\/ld+json\" class=\"yoast-schema-graph\">{\"@context\":\"https:\\\/\\\/schema.org\",\"@graph\":[{\"@type\":\"Article\",\"@id\":\"https:\\\/\\\/www.bellunopress.it\\\/2009\\\/07\\\/09\\\/oggi-al-centro-giovanni-23mo-il-convegno-sul-danno-alla-persona\\\/#article\",\"isPartOf\":{\"@id\":\"https:\\\/\\\/www.bellunopress.it\\\/2009\\\/07\\\/09\\\/oggi-al-centro-giovanni-23mo-il-convegno-sul-danno-alla-persona\\\/\"},\"author\":{\"name\":\"redazione\",\"@id\":\"https:\\\/\\\/www.bellunopress.it\\\/#\\\/schema\\\/person\\\/79bb06722b37ece1c03d3e94beb30d73\"},\"headline\":\"Oggi al centro Giovanni 23mo il convegno sul danno alla persona\",\"datePublished\":\"2009-07-09T22:32:16+00:00\",\"dateModified\":\"2009-07-11T08:38:25+00:00\",\"mainEntityOfPage\":{\"@id\":\"https:\\\/\\\/www.bellunopress.it\\\/2009\\\/07\\\/09\\\/oggi-al-centro-giovanni-23mo-il-convegno-sul-danno-alla-persona\\\/\"},\"wordCount\":342,\"publisher\":{\"@id\":\"https:\\\/\\\/www.bellunopress.it\\\/#organization\"},\"keywords\":[\"Belluno\"],\"articleSection\":[\"Lavoro, Economia, Turismo\"],\"inLanguage\":\"fr-FR\"},{\"@type\":\"WebPage\",\"@id\":\"https:\\\/\\\/www.bellunopress.it\\\/2009\\\/07\\\/09\\\/oggi-al-centro-giovanni-23mo-il-convegno-sul-danno-alla-persona\\\/\",\"url\":\"https:\\\/\\\/www.bellunopress.it\\\/2009\\\/07\\\/09\\\/oggi-al-centro-giovanni-23mo-il-convegno-sul-danno-alla-persona\\\/\",\"name\":\"Oggi al centro Giovanni 23mo il convegno sul danno alla persona - Bellunopress - Dolomiti\",\"isPartOf\":{\"@id\":\"https:\\\/\\\/www.bellunopress.it\\\/#website\"},\"datePublished\":\"2009-07-09T22:32:16+00:00\",\"dateModified\":\"2009-07-11T08:38:25+00:00\",\"breadcrumb\":{\"@id\":\"https:\\\/\\\/www.bellunopress.it\\\/2009\\\/07\\\/09\\\/oggi-al-centro-giovanni-23mo-il-convegno-sul-danno-alla-persona\\\/#breadcrumb\"},\"inLanguage\":\"fr-FR\",\"potentialAction\":[{\"@type\":\"ReadAction\",\"target\":[\"https:\\\/\\\/www.bellunopress.it\\\/2009\\\/07\\\/09\\\/oggi-al-centro-giovanni-23mo-il-convegno-sul-danno-alla-persona\\\/\"]}]},{\"@type\":\"BreadcrumbList\",\"@id\":\"https:\\\/\\\/www.bellunopress.it\\\/2009\\\/07\\\/09\\\/oggi-al-centro-giovanni-23mo-il-convegno-sul-danno-alla-persona\\\/#breadcrumb\",\"itemListElement\":[{\"@type\":\"ListItem\",\"position\":1,\"name\":\"Home\",\"item\":\"https:\\\/\\\/www.bellunopress.it\\\/\"},{\"@type\":\"ListItem\",\"position\":2,\"name\":\"Oggi al centro Giovanni 23mo il convegno sul danno alla persona\"}]},{\"@type\":\"WebSite\",\"@id\":\"https:\\\/\\\/www.bellunopress.it\\\/#website\",\"url\":\"https:\\\/\\\/www.bellunopress.it\\\/\",\"name\":\"Bellunopress - Dolomiti\",\"description\":\"e-mail: redazione@bellunopress.it\",\"publisher\":{\"@id\":\"https:\\\/\\\/www.bellunopress.it\\\/#organization\"},\"potentialAction\":[{\"@type\":\"SearchAction\",\"target\":{\"@type\":\"EntryPoint\",\"urlTemplate\":\"https:\\\/\\\/www.bellunopress.it\\\/?s={search_term_string}\"},\"query-input\":{\"@type\":\"PropertyValueSpecification\",\"valueRequired\":true,\"valueName\":\"search_term_string\"}}],\"inLanguage\":\"fr-FR\"},{\"@type\":\"Organization\",\"@id\":\"https:\\\/\\\/www.bellunopress.it\\\/#organization\",\"name\":\"Bellunopress\",\"url\":\"https:\\\/\\\/www.bellunopress.it\\\/\",\"logo\":{\"@type\":\"ImageObject\",\"inLanguage\":\"fr-FR\",\"@id\":\"https:\\\/\\\/www.bellunopress.it\\\/#\\\/schema\\\/logo\\\/image\\\/\",\"url\":\"https:\\\/\\\/www.bellunopress.it\\\/wp-content\\\/uploads\\\/2011\\\/05\\\/cropped-logo-bellunopress-.jpg\",\"contentUrl\":\"https:\\\/\\\/www.bellunopress.it\\\/wp-content\\\/uploads\\\/2011\\\/05\\\/cropped-logo-bellunopress-.jpg\",\"width\":512,\"height\":512,\"caption\":\"Bellunopress\"},\"image\":{\"@id\":\"https:\\\/\\\/www.bellunopress.it\\\/#\\\/schema\\\/logo\\\/image\\\/\"},\"sameAs\":[\"https:\\\/\\\/www.facebook.com\\\/profile.php?id=100008943462799\",\"https:\\\/\\\/x.com\\\/bellunopress\",\"https:\\\/\\\/www.linkedin.com\\\/hp\\\/?dnr=JBzUWaJfMUw8vbXJJ2tVW5-I3jZKvC4wsoxE&amp;amp;amp;amp;amp;amp;trk=nav_responsive_tab_home\",\"https:\\\/\\\/www.youtube.com\\\/channel\\\/UCxL0wu1uN0_3_7hGG0306cw\"]},{\"@type\":\"Person\",\"@id\":\"https:\\\/\\\/www.bellunopress.it\\\/#\\\/schema\\\/person\\\/79bb06722b37ece1c03d3e94beb30d73\",\"name\":\"redazione\",\"image\":{\"@type\":\"ImageObject\",\"inLanguage\":\"fr-FR\",\"@id\":\"https:\\\/\\\/secure.gravatar.com\\\/avatar\\\/37d968a2e67a6fd04c169c4bdef102d0bc5d31b2546345219e348575eb80e9a0?s=96&d=mm&r=g\",\"url\":\"https:\\\/\\\/secure.gravatar.com\\\/avatar\\\/37d968a2e67a6fd04c169c4bdef102d0bc5d31b2546345219e348575eb80e9a0?s=96&d=mm&r=g\",\"contentUrl\":\"https:\\\/\\\/secure.gravatar.com\\\/avatar\\\/37d968a2e67a6fd04c169c4bdef102d0bc5d31b2546345219e348575eb80e9a0?s=96&d=mm&r=g\",\"caption\":\"redazione\"},\"sameAs\":[\"http:\\\/\\\/www.bellunopress.it\",\"https:\\\/\\\/x.com\\\/bellunopress\"],\"url\":\"https:\\\/\\\/www.bellunopress.it\\\/fr\\\/author\\\/redazione\\\/\"}]}<\/script>\n<!-- \/ Yoast SEO plugin. -->","yoast_head_json":{"title":"Oggi al centro Giovanni 23mo il convegno sul danno alla persona  - Bellunopress - Dolomiti","robots":{"index":"index","follow":"follow","max-snippet":"max-snippet:-1","max-image-preview":"max-image-preview:large","max-video-preview":"max-video-preview:-1"},"canonical":"https:\/\/www.bellunopress.it\/fr\/2009\/07\/09\/oggi-al-centro-giovanni-23mo-il-convegno-sul-danno-alla-persona\/","og_locale":"fr_FR","og_type":"article","og_title":"Oggi al centro Giovanni 23mo il convegno sul danno alla persona  - Bellunopress - Dolomiti","og_description":"Al Teatro Giovanni XXIII prende il via questa mattina (venerd\u00ec 10) la Giornata di Studio sul danno alla persona organizzata da Giesse Gestione Sinistri dal titolo \u201cIl nuovo danno non patrimoniale dopo le Sezioni Unite: dal disordine al ..caos?\u201d. Il Consiglio Nazionale Forense ha concesso all\u2019evento l\u2019accreditamento che permetter\u00e0 ai professionisti partecipanti di acquisire 6 [&hellip;]","og_url":"https:\/\/www.bellunopress.it\/fr\/2009\/07\/09\/oggi-al-centro-giovanni-23mo-il-convegno-sul-danno-alla-persona\/","og_site_name":"Bellunopress - Dolomiti","article_publisher":"https:\/\/www.facebook.com\/profile.php?id=100008943462799","article_published_time":"2009-07-09T22:32:16+00:00","article_modified_time":"2009-07-11T08:38:25+00:00","og_image":[{"url":"http:\/\/www.bellunopress.it\/wp-content\/uploads\/2012\/07\/logo-bellunopress-250x250-2012.jpg","type":"","width":"","height":""}],"author":"redazione","twitter_card":"summary_large_image","twitter_creator":"@bellunopress","twitter_site":"@bellunopress","twitter_misc":{"\u00c9crit par":"redazione","Dur\u00e9e de lecture estim\u00e9e":"2 minutes"},"schema":{"@context":"https:\/\/schema.org","@graph":[{"@type":"Article","@id":"https:\/\/www.bellunopress.it\/2009\/07\/09\/oggi-al-centro-giovanni-23mo-il-convegno-sul-danno-alla-persona\/#article","isPartOf":{"@id":"https:\/\/www.bellunopress.it\/2009\/07\/09\/oggi-al-centro-giovanni-23mo-il-convegno-sul-danno-alla-persona\/"},"author":{"name":"redazione","@id":"https:\/\/www.bellunopress.it\/#\/schema\/person\/79bb06722b37ece1c03d3e94beb30d73"},"headline":"Oggi al centro Giovanni 23mo il convegno sul danno alla persona","datePublished":"2009-07-09T22:32:16+00:00","dateModified":"2009-07-11T08:38:25+00:00","mainEntityOfPage":{"@id":"https:\/\/www.bellunopress.it\/2009\/07\/09\/oggi-al-centro-giovanni-23mo-il-convegno-sul-danno-alla-persona\/"},"wordCount":342,"publisher":{"@id":"https:\/\/www.bellunopress.it\/#organization"},"keywords":["Belluno"],"articleSection":["Lavoro, Economia, Turismo"],"inLanguage":"fr-FR"},{"@type":"WebPage","@id":"https:\/\/www.bellunopress.it\/2009\/07\/09\/oggi-al-centro-giovanni-23mo-il-convegno-sul-danno-alla-persona\/","url":"https:\/\/www.bellunopress.it\/2009\/07\/09\/oggi-al-centro-giovanni-23mo-il-convegno-sul-danno-alla-persona\/","name":"Oggi al centro Giovanni 23mo il convegno sul danno alla persona - Bellunopress - Dolomiti","isPartOf":{"@id":"https:\/\/www.bellunopress.it\/#website"},"datePublished":"2009-07-09T22:32:16+00:00","dateModified":"2009-07-11T08:38:25+00:00","breadcrumb":{"@id":"https:\/\/www.bellunopress.it\/2009\/07\/09\/oggi-al-centro-giovanni-23mo-il-convegno-sul-danno-alla-persona\/#breadcrumb"},"inLanguage":"fr-FR","potentialAction":[{"@type":"ReadAction","target":["https:\/\/www.bellunopress.it\/2009\/07\/09\/oggi-al-centro-giovanni-23mo-il-convegno-sul-danno-alla-persona\/"]}]},{"@type":"BreadcrumbList","@id":"https:\/\/www.bellunopress.it\/2009\/07\/09\/oggi-al-centro-giovanni-23mo-il-convegno-sul-danno-alla-persona\/#breadcrumb","itemListElement":[{"@type":"ListItem","position":1,"name":"Home","item":"https:\/\/www.bellunopress.it\/"},{"@type":"ListItem","position":2,"name":"Oggi al centro Giovanni 23mo il convegno sul danno alla persona"}]},{"@type":"WebSite","@id":"https:\/\/www.bellunopress.it\/#website","url":"https:\/\/www.bellunopress.it\/","name":"Bellunopress - Dolomiti","description":"e-mail: redazione@bellunopress.it","publisher":{"@id":"https:\/\/www.bellunopress.it\/#organization"},"potentialAction":[{"@type":"SearchAction","target":{"@type":"EntryPoint","urlTemplate":"https:\/\/www.bellunopress.it\/?s={search_term_string}"},"query-input":{"@type":"PropertyValueSpecification","valueRequired":true,"valueName":"search_term_string"}}],"inLanguage":"fr-FR"},{"@type":"Organization","@id":"https:\/\/www.bellunopress.it\/#organization","name":"Bellunopress","url":"https:\/\/www.bellunopress.it\/","logo":{"@type":"ImageObject","inLanguage":"fr-FR","@id":"https:\/\/www.bellunopress.it\/#\/schema\/logo\/image\/","url":"https:\/\/www.bellunopress.it\/wp-content\/uploads\/2011\/05\/cropped-logo-bellunopress-.jpg","contentUrl":"https:\/\/www.bellunopress.it\/wp-content\/uploads\/2011\/05\/cropped-logo-bellunopress-.jpg","width":512,"height":512,"caption":"Bellunopress"},"image":{"@id":"https:\/\/www.bellunopress.it\/#\/schema\/logo\/image\/"},"sameAs":["https:\/\/www.facebook.com\/profile.php?id=100008943462799","https:\/\/x.com\/bellunopress","https:\/\/www.linkedin.com\/hp\/?dnr=JBzUWaJfMUw8vbXJJ2tVW5-I3jZKvC4wsoxE&amp;amp;amp;amp;amp;amp;trk=nav_responsive_tab_home","https:\/\/www.youtube.com\/channel\/UCxL0wu1uN0_3_7hGG0306cw"]},{"@type":"Person","@id":"https:\/\/www.bellunopress.it\/#\/schema\/person\/79bb06722b37ece1c03d3e94beb30d73","name":"r\u00e9daction","image":{"@type":"ImageObject","inLanguage":"fr-FR","@id":"https:\/\/secure.gravatar.com\/avatar\/37d968a2e67a6fd04c169c4bdef102d0bc5d31b2546345219e348575eb80e9a0?s=96&d=mm&r=g","url":"https:\/\/secure.gravatar.com\/avatar\/37d968a2e67a6fd04c169c4bdef102d0bc5d31b2546345219e348575eb80e9a0?s=96&d=mm&r=g","contentUrl":"https:\/\/secure.gravatar.com\/avatar\/37d968a2e67a6fd04c169c4bdef102d0bc5d31b2546345219e348575eb80e9a0?s=96&d=mm&r=g","caption":"redazione"},"sameAs":["http:\/\/www.bellunopress.it","https:\/\/x.com\/bellunopress"],"url":"https:\/\/www.bellunopress.it\/fr\/author\/redazione\/"}]}},"_links":{"self":[{"href":"https:\/\/www.bellunopress.it\/fr\/wp-json\/wp\/v2\/posts\/5813","targetHints":{"allow":["GET"]}}],"collection":[{"href":"https:\/\/www.bellunopress.it\/fr\/wp-json\/wp\/v2\/posts"}],"about":[{"href":"https:\/\/www.bellunopress.it\/fr\/wp-json\/wp\/v2\/types\/post"}],"author":[{"embeddable":true,"href":"https:\/\/www.bellunopress.it\/fr\/wp-json\/wp\/v2\/users\/2"}],"replies":[{"embeddable":true,"href":"https:\/\/www.bellunopress.it\/fr\/wp-json\/wp\/v2\/comments?post=5813"}],"version-history":[{"count":2,"href":"https:\/\/www.bellunopress.it\/fr\/wp-json\/wp\/v2\/posts\/5813\/revisions"}],"predecessor-version":[{"id":5862,"href":"https:\/\/www.bellunopress.it\/fr\/wp-json\/wp\/v2\/posts\/5813\/revisions\/5862"}],"wp:attachment":[{"href":"https:\/\/www.bellunopress.it\/fr\/wp-json\/wp\/v2\/media?parent=5813"}],"wp:term":[{"taxonomy":"category","embeddable":true,"href":"https:\/\/www.bellunopress.it\/fr\/wp-json\/wp\/v2\/categories?post=5813"},{"taxonomy":"post_tag","embeddable":true,"href":"https:\/\/www.bellunopress.it\/fr\/wp-json\/wp\/v2\/tags?post=5813"}],"curies":[{"name":"wp","href":"https:\/\/api.w.org\/{rel}","templated":true}]}}