{"id":5806,"date":"2009-07-09T23:23:15","date_gmt":"2009-07-09T22:23:15","guid":{"rendered":"http:\/\/www.bellunopress.it\/?p=5806"},"modified":"2009-07-10T07:06:59","modified_gmt":"2009-07-10T06:06:59","slug":"brustolon-il-michelangelo-del-legno-ieri-sera-protagonista-al-rimo-appuntamento-dei-%c2%abgiovedi-di-sera%c2%bb","status":"publish","type":"post","link":"https:\/\/www.bellunopress.it\/fr\/2009\/07\/09\/brustolon-il-michelangelo-del-legno-ieri-sera-protagonista-al-rimo-appuntamento-dei-%c2%abgiovedi-di-sera%c2%bb\/","title":{"rendered":"Brustolon, il &#8220;Michelangelo del legno&#8221;, ieri sera protagonista al primo appuntamento dei \u00abGioved\u00ec di sera\u00bb"},"content":{"rendered":"<p><a href=\"http:\/\/www.bellunopress.it\/wp-content\/uploads\/2009\/07\/brustolon-027.jpg\"><img loading=\"lazy\" decoding=\"async\" class=\"alignleft size-medium wp-image-5808\" title=\"brustolon-027\" src=\"http:\/\/www.bellunopress.it\/wp-content\/uploads\/2009\/07\/brustolon-027.jpg\" alt=\"\" width=\"270\" height=\"180\" \/><\/a><a href=\"http:\/\/www.bellunopress.it\/wp-content\/uploads\/2009\/07\/brustolon-leggerissima.jpg\"><img loading=\"lazy\" decoding=\"async\" class=\"alignright size-medium wp-image-5809\" title=\"brustolon-leggerissima\" src=\"http:\/\/www.bellunopress.it\/wp-content\/uploads\/2009\/07\/brustolon-leggerissima.jpg\" alt=\"\" width=\"120\" height=\"80\" \/><\/a>Il Duomo di Belluno e il palazzo dell&#8217;ex Tribunale hanno reso omaggio ieri sera all&#8217;arte di Andrea Brustolon, il &#8220;Michelangelo del legno&#8221;. Le suggestive immagini delle sue opere, infatti, sono state proiettate sulle facciate di Piazza Duomo, alternando la sequenza (realizzata dall&#8217;Associazione Culturale &#8220;Il parallelo multivisioni di Padova e l&#8217;Associazione culturale 360 di Belluno, su progetto di Francesco Lopergolo e Diego De Riz) ai passi di danza moderna urbana della Compagnia N.U.D.I. di Padova con Elena Friso, Margherita Pirotto e Giovanna Trinca. Anche il tempo \u00e8 stato clemente, ed ha consentito un buon avvio della 13ma edizione di Gioved\u00ec sera, la consueta manifestazione in centro citt\u00e0 con musica, shopping e arte. Anche la mostra del Brustolon, che oramai si avvia verso la chiusura, \u00e8 rimasta aperta fino alle ore 23 per l&#8217;occasione. Musica rock con i Vendra in piazza Mazzini, pop con gli Oro Puro\u00a0 in via Psaro, gli Mb trio in piazza Castello e i Fratelli Los Angelis in piazza del Mercato,che ha suscitato il maggior interesse del pubblico con le loro colonne sonore dei film. In piazza dei Martiri c&#8217;era lo spettacolo per i pi\u00f9 piccoli con Francesco Da Ponte e le sue \u201cParoline Parolone Parolacce\u201d. Per gli sportivi c&#8217;era lo stand della Nis in piazza dei Martiri con ospite il fondista Pietro Piller Cottrer, vincitore della Coppa del Mondo di sci nella specialit\u00e0 distance.<\/p>","protected":false},"excerpt":{"rendered":"<p>Il Duomo di Belluno e il palazzo dell&#8217;ex Tribunale hanno reso omaggio ieri sera all&#8217;arte di Andrea Brustolon, il &#8220;Michelangelo del legno&#8221;. Le suggestive immagini delle sue opere, infatti, sono state proiettate sulle facciate di Piazza Duomo, alternando la sequenza (realizzata dall&#8217;Associazione Culturale &#8220;Il parallelo multivisioni di Padova e l&#8217;Associazione culturale 360 di Belluno, su [&hellip;]<\/p>\n","protected":false},"author":2,"featured_media":0,"comment_status":"closed","ping_status":"open","sticky":false,"template":"","format":"standard","meta":{"footnotes":""},"categories":[3],"tags":[139],"class_list":["post-5806","post","type-post","status-publish","format-standard","category-arte-cultura-spettacoli-scienza-archivi","tag-belluno"],"yoast_head":"<!-- This site is optimized with the Yoast SEO plugin v28.4 - https:\/\/yoast.com\/product\/yoast-seo-wordpress\/ -->\n<title>Brustolon, il &quot;Michelangelo del legno&quot;, ieri sera protagonista al primo appuntamento dei \u00abGioved\u00ec di sera\u00bb  - Bellunopress - Dolomiti<\/title>\n<meta name=\"robots\" content=\"index, follow, max-snippet:-1, max-image-preview:large, max-video-preview:-1\" \/>\n<link rel=\"canonical\" href=\"https:\/\/www.bellunopress.it\/fr\/2009\/07\/09\/brustolon-il-michelangelo-del-legno-ieri-sera-protagonista-al-rimo-appuntamento-dei-\u00abgiovedi-di-sera\u00bb\/\" \/>\n<meta property=\"og:locale\" content=\"fr_FR\" \/>\n<meta property=\"og:type\" content=\"article\" \/>\n<meta property=\"og:title\" content=\"Brustolon, il &quot;Michelangelo del legno&quot;, ieri sera protagonista al primo appuntamento dei \u00abGioved\u00ec di sera\u00bb  - Bellunopress - Dolomiti\" \/>\n<meta property=\"og:description\" content=\"Il Duomo di Belluno e il palazzo dell&#8217;ex Tribunale hanno reso omaggio ieri sera all&#8217;arte di Andrea Brustolon, il &#8220;Michelangelo del legno&#8221;. Le suggestive immagini delle sue opere, infatti, sono state proiettate sulle facciate di Piazza Duomo, alternando la sequenza (realizzata dall&#8217;Associazione Culturale &#8220;Il parallelo multivisioni di Padova e l&#8217;Associazione culturale 360 di Belluno, su [&hellip;]\" \/>\n<meta property=\"og:url\" content=\"https:\/\/www.bellunopress.it\/fr\/2009\/07\/09\/brustolon-il-michelangelo-del-legno-ieri-sera-protagonista-al-rimo-appuntamento-dei-\u00abgiovedi-di-sera\u00bb\/\" \/>\n<meta property=\"og:site_name\" content=\"Bellunopress - Dolomiti\" \/>\n<meta property=\"article:publisher\" content=\"https:\/\/www.facebook.com\/profile.php?id=100008943462799\" \/>\n<meta property=\"article:published_time\" content=\"2009-07-09T22:23:15+00:00\" \/>\n<meta property=\"article:modified_time\" content=\"2009-07-10T06:06:59+00:00\" \/>\n<meta property=\"og:image\" content=\"http:\/\/www.bellunopress.it\/wp-content\/uploads\/2009\/07\/brustolon-027.jpg\" \/>\n<meta name=\"author\" content=\"redazione\" \/>\n<meta name=\"twitter:card\" content=\"summary_large_image\" \/>\n<meta name=\"twitter:creator\" content=\"@bellunopress\" \/>\n<meta name=\"twitter:site\" content=\"@bellunopress\" \/>\n<meta name=\"twitter:label1\" content=\"\u00c9crit par\" \/>\n\t<meta name=\"twitter:data1\" content=\"redazione\" \/>\n\t<meta name=\"twitter:label2\" content=\"Dur\u00e9e de lecture estim\u00e9e\" \/>\n\t<meta name=\"twitter:data2\" content=\"1 minute\" \/>\n<script type=\"application\/ld+json\" class=\"yoast-schema-graph\">{\"@context\":\"https:\\\/\\\/schema.org\",\"@graph\":[{\"@type\":\"Article\",\"@id\":\"https:\\\/\\\/www.bellunopress.it\\\/2009\\\/07\\\/09\\\/brustolon-il-michelangelo-del-legno-ieri-sera-protagonista-al-rimo-appuntamento-dei-%c2%abgiovedi-di-sera%c2%bb\\\/#article\",\"isPartOf\":{\"@id\":\"https:\\\/\\\/www.bellunopress.it\\\/2009\\\/07\\\/09\\\/brustolon-il-michelangelo-del-legno-ieri-sera-protagonista-al-rimo-appuntamento-dei-%c2%abgiovedi-di-sera%c2%bb\\\/\"},\"author\":{\"name\":\"redazione\",\"@id\":\"https:\\\/\\\/www.bellunopress.it\\\/#\\\/schema\\\/person\\\/79bb06722b37ece1c03d3e94beb30d73\"},\"headline\":\"Brustolon, il &#8220;Michelangelo del legno&#8221;, ieri sera protagonista al primo appuntamento dei \u00abGioved\u00ec di sera\u00bb\",\"datePublished\":\"2009-07-09T22:23:15+00:00\",\"dateModified\":\"2009-07-10T06:06:59+00:00\",\"mainEntityOfPage\":{\"@id\":\"https:\\\/\\\/www.bellunopress.it\\\/2009\\\/07\\\/09\\\/brustolon-il-michelangelo-del-legno-ieri-sera-protagonista-al-rimo-appuntamento-dei-%c2%abgiovedi-di-sera%c2%bb\\\/\"},\"wordCount\":249,\"publisher\":{\"@id\":\"https:\\\/\\\/www.bellunopress.it\\\/#organization\"},\"image\":{\"@id\":\"https:\\\/\\\/www.bellunopress.it\\\/2009\\\/07\\\/09\\\/brustolon-il-michelangelo-del-legno-ieri-sera-protagonista-al-rimo-appuntamento-dei-%c2%abgiovedi-di-sera%c2%bb\\\/#primaryimage\"},\"thumbnailUrl\":\"http:\\\/\\\/www.bellunopress.it\\\/wp-content\\\/uploads\\\/2009\\\/07\\\/brustolon-027.jpg\",\"keywords\":[\"Belluno\"],\"articleSection\":[\"Arte, Cultura, Spettacoli, Scienza\"],\"inLanguage\":\"fr-FR\"},{\"@type\":\"WebPage\",\"@id\":\"https:\\\/\\\/www.bellunopress.it\\\/2009\\\/07\\\/09\\\/brustolon-il-michelangelo-del-legno-ieri-sera-protagonista-al-rimo-appuntamento-dei-%c2%abgiovedi-di-sera%c2%bb\\\/\",\"url\":\"https:\\\/\\\/www.bellunopress.it\\\/2009\\\/07\\\/09\\\/brustolon-il-michelangelo-del-legno-ieri-sera-protagonista-al-rimo-appuntamento-dei-%c2%abgiovedi-di-sera%c2%bb\\\/\",\"name\":\"Brustolon, il \\\"Michelangelo del legno\\\", ieri sera protagonista al primo appuntamento dei \u00abGioved\u00ec di sera\u00bb - Bellunopress - Dolomiti\",\"isPartOf\":{\"@id\":\"https:\\\/\\\/www.bellunopress.it\\\/#website\"},\"primaryImageOfPage\":{\"@id\":\"https:\\\/\\\/www.bellunopress.it\\\/2009\\\/07\\\/09\\\/brustolon-il-michelangelo-del-legno-ieri-sera-protagonista-al-rimo-appuntamento-dei-%c2%abgiovedi-di-sera%c2%bb\\\/#primaryimage\"},\"image\":{\"@id\":\"https:\\\/\\\/www.bellunopress.it\\\/2009\\\/07\\\/09\\\/brustolon-il-michelangelo-del-legno-ieri-sera-protagonista-al-rimo-appuntamento-dei-%c2%abgiovedi-di-sera%c2%bb\\\/#primaryimage\"},\"thumbnailUrl\":\"http:\\\/\\\/www.bellunopress.it\\\/wp-content\\\/uploads\\\/2009\\\/07\\\/brustolon-027.jpg\",\"datePublished\":\"2009-07-09T22:23:15+00:00\",\"dateModified\":\"2009-07-10T06:06:59+00:00\",\"breadcrumb\":{\"@id\":\"https:\\\/\\\/www.bellunopress.it\\\/2009\\\/07\\\/09\\\/brustolon-il-michelangelo-del-legno-ieri-sera-protagonista-al-rimo-appuntamento-dei-%c2%abgiovedi-di-sera%c2%bb\\\/#breadcrumb\"},\"inLanguage\":\"fr-FR\",\"potentialAction\":[{\"@type\":\"ReadAction\",\"target\":[\"https:\\\/\\\/www.bellunopress.it\\\/2009\\\/07\\\/09\\\/brustolon-il-michelangelo-del-legno-ieri-sera-protagonista-al-rimo-appuntamento-dei-%c2%abgiovedi-di-sera%c2%bb\\\/\"]}]},{\"@type\":\"ImageObject\",\"inLanguage\":\"fr-FR\",\"@id\":\"https:\\\/\\\/www.bellunopress.it\\\/2009\\\/07\\\/09\\\/brustolon-il-michelangelo-del-legno-ieri-sera-protagonista-al-rimo-appuntamento-dei-%c2%abgiovedi-di-sera%c2%bb\\\/#primaryimage\",\"url\":\"http:\\\/\\\/www.bellunopress.it\\\/wp-content\\\/uploads\\\/2009\\\/07\\\/brustolon-027.jpg\",\"contentUrl\":\"http:\\\/\\\/www.bellunopress.it\\\/wp-content\\\/uploads\\\/2009\\\/07\\\/brustolon-027.jpg\"},{\"@type\":\"BreadcrumbList\",\"@id\":\"https:\\\/\\\/www.bellunopress.it\\\/2009\\\/07\\\/09\\\/brustolon-il-michelangelo-del-legno-ieri-sera-protagonista-al-rimo-appuntamento-dei-%c2%abgiovedi-di-sera%c2%bb\\\/#breadcrumb\",\"itemListElement\":[{\"@type\":\"ListItem\",\"position\":1,\"name\":\"Home\",\"item\":\"https:\\\/\\\/www.bellunopress.it\\\/\"},{\"@type\":\"ListItem\",\"position\":2,\"name\":\"Brustolon, il &#8220;Michelangelo del legno&#8221;, ieri sera protagonista al primo appuntamento dei \u00abGioved\u00ec di sera\u00bb\"}]},{\"@type\":\"WebSite\",\"@id\":\"https:\\\/\\\/www.bellunopress.it\\\/#website\",\"url\":\"https:\\\/\\\/www.bellunopress.it\\\/\",\"name\":\"Bellunopress - Dolomiti\",\"description\":\"e-mail: redazione@bellunopress.it\",\"publisher\":{\"@id\":\"https:\\\/\\\/www.bellunopress.it\\\/#organization\"},\"potentialAction\":[{\"@type\":\"SearchAction\",\"target\":{\"@type\":\"EntryPoint\",\"urlTemplate\":\"https:\\\/\\\/www.bellunopress.it\\\/?s={search_term_string}\"},\"query-input\":{\"@type\":\"PropertyValueSpecification\",\"valueRequired\":true,\"valueName\":\"search_term_string\"}}],\"inLanguage\":\"fr-FR\"},{\"@type\":\"Organization\",\"@id\":\"https:\\\/\\\/www.bellunopress.it\\\/#organization\",\"name\":\"Bellunopress\",\"url\":\"https:\\\/\\\/www.bellunopress.it\\\/\",\"logo\":{\"@type\":\"ImageObject\",\"inLanguage\":\"fr-FR\",\"@id\":\"https:\\\/\\\/www.bellunopress.it\\\/#\\\/schema\\\/logo\\\/image\\\/\",\"url\":\"https:\\\/\\\/www.bellunopress.it\\\/wp-content\\\/uploads\\\/2011\\\/05\\\/cropped-logo-bellunopress-.jpg\",\"contentUrl\":\"https:\\\/\\\/www.bellunopress.it\\\/wp-content\\\/uploads\\\/2011\\\/05\\\/cropped-logo-bellunopress-.jpg\",\"width\":512,\"height\":512,\"caption\":\"Bellunopress\"},\"image\":{\"@id\":\"https:\\\/\\\/www.bellunopress.it\\\/#\\\/schema\\\/logo\\\/image\\\/\"},\"sameAs\":[\"https:\\\/\\\/www.facebook.com\\\/profile.php?id=100008943462799\",\"https:\\\/\\\/x.com\\\/bellunopress\",\"https:\\\/\\\/www.linkedin.com\\\/hp\\\/?dnr=JBzUWaJfMUw8vbXJJ2tVW5-I3jZKvC4wsoxE&amp;amp;amp;amp;amp;amp;trk=nav_responsive_tab_home\",\"https:\\\/\\\/www.youtube.com\\\/channel\\\/UCxL0wu1uN0_3_7hGG0306cw\"]},{\"@type\":\"Person\",\"@id\":\"https:\\\/\\\/www.bellunopress.it\\\/#\\\/schema\\\/person\\\/79bb06722b37ece1c03d3e94beb30d73\",\"name\":\"redazione\",\"image\":{\"@type\":\"ImageObject\",\"inLanguage\":\"fr-FR\",\"@id\":\"https:\\\/\\\/secure.gravatar.com\\\/avatar\\\/37d968a2e67a6fd04c169c4bdef102d0bc5d31b2546345219e348575eb80e9a0?s=96&d=mm&r=g\",\"url\":\"https:\\\/\\\/secure.gravatar.com\\\/avatar\\\/37d968a2e67a6fd04c169c4bdef102d0bc5d31b2546345219e348575eb80e9a0?s=96&d=mm&r=g\",\"contentUrl\":\"https:\\\/\\\/secure.gravatar.com\\\/avatar\\\/37d968a2e67a6fd04c169c4bdef102d0bc5d31b2546345219e348575eb80e9a0?s=96&d=mm&r=g\",\"caption\":\"redazione\"},\"sameAs\":[\"http:\\\/\\\/www.bellunopress.it\",\"https:\\\/\\\/x.com\\\/bellunopress\"],\"url\":\"https:\\\/\\\/www.bellunopress.it\\\/fr\\\/author\\\/redazione\\\/\"}]}<\/script>\n<!-- \/ Yoast SEO plugin. -->","yoast_head_json":{"title":"Brustolon, il \"Michelangelo del legno\", ieri sera protagonista al primo appuntamento dei \u00abGioved\u00ec di sera\u00bb  - Bellunopress - Dolomiti","robots":{"index":"index","follow":"follow","max-snippet":"max-snippet:-1","max-image-preview":"max-image-preview:large","max-video-preview":"max-video-preview:-1"},"canonical":"https:\/\/www.bellunopress.it\/fr\/2009\/07\/09\/brustolon-il-michelangelo-del-legno-ieri-sera-protagonista-al-rimo-appuntamento-dei-\u00abgiovedi-di-sera\u00bb\/","og_locale":"fr_FR","og_type":"article","og_title":"Brustolon, il \"Michelangelo del legno\", ieri sera protagonista al primo appuntamento dei \u00abGioved\u00ec di sera\u00bb  - Bellunopress - Dolomiti","og_description":"Il Duomo di Belluno e il palazzo dell&#8217;ex Tribunale hanno reso omaggio ieri sera all&#8217;arte di Andrea Brustolon, il &#8220;Michelangelo del legno&#8221;. Le suggestive immagini delle sue opere, infatti, sono state proiettate sulle facciate di Piazza Duomo, alternando la sequenza (realizzata dall&#8217;Associazione Culturale &#8220;Il parallelo multivisioni di Padova e l&#8217;Associazione culturale 360 di Belluno, su [&hellip;]","og_url":"https:\/\/www.bellunopress.it\/fr\/2009\/07\/09\/brustolon-il-michelangelo-del-legno-ieri-sera-protagonista-al-rimo-appuntamento-dei-\u00abgiovedi-di-sera\u00bb\/","og_site_name":"Bellunopress - Dolomiti","article_publisher":"https:\/\/www.facebook.com\/profile.php?id=100008943462799","article_published_time":"2009-07-09T22:23:15+00:00","article_modified_time":"2009-07-10T06:06:59+00:00","og_image":[{"url":"http:\/\/www.bellunopress.it\/wp-content\/uploads\/2009\/07\/brustolon-027.jpg","type":"","width":"","height":""}],"author":"redazione","twitter_card":"summary_large_image","twitter_creator":"@bellunopress","twitter_site":"@bellunopress","twitter_misc":{"\u00c9crit par":"redazione","Dur\u00e9e de lecture estim\u00e9e":"1 minute"},"schema":{"@context":"https:\/\/schema.org","@graph":[{"@type":"Article","@id":"https:\/\/www.bellunopress.it\/2009\/07\/09\/brustolon-il-michelangelo-del-legno-ieri-sera-protagonista-al-rimo-appuntamento-dei-%c2%abgiovedi-di-sera%c2%bb\/#article","isPartOf":{"@id":"https:\/\/www.bellunopress.it\/2009\/07\/09\/brustolon-il-michelangelo-del-legno-ieri-sera-protagonista-al-rimo-appuntamento-dei-%c2%abgiovedi-di-sera%c2%bb\/"},"author":{"name":"redazione","@id":"https:\/\/www.bellunopress.it\/#\/schema\/person\/79bb06722b37ece1c03d3e94beb30d73"},"headline":"Brustolon, il &#8220;Michelangelo del legno&#8221;, ieri sera protagonista al primo appuntamento dei \u00abGioved\u00ec di sera\u00bb","datePublished":"2009-07-09T22:23:15+00:00","dateModified":"2009-07-10T06:06:59+00:00","mainEntityOfPage":{"@id":"https:\/\/www.bellunopress.it\/2009\/07\/09\/brustolon-il-michelangelo-del-legno-ieri-sera-protagonista-al-rimo-appuntamento-dei-%c2%abgiovedi-di-sera%c2%bb\/"},"wordCount":249,"publisher":{"@id":"https:\/\/www.bellunopress.it\/#organization"},"image":{"@id":"https:\/\/www.bellunopress.it\/2009\/07\/09\/brustolon-il-michelangelo-del-legno-ieri-sera-protagonista-al-rimo-appuntamento-dei-%c2%abgiovedi-di-sera%c2%bb\/#primaryimage"},"thumbnailUrl":"http:\/\/www.bellunopress.it\/wp-content\/uploads\/2009\/07\/brustolon-027.jpg","keywords":["Belluno"],"articleSection":["Arte, Cultura, Spettacoli, Scienza"],"inLanguage":"fr-FR"},{"@type":"WebPage","@id":"https:\/\/www.bellunopress.it\/2009\/07\/09\/brustolon-il-michelangelo-del-legno-ieri-sera-protagonista-al-rimo-appuntamento-dei-%c2%abgiovedi-di-sera%c2%bb\/","url":"https:\/\/www.bellunopress.it\/2009\/07\/09\/brustolon-il-michelangelo-del-legno-ieri-sera-protagonista-al-rimo-appuntamento-dei-%c2%abgiovedi-di-sera%c2%bb\/","name":"Brustolon, il \"Michelangelo del legno\", ieri sera protagonista al primo appuntamento dei \u00abGioved\u00ec di sera\u00bb - Bellunopress - Dolomiti","isPartOf":{"@id":"https:\/\/www.bellunopress.it\/#website"},"primaryImageOfPage":{"@id":"https:\/\/www.bellunopress.it\/2009\/07\/09\/brustolon-il-michelangelo-del-legno-ieri-sera-protagonista-al-rimo-appuntamento-dei-%c2%abgiovedi-di-sera%c2%bb\/#primaryimage"},"image":{"@id":"https:\/\/www.bellunopress.it\/2009\/07\/09\/brustolon-il-michelangelo-del-legno-ieri-sera-protagonista-al-rimo-appuntamento-dei-%c2%abgiovedi-di-sera%c2%bb\/#primaryimage"},"thumbnailUrl":"http:\/\/www.bellunopress.it\/wp-content\/uploads\/2009\/07\/brustolon-027.jpg","datePublished":"2009-07-09T22:23:15+00:00","dateModified":"2009-07-10T06:06:59+00:00","breadcrumb":{"@id":"https:\/\/www.bellunopress.it\/2009\/07\/09\/brustolon-il-michelangelo-del-legno-ieri-sera-protagonista-al-rimo-appuntamento-dei-%c2%abgiovedi-di-sera%c2%bb\/#breadcrumb"},"inLanguage":"fr-FR","potentialAction":[{"@type":"ReadAction","target":["https:\/\/www.bellunopress.it\/2009\/07\/09\/brustolon-il-michelangelo-del-legno-ieri-sera-protagonista-al-rimo-appuntamento-dei-%c2%abgiovedi-di-sera%c2%bb\/"]}]},{"@type":"ImageObject","inLanguage":"fr-FR","@id":"https:\/\/www.bellunopress.it\/2009\/07\/09\/brustolon-il-michelangelo-del-legno-ieri-sera-protagonista-al-rimo-appuntamento-dei-%c2%abgiovedi-di-sera%c2%bb\/#primaryimage","url":"http:\/\/www.bellunopress.it\/wp-content\/uploads\/2009\/07\/brustolon-027.jpg","contentUrl":"http:\/\/www.bellunopress.it\/wp-content\/uploads\/2009\/07\/brustolon-027.jpg"},{"@type":"BreadcrumbList","@id":"https:\/\/www.bellunopress.it\/2009\/07\/09\/brustolon-il-michelangelo-del-legno-ieri-sera-protagonista-al-rimo-appuntamento-dei-%c2%abgiovedi-di-sera%c2%bb\/#breadcrumb","itemListElement":[{"@type":"ListItem","position":1,"name":"Home","item":"https:\/\/www.bellunopress.it\/"},{"@type":"ListItem","position":2,"name":"Brustolon, il &#8220;Michelangelo del legno&#8221;, ieri sera protagonista al primo appuntamento dei \u00abGioved\u00ec di sera\u00bb"}]},{"@type":"WebSite","@id":"https:\/\/www.bellunopress.it\/#website","url":"https:\/\/www.bellunopress.it\/","name":"Bellunopress - Dolomiti","description":"e-mail: redazione@bellunopress.it","publisher":{"@id":"https:\/\/www.bellunopress.it\/#organization"},"potentialAction":[{"@type":"SearchAction","target":{"@type":"EntryPoint","urlTemplate":"https:\/\/www.bellunopress.it\/?s={search_term_string}"},"query-input":{"@type":"PropertyValueSpecification","valueRequired":true,"valueName":"search_term_string"}}],"inLanguage":"fr-FR"},{"@type":"Organization","@id":"https:\/\/www.bellunopress.it\/#organization","name":"Bellunopress","url":"https:\/\/www.bellunopress.it\/","logo":{"@type":"ImageObject","inLanguage":"fr-FR","@id":"https:\/\/www.bellunopress.it\/#\/schema\/logo\/image\/","url":"https:\/\/www.bellunopress.it\/wp-content\/uploads\/2011\/05\/cropped-logo-bellunopress-.jpg","contentUrl":"https:\/\/www.bellunopress.it\/wp-content\/uploads\/2011\/05\/cropped-logo-bellunopress-.jpg","width":512,"height":512,"caption":"Bellunopress"},"image":{"@id":"https:\/\/www.bellunopress.it\/#\/schema\/logo\/image\/"},"sameAs":["https:\/\/www.facebook.com\/profile.php?id=100008943462799","https:\/\/x.com\/bellunopress","https:\/\/www.linkedin.com\/hp\/?dnr=JBzUWaJfMUw8vbXJJ2tVW5-I3jZKvC4wsoxE&amp;amp;amp;amp;amp;amp;trk=nav_responsive_tab_home","https:\/\/www.youtube.com\/channel\/UCxL0wu1uN0_3_7hGG0306cw"]},{"@type":"Person","@id":"https:\/\/www.bellunopress.it\/#\/schema\/person\/79bb06722b37ece1c03d3e94beb30d73","name":"r\u00e9daction","image":{"@type":"ImageObject","inLanguage":"fr-FR","@id":"https:\/\/secure.gravatar.com\/avatar\/37d968a2e67a6fd04c169c4bdef102d0bc5d31b2546345219e348575eb80e9a0?s=96&d=mm&r=g","url":"https:\/\/secure.gravatar.com\/avatar\/37d968a2e67a6fd04c169c4bdef102d0bc5d31b2546345219e348575eb80e9a0?s=96&d=mm&r=g","contentUrl":"https:\/\/secure.gravatar.com\/avatar\/37d968a2e67a6fd04c169c4bdef102d0bc5d31b2546345219e348575eb80e9a0?s=96&d=mm&r=g","caption":"redazione"},"sameAs":["http:\/\/www.bellunopress.it","https:\/\/x.com\/bellunopress"],"url":"https:\/\/www.bellunopress.it\/fr\/author\/redazione\/"}]}},"_links":{"self":[{"href":"https:\/\/www.bellunopress.it\/fr\/wp-json\/wp\/v2\/posts\/5806","targetHints":{"allow":["GET"]}}],"collection":[{"href":"https:\/\/www.bellunopress.it\/fr\/wp-json\/wp\/v2\/posts"}],"about":[{"href":"https:\/\/www.bellunopress.it\/fr\/wp-json\/wp\/v2\/types\/post"}],"author":[{"embeddable":true,"href":"https:\/\/www.bellunopress.it\/fr\/wp-json\/wp\/v2\/users\/2"}],"replies":[{"embeddable":true,"href":"https:\/\/www.bellunopress.it\/fr\/wp-json\/wp\/v2\/comments?post=5806"}],"version-history":[{"count":2,"href":"https:\/\/www.bellunopress.it\/fr\/wp-json\/wp\/v2\/posts\/5806\/revisions"}],"predecessor-version":[{"id":5815,"href":"https:\/\/www.bellunopress.it\/fr\/wp-json\/wp\/v2\/posts\/5806\/revisions\/5815"}],"wp:attachment":[{"href":"https:\/\/www.bellunopress.it\/fr\/wp-json\/wp\/v2\/media?parent=5806"}],"wp:term":[{"taxonomy":"category","embeddable":true,"href":"https:\/\/www.bellunopress.it\/fr\/wp-json\/wp\/v2\/categories?post=5806"},{"taxonomy":"post_tag","embeddable":true,"href":"https:\/\/www.bellunopress.it\/fr\/wp-json\/wp\/v2\/tags?post=5806"}],"curies":[{"name":"wp","href":"https:\/\/api.w.org\/{rel}","templated":true}]}}