{"id":5786,"date":"2009-07-09T13:32:54","date_gmt":"2009-07-09T12:32:54","guid":{"rendered":"http:\/\/www.bellunopress.it\/?p=5786"},"modified":"2009-07-09T13:37:29","modified_gmt":"2009-07-09T12:37:29","slug":"la-regina-delle-dolomiti-propone-cortina-in-croda","status":"publish","type":"post","link":"https:\/\/www.bellunopress.it\/fr\/2009\/07\/09\/la-regina-delle-dolomiti-propone-cortina-in-croda\/","title":{"rendered":"La Regina delle Dolomiti propone &#8220;Cortina in Croda&#8221;"},"content":{"rendered":"<p><a href=\"http:\/\/www.bellunopress.it\/wp-content\/uploads\/2009\/07\/cortinaincroda-leggera.jpg\"><img loading=\"lazy\" decoding=\"async\" class=\"alignleft size-medium wp-image-5787\" title=\"cortinaincroda-leggera\" src=\"http:\/\/www.bellunopress.it\/wp-content\/uploads\/2009\/07\/cortinaincroda-leggera-300x155.jpg\" alt=\"\" width=\"300\" height=\"155\" \/><\/a>Poesia, adrenalina, scrittura, cinema, musica, montagne, sogni, avventura, tecnologia, giornalismo, personaggi, ricordi, futuro. Sono questi gli ingredienti della prima edizione di \u201cCortina In croda\u201d che dal primo luglio al primo agosto celebra i Settanta anni della nascita degli Scoiattoli, storico sodalizio ampezzano. L\u2019idea \u00e8 dell\u2019Amministrazione comunale di Cortina, firmata dal gruppo degli Scoiattoli e diretta artisticamente da Andrea Gris. 1939-2009, la leggenda degli Scoiattoli continua. Le crode la loro terra, le stelle la loro vetta!<br \/>\n<a href=\"http:\/\/www.bellunopress.it\/wp-content\/uploads\/2009\/07\/zardini-gris-brenna-58-leggera1.jpg\"><img loading=\"lazy\" decoding=\"async\" class=\"alignleft size-medium wp-image-5790\" title=\"zardini-gris-brenna-58-leggera1\" src=\"http:\/\/www.bellunopress.it\/wp-content\/uploads\/2009\/07\/zardini-gris-brenna-58-leggera1.jpg\" alt=\"\" width=\"270\" height=\"203\" \/><\/a>Il prossimo appuntamento nel fitto calendario di \u201cCortina inCroda\u201d \u00e8 per gioved\u00ec 9 luglio alle 21 al teatro Alexander Girardi. &#8220;InCRODA c&#8217;e&#8217;: &#8216;No Barries Dolomiti&#8217;. Special guest Alex Zanardi&#8221;. Gli Scoiattoli raccontano con l&#8217;associazione cortinese una montagna che pochi conoscono. Ospite un grande uomo, un personaggio, un padre di famiglia ma sopratutto un esempio al mondo di grande impatto emotivo. \u201cCortina inCroda\u201d e&#8217; orgogliosa di questa presenza! Ingresso libero!<br \/>\nAlex Zanardi, uomo dall\u2019invidiabile forza umana, ha accettato con entusiasmo di essere presente alla seconda serata di \u201cCortina inCroda\u201d. Alex Zanardi \u00e8 nato a Bologna il 23 ottobre 1966 e a 14 anni ha cominciato a correre con il kart. Nel giro di pochi anni divent\u00f2 un ottimo pilota e, dopo alcuni anni di gavetta, esord\u00ec nel 1989 nel Campionato di Formula 3 italiano dove ottenne buonissimi risultati.<br \/>\nPilota automobilistico presenti in 41 Gran Premi di Formula 1, campione Champ Car nel 1997 e nel 1998 e del Campionato Italiano Superturismo nel 2005. Il 15 settembre 2001 rimase gravemente ferito, tanto che gli furono amputate le gambe, a 34 anni, in un incidente sul circuito del Lausitzring.<br \/>\nNonostante il grave handicap fisico, dopo una lunghissima riabilitazione Zanardi torn\u00f2 a camminare grazie all&#8217;uso di apposite protesi, e quindi decise di ritornare anche alla guida di vetture da corsa. Scherzando sulla sua menomazione ha affermato che, \u00abse si dovesse rompere di nuovo le gambe, questa volta basterebbe soltanto una chiave a brugola per rimetterlo in piedi\u00bb, e che \u00abora non rischia pi\u00f9 di buscarsi un raffreddore camminando scalzo.. \u00bb Zanardi sar\u00e0 sul palco di \u201cCortina inCroda\u201d per raccontare come vive e ha vissuto la montagna. Sul palco con lui ci saranno Michela Majoni, lo scoiattolo Ugo Pompanin e Paolo Pompanin esponenti dell\u2019associazione\u00a0 \u201cNo Barriers Dolomiti\u201d.\u00a0 \u201cNo Barriers Dolomiti\u201d \u00e8 l\u2019associazione che porta avanti \u00abnon solo un nome, ma un modo di essere\u00bb. \u00abNo Barriers Dolomiti \u00e8 l&#8217;atteggiamento di chi vuole avventurarsi nell&#8217;ambiente montano e trovare un modo per realizzare a qualsiasi costo i propri sogni\u00bb. Lo scopo principale di \u201cNo Barriers Dolomiti\u201d \u00e8 quello di facilitare lo scambio di conoscenze tra le persone con disabilit\u00e0 e coloro che si occupano di tecnologie assistive, promovendo in tal modo la collaborazione e migliorando l\u2019efficacia degli attuali approcci riabilitativi.<br \/>\nZanardi, testimonial con Oscar Pistorius della Maratona di Venezia, dal palco di \u201cCortina inCroda\u201d racconter\u00e0 le sue gite con le guide alpine attraverso le Dolomiti. A Cortina d\u2019Ampezzo ha attraversato i boschi e i sentieri ed ha raggiunto molti rifugi dai quali ha potuto godere di panorami mozzafiato. Marco Sala, che con gli Scoiattoli ha partecipato nel 2004 alla spedizione sul K2, ricorda con piacere i momenti che Zanardi ha passato al suo rifugio Staulanza.<br \/>\nDurante la serata ci sar\u00e0 un intervento anche del campione ampezzano Kristian Ghedina. Il pilota \u00e8 impegnato con la Nazionale Piloti e sta facendo di tutto per riuscire a liberarsi e a raggiungere la Regina delle Dolomiti per la seconda serata di \u201cCortina inCroda\u201d. Se non dovesse riuscirci interverr\u00e0 con un collegamento telefonico. Ghedina \u00e8 legato a Zanardi da un profondo rapporto di amicizia e di stima. E\u2019 stato lo stesso Zanardi a trasmettergli la passione per le auto e a regalargli il volante che tanta fortuna ha portato al Ghedo. Insieme Ghedina e Zanardi hanno partecipato al Progetto SciAbile, la scuola di sci per diversamente abili di Sauze D\u2019Oulx (Torino) nata sei anni fa.<br \/>\n\u00abBisogna osservarli\u00bb, \u00e8 il commento di Ghedina dopo aver sciato con i ragazzi diversamente abili, \u00abper capire davvero cosa significa avere forza di volont\u00e0. Il loro impegno \u00e8 sorprendente\u00bb.<\/p>\n<p>Il prossimo appuntamento nel fitto calendario di \u201cCortina inCroda\u201d \u00e8 per sabato 11 luglio alle 21 al teatro Alexander Girardi. \u201cCortina inCroda\u201d propone: La scrittura in rosso. Da Cenacchi a Buzzatti. Il libro, la lettura, le immagini che diventano racconto! L\u2019omaggio ad un amico a i suoi amici di lettura in un viaggio tra parole e pensieri.<br \/>\nIn tutte le serate al cinema teatro Alexander Girardi di Cortina interverr\u00e0 lo scrittore, alpinista e amico degli Scoiattoli Mauro Corona, opinionista di \u201cCortina inCroda\u201d.<br \/>\nTutte le serate al cinema teatro Alexander Girardi sono ad ingresso libero.<\/p>\n<p>Presso l\u2019Ufficio Informazioni del Consorzio \u201cCortina Turismo\u201d in piazza Roma \u00e8 aperta la prenotazione dei biglietti per partecipare alla festa finale di \u201cCortina inCroda\u201d, il Party Verticale, che si terr\u00e0 il 1\u00b0 agosto al rifugio Scoiattoli in Cinque Torri con la musica di Dj Set Alessio Bertallot. Il biglietto costa 25 Euro e comprende la salita e la discesa in seggiovia, un gadget pensato dagli Scoiattoli per celebrare il loro settantesimo anno di nascita e la cena al rifugio Scoiattoli.<br \/>\nLe simpatiche magliette rosse del Settantesimo, le giacche e le scarpe degli Scoiattoli, sono in vendita anche presso il negozio K2 Sport di Mario Lacedelli in via Cesare Battisti a Cortina d\u2019Ampezzo.<\/p>\n<p>Durante le serate al cinema teatro Alexander Girardi, tutte ad ingresso libero,<br \/>\nsar\u00e0 possibile acquistare<br \/>\nil vino etichettato per il settantesimo prodotto dalla Cooperativa \u201cCento pi\u00f9 uno Gris\u201d, le bandiere degli Scoiattoli che ormai sventolano in tutta Cortina d\u2019Ampezzo, le magliette rosse del settantesimo, le tazze e gli altri simpatici gadget che il sodalizio ampezzano ha realizzato per ricordare i Settanta anni dalla loro fondazione.<\/p>\n<p>Cortina inCroda:<br \/>\nUn&#8217;idea firmata dal Comune di Cortina d&#8217;Ampezzo, Assessorato alla cultura.<br \/>\nOrganizzazione: Gruppo Scoiattoli Cortina<br \/>\nDirezione artistica e regia: Andrea Gris.<br \/>\nCuratori: Mario Lacedelli, Stefano Dimai, Andrea Gris<br \/>\nProgetto grafico: Letizia Viel<br \/>\nImmagini e fotografie: Giuseppe Ghedina<br \/>\nRiprese e montaggio: Alessandro Manaigo<br \/>\nMusiche: Alessio Bertallot<br \/>\nRadio partner: Radio Cortina<br \/>\nOrganizzazione logistica: Gis Cortina<br \/>\nCoordinamento gestione: Assessorato alla cultura<\/p>\n<p>Hanno collaborato alla riuscita dell\u2019iniziativa : JAS, Eider, Zardini l\u2019arte del Calore, Zardini Stufe artigianali in ceramica, Cassa Rurale ed Artigiana di cortina d\u2019Ampezzo e delle dolomiti, La cooperativa di Cortina, Seggiovie 5 Torri, Majoni Elettrotecnica, S.C.I.A., Drop, Barilla, K2 abbigliamento, Scarpa, Camp, Radio Cortina e Corriere delle Alpi.<\/p>","protected":false},"excerpt":{"rendered":"<p>Poesia, adrenalina, scrittura, cinema, musica, montagne, sogni, avventura, tecnologia, giornalismo, personaggi, ricordi, futuro. Sono questi gli ingredienti della prima edizione di \u201cCortina In croda\u201d che dal primo luglio al primo agosto celebra i Settanta anni della nascita degli Scoiattoli, storico sodalizio ampezzano. L\u2019idea \u00e8 dell\u2019Amministrazione comunale di Cortina, firmata dal gruppo degli Scoiattoli e diretta [&hellip;]<\/p>\n","protected":false},"author":2,"featured_media":0,"comment_status":"closed","ping_status":"open","sticky":false,"template":"","format":"standard","meta":{"footnotes":""},"categories":[3,25],"tags":[139,63],"class_list":["post-5786","post","type-post","status-publish","format-standard","category-arte-cultura-spettacoli-scienza-archivi","category-pausa-caffe","tag-belluno","tag-dolomiti"],"yoast_head":"<!-- This site is optimized with the Yoast SEO plugin v28.4 - https:\/\/yoast.com\/product\/yoast-seo-wordpress\/ -->\n<title>La Regina delle Dolomiti propone &quot;Cortina in Croda&quot; - Bellunopress - Dolomiti<\/title>\n<meta name=\"robots\" content=\"index, follow, max-snippet:-1, max-image-preview:large, max-video-preview:-1\" \/>\n<link rel=\"canonical\" href=\"https:\/\/www.bellunopress.it\/fr\/2009\/07\/09\/la-regina-delle-dolomiti-propone-cortina-in-croda\/\" \/>\n<meta property=\"og:locale\" content=\"fr_FR\" \/>\n<meta property=\"og:type\" content=\"article\" \/>\n<meta property=\"og:title\" content=\"La Regina delle Dolomiti propone &quot;Cortina in Croda&quot; - Bellunopress - Dolomiti\" \/>\n<meta property=\"og:description\" content=\"Poesia, adrenalina, scrittura, cinema, musica, montagne, sogni, avventura, tecnologia, giornalismo, personaggi, ricordi, futuro. Sono questi gli ingredienti della prima edizione di \u201cCortina In croda\u201d che dal primo luglio al primo agosto celebra i Settanta anni della nascita degli Scoiattoli, storico sodalizio ampezzano. L\u2019idea \u00e8 dell\u2019Amministrazione comunale di Cortina, firmata dal gruppo degli Scoiattoli e diretta [&hellip;]\" \/>\n<meta property=\"og:url\" content=\"https:\/\/www.bellunopress.it\/fr\/2009\/07\/09\/la-regina-delle-dolomiti-propone-cortina-in-croda\/\" \/>\n<meta property=\"og:site_name\" content=\"Bellunopress - Dolomiti\" \/>\n<meta property=\"article:publisher\" content=\"https:\/\/www.facebook.com\/profile.php?id=100008943462799\" \/>\n<meta property=\"article:published_time\" content=\"2009-07-09T12:32:54+00:00\" \/>\n<meta property=\"article:modified_time\" content=\"2009-07-09T12:37:29+00:00\" \/>\n<meta property=\"og:image\" content=\"http:\/\/www.bellunopress.it\/wp-content\/uploads\/2009\/07\/cortinaincroda-leggera-300x155.jpg\" \/>\n<meta name=\"author\" content=\"redazione\" \/>\n<meta name=\"twitter:card\" content=\"summary_large_image\" \/>\n<meta name=\"twitter:creator\" content=\"@bellunopress\" \/>\n<meta name=\"twitter:site\" content=\"@bellunopress\" \/>\n<meta name=\"twitter:label1\" content=\"\u00c9crit par\" \/>\n\t<meta name=\"twitter:data1\" content=\"redazione\" \/>\n\t<meta name=\"twitter:label2\" content=\"Dur\u00e9e de lecture estim\u00e9e\" \/>\n\t<meta name=\"twitter:data2\" content=\"5 minutes\" \/>\n<script type=\"application\/ld+json\" class=\"yoast-schema-graph\">{\"@context\":\"https:\\\/\\\/schema.org\",\"@graph\":[{\"@type\":\"Article\",\"@id\":\"https:\\\/\\\/www.bellunopress.it\\\/2009\\\/07\\\/09\\\/la-regina-delle-dolomiti-propone-cortina-in-croda\\\/#article\",\"isPartOf\":{\"@id\":\"https:\\\/\\\/www.bellunopress.it\\\/2009\\\/07\\\/09\\\/la-regina-delle-dolomiti-propone-cortina-in-croda\\\/\"},\"author\":{\"name\":\"redazione\",\"@id\":\"https:\\\/\\\/www.bellunopress.it\\\/#\\\/schema\\\/person\\\/79bb06722b37ece1c03d3e94beb30d73\"},\"headline\":\"La Regina delle Dolomiti propone &#8220;Cortina in Croda&#8221;\",\"datePublished\":\"2009-07-09T12:32:54+00:00\",\"dateModified\":\"2009-07-09T12:37:29+00:00\",\"mainEntityOfPage\":{\"@id\":\"https:\\\/\\\/www.bellunopress.it\\\/2009\\\/07\\\/09\\\/la-regina-delle-dolomiti-propone-cortina-in-croda\\\/\"},\"wordCount\":1044,\"publisher\":{\"@id\":\"https:\\\/\\\/www.bellunopress.it\\\/#organization\"},\"image\":{\"@id\":\"https:\\\/\\\/www.bellunopress.it\\\/2009\\\/07\\\/09\\\/la-regina-delle-dolomiti-propone-cortina-in-croda\\\/#primaryimage\"},\"thumbnailUrl\":\"http:\\\/\\\/www.bellunopress.it\\\/wp-content\\\/uploads\\\/2009\\\/07\\\/cortinaincroda-leggera-300x155.jpg\",\"keywords\":[\"Belluno\",\"Dolomiti\"],\"articleSection\":[\"Arte, Cultura, Spettacoli, Scienza\",\"Pausa Caff\u00e8\"],\"inLanguage\":\"fr-FR\"},{\"@type\":\"WebPage\",\"@id\":\"https:\\\/\\\/www.bellunopress.it\\\/2009\\\/07\\\/09\\\/la-regina-delle-dolomiti-propone-cortina-in-croda\\\/\",\"url\":\"https:\\\/\\\/www.bellunopress.it\\\/2009\\\/07\\\/09\\\/la-regina-delle-dolomiti-propone-cortina-in-croda\\\/\",\"name\":\"La Regina delle Dolomiti propone \\\"Cortina in Croda\\\" - Bellunopress - Dolomiti\",\"isPartOf\":{\"@id\":\"https:\\\/\\\/www.bellunopress.it\\\/#website\"},\"primaryImageOfPage\":{\"@id\":\"https:\\\/\\\/www.bellunopress.it\\\/2009\\\/07\\\/09\\\/la-regina-delle-dolomiti-propone-cortina-in-croda\\\/#primaryimage\"},\"image\":{\"@id\":\"https:\\\/\\\/www.bellunopress.it\\\/2009\\\/07\\\/09\\\/la-regina-delle-dolomiti-propone-cortina-in-croda\\\/#primaryimage\"},\"thumbnailUrl\":\"http:\\\/\\\/www.bellunopress.it\\\/wp-content\\\/uploads\\\/2009\\\/07\\\/cortinaincroda-leggera-300x155.jpg\",\"datePublished\":\"2009-07-09T12:32:54+00:00\",\"dateModified\":\"2009-07-09T12:37:29+00:00\",\"breadcrumb\":{\"@id\":\"https:\\\/\\\/www.bellunopress.it\\\/2009\\\/07\\\/09\\\/la-regina-delle-dolomiti-propone-cortina-in-croda\\\/#breadcrumb\"},\"inLanguage\":\"fr-FR\",\"potentialAction\":[{\"@type\":\"ReadAction\",\"target\":[\"https:\\\/\\\/www.bellunopress.it\\\/2009\\\/07\\\/09\\\/la-regina-delle-dolomiti-propone-cortina-in-croda\\\/\"]}]},{\"@type\":\"ImageObject\",\"inLanguage\":\"fr-FR\",\"@id\":\"https:\\\/\\\/www.bellunopress.it\\\/2009\\\/07\\\/09\\\/la-regina-delle-dolomiti-propone-cortina-in-croda\\\/#primaryimage\",\"url\":\"http:\\\/\\\/www.bellunopress.it\\\/wp-content\\\/uploads\\\/2009\\\/07\\\/cortinaincroda-leggera-300x155.jpg\",\"contentUrl\":\"http:\\\/\\\/www.bellunopress.it\\\/wp-content\\\/uploads\\\/2009\\\/07\\\/cortinaincroda-leggera-300x155.jpg\"},{\"@type\":\"BreadcrumbList\",\"@id\":\"https:\\\/\\\/www.bellunopress.it\\\/2009\\\/07\\\/09\\\/la-regina-delle-dolomiti-propone-cortina-in-croda\\\/#breadcrumb\",\"itemListElement\":[{\"@type\":\"ListItem\",\"position\":1,\"name\":\"Home\",\"item\":\"https:\\\/\\\/www.bellunopress.it\\\/\"},{\"@type\":\"ListItem\",\"position\":2,\"name\":\"La Regina delle Dolomiti propone &#8220;Cortina in Croda&#8221;\"}]},{\"@type\":\"WebSite\",\"@id\":\"https:\\\/\\\/www.bellunopress.it\\\/#website\",\"url\":\"https:\\\/\\\/www.bellunopress.it\\\/\",\"name\":\"Bellunopress - Dolomiti\",\"description\":\"e-mail: redazione@bellunopress.it\",\"publisher\":{\"@id\":\"https:\\\/\\\/www.bellunopress.it\\\/#organization\"},\"potentialAction\":[{\"@type\":\"SearchAction\",\"target\":{\"@type\":\"EntryPoint\",\"urlTemplate\":\"https:\\\/\\\/www.bellunopress.it\\\/?s={search_term_string}\"},\"query-input\":{\"@type\":\"PropertyValueSpecification\",\"valueRequired\":true,\"valueName\":\"search_term_string\"}}],\"inLanguage\":\"fr-FR\"},{\"@type\":\"Organization\",\"@id\":\"https:\\\/\\\/www.bellunopress.it\\\/#organization\",\"name\":\"Bellunopress\",\"url\":\"https:\\\/\\\/www.bellunopress.it\\\/\",\"logo\":{\"@type\":\"ImageObject\",\"inLanguage\":\"fr-FR\",\"@id\":\"https:\\\/\\\/www.bellunopress.it\\\/#\\\/schema\\\/logo\\\/image\\\/\",\"url\":\"https:\\\/\\\/www.bellunopress.it\\\/wp-content\\\/uploads\\\/2011\\\/05\\\/cropped-logo-bellunopress-.jpg\",\"contentUrl\":\"https:\\\/\\\/www.bellunopress.it\\\/wp-content\\\/uploads\\\/2011\\\/05\\\/cropped-logo-bellunopress-.jpg\",\"width\":512,\"height\":512,\"caption\":\"Bellunopress\"},\"image\":{\"@id\":\"https:\\\/\\\/www.bellunopress.it\\\/#\\\/schema\\\/logo\\\/image\\\/\"},\"sameAs\":[\"https:\\\/\\\/www.facebook.com\\\/profile.php?id=100008943462799\",\"https:\\\/\\\/x.com\\\/bellunopress\",\"https:\\\/\\\/www.linkedin.com\\\/hp\\\/?dnr=JBzUWaJfMUw8vbXJJ2tVW5-I3jZKvC4wsoxE&amp;amp;amp;amp;amp;amp;trk=nav_responsive_tab_home\",\"https:\\\/\\\/www.youtube.com\\\/channel\\\/UCxL0wu1uN0_3_7hGG0306cw\"]},{\"@type\":\"Person\",\"@id\":\"https:\\\/\\\/www.bellunopress.it\\\/#\\\/schema\\\/person\\\/79bb06722b37ece1c03d3e94beb30d73\",\"name\":\"redazione\",\"image\":{\"@type\":\"ImageObject\",\"inLanguage\":\"fr-FR\",\"@id\":\"https:\\\/\\\/secure.gravatar.com\\\/avatar\\\/37d968a2e67a6fd04c169c4bdef102d0bc5d31b2546345219e348575eb80e9a0?s=96&d=mm&r=g\",\"url\":\"https:\\\/\\\/secure.gravatar.com\\\/avatar\\\/37d968a2e67a6fd04c169c4bdef102d0bc5d31b2546345219e348575eb80e9a0?s=96&d=mm&r=g\",\"contentUrl\":\"https:\\\/\\\/secure.gravatar.com\\\/avatar\\\/37d968a2e67a6fd04c169c4bdef102d0bc5d31b2546345219e348575eb80e9a0?s=96&d=mm&r=g\",\"caption\":\"redazione\"},\"sameAs\":[\"http:\\\/\\\/www.bellunopress.it\",\"https:\\\/\\\/x.com\\\/bellunopress\"],\"url\":\"https:\\\/\\\/www.bellunopress.it\\\/fr\\\/author\\\/redazione\\\/\"}]}<\/script>\n<!-- \/ Yoast SEO plugin. -->","yoast_head_json":{"title":"La Regina delle Dolomiti propone \"Cortina in Croda\" - Bellunopress - Dolomiti","robots":{"index":"index","follow":"follow","max-snippet":"max-snippet:-1","max-image-preview":"max-image-preview:large","max-video-preview":"max-video-preview:-1"},"canonical":"https:\/\/www.bellunopress.it\/fr\/2009\/07\/09\/la-regina-delle-dolomiti-propone-cortina-in-croda\/","og_locale":"fr_FR","og_type":"article","og_title":"La Regina delle Dolomiti propone \"Cortina in Croda\" - Bellunopress - Dolomiti","og_description":"Poesia, adrenalina, scrittura, cinema, musica, montagne, sogni, avventura, tecnologia, giornalismo, personaggi, ricordi, futuro. Sono questi gli ingredienti della prima edizione di \u201cCortina In croda\u201d che dal primo luglio al primo agosto celebra i Settanta anni della nascita degli Scoiattoli, storico sodalizio ampezzano. L\u2019idea \u00e8 dell\u2019Amministrazione comunale di Cortina, firmata dal gruppo degli Scoiattoli e diretta [&hellip;]","og_url":"https:\/\/www.bellunopress.it\/fr\/2009\/07\/09\/la-regina-delle-dolomiti-propone-cortina-in-croda\/","og_site_name":"Bellunopress - Dolomiti","article_publisher":"https:\/\/www.facebook.com\/profile.php?id=100008943462799","article_published_time":"2009-07-09T12:32:54+00:00","article_modified_time":"2009-07-09T12:37:29+00:00","og_image":[{"url":"http:\/\/www.bellunopress.it\/wp-content\/uploads\/2009\/07\/cortinaincroda-leggera-300x155.jpg","type":"","width":"","height":""}],"author":"redazione","twitter_card":"summary_large_image","twitter_creator":"@bellunopress","twitter_site":"@bellunopress","twitter_misc":{"\u00c9crit par":"redazione","Dur\u00e9e de lecture estim\u00e9e":"5 minutes"},"schema":{"@context":"https:\/\/schema.org","@graph":[{"@type":"Article","@id":"https:\/\/www.bellunopress.it\/2009\/07\/09\/la-regina-delle-dolomiti-propone-cortina-in-croda\/#article","isPartOf":{"@id":"https:\/\/www.bellunopress.it\/2009\/07\/09\/la-regina-delle-dolomiti-propone-cortina-in-croda\/"},"author":{"name":"redazione","@id":"https:\/\/www.bellunopress.it\/#\/schema\/person\/79bb06722b37ece1c03d3e94beb30d73"},"headline":"La Regina delle Dolomiti propone &#8220;Cortina in Croda&#8221;","datePublished":"2009-07-09T12:32:54+00:00","dateModified":"2009-07-09T12:37:29+00:00","mainEntityOfPage":{"@id":"https:\/\/www.bellunopress.it\/2009\/07\/09\/la-regina-delle-dolomiti-propone-cortina-in-croda\/"},"wordCount":1044,"publisher":{"@id":"https:\/\/www.bellunopress.it\/#organization"},"image":{"@id":"https:\/\/www.bellunopress.it\/2009\/07\/09\/la-regina-delle-dolomiti-propone-cortina-in-croda\/#primaryimage"},"thumbnailUrl":"http:\/\/www.bellunopress.it\/wp-content\/uploads\/2009\/07\/cortinaincroda-leggera-300x155.jpg","keywords":["Belluno","Dolomiti"],"articleSection":["Arte, Cultura, Spettacoli, Scienza","Pausa Caff\u00e8"],"inLanguage":"fr-FR"},{"@type":"WebPage","@id":"https:\/\/www.bellunopress.it\/2009\/07\/09\/la-regina-delle-dolomiti-propone-cortina-in-croda\/","url":"https:\/\/www.bellunopress.it\/2009\/07\/09\/la-regina-delle-dolomiti-propone-cortina-in-croda\/","name":"La Regina delle Dolomiti propone \"Cortina in Croda\" - Bellunopress - Dolomiti","isPartOf":{"@id":"https:\/\/www.bellunopress.it\/#website"},"primaryImageOfPage":{"@id":"https:\/\/www.bellunopress.it\/2009\/07\/09\/la-regina-delle-dolomiti-propone-cortina-in-croda\/#primaryimage"},"image":{"@id":"https:\/\/www.bellunopress.it\/2009\/07\/09\/la-regina-delle-dolomiti-propone-cortina-in-croda\/#primaryimage"},"thumbnailUrl":"http:\/\/www.bellunopress.it\/wp-content\/uploads\/2009\/07\/cortinaincroda-leggera-300x155.jpg","datePublished":"2009-07-09T12:32:54+00:00","dateModified":"2009-07-09T12:37:29+00:00","breadcrumb":{"@id":"https:\/\/www.bellunopress.it\/2009\/07\/09\/la-regina-delle-dolomiti-propone-cortina-in-croda\/#breadcrumb"},"inLanguage":"fr-FR","potentialAction":[{"@type":"ReadAction","target":["https:\/\/www.bellunopress.it\/2009\/07\/09\/la-regina-delle-dolomiti-propone-cortina-in-croda\/"]}]},{"@type":"ImageObject","inLanguage":"fr-FR","@id":"https:\/\/www.bellunopress.it\/2009\/07\/09\/la-regina-delle-dolomiti-propone-cortina-in-croda\/#primaryimage","url":"http:\/\/www.bellunopress.it\/wp-content\/uploads\/2009\/07\/cortinaincroda-leggera-300x155.jpg","contentUrl":"http:\/\/www.bellunopress.it\/wp-content\/uploads\/2009\/07\/cortinaincroda-leggera-300x155.jpg"},{"@type":"BreadcrumbList","@id":"https:\/\/www.bellunopress.it\/2009\/07\/09\/la-regina-delle-dolomiti-propone-cortina-in-croda\/#breadcrumb","itemListElement":[{"@type":"ListItem","position":1,"name":"Home","item":"https:\/\/www.bellunopress.it\/"},{"@type":"ListItem","position":2,"name":"La Regina delle Dolomiti propone &#8220;Cortina in Croda&#8221;"}]},{"@type":"WebSite","@id":"https:\/\/www.bellunopress.it\/#website","url":"https:\/\/www.bellunopress.it\/","name":"Bellunopress - Dolomiti","description":"e-mail: redazione@bellunopress.it","publisher":{"@id":"https:\/\/www.bellunopress.it\/#organization"},"potentialAction":[{"@type":"SearchAction","target":{"@type":"EntryPoint","urlTemplate":"https:\/\/www.bellunopress.it\/?s={search_term_string}"},"query-input":{"@type":"PropertyValueSpecification","valueRequired":true,"valueName":"search_term_string"}}],"inLanguage":"fr-FR"},{"@type":"Organization","@id":"https:\/\/www.bellunopress.it\/#organization","name":"Bellunopress","url":"https:\/\/www.bellunopress.it\/","logo":{"@type":"ImageObject","inLanguage":"fr-FR","@id":"https:\/\/www.bellunopress.it\/#\/schema\/logo\/image\/","url":"https:\/\/www.bellunopress.it\/wp-content\/uploads\/2011\/05\/cropped-logo-bellunopress-.jpg","contentUrl":"https:\/\/www.bellunopress.it\/wp-content\/uploads\/2011\/05\/cropped-logo-bellunopress-.jpg","width":512,"height":512,"caption":"Bellunopress"},"image":{"@id":"https:\/\/www.bellunopress.it\/#\/schema\/logo\/image\/"},"sameAs":["https:\/\/www.facebook.com\/profile.php?id=100008943462799","https:\/\/x.com\/bellunopress","https:\/\/www.linkedin.com\/hp\/?dnr=JBzUWaJfMUw8vbXJJ2tVW5-I3jZKvC4wsoxE&amp;amp;amp;amp;amp;amp;trk=nav_responsive_tab_home","https:\/\/www.youtube.com\/channel\/UCxL0wu1uN0_3_7hGG0306cw"]},{"@type":"Person","@id":"https:\/\/www.bellunopress.it\/#\/schema\/person\/79bb06722b37ece1c03d3e94beb30d73","name":"r\u00e9daction","image":{"@type":"ImageObject","inLanguage":"fr-FR","@id":"https:\/\/secure.gravatar.com\/avatar\/37d968a2e67a6fd04c169c4bdef102d0bc5d31b2546345219e348575eb80e9a0?s=96&d=mm&r=g","url":"https:\/\/secure.gravatar.com\/avatar\/37d968a2e67a6fd04c169c4bdef102d0bc5d31b2546345219e348575eb80e9a0?s=96&d=mm&r=g","contentUrl":"https:\/\/secure.gravatar.com\/avatar\/37d968a2e67a6fd04c169c4bdef102d0bc5d31b2546345219e348575eb80e9a0?s=96&d=mm&r=g","caption":"redazione"},"sameAs":["http:\/\/www.bellunopress.it","https:\/\/x.com\/bellunopress"],"url":"https:\/\/www.bellunopress.it\/fr\/author\/redazione\/"}]}},"_links":{"self":[{"href":"https:\/\/www.bellunopress.it\/fr\/wp-json\/wp\/v2\/posts\/5786","targetHints":{"allow":["GET"]}}],"collection":[{"href":"https:\/\/www.bellunopress.it\/fr\/wp-json\/wp\/v2\/posts"}],"about":[{"href":"https:\/\/www.bellunopress.it\/fr\/wp-json\/wp\/v2\/types\/post"}],"author":[{"embeddable":true,"href":"https:\/\/www.bellunopress.it\/fr\/wp-json\/wp\/v2\/users\/2"}],"replies":[{"embeddable":true,"href":"https:\/\/www.bellunopress.it\/fr\/wp-json\/wp\/v2\/comments?post=5786"}],"version-history":[{"count":2,"href":"https:\/\/www.bellunopress.it\/fr\/wp-json\/wp\/v2\/posts\/5786\/revisions"}],"predecessor-version":[{"id":5791,"href":"https:\/\/www.bellunopress.it\/fr\/wp-json\/wp\/v2\/posts\/5786\/revisions\/5791"}],"wp:attachment":[{"href":"https:\/\/www.bellunopress.it\/fr\/wp-json\/wp\/v2\/media?parent=5786"}],"wp:term":[{"taxonomy":"category","embeddable":true,"href":"https:\/\/www.bellunopress.it\/fr\/wp-json\/wp\/v2\/categories?post=5786"},{"taxonomy":"post_tag","embeddable":true,"href":"https:\/\/www.bellunopress.it\/fr\/wp-json\/wp\/v2\/tags?post=5786"}],"curies":[{"name":"wp","href":"https:\/\/api.w.org\/{rel}","templated":true}]}}