{"id":5777,"date":"2009-07-09T13:14:29","date_gmt":"2009-07-09T12:14:29","guid":{"rendered":"http:\/\/www.bellunopress.it\/?p=5777"},"modified":"2009-07-09T13:24:19","modified_gmt":"2009-07-09T12:24:19","slug":"prosegue-a-polpet-la-manifestazione-%e2%80%9cpaesi-aperti%e2%80%9d-dal-10-al-12-luglio","status":"publish","type":"post","link":"https:\/\/www.bellunopress.it\/fr\/2009\/07\/09\/prosegue-a-polpet-la-manifestazione-%e2%80%9cpaesi-aperti%e2%80%9d-dal-10-al-12-luglio\/","title":{"rendered":"Prosegue a Polpet la manifestazione \u201cPaesi Aperti\u201d dal 10 al 12 luglio"},"content":{"rendered":"<p>E\u2019ormai entrata nel vivo la manifestazione \u201cPaesi Aperti\u201d che coinvolge nel fine settimana le diverse frazioni del comune pontalpino. Nel prossimo fine settimana sar\u00e0 protagonista la frazione di Polpet, con una serie di iniziative che sono state denominate \u201cPolpet Napoleonica\u201d. Il programma della manifestazione prevede venerd\u00ec 10 luglio, a Borgo Livinal, uno spettacolo teatrale della\u00a0 \u201cCompagnia Instabile\u201d del Centro Giovanile \u201cDon Bosco\u201d dal titolo \u201cNon \u00e8 vero \u2026 ma ci credo\u201d, commedia in tre atti di Peppino De Filippo, liberamente adattata da Roberto Spiezio.<br \/>\n<strong>Sabato 11 luglio<\/strong> le iniziative entreranno nel vivo: dalle 14 alle 17 in piazza Boito, si terr\u00e0 \u201cIncontri d\u2019arte a Polpet\u201d \u2013 \u201cGiovani talenti\u201d, ex tempore di pittura per bambini e ragazzi, mentre dalle 15,30 esibizione di aeromodelli telecomandati e laboratorio di aeromodellismo per bambini a cura del Gruppo Aeromodellisti Belluno. Alle 17, nel Cortivo Albino, \u201cFaire la r\u00e9volution\u201d \u2013 Happy hour, piccola enoteca con musica dal vivo. Dalle 19, nei vari cortivi della frazione, prenderanno il via le degustazioni gastronomiche accompagnate da musica dal vivo: nel cortivo Nina de Eva baccal\u00e0 alla Austerlitz, intrattenimento musicale, nel cortivo Pison bruschette alla Waterloo, con il gruppo musicale \u201cBachelite\u201d, nel cortivo Venzoi, gnocchi alla Marengo e musica con Ivan. Inoltre, nel cortivo Carati polpette alla Cisalpina, con intrattenimento musicale con ballo, nel cortivo Forno pastin imperiale alla plaque, con gruppo musicale \u201cLazy Deazy\u201d. Alle 20,30, in via Cesa, \u201cDes po\u00e8mes ed des chansons d\u2019amour\u201d, con Aurora e Ren\u00e8 e alle 21,30, in piazza Boito, spettacolo di hip hop e break dance a cura di \u201cMovimento danza\u201d di Bribano.<br \/>\n<strong>Domenica 12 luglio<\/strong> sar\u00e0 la giornata clou della manifestazione, con la terza edizione della SuperSantAndrea. Si tratta di una salita podistica non competitiva da Piazza Boito fino alla chiesetta di S. Andrea in Monte, con ritrovo alle 9,30. La corsa sar\u00e0 valida in combinata con la Podenzoi\/Busnich e con il Giro delle cinque Casere di Provagna, per l\u2019assegnazione del trofeo intitolato a Franco Mezzavilla e offerto dalla Provincia di Belluno. Si tratta di una occasione per atleti, ma anche per le famiglie e bambini di salire all\u2019antica chiesetta del monte Frusseda lungo il sentiero nel bosco e godere dello splendido panorama su Alpago e Valbelluna. Si terranno prima le partenze individuali a cronometro, poi la partenza in linea. Il Comitato frazionale di Polpet, d\u2019intesa con la parrocchia di Polpet, ha deciso di devolvere l\u2019intero ricavato della manifestazione alla realizzazione delle opere di manutenzione dell\u2019antica chiesetta. Le premiazioni si terranno a mezzogiorno in piazza Boito a Polpet e, a seguire, funzioner\u00e0 il ristoro<\/p>","protected":false},"excerpt":{"rendered":"<p>E\u2019ormai entrata nel vivo la manifestazione \u201cPaesi Aperti\u201d che coinvolge nel fine settimana le diverse frazioni del comune pontalpino. Nel prossimo fine settimana sar\u00e0 protagonista la frazione di Polpet, con una serie di iniziative che sono state denominate \u201cPolpet Napoleonica\u201d. Il programma della manifestazione prevede venerd\u00ec 10 luglio, a Borgo Livinal, uno spettacolo teatrale della\u00a0 [&hellip;]<\/p>\n","protected":false},"author":2,"featured_media":0,"comment_status":"closed","ping_status":"open","sticky":false,"template":"","format":"standard","meta":{"footnotes":""},"categories":[3,25],"tags":[139],"class_list":["post-5777","post","type-post","status-publish","format-standard","category-arte-cultura-spettacoli-scienza-archivi","category-pausa-caffe","tag-belluno"],"yoast_head":"<!-- This site is optimized with the Yoast SEO plugin v28.4 - https:\/\/yoast.com\/product\/yoast-seo-wordpress\/ -->\n<title>Prosegue a Polpet la manifestazione \u201cPaesi Aperti\u201d dal 10 al 12 luglio - Bellunopress - Dolomiti<\/title>\n<meta name=\"robots\" content=\"index, follow, max-snippet:-1, max-image-preview:large, max-video-preview:-1\" \/>\n<link rel=\"canonical\" href=\"https:\/\/www.bellunopress.it\/fr\/2009\/07\/09\/prosegue-a-polpet-la-manifestazione-\u201cpaesi-aperti\u201d-dal-10-al-12-luglio\/\" \/>\n<meta property=\"og:locale\" content=\"fr_FR\" \/>\n<meta property=\"og:type\" content=\"article\" \/>\n<meta property=\"og:title\" content=\"Prosegue a Polpet la manifestazione \u201cPaesi Aperti\u201d dal 10 al 12 luglio - Bellunopress - Dolomiti\" \/>\n<meta property=\"og:description\" content=\"E\u2019ormai entrata nel vivo la manifestazione \u201cPaesi Aperti\u201d che coinvolge nel fine settimana le diverse frazioni del comune pontalpino. Nel prossimo fine settimana sar\u00e0 protagonista la frazione di Polpet, con una serie di iniziative che sono state denominate \u201cPolpet Napoleonica\u201d. Il programma della manifestazione prevede venerd\u00ec 10 luglio, a Borgo Livinal, uno spettacolo teatrale della\u00a0 [&hellip;]\" \/>\n<meta property=\"og:url\" content=\"https:\/\/www.bellunopress.it\/fr\/2009\/07\/09\/prosegue-a-polpet-la-manifestazione-\u201cpaesi-aperti\u201d-dal-10-al-12-luglio\/\" \/>\n<meta property=\"og:site_name\" content=\"Bellunopress - Dolomiti\" \/>\n<meta property=\"article:publisher\" content=\"https:\/\/www.facebook.com\/profile.php?id=100008943462799\" \/>\n<meta property=\"article:published_time\" content=\"2009-07-09T12:14:29+00:00\" \/>\n<meta property=\"article:modified_time\" content=\"2009-07-09T12:24:19+00:00\" \/>\n<meta property=\"og:image\" content=\"http:\/\/www.bellunopress.it\/wp-content\/uploads\/2012\/07\/logo-bellunopress-250x250-2012.jpg\" \/>\n<meta name=\"author\" content=\"redazione\" \/>\n<meta name=\"twitter:card\" content=\"summary_large_image\" \/>\n<meta name=\"twitter:creator\" content=\"@bellunopress\" \/>\n<meta name=\"twitter:site\" content=\"@bellunopress\" \/>\n<meta name=\"twitter:label1\" content=\"\u00c9crit par\" \/>\n\t<meta name=\"twitter:data1\" content=\"redazione\" \/>\n\t<meta name=\"twitter:label2\" content=\"Dur\u00e9e de lecture estim\u00e9e\" \/>\n\t<meta name=\"twitter:data2\" content=\"2 minutes\" \/>\n<script type=\"application\/ld+json\" class=\"yoast-schema-graph\">{\"@context\":\"https:\\\/\\\/schema.org\",\"@graph\":[{\"@type\":\"Article\",\"@id\":\"https:\\\/\\\/www.bellunopress.it\\\/2009\\\/07\\\/09\\\/prosegue-a-polpet-la-manifestazione-%e2%80%9cpaesi-aperti%e2%80%9d-dal-10-al-12-luglio\\\/#article\",\"isPartOf\":{\"@id\":\"https:\\\/\\\/www.bellunopress.it\\\/2009\\\/07\\\/09\\\/prosegue-a-polpet-la-manifestazione-%e2%80%9cpaesi-aperti%e2%80%9d-dal-10-al-12-luglio\\\/\"},\"author\":{\"name\":\"redazione\",\"@id\":\"https:\\\/\\\/www.bellunopress.it\\\/#\\\/schema\\\/person\\\/79bb06722b37ece1c03d3e94beb30d73\"},\"headline\":\"Prosegue a Polpet la manifestazione \u201cPaesi Aperti\u201d dal 10 al 12 luglio\",\"datePublished\":\"2009-07-09T12:14:29+00:00\",\"dateModified\":\"2009-07-09T12:24:19+00:00\",\"mainEntityOfPage\":{\"@id\":\"https:\\\/\\\/www.bellunopress.it\\\/2009\\\/07\\\/09\\\/prosegue-a-polpet-la-manifestazione-%e2%80%9cpaesi-aperti%e2%80%9d-dal-10-al-12-luglio\\\/\"},\"wordCount\":428,\"publisher\":{\"@id\":\"https:\\\/\\\/www.bellunopress.it\\\/#organization\"},\"keywords\":[\"Belluno\"],\"articleSection\":[\"Arte, Cultura, Spettacoli, Scienza\",\"Pausa Caff\u00e8\"],\"inLanguage\":\"fr-FR\"},{\"@type\":\"WebPage\",\"@id\":\"https:\\\/\\\/www.bellunopress.it\\\/2009\\\/07\\\/09\\\/prosegue-a-polpet-la-manifestazione-%e2%80%9cpaesi-aperti%e2%80%9d-dal-10-al-12-luglio\\\/\",\"url\":\"https:\\\/\\\/www.bellunopress.it\\\/2009\\\/07\\\/09\\\/prosegue-a-polpet-la-manifestazione-%e2%80%9cpaesi-aperti%e2%80%9d-dal-10-al-12-luglio\\\/\",\"name\":\"Prosegue a Polpet la manifestazione \u201cPaesi Aperti\u201d dal 10 al 12 luglio - Bellunopress - Dolomiti\",\"isPartOf\":{\"@id\":\"https:\\\/\\\/www.bellunopress.it\\\/#website\"},\"datePublished\":\"2009-07-09T12:14:29+00:00\",\"dateModified\":\"2009-07-09T12:24:19+00:00\",\"breadcrumb\":{\"@id\":\"https:\\\/\\\/www.bellunopress.it\\\/2009\\\/07\\\/09\\\/prosegue-a-polpet-la-manifestazione-%e2%80%9cpaesi-aperti%e2%80%9d-dal-10-al-12-luglio\\\/#breadcrumb\"},\"inLanguage\":\"fr-FR\",\"potentialAction\":[{\"@type\":\"ReadAction\",\"target\":[\"https:\\\/\\\/www.bellunopress.it\\\/2009\\\/07\\\/09\\\/prosegue-a-polpet-la-manifestazione-%e2%80%9cpaesi-aperti%e2%80%9d-dal-10-al-12-luglio\\\/\"]}]},{\"@type\":\"BreadcrumbList\",\"@id\":\"https:\\\/\\\/www.bellunopress.it\\\/2009\\\/07\\\/09\\\/prosegue-a-polpet-la-manifestazione-%e2%80%9cpaesi-aperti%e2%80%9d-dal-10-al-12-luglio\\\/#breadcrumb\",\"itemListElement\":[{\"@type\":\"ListItem\",\"position\":1,\"name\":\"Home\",\"item\":\"https:\\\/\\\/www.bellunopress.it\\\/\"},{\"@type\":\"ListItem\",\"position\":2,\"name\":\"Prosegue a Polpet la manifestazione \u201cPaesi Aperti\u201d dal 10 al 12 luglio\"}]},{\"@type\":\"WebSite\",\"@id\":\"https:\\\/\\\/www.bellunopress.it\\\/#website\",\"url\":\"https:\\\/\\\/www.bellunopress.it\\\/\",\"name\":\"Bellunopress - Dolomiti\",\"description\":\"e-mail: redazione@bellunopress.it\",\"publisher\":{\"@id\":\"https:\\\/\\\/www.bellunopress.it\\\/#organization\"},\"potentialAction\":[{\"@type\":\"SearchAction\",\"target\":{\"@type\":\"EntryPoint\",\"urlTemplate\":\"https:\\\/\\\/www.bellunopress.it\\\/?s={search_term_string}\"},\"query-input\":{\"@type\":\"PropertyValueSpecification\",\"valueRequired\":true,\"valueName\":\"search_term_string\"}}],\"inLanguage\":\"fr-FR\"},{\"@type\":\"Organization\",\"@id\":\"https:\\\/\\\/www.bellunopress.it\\\/#organization\",\"name\":\"Bellunopress\",\"url\":\"https:\\\/\\\/www.bellunopress.it\\\/\",\"logo\":{\"@type\":\"ImageObject\",\"inLanguage\":\"fr-FR\",\"@id\":\"https:\\\/\\\/www.bellunopress.it\\\/#\\\/schema\\\/logo\\\/image\\\/\",\"url\":\"https:\\\/\\\/www.bellunopress.it\\\/wp-content\\\/uploads\\\/2011\\\/05\\\/cropped-logo-bellunopress-.jpg\",\"contentUrl\":\"https:\\\/\\\/www.bellunopress.it\\\/wp-content\\\/uploads\\\/2011\\\/05\\\/cropped-logo-bellunopress-.jpg\",\"width\":512,\"height\":512,\"caption\":\"Bellunopress\"},\"image\":{\"@id\":\"https:\\\/\\\/www.bellunopress.it\\\/#\\\/schema\\\/logo\\\/image\\\/\"},\"sameAs\":[\"https:\\\/\\\/www.facebook.com\\\/profile.php?id=100008943462799\",\"https:\\\/\\\/x.com\\\/bellunopress\",\"https:\\\/\\\/www.linkedin.com\\\/hp\\\/?dnr=JBzUWaJfMUw8vbXJJ2tVW5-I3jZKvC4wsoxE&amp;amp;amp;amp;amp;amp;trk=nav_responsive_tab_home\",\"https:\\\/\\\/www.youtube.com\\\/channel\\\/UCxL0wu1uN0_3_7hGG0306cw\"]},{\"@type\":\"Person\",\"@id\":\"https:\\\/\\\/www.bellunopress.it\\\/#\\\/schema\\\/person\\\/79bb06722b37ece1c03d3e94beb30d73\",\"name\":\"redazione\",\"image\":{\"@type\":\"ImageObject\",\"inLanguage\":\"fr-FR\",\"@id\":\"https:\\\/\\\/secure.gravatar.com\\\/avatar\\\/37d968a2e67a6fd04c169c4bdef102d0bc5d31b2546345219e348575eb80e9a0?s=96&d=mm&r=g\",\"url\":\"https:\\\/\\\/secure.gravatar.com\\\/avatar\\\/37d968a2e67a6fd04c169c4bdef102d0bc5d31b2546345219e348575eb80e9a0?s=96&d=mm&r=g\",\"contentUrl\":\"https:\\\/\\\/secure.gravatar.com\\\/avatar\\\/37d968a2e67a6fd04c169c4bdef102d0bc5d31b2546345219e348575eb80e9a0?s=96&d=mm&r=g\",\"caption\":\"redazione\"},\"sameAs\":[\"http:\\\/\\\/www.bellunopress.it\",\"https:\\\/\\\/x.com\\\/bellunopress\"],\"url\":\"https:\\\/\\\/www.bellunopress.it\\\/fr\\\/author\\\/redazione\\\/\"}]}<\/script>\n<!-- \/ Yoast SEO plugin. -->","yoast_head_json":{"title":"Prosegue a Polpet la manifestazione \u201cPaesi Aperti\u201d dal 10 al 12 luglio - Bellunopress - Dolomiti","robots":{"index":"index","follow":"follow","max-snippet":"max-snippet:-1","max-image-preview":"max-image-preview:large","max-video-preview":"max-video-preview:-1"},"canonical":"https:\/\/www.bellunopress.it\/fr\/2009\/07\/09\/prosegue-a-polpet-la-manifestazione-\u201cpaesi-aperti\u201d-dal-10-al-12-luglio\/","og_locale":"fr_FR","og_type":"article","og_title":"Prosegue a Polpet la manifestazione \u201cPaesi Aperti\u201d dal 10 al 12 luglio - Bellunopress - Dolomiti","og_description":"E\u2019ormai entrata nel vivo la manifestazione \u201cPaesi Aperti\u201d che coinvolge nel fine settimana le diverse frazioni del comune pontalpino. Nel prossimo fine settimana sar\u00e0 protagonista la frazione di Polpet, con una serie di iniziative che sono state denominate \u201cPolpet Napoleonica\u201d. Il programma della manifestazione prevede venerd\u00ec 10 luglio, a Borgo Livinal, uno spettacolo teatrale della\u00a0 [&hellip;]","og_url":"https:\/\/www.bellunopress.it\/fr\/2009\/07\/09\/prosegue-a-polpet-la-manifestazione-\u201cpaesi-aperti\u201d-dal-10-al-12-luglio\/","og_site_name":"Bellunopress - Dolomiti","article_publisher":"https:\/\/www.facebook.com\/profile.php?id=100008943462799","article_published_time":"2009-07-09T12:14:29+00:00","article_modified_time":"2009-07-09T12:24:19+00:00","og_image":[{"url":"http:\/\/www.bellunopress.it\/wp-content\/uploads\/2012\/07\/logo-bellunopress-250x250-2012.jpg","type":"","width":"","height":""}],"author":"redazione","twitter_card":"summary_large_image","twitter_creator":"@bellunopress","twitter_site":"@bellunopress","twitter_misc":{"\u00c9crit par":"redazione","Dur\u00e9e de lecture estim\u00e9e":"2 minutes"},"schema":{"@context":"https:\/\/schema.org","@graph":[{"@type":"Article","@id":"https:\/\/www.bellunopress.it\/2009\/07\/09\/prosegue-a-polpet-la-manifestazione-%e2%80%9cpaesi-aperti%e2%80%9d-dal-10-al-12-luglio\/#article","isPartOf":{"@id":"https:\/\/www.bellunopress.it\/2009\/07\/09\/prosegue-a-polpet-la-manifestazione-%e2%80%9cpaesi-aperti%e2%80%9d-dal-10-al-12-luglio\/"},"author":{"name":"redazione","@id":"https:\/\/www.bellunopress.it\/#\/schema\/person\/79bb06722b37ece1c03d3e94beb30d73"},"headline":"Prosegue a Polpet la manifestazione \u201cPaesi Aperti\u201d dal 10 al 12 luglio","datePublished":"2009-07-09T12:14:29+00:00","dateModified":"2009-07-09T12:24:19+00:00","mainEntityOfPage":{"@id":"https:\/\/www.bellunopress.it\/2009\/07\/09\/prosegue-a-polpet-la-manifestazione-%e2%80%9cpaesi-aperti%e2%80%9d-dal-10-al-12-luglio\/"},"wordCount":428,"publisher":{"@id":"https:\/\/www.bellunopress.it\/#organization"},"keywords":["Belluno"],"articleSection":["Arte, Cultura, Spettacoli, Scienza","Pausa Caff\u00e8"],"inLanguage":"fr-FR"},{"@type":"WebPage","@id":"https:\/\/www.bellunopress.it\/2009\/07\/09\/prosegue-a-polpet-la-manifestazione-%e2%80%9cpaesi-aperti%e2%80%9d-dal-10-al-12-luglio\/","url":"https:\/\/www.bellunopress.it\/2009\/07\/09\/prosegue-a-polpet-la-manifestazione-%e2%80%9cpaesi-aperti%e2%80%9d-dal-10-al-12-luglio\/","name":"Prosegue a Polpet la manifestazione \u201cPaesi Aperti\u201d dal 10 al 12 luglio - Bellunopress - Dolomiti","isPartOf":{"@id":"https:\/\/www.bellunopress.it\/#website"},"datePublished":"2009-07-09T12:14:29+00:00","dateModified":"2009-07-09T12:24:19+00:00","breadcrumb":{"@id":"https:\/\/www.bellunopress.it\/2009\/07\/09\/prosegue-a-polpet-la-manifestazione-%e2%80%9cpaesi-aperti%e2%80%9d-dal-10-al-12-luglio\/#breadcrumb"},"inLanguage":"fr-FR","potentialAction":[{"@type":"ReadAction","target":["https:\/\/www.bellunopress.it\/2009\/07\/09\/prosegue-a-polpet-la-manifestazione-%e2%80%9cpaesi-aperti%e2%80%9d-dal-10-al-12-luglio\/"]}]},{"@type":"BreadcrumbList","@id":"https:\/\/www.bellunopress.it\/2009\/07\/09\/prosegue-a-polpet-la-manifestazione-%e2%80%9cpaesi-aperti%e2%80%9d-dal-10-al-12-luglio\/#breadcrumb","itemListElement":[{"@type":"ListItem","position":1,"name":"Home","item":"https:\/\/www.bellunopress.it\/"},{"@type":"ListItem","position":2,"name":"Prosegue a Polpet la manifestazione \u201cPaesi Aperti\u201d dal 10 al 12 luglio"}]},{"@type":"WebSite","@id":"https:\/\/www.bellunopress.it\/#website","url":"https:\/\/www.bellunopress.it\/","name":"Bellunopress - Dolomiti","description":"e-mail: redazione@bellunopress.it","publisher":{"@id":"https:\/\/www.bellunopress.it\/#organization"},"potentialAction":[{"@type":"SearchAction","target":{"@type":"EntryPoint","urlTemplate":"https:\/\/www.bellunopress.it\/?s={search_term_string}"},"query-input":{"@type":"PropertyValueSpecification","valueRequired":true,"valueName":"search_term_string"}}],"inLanguage":"fr-FR"},{"@type":"Organization","@id":"https:\/\/www.bellunopress.it\/#organization","name":"Bellunopress","url":"https:\/\/www.bellunopress.it\/","logo":{"@type":"ImageObject","inLanguage":"fr-FR","@id":"https:\/\/www.bellunopress.it\/#\/schema\/logo\/image\/","url":"https:\/\/www.bellunopress.it\/wp-content\/uploads\/2011\/05\/cropped-logo-bellunopress-.jpg","contentUrl":"https:\/\/www.bellunopress.it\/wp-content\/uploads\/2011\/05\/cropped-logo-bellunopress-.jpg","width":512,"height":512,"caption":"Bellunopress"},"image":{"@id":"https:\/\/www.bellunopress.it\/#\/schema\/logo\/image\/"},"sameAs":["https:\/\/www.facebook.com\/profile.php?id=100008943462799","https:\/\/x.com\/bellunopress","https:\/\/www.linkedin.com\/hp\/?dnr=JBzUWaJfMUw8vbXJJ2tVW5-I3jZKvC4wsoxE&amp;amp;amp;amp;amp;amp;trk=nav_responsive_tab_home","https:\/\/www.youtube.com\/channel\/UCxL0wu1uN0_3_7hGG0306cw"]},{"@type":"Person","@id":"https:\/\/www.bellunopress.it\/#\/schema\/person\/79bb06722b37ece1c03d3e94beb30d73","name":"r\u00e9daction","image":{"@type":"ImageObject","inLanguage":"fr-FR","@id":"https:\/\/secure.gravatar.com\/avatar\/37d968a2e67a6fd04c169c4bdef102d0bc5d31b2546345219e348575eb80e9a0?s=96&d=mm&r=g","url":"https:\/\/secure.gravatar.com\/avatar\/37d968a2e67a6fd04c169c4bdef102d0bc5d31b2546345219e348575eb80e9a0?s=96&d=mm&r=g","contentUrl":"https:\/\/secure.gravatar.com\/avatar\/37d968a2e67a6fd04c169c4bdef102d0bc5d31b2546345219e348575eb80e9a0?s=96&d=mm&r=g","caption":"redazione"},"sameAs":["http:\/\/www.bellunopress.it","https:\/\/x.com\/bellunopress"],"url":"https:\/\/www.bellunopress.it\/fr\/author\/redazione\/"}]}},"_links":{"self":[{"href":"https:\/\/www.bellunopress.it\/fr\/wp-json\/wp\/v2\/posts\/5777","targetHints":{"allow":["GET"]}}],"collection":[{"href":"https:\/\/www.bellunopress.it\/fr\/wp-json\/wp\/v2\/posts"}],"about":[{"href":"https:\/\/www.bellunopress.it\/fr\/wp-json\/wp\/v2\/types\/post"}],"author":[{"embeddable":true,"href":"https:\/\/www.bellunopress.it\/fr\/wp-json\/wp\/v2\/users\/2"}],"replies":[{"embeddable":true,"href":"https:\/\/www.bellunopress.it\/fr\/wp-json\/wp\/v2\/comments?post=5777"}],"version-history":[{"count":3,"href":"https:\/\/www.bellunopress.it\/fr\/wp-json\/wp\/v2\/posts\/5777\/revisions"}],"predecessor-version":[{"id":5783,"href":"https:\/\/www.bellunopress.it\/fr\/wp-json\/wp\/v2\/posts\/5777\/revisions\/5783"}],"wp:attachment":[{"href":"https:\/\/www.bellunopress.it\/fr\/wp-json\/wp\/v2\/media?parent=5777"}],"wp:term":[{"taxonomy":"category","embeddable":true,"href":"https:\/\/www.bellunopress.it\/fr\/wp-json\/wp\/v2\/categories?post=5777"},{"taxonomy":"post_tag","embeddable":true,"href":"https:\/\/www.bellunopress.it\/fr\/wp-json\/wp\/v2\/tags?post=5777"}],"curies":[{"name":"wp","href":"https:\/\/api.w.org\/{rel}","templated":true}]}}