{"id":5775,"date":"2009-07-09T13:09:36","date_gmt":"2009-07-09T12:09:36","guid":{"rendered":"http:\/\/www.bellunopress.it\/?p=5775"},"modified":"2009-07-09T13:09:36","modified_gmt":"2009-07-09T12:09:36","slug":"le-analisi-genetiche-lo-confermano-l%e2%80%99orso-dino-non-e-solo","status":"publish","type":"post","link":"https:\/\/www.bellunopress.it\/fr\/2009\/07\/09\/le-analisi-genetiche-lo-confermano-l%e2%80%99orso-dino-non-e-solo\/","title":{"rendered":"Le analisi genetiche lo confermano: l\u2019orso Dino non \u00e8 solo"},"content":{"rendered":"<p>L\u2019analisi del DNA ha dato la certezza che gli orsi che hanno attraversato il Parco\u00a0 la scorsa primavera sono almeno due. Si moltiplicano le segnalazioni di orso nel Parco Nazionale Dolomiti Bellunesi e nel bellunese in generale. Agli avvistamenti della scorsa primavera si sono aggiunti, in questi giorni, quelli della Val di Canzoi, alle porte del Parco, e la foto scattata da turisti spagnoli ad un orso nella zona dell\u2019Agner. Nel frattempo, proprio in questi giorni i laboratori dell\u2019ISPRA (Istituto Superiore per la Protezione e la Ricerca Ambientale) hanno inviato all\u2019Ente Parco e alle altre Amministrazioni che controllano gli spostamenti degli orsi sulle Alpi, i risultati delle analisi genetiche effettuate sui campioni di feci di orso raccolti dal personale del Corpo Forestale dello Stato in Valle del Mis, nel cuore del Parco, il 17 aprile scorso. L\u2019orso, battezzato \u201cDino\u201d, in onore di Dino Buzzati, \u00e8 stato identificato dai genetisti con la sigla certamente pi\u00f9 \u201cscientifica\u201d ma un po\u2019 pi\u00f9 fredda, di M5.<br \/>\nSi tratta di un orso \u201cnuovo\u201d, ovvero il cui DNA non \u00e8 mai stato trovato nei campioni raccolti fino ad oggi sulle Alpi. M5 \u00e8 un maschio, il cui patrimonio genetico non corrisponde a nessuno dei fondatori della popolazione trentina e non \u00e8 compatibile nemmeno quale discendente degli orsi fino ad oggi identificati in Trentino. Si tratta quindi, con molta probabilit\u00e0, di un esemplare proveniente da est.<br \/>\nAllo stesso orso appartengono anche i campioni raccolti dalle guardie provinciali, tra aprile e maggio, in Cadore, a Seren del Grappa e a Cortina. DNA dello stesso orso \u00e8 stato raccolto anche in provincia di Bolzano, a Marebbe, a met\u00e0 maggio. L\u2019ISPRA ha comunicato anche i dati genetici dei campioni raccolti dagli agenti della Polizia provinciale in Val del Grisol il 13 maggio. Appartengono all\u2019orso identificato con il codice KJ2G2: si tratta del maschio di 3 anni, nato in Trentino, lo stesso che fino allo scorso autunno si trovava nella zona dell\u2019altopiano di Asiago. L\u2019orso KJ2G2 \u00e8 stato campionato in maggio dalle guardie provinciali anche ad Auronzo e DNA dello stesso animale \u00e8 stato raccolto in Austria, nel Parco Nazionale degli Alti Tauri, il 2 giugno scorso. \u201cI risultati delle analisi, \u2013 ha dichiarato il Direttore del Parco, Nino Martino \u2013 sono di notevole interesse e permettono di ricostruire i grandi spostamenti che questi animali compiono attraverso le Alpi, superando le invisibili barriere amministrative, costruite dall\u2019uomo tra province, regioni e stati. Siamo contenti che Dino non sia il solo orso che frequenta il Parco e seguiremo con interesse tutti i loro futuri spostamenti\u201d. \u201cParticolarmente significativa \u2013 ha detto il Presidente Guido De Zordo \u2013 \u00e8 la nuova comparsa dell\u2019orso in Val Canzoi in questi ultimi giorni, in concomitanza con la festa del Parco. L\u2019orso infatti \u00e8 stato, quest\u2019anno, la mascotte della festa. Non sappiamo ancora se l\u2019orso della Val Canzoi sia Dino, KJ2G2 o un altro esemplare, in ogni caso \u00e8 certamente il benvenuto\u201d.<\/p>","protected":false},"excerpt":{"rendered":"<p>L\u2019analisi del DNA ha dato la certezza che gli orsi che hanno attraversato il Parco\u00a0 la scorsa primavera sono almeno due. Si moltiplicano le segnalazioni di orso nel Parco Nazionale Dolomiti Bellunesi e nel bellunese in generale. Agli avvistamenti della scorsa primavera si sono aggiunti, in questi giorni, quelli della Val di Canzoi, alle porte [&hellip;]<\/p>\n","protected":false},"author":2,"featured_media":0,"comment_status":"closed","ping_status":"open","sticky":false,"template":"","format":"standard","meta":{"footnotes":""},"categories":[38,26],"tags":[151,63],"class_list":["post-5775","post","type-post","status-publish","format-standard","category-natura-ambiente","category-prima-pagina","tag-cadore","tag-dolomiti"],"yoast_head":"<!-- This site is optimized with the Yoast SEO plugin v28.4 - https:\/\/yoast.com\/product\/yoast-seo-wordpress\/ -->\n<title>Le analisi genetiche lo confermano: l\u2019orso Dino non \u00e8 solo - Bellunopress - Dolomiti<\/title>\n<meta name=\"robots\" content=\"index, follow, max-snippet:-1, max-image-preview:large, max-video-preview:-1\" \/>\n<link rel=\"canonical\" href=\"https:\/\/www.bellunopress.it\/fr\/2009\/07\/09\/le-analisi-genetiche-lo-confermano-l\u2019orso-dino-non-e-solo\/\" \/>\n<meta property=\"og:locale\" content=\"fr_FR\" \/>\n<meta property=\"og:type\" content=\"article\" \/>\n<meta property=\"og:title\" content=\"Le analisi genetiche lo confermano: l\u2019orso Dino non \u00e8 solo - Bellunopress - Dolomiti\" \/>\n<meta property=\"og:description\" content=\"L\u2019analisi del DNA ha dato la certezza che gli orsi che hanno attraversato il Parco\u00a0 la scorsa primavera sono almeno due. Si moltiplicano le segnalazioni di orso nel Parco Nazionale Dolomiti Bellunesi e nel bellunese in generale. Agli avvistamenti della scorsa primavera si sono aggiunti, in questi giorni, quelli della Val di Canzoi, alle porte [&hellip;]\" \/>\n<meta property=\"og:url\" content=\"https:\/\/www.bellunopress.it\/fr\/2009\/07\/09\/le-analisi-genetiche-lo-confermano-l\u2019orso-dino-non-e-solo\/\" \/>\n<meta property=\"og:site_name\" content=\"Bellunopress - Dolomiti\" \/>\n<meta property=\"article:publisher\" content=\"https:\/\/www.facebook.com\/profile.php?id=100008943462799\" \/>\n<meta property=\"article:published_time\" content=\"2009-07-09T12:09:36+00:00\" \/>\n<meta property=\"og:image\" content=\"http:\/\/www.bellunopress.it\/wp-content\/uploads\/2012\/07\/logo-bellunopress-250x250-2012.jpg\" \/>\n<meta name=\"author\" content=\"redazione\" \/>\n<meta name=\"twitter:card\" content=\"summary_large_image\" \/>\n<meta name=\"twitter:creator\" content=\"@bellunopress\" \/>\n<meta name=\"twitter:site\" content=\"@bellunopress\" \/>\n<meta name=\"twitter:label1\" content=\"\u00c9crit par\" \/>\n\t<meta name=\"twitter:data1\" content=\"redazione\" \/>\n\t<meta name=\"twitter:label2\" content=\"Dur\u00e9e de lecture estim\u00e9e\" \/>\n\t<meta name=\"twitter:data2\" content=\"2 minutes\" \/>\n<script type=\"application\/ld+json\" class=\"yoast-schema-graph\">{\"@context\":\"https:\\\/\\\/schema.org\",\"@graph\":[{\"@type\":\"Article\",\"@id\":\"https:\\\/\\\/www.bellunopress.it\\\/2009\\\/07\\\/09\\\/le-analisi-genetiche-lo-confermano-l%e2%80%99orso-dino-non-e-solo\\\/#article\",\"isPartOf\":{\"@id\":\"https:\\\/\\\/www.bellunopress.it\\\/2009\\\/07\\\/09\\\/le-analisi-genetiche-lo-confermano-l%e2%80%99orso-dino-non-e-solo\\\/\"},\"author\":{\"name\":\"redazione\",\"@id\":\"https:\\\/\\\/www.bellunopress.it\\\/#\\\/schema\\\/person\\\/79bb06722b37ece1c03d3e94beb30d73\"},\"headline\":\"Le analisi genetiche lo confermano: l\u2019orso Dino non \u00e8 solo\",\"datePublished\":\"2009-07-09T12:09:36+00:00\",\"mainEntityOfPage\":{\"@id\":\"https:\\\/\\\/www.bellunopress.it\\\/2009\\\/07\\\/09\\\/le-analisi-genetiche-lo-confermano-l%e2%80%99orso-dino-non-e-solo\\\/\"},\"wordCount\":492,\"publisher\":{\"@id\":\"https:\\\/\\\/www.bellunopress.it\\\/#organization\"},\"keywords\":[\"Cadore\",\"Dolomiti\"],\"articleSection\":[\"Meteo, natura, ambiente, animali\",\"Prima Pagina\"],\"inLanguage\":\"fr-FR\"},{\"@type\":\"WebPage\",\"@id\":\"https:\\\/\\\/www.bellunopress.it\\\/2009\\\/07\\\/09\\\/le-analisi-genetiche-lo-confermano-l%e2%80%99orso-dino-non-e-solo\\\/\",\"url\":\"https:\\\/\\\/www.bellunopress.it\\\/2009\\\/07\\\/09\\\/le-analisi-genetiche-lo-confermano-l%e2%80%99orso-dino-non-e-solo\\\/\",\"name\":\"Le analisi genetiche lo confermano: l\u2019orso Dino non \u00e8 solo - Bellunopress - Dolomiti\",\"isPartOf\":{\"@id\":\"https:\\\/\\\/www.bellunopress.it\\\/#website\"},\"datePublished\":\"2009-07-09T12:09:36+00:00\",\"breadcrumb\":{\"@id\":\"https:\\\/\\\/www.bellunopress.it\\\/2009\\\/07\\\/09\\\/le-analisi-genetiche-lo-confermano-l%e2%80%99orso-dino-non-e-solo\\\/#breadcrumb\"},\"inLanguage\":\"fr-FR\",\"potentialAction\":[{\"@type\":\"ReadAction\",\"target\":[\"https:\\\/\\\/www.bellunopress.it\\\/2009\\\/07\\\/09\\\/le-analisi-genetiche-lo-confermano-l%e2%80%99orso-dino-non-e-solo\\\/\"]}]},{\"@type\":\"BreadcrumbList\",\"@id\":\"https:\\\/\\\/www.bellunopress.it\\\/2009\\\/07\\\/09\\\/le-analisi-genetiche-lo-confermano-l%e2%80%99orso-dino-non-e-solo\\\/#breadcrumb\",\"itemListElement\":[{\"@type\":\"ListItem\",\"position\":1,\"name\":\"Home\",\"item\":\"https:\\\/\\\/www.bellunopress.it\\\/\"},{\"@type\":\"ListItem\",\"position\":2,\"name\":\"Le analisi genetiche lo confermano: l\u2019orso Dino non \u00e8 solo\"}]},{\"@type\":\"WebSite\",\"@id\":\"https:\\\/\\\/www.bellunopress.it\\\/#website\",\"url\":\"https:\\\/\\\/www.bellunopress.it\\\/\",\"name\":\"Bellunopress - Dolomiti\",\"description\":\"e-mail: redazione@bellunopress.it\",\"publisher\":{\"@id\":\"https:\\\/\\\/www.bellunopress.it\\\/#organization\"},\"potentialAction\":[{\"@type\":\"SearchAction\",\"target\":{\"@type\":\"EntryPoint\",\"urlTemplate\":\"https:\\\/\\\/www.bellunopress.it\\\/?s={search_term_string}\"},\"query-input\":{\"@type\":\"PropertyValueSpecification\",\"valueRequired\":true,\"valueName\":\"search_term_string\"}}],\"inLanguage\":\"fr-FR\"},{\"@type\":\"Organization\",\"@id\":\"https:\\\/\\\/www.bellunopress.it\\\/#organization\",\"name\":\"Bellunopress\",\"url\":\"https:\\\/\\\/www.bellunopress.it\\\/\",\"logo\":{\"@type\":\"ImageObject\",\"inLanguage\":\"fr-FR\",\"@id\":\"https:\\\/\\\/www.bellunopress.it\\\/#\\\/schema\\\/logo\\\/image\\\/\",\"url\":\"https:\\\/\\\/www.bellunopress.it\\\/wp-content\\\/uploads\\\/2011\\\/05\\\/cropped-logo-bellunopress-.jpg\",\"contentUrl\":\"https:\\\/\\\/www.bellunopress.it\\\/wp-content\\\/uploads\\\/2011\\\/05\\\/cropped-logo-bellunopress-.jpg\",\"width\":512,\"height\":512,\"caption\":\"Bellunopress\"},\"image\":{\"@id\":\"https:\\\/\\\/www.bellunopress.it\\\/#\\\/schema\\\/logo\\\/image\\\/\"},\"sameAs\":[\"https:\\\/\\\/www.facebook.com\\\/profile.php?id=100008943462799\",\"https:\\\/\\\/x.com\\\/bellunopress\",\"https:\\\/\\\/www.linkedin.com\\\/hp\\\/?dnr=JBzUWaJfMUw8vbXJJ2tVW5-I3jZKvC4wsoxE&amp;amp;amp;amp;amp;amp;trk=nav_responsive_tab_home\",\"https:\\\/\\\/www.youtube.com\\\/channel\\\/UCxL0wu1uN0_3_7hGG0306cw\"]},{\"@type\":\"Person\",\"@id\":\"https:\\\/\\\/www.bellunopress.it\\\/#\\\/schema\\\/person\\\/79bb06722b37ece1c03d3e94beb30d73\",\"name\":\"redazione\",\"image\":{\"@type\":\"ImageObject\",\"inLanguage\":\"fr-FR\",\"@id\":\"https:\\\/\\\/secure.gravatar.com\\\/avatar\\\/37d968a2e67a6fd04c169c4bdef102d0bc5d31b2546345219e348575eb80e9a0?s=96&d=mm&r=g\",\"url\":\"https:\\\/\\\/secure.gravatar.com\\\/avatar\\\/37d968a2e67a6fd04c169c4bdef102d0bc5d31b2546345219e348575eb80e9a0?s=96&d=mm&r=g\",\"contentUrl\":\"https:\\\/\\\/secure.gravatar.com\\\/avatar\\\/37d968a2e67a6fd04c169c4bdef102d0bc5d31b2546345219e348575eb80e9a0?s=96&d=mm&r=g\",\"caption\":\"redazione\"},\"sameAs\":[\"http:\\\/\\\/www.bellunopress.it\",\"https:\\\/\\\/x.com\\\/bellunopress\"],\"url\":\"https:\\\/\\\/www.bellunopress.it\\\/fr\\\/author\\\/redazione\\\/\"}]}<\/script>\n<!-- \/ Yoast SEO plugin. -->","yoast_head_json":{"title":"Le analisi genetiche lo confermano: l\u2019orso Dino non \u00e8 solo - Bellunopress - Dolomiti","robots":{"index":"index","follow":"follow","max-snippet":"max-snippet:-1","max-image-preview":"max-image-preview:large","max-video-preview":"max-video-preview:-1"},"canonical":"https:\/\/www.bellunopress.it\/fr\/2009\/07\/09\/le-analisi-genetiche-lo-confermano-l\u2019orso-dino-non-e-solo\/","og_locale":"fr_FR","og_type":"article","og_title":"Le analisi genetiche lo confermano: l\u2019orso Dino non \u00e8 solo - Bellunopress - Dolomiti","og_description":"L\u2019analisi del DNA ha dato la certezza che gli orsi che hanno attraversato il Parco\u00a0 la scorsa primavera sono almeno due. Si moltiplicano le segnalazioni di orso nel Parco Nazionale Dolomiti Bellunesi e nel bellunese in generale. Agli avvistamenti della scorsa primavera si sono aggiunti, in questi giorni, quelli della Val di Canzoi, alle porte [&hellip;]","og_url":"https:\/\/www.bellunopress.it\/fr\/2009\/07\/09\/le-analisi-genetiche-lo-confermano-l\u2019orso-dino-non-e-solo\/","og_site_name":"Bellunopress - Dolomiti","article_publisher":"https:\/\/www.facebook.com\/profile.php?id=100008943462799","article_published_time":"2009-07-09T12:09:36+00:00","og_image":[{"url":"http:\/\/www.bellunopress.it\/wp-content\/uploads\/2012\/07\/logo-bellunopress-250x250-2012.jpg","type":"","width":"","height":""}],"author":"redazione","twitter_card":"summary_large_image","twitter_creator":"@bellunopress","twitter_site":"@bellunopress","twitter_misc":{"\u00c9crit par":"redazione","Dur\u00e9e de lecture estim\u00e9e":"2 minutes"},"schema":{"@context":"https:\/\/schema.org","@graph":[{"@type":"Article","@id":"https:\/\/www.bellunopress.it\/2009\/07\/09\/le-analisi-genetiche-lo-confermano-l%e2%80%99orso-dino-non-e-solo\/#article","isPartOf":{"@id":"https:\/\/www.bellunopress.it\/2009\/07\/09\/le-analisi-genetiche-lo-confermano-l%e2%80%99orso-dino-non-e-solo\/"},"author":{"name":"redazione","@id":"https:\/\/www.bellunopress.it\/#\/schema\/person\/79bb06722b37ece1c03d3e94beb30d73"},"headline":"Le analisi genetiche lo confermano: l\u2019orso Dino non \u00e8 solo","datePublished":"2009-07-09T12:09:36+00:00","mainEntityOfPage":{"@id":"https:\/\/www.bellunopress.it\/2009\/07\/09\/le-analisi-genetiche-lo-confermano-l%e2%80%99orso-dino-non-e-solo\/"},"wordCount":492,"publisher":{"@id":"https:\/\/www.bellunopress.it\/#organization"},"keywords":["Cadore","Dolomiti"],"articleSection":["Meteo, natura, ambiente, animali","Prima Pagina"],"inLanguage":"fr-FR"},{"@type":"WebPage","@id":"https:\/\/www.bellunopress.it\/2009\/07\/09\/le-analisi-genetiche-lo-confermano-l%e2%80%99orso-dino-non-e-solo\/","url":"https:\/\/www.bellunopress.it\/2009\/07\/09\/le-analisi-genetiche-lo-confermano-l%e2%80%99orso-dino-non-e-solo\/","name":"Le analisi genetiche lo confermano: l\u2019orso Dino non \u00e8 solo - Bellunopress - Dolomiti","isPartOf":{"@id":"https:\/\/www.bellunopress.it\/#website"},"datePublished":"2009-07-09T12:09:36+00:00","breadcrumb":{"@id":"https:\/\/www.bellunopress.it\/2009\/07\/09\/le-analisi-genetiche-lo-confermano-l%e2%80%99orso-dino-non-e-solo\/#breadcrumb"},"inLanguage":"fr-FR","potentialAction":[{"@type":"ReadAction","target":["https:\/\/www.bellunopress.it\/2009\/07\/09\/le-analisi-genetiche-lo-confermano-l%e2%80%99orso-dino-non-e-solo\/"]}]},{"@type":"BreadcrumbList","@id":"https:\/\/www.bellunopress.it\/2009\/07\/09\/le-analisi-genetiche-lo-confermano-l%e2%80%99orso-dino-non-e-solo\/#breadcrumb","itemListElement":[{"@type":"ListItem","position":1,"name":"Home","item":"https:\/\/www.bellunopress.it\/"},{"@type":"ListItem","position":2,"name":"Le analisi genetiche lo confermano: l\u2019orso Dino non \u00e8 solo"}]},{"@type":"WebSite","@id":"https:\/\/www.bellunopress.it\/#website","url":"https:\/\/www.bellunopress.it\/","name":"Bellunopress - Dolomiti","description":"e-mail: redazione@bellunopress.it","publisher":{"@id":"https:\/\/www.bellunopress.it\/#organization"},"potentialAction":[{"@type":"SearchAction","target":{"@type":"EntryPoint","urlTemplate":"https:\/\/www.bellunopress.it\/?s={search_term_string}"},"query-input":{"@type":"PropertyValueSpecification","valueRequired":true,"valueName":"search_term_string"}}],"inLanguage":"fr-FR"},{"@type":"Organization","@id":"https:\/\/www.bellunopress.it\/#organization","name":"Bellunopress","url":"https:\/\/www.bellunopress.it\/","logo":{"@type":"ImageObject","inLanguage":"fr-FR","@id":"https:\/\/www.bellunopress.it\/#\/schema\/logo\/image\/","url":"https:\/\/www.bellunopress.it\/wp-content\/uploads\/2011\/05\/cropped-logo-bellunopress-.jpg","contentUrl":"https:\/\/www.bellunopress.it\/wp-content\/uploads\/2011\/05\/cropped-logo-bellunopress-.jpg","width":512,"height":512,"caption":"Bellunopress"},"image":{"@id":"https:\/\/www.bellunopress.it\/#\/schema\/logo\/image\/"},"sameAs":["https:\/\/www.facebook.com\/profile.php?id=100008943462799","https:\/\/x.com\/bellunopress","https:\/\/www.linkedin.com\/hp\/?dnr=JBzUWaJfMUw8vbXJJ2tVW5-I3jZKvC4wsoxE&amp;amp;amp;amp;amp;amp;trk=nav_responsive_tab_home","https:\/\/www.youtube.com\/channel\/UCxL0wu1uN0_3_7hGG0306cw"]},{"@type":"Person","@id":"https:\/\/www.bellunopress.it\/#\/schema\/person\/79bb06722b37ece1c03d3e94beb30d73","name":"r\u00e9daction","image":{"@type":"ImageObject","inLanguage":"fr-FR","@id":"https:\/\/secure.gravatar.com\/avatar\/37d968a2e67a6fd04c169c4bdef102d0bc5d31b2546345219e348575eb80e9a0?s=96&d=mm&r=g","url":"https:\/\/secure.gravatar.com\/avatar\/37d968a2e67a6fd04c169c4bdef102d0bc5d31b2546345219e348575eb80e9a0?s=96&d=mm&r=g","contentUrl":"https:\/\/secure.gravatar.com\/avatar\/37d968a2e67a6fd04c169c4bdef102d0bc5d31b2546345219e348575eb80e9a0?s=96&d=mm&r=g","caption":"redazione"},"sameAs":["http:\/\/www.bellunopress.it","https:\/\/x.com\/bellunopress"],"url":"https:\/\/www.bellunopress.it\/fr\/author\/redazione\/"}]}},"_links":{"self":[{"href":"https:\/\/www.bellunopress.it\/fr\/wp-json\/wp\/v2\/posts\/5775","targetHints":{"allow":["GET"]}}],"collection":[{"href":"https:\/\/www.bellunopress.it\/fr\/wp-json\/wp\/v2\/posts"}],"about":[{"href":"https:\/\/www.bellunopress.it\/fr\/wp-json\/wp\/v2\/types\/post"}],"author":[{"embeddable":true,"href":"https:\/\/www.bellunopress.it\/fr\/wp-json\/wp\/v2\/users\/2"}],"replies":[{"embeddable":true,"href":"https:\/\/www.bellunopress.it\/fr\/wp-json\/wp\/v2\/comments?post=5775"}],"version-history":[{"count":1,"href":"https:\/\/www.bellunopress.it\/fr\/wp-json\/wp\/v2\/posts\/5775\/revisions"}],"predecessor-version":[{"id":5776,"href":"https:\/\/www.bellunopress.it\/fr\/wp-json\/wp\/v2\/posts\/5775\/revisions\/5776"}],"wp:attachment":[{"href":"https:\/\/www.bellunopress.it\/fr\/wp-json\/wp\/v2\/media?parent=5775"}],"wp:term":[{"taxonomy":"category","embeddable":true,"href":"https:\/\/www.bellunopress.it\/fr\/wp-json\/wp\/v2\/categories?post=5775"},{"taxonomy":"post_tag","embeddable":true,"href":"https:\/\/www.bellunopress.it\/fr\/wp-json\/wp\/v2\/tags?post=5775"}],"curies":[{"name":"wp","href":"https:\/\/api.w.org\/{rel}","templated":true}]}}