{"id":5757,"date":"2009-07-09T11:36:57","date_gmt":"2009-07-09T10:36:57","guid":{"rendered":"http:\/\/www.bellunopress.it\/?p=5757"},"modified":"2009-07-09T13:03:03","modified_gmt":"2009-07-09T12:03:03","slug":"dagli-incroci-di-tai-e-mas-le-immagini-del-traffico-in-tempo-reale","status":"publish","type":"post","link":"https:\/\/www.bellunopress.it\/fr\/2009\/07\/09\/dagli-incroci-di-tai-e-mas-le-immagini-del-traffico-in-tempo-reale\/","title":{"rendered":"Dagli incroci di Tai e Mas le immagini del traffico in tempo reale"},"content":{"rendered":"<p><a href=\"http:\/\/www.bellunopress.it\/wp-content\/uploads\/2009\/03\/de_bona_oscar-leggerissima.jpg\"><img loading=\"lazy\" decoding=\"async\" class=\"alignleft size-medium wp-image-2005\" title=\"de_bona_oscar-leggerissima\" src=\"http:\/\/www.bellunopress.it\/wp-content\/uploads\/2009\/03\/de_bona_oscar-leggerissima.jpg\" alt=\"\" width=\"90\" height=\"77\" \/><\/a>Il sistema di informazione turistica sulla viabilit\u00e0 regionale sar\u00e0 completato con la realizzazione di 10 installazioni capaci di trasmettere in tempo reale la situazione del traffico in altrettanti punti nodali del Veneto. Di queste postazioni collegate con il sito <a href=\"http:\/\/www.veneto.to\">www.veneto.to<\/a> due saranno posizionate in provincia di Belluno: una all\u2019incrocio della strada statale Alemagna 51 e 51 bis a Tai di Cadore, l\u2019altra al Mas di Sedico dove si congiungono le strade regionali 203 e 204. L\u2019iniziativa rientra nel progetto denominato \u201cSmitcam\u201d (dal Smit, Sistema per il Monitoraggio Integrato del Traffico) elaborato dalla Regione attraverso Veneto Strade allo scopo di incentivare l\u2019attrazione turistica nel nostro territorio regionale, grazie anche alla novit\u00e0 rappresentata dal passante di Mestre.\u00a0 L\u2019assessore Oscar De Bona ha espresso soddisfazione per questo provvedimento approvato marted\u00ec\u00a0 (7 luglio) dalla giunta veneta &#8211; la quale ha avuto un occhio di riguardo per la difficile viabilit\u00e0 bellunese &#8211; su proposta del vice presidente Franco Manzato d\u2019intesa con l\u2019assessore Renato Chisso\u00a0 \u00abI colleghi assessori al Turismo e alla Mobilit\u00e0 \u2013 ha commentato De Bona \u2013 hanno compreso appieno quali sono i punti neri maggiormente problematici delle strade della nostra provincia, specialmente nei periodi di punta per il turismo. Con questo nuovo sistema di comunicazione e informazione l\u2019utente potr\u00e0 cliccare sulla postazione scelta visualizzando le immagini webcam e quindi osservare in tempo reale lo stato del traffico nella localit\u00e0 ma anche controllare il valore di pressione in millibar, sia attuale che storico delle ultime ore, in modo da valutare la situazione meteorologica. Ci\u00f2 costituisce un plus tecnologico particolarmente gradito soprattutto dal turista del Nord Europa. Inoltre le descrizioni sono in multilingua. Dal canto suo la struttura regionale\u00a0 che gestisce il portale ha la possibilit\u00e0 di conoscere i dati degli accessi in ogni postazione e pertanto comprendere il grado d\u2019interesse manifestato dall\u2019utenza\u00bb. Il progetto comprende altre 6 postazioni in provincia di Venezia (Stra, Bibione, Jesolo, Ponte della Libert\u00e0, Ball\u00f2 di Mirano e incrocio Treviso mare \u2013 Triestina), una a Silea di Treviso e una sul Garda tra Lazise e Bardolino. Ogni installazione, attiva 24 ore su 24 e 365 giorni all\u2019anno, \u00e8 dotata di due webcam indipendenti che possono essere indirizzate in due direzioni opposte. L\u2019aggiornamento delle immagini arriva anche a soli pochi minuti di distanza l\u2019una dall\u2019altra, offrendo cos\u00ec un quadro sempre attuale della situazione. Per la realizzazione dell\u2019opera \u00e8 stata incaricata Veneto Strade a cui competer\u00e0 provvedere all\u2019installazione completa delle postazioni. Il contributo concesso \u00e8 di 80 mila euro.<\/p>","protected":false},"excerpt":{"rendered":"<p>Il sistema di informazione turistica sulla viabilit\u00e0 regionale sar\u00e0 completato con la realizzazione di 10 installazioni capaci di trasmettere in tempo reale la situazione del traffico in altrettanti punti nodali del Veneto. Di queste postazioni collegate con il sito www.veneto.to due saranno posizionate in provincia di Belluno: una all\u2019incrocio della strada statale Alemagna 51 e [&hellip;]<\/p>\n","protected":false},"author":2,"featured_media":0,"comment_status":"closed","ping_status":"open","sticky":false,"template":"","format":"standard","meta":{"footnotes":""},"categories":[5,26],"tags":[139,151],"class_list":["post-5757","post","type-post","status-publish","format-standard","category-cronaca","category-prima-pagina","tag-belluno","tag-cadore"],"yoast_head":"<!-- This site is optimized with the Yoast SEO plugin v28.4 - https:\/\/yoast.com\/product\/yoast-seo-wordpress\/ -->\n<title>Dagli incroci di Tai e Mas le immagini del traffico in tempo reale - Bellunopress - Dolomiti<\/title>\n<meta name=\"robots\" content=\"index, follow, max-snippet:-1, max-image-preview:large, max-video-preview:-1\" \/>\n<link rel=\"canonical\" href=\"https:\/\/www.bellunopress.it\/fr\/2009\/07\/09\/dagli-incroci-di-tai-e-mas-le-immagini-del-traffico-in-tempo-reale\/\" \/>\n<meta property=\"og:locale\" content=\"fr_FR\" \/>\n<meta property=\"og:type\" content=\"article\" \/>\n<meta property=\"og:title\" content=\"Dagli incroci di Tai e Mas le immagini del traffico in tempo reale - Bellunopress - Dolomiti\" \/>\n<meta property=\"og:description\" content=\"Il sistema di informazione turistica sulla viabilit\u00e0 regionale sar\u00e0 completato con la realizzazione di 10 installazioni capaci di trasmettere in tempo reale la situazione del traffico in altrettanti punti nodali del Veneto. Di queste postazioni collegate con il sito www.veneto.to due saranno posizionate in provincia di Belluno: una all\u2019incrocio della strada statale Alemagna 51 e [&hellip;]\" \/>\n<meta property=\"og:url\" content=\"https:\/\/www.bellunopress.it\/fr\/2009\/07\/09\/dagli-incroci-di-tai-e-mas-le-immagini-del-traffico-in-tempo-reale\/\" \/>\n<meta property=\"og:site_name\" content=\"Bellunopress - Dolomiti\" \/>\n<meta property=\"article:publisher\" content=\"https:\/\/www.facebook.com\/profile.php?id=100008943462799\" \/>\n<meta property=\"article:published_time\" content=\"2009-07-09T10:36:57+00:00\" \/>\n<meta property=\"article:modified_time\" content=\"2009-07-09T12:03:03+00:00\" \/>\n<meta property=\"og:image\" content=\"http:\/\/www.bellunopress.it\/wp-content\/uploads\/2009\/03\/de_bona_oscar-leggerissima.jpg\" \/>\n<meta name=\"author\" content=\"redazione\" \/>\n<meta name=\"twitter:card\" content=\"summary_large_image\" \/>\n<meta name=\"twitter:creator\" content=\"@bellunopress\" \/>\n<meta name=\"twitter:site\" content=\"@bellunopress\" \/>\n<meta name=\"twitter:label1\" content=\"\u00c9crit par\" \/>\n\t<meta name=\"twitter:data1\" content=\"redazione\" \/>\n\t<meta name=\"twitter:label2\" content=\"Dur\u00e9e de lecture estim\u00e9e\" \/>\n\t<meta name=\"twitter:data2\" content=\"2 minutes\" \/>\n<script type=\"application\/ld+json\" class=\"yoast-schema-graph\">{\"@context\":\"https:\\\/\\\/schema.org\",\"@graph\":[{\"@type\":\"Article\",\"@id\":\"https:\\\/\\\/www.bellunopress.it\\\/2009\\\/07\\\/09\\\/dagli-incroci-di-tai-e-mas-le-immagini-del-traffico-in-tempo-reale\\\/#article\",\"isPartOf\":{\"@id\":\"https:\\\/\\\/www.bellunopress.it\\\/2009\\\/07\\\/09\\\/dagli-incroci-di-tai-e-mas-le-immagini-del-traffico-in-tempo-reale\\\/\"},\"author\":{\"name\":\"redazione\",\"@id\":\"https:\\\/\\\/www.bellunopress.it\\\/#\\\/schema\\\/person\\\/79bb06722b37ece1c03d3e94beb30d73\"},\"headline\":\"Dagli incroci di Tai e Mas le immagini del traffico in tempo reale\",\"datePublished\":\"2009-07-09T10:36:57+00:00\",\"dateModified\":\"2009-07-09T12:03:03+00:00\",\"mainEntityOfPage\":{\"@id\":\"https:\\\/\\\/www.bellunopress.it\\\/2009\\\/07\\\/09\\\/dagli-incroci-di-tai-e-mas-le-immagini-del-traffico-in-tempo-reale\\\/\"},\"wordCount\":421,\"publisher\":{\"@id\":\"https:\\\/\\\/www.bellunopress.it\\\/#organization\"},\"image\":{\"@id\":\"https:\\\/\\\/www.bellunopress.it\\\/2009\\\/07\\\/09\\\/dagli-incroci-di-tai-e-mas-le-immagini-del-traffico-in-tempo-reale\\\/#primaryimage\"},\"thumbnailUrl\":\"http:\\\/\\\/www.bellunopress.it\\\/wp-content\\\/uploads\\\/2009\\\/03\\\/de_bona_oscar-leggerissima.jpg\",\"keywords\":[\"Belluno\",\"Cadore\"],\"articleSection\":[\"Cronaca\\\/Politica\",\"Prima Pagina\"],\"inLanguage\":\"fr-FR\"},{\"@type\":\"WebPage\",\"@id\":\"https:\\\/\\\/www.bellunopress.it\\\/2009\\\/07\\\/09\\\/dagli-incroci-di-tai-e-mas-le-immagini-del-traffico-in-tempo-reale\\\/\",\"url\":\"https:\\\/\\\/www.bellunopress.it\\\/2009\\\/07\\\/09\\\/dagli-incroci-di-tai-e-mas-le-immagini-del-traffico-in-tempo-reale\\\/\",\"name\":\"Dagli incroci di Tai e Mas le immagini del traffico in tempo reale - Bellunopress - Dolomiti\",\"isPartOf\":{\"@id\":\"https:\\\/\\\/www.bellunopress.it\\\/#website\"},\"primaryImageOfPage\":{\"@id\":\"https:\\\/\\\/www.bellunopress.it\\\/2009\\\/07\\\/09\\\/dagli-incroci-di-tai-e-mas-le-immagini-del-traffico-in-tempo-reale\\\/#primaryimage\"},\"image\":{\"@id\":\"https:\\\/\\\/www.bellunopress.it\\\/2009\\\/07\\\/09\\\/dagli-incroci-di-tai-e-mas-le-immagini-del-traffico-in-tempo-reale\\\/#primaryimage\"},\"thumbnailUrl\":\"http:\\\/\\\/www.bellunopress.it\\\/wp-content\\\/uploads\\\/2009\\\/03\\\/de_bona_oscar-leggerissima.jpg\",\"datePublished\":\"2009-07-09T10:36:57+00:00\",\"dateModified\":\"2009-07-09T12:03:03+00:00\",\"breadcrumb\":{\"@id\":\"https:\\\/\\\/www.bellunopress.it\\\/2009\\\/07\\\/09\\\/dagli-incroci-di-tai-e-mas-le-immagini-del-traffico-in-tempo-reale\\\/#breadcrumb\"},\"inLanguage\":\"fr-FR\",\"potentialAction\":[{\"@type\":\"ReadAction\",\"target\":[\"https:\\\/\\\/www.bellunopress.it\\\/2009\\\/07\\\/09\\\/dagli-incroci-di-tai-e-mas-le-immagini-del-traffico-in-tempo-reale\\\/\"]}]},{\"@type\":\"ImageObject\",\"inLanguage\":\"fr-FR\",\"@id\":\"https:\\\/\\\/www.bellunopress.it\\\/2009\\\/07\\\/09\\\/dagli-incroci-di-tai-e-mas-le-immagini-del-traffico-in-tempo-reale\\\/#primaryimage\",\"url\":\"http:\\\/\\\/www.bellunopress.it\\\/wp-content\\\/uploads\\\/2009\\\/03\\\/de_bona_oscar-leggerissima.jpg\",\"contentUrl\":\"http:\\\/\\\/www.bellunopress.it\\\/wp-content\\\/uploads\\\/2009\\\/03\\\/de_bona_oscar-leggerissima.jpg\"},{\"@type\":\"BreadcrumbList\",\"@id\":\"https:\\\/\\\/www.bellunopress.it\\\/2009\\\/07\\\/09\\\/dagli-incroci-di-tai-e-mas-le-immagini-del-traffico-in-tempo-reale\\\/#breadcrumb\",\"itemListElement\":[{\"@type\":\"ListItem\",\"position\":1,\"name\":\"Home\",\"item\":\"https:\\\/\\\/www.bellunopress.it\\\/\"},{\"@type\":\"ListItem\",\"position\":2,\"name\":\"Dagli incroci di Tai e Mas le immagini del traffico in tempo reale\"}]},{\"@type\":\"WebSite\",\"@id\":\"https:\\\/\\\/www.bellunopress.it\\\/#website\",\"url\":\"https:\\\/\\\/www.bellunopress.it\\\/\",\"name\":\"Bellunopress - Dolomiti\",\"description\":\"e-mail: redazione@bellunopress.it\",\"publisher\":{\"@id\":\"https:\\\/\\\/www.bellunopress.it\\\/#organization\"},\"potentialAction\":[{\"@type\":\"SearchAction\",\"target\":{\"@type\":\"EntryPoint\",\"urlTemplate\":\"https:\\\/\\\/www.bellunopress.it\\\/?s={search_term_string}\"},\"query-input\":{\"@type\":\"PropertyValueSpecification\",\"valueRequired\":true,\"valueName\":\"search_term_string\"}}],\"inLanguage\":\"fr-FR\"},{\"@type\":\"Organization\",\"@id\":\"https:\\\/\\\/www.bellunopress.it\\\/#organization\",\"name\":\"Bellunopress\",\"url\":\"https:\\\/\\\/www.bellunopress.it\\\/\",\"logo\":{\"@type\":\"ImageObject\",\"inLanguage\":\"fr-FR\",\"@id\":\"https:\\\/\\\/www.bellunopress.it\\\/#\\\/schema\\\/logo\\\/image\\\/\",\"url\":\"https:\\\/\\\/www.bellunopress.it\\\/wp-content\\\/uploads\\\/2011\\\/05\\\/cropped-logo-bellunopress-.jpg\",\"contentUrl\":\"https:\\\/\\\/www.bellunopress.it\\\/wp-content\\\/uploads\\\/2011\\\/05\\\/cropped-logo-bellunopress-.jpg\",\"width\":512,\"height\":512,\"caption\":\"Bellunopress\"},\"image\":{\"@id\":\"https:\\\/\\\/www.bellunopress.it\\\/#\\\/schema\\\/logo\\\/image\\\/\"},\"sameAs\":[\"https:\\\/\\\/www.facebook.com\\\/profile.php?id=100008943462799\",\"https:\\\/\\\/x.com\\\/bellunopress\",\"https:\\\/\\\/www.linkedin.com\\\/hp\\\/?dnr=JBzUWaJfMUw8vbXJJ2tVW5-I3jZKvC4wsoxE&amp;amp;amp;amp;amp;amp;trk=nav_responsive_tab_home\",\"https:\\\/\\\/www.youtube.com\\\/channel\\\/UCxL0wu1uN0_3_7hGG0306cw\"]},{\"@type\":\"Person\",\"@id\":\"https:\\\/\\\/www.bellunopress.it\\\/#\\\/schema\\\/person\\\/79bb06722b37ece1c03d3e94beb30d73\",\"name\":\"redazione\",\"image\":{\"@type\":\"ImageObject\",\"inLanguage\":\"fr-FR\",\"@id\":\"https:\\\/\\\/secure.gravatar.com\\\/avatar\\\/37d968a2e67a6fd04c169c4bdef102d0bc5d31b2546345219e348575eb80e9a0?s=96&d=mm&r=g\",\"url\":\"https:\\\/\\\/secure.gravatar.com\\\/avatar\\\/37d968a2e67a6fd04c169c4bdef102d0bc5d31b2546345219e348575eb80e9a0?s=96&d=mm&r=g\",\"contentUrl\":\"https:\\\/\\\/secure.gravatar.com\\\/avatar\\\/37d968a2e67a6fd04c169c4bdef102d0bc5d31b2546345219e348575eb80e9a0?s=96&d=mm&r=g\",\"caption\":\"redazione\"},\"sameAs\":[\"http:\\\/\\\/www.bellunopress.it\",\"https:\\\/\\\/x.com\\\/bellunopress\"],\"url\":\"https:\\\/\\\/www.bellunopress.it\\\/fr\\\/author\\\/redazione\\\/\"}]}<\/script>\n<!-- \/ Yoast SEO plugin. -->","yoast_head_json":{"title":"Dagli incroci di Tai e Mas le immagini del traffico in tempo reale - Bellunopress - Dolomiti","robots":{"index":"index","follow":"follow","max-snippet":"max-snippet:-1","max-image-preview":"max-image-preview:large","max-video-preview":"max-video-preview:-1"},"canonical":"https:\/\/www.bellunopress.it\/fr\/2009\/07\/09\/dagli-incroci-di-tai-e-mas-le-immagini-del-traffico-in-tempo-reale\/","og_locale":"fr_FR","og_type":"article","og_title":"Dagli incroci di Tai e Mas le immagini del traffico in tempo reale - Bellunopress - Dolomiti","og_description":"Il sistema di informazione turistica sulla viabilit\u00e0 regionale sar\u00e0 completato con la realizzazione di 10 installazioni capaci di trasmettere in tempo reale la situazione del traffico in altrettanti punti nodali del Veneto. Di queste postazioni collegate con il sito www.veneto.to due saranno posizionate in provincia di Belluno: una all\u2019incrocio della strada statale Alemagna 51 e [&hellip;]","og_url":"https:\/\/www.bellunopress.it\/fr\/2009\/07\/09\/dagli-incroci-di-tai-e-mas-le-immagini-del-traffico-in-tempo-reale\/","og_site_name":"Bellunopress - Dolomiti","article_publisher":"https:\/\/www.facebook.com\/profile.php?id=100008943462799","article_published_time":"2009-07-09T10:36:57+00:00","article_modified_time":"2009-07-09T12:03:03+00:00","og_image":[{"url":"http:\/\/www.bellunopress.it\/wp-content\/uploads\/2009\/03\/de_bona_oscar-leggerissima.jpg","type":"","width":"","height":""}],"author":"redazione","twitter_card":"summary_large_image","twitter_creator":"@bellunopress","twitter_site":"@bellunopress","twitter_misc":{"\u00c9crit par":"redazione","Dur\u00e9e de lecture estim\u00e9e":"2 minutes"},"schema":{"@context":"https:\/\/schema.org","@graph":[{"@type":"Article","@id":"https:\/\/www.bellunopress.it\/2009\/07\/09\/dagli-incroci-di-tai-e-mas-le-immagini-del-traffico-in-tempo-reale\/#article","isPartOf":{"@id":"https:\/\/www.bellunopress.it\/2009\/07\/09\/dagli-incroci-di-tai-e-mas-le-immagini-del-traffico-in-tempo-reale\/"},"author":{"name":"redazione","@id":"https:\/\/www.bellunopress.it\/#\/schema\/person\/79bb06722b37ece1c03d3e94beb30d73"},"headline":"Dagli incroci di Tai e Mas le immagini del traffico in tempo reale","datePublished":"2009-07-09T10:36:57+00:00","dateModified":"2009-07-09T12:03:03+00:00","mainEntityOfPage":{"@id":"https:\/\/www.bellunopress.it\/2009\/07\/09\/dagli-incroci-di-tai-e-mas-le-immagini-del-traffico-in-tempo-reale\/"},"wordCount":421,"publisher":{"@id":"https:\/\/www.bellunopress.it\/#organization"},"image":{"@id":"https:\/\/www.bellunopress.it\/2009\/07\/09\/dagli-incroci-di-tai-e-mas-le-immagini-del-traffico-in-tempo-reale\/#primaryimage"},"thumbnailUrl":"http:\/\/www.bellunopress.it\/wp-content\/uploads\/2009\/03\/de_bona_oscar-leggerissima.jpg","keywords":["Belluno","Cadore"],"articleSection":["Cronaca\/Politica","Prima Pagina"],"inLanguage":"fr-FR"},{"@type":"WebPage","@id":"https:\/\/www.bellunopress.it\/2009\/07\/09\/dagli-incroci-di-tai-e-mas-le-immagini-del-traffico-in-tempo-reale\/","url":"https:\/\/www.bellunopress.it\/2009\/07\/09\/dagli-incroci-di-tai-e-mas-le-immagini-del-traffico-in-tempo-reale\/","name":"Dagli incroci di Tai e Mas le immagini del traffico in tempo reale - Bellunopress - Dolomiti","isPartOf":{"@id":"https:\/\/www.bellunopress.it\/#website"},"primaryImageOfPage":{"@id":"https:\/\/www.bellunopress.it\/2009\/07\/09\/dagli-incroci-di-tai-e-mas-le-immagini-del-traffico-in-tempo-reale\/#primaryimage"},"image":{"@id":"https:\/\/www.bellunopress.it\/2009\/07\/09\/dagli-incroci-di-tai-e-mas-le-immagini-del-traffico-in-tempo-reale\/#primaryimage"},"thumbnailUrl":"http:\/\/www.bellunopress.it\/wp-content\/uploads\/2009\/03\/de_bona_oscar-leggerissima.jpg","datePublished":"2009-07-09T10:36:57+00:00","dateModified":"2009-07-09T12:03:03+00:00","breadcrumb":{"@id":"https:\/\/www.bellunopress.it\/2009\/07\/09\/dagli-incroci-di-tai-e-mas-le-immagini-del-traffico-in-tempo-reale\/#breadcrumb"},"inLanguage":"fr-FR","potentialAction":[{"@type":"ReadAction","target":["https:\/\/www.bellunopress.it\/2009\/07\/09\/dagli-incroci-di-tai-e-mas-le-immagini-del-traffico-in-tempo-reale\/"]}]},{"@type":"ImageObject","inLanguage":"fr-FR","@id":"https:\/\/www.bellunopress.it\/2009\/07\/09\/dagli-incroci-di-tai-e-mas-le-immagini-del-traffico-in-tempo-reale\/#primaryimage","url":"http:\/\/www.bellunopress.it\/wp-content\/uploads\/2009\/03\/de_bona_oscar-leggerissima.jpg","contentUrl":"http:\/\/www.bellunopress.it\/wp-content\/uploads\/2009\/03\/de_bona_oscar-leggerissima.jpg"},{"@type":"BreadcrumbList","@id":"https:\/\/www.bellunopress.it\/2009\/07\/09\/dagli-incroci-di-tai-e-mas-le-immagini-del-traffico-in-tempo-reale\/#breadcrumb","itemListElement":[{"@type":"ListItem","position":1,"name":"Home","item":"https:\/\/www.bellunopress.it\/"},{"@type":"ListItem","position":2,"name":"Dagli incroci di Tai e Mas le immagini del traffico in tempo reale"}]},{"@type":"WebSite","@id":"https:\/\/www.bellunopress.it\/#website","url":"https:\/\/www.bellunopress.it\/","name":"Bellunopress - Dolomiti","description":"e-mail: redazione@bellunopress.it","publisher":{"@id":"https:\/\/www.bellunopress.it\/#organization"},"potentialAction":[{"@type":"SearchAction","target":{"@type":"EntryPoint","urlTemplate":"https:\/\/www.bellunopress.it\/?s={search_term_string}"},"query-input":{"@type":"PropertyValueSpecification","valueRequired":true,"valueName":"search_term_string"}}],"inLanguage":"fr-FR"},{"@type":"Organization","@id":"https:\/\/www.bellunopress.it\/#organization","name":"Bellunopress","url":"https:\/\/www.bellunopress.it\/","logo":{"@type":"ImageObject","inLanguage":"fr-FR","@id":"https:\/\/www.bellunopress.it\/#\/schema\/logo\/image\/","url":"https:\/\/www.bellunopress.it\/wp-content\/uploads\/2011\/05\/cropped-logo-bellunopress-.jpg","contentUrl":"https:\/\/www.bellunopress.it\/wp-content\/uploads\/2011\/05\/cropped-logo-bellunopress-.jpg","width":512,"height":512,"caption":"Bellunopress"},"image":{"@id":"https:\/\/www.bellunopress.it\/#\/schema\/logo\/image\/"},"sameAs":["https:\/\/www.facebook.com\/profile.php?id=100008943462799","https:\/\/x.com\/bellunopress","https:\/\/www.linkedin.com\/hp\/?dnr=JBzUWaJfMUw8vbXJJ2tVW5-I3jZKvC4wsoxE&amp;amp;amp;amp;amp;amp;trk=nav_responsive_tab_home","https:\/\/www.youtube.com\/channel\/UCxL0wu1uN0_3_7hGG0306cw"]},{"@type":"Person","@id":"https:\/\/www.bellunopress.it\/#\/schema\/person\/79bb06722b37ece1c03d3e94beb30d73","name":"r\u00e9daction","image":{"@type":"ImageObject","inLanguage":"fr-FR","@id":"https:\/\/secure.gravatar.com\/avatar\/37d968a2e67a6fd04c169c4bdef102d0bc5d31b2546345219e348575eb80e9a0?s=96&d=mm&r=g","url":"https:\/\/secure.gravatar.com\/avatar\/37d968a2e67a6fd04c169c4bdef102d0bc5d31b2546345219e348575eb80e9a0?s=96&d=mm&r=g","contentUrl":"https:\/\/secure.gravatar.com\/avatar\/37d968a2e67a6fd04c169c4bdef102d0bc5d31b2546345219e348575eb80e9a0?s=96&d=mm&r=g","caption":"redazione"},"sameAs":["http:\/\/www.bellunopress.it","https:\/\/x.com\/bellunopress"],"url":"https:\/\/www.bellunopress.it\/fr\/author\/redazione\/"}]}},"_links":{"self":[{"href":"https:\/\/www.bellunopress.it\/fr\/wp-json\/wp\/v2\/posts\/5757","targetHints":{"allow":["GET"]}}],"collection":[{"href":"https:\/\/www.bellunopress.it\/fr\/wp-json\/wp\/v2\/posts"}],"about":[{"href":"https:\/\/www.bellunopress.it\/fr\/wp-json\/wp\/v2\/types\/post"}],"author":[{"embeddable":true,"href":"https:\/\/www.bellunopress.it\/fr\/wp-json\/wp\/v2\/users\/2"}],"replies":[{"embeddable":true,"href":"https:\/\/www.bellunopress.it\/fr\/wp-json\/wp\/v2\/comments?post=5757"}],"version-history":[{"count":2,"href":"https:\/\/www.bellunopress.it\/fr\/wp-json\/wp\/v2\/posts\/5757\/revisions"}],"predecessor-version":[{"id":5774,"href":"https:\/\/www.bellunopress.it\/fr\/wp-json\/wp\/v2\/posts\/5757\/revisions\/5774"}],"wp:attachment":[{"href":"https:\/\/www.bellunopress.it\/fr\/wp-json\/wp\/v2\/media?parent=5757"}],"wp:term":[{"taxonomy":"category","embeddable":true,"href":"https:\/\/www.bellunopress.it\/fr\/wp-json\/wp\/v2\/categories?post=5757"},{"taxonomy":"post_tag","embeddable":true,"href":"https:\/\/www.bellunopress.it\/fr\/wp-json\/wp\/v2\/tags?post=5757"}],"curies":[{"name":"wp","href":"https:\/\/api.w.org\/{rel}","templated":true}]}}